{"id":73613,"date":"2020-07-17T13:20:13","date_gmt":"2020-07-17T16:20:13","guid":{"rendered":"https:\/\/www.suno.com.br\/noticias\/?p=73613"},"modified":"2020-07-17T13:20:13","modified_gmt":"2020-07-17T16:20:13","slug":"gerdau-nova-divisao-gerenciar-novos-negocios-gerdau-next","status":"publish","type":"post","link":"https:\/\/www.suno.com.br\/noticias\/gerdau-nova-divisao-gerenciar-novos-negocios-gerdau-next\/","title":{"rendered":"Gerdau (GGBR4) cria nova divis\u00e3o para gerenciar novos neg\u00f3cios, a Gerdau Next"},"content":{"rendered":"<p>A <a href=\"https:\/\/www.suno.com.br\/acoes\/ggbr4\/\"><strong>Gerdau<\/strong> (GGBR4)<\/a> criou uma nova divis\u00e3o de neg\u00f3cios que ficar\u00e1 respons\u00e1vel por produzir e otimizar novos neg\u00f3cios ligados \u00e0 produ\u00e7\u00e3o de a\u00e7o. A unidade de novos neg\u00f3cios da empresa \u00e9 denominada Gerdau Next. As informa\u00e7\u00f5es s\u00e3o do jornal &#8220;Valor econ\u00f4mico&#8221; e foram publicadas\u00a0 nesta sexta-feira (17).<\/p>\t<div class=\"wrapper-featured-image\">\n\t\t<figure class=\"spotlightImg\">\n\n\t\t\t<picture>\n\t\t\t\t<source media=\"(max-width: 768px)\" srcset=\"https:\/\/files.sunoresearch.com.br\/n\/uploads\/2020\/03\/711975c6-gerdau-400x200.webp\">\n\t\t\t\t<img loading=\"lazy\" decoding=\"async\" class=\"newsContent__article__imgCapa lazyloadDisabled newsContent__article__imgCapa--noCaption\" src=\"https:\/\/files.sunoresearch.com.br\/n\/uploads\/2020\/03\/711975c6-gerdau-800x450.webp\" width=\"800\" height=\"450\" alt=\"Gerdau (GGBR4) cria nova divis\u00e3o para gerenciar novos neg\u00f3cios, a Gerdau Next\" fetchpriority=high \/>\n\t\t\t<\/picture>\n\n\t\t\t<figcaption class=\"wp-caption-text wp-caption-text--hide\">Gerdau. Foto: divulga\u00e7\u00e3o<\/figcaption>\n\t\t<\/figure>\n\t<\/div>\n\n\n\n<p>A empresa, entretanto, permanecer\u00e1 tendo a produ\u00e7\u00e3o de a\u00e7o como seu principal neg\u00f3cio. A inten\u00e7\u00e3o do grupo com a Gerdau Next \u00e9 aumentar e agilizar os processos nos novos neg\u00f3cios que o grupo vem criando. A meta da Gerdau Next \u00e9 ser respons\u00e1vel por 20% das receitas da Gerdau com neg\u00f3cios relacionados ao a\u00e7o e outras atividades. O prazo final para que isso aconte\u00e7a, de acordo com o jornal, \u00e9 o ano de 2030.<\/p>\n<p>O grupo contratou Juliano Prado para comandar a Gerdau Next. Ele exercer\u00e1 a fun\u00e7\u00e3o de vice-presidente da Gerdau. Prado j\u00e1 trabalhou em outras grandes institui\u00e7\u00f5es como na Cosan, onde foi diretor executivo, na Ra\u00edzen, em que possu\u00eda o cargo de executivo chefe de opera\u00e7\u00e3o, e na Shell.<\/p>\n<p><a href=\"https:\/\/lp.suno.com.br\/suno-one\/\">No Suno One voc\u00ea aprende a fazer seu dinheiro trabalhar para voc\u00ea. Cadastre-se gratuitamente agora!<\/a><\/p>\n<p>O executivo \u00e9 formado em engenharia de produ\u00e7\u00e3o pela Universidade Federal do Rio de Janeiro. Prado possui MBA pela Coppead, al\u00e9m de outros cursos na \u00e1rea de neg\u00f3cios na London Business School (Inglaterra) e no Instituto de Tecnologia de Massachussetts (EUA).<\/p>\n<p>Como parte de neg\u00f3cios adjacentes a produ\u00e7\u00e3o de a\u00e7o, a Gerdau j\u00e1 possui em opera\u00e7\u00e3o a G2Base, que \u00e9 uma empresa criada pelo grupo voltada a atividades de funda\u00e7\u00f5es em empreendimentos e a G2L, que \u00e9 outra companhia que pertence ao grupo, com especializa\u00e7\u00e3o em log\u00edstica digital. O grupo tamb\u00e9m conta com o canal de venda de materiais de constru\u00e7\u00e3o online &#8220;Juntos Somos Mais.<\/p>\n<h2>Gerdau e coronav\u00edrus<\/h2>\n<p>A <strong>Gerdau<\/strong> informou recentemente que est\u00e1 seguindo todas as orienta\u00e7\u00f5es de preven\u00e7\u00e3o, divulgadas pelos \u00f3rg\u00e3os de sa\u00fade competentes nos pa\u00edses em que opera, relacionadas ao coronav\u00edrus (Covid-19). Dessa forma, a companhia diversas medidas para diminuir o risco de transmiss\u00e3o nos locais de trabalho, como a recomenda\u00e7\u00e3o de home office, cria\u00e7\u00e3o de comit\u00eas de crise e o cancelamento de viagens nacionais e internacionais e a participa\u00e7\u00e3o em eventos externos.<\/p>\n\n","protected":false},"excerpt":{"rendered":"<p>A Gerdau (GGBR4) criou uma nova divis\u00e3o de neg\u00f3cios que ficar\u00e1 respons\u00e1vel por produzir e otimizar novos neg\u00f3cios ligados \u00e0 produ\u00e7\u00e3o de a\u00e7o. A unidade de novos neg\u00f3cios da empresa \u00e9 denominada Gerdau Next. As informa\u00e7\u00f5es s\u00e3o do jornal &#8220;Valor econ\u00f4mico&#8221; e foram publicadas\u00a0 nesta sexta-feira (17). Gerdau. Foto: divulga\u00e7\u00e3o A empresa, entretanto, permanecer\u00e1 tendo [&hellip;]<\/p>\n","protected":false},"author":19,"featured_media":58491,"comment_status":"closed","ping_status":"closed","sticky":false,"template":"","format":"standard","meta":[],"categories":[64],"tags":[488],"suno_strategy":[],"class_list":["post-73613","post","type-post","status-publish","format-standard","has-post-thumbnail","hentry","category-negocios","tag-gerdau-ggbr3-ggbr4"],"yoast_head":"<!-- This site is optimized with the Yoast SEO plugin v24.4 - https:\/\/yoast.com\/wordpress\/plugins\/seo\/ -->\n<title>Gerdau (GGBR4) cria nova divis\u00e3o de neg\u00f3cios, a Gerdau Next<\/title>\n<meta name=\"description\" content=\"A Gerdau (GGBR4) criou uma nova divis\u00e3o de neg\u00f3cios que ficar\u00e1 respons\u00e1vel por produzir e otimizar novos neg\u00f3cios ligados \u00e0 produ\u00e7\u00e3o de a\u00e7o.\" \/>\n<meta name=\"robots\" content=\"index, follow, max-snippet:-1, max-image-preview:large, max-video-preview:-1\" \/>\n<link rel=\"canonical\" href=\"https:\/\/www.suno.com.br\/noticias\/gerdau-nova-divisao-gerenciar-novos-negocios-gerdau-next\/\" \/>\n<meta property=\"og:locale\" content=\"pt_BR\" \/>\n<meta property=\"og:type\" content=\"article\" \/>\n<meta property=\"og:title\" content=\"Gerdau (GGBR4) cria nova divis\u00e3o de neg\u00f3cios, a Gerdau Next\" \/>\n<meta property=\"og:description\" content=\"A Gerdau (GGBR4) criou uma nova divis\u00e3o de neg\u00f3cios que ficar\u00e1 respons\u00e1vel por produzir e otimizar novos neg\u00f3cios ligados \u00e0 produ\u00e7\u00e3o de a\u00e7o.\" \/>\n<meta property=\"og:url\" content=\"https:\/\/www.suno.com.br\/noticias\/gerdau-nova-divisao-gerenciar-novos-negocios-gerdau-next\/\" \/>\n<meta property=\"og:site_name\" content=\"Suno Not\u00edcias\" \/>\n<meta property=\"article:publisher\" content=\"https:\/\/facebook.com\/sunoresearch\" \/>\n<meta property=\"og:image\" content=\"https:\/\/files.sunoresearch.com.br\/n\/uploads\/2020\/03\/711975c6-gerdau.jpg\" \/>\n\t<meta property=\"og:image:width\" content=\"943\" \/>\n\t<meta property=\"og:image:height\" content=\"500\" \/>\n\t<meta property=\"og:image:type\" content=\"image\/jpeg\" \/>\n<meta name=\"author\" content=\"Juliano Passaro\" \/>\n<meta name=\"twitter:card\" content=\"summary_large_image\" \/>\n<meta name=\"twitter:creator\" content=\"@sunoresearch\" \/>\n<meta name=\"twitter:site\" content=\"@sunoresearch\" \/>\n<meta name=\"twitter:label1\" content=\"Escrito por\" \/>\n\t<meta name=\"twitter:data1\" content=\"Juliano Passaro\" \/>\n\t<meta name=\"twitter:label2\" content=\"Est. tempo de leitura\" \/>\n\t<meta name=\"twitter:data2\" content=\"2 minutos\" \/>\n<script type=\"application\/ld+json\" class=\"yoast-schema-graph\">{\"@context\":\"https:\/\/schema.org\",\"@graph\":[{\"@type\":\"NewsArticle\",\"@id\":\"https:\/\/www.suno.com.br\/noticias\/gerdau-nova-divisao-gerenciar-novos-negocios-gerdau-next\/#article\",\"isPartOf\":{\"@id\":\"https:\/\/www.suno.com.br\/noticias\/gerdau-nova-divisao-gerenciar-novos-negocios-gerdau-next\/\"},\"author\":{\"name\":\"Juliano Passaro\",\"@id\":\"https:\/\/www.suno.com.br\/noticias\/#\/schema\/person\/1db762f78ffd8919a648a63e425953e3\"},\"headline\":\"Gerdau (GGBR4) cria nova divis\u00e3o para gerenciar novos neg\u00f3cios, a Gerdau Next\",\"datePublished\":\"2020-07-17T16:20:13+00:00\",\"mainEntityOfPage\":{\"@id\":\"https:\/\/www.suno.com.br\/noticias\/gerdau-nova-divisao-gerenciar-novos-negocios-gerdau-next\/\"},\"wordCount\":420,\"publisher\":{\"@id\":\"https:\/\/www.suno.com.br\/noticias\/#organization\"},\"image\":{\"@id\":\"https:\/\/www.suno.com.br\/noticias\/gerdau-nova-divisao-gerenciar-novos-negocios-gerdau-next\/#primaryimage\"},\"thumbnailUrl\":\"https:\/\/files.sunoresearch.com.br\/n\/uploads\/2020\/03\/711975c6-gerdau-jpg.webp\",\"keywords\":[\"Gerdau (GGBR3\/GGBR4)\"],\"articleSection\":[\"Neg\u00f3cios\"],\"inLanguage\":\"pt-BR\"},{\"@type\":\"WebPage\",\"@id\":\"https:\/\/www.suno.com.br\/noticias\/gerdau-nova-divisao-gerenciar-novos-negocios-gerdau-next\/\",\"url\":\"https:\/\/www.suno.com.br\/noticias\/gerdau-nova-divisao-gerenciar-novos-negocios-gerdau-next\/\",\"name\":\"Gerdau (GGBR4) cria nova divis\u00e3o de neg\u00f3cios, a Gerdau Next\",\"isPartOf\":{\"@id\":\"https:\/\/www.suno.com.br\/noticias\/#website\"},\"primaryImageOfPage\":{\"@id\":\"https:\/\/www.suno.com.br\/noticias\/gerdau-nova-divisao-gerenciar-novos-negocios-gerdau-next\/#primaryimage\"},\"image\":{\"@id\":\"https:\/\/www.suno.com.br\/noticias\/gerdau-nova-divisao-gerenciar-novos-negocios-gerdau-next\/#primaryimage\"},\"thumbnailUrl\":\"https:\/\/files.sunoresearch.com.br\/n\/uploads\/2020\/03\/711975c6-gerdau-jpg.webp\",\"datePublished\":\"2020-07-17T16:20:13+00:00\",\"description\":\"A Gerdau (GGBR4) criou uma nova divis\u00e3o de neg\u00f3cios que ficar\u00e1 respons\u00e1vel por produzir e otimizar novos neg\u00f3cios ligados \u00e0 produ\u00e7\u00e3o de a\u00e7o.\",\"breadcrumb\":{\"@id\":\"https:\/\/www.suno.com.br\/noticias\/gerdau-nova-divisao-gerenciar-novos-negocios-gerdau-next\/#breadcrumb\"},\"inLanguage\":\"pt-BR\",\"potentialAction\":[{\"@type\":\"ReadAction\",\"target\":[\"https:\/\/www.suno.com.br\/noticias\/gerdau-nova-divisao-gerenciar-novos-negocios-gerdau-next\/\"]}]},{\"@type\":\"ImageObject\",\"inLanguage\":\"pt-BR\",\"@id\":\"https:\/\/www.suno.com.br\/noticias\/gerdau-nova-divisao-gerenciar-novos-negocios-gerdau-next\/#primaryimage\",\"url\":\"https:\/\/files.sunoresearch.com.br\/n\/uploads\/2020\/03\/711975c6-gerdau-jpg.webp\",\"contentUrl\":\"https:\/\/files.sunoresearch.com.br\/n\/uploads\/2020\/03\/711975c6-gerdau-jpg.webp\",\"width\":943,\"height\":500,\"caption\":\"Gerdau. Foto: divulga\u00e7\u00e3o\"},{\"@type\":\"BreadcrumbList\",\"@id\":\"https:\/\/www.suno.com.br\/noticias\/gerdau-nova-divisao-gerenciar-novos-negocios-gerdau-next\/#breadcrumb\",\"itemListElement\":[{\"@type\":\"ListItem\",\"position\":1,\"name\":\"Not\u00edcias\",\"item\":\"https:\/\/www.suno.com.br\/noticias\/\"},{\"@type\":\"ListItem\",\"position\":2,\"name\":\"Neg\u00f3cios\",\"item\":\"https:\/\/www.suno.com.br\/noticias\/negocios\/\"},{\"@type\":\"ListItem\",\"position\":3,\"name\":\"Gerdau (GGBR4) cria nova divis\u00e3o para gerenciar novos neg\u00f3cios, a Gerdau Next\"}]},{\"@type\":\"WebSite\",\"@id\":\"https:\/\/www.suno.com.br\/noticias\/#website\",\"url\":\"https:\/\/www.suno.com.br\/noticias\/\",\"name\":\"Suno Not\u00edcias\",\"description\":\"Seu portal de informa\u00e7\u00e3o sobre o mundo dos investimentos\",\"publisher\":{\"@id\":\"https:\/\/www.suno.com.br\/noticias\/#organization\"},\"potentialAction\":[{\"@type\":\"SearchAction\",\"target\":{\"@type\":\"EntryPoint\",\"urlTemplate\":\"https:\/\/www.suno.com.br\/noticias\/?s={search_term_string}\"},\"query-input\":{\"@type\":\"PropertyValueSpecification\",\"valueRequired\":true,\"valueName\":\"search_term_string\"}}],\"inLanguage\":\"pt-BR\"},{\"@type\":\"Organization\",\"@id\":\"https:\/\/www.suno.com.br\/noticias\/#organization\",\"name\":\"Suno Not\u00edcias\",\"url\":\"https:\/\/www.suno.com.br\/noticias\/\",\"logo\":{\"@type\":\"ImageObject\",\"inLanguage\":\"pt-BR\",\"@id\":\"https:\/\/www.suno.com.br\/noticias\/#\/schema\/logo\/image\/\",\"url\":\"https:\/\/files.sunoresearch.com.br\/n\/uploads\/2021\/09\/suno-logo.png\",\"contentUrl\":\"https:\/\/files.sunoresearch.com.br\/n\/uploads\/2021\/09\/suno-logo.png\",\"width\":180,\"height\":180,\"caption\":\"Suno Not\u00edcias\"},\"image\":{\"@id\":\"https:\/\/www.suno.com.br\/noticias\/#\/schema\/logo\/image\/\"},\"sameAs\":[\"https:\/\/facebook.com\/sunoresearch\",\"https:\/\/x.com\/sunoresearch\",\"https:\/\/www.instagram.com\/suno\",\"https:\/\/www.linkedin.com\/company\/suno-research\/\",\"https:\/\/www.youtube.com\/c\/sunoresearch\"]},{\"@type\":\"Person\",\"@id\":\"https:\/\/www.suno.com.br\/noticias\/#\/schema\/person\/1db762f78ffd8919a648a63e425953e3\",\"name\":\"Juliano Passaro\",\"image\":{\"@type\":\"ImageObject\",\"inLanguage\":\"pt-BR\",\"@id\":\"https:\/\/www.suno.com.br\/noticias\/#\/schema\/person\/image\/\",\"url\":\"https:\/\/secure.gravatar.com\/avatar\/743d4df28eebf6dcc46b4ad03c319e92?s=96&r=g\",\"contentUrl\":\"https:\/\/secure.gravatar.com\/avatar\/743d4df28eebf6dcc46b4ad03c319e92?s=96&r=g\",\"caption\":\"Juliano Passaro\"},\"description\":\"Juliano Passaro escreve sobre pol\u00edtica, economia e neg\u00f3cios para o portal da Suno Research. Antes da Suno, trabalhou no Portal da Band. \u00c9 formado em jornalismo pela Universidade Presbiteriana Mackenzie.\",\"url\":\"https:\/\/www.suno.com.br\/noticias\/author\/juliano\/\"}]}<\/script>\n<!-- \/ Yoast SEO plugin. -->","yoast_head_json":{"title":"Gerdau (GGBR4) cria nova divis\u00e3o de neg\u00f3cios, a Gerdau Next","description":"A Gerdau (GGBR4) criou uma nova divis\u00e3o de neg\u00f3cios que ficar\u00e1 respons\u00e1vel por produzir e otimizar novos neg\u00f3cios ligados \u00e0 produ\u00e7\u00e3o de a\u00e7o.","robots":{"index":"index","follow":"follow","max-snippet":"max-snippet:-1","max-image-preview":"max-image-preview:large","max-video-preview":"max-video-preview:-1"},"canonical":"https:\/\/www.suno.com.br\/noticias\/gerdau-nova-divisao-gerenciar-novos-negocios-gerdau-next\/","og_locale":"pt_BR","og_type":"article","og_title":"Gerdau (GGBR4) cria nova divis\u00e3o de neg\u00f3cios, a Gerdau Next","og_description":"A Gerdau (GGBR4) criou uma nova divis\u00e3o de neg\u00f3cios que ficar\u00e1 respons\u00e1vel por produzir e otimizar novos neg\u00f3cios ligados \u00e0 produ\u00e7\u00e3o de a\u00e7o.","og_url":"https:\/\/www.suno.com.br\/noticias\/gerdau-nova-divisao-gerenciar-novos-negocios-gerdau-next\/","og_site_name":"Suno Not\u00edcias","article_publisher":"https:\/\/facebook.com\/sunoresearch","og_image":[{"width":943,"height":500,"url":"https:\/\/files.sunoresearch.com.br\/n\/uploads\/2020\/03\/711975c6-gerdau.jpg","type":"image\/jpeg"}],"author":"Juliano Passaro","twitter_card":"summary_large_image","twitter_creator":"@sunoresearch","twitter_site":"@sunoresearch","twitter_misc":{"Escrito por":"Juliano Passaro","Est. tempo de leitura":"2 minutos"},"schema":{"@context":"https:\/\/schema.org","@graph":[{"@type":"NewsArticle","@id":"https:\/\/www.suno.com.br\/noticias\/gerdau-nova-divisao-gerenciar-novos-negocios-gerdau-next\/#article","isPartOf":{"@id":"https:\/\/www.suno.com.br\/noticias\/gerdau-nova-divisao-gerenciar-novos-negocios-gerdau-next\/"},"author":{"name":"Juliano Passaro","@id":"https:\/\/www.suno.com.br\/noticias\/#\/schema\/person\/1db762f78ffd8919a648a63e425953e3"},"headline":"Gerdau (GGBR4) cria nova divis\u00e3o para gerenciar novos neg\u00f3cios, a Gerdau Next","datePublished":"2020-07-17T16:20:13+00:00","mainEntityOfPage":{"@id":"https:\/\/www.suno.com.br\/noticias\/gerdau-nova-divisao-gerenciar-novos-negocios-gerdau-next\/"},"wordCount":420,"publisher":{"@id":"https:\/\/www.suno.com.br\/noticias\/#organization"},"image":{"@id":"https:\/\/www.suno.com.br\/noticias\/gerdau-nova-divisao-gerenciar-novos-negocios-gerdau-next\/#primaryimage"},"thumbnailUrl":"https:\/\/files.sunoresearch.com.br\/n\/uploads\/2020\/03\/711975c6-gerdau-jpg.webp","keywords":["Gerdau (GGBR3\/GGBR4)"],"articleSection":["Neg\u00f3cios"],"inLanguage":"pt-BR"},{"@type":"WebPage","@id":"https:\/\/www.suno.com.br\/noticias\/gerdau-nova-divisao-gerenciar-novos-negocios-gerdau-next\/","url":"https:\/\/www.suno.com.br\/noticias\/gerdau-nova-divisao-gerenciar-novos-negocios-gerdau-next\/","name":"Gerdau (GGBR4) cria nova divis\u00e3o de neg\u00f3cios, a Gerdau Next","isPartOf":{"@id":"https:\/\/www.suno.com.br\/noticias\/#website"},"primaryImageOfPage":{"@id":"https:\/\/www.suno.com.br\/noticias\/gerdau-nova-divisao-gerenciar-novos-negocios-gerdau-next\/#primaryimage"},"image":{"@id":"https:\/\/www.suno.com.br\/noticias\/gerdau-nova-divisao-gerenciar-novos-negocios-gerdau-next\/#primaryimage"},"thumbnailUrl":"https:\/\/files.sunoresearch.com.br\/n\/uploads\/2020\/03\/711975c6-gerdau-jpg.webp","datePublished":"2020-07-17T16:20:13+00:00","description":"A Gerdau (GGBR4) criou uma nova divis\u00e3o de neg\u00f3cios que ficar\u00e1 respons\u00e1vel por produzir e otimizar novos neg\u00f3cios ligados \u00e0 produ\u00e7\u00e3o de a\u00e7o.","breadcrumb":{"@id":"https:\/\/www.suno.com.br\/noticias\/gerdau-nova-divisao-gerenciar-novos-negocios-gerdau-next\/#breadcrumb"},"inLanguage":"pt-BR","potentialAction":[{"@type":"ReadAction","target":["https:\/\/www.suno.com.br\/noticias\/gerdau-nova-divisao-gerenciar-novos-negocios-gerdau-next\/"]}]},{"@type":"ImageObject","inLanguage":"pt-BR","@id":"https:\/\/www.suno.com.br\/noticias\/gerdau-nova-divisao-gerenciar-novos-negocios-gerdau-next\/#primaryimage","url":"https:\/\/files.sunoresearch.com.br\/n\/uploads\/2020\/03\/711975c6-gerdau-jpg.webp","contentUrl":"https:\/\/files.sunoresearch.com.br\/n\/uploads\/2020\/03\/711975c6-gerdau-jpg.webp","width":943,"height":500,"caption":"Gerdau. Foto: divulga\u00e7\u00e3o"},{"@type":"BreadcrumbList","@id":"https:\/\/www.suno.com.br\/noticias\/gerdau-nova-divisao-gerenciar-novos-negocios-gerdau-next\/#breadcrumb","itemListElement":[{"@type":"ListItem","position":1,"name":"Not\u00edcias","item":"https:\/\/www.suno.com.br\/noticias\/"},{"@type":"ListItem","position":2,"name":"Neg\u00f3cios","item":"https:\/\/www.suno.com.br\/noticias\/negocios\/"},{"@type":"ListItem","position":3,"name":"Gerdau (GGBR4) cria nova divis\u00e3o para gerenciar novos neg\u00f3cios, a Gerdau Next"}]},{"@type":"WebSite","@id":"https:\/\/www.suno.com.br\/noticias\/#website","url":"https:\/\/www.suno.com.br\/noticias\/","name":"Suno Not\u00edcias","description":"Seu portal de informa\u00e7\u00e3o sobre o mundo dos investimentos","publisher":{"@id":"https:\/\/www.suno.com.br\/noticias\/#organization"},"potentialAction":[{"@type":"SearchAction","target":{"@type":"EntryPoint","urlTemplate":"https:\/\/www.suno.com.br\/noticias\/?s={search_term_string}"},"query-input":{"@type":"PropertyValueSpecification","valueRequired":true,"valueName":"search_term_string"}}],"inLanguage":"pt-BR"},{"@type":"Organization","@id":"https:\/\/www.suno.com.br\/noticias\/#organization","name":"Suno Not\u00edcias","url":"https:\/\/www.suno.com.br\/noticias\/","logo":{"@type":"ImageObject","inLanguage":"pt-BR","@id":"https:\/\/www.suno.com.br\/noticias\/#\/schema\/logo\/image\/","url":"https:\/\/files.sunoresearch.com.br\/n\/uploads\/2021\/09\/suno-logo.png","contentUrl":"https:\/\/files.sunoresearch.com.br\/n\/uploads\/2021\/09\/suno-logo.png","width":180,"height":180,"caption":"Suno Not\u00edcias"},"image":{"@id":"https:\/\/www.suno.com.br\/noticias\/#\/schema\/logo\/image\/"},"sameAs":["https:\/\/facebook.com\/sunoresearch","https:\/\/x.com\/sunoresearch","https:\/\/www.instagram.com\/suno","https:\/\/www.linkedin.com\/company\/suno-research\/","https:\/\/www.youtube.com\/c\/sunoresearch"]},{"@type":"Person","@id":"https:\/\/www.suno.com.br\/noticias\/#\/schema\/person\/1db762f78ffd8919a648a63e425953e3","name":"Juliano Passaro","image":{"@type":"ImageObject","inLanguage":"pt-BR","@id":"https:\/\/www.suno.com.br\/noticias\/#\/schema\/person\/image\/","url":"https:\/\/secure.gravatar.com\/avatar\/743d4df28eebf6dcc46b4ad03c319e92?s=96&r=g","contentUrl":"https:\/\/secure.gravatar.com\/avatar\/743d4df28eebf6dcc46b4ad03c319e92?s=96&r=g","caption":"Juliano Passaro"},"description":"Juliano Passaro escreve sobre pol\u00edtica, economia e neg\u00f3cios para o portal da Suno Research. Antes da Suno, trabalhou no Portal da Band. \u00c9 formado em jornalismo pela Universidade Presbiteriana Mackenzie.","url":"https:\/\/www.suno.com.br\/noticias\/author\/juliano\/"}]}},"default_loop_html":"<div class=\"cardsPage__listCard__boxs\"><div class=\"cardsPage__listCard__boxs__img\"><a href=\"https:\/\/www.suno.com.br\/noticias\/gerdau-nova-divisao-gerenciar-novos-negocios-gerdau-next\/\"><img class=\"mask\" src=\"https:\/\/www.suno.com.br\/noticias\/wp-content\/themes\/suno\/resources\/images\/spotlight\/spotlight1img\/bg-mask.png\" alt=\"Image Mask\"\/><img src=\"https:\/\/files.sunoresearch.com.br\/n\/uploads\/2020\/03\/711975c6-gerdau-400x200.webp\" alt=\"Gerdau (GGBR4) cria nova divis\u00e3o para gerenciar novos neg\u00f3cios, a Gerdau Next\"\/><\/a><span class=\"spotlightCategory\"><a href=\"https:\/\/www.suno.com.br\/noticias\/negocios\/\">Neg\u00f3cios<\/a><\/span><\/div><div class=\"cardsPage__listCard__boxs__content\"><a href=\"https:\/\/www.suno.com.br\/noticias\/gerdau-nova-divisao-gerenciar-novos-negocios-gerdau-next\/\"><h2 class=\"content__title\">Gerdau (GGBR4) cria nova divis\u00e3o para gerenciar novos neg\u00f3cios, a Gerdau Next<\/h2><\/a><div class=\"newsContent__article__meta\"><div class=\"newsContent__article__meta__authorBox\"><a href=\"https:\/\/www.suno.com.br\/noticias\/author\/juliano\/\" class=\"authorBox__avatar noMobi\"><img src=\"https:\/\/files.sunoresearch.com.br\/n\/uploads\/2019\/06\/7cc3efea-whatsapp-image-2019-07-18-at-21.59.33-e1563499821209-150x150.webp\" alt=\"Juliano Passaro\"><\/a><div class=\"authorBox__name\"><span>por\n\t\t\t<a href=\"https:\/\/www.suno.com.br\/noticias\/author\/juliano\/\"><span itemprop=\"author\">Juliano Passaro<\/span><\/a><\/span><time datetime=\"2020-07-17T13:20:13-03:00\" itemprop=\"datePublished\">17\/07\/2020 13:20<\/time><\/div><\/div><\/div><\/div><\/div>","single_layout":"posts","amp_enabled":true,"_links":{"self":[{"href":"https:\/\/www.suno.com.br\/noticias\/wp-json\/wp\/v2\/posts\/73613"}],"collection":[{"href":"https:\/\/www.suno.com.br\/noticias\/wp-json\/wp\/v2\/posts"}],"about":[{"href":"https:\/\/www.suno.com.br\/noticias\/wp-json\/wp\/v2\/types\/post"}],"author":[{"embeddable":true,"href":"https:\/\/www.suno.com.br\/noticias\/wp-json\/wp\/v2\/users\/19"}],"replies":[{"embeddable":true,"href":"https:\/\/www.suno.com.br\/noticias\/wp-json\/wp\/v2\/comments?post=73613"}],"version-history":[{"count":0,"href":"https:\/\/www.suno.com.br\/noticias\/wp-json\/wp\/v2\/posts\/73613\/revisions"}],"wp:featuredmedia":[{"embeddable":true,"href":"https:\/\/www.suno.com.br\/noticias\/wp-json\/wp\/v2\/media\/58491"}],"wp:attachment":[{"href":"https:\/\/www.suno.com.br\/noticias\/wp-json\/wp\/v2\/media?parent=73613"}],"wp:term":[{"taxonomy":"category","embeddable":true,"href":"https:\/\/www.suno.com.br\/noticias\/wp-json\/wp\/v2\/categories?post=73613"},{"taxonomy":"post_tag","embeddable":true,"href":"https:\/\/www.suno.com.br\/noticias\/wp-json\/wp\/v2\/tags?post=73613"},{"taxonomy":"suno_strategy","embeddable":true,"href":"https:\/\/www.suno.com.br\/noticias\/wp-json\/wp\/v2\/suno_strategy?post=73613"}],"curies":[{"name":"wp","href":"https:\/\/api.w.org\/{rel}","templated":true}]}}