{"id":73570,"date":"2020-07-17T10:36:48","date_gmt":"2020-07-17T13:36:48","guid":{"rendered":"https:\/\/www.suno.com.br\/noticias\/?p=73570"},"modified":"2020-07-17T10:39:21","modified_gmt":"2020-07-17T13:39:21","slug":"braskem-adia-lancamento-titulo-divida-exterior","status":"publish","type":"post","link":"https:\/\/www.suno.com.br\/noticias\/braskem-adia-lancamento-titulo-divida-exterior\/","title":{"rendered":"Braskem (BRKM5) dever\u00e1 lan\u00e7ar t\u00edtulo de d\u00edvida no exterior na pr\u00f3xima semana"},"content":{"rendered":"<p>A <a href=\"https:\/\/www.suno.com.br\/acoes\/brkm5\/\"><strong>Braskem<\/strong> (BRKM5)<\/a> dever\u00e1 anunciar sua emiss\u00e3o de t\u00edtulos de d\u00edvida (<a href=\"https:\/\/www.suno.com.br\/artigos\/bonds\/\">bond<\/a>) no exterior na semana que vem, de acordo com informa\u00e7\u00f5es do jornal &#8220;O Estado de S. Paulo&#8221;. A petroqu\u00edmica busca levantar at\u00e9 US$ 1,5 bilh\u00e3o com a opera\u00e7\u00e3o. Esperava-se que os pap\u00e9is fossem oferecidos ao mercado nesta sexta-feira (17).<\/p>\t<div class=\"wrapper-featured-image\">\n\t\t<figure class=\"spotlightImg\">\n\n\t\t\t<picture>\n\t\t\t\t<source media=\"(max-width: 768px)\" srcset=\"https:\/\/files.sunoresearch.com.br\/n\/uploads\/2019\/11\/d129f3d4-braskem-400x200.webp\">\n\t\t\t\t<img loading=\"lazy\" decoding=\"async\" class=\"newsContent__article__imgCapa lazyloadDisabled newsContent__article__imgCapa--noCaption\" src=\"https:\/\/files.sunoresearch.com.br\/n\/uploads\/2019\/11\/d129f3d4-braskem-800x450.webp\" width=\"800\" height=\"450\" alt=\"Braskem (BRKM5) dever\u00e1 lan\u00e7ar t\u00edtulo de d\u00edvida no exterior na pr\u00f3xima semana\" fetchpriority=high \/>\n\t\t\t<\/picture>\n\n\t\t\t<figcaption class=\"wp-caption-text wp-caption-text--hide\">Braskem (BRKM5). Foto: Divulga\u00e7\u00e3o.<\/figcaption>\n\t\t<\/figure>\n\t<\/div>\n\n\n\n<p>Segundo a publica\u00e7\u00e3o do jornal, a Braskem optou por esperar para atrair mais investidores e dar melhores explica\u00e7\u00f5es sobre a opera\u00e7\u00e3o. Esta estrat\u00e9gia de emiss\u00e3o \u00e9 pouco utilizada por emissores brasileiros. Os bonds s\u00e3o h\u00edbridos e, dessa forma, possuem caracter\u00edsticas parecidas com as de uma a\u00e7\u00e3o. Com isso, essa oferta oferece pouca prote\u00e7\u00e3o ao investidor, que fica por \u00faltimo na fila de pagamento em caso de uma crise financeira da empresa.<\/p>\n<p>Entretanto, todas as companhias que fizeram opera\u00e7\u00f5es no mercado de d\u00edvida no exterior desde o in\u00edcio do m\u00eas de maio conseguiram obter grande sucesso. Os bonds propostos pela Braskem n\u00e3o possuem cl\u00e1usulas de compromissos financeiros ou operacionais (covenants). Essas cl\u00e1usulas d\u00e3o a garantia, aos investidores, da cobran\u00e7a dessa d\u00edvida se algumas das cl\u00e1usulas a seguir forem descumpridas:<\/p>\n<ul>\n<li>Juro a ser pago deixa de ser fixo ap\u00f3s cinco anos;<\/li>\n<li>O emissor poder\u00e1 optar por postergar o pagamento de juro dos pap\u00e9is.<\/li>\n<\/ul>\n<p><a href=\"https:\/\/lp.suno.com.br\/suno-one\/\">Suno One: acesse gratuitamente eBooks, Minicursos, Artigos e Video Aulas sobre investimentos com um \u00fanico cadastro. Clique para saber mais!<\/a><\/p>\n<h2>Acordo entre Petrobras e Odebrecht sobre a Braskem<\/h2>\n<p>O presidente da Petrobras, <a href=\"https:\/\/www.suno.com.br\/tudo-sobre\/roberto-castello-branco\/\">Roberto Castello Branco<\/a>, afirmou, no dia 6 de julho, que a estatal petroleira espera chegar a um entendimento junto \u00e0 Odebrecht sobre um novo acordo de acionistas para Braskem\u00a0dentro de seis meses.<\/p>\n<p>Castelo Branco comunicou durante um evento online que o novo acordo, que prev\u00ea a convers\u00e3o das a\u00e7\u00f5es preferenciais em pap\u00e9is com direito a voto, permitiria \u00e0 Petrobras vender sua participa\u00e7\u00e3o na <strong>Braskem<\/strong> por transa\u00e7\u00e3o no mercado de capitais.<\/p>\n\n","protected":false},"excerpt":{"rendered":"<p>A Braskem (BRKM5) dever\u00e1 anunciar sua emiss\u00e3o de t\u00edtulos de d\u00edvida (bond) no exterior na semana que vem, de acordo com informa\u00e7\u00f5es do jornal &#8220;O Estado de S. Paulo&#8221;. A petroqu\u00edmica busca levantar at\u00e9 US$ 1,5 bilh\u00e3o com a opera\u00e7\u00e3o. Esperava-se que os pap\u00e9is fossem oferecidos ao mercado nesta sexta-feira (17). Braskem (BRKM5). Foto: Divulga\u00e7\u00e3o. [&hellip;]<\/p>\n","protected":false},"author":19,"featured_media":45010,"comment_status":"closed","ping_status":"closed","sticky":false,"template":"","format":"standard","meta":[],"categories":[64],"tags":[395],"suno_strategy":[],"class_list":["post-73570","post","type-post","status-publish","format-standard","has-post-thumbnail","hentry","category-negocios","tag-braskem-brkm3-brkm5-brkm6"],"yoast_head":"<!-- This site is optimized with the Yoast SEO plugin v24.4 - https:\/\/yoast.com\/wordpress\/plugins\/seo\/ -->\n<title>Braskem (BRKM3) adia lan\u00e7amento de t\u00edtulo de d\u00edvida no exterior<\/title>\n<meta name=\"description\" content=\"A Braskem (BRKM5) dever\u00e1 anunciar sua emiss\u00e3o de t\u00edtulos de d\u00edvida (bond) no exterior na semana que vem, segundo informa\u00e7\u00f5es do &quot;Estad\u00e3o&quot;.\" \/>\n<meta name=\"robots\" content=\"index, follow, max-snippet:-1, max-image-preview:large, max-video-preview:-1\" \/>\n<link rel=\"canonical\" href=\"https:\/\/www.suno.com.br\/noticias\/braskem-adia-lancamento-titulo-divida-exterior\/\" \/>\n<meta property=\"og:locale\" content=\"pt_BR\" \/>\n<meta property=\"og:type\" content=\"article\" \/>\n<meta property=\"og:title\" content=\"Braskem (BRKM3) adia lan\u00e7amento de t\u00edtulo de d\u00edvida no exterior\" \/>\n<meta property=\"og:description\" content=\"A Braskem (BRKM5) dever\u00e1 anunciar sua emiss\u00e3o de t\u00edtulos de d\u00edvida (bond) no exterior na semana que vem, segundo informa\u00e7\u00f5es do &quot;Estad\u00e3o&quot;.\" \/>\n<meta property=\"og:url\" content=\"https:\/\/www.suno.com.br\/noticias\/braskem-adia-lancamento-titulo-divida-exterior\/\" \/>\n<meta property=\"og:site_name\" content=\"Suno Not\u00edcias\" \/>\n<meta property=\"article:publisher\" content=\"https:\/\/facebook.com\/sunoresearch\" \/>\n<meta property=\"og:image\" content=\"https:\/\/files.sunoresearch.com.br\/n\/uploads\/2019\/11\/d129f3d4-braskem.jpg\" \/>\n\t<meta property=\"og:image:width\" content=\"1086\" \/>\n\t<meta property=\"og:image:height\" content=\"652\" \/>\n\t<meta property=\"og:image:type\" content=\"image\/jpeg\" \/>\n<meta name=\"author\" content=\"Juliano Passaro\" \/>\n<meta name=\"twitter:card\" content=\"summary_large_image\" \/>\n<meta name=\"twitter:creator\" content=\"@sunoresearch\" \/>\n<meta name=\"twitter:site\" content=\"@sunoresearch\" \/>\n<meta name=\"twitter:label1\" content=\"Escrito por\" \/>\n\t<meta name=\"twitter:data1\" content=\"Juliano Passaro\" \/>\n\t<meta name=\"twitter:label2\" content=\"Est. tempo de leitura\" \/>\n\t<meta name=\"twitter:data2\" content=\"2 minutos\" \/>\n<script type=\"application\/ld+json\" class=\"yoast-schema-graph\">{\"@context\":\"https:\/\/schema.org\",\"@graph\":[{\"@type\":\"NewsArticle\",\"@id\":\"https:\/\/www.suno.com.br\/noticias\/braskem-adia-lancamento-titulo-divida-exterior\/#article\",\"isPartOf\":{\"@id\":\"https:\/\/www.suno.com.br\/noticias\/braskem-adia-lancamento-titulo-divida-exterior\/\"},\"author\":{\"name\":\"Juliano Passaro\",\"@id\":\"https:\/\/www.suno.com.br\/noticias\/#\/schema\/person\/1db762f78ffd8919a648a63e425953e3\"},\"headline\":\"Braskem (BRKM5) dever\u00e1 lan\u00e7ar t\u00edtulo de d\u00edvida no exterior na pr\u00f3xima semana\",\"datePublished\":\"2020-07-17T13:36:48+00:00\",\"dateModified\":\"2020-07-17T13:39:21+00:00\",\"mainEntityOfPage\":{\"@id\":\"https:\/\/www.suno.com.br\/noticias\/braskem-adia-lancamento-titulo-divida-exterior\/\"},\"wordCount\":359,\"publisher\":{\"@id\":\"https:\/\/www.suno.com.br\/noticias\/#organization\"},\"image\":{\"@id\":\"https:\/\/www.suno.com.br\/noticias\/braskem-adia-lancamento-titulo-divida-exterior\/#primaryimage\"},\"thumbnailUrl\":\"https:\/\/files.sunoresearch.com.br\/n\/uploads\/2019\/11\/d129f3d4-braskem-jpg.webp\",\"keywords\":[\"Braskem (BRKM3\/BRKM5\/BRKM6)\"],\"articleSection\":[\"Neg\u00f3cios\"],\"inLanguage\":\"pt-BR\"},{\"@type\":\"WebPage\",\"@id\":\"https:\/\/www.suno.com.br\/noticias\/braskem-adia-lancamento-titulo-divida-exterior\/\",\"url\":\"https:\/\/www.suno.com.br\/noticias\/braskem-adia-lancamento-titulo-divida-exterior\/\",\"name\":\"Braskem (BRKM3) adia lan\u00e7amento de t\u00edtulo de d\u00edvida no exterior\",\"isPartOf\":{\"@id\":\"https:\/\/www.suno.com.br\/noticias\/#website\"},\"primaryImageOfPage\":{\"@id\":\"https:\/\/www.suno.com.br\/noticias\/braskem-adia-lancamento-titulo-divida-exterior\/#primaryimage\"},\"image\":{\"@id\":\"https:\/\/www.suno.com.br\/noticias\/braskem-adia-lancamento-titulo-divida-exterior\/#primaryimage\"},\"thumbnailUrl\":\"https:\/\/files.sunoresearch.com.br\/n\/uploads\/2019\/11\/d129f3d4-braskem-jpg.webp\",\"datePublished\":\"2020-07-17T13:36:48+00:00\",\"dateModified\":\"2020-07-17T13:39:21+00:00\",\"description\":\"A Braskem (BRKM5) dever\u00e1 anunciar sua emiss\u00e3o de t\u00edtulos de d\u00edvida (bond) no exterior na semana que vem, segundo informa\u00e7\u00f5es do \\\"Estad\u00e3o\\\".\",\"breadcrumb\":{\"@id\":\"https:\/\/www.suno.com.br\/noticias\/braskem-adia-lancamento-titulo-divida-exterior\/#breadcrumb\"},\"inLanguage\":\"pt-BR\",\"potentialAction\":[{\"@type\":\"ReadAction\",\"target\":[\"https:\/\/www.suno.com.br\/noticias\/braskem-adia-lancamento-titulo-divida-exterior\/\"]}]},{\"@type\":\"ImageObject\",\"inLanguage\":\"pt-BR\",\"@id\":\"https:\/\/www.suno.com.br\/noticias\/braskem-adia-lancamento-titulo-divida-exterior\/#primaryimage\",\"url\":\"https:\/\/files.sunoresearch.com.br\/n\/uploads\/2019\/11\/d129f3d4-braskem-jpg.webp\",\"contentUrl\":\"https:\/\/files.sunoresearch.com.br\/n\/uploads\/2019\/11\/d129f3d4-braskem-jpg.webp\",\"width\":1086,\"height\":652,\"caption\":\"Braskem (BRKM5). Foto: Divulga\u00e7\u00e3o.\"},{\"@type\":\"BreadcrumbList\",\"@id\":\"https:\/\/www.suno.com.br\/noticias\/braskem-adia-lancamento-titulo-divida-exterior\/#breadcrumb\",\"itemListElement\":[{\"@type\":\"ListItem\",\"position\":1,\"name\":\"Not\u00edcias\",\"item\":\"https:\/\/www.suno.com.br\/noticias\/\"},{\"@type\":\"ListItem\",\"position\":2,\"name\":\"Neg\u00f3cios\",\"item\":\"https:\/\/www.suno.com.br\/noticias\/negocios\/\"},{\"@type\":\"ListItem\",\"position\":3,\"name\":\"Braskem (BRKM5) dever\u00e1 lan\u00e7ar t\u00edtulo de d\u00edvida no exterior na pr\u00f3xima semana\"}]},{\"@type\":\"WebSite\",\"@id\":\"https:\/\/www.suno.com.br\/noticias\/#website\",\"url\":\"https:\/\/www.suno.com.br\/noticias\/\",\"name\":\"Suno Not\u00edcias\",\"description\":\"Seu portal de informa\u00e7\u00e3o sobre o mundo dos investimentos\",\"publisher\":{\"@id\":\"https:\/\/www.suno.com.br\/noticias\/#organization\"},\"potentialAction\":[{\"@type\":\"SearchAction\",\"target\":{\"@type\":\"EntryPoint\",\"urlTemplate\":\"https:\/\/www.suno.com.br\/noticias\/?s={search_term_string}\"},\"query-input\":{\"@type\":\"PropertyValueSpecification\",\"valueRequired\":true,\"valueName\":\"search_term_string\"}}],\"inLanguage\":\"pt-BR\"},{\"@type\":\"Organization\",\"@id\":\"https:\/\/www.suno.com.br\/noticias\/#organization\",\"name\":\"Suno Not\u00edcias\",\"url\":\"https:\/\/www.suno.com.br\/noticias\/\",\"logo\":{\"@type\":\"ImageObject\",\"inLanguage\":\"pt-BR\",\"@id\":\"https:\/\/www.suno.com.br\/noticias\/#\/schema\/logo\/image\/\",\"url\":\"https:\/\/files.sunoresearch.com.br\/n\/uploads\/2021\/09\/suno-logo.png\",\"contentUrl\":\"https:\/\/files.sunoresearch.com.br\/n\/uploads\/2021\/09\/suno-logo.png\",\"width\":180,\"height\":180,\"caption\":\"Suno Not\u00edcias\"},\"image\":{\"@id\":\"https:\/\/www.suno.com.br\/noticias\/#\/schema\/logo\/image\/\"},\"sameAs\":[\"https:\/\/facebook.com\/sunoresearch\",\"https:\/\/x.com\/sunoresearch\",\"https:\/\/www.instagram.com\/suno\",\"https:\/\/www.linkedin.com\/company\/suno-research\/\",\"https:\/\/www.youtube.com\/c\/sunoresearch\"]},{\"@type\":\"Person\",\"@id\":\"https:\/\/www.suno.com.br\/noticias\/#\/schema\/person\/1db762f78ffd8919a648a63e425953e3\",\"name\":\"Juliano Passaro\",\"image\":{\"@type\":\"ImageObject\",\"inLanguage\":\"pt-BR\",\"@id\":\"https:\/\/www.suno.com.br\/noticias\/#\/schema\/person\/image\/\",\"url\":\"https:\/\/secure.gravatar.com\/avatar\/743d4df28eebf6dcc46b4ad03c319e92?s=96&r=g\",\"contentUrl\":\"https:\/\/secure.gravatar.com\/avatar\/743d4df28eebf6dcc46b4ad03c319e92?s=96&r=g\",\"caption\":\"Juliano Passaro\"},\"description\":\"Juliano Passaro escreve sobre pol\u00edtica, economia e neg\u00f3cios para o portal da Suno Research. Antes da Suno, trabalhou no Portal da Band. \u00c9 formado em jornalismo pela Universidade Presbiteriana Mackenzie.\",\"url\":\"https:\/\/www.suno.com.br\/noticias\/author\/juliano\/\"}]}<\/script>\n<!-- \/ Yoast SEO plugin. -->","yoast_head_json":{"title":"Braskem (BRKM3) adia lan\u00e7amento de t\u00edtulo de d\u00edvida no exterior","description":"A Braskem (BRKM5) dever\u00e1 anunciar sua emiss\u00e3o de t\u00edtulos de d\u00edvida (bond) no exterior na semana que vem, segundo informa\u00e7\u00f5es do \"Estad\u00e3o\".","robots":{"index":"index","follow":"follow","max-snippet":"max-snippet:-1","max-image-preview":"max-image-preview:large","max-video-preview":"max-video-preview:-1"},"canonical":"https:\/\/www.suno.com.br\/noticias\/braskem-adia-lancamento-titulo-divida-exterior\/","og_locale":"pt_BR","og_type":"article","og_title":"Braskem (BRKM3) adia lan\u00e7amento de t\u00edtulo de d\u00edvida no exterior","og_description":"A Braskem (BRKM5) dever\u00e1 anunciar sua emiss\u00e3o de t\u00edtulos de d\u00edvida (bond) no exterior na semana que vem, segundo informa\u00e7\u00f5es do \"Estad\u00e3o\".","og_url":"https:\/\/www.suno.com.br\/noticias\/braskem-adia-lancamento-titulo-divida-exterior\/","og_site_name":"Suno Not\u00edcias","article_publisher":"https:\/\/facebook.com\/sunoresearch","og_image":[{"width":1086,"height":652,"url":"https:\/\/files.sunoresearch.com.br\/n\/uploads\/2019\/11\/d129f3d4-braskem.jpg","type":"image\/jpeg"}],"author":"Juliano Passaro","twitter_card":"summary_large_image","twitter_creator":"@sunoresearch","twitter_site":"@sunoresearch","twitter_misc":{"Escrito por":"Juliano Passaro","Est. tempo de leitura":"2 minutos"},"schema":{"@context":"https:\/\/schema.org","@graph":[{"@type":"NewsArticle","@id":"https:\/\/www.suno.com.br\/noticias\/braskem-adia-lancamento-titulo-divida-exterior\/#article","isPartOf":{"@id":"https:\/\/www.suno.com.br\/noticias\/braskem-adia-lancamento-titulo-divida-exterior\/"},"author":{"name":"Juliano Passaro","@id":"https:\/\/www.suno.com.br\/noticias\/#\/schema\/person\/1db762f78ffd8919a648a63e425953e3"},"headline":"Braskem (BRKM5) dever\u00e1 lan\u00e7ar t\u00edtulo de d\u00edvida no exterior na pr\u00f3xima semana","datePublished":"2020-07-17T13:36:48+00:00","dateModified":"2020-07-17T13:39:21+00:00","mainEntityOfPage":{"@id":"https:\/\/www.suno.com.br\/noticias\/braskem-adia-lancamento-titulo-divida-exterior\/"},"wordCount":359,"publisher":{"@id":"https:\/\/www.suno.com.br\/noticias\/#organization"},"image":{"@id":"https:\/\/www.suno.com.br\/noticias\/braskem-adia-lancamento-titulo-divida-exterior\/#primaryimage"},"thumbnailUrl":"https:\/\/files.sunoresearch.com.br\/n\/uploads\/2019\/11\/d129f3d4-braskem-jpg.webp","keywords":["Braskem (BRKM3\/BRKM5\/BRKM6)"],"articleSection":["Neg\u00f3cios"],"inLanguage":"pt-BR"},{"@type":"WebPage","@id":"https:\/\/www.suno.com.br\/noticias\/braskem-adia-lancamento-titulo-divida-exterior\/","url":"https:\/\/www.suno.com.br\/noticias\/braskem-adia-lancamento-titulo-divida-exterior\/","name":"Braskem (BRKM3) adia lan\u00e7amento de t\u00edtulo de d\u00edvida no exterior","isPartOf":{"@id":"https:\/\/www.suno.com.br\/noticias\/#website"},"primaryImageOfPage":{"@id":"https:\/\/www.suno.com.br\/noticias\/braskem-adia-lancamento-titulo-divida-exterior\/#primaryimage"},"image":{"@id":"https:\/\/www.suno.com.br\/noticias\/braskem-adia-lancamento-titulo-divida-exterior\/#primaryimage"},"thumbnailUrl":"https:\/\/files.sunoresearch.com.br\/n\/uploads\/2019\/11\/d129f3d4-braskem-jpg.webp","datePublished":"2020-07-17T13:36:48+00:00","dateModified":"2020-07-17T13:39:21+00:00","description":"A Braskem (BRKM5) dever\u00e1 anunciar sua emiss\u00e3o de t\u00edtulos de d\u00edvida (bond) no exterior na semana que vem, segundo informa\u00e7\u00f5es do \"Estad\u00e3o\".","breadcrumb":{"@id":"https:\/\/www.suno.com.br\/noticias\/braskem-adia-lancamento-titulo-divida-exterior\/#breadcrumb"},"inLanguage":"pt-BR","potentialAction":[{"@type":"ReadAction","target":["https:\/\/www.suno.com.br\/noticias\/braskem-adia-lancamento-titulo-divida-exterior\/"]}]},{"@type":"ImageObject","inLanguage":"pt-BR","@id":"https:\/\/www.suno.com.br\/noticias\/braskem-adia-lancamento-titulo-divida-exterior\/#primaryimage","url":"https:\/\/files.sunoresearch.com.br\/n\/uploads\/2019\/11\/d129f3d4-braskem-jpg.webp","contentUrl":"https:\/\/files.sunoresearch.com.br\/n\/uploads\/2019\/11\/d129f3d4-braskem-jpg.webp","width":1086,"height":652,"caption":"Braskem (BRKM5). Foto: Divulga\u00e7\u00e3o."},{"@type":"BreadcrumbList","@id":"https:\/\/www.suno.com.br\/noticias\/braskem-adia-lancamento-titulo-divida-exterior\/#breadcrumb","itemListElement":[{"@type":"ListItem","position":1,"name":"Not\u00edcias","item":"https:\/\/www.suno.com.br\/noticias\/"},{"@type":"ListItem","position":2,"name":"Neg\u00f3cios","item":"https:\/\/www.suno.com.br\/noticias\/negocios\/"},{"@type":"ListItem","position":3,"name":"Braskem (BRKM5) dever\u00e1 lan\u00e7ar t\u00edtulo de d\u00edvida no exterior na pr\u00f3xima semana"}]},{"@type":"WebSite","@id":"https:\/\/www.suno.com.br\/noticias\/#website","url":"https:\/\/www.suno.com.br\/noticias\/","name":"Suno Not\u00edcias","description":"Seu portal de informa\u00e7\u00e3o sobre o mundo dos investimentos","publisher":{"@id":"https:\/\/www.suno.com.br\/noticias\/#organization"},"potentialAction":[{"@type":"SearchAction","target":{"@type":"EntryPoint","urlTemplate":"https:\/\/www.suno.com.br\/noticias\/?s={search_term_string}"},"query-input":{"@type":"PropertyValueSpecification","valueRequired":true,"valueName":"search_term_string"}}],"inLanguage":"pt-BR"},{"@type":"Organization","@id":"https:\/\/www.suno.com.br\/noticias\/#organization","name":"Suno Not\u00edcias","url":"https:\/\/www.suno.com.br\/noticias\/","logo":{"@type":"ImageObject","inLanguage":"pt-BR","@id":"https:\/\/www.suno.com.br\/noticias\/#\/schema\/logo\/image\/","url":"https:\/\/files.sunoresearch.com.br\/n\/uploads\/2021\/09\/suno-logo.png","contentUrl":"https:\/\/files.sunoresearch.com.br\/n\/uploads\/2021\/09\/suno-logo.png","width":180,"height":180,"caption":"Suno Not\u00edcias"},"image":{"@id":"https:\/\/www.suno.com.br\/noticias\/#\/schema\/logo\/image\/"},"sameAs":["https:\/\/facebook.com\/sunoresearch","https:\/\/x.com\/sunoresearch","https:\/\/www.instagram.com\/suno","https:\/\/www.linkedin.com\/company\/suno-research\/","https:\/\/www.youtube.com\/c\/sunoresearch"]},{"@type":"Person","@id":"https:\/\/www.suno.com.br\/noticias\/#\/schema\/person\/1db762f78ffd8919a648a63e425953e3","name":"Juliano Passaro","image":{"@type":"ImageObject","inLanguage":"pt-BR","@id":"https:\/\/www.suno.com.br\/noticias\/#\/schema\/person\/image\/","url":"https:\/\/secure.gravatar.com\/avatar\/743d4df28eebf6dcc46b4ad03c319e92?s=96&r=g","contentUrl":"https:\/\/secure.gravatar.com\/avatar\/743d4df28eebf6dcc46b4ad03c319e92?s=96&r=g","caption":"Juliano Passaro"},"description":"Juliano Passaro escreve sobre pol\u00edtica, economia e neg\u00f3cios para o portal da Suno Research. Antes da Suno, trabalhou no Portal da Band. \u00c9 formado em jornalismo pela Universidade Presbiteriana Mackenzie.","url":"https:\/\/www.suno.com.br\/noticias\/author\/juliano\/"}]}},"default_loop_html":"<div class=\"cardsPage__listCard__boxs\"><div class=\"cardsPage__listCard__boxs__img\"><a href=\"https:\/\/www.suno.com.br\/noticias\/braskem-adia-lancamento-titulo-divida-exterior\/\"><img class=\"mask\" src=\"https:\/\/www.suno.com.br\/noticias\/wp-content\/themes\/suno\/resources\/images\/spotlight\/spotlight1img\/bg-mask.png\" alt=\"Image Mask\"\/><img src=\"https:\/\/files.sunoresearch.com.br\/n\/uploads\/2019\/11\/d129f3d4-braskem-400x200.webp\" alt=\"Braskem (BRKM5) dever\u00e1 lan\u00e7ar t\u00edtulo de d\u00edvida no exterior na pr\u00f3xima semana\"\/><\/a><span class=\"spotlightCategory\"><a href=\"https:\/\/www.suno.com.br\/noticias\/negocios\/\">Neg\u00f3cios<\/a><\/span><\/div><div class=\"cardsPage__listCard__boxs__content\"><a href=\"https:\/\/www.suno.com.br\/noticias\/braskem-adia-lancamento-titulo-divida-exterior\/\"><h2 class=\"content__title\">Braskem (BRKM5) dever\u00e1 lan\u00e7ar t\u00edtulo de d\u00edvida no exterior na pr\u00f3xima semana<\/h2><\/a><div class=\"newsContent__article__meta\"><div class=\"newsContent__article__meta__authorBox\"><a href=\"https:\/\/www.suno.com.br\/noticias\/author\/juliano\/\" class=\"authorBox__avatar noMobi\"><img src=\"https:\/\/files.sunoresearch.com.br\/n\/uploads\/2019\/06\/7cc3efea-whatsapp-image-2019-07-18-at-21.59.33-e1563499821209-150x150.webp\" alt=\"Juliano Passaro\"><\/a><div class=\"authorBox__name\"><span>por\n\t\t\t<a href=\"https:\/\/www.suno.com.br\/noticias\/author\/juliano\/\"><span itemprop=\"author\">Juliano Passaro<\/span><\/a><\/span><time datetime=\"2020-07-17T10:36:48-03:00\" itemprop=\"datePublished\">17\/07\/2020 10:36<\/time><\/div><\/div><\/div><\/div><\/div>","single_layout":"posts","amp_enabled":true,"_links":{"self":[{"href":"https:\/\/www.suno.com.br\/noticias\/wp-json\/wp\/v2\/posts\/73570"}],"collection":[{"href":"https:\/\/www.suno.com.br\/noticias\/wp-json\/wp\/v2\/posts"}],"about":[{"href":"https:\/\/www.suno.com.br\/noticias\/wp-json\/wp\/v2\/types\/post"}],"author":[{"embeddable":true,"href":"https:\/\/www.suno.com.br\/noticias\/wp-json\/wp\/v2\/users\/19"}],"replies":[{"embeddable":true,"href":"https:\/\/www.suno.com.br\/noticias\/wp-json\/wp\/v2\/comments?post=73570"}],"version-history":[{"count":0,"href":"https:\/\/www.suno.com.br\/noticias\/wp-json\/wp\/v2\/posts\/73570\/revisions"}],"wp:featuredmedia":[{"embeddable":true,"href":"https:\/\/www.suno.com.br\/noticias\/wp-json\/wp\/v2\/media\/45010"}],"wp:attachment":[{"href":"https:\/\/www.suno.com.br\/noticias\/wp-json\/wp\/v2\/media?parent=73570"}],"wp:term":[{"taxonomy":"category","embeddable":true,"href":"https:\/\/www.suno.com.br\/noticias\/wp-json\/wp\/v2\/categories?post=73570"},{"taxonomy":"post_tag","embeddable":true,"href":"https:\/\/www.suno.com.br\/noticias\/wp-json\/wp\/v2\/tags?post=73570"},{"taxonomy":"suno_strategy","embeddable":true,"href":"https:\/\/www.suno.com.br\/noticias\/wp-json\/wp\/v2\/suno_strategy?post=73570"}],"curies":[{"name":"wp","href":"https:\/\/api.w.org\/{rel}","templated":true}]}}