{"id":73520,"date":"2020-07-16T19:58:46","date_gmt":"2020-07-16T22:58:46","guid":{"rendered":"https:\/\/www.suno.com.br\/noticias\/?p=73520"},"modified":"2020-07-16T19:58:46","modified_gmt":"2020-07-16T22:58:46","slug":"america-latina-ratings-rebaixados-fitch","status":"publish","type":"post","link":"https:\/\/www.suno.com.br\/noticias\/america-latina-ratings-rebaixados-fitch\/","title":{"rendered":"Am\u00e9rica Latina tem ratings rebaixados com coronav\u00edrus, diz Fitch"},"content":{"rendered":"<p>A <a href=\"https:\/\/www.suno.com.br\/artigos\/agencias-de-rating\/\">ag\u00eancia de classifica\u00e7\u00e3o de riscos<\/a> Fitch Ratings informou nesta quinta-feira (16) que emissores corporativos de fora do setor financeiro na <strong>Am\u00e9rica Latina<\/strong> registraram uma \u201calta substancial\u201d em <a href=\"https:\/\/www.suno.com.br\/artigos\/default\/\">defaults<\/a> em seus <a href=\"https:\/\/www.suno.com.br\/artigos\/rating\/\">ratings em moeda estrangeira<\/a>.<\/p>\t<div class=\"wrapper-featured-image\">\n\t\t<figure class=\"spotlightImg\">\n\n\t\t\t<picture>\n\t\t\t\t<source media=\"(max-width: 768px)\" srcset=\"https:\/\/files.sunoresearch.com.br\/n\/uploads\/2020\/06\/fd8f5104-fitch-ratings-400x200.webp\">\n\t\t\t\t<img loading=\"lazy\" decoding=\"async\" class=\"newsContent__article__imgCapa lazyloadDisabled newsContent__article__imgCapa--noCaption\" src=\"https:\/\/files.sunoresearch.com.br\/n\/uploads\/2020\/06\/fd8f5104-fitch-ratings-800x450.webp\" width=\"800\" height=\"450\" alt=\"Am\u00e9rica Latina tem ratings rebaixados com coronav\u00edrus, diz Fitch\" fetchpriority=high \/>\n\t\t\t<\/picture>\n\n\t\t\t<figcaption class=\"wp-caption-text wp-caption-text--hide\">A Fitch Ratings afirmou IDR de Longo Prazo em Moeda Estrangeira do Brasil em &#039;BB-&#039;,\u00a0com Perspectiva Negativa&quot;.<\/figcaption>\n\t\t<\/figure>\n\t<\/div>\n\n\n\n<p>Conforme relat\u00f3rio da ag\u00eancia, os emissores na Am\u00e9rica Latina mostram um aumento consider\u00e1vel, com mais deles atingindo a classifica\u00e7\u00e3o CCC+ e abaixo, categorizados como o n\u00edvel inferior do grau especulativo.<\/p>\n<p>A Fitch avaliou que esses ratings tiveram uma alta de 17% do total do portf\u00f3lio de classifica\u00e7\u00f5es na regi\u00e3o at\u00e9 1\u00ba de julho. As notas representam 40 emissores individuais, de apenas 6%, ou seis emissores, em 1\u00ba de julho de 2019, segundo a ag\u00eancia.<\/p>\n<p><a href=\"https:\/\/lp.suno.com.br\/suno-one\/\">Suno One: acesse gratuitamente eBooks, Minicursos, Artigos e Video Aulas sobre investimentos com um \u00fanico cadastro. Clique para saber mais!<\/a><\/p>\n<p>A ag\u00eancia ainda salientou que os principais motores para os rebaixamentos foram o impacto da pandemia do novo coronav\u00edrus e o rebaixamento sofrido pela Argentina.<\/p>\n<h2>Economia da AL deve contrair 9,1% em 2020<\/h2>\n<p>A Comiss\u00e3o Econ\u00f4mica para a Am\u00e9rica Latina (Cepal), \u00f3rg\u00e3o ligado \u00e0 Organiza\u00e7\u00e3o das Na\u00e7\u00f5es Unidas (ONU), reportou na \u00faltima quarta-feira (15) as estimativas para queda de 9,1% na atividade econ\u00f4mica da Am\u00e9rica Latina e do Caribe neste ano.<\/p>\n<p>O organismo revisou a sua previs\u00e3o de retra\u00e7\u00e3o para atividade econ\u00f4mica da regi\u00e3o. Dessa maneira, com a pandemia de covid-19, <a href=\"https:\/\/www.suno.com.br\/artigos\/pib-produto-interno-bruto\/\">Produto Interno Bruto (PIB)<\/a> per capita dos pa\u00edses deve retornar ao n\u00edvel atingido em 2010. Nesse sentido, a baixa representa um retrocesso de quase 10 anos nos patamares de renda por habitante da regi\u00e3o.<\/p>\n<p><a href=\"https:\/\/www.suno.com.br\/noticias\/cepal-lerta-preve-contracao-economica-91-america-latina\/\">Saiba mais: Cepal alerta para contra\u00e7\u00e3o econ\u00f4mica de 9,1% na Am\u00e9rica Latina no ano<\/a><\/p>\n<p>O documento ainda destacou que a regi\u00e3o ir\u00e1 seguir a tend\u00eancia de baixa na economia global. Segundo dados da Cepal, a queda no com\u00e9rcio mundial de bens e servi\u00e7os pode chegar at\u00e9 32%. Na <strong>Am\u00e9rica Latina<\/strong>, por sua vez, as exporta\u00e7\u00f5es j\u00e1 anotaram uma queda de 23%.<\/p>\n\n","protected":false},"excerpt":{"rendered":"<p>A ag\u00eancia de classifica\u00e7\u00e3o de riscos Fitch Ratings informou nesta quinta-feira (16) que emissores corporativos de fora do setor financeiro na Am\u00e9rica Latina registraram uma \u201calta substancial\u201d em defaults em seus ratings em moeda estrangeira. A Fitch Ratings afirmou IDR de Longo Prazo em Moeda Estrangeira do Brasil em &#039;BB-&#039;,\u00a0com Perspectiva Negativa&quot;. Conforme relat\u00f3rio da [&hellip;]<\/p>\n","protected":false},"author":35,"featured_media":68298,"comment_status":"closed","ping_status":"closed","sticky":false,"template":"","format":"standard","meta":[],"categories":[63],"tags":[986,1034,1277],"suno_strategy":[],"class_list":["post-73520","post","type-post","status-publish","format-standard","has-post-thumbnail","hentry","category-internacional","tag-america-latina","tag-classificacao-de-risco-rating","tag-fitch"],"yoast_head":"<!-- This site is optimized with the Yoast SEO plugin v24.4 - https:\/\/yoast.com\/wordpress\/plugins\/seo\/ -->\n<title>Am\u00e9rica Latina tem ratings rebaixados com coronav\u00edrus, diz Fitch<\/title>\n<meta name=\"description\" content=\"A Fitch avaliou que a pandemia do novo coronav\u00edrus provovou rebaixamentos de ratings na Am\u00e9rica Latina. Clique para saber mais\" \/>\n<meta name=\"robots\" content=\"index, follow, max-snippet:-1, max-image-preview:large, max-video-preview:-1\" \/>\n<link rel=\"canonical\" href=\"https:\/\/www.suno.com.br\/noticias\/america-latina-ratings-rebaixados-fitch\/\" \/>\n<meta property=\"og:locale\" content=\"pt_BR\" \/>\n<meta property=\"og:type\" content=\"article\" \/>\n<meta property=\"og:title\" content=\"Am\u00e9rica Latina tem ratings rebaixados com coronav\u00edrus, diz Fitch\" \/>\n<meta property=\"og:description\" content=\"A Fitch avaliou que a pandemia do novo coronav\u00edrus provovou rebaixamentos de ratings na Am\u00e9rica Latina. Clique para saber mais\" \/>\n<meta property=\"og:url\" content=\"https:\/\/www.suno.com.br\/noticias\/america-latina-ratings-rebaixados-fitch\/\" \/>\n<meta property=\"og:site_name\" content=\"Suno Not\u00edcias\" \/>\n<meta property=\"article:publisher\" content=\"https:\/\/facebook.com\/sunoresearch\" \/>\n<meta property=\"og:image\" content=\"https:\/\/files.sunoresearch.com.br\/n\/uploads\/2020\/06\/fd8f5104-fitch-ratings.jpg\" \/>\n\t<meta property=\"og:image:width\" content=\"1024\" \/>\n\t<meta property=\"og:image:height\" content=\"768\" \/>\n\t<meta property=\"og:image:type\" content=\"image\/jpeg\" \/>\n<meta name=\"author\" content=\"Arthur Guimar\u00e3es\" \/>\n<meta name=\"twitter:card\" content=\"summary_large_image\" \/>\n<meta name=\"twitter:creator\" content=\"@sunoresearch\" \/>\n<meta name=\"twitter:site\" content=\"@sunoresearch\" \/>\n<meta name=\"twitter:label1\" content=\"Escrito por\" \/>\n\t<meta name=\"twitter:data1\" content=\"Arthur Guimar\u00e3es\" \/>\n\t<meta name=\"twitter:label2\" content=\"Est. tempo de leitura\" \/>\n\t<meta name=\"twitter:data2\" content=\"2 minutos\" \/>\n<script type=\"application\/ld+json\" class=\"yoast-schema-graph\">{\"@context\":\"https:\/\/schema.org\",\"@graph\":[{\"@type\":\"NewsArticle\",\"@id\":\"https:\/\/www.suno.com.br\/noticias\/america-latina-ratings-rebaixados-fitch\/#article\",\"isPartOf\":{\"@id\":\"https:\/\/www.suno.com.br\/noticias\/america-latina-ratings-rebaixados-fitch\/\"},\"author\":{\"name\":\"Arthur Guimar\u00e3es\",\"@id\":\"https:\/\/www.suno.com.br\/noticias\/#\/schema\/person\/053a750a709a263919a20f976caae91c\"},\"headline\":\"Am\u00e9rica Latina tem ratings rebaixados com coronav\u00edrus, diz Fitch\",\"datePublished\":\"2020-07-16T22:58:46+00:00\",\"mainEntityOfPage\":{\"@id\":\"https:\/\/www.suno.com.br\/noticias\/america-latina-ratings-rebaixados-fitch\/\"},\"wordCount\":356,\"publisher\":{\"@id\":\"https:\/\/www.suno.com.br\/noticias\/#organization\"},\"image\":{\"@id\":\"https:\/\/www.suno.com.br\/noticias\/america-latina-ratings-rebaixados-fitch\/#primaryimage\"},\"thumbnailUrl\":\"https:\/\/files.sunoresearch.com.br\/n\/uploads\/2020\/06\/fd8f5104-fitch-ratings-jpg.webp\",\"keywords\":[\"Am\u00e9rica Latina\",\"Classifica\u00e7\u00e3o de Risco (Rating)\",\"Fitch\"],\"articleSection\":[\"Internacional\"],\"inLanguage\":\"pt-BR\"},{\"@type\":\"WebPage\",\"@id\":\"https:\/\/www.suno.com.br\/noticias\/america-latina-ratings-rebaixados-fitch\/\",\"url\":\"https:\/\/www.suno.com.br\/noticias\/america-latina-ratings-rebaixados-fitch\/\",\"name\":\"Am\u00e9rica Latina tem ratings rebaixados com coronav\u00edrus, diz Fitch\",\"isPartOf\":{\"@id\":\"https:\/\/www.suno.com.br\/noticias\/#website\"},\"primaryImageOfPage\":{\"@id\":\"https:\/\/www.suno.com.br\/noticias\/america-latina-ratings-rebaixados-fitch\/#primaryimage\"},\"image\":{\"@id\":\"https:\/\/www.suno.com.br\/noticias\/america-latina-ratings-rebaixados-fitch\/#primaryimage\"},\"thumbnailUrl\":\"https:\/\/files.sunoresearch.com.br\/n\/uploads\/2020\/06\/fd8f5104-fitch-ratings-jpg.webp\",\"datePublished\":\"2020-07-16T22:58:46+00:00\",\"description\":\"A Fitch avaliou que a pandemia do novo coronav\u00edrus provovou rebaixamentos de ratings na Am\u00e9rica Latina. Clique para saber mais\",\"breadcrumb\":{\"@id\":\"https:\/\/www.suno.com.br\/noticias\/america-latina-ratings-rebaixados-fitch\/#breadcrumb\"},\"inLanguage\":\"pt-BR\",\"potentialAction\":[{\"@type\":\"ReadAction\",\"target\":[\"https:\/\/www.suno.com.br\/noticias\/america-latina-ratings-rebaixados-fitch\/\"]}]},{\"@type\":\"ImageObject\",\"inLanguage\":\"pt-BR\",\"@id\":\"https:\/\/www.suno.com.br\/noticias\/america-latina-ratings-rebaixados-fitch\/#primaryimage\",\"url\":\"https:\/\/files.sunoresearch.com.br\/n\/uploads\/2020\/06\/fd8f5104-fitch-ratings-jpg.webp\",\"contentUrl\":\"https:\/\/files.sunoresearch.com.br\/n\/uploads\/2020\/06\/fd8f5104-fitch-ratings-jpg.webp\",\"width\":1024,\"height\":768,\"caption\":\"A Fitch Ratings afirmou IDR de Longo Prazo em Moeda Estrangeira do Brasil em 'BB-',\u00a0com Perspectiva Negativa\\\".\"},{\"@type\":\"BreadcrumbList\",\"@id\":\"https:\/\/www.suno.com.br\/noticias\/america-latina-ratings-rebaixados-fitch\/#breadcrumb\",\"itemListElement\":[{\"@type\":\"ListItem\",\"position\":1,\"name\":\"Not\u00edcias\",\"item\":\"https:\/\/www.suno.com.br\/noticias\/\"},{\"@type\":\"ListItem\",\"position\":2,\"name\":\"Internacional\",\"item\":\"https:\/\/www.suno.com.br\/noticias\/internacional\/\"},{\"@type\":\"ListItem\",\"position\":3,\"name\":\"Am\u00e9rica Latina tem ratings rebaixados com coronav\u00edrus, diz Fitch\"}]},{\"@type\":\"WebSite\",\"@id\":\"https:\/\/www.suno.com.br\/noticias\/#website\",\"url\":\"https:\/\/www.suno.com.br\/noticias\/\",\"name\":\"Suno Not\u00edcias\",\"description\":\"Seu portal de informa\u00e7\u00e3o sobre o mundo dos investimentos\",\"publisher\":{\"@id\":\"https:\/\/www.suno.com.br\/noticias\/#organization\"},\"potentialAction\":[{\"@type\":\"SearchAction\",\"target\":{\"@type\":\"EntryPoint\",\"urlTemplate\":\"https:\/\/www.suno.com.br\/noticias\/?s={search_term_string}\"},\"query-input\":{\"@type\":\"PropertyValueSpecification\",\"valueRequired\":true,\"valueName\":\"search_term_string\"}}],\"inLanguage\":\"pt-BR\"},{\"@type\":\"Organization\",\"@id\":\"https:\/\/www.suno.com.br\/noticias\/#organization\",\"name\":\"Suno Not\u00edcias\",\"url\":\"https:\/\/www.suno.com.br\/noticias\/\",\"logo\":{\"@type\":\"ImageObject\",\"inLanguage\":\"pt-BR\",\"@id\":\"https:\/\/www.suno.com.br\/noticias\/#\/schema\/logo\/image\/\",\"url\":\"https:\/\/files.sunoresearch.com.br\/n\/uploads\/2021\/09\/suno-logo.png\",\"contentUrl\":\"https:\/\/files.sunoresearch.com.br\/n\/uploads\/2021\/09\/suno-logo.png\",\"width\":180,\"height\":180,\"caption\":\"Suno Not\u00edcias\"},\"image\":{\"@id\":\"https:\/\/www.suno.com.br\/noticias\/#\/schema\/logo\/image\/\"},\"sameAs\":[\"https:\/\/facebook.com\/sunoresearch\",\"https:\/\/x.com\/sunoresearch\",\"https:\/\/www.instagram.com\/suno\",\"https:\/\/www.linkedin.com\/company\/suno-research\/\",\"https:\/\/www.youtube.com\/c\/sunoresearch\"]},{\"@type\":\"Person\",\"@id\":\"https:\/\/www.suno.com.br\/noticias\/#\/schema\/person\/053a750a709a263919a20f976caae91c\",\"name\":\"Arthur Guimar\u00e3es\",\"image\":{\"@type\":\"ImageObject\",\"inLanguage\":\"pt-BR\",\"@id\":\"https:\/\/www.suno.com.br\/noticias\/#\/schema\/person\/image\/\",\"url\":\"https:\/\/secure.gravatar.com\/avatar\/1affd86a11209ae09eb6dd3bcad3e96c?s=96&r=g\",\"contentUrl\":\"https:\/\/secure.gravatar.com\/avatar\/1affd86a11209ae09eb6dd3bcad3e96c?s=96&r=g\",\"caption\":\"Arthur Guimar\u00e3es\"},\"description\":\"Arthur Guimar\u00e3es escreve sobre pol\u00edtica, economia e neg\u00f3cios para o portal de not\u00edcias da Suno Research. Atualmente, \u00e9 estudante de jornalismo pela Faculdade C\u00e1sper L\u00edbero.\",\"url\":\"https:\/\/www.suno.com.br\/noticias\/author\/arthur-guimaraes\/\"}]}<\/script>\n<!-- \/ Yoast SEO plugin. -->","yoast_head_json":{"title":"Am\u00e9rica Latina tem ratings rebaixados com coronav\u00edrus, diz Fitch","description":"A Fitch avaliou que a pandemia do novo coronav\u00edrus provovou rebaixamentos de ratings na Am\u00e9rica Latina. Clique para saber mais","robots":{"index":"index","follow":"follow","max-snippet":"max-snippet:-1","max-image-preview":"max-image-preview:large","max-video-preview":"max-video-preview:-1"},"canonical":"https:\/\/www.suno.com.br\/noticias\/america-latina-ratings-rebaixados-fitch\/","og_locale":"pt_BR","og_type":"article","og_title":"Am\u00e9rica Latina tem ratings rebaixados com coronav\u00edrus, diz Fitch","og_description":"A Fitch avaliou que a pandemia do novo coronav\u00edrus provovou rebaixamentos de ratings na Am\u00e9rica Latina. Clique para saber mais","og_url":"https:\/\/www.suno.com.br\/noticias\/america-latina-ratings-rebaixados-fitch\/","og_site_name":"Suno Not\u00edcias","article_publisher":"https:\/\/facebook.com\/sunoresearch","og_image":[{"width":1024,"height":768,"url":"https:\/\/files.sunoresearch.com.br\/n\/uploads\/2020\/06\/fd8f5104-fitch-ratings.jpg","type":"image\/jpeg"}],"author":"Arthur Guimar\u00e3es","twitter_card":"summary_large_image","twitter_creator":"@sunoresearch","twitter_site":"@sunoresearch","twitter_misc":{"Escrito por":"Arthur Guimar\u00e3es","Est. tempo de leitura":"2 minutos"},"schema":{"@context":"https:\/\/schema.org","@graph":[{"@type":"NewsArticle","@id":"https:\/\/www.suno.com.br\/noticias\/america-latina-ratings-rebaixados-fitch\/#article","isPartOf":{"@id":"https:\/\/www.suno.com.br\/noticias\/america-latina-ratings-rebaixados-fitch\/"},"author":{"name":"Arthur Guimar\u00e3es","@id":"https:\/\/www.suno.com.br\/noticias\/#\/schema\/person\/053a750a709a263919a20f976caae91c"},"headline":"Am\u00e9rica Latina tem ratings rebaixados com coronav\u00edrus, diz Fitch","datePublished":"2020-07-16T22:58:46+00:00","mainEntityOfPage":{"@id":"https:\/\/www.suno.com.br\/noticias\/america-latina-ratings-rebaixados-fitch\/"},"wordCount":356,"publisher":{"@id":"https:\/\/www.suno.com.br\/noticias\/#organization"},"image":{"@id":"https:\/\/www.suno.com.br\/noticias\/america-latina-ratings-rebaixados-fitch\/#primaryimage"},"thumbnailUrl":"https:\/\/files.sunoresearch.com.br\/n\/uploads\/2020\/06\/fd8f5104-fitch-ratings-jpg.webp","keywords":["Am\u00e9rica Latina","Classifica\u00e7\u00e3o de Risco (Rating)","Fitch"],"articleSection":["Internacional"],"inLanguage":"pt-BR"},{"@type":"WebPage","@id":"https:\/\/www.suno.com.br\/noticias\/america-latina-ratings-rebaixados-fitch\/","url":"https:\/\/www.suno.com.br\/noticias\/america-latina-ratings-rebaixados-fitch\/","name":"Am\u00e9rica Latina tem ratings rebaixados com coronav\u00edrus, diz Fitch","isPartOf":{"@id":"https:\/\/www.suno.com.br\/noticias\/#website"},"primaryImageOfPage":{"@id":"https:\/\/www.suno.com.br\/noticias\/america-latina-ratings-rebaixados-fitch\/#primaryimage"},"image":{"@id":"https:\/\/www.suno.com.br\/noticias\/america-latina-ratings-rebaixados-fitch\/#primaryimage"},"thumbnailUrl":"https:\/\/files.sunoresearch.com.br\/n\/uploads\/2020\/06\/fd8f5104-fitch-ratings-jpg.webp","datePublished":"2020-07-16T22:58:46+00:00","description":"A Fitch avaliou que a pandemia do novo coronav\u00edrus provovou rebaixamentos de ratings na Am\u00e9rica Latina. Clique para saber mais","breadcrumb":{"@id":"https:\/\/www.suno.com.br\/noticias\/america-latina-ratings-rebaixados-fitch\/#breadcrumb"},"inLanguage":"pt-BR","potentialAction":[{"@type":"ReadAction","target":["https:\/\/www.suno.com.br\/noticias\/america-latina-ratings-rebaixados-fitch\/"]}]},{"@type":"ImageObject","inLanguage":"pt-BR","@id":"https:\/\/www.suno.com.br\/noticias\/america-latina-ratings-rebaixados-fitch\/#primaryimage","url":"https:\/\/files.sunoresearch.com.br\/n\/uploads\/2020\/06\/fd8f5104-fitch-ratings-jpg.webp","contentUrl":"https:\/\/files.sunoresearch.com.br\/n\/uploads\/2020\/06\/fd8f5104-fitch-ratings-jpg.webp","width":1024,"height":768,"caption":"A Fitch Ratings afirmou IDR de Longo Prazo em Moeda Estrangeira do Brasil em 'BB-',\u00a0com Perspectiva Negativa\"."},{"@type":"BreadcrumbList","@id":"https:\/\/www.suno.com.br\/noticias\/america-latina-ratings-rebaixados-fitch\/#breadcrumb","itemListElement":[{"@type":"ListItem","position":1,"name":"Not\u00edcias","item":"https:\/\/www.suno.com.br\/noticias\/"},{"@type":"ListItem","position":2,"name":"Internacional","item":"https:\/\/www.suno.com.br\/noticias\/internacional\/"},{"@type":"ListItem","position":3,"name":"Am\u00e9rica Latina tem ratings rebaixados com coronav\u00edrus, diz Fitch"}]},{"@type":"WebSite","@id":"https:\/\/www.suno.com.br\/noticias\/#website","url":"https:\/\/www.suno.com.br\/noticias\/","name":"Suno Not\u00edcias","description":"Seu portal de informa\u00e7\u00e3o sobre o mundo dos investimentos","publisher":{"@id":"https:\/\/www.suno.com.br\/noticias\/#organization"},"potentialAction":[{"@type":"SearchAction","target":{"@type":"EntryPoint","urlTemplate":"https:\/\/www.suno.com.br\/noticias\/?s={search_term_string}"},"query-input":{"@type":"PropertyValueSpecification","valueRequired":true,"valueName":"search_term_string"}}],"inLanguage":"pt-BR"},{"@type":"Organization","@id":"https:\/\/www.suno.com.br\/noticias\/#organization","name":"Suno Not\u00edcias","url":"https:\/\/www.suno.com.br\/noticias\/","logo":{"@type":"ImageObject","inLanguage":"pt-BR","@id":"https:\/\/www.suno.com.br\/noticias\/#\/schema\/logo\/image\/","url":"https:\/\/files.sunoresearch.com.br\/n\/uploads\/2021\/09\/suno-logo.png","contentUrl":"https:\/\/files.sunoresearch.com.br\/n\/uploads\/2021\/09\/suno-logo.png","width":180,"height":180,"caption":"Suno Not\u00edcias"},"image":{"@id":"https:\/\/www.suno.com.br\/noticias\/#\/schema\/logo\/image\/"},"sameAs":["https:\/\/facebook.com\/sunoresearch","https:\/\/x.com\/sunoresearch","https:\/\/www.instagram.com\/suno","https:\/\/www.linkedin.com\/company\/suno-research\/","https:\/\/www.youtube.com\/c\/sunoresearch"]},{"@type":"Person","@id":"https:\/\/www.suno.com.br\/noticias\/#\/schema\/person\/053a750a709a263919a20f976caae91c","name":"Arthur Guimar\u00e3es","image":{"@type":"ImageObject","inLanguage":"pt-BR","@id":"https:\/\/www.suno.com.br\/noticias\/#\/schema\/person\/image\/","url":"https:\/\/secure.gravatar.com\/avatar\/1affd86a11209ae09eb6dd3bcad3e96c?s=96&r=g","contentUrl":"https:\/\/secure.gravatar.com\/avatar\/1affd86a11209ae09eb6dd3bcad3e96c?s=96&r=g","caption":"Arthur Guimar\u00e3es"},"description":"Arthur Guimar\u00e3es escreve sobre pol\u00edtica, economia e neg\u00f3cios para o portal de not\u00edcias da Suno Research. Atualmente, \u00e9 estudante de jornalismo pela Faculdade C\u00e1sper L\u00edbero.","url":"https:\/\/www.suno.com.br\/noticias\/author\/arthur-guimaraes\/"}]}},"default_loop_html":"<div class=\"cardsPage__listCard__boxs\"><div class=\"cardsPage__listCard__boxs__img\"><a href=\"https:\/\/www.suno.com.br\/noticias\/america-latina-ratings-rebaixados-fitch\/\"><img class=\"mask\" src=\"https:\/\/www.suno.com.br\/noticias\/wp-content\/themes\/suno\/resources\/images\/spotlight\/spotlight1img\/bg-mask.png\" alt=\"Image Mask\"\/><img src=\"https:\/\/files.sunoresearch.com.br\/n\/uploads\/2020\/06\/fd8f5104-fitch-ratings-400x200.webp\" alt=\"Am\u00e9rica Latina tem ratings rebaixados com coronav\u00edrus, diz Fitch\"\/><\/a><span class=\"spotlightCategory\"><a href=\"https:\/\/www.suno.com.br\/noticias\/internacional\/\">Internacional<\/a><\/span><\/div><div class=\"cardsPage__listCard__boxs__content\"><a href=\"https:\/\/www.suno.com.br\/noticias\/america-latina-ratings-rebaixados-fitch\/\"><h2 class=\"content__title\">Am\u00e9rica Latina tem ratings rebaixados com coronav\u00edrus, diz Fitch<\/h2><\/a><div class=\"newsContent__article__meta\"><div class=\"newsContent__article__meta__authorBox\"><a href=\"https:\/\/www.suno.com.br\/noticias\/author\/arthur-guimaraes\/\" class=\"authorBox__avatar noMobi\"><img src=\"https:\/\/files.sunoresearch.com.br\/n\/uploads\/2020\/02\/dfb40897-eu-150x150.webp\" alt=\"Arthur Guimar\u00e3es\"><\/a><div class=\"authorBox__name\"><span>por\n\t\t\t<a href=\"https:\/\/www.suno.com.br\/noticias\/author\/arthur-guimaraes\/\"><span itemprop=\"author\">Arthur Guimar\u00e3es<\/span><\/a><\/span><time datetime=\"2020-07-16T19:58:46-03:00\" itemprop=\"datePublished\">16\/07\/2020 19:58<\/time><\/div><\/div><\/div><\/div><\/div>","single_layout":"posts","amp_enabled":true,"_links":{"self":[{"href":"https:\/\/www.suno.com.br\/noticias\/wp-json\/wp\/v2\/posts\/73520"}],"collection":[{"href":"https:\/\/www.suno.com.br\/noticias\/wp-json\/wp\/v2\/posts"}],"about":[{"href":"https:\/\/www.suno.com.br\/noticias\/wp-json\/wp\/v2\/types\/post"}],"author":[{"embeddable":true,"href":"https:\/\/www.suno.com.br\/noticias\/wp-json\/wp\/v2\/users\/35"}],"replies":[{"embeddable":true,"href":"https:\/\/www.suno.com.br\/noticias\/wp-json\/wp\/v2\/comments?post=73520"}],"version-history":[{"count":0,"href":"https:\/\/www.suno.com.br\/noticias\/wp-json\/wp\/v2\/posts\/73520\/revisions"}],"wp:featuredmedia":[{"embeddable":true,"href":"https:\/\/www.suno.com.br\/noticias\/wp-json\/wp\/v2\/media\/68298"}],"wp:attachment":[{"href":"https:\/\/www.suno.com.br\/noticias\/wp-json\/wp\/v2\/media?parent=73520"}],"wp:term":[{"taxonomy":"category","embeddable":true,"href":"https:\/\/www.suno.com.br\/noticias\/wp-json\/wp\/v2\/categories?post=73520"},{"taxonomy":"post_tag","embeddable":true,"href":"https:\/\/www.suno.com.br\/noticias\/wp-json\/wp\/v2\/tags?post=73520"},{"taxonomy":"suno_strategy","embeddable":true,"href":"https:\/\/www.suno.com.br\/noticias\/wp-json\/wp\/v2\/suno_strategy?post=73520"}],"curies":[{"name":"wp","href":"https:\/\/api.w.org\/{rel}","templated":true}]}}