{"id":73480,"date":"2020-07-16T16:45:31","date_gmt":"2020-07-16T19:45:31","guid":{"rendered":"https:\/\/www.suno.com.br\/noticias\/?p=73480"},"modified":"2020-07-16T17:23:55","modified_gmt":"2020-07-16T20:23:55","slug":"vendas-no-varejo-eua-avancam-75-junho","status":"publish","type":"post","link":"https:\/\/www.suno.com.br\/noticias\/vendas-no-varejo-eua-avancam-75-junho\/","title":{"rendered":"Vendas no varejo dos EUA avan\u00e7am 7,5% em junho"},"content":{"rendered":"<p>O Departamento de Com\u00e9rcio dos EUA informou nesta quinta-feira (16) que as <strong>vendas no varejo<\/strong> aumentaram 7,5% <span style=\"font-size: 19.4286px;\">durante o m\u00eas de junho. <\/span><span style=\"font-size: 1.21429rem;\">O n\u00famero que representa as<\/span><span style=\"font-size: 19.4286px;\">\u00a0compras em lojas, restaurantes e e-commerce<\/span><span style=\"font-size: 1.21429rem;\"> totalizaram US$ 524,3 bilh\u00f5es (cerca de R$ 2,81 trilh\u00f5es) no m\u00eas passado, aproximando-se aos n\u00edveis pr\u00e9-pand\u00eamicos.<\/span><\/p>\t<div class=\"wrapper-featured-image\">\n\t\t<figure class=\"spotlightImg\">\n\n\t\t\t<picture>\n\t\t\t\t<source media=\"(max-width: 768px)\" srcset=\"https:\/\/files.sunoresearch.com.br\/n\/uploads\/2019\/06\/5227f188-empregos-400x200.webp\">\n\t\t\t\t<img loading=\"lazy\" decoding=\"async\" class=\"newsContent__article__imgCapa lazyloadDisabled newsContent__article__imgCapa--noCaption\" src=\"https:\/\/files.sunoresearch.com.br\/n\/uploads\/2019\/06\/5227f188-empregos-jpg.webp\" width=\"800\" height=\"450\" alt=\"Vendas no varejo dos EUA avan\u00e7am 7,5% em junho\" fetchpriority=high \/>\n\t\t\t<\/picture>\n\n\t\t\t<figcaption class=\"wp-caption-text wp-caption-text--hide\">Bandeira dos EUA (Foto: divulga\u00e7\u00e3o)<\/figcaption>\n\t\t<\/figure>\n\t<\/div>\n\n\n\n<p>Os consumidores norte-americanos aumentaram os gastos em lojas e concession\u00e1rias de autom\u00f3veis em junho pelo segundo m\u00eas consecutivo, \u00e0 medida que os estados reabriam a economia. Entretanto, o recente aumento de casos de <strong>coronav\u00edrus (covid-19)<\/strong> poderia novamente diminuir o crescimento dos empregos e dos gastos no varejo.<\/p>\n<p>Ao mesmo tempo, os Estados Unidos registraram\u00a0<span style=\"font-size: 19.4286px;\">1,3 milh\u00e3o de<\/span><span style=\"font-size: 1.21429rem;\"> novos pedidos de <strong>seguro-desemprego<\/strong> para a semana encerrada em 11 de julho. Segundo o Departamento do Trabalho dos EUA, o resultado \u00e9 uma rea\u00e7\u00e3o ao aumento das infec\u00e7\u00f5es por Covid-19 e \u00e0s consequentes restri\u00e7\u00f5es na economia e no mercado de trabalho. Na ultima semana de mar\u00e7o, os EUA registraram 6,9 \u200b\u200bmilh\u00f5es de pedidos.<\/span><\/p>\n<p><a href=\"https:\/\/lp.suno.com.br\/suno-one\/\">No Suno One voc\u00ea aprende a fazer seu dinheiro trabalhar para voc\u00ea. Cadastre-se gratuitamente agora!<\/a><\/p>\n<p>O aumento das vendas no varejo estadunidense em junho foi impulsionado por uma retomada nas vendas de autom\u00f3veis, m\u00f3veis, roupas e eletr\u00f4nicos, j\u00e1 que os consumidores voltaram \u00e0s lojas ap\u00f3s a reabertura da economia.<\/p>\n<p>Ainda assim, economistas dizem que um recente aumento na dissemina\u00e7\u00e3o do coronav\u00edrus poderia novamente reduzir os gastos no varejo, \u00e0 medida que os pa\u00edses pausam ou revertem os planos de reabertura de restaurantes, cinemas e outras atividades.<\/p>\n<h1 class=\"entry-title typescale-5\">Vendas no Varejo do Brasil avan\u00e7aram 13,9% em maio<\/h1>\n<p>O com\u00e9rcio varejista registrou uma alta no volume de vendas em maio frente ao m\u00eas de abril. O avan\u00e7o nas <strong>vendas no varejo<\/strong> foi de 13,9% em rela\u00e7\u00e3o ao m\u00eas anterior. Esta foi a maior alta da s\u00e9rie hist\u00f3rica da pesquisa, iniciada em janeiro de 2000. O crescimento acontece ap\u00f3s o m\u00eas de abril registrar um recuo recorde de 16,3% em compara\u00e7\u00e3o a mar\u00e7o. Os dados foram divulgados nesta quarta-feira (8) pelo Instituto Brasileiro de Geografia e Estat\u00edstica (IBGE).<\/p>\n<p><a href=\"https:\/\/www.suno.com.br\/noticias\/vendas-no-varejo-maio-ibge\/\">Veja tamb\u00e9m: Vendas no Varejo avan\u00e7am 13,9% em maio, diz IBGE<\/a><\/p>\n<p>Na s\u00e9rie sem ajuste sazonal, em rela\u00e7\u00e3o a maio de 2019, o com\u00e9rcio varejista registrou uma queda de 7,2%. No acumulado do ano, as vendas no varejo tiveram queda de 3,9%. O acumulado nos \u00faltimos 12 meses, entretanto, permanece est\u00e1vel em 0,0%.<\/p>\n\n","protected":false},"excerpt":{"rendered":"<p>O Departamento de Com\u00e9rcio dos EUA informou nesta quinta-feira (16) que as vendas no varejo aumentaram 7,5% durante o m\u00eas de junho. O n\u00famero que representa as\u00a0compras em lojas, restaurantes e e-commerce totalizaram US$ 524,3 bilh\u00f5es (cerca de R$ 2,81 trilh\u00f5es) no m\u00eas passado, aproximando-se aos n\u00edveis pr\u00e9-pand\u00eamicos. Bandeira dos EUA (Foto: divulga\u00e7\u00e3o) Os consumidores [&hellip;]<\/p>\n","protected":false},"author":44,"featured_media":27606,"comment_status":"closed","ping_status":"closed","sticky":false,"template":"","format":"standard","meta":[],"categories":[62],"tags":[2487,1296,793,2274,803],"suno_strategy":[],"class_list":["post-73480","post","type-post","status-publish","format-standard","has-post-thumbnail","hentry","category-economia","tag-coronavirus","tag-desemprego","tag-estados-unidos-eua","tag-seguro-desemprego","tag-varejo"],"yoast_head":"<!-- This site is optimized with the Yoast SEO plugin v24.4 - https:\/\/yoast.com\/wordpress\/plugins\/seo\/ -->\n<title>Vendas no Varejo dos EUA avan\u00e7am 7,5% em junho<\/title>\n<meta name=\"description\" content=\"O Departamento de Com\u00e9rcio dos EUA informou que as vendas no varejo aumentaram 7,5% durante o m\u00eas de junho. Clique para ver mais.\" \/>\n<meta name=\"robots\" content=\"index, follow, max-snippet:-1, max-image-preview:large, max-video-preview:-1\" \/>\n<link rel=\"canonical\" href=\"https:\/\/www.suno.com.br\/noticias\/vendas-no-varejo-eua-avancam-75-junho\/\" \/>\n<meta property=\"og:locale\" content=\"pt_BR\" \/>\n<meta property=\"og:type\" content=\"article\" \/>\n<meta property=\"og:title\" content=\"Vendas no Varejo dos EUA avan\u00e7am 7,5% em junho\" \/>\n<meta property=\"og:description\" content=\"O Departamento de Com\u00e9rcio dos EUA informou que as vendas no varejo aumentaram 7,5% durante o m\u00eas de junho. Clique para ver mais.\" \/>\n<meta property=\"og:url\" content=\"https:\/\/www.suno.com.br\/noticias\/vendas-no-varejo-eua-avancam-75-junho\/\" \/>\n<meta property=\"og:site_name\" content=\"Suno Not\u00edcias\" \/>\n<meta property=\"article:publisher\" content=\"https:\/\/facebook.com\/sunoresearch\" \/>\n<meta property=\"og:image\" content=\"https:\/\/files.sunoresearch.com.br\/n\/uploads\/2019\/06\/5227f188-empregos.jpg\" \/>\n\t<meta property=\"og:image:width\" content=\"1100\" \/>\n\t<meta property=\"og:image:height\" content=\"370\" \/>\n\t<meta property=\"og:image:type\" content=\"image\/jpeg\" \/>\n<meta name=\"author\" content=\"Daniel Guimar\u00e3es\" \/>\n<meta name=\"twitter:card\" content=\"summary_large_image\" \/>\n<meta name=\"twitter:creator\" content=\"@sunoresearch\" \/>\n<meta name=\"twitter:site\" content=\"@sunoresearch\" \/>\n<meta name=\"twitter:label1\" content=\"Escrito por\" \/>\n\t<meta name=\"twitter:data1\" content=\"Daniel Guimar\u00e3es\" \/>\n\t<meta name=\"twitter:label2\" content=\"Est. tempo de leitura\" \/>\n\t<meta name=\"twitter:data2\" content=\"2 minutos\" \/>\n<script type=\"application\/ld+json\" class=\"yoast-schema-graph\">{\"@context\":\"https:\/\/schema.org\",\"@graph\":[{\"@type\":\"NewsArticle\",\"@id\":\"https:\/\/www.suno.com.br\/noticias\/vendas-no-varejo-eua-avancam-75-junho\/#article\",\"isPartOf\":{\"@id\":\"https:\/\/www.suno.com.br\/noticias\/vendas-no-varejo-eua-avancam-75-junho\/\"},\"author\":{\"name\":\"Daniel Guimar\u00e3es\",\"@id\":\"https:\/\/www.suno.com.br\/noticias\/#\/schema\/person\/a7796c19fcf6bafd03b9a2fa1fd9ae20\"},\"headline\":\"Vendas no varejo dos EUA avan\u00e7am 7,5% em junho\",\"datePublished\":\"2020-07-16T19:45:31+00:00\",\"dateModified\":\"2020-07-16T20:23:55+00:00\",\"mainEntityOfPage\":{\"@id\":\"https:\/\/www.suno.com.br\/noticias\/vendas-no-varejo-eua-avancam-75-junho\/\"},\"wordCount\":427,\"publisher\":{\"@id\":\"https:\/\/www.suno.com.br\/noticias\/#organization\"},\"image\":{\"@id\":\"https:\/\/www.suno.com.br\/noticias\/vendas-no-varejo-eua-avancam-75-junho\/#primaryimage\"},\"thumbnailUrl\":\"https:\/\/files.sunoresearch.com.br\/n\/uploads\/2019\/06\/5227f188-empregos-jpg.webp\",\"keywords\":[\"coronav\u00edrus\",\"Desemprego\",\"Estados Unidos (EUA)\",\"seguro desemprego\",\"varejo\"],\"articleSection\":[\"Economia\"],\"inLanguage\":\"pt-BR\"},{\"@type\":\"WebPage\",\"@id\":\"https:\/\/www.suno.com.br\/noticias\/vendas-no-varejo-eua-avancam-75-junho\/\",\"url\":\"https:\/\/www.suno.com.br\/noticias\/vendas-no-varejo-eua-avancam-75-junho\/\",\"name\":\"Vendas no Varejo dos EUA avan\u00e7am 7,5% em junho\",\"isPartOf\":{\"@id\":\"https:\/\/www.suno.com.br\/noticias\/#website\"},\"primaryImageOfPage\":{\"@id\":\"https:\/\/www.suno.com.br\/noticias\/vendas-no-varejo-eua-avancam-75-junho\/#primaryimage\"},\"image\":{\"@id\":\"https:\/\/www.suno.com.br\/noticias\/vendas-no-varejo-eua-avancam-75-junho\/#primaryimage\"},\"thumbnailUrl\":\"https:\/\/files.sunoresearch.com.br\/n\/uploads\/2019\/06\/5227f188-empregos-jpg.webp\",\"datePublished\":\"2020-07-16T19:45:31+00:00\",\"dateModified\":\"2020-07-16T20:23:55+00:00\",\"description\":\"O Departamento de Com\u00e9rcio dos EUA informou que as vendas no varejo aumentaram 7,5% durante o m\u00eas de junho. Clique para ver mais.\",\"breadcrumb\":{\"@id\":\"https:\/\/www.suno.com.br\/noticias\/vendas-no-varejo-eua-avancam-75-junho\/#breadcrumb\"},\"inLanguage\":\"pt-BR\",\"potentialAction\":[{\"@type\":\"ReadAction\",\"target\":[\"https:\/\/www.suno.com.br\/noticias\/vendas-no-varejo-eua-avancam-75-junho\/\"]}]},{\"@type\":\"ImageObject\",\"inLanguage\":\"pt-BR\",\"@id\":\"https:\/\/www.suno.com.br\/noticias\/vendas-no-varejo-eua-avancam-75-junho\/#primaryimage\",\"url\":\"https:\/\/files.sunoresearch.com.br\/n\/uploads\/2019\/06\/5227f188-empregos-jpg.webp\",\"contentUrl\":\"https:\/\/files.sunoresearch.com.br\/n\/uploads\/2019\/06\/5227f188-empregos-jpg.webp\",\"width\":1100,\"height\":370,\"caption\":\"Bandeira dos EUA (Foto: divulga\u00e7\u00e3o)\"},{\"@type\":\"BreadcrumbList\",\"@id\":\"https:\/\/www.suno.com.br\/noticias\/vendas-no-varejo-eua-avancam-75-junho\/#breadcrumb\",\"itemListElement\":[{\"@type\":\"ListItem\",\"position\":1,\"name\":\"Not\u00edcias\",\"item\":\"https:\/\/www.suno.com.br\/noticias\/\"},{\"@type\":\"ListItem\",\"position\":2,\"name\":\"Economia\",\"item\":\"https:\/\/www.suno.com.br\/noticias\/economia\/\"},{\"@type\":\"ListItem\",\"position\":3,\"name\":\"Vendas no varejo dos EUA avan\u00e7am 7,5% em junho\"}]},{\"@type\":\"WebSite\",\"@id\":\"https:\/\/www.suno.com.br\/noticias\/#website\",\"url\":\"https:\/\/www.suno.com.br\/noticias\/\",\"name\":\"Suno Not\u00edcias\",\"description\":\"Seu portal de informa\u00e7\u00e3o sobre o mundo dos investimentos\",\"publisher\":{\"@id\":\"https:\/\/www.suno.com.br\/noticias\/#organization\"},\"potentialAction\":[{\"@type\":\"SearchAction\",\"target\":{\"@type\":\"EntryPoint\",\"urlTemplate\":\"https:\/\/www.suno.com.br\/noticias\/?s={search_term_string}\"},\"query-input\":{\"@type\":\"PropertyValueSpecification\",\"valueRequired\":true,\"valueName\":\"search_term_string\"}}],\"inLanguage\":\"pt-BR\"},{\"@type\":\"Organization\",\"@id\":\"https:\/\/www.suno.com.br\/noticias\/#organization\",\"name\":\"Suno Not\u00edcias\",\"url\":\"https:\/\/www.suno.com.br\/noticias\/\",\"logo\":{\"@type\":\"ImageObject\",\"inLanguage\":\"pt-BR\",\"@id\":\"https:\/\/www.suno.com.br\/noticias\/#\/schema\/logo\/image\/\",\"url\":\"https:\/\/files.sunoresearch.com.br\/n\/uploads\/2021\/09\/suno-logo.png\",\"contentUrl\":\"https:\/\/files.sunoresearch.com.br\/n\/uploads\/2021\/09\/suno-logo.png\",\"width\":180,\"height\":180,\"caption\":\"Suno Not\u00edcias\"},\"image\":{\"@id\":\"https:\/\/www.suno.com.br\/noticias\/#\/schema\/logo\/image\/\"},\"sameAs\":[\"https:\/\/facebook.com\/sunoresearch\",\"https:\/\/x.com\/sunoresearch\",\"https:\/\/www.instagram.com\/suno\",\"https:\/\/www.linkedin.com\/company\/suno-research\/\",\"https:\/\/www.youtube.com\/c\/sunoresearch\"]},{\"@type\":\"Person\",\"@id\":\"https:\/\/www.suno.com.br\/noticias\/#\/schema\/person\/a7796c19fcf6bafd03b9a2fa1fd9ae20\",\"name\":\"Daniel Guimar\u00e3es\",\"image\":{\"@type\":\"ImageObject\",\"inLanguage\":\"pt-BR\",\"@id\":\"https:\/\/www.suno.com.br\/noticias\/#\/schema\/person\/image\/\",\"url\":\"https:\/\/secure.gravatar.com\/avatar\/fb8260757609f58f0c0ac079d1b32eff?s=96&r=g\",\"contentUrl\":\"https:\/\/secure.gravatar.com\/avatar\/fb8260757609f58f0c0ac079d1b32eff?s=96&r=g\",\"caption\":\"Daniel Guimar\u00e3es\"},\"description\":\"Estagi\u00e1rio na Suno Not\u00edcias, Daniel escreve not\u00edcias que afetam o mercado financeiro brasileiro e internacional. Estuda economia na Rutgers University, em New Jersey.\",\"sameAs\":[\"suno.research\"],\"url\":\"https:\/\/www.suno.com.br\/noticias\/author\/daniel\/\"}]}<\/script>\n<!-- \/ Yoast SEO plugin. -->","yoast_head_json":{"title":"Vendas no Varejo dos EUA avan\u00e7am 7,5% em junho","description":"O Departamento de Com\u00e9rcio dos EUA informou que as vendas no varejo aumentaram 7,5% durante o m\u00eas de junho. Clique para ver mais.","robots":{"index":"index","follow":"follow","max-snippet":"max-snippet:-1","max-image-preview":"max-image-preview:large","max-video-preview":"max-video-preview:-1"},"canonical":"https:\/\/www.suno.com.br\/noticias\/vendas-no-varejo-eua-avancam-75-junho\/","og_locale":"pt_BR","og_type":"article","og_title":"Vendas no Varejo dos EUA avan\u00e7am 7,5% em junho","og_description":"O Departamento de Com\u00e9rcio dos EUA informou que as vendas no varejo aumentaram 7,5% durante o m\u00eas de junho. Clique para ver mais.","og_url":"https:\/\/www.suno.com.br\/noticias\/vendas-no-varejo-eua-avancam-75-junho\/","og_site_name":"Suno Not\u00edcias","article_publisher":"https:\/\/facebook.com\/sunoresearch","og_image":[{"width":1100,"height":370,"url":"https:\/\/files.sunoresearch.com.br\/n\/uploads\/2019\/06\/5227f188-empregos.jpg","type":"image\/jpeg"}],"author":"Daniel Guimar\u00e3es","twitter_card":"summary_large_image","twitter_creator":"@sunoresearch","twitter_site":"@sunoresearch","twitter_misc":{"Escrito por":"Daniel Guimar\u00e3es","Est. tempo de leitura":"2 minutos"},"schema":{"@context":"https:\/\/schema.org","@graph":[{"@type":"NewsArticle","@id":"https:\/\/www.suno.com.br\/noticias\/vendas-no-varejo-eua-avancam-75-junho\/#article","isPartOf":{"@id":"https:\/\/www.suno.com.br\/noticias\/vendas-no-varejo-eua-avancam-75-junho\/"},"author":{"name":"Daniel Guimar\u00e3es","@id":"https:\/\/www.suno.com.br\/noticias\/#\/schema\/person\/a7796c19fcf6bafd03b9a2fa1fd9ae20"},"headline":"Vendas no varejo dos EUA avan\u00e7am 7,5% em junho","datePublished":"2020-07-16T19:45:31+00:00","dateModified":"2020-07-16T20:23:55+00:00","mainEntityOfPage":{"@id":"https:\/\/www.suno.com.br\/noticias\/vendas-no-varejo-eua-avancam-75-junho\/"},"wordCount":427,"publisher":{"@id":"https:\/\/www.suno.com.br\/noticias\/#organization"},"image":{"@id":"https:\/\/www.suno.com.br\/noticias\/vendas-no-varejo-eua-avancam-75-junho\/#primaryimage"},"thumbnailUrl":"https:\/\/files.sunoresearch.com.br\/n\/uploads\/2019\/06\/5227f188-empregos-jpg.webp","keywords":["coronav\u00edrus","Desemprego","Estados Unidos (EUA)","seguro desemprego","varejo"],"articleSection":["Economia"],"inLanguage":"pt-BR"},{"@type":"WebPage","@id":"https:\/\/www.suno.com.br\/noticias\/vendas-no-varejo-eua-avancam-75-junho\/","url":"https:\/\/www.suno.com.br\/noticias\/vendas-no-varejo-eua-avancam-75-junho\/","name":"Vendas no Varejo dos EUA avan\u00e7am 7,5% em junho","isPartOf":{"@id":"https:\/\/www.suno.com.br\/noticias\/#website"},"primaryImageOfPage":{"@id":"https:\/\/www.suno.com.br\/noticias\/vendas-no-varejo-eua-avancam-75-junho\/#primaryimage"},"image":{"@id":"https:\/\/www.suno.com.br\/noticias\/vendas-no-varejo-eua-avancam-75-junho\/#primaryimage"},"thumbnailUrl":"https:\/\/files.sunoresearch.com.br\/n\/uploads\/2019\/06\/5227f188-empregos-jpg.webp","datePublished":"2020-07-16T19:45:31+00:00","dateModified":"2020-07-16T20:23:55+00:00","description":"O Departamento de Com\u00e9rcio dos EUA informou que as vendas no varejo aumentaram 7,5% durante o m\u00eas de junho. Clique para ver mais.","breadcrumb":{"@id":"https:\/\/www.suno.com.br\/noticias\/vendas-no-varejo-eua-avancam-75-junho\/#breadcrumb"},"inLanguage":"pt-BR","potentialAction":[{"@type":"ReadAction","target":["https:\/\/www.suno.com.br\/noticias\/vendas-no-varejo-eua-avancam-75-junho\/"]}]},{"@type":"ImageObject","inLanguage":"pt-BR","@id":"https:\/\/www.suno.com.br\/noticias\/vendas-no-varejo-eua-avancam-75-junho\/#primaryimage","url":"https:\/\/files.sunoresearch.com.br\/n\/uploads\/2019\/06\/5227f188-empregos-jpg.webp","contentUrl":"https:\/\/files.sunoresearch.com.br\/n\/uploads\/2019\/06\/5227f188-empregos-jpg.webp","width":1100,"height":370,"caption":"Bandeira dos EUA (Foto: divulga\u00e7\u00e3o)"},{"@type":"BreadcrumbList","@id":"https:\/\/www.suno.com.br\/noticias\/vendas-no-varejo-eua-avancam-75-junho\/#breadcrumb","itemListElement":[{"@type":"ListItem","position":1,"name":"Not\u00edcias","item":"https:\/\/www.suno.com.br\/noticias\/"},{"@type":"ListItem","position":2,"name":"Economia","item":"https:\/\/www.suno.com.br\/noticias\/economia\/"},{"@type":"ListItem","position":3,"name":"Vendas no varejo dos EUA avan\u00e7am 7,5% em junho"}]},{"@type":"WebSite","@id":"https:\/\/www.suno.com.br\/noticias\/#website","url":"https:\/\/www.suno.com.br\/noticias\/","name":"Suno Not\u00edcias","description":"Seu portal de informa\u00e7\u00e3o sobre o mundo dos investimentos","publisher":{"@id":"https:\/\/www.suno.com.br\/noticias\/#organization"},"potentialAction":[{"@type":"SearchAction","target":{"@type":"EntryPoint","urlTemplate":"https:\/\/www.suno.com.br\/noticias\/?s={search_term_string}"},"query-input":{"@type":"PropertyValueSpecification","valueRequired":true,"valueName":"search_term_string"}}],"inLanguage":"pt-BR"},{"@type":"Organization","@id":"https:\/\/www.suno.com.br\/noticias\/#organization","name":"Suno Not\u00edcias","url":"https:\/\/www.suno.com.br\/noticias\/","logo":{"@type":"ImageObject","inLanguage":"pt-BR","@id":"https:\/\/www.suno.com.br\/noticias\/#\/schema\/logo\/image\/","url":"https:\/\/files.sunoresearch.com.br\/n\/uploads\/2021\/09\/suno-logo.png","contentUrl":"https:\/\/files.sunoresearch.com.br\/n\/uploads\/2021\/09\/suno-logo.png","width":180,"height":180,"caption":"Suno Not\u00edcias"},"image":{"@id":"https:\/\/www.suno.com.br\/noticias\/#\/schema\/logo\/image\/"},"sameAs":["https:\/\/facebook.com\/sunoresearch","https:\/\/x.com\/sunoresearch","https:\/\/www.instagram.com\/suno","https:\/\/www.linkedin.com\/company\/suno-research\/","https:\/\/www.youtube.com\/c\/sunoresearch"]},{"@type":"Person","@id":"https:\/\/www.suno.com.br\/noticias\/#\/schema\/person\/a7796c19fcf6bafd03b9a2fa1fd9ae20","name":"Daniel Guimar\u00e3es","image":{"@type":"ImageObject","inLanguage":"pt-BR","@id":"https:\/\/www.suno.com.br\/noticias\/#\/schema\/person\/image\/","url":"https:\/\/secure.gravatar.com\/avatar\/fb8260757609f58f0c0ac079d1b32eff?s=96&r=g","contentUrl":"https:\/\/secure.gravatar.com\/avatar\/fb8260757609f58f0c0ac079d1b32eff?s=96&r=g","caption":"Daniel Guimar\u00e3es"},"description":"Estagi\u00e1rio na Suno Not\u00edcias, Daniel escreve not\u00edcias que afetam o mercado financeiro brasileiro e internacional. Estuda economia na Rutgers University, em New Jersey.","sameAs":["suno.research"],"url":"https:\/\/www.suno.com.br\/noticias\/author\/daniel\/"}]}},"default_loop_html":"<div class=\"cardsPage__listCard__boxs\"><div class=\"cardsPage__listCard__boxs__img\"><a href=\"https:\/\/www.suno.com.br\/noticias\/vendas-no-varejo-eua-avancam-75-junho\/\"><img class=\"mask\" src=\"https:\/\/www.suno.com.br\/noticias\/wp-content\/themes\/suno\/resources\/images\/spotlight\/spotlight1img\/bg-mask.png\" alt=\"Image Mask\"\/><img src=\"https:\/\/files.sunoresearch.com.br\/n\/uploads\/2019\/06\/5227f188-empregos-400x200.webp\" alt=\"Vendas no varejo dos EUA avan\u00e7am 7,5% em junho\"\/><\/a><span class=\"spotlightCategory\"><a href=\"https:\/\/www.suno.com.br\/noticias\/economia\/\">Economia<\/a><\/span><\/div><div class=\"cardsPage__listCard__boxs__content\"><a href=\"https:\/\/www.suno.com.br\/noticias\/vendas-no-varejo-eua-avancam-75-junho\/\"><h2 class=\"content__title\">Vendas no varejo dos EUA avan\u00e7am 7,5% em junho<\/h2><\/a><div class=\"newsContent__article__meta\"><div class=\"newsContent__article__meta__authorBox\"><a href=\"https:\/\/www.suno.com.br\/noticias\/author\/daniel\/\" class=\"authorBox__avatar noMobi\"><img src=\"https:\/\/files.sunoresearch.com.br\/n\/uploads\/2020\/08\/e51aadd2-whatsapp-image-2020-08-03-at-14.03.48-150x150.webp\" alt=\"Daniel Guimar\u00e3es\"><\/a><div class=\"authorBox__name\"><span>por\n\t\t\t<a href=\"https:\/\/www.suno.com.br\/noticias\/author\/daniel\/\"><span itemprop=\"author\">Daniel Guimar\u00e3es<\/span><\/a><\/span><time datetime=\"2020-07-16T16:45:31-03:00\" itemprop=\"datePublished\">16\/07\/2020 16:45<\/time><\/div><\/div><\/div><\/div><\/div>","single_layout":"posts","amp_enabled":true,"_links":{"self":[{"href":"https:\/\/www.suno.com.br\/noticias\/wp-json\/wp\/v2\/posts\/73480"}],"collection":[{"href":"https:\/\/www.suno.com.br\/noticias\/wp-json\/wp\/v2\/posts"}],"about":[{"href":"https:\/\/www.suno.com.br\/noticias\/wp-json\/wp\/v2\/types\/post"}],"author":[{"embeddable":true,"href":"https:\/\/www.suno.com.br\/noticias\/wp-json\/wp\/v2\/users\/44"}],"replies":[{"embeddable":true,"href":"https:\/\/www.suno.com.br\/noticias\/wp-json\/wp\/v2\/comments?post=73480"}],"version-history":[{"count":0,"href":"https:\/\/www.suno.com.br\/noticias\/wp-json\/wp\/v2\/posts\/73480\/revisions"}],"wp:featuredmedia":[{"embeddable":true,"href":"https:\/\/www.suno.com.br\/noticias\/wp-json\/wp\/v2\/media\/27606"}],"wp:attachment":[{"href":"https:\/\/www.suno.com.br\/noticias\/wp-json\/wp\/v2\/media?parent=73480"}],"wp:term":[{"taxonomy":"category","embeddable":true,"href":"https:\/\/www.suno.com.br\/noticias\/wp-json\/wp\/v2\/categories?post=73480"},{"taxonomy":"post_tag","embeddable":true,"href":"https:\/\/www.suno.com.br\/noticias\/wp-json\/wp\/v2\/tags?post=73480"},{"taxonomy":"suno_strategy","embeddable":true,"href":"https:\/\/www.suno.com.br\/noticias\/wp-json\/wp\/v2\/suno_strategy?post=73480"}],"curies":[{"name":"wp","href":"https:\/\/api.w.org\/{rel}","templated":true}]}}