{"id":73461,"date":"2020-07-16T15:01:19","date_gmt":"2020-07-16T18:01:19","guid":{"rendered":"https:\/\/www.suno.com.br\/noticias\/?p=73461"},"modified":"2021-06-21T06:21:02","modified_gmt":"2021-06-21T09:21:02","slug":"marfrig-mrfg3-credit-suisse-eleva-preco-alvo-reitera-recomendacao","status":"publish","type":"post","link":"https:\/\/www.suno.com.br\/noticias\/marfrig-mrfg3-credit-suisse-eleva-preco-alvo-reitera-recomendacao\/","title":{"rendered":"Marfrig (MRFG3): Credit Suisse eleva pre\u00e7o alvo e reitera recomenda\u00e7\u00e3o"},"content":{"rendered":"<p>O Credit Suisse elevou o pre\u00e7o alvo das a\u00e7\u00f5es da <a href=\"https:\/\/www.suno.com.br\/acoes\/mrfg3\/\"><strong>Marfrig <\/strong><strong>Global Foods (MRFG3)<\/strong><\/a> de R$ 16 para R$ 20. Al\u00e9m disso, a divis\u00e3o de research da institui\u00e7\u00e3o financeira reiterou a classifica\u00e7\u00e3o dos pap\u00e9is como &#8220;Outperform&#8221;.<\/p>\t<div class=\"wrapper-featured-image\">\n\t\t<figure class=\"spotlightImg\">\n\n\t\t\t<picture>\n\t\t\t\t<source media=\"(max-width: 768px)\" srcset=\"https:\/\/files.sunoresearch.com.br\/n\/uploads\/2019\/11\/df7f8e88-marfrig-400x200.webp\">\n\t\t\t\t<img loading=\"lazy\" decoding=\"async\" class=\"newsContent__article__imgCapa lazyloadDisabled newsContent__article__imgCapa--noCaption\" src=\"https:\/\/files.sunoresearch.com.br\/n\/uploads\/2019\/11\/df7f8e88-marfrig-800x450.webp\" width=\"800\" height=\"450\" alt=\"Marfrig (MRFG3): Credit Suisse eleva pre\u00e7o alvo e reitera recomenda\u00e7\u00e3o\" fetchpriority=high \/>\n\t\t\t<\/picture>\n\n\t\t\t<figcaption class=\"wp-caption-text wp-caption-text--hide\">A Marfrig (MRFG3) apresentou, na noite da \u00faltima quarta-feira (11), seu resultado do terceiro trimestre. <\/figcaption>\n\t\t<\/figure>\n\t<\/div>\n\n\n\n<p>Segundo os analistas do banco de investimentos Victor Saraiotto e Felipe Viera, \u00e9 esperado que a <a href=\"https:\/\/www.suno.com.br\/artigos\/o-que-receita-bruta\/\">receita bruta<\/a> da empresa cres\u00e7a 44% no 2T20, quando comparado com o mesmo per\u00edodo do ano passado. Al\u00e9m disso, o <a href=\"https:\/\/www.suno.com.br\/artigos\/ebitda\/\"> lucro antes de juros, impostos, deprecia\u00e7\u00e3o e amortiza\u00e7\u00e3o (Ebitda)<\/a> deve alcan\u00e7ar R$ 3,3 bilh\u00f5es, com uma margem de 18,5%, o que representa um aumento de 194% ano a ano.<\/p>\n<p>Em relat\u00f3rios anteriores, o <strong>Credit Suisse<\/strong> j\u00e1 havia afirmado que 2020 &#8220;seria o melhor ano da hist\u00f3ria da empresa&#8221;, o que levava a institui\u00e7\u00e3o \u00e0 uma previs\u00e3o 26% acima do consenso h\u00e1 dois meses. Mantendo o otimismo, o banco acredita que se as estimativas para o segundo trimestre de 2020 se mostrarem corretas, a Marfrig atingir\u00e1 75% dos n\u00fameros estimados para o ano inteiro j\u00e1 na primeira metade do ano.<\/p>\n<p><a href=\"https:\/\/lp.suno.com.br\/suno-one\/\">Suno One: o primeiro passo para alcan\u00e7ar a sua independ\u00eancia financeira. Acesse agora, \u00e9 gratuito!<\/a><\/p>\n<p><span style=\"font-size: 19.4286px;\">Isso tamb\u00e9m possibilitou que as estimativas do Ebitda para 2020 fossem revisadas para um n\u00edvel recorde, de R$ 7,5 bilh\u00f5es. <\/span>Ao estimar esse valor, a rela\u00e7\u00e3o <a href=\"https:\/\/www.google.com\/url?sa=t&amp;rct=j&amp;q=&amp;esrc=s&amp;source=web&amp;cd=&amp;ved=2ahUKEwio0f7dp9LqAhVLj3IEHVpMBkwQFjAAegQIBRAB&amp;url=https%3A%2F%2Fwww.suno.com.br%2Fartigos%2Fevebitda%2F&amp;usg=AOvVaw0OKgwnqB8BES0dKKqzJ056\">EV \/ Ebitda<\/a> \u00e9 de 3,2X. Isso faz da Marfrig, segundo os analistas, o ve\u00edculo mais barato para aproveitar o forte momento da ind\u00fastria de prote\u00ednas. Adicionalmente, o Credit Suisse acredita que a empresa gerar\u00e1 um <a href=\"https:\/\/www.google.com\/url?sa=t&amp;rct=j&amp;q=&amp;esrc=s&amp;source=web&amp;cd=&amp;cad=rja&amp;uact=8&amp;ved=2ahUKEwjEqKTsqNLqAhV6mXIEHTsACW0QFjAAegQIBBAB&amp;url=https%3A%2F%2Fwww.suno.com.br%2Fartigos%2Ffluxo-de-caixa%2F&amp;usg=AOvVaw3ZzCWfjqtYLESe3bPoo4Cc\">fluxo de caixa<\/a> de R$ 2,9 bilh\u00f5es em 2020, levando a um rendimento no <a href=\"https:\/\/www.google.com\/url?sa=t&amp;rct=j&amp;q=&amp;esrc=s&amp;source=web&amp;cd=&amp;cad=rja&amp;uact=8&amp;ved=2ahUKEwjHgveqqdLqAhXslXIEHZkgASIQFjACegQIBRAB&amp;url=https%3A%2F%2Fwww.suno.com.br%2Fartigos%2Ffluxo-caixa-livre%2F&amp;usg=AOvVaw0EPheC6jtubW-fjy0zziOR\">fluxo de caixa livre (FCF)<\/a> de 30%.<\/p>\n<p>Vale ressaltar que a Marfrig divulgar\u00e1 os resultados referentes ao segundo trimestre do ano no dia 13 de agosto de 2020.<\/p>\n<h2>A Marfrig anunciou a emiss\u00e3o de deb\u00eantures<\/h2>\n<p>A Marfrig anunciou ao mercado em geral, na \u00faltima quarta-feira (15), a emiss\u00e3o de 250 mil <strong>deb\u00eantures<\/strong> n\u00e3o convers\u00edveis em a\u00e7\u00f5es, da esp\u00e9cie quirograf\u00e1ria, em s\u00e9rie \u00fanica de emiss\u00e3o da companhia, com valor nominal unit\u00e1rio de R$ 1 mil. Ou seja, o valor total da emiss\u00e3o \u00e9 de R$ 250 milh\u00f5es.<\/p>\n<p><a href=\"https:\/\/www.suno.com.br\/noticias\/marfrig-mrfg3-anuncia-emissao-debentures-r-250-mi\/\">Saiba mais: Marfrig (MRFG3) anuncia emiss\u00e3o de deb\u00eantures no valor total de R$ 250 mi<\/a><\/p>\n<p>A <strong>Marfrig<\/strong> informou que as deb\u00eantures emitidas ser\u00e3o para coloca\u00e7\u00e3o privada e ter\u00e3o vencimento final em julho de 2022. Esta \u00e9 a s\u00e9tima emiss\u00e3o de <a href=\"https:\/\/www.suno.com.br\/artigos\/o-que-sao-debentures\/\">deb\u00eantures<\/a> da companhia.<\/p>\n\n","protected":false},"excerpt":{"rendered":"<p>O Credit Suisse elevou o pre\u00e7o alvo das a\u00e7\u00f5es da Marfrig Global Foods (MRFG3) de R$ 16 para R$ 20. Al\u00e9m disso, a divis\u00e3o de research da institui\u00e7\u00e3o financeira reiterou a classifica\u00e7\u00e3o dos pap\u00e9is como &#8220;Outperform&#8221;. A Marfrig (MRFG3) apresentou, na noite da \u00faltima quarta-feira (11), seu resultado do terceiro trimestre. Segundo os analistas do [&hellip;]<\/p>\n","protected":false},"author":44,"featured_media":44946,"comment_status":"closed","ping_status":"closed","sticky":false,"template":"","format":"standard","meta":[],"categories":[60,64],"tags":[1788,552,1607],"suno_strategy":[],"class_list":["post-73461","post","type-post","status-publish","format-standard","has-post-thumbnail","hentry","category-mercado","category-negocios","tag-credit-suisse-c1su34","tag-marfrig-mrfg3","tag-resultado-das-empresas"],"yoast_head":"<!-- This site is optimized with the Yoast SEO plugin v24.4 - https:\/\/yoast.com\/wordpress\/plugins\/seo\/ -->\n<title>Marfrig (MRFG3): Credit Suisse eleva pre\u00e7o alvo e reitera recomenda\u00e7\u00e3o<\/title>\n<meta name=\"description\" content=\"O Credit Suisse elevou o pre\u00e7o alvo das a\u00e7\u00f5es da Marfrig Global Foods (MRFG3) de R$ 16 para R$ 20. Clique para ver mais.\" \/>\n<meta name=\"robots\" content=\"index, follow, max-snippet:-1, max-image-preview:large, max-video-preview:-1\" \/>\n<link rel=\"canonical\" href=\"https:\/\/www.suno.com.br\/noticias\/marfrig-mrfg3-credit-suisse-eleva-preco-alvo-reitera-recomendacao\/\" \/>\n<meta property=\"og:locale\" content=\"pt_BR\" \/>\n<meta property=\"og:type\" content=\"article\" \/>\n<meta property=\"og:title\" content=\"Marfrig (MRFG3): Credit Suisse eleva pre\u00e7o alvo e reitera recomenda\u00e7\u00e3o\" \/>\n<meta property=\"og:description\" content=\"O Credit Suisse elevou o pre\u00e7o alvo das a\u00e7\u00f5es da Marfrig Global Foods (MRFG3) de R$ 16 para R$ 20. Clique para ver mais.\" \/>\n<meta property=\"og:url\" content=\"https:\/\/www.suno.com.br\/noticias\/marfrig-mrfg3-credit-suisse-eleva-preco-alvo-reitera-recomendacao\/\" \/>\n<meta property=\"og:site_name\" content=\"Suno Not\u00edcias\" \/>\n<meta property=\"article:publisher\" content=\"https:\/\/facebook.com\/sunoresearch\" \/>\n<meta property=\"og:image\" content=\"https:\/\/files.sunoresearch.com.br\/n\/uploads\/2019\/11\/df7f8e88-marfrig.jpg\" \/>\n\t<meta property=\"og:image:width\" content=\"1156\" \/>\n\t<meta property=\"og:image:height\" content=\"773\" \/>\n\t<meta property=\"og:image:type\" content=\"image\/jpeg\" \/>\n<meta name=\"author\" content=\"Daniel Guimar\u00e3es\" \/>\n<meta name=\"twitter:card\" content=\"summary_large_image\" \/>\n<meta name=\"twitter:creator\" content=\"@sunoresearch\" \/>\n<meta name=\"twitter:site\" content=\"@sunoresearch\" \/>\n<meta name=\"twitter:label1\" content=\"Escrito por\" \/>\n\t<meta name=\"twitter:data1\" content=\"Daniel Guimar\u00e3es\" \/>\n\t<meta name=\"twitter:label2\" content=\"Est. tempo de leitura\" \/>\n\t<meta name=\"twitter:data2\" content=\"2 minutos\" \/>\n<script type=\"application\/ld+json\" class=\"yoast-schema-graph\">{\"@context\":\"https:\/\/schema.org\",\"@graph\":[{\"@type\":\"NewsArticle\",\"@id\":\"https:\/\/www.suno.com.br\/noticias\/marfrig-mrfg3-credit-suisse-eleva-preco-alvo-reitera-recomendacao\/#article\",\"isPartOf\":{\"@id\":\"https:\/\/www.suno.com.br\/noticias\/marfrig-mrfg3-credit-suisse-eleva-preco-alvo-reitera-recomendacao\/\"},\"author\":{\"name\":\"Daniel Guimar\u00e3es\",\"@id\":\"https:\/\/www.suno.com.br\/noticias\/#\/schema\/person\/a7796c19fcf6bafd03b9a2fa1fd9ae20\"},\"headline\":\"Marfrig (MRFG3): Credit Suisse eleva pre\u00e7o alvo e reitera recomenda\u00e7\u00e3o\",\"datePublished\":\"2020-07-16T18:01:19+00:00\",\"dateModified\":\"2021-06-21T09:21:02+00:00\",\"mainEntityOfPage\":{\"@id\":\"https:\/\/www.suno.com.br\/noticias\/marfrig-mrfg3-credit-suisse-eleva-preco-alvo-reitera-recomendacao\/\"},\"wordCount\":433,\"publisher\":{\"@id\":\"https:\/\/www.suno.com.br\/noticias\/#organization\"},\"image\":{\"@id\":\"https:\/\/www.suno.com.br\/noticias\/marfrig-mrfg3-credit-suisse-eleva-preco-alvo-reitera-recomendacao\/#primaryimage\"},\"thumbnailUrl\":\"https:\/\/files.sunoresearch.com.br\/n\/uploads\/2019\/11\/df7f8e88-marfrig-jpg.webp\",\"keywords\":[\"Credit Suisse (C1SU34)\",\"Marfrig (MRFG3)\",\"Resultado das empresas\"],\"articleSection\":[\"Mercado\",\"Neg\u00f3cios\"],\"inLanguage\":\"pt-BR\"},{\"@type\":\"WebPage\",\"@id\":\"https:\/\/www.suno.com.br\/noticias\/marfrig-mrfg3-credit-suisse-eleva-preco-alvo-reitera-recomendacao\/\",\"url\":\"https:\/\/www.suno.com.br\/noticias\/marfrig-mrfg3-credit-suisse-eleva-preco-alvo-reitera-recomendacao\/\",\"name\":\"Marfrig (MRFG3): Credit Suisse eleva pre\u00e7o alvo e reitera recomenda\u00e7\u00e3o\",\"isPartOf\":{\"@id\":\"https:\/\/www.suno.com.br\/noticias\/#website\"},\"primaryImageOfPage\":{\"@id\":\"https:\/\/www.suno.com.br\/noticias\/marfrig-mrfg3-credit-suisse-eleva-preco-alvo-reitera-recomendacao\/#primaryimage\"},\"image\":{\"@id\":\"https:\/\/www.suno.com.br\/noticias\/marfrig-mrfg3-credit-suisse-eleva-preco-alvo-reitera-recomendacao\/#primaryimage\"},\"thumbnailUrl\":\"https:\/\/files.sunoresearch.com.br\/n\/uploads\/2019\/11\/df7f8e88-marfrig-jpg.webp\",\"datePublished\":\"2020-07-16T18:01:19+00:00\",\"dateModified\":\"2021-06-21T09:21:02+00:00\",\"description\":\"O Credit Suisse elevou o pre\u00e7o alvo das a\u00e7\u00f5es da Marfrig Global Foods (MRFG3) de R$ 16 para R$ 20. Clique para ver mais.\",\"breadcrumb\":{\"@id\":\"https:\/\/www.suno.com.br\/noticias\/marfrig-mrfg3-credit-suisse-eleva-preco-alvo-reitera-recomendacao\/#breadcrumb\"},\"inLanguage\":\"pt-BR\",\"potentialAction\":[{\"@type\":\"ReadAction\",\"target\":[\"https:\/\/www.suno.com.br\/noticias\/marfrig-mrfg3-credit-suisse-eleva-preco-alvo-reitera-recomendacao\/\"]}]},{\"@type\":\"ImageObject\",\"inLanguage\":\"pt-BR\",\"@id\":\"https:\/\/www.suno.com.br\/noticias\/marfrig-mrfg3-credit-suisse-eleva-preco-alvo-reitera-recomendacao\/#primaryimage\",\"url\":\"https:\/\/files.sunoresearch.com.br\/n\/uploads\/2019\/11\/df7f8e88-marfrig-jpg.webp\",\"contentUrl\":\"https:\/\/files.sunoresearch.com.br\/n\/uploads\/2019\/11\/df7f8e88-marfrig-jpg.webp\",\"width\":1156,\"height\":773,\"caption\":\"A Marfrig (MRFG3) apresentou, na noite da \u00faltima quarta-feira (11), seu resultado do terceiro trimestre.\"},{\"@type\":\"BreadcrumbList\",\"@id\":\"https:\/\/www.suno.com.br\/noticias\/marfrig-mrfg3-credit-suisse-eleva-preco-alvo-reitera-recomendacao\/#breadcrumb\",\"itemListElement\":[{\"@type\":\"ListItem\",\"position\":1,\"name\":\"Not\u00edcias\",\"item\":\"https:\/\/www.suno.com.br\/noticias\/\"},{\"@type\":\"ListItem\",\"position\":2,\"name\":\"Mercado\",\"item\":\"https:\/\/www.suno.com.br\/noticias\/mercado\/\"},{\"@type\":\"ListItem\",\"position\":3,\"name\":\"Marfrig (MRFG3): Credit Suisse eleva pre\u00e7o alvo e reitera recomenda\u00e7\u00e3o\"}]},{\"@type\":\"WebSite\",\"@id\":\"https:\/\/www.suno.com.br\/noticias\/#website\",\"url\":\"https:\/\/www.suno.com.br\/noticias\/\",\"name\":\"Suno Not\u00edcias\",\"description\":\"Seu portal de informa\u00e7\u00e3o sobre o mundo dos investimentos\",\"publisher\":{\"@id\":\"https:\/\/www.suno.com.br\/noticias\/#organization\"},\"potentialAction\":[{\"@type\":\"SearchAction\",\"target\":{\"@type\":\"EntryPoint\",\"urlTemplate\":\"https:\/\/www.suno.com.br\/noticias\/?s={search_term_string}\"},\"query-input\":{\"@type\":\"PropertyValueSpecification\",\"valueRequired\":true,\"valueName\":\"search_term_string\"}}],\"inLanguage\":\"pt-BR\"},{\"@type\":\"Organization\",\"@id\":\"https:\/\/www.suno.com.br\/noticias\/#organization\",\"name\":\"Suno Not\u00edcias\",\"url\":\"https:\/\/www.suno.com.br\/noticias\/\",\"logo\":{\"@type\":\"ImageObject\",\"inLanguage\":\"pt-BR\",\"@id\":\"https:\/\/www.suno.com.br\/noticias\/#\/schema\/logo\/image\/\",\"url\":\"https:\/\/files.sunoresearch.com.br\/n\/uploads\/2021\/09\/suno-logo.png\",\"contentUrl\":\"https:\/\/files.sunoresearch.com.br\/n\/uploads\/2021\/09\/suno-logo.png\",\"width\":180,\"height\":180,\"caption\":\"Suno Not\u00edcias\"},\"image\":{\"@id\":\"https:\/\/www.suno.com.br\/noticias\/#\/schema\/logo\/image\/\"},\"sameAs\":[\"https:\/\/facebook.com\/sunoresearch\",\"https:\/\/x.com\/sunoresearch\",\"https:\/\/www.instagram.com\/suno\",\"https:\/\/www.linkedin.com\/company\/suno-research\/\",\"https:\/\/www.youtube.com\/c\/sunoresearch\"]},{\"@type\":\"Person\",\"@id\":\"https:\/\/www.suno.com.br\/noticias\/#\/schema\/person\/a7796c19fcf6bafd03b9a2fa1fd9ae20\",\"name\":\"Daniel Guimar\u00e3es\",\"image\":{\"@type\":\"ImageObject\",\"inLanguage\":\"pt-BR\",\"@id\":\"https:\/\/www.suno.com.br\/noticias\/#\/schema\/person\/image\/\",\"url\":\"https:\/\/secure.gravatar.com\/avatar\/fb8260757609f58f0c0ac079d1b32eff?s=96&r=g\",\"contentUrl\":\"https:\/\/secure.gravatar.com\/avatar\/fb8260757609f58f0c0ac079d1b32eff?s=96&r=g\",\"caption\":\"Daniel Guimar\u00e3es\"},\"description\":\"Estagi\u00e1rio na Suno Not\u00edcias, Daniel escreve not\u00edcias que afetam o mercado financeiro brasileiro e internacional. Estuda economia na Rutgers University, em New Jersey.\",\"sameAs\":[\"suno.research\"],\"url\":\"https:\/\/www.suno.com.br\/noticias\/author\/daniel\/\"}]}<\/script>\n<!-- \/ Yoast SEO plugin. -->","yoast_head_json":{"title":"Marfrig (MRFG3): Credit Suisse eleva pre\u00e7o alvo e reitera recomenda\u00e7\u00e3o","description":"O Credit Suisse elevou o pre\u00e7o alvo das a\u00e7\u00f5es da Marfrig Global Foods (MRFG3) de R$ 16 para R$ 20. Clique para ver mais.","robots":{"index":"index","follow":"follow","max-snippet":"max-snippet:-1","max-image-preview":"max-image-preview:large","max-video-preview":"max-video-preview:-1"},"canonical":"https:\/\/www.suno.com.br\/noticias\/marfrig-mrfg3-credit-suisse-eleva-preco-alvo-reitera-recomendacao\/","og_locale":"pt_BR","og_type":"article","og_title":"Marfrig (MRFG3): Credit Suisse eleva pre\u00e7o alvo e reitera recomenda\u00e7\u00e3o","og_description":"O Credit Suisse elevou o pre\u00e7o alvo das a\u00e7\u00f5es da Marfrig Global Foods (MRFG3) de R$ 16 para R$ 20. Clique para ver mais.","og_url":"https:\/\/www.suno.com.br\/noticias\/marfrig-mrfg3-credit-suisse-eleva-preco-alvo-reitera-recomendacao\/","og_site_name":"Suno Not\u00edcias","article_publisher":"https:\/\/facebook.com\/sunoresearch","og_image":[{"width":1156,"height":773,"url":"https:\/\/files.sunoresearch.com.br\/n\/uploads\/2019\/11\/df7f8e88-marfrig.jpg","type":"image\/jpeg"}],"author":"Daniel Guimar\u00e3es","twitter_card":"summary_large_image","twitter_creator":"@sunoresearch","twitter_site":"@sunoresearch","twitter_misc":{"Escrito por":"Daniel Guimar\u00e3es","Est. tempo de leitura":"2 minutos"},"schema":{"@context":"https:\/\/schema.org","@graph":[{"@type":"NewsArticle","@id":"https:\/\/www.suno.com.br\/noticias\/marfrig-mrfg3-credit-suisse-eleva-preco-alvo-reitera-recomendacao\/#article","isPartOf":{"@id":"https:\/\/www.suno.com.br\/noticias\/marfrig-mrfg3-credit-suisse-eleva-preco-alvo-reitera-recomendacao\/"},"author":{"name":"Daniel Guimar\u00e3es","@id":"https:\/\/www.suno.com.br\/noticias\/#\/schema\/person\/a7796c19fcf6bafd03b9a2fa1fd9ae20"},"headline":"Marfrig (MRFG3): Credit Suisse eleva pre\u00e7o alvo e reitera recomenda\u00e7\u00e3o","datePublished":"2020-07-16T18:01:19+00:00","dateModified":"2021-06-21T09:21:02+00:00","mainEntityOfPage":{"@id":"https:\/\/www.suno.com.br\/noticias\/marfrig-mrfg3-credit-suisse-eleva-preco-alvo-reitera-recomendacao\/"},"wordCount":433,"publisher":{"@id":"https:\/\/www.suno.com.br\/noticias\/#organization"},"image":{"@id":"https:\/\/www.suno.com.br\/noticias\/marfrig-mrfg3-credit-suisse-eleva-preco-alvo-reitera-recomendacao\/#primaryimage"},"thumbnailUrl":"https:\/\/files.sunoresearch.com.br\/n\/uploads\/2019\/11\/df7f8e88-marfrig-jpg.webp","keywords":["Credit Suisse (C1SU34)","Marfrig (MRFG3)","Resultado das empresas"],"articleSection":["Mercado","Neg\u00f3cios"],"inLanguage":"pt-BR"},{"@type":"WebPage","@id":"https:\/\/www.suno.com.br\/noticias\/marfrig-mrfg3-credit-suisse-eleva-preco-alvo-reitera-recomendacao\/","url":"https:\/\/www.suno.com.br\/noticias\/marfrig-mrfg3-credit-suisse-eleva-preco-alvo-reitera-recomendacao\/","name":"Marfrig (MRFG3): Credit Suisse eleva pre\u00e7o alvo e reitera recomenda\u00e7\u00e3o","isPartOf":{"@id":"https:\/\/www.suno.com.br\/noticias\/#website"},"primaryImageOfPage":{"@id":"https:\/\/www.suno.com.br\/noticias\/marfrig-mrfg3-credit-suisse-eleva-preco-alvo-reitera-recomendacao\/#primaryimage"},"image":{"@id":"https:\/\/www.suno.com.br\/noticias\/marfrig-mrfg3-credit-suisse-eleva-preco-alvo-reitera-recomendacao\/#primaryimage"},"thumbnailUrl":"https:\/\/files.sunoresearch.com.br\/n\/uploads\/2019\/11\/df7f8e88-marfrig-jpg.webp","datePublished":"2020-07-16T18:01:19+00:00","dateModified":"2021-06-21T09:21:02+00:00","description":"O Credit Suisse elevou o pre\u00e7o alvo das a\u00e7\u00f5es da Marfrig Global Foods (MRFG3) de R$ 16 para R$ 20. Clique para ver mais.","breadcrumb":{"@id":"https:\/\/www.suno.com.br\/noticias\/marfrig-mrfg3-credit-suisse-eleva-preco-alvo-reitera-recomendacao\/#breadcrumb"},"inLanguage":"pt-BR","potentialAction":[{"@type":"ReadAction","target":["https:\/\/www.suno.com.br\/noticias\/marfrig-mrfg3-credit-suisse-eleva-preco-alvo-reitera-recomendacao\/"]}]},{"@type":"ImageObject","inLanguage":"pt-BR","@id":"https:\/\/www.suno.com.br\/noticias\/marfrig-mrfg3-credit-suisse-eleva-preco-alvo-reitera-recomendacao\/#primaryimage","url":"https:\/\/files.sunoresearch.com.br\/n\/uploads\/2019\/11\/df7f8e88-marfrig-jpg.webp","contentUrl":"https:\/\/files.sunoresearch.com.br\/n\/uploads\/2019\/11\/df7f8e88-marfrig-jpg.webp","width":1156,"height":773,"caption":"A Marfrig (MRFG3) apresentou, na noite da \u00faltima quarta-feira (11), seu resultado do terceiro trimestre."},{"@type":"BreadcrumbList","@id":"https:\/\/www.suno.com.br\/noticias\/marfrig-mrfg3-credit-suisse-eleva-preco-alvo-reitera-recomendacao\/#breadcrumb","itemListElement":[{"@type":"ListItem","position":1,"name":"Not\u00edcias","item":"https:\/\/www.suno.com.br\/noticias\/"},{"@type":"ListItem","position":2,"name":"Mercado","item":"https:\/\/www.suno.com.br\/noticias\/mercado\/"},{"@type":"ListItem","position":3,"name":"Marfrig (MRFG3): Credit Suisse eleva pre\u00e7o alvo e reitera recomenda\u00e7\u00e3o"}]},{"@type":"WebSite","@id":"https:\/\/www.suno.com.br\/noticias\/#website","url":"https:\/\/www.suno.com.br\/noticias\/","name":"Suno Not\u00edcias","description":"Seu portal de informa\u00e7\u00e3o sobre o mundo dos investimentos","publisher":{"@id":"https:\/\/www.suno.com.br\/noticias\/#organization"},"potentialAction":[{"@type":"SearchAction","target":{"@type":"EntryPoint","urlTemplate":"https:\/\/www.suno.com.br\/noticias\/?s={search_term_string}"},"query-input":{"@type":"PropertyValueSpecification","valueRequired":true,"valueName":"search_term_string"}}],"inLanguage":"pt-BR"},{"@type":"Organization","@id":"https:\/\/www.suno.com.br\/noticias\/#organization","name":"Suno Not\u00edcias","url":"https:\/\/www.suno.com.br\/noticias\/","logo":{"@type":"ImageObject","inLanguage":"pt-BR","@id":"https:\/\/www.suno.com.br\/noticias\/#\/schema\/logo\/image\/","url":"https:\/\/files.sunoresearch.com.br\/n\/uploads\/2021\/09\/suno-logo.png","contentUrl":"https:\/\/files.sunoresearch.com.br\/n\/uploads\/2021\/09\/suno-logo.png","width":180,"height":180,"caption":"Suno Not\u00edcias"},"image":{"@id":"https:\/\/www.suno.com.br\/noticias\/#\/schema\/logo\/image\/"},"sameAs":["https:\/\/facebook.com\/sunoresearch","https:\/\/x.com\/sunoresearch","https:\/\/www.instagram.com\/suno","https:\/\/www.linkedin.com\/company\/suno-research\/","https:\/\/www.youtube.com\/c\/sunoresearch"]},{"@type":"Person","@id":"https:\/\/www.suno.com.br\/noticias\/#\/schema\/person\/a7796c19fcf6bafd03b9a2fa1fd9ae20","name":"Daniel Guimar\u00e3es","image":{"@type":"ImageObject","inLanguage":"pt-BR","@id":"https:\/\/www.suno.com.br\/noticias\/#\/schema\/person\/image\/","url":"https:\/\/secure.gravatar.com\/avatar\/fb8260757609f58f0c0ac079d1b32eff?s=96&r=g","contentUrl":"https:\/\/secure.gravatar.com\/avatar\/fb8260757609f58f0c0ac079d1b32eff?s=96&r=g","caption":"Daniel Guimar\u00e3es"},"description":"Estagi\u00e1rio na Suno Not\u00edcias, Daniel escreve not\u00edcias que afetam o mercado financeiro brasileiro e internacional. Estuda economia na Rutgers University, em New Jersey.","sameAs":["suno.research"],"url":"https:\/\/www.suno.com.br\/noticias\/author\/daniel\/"}]}},"default_loop_html":"<div class=\"cardsPage__listCard__boxs\"><div class=\"cardsPage__listCard__boxs__img\"><a href=\"https:\/\/www.suno.com.br\/noticias\/marfrig-mrfg3-credit-suisse-eleva-preco-alvo-reitera-recomendacao\/\"><img class=\"mask\" src=\"https:\/\/www.suno.com.br\/noticias\/wp-content\/themes\/suno\/resources\/images\/spotlight\/spotlight1img\/bg-mask.png\" alt=\"Image Mask\"\/><img src=\"https:\/\/files.sunoresearch.com.br\/n\/uploads\/2019\/11\/df7f8e88-marfrig-400x200.webp\" alt=\"Marfrig (MRFG3): Credit Suisse eleva pre\u00e7o alvo e reitera recomenda\u00e7\u00e3o\"\/><\/a><span class=\"spotlightCategory\"><a href=\"https:\/\/www.suno.com.br\/noticias\/mercado\/\">Mercado<\/a><\/span><\/div><div class=\"cardsPage__listCard__boxs__content\"><a href=\"https:\/\/www.suno.com.br\/noticias\/marfrig-mrfg3-credit-suisse-eleva-preco-alvo-reitera-recomendacao\/\"><h2 class=\"content__title\">Marfrig (MRFG3): Credit Suisse eleva pre\u00e7o alvo e reitera recomenda\u00e7\u00e3o<\/h2><\/a><div class=\"newsContent__article__meta\"><div class=\"newsContent__article__meta__authorBox\"><a href=\"https:\/\/www.suno.com.br\/noticias\/author\/daniel\/\" class=\"authorBox__avatar noMobi\"><img src=\"https:\/\/files.sunoresearch.com.br\/n\/uploads\/2020\/08\/e51aadd2-whatsapp-image-2020-08-03-at-14.03.48-150x150.webp\" alt=\"Daniel Guimar\u00e3es\"><\/a><div class=\"authorBox__name\"><span>por\n\t\t\t<a href=\"https:\/\/www.suno.com.br\/noticias\/author\/daniel\/\"><span itemprop=\"author\">Daniel Guimar\u00e3es<\/span><\/a><\/span><time datetime=\"2020-07-16T15:01:19-03:00\" itemprop=\"datePublished\">16\/07\/2020 15:01<\/time><\/div><\/div><\/div><\/div><\/div>","single_layout":"posts","amp_enabled":true,"_links":{"self":[{"href":"https:\/\/www.suno.com.br\/noticias\/wp-json\/wp\/v2\/posts\/73461"}],"collection":[{"href":"https:\/\/www.suno.com.br\/noticias\/wp-json\/wp\/v2\/posts"}],"about":[{"href":"https:\/\/www.suno.com.br\/noticias\/wp-json\/wp\/v2\/types\/post"}],"author":[{"embeddable":true,"href":"https:\/\/www.suno.com.br\/noticias\/wp-json\/wp\/v2\/users\/44"}],"replies":[{"embeddable":true,"href":"https:\/\/www.suno.com.br\/noticias\/wp-json\/wp\/v2\/comments?post=73461"}],"version-history":[{"count":1,"href":"https:\/\/www.suno.com.br\/noticias\/wp-json\/wp\/v2\/posts\/73461\/revisions"}],"predecessor-version":[{"id":159693,"href":"https:\/\/www.suno.com.br\/noticias\/wp-json\/wp\/v2\/posts\/73461\/revisions\/159693"}],"wp:featuredmedia":[{"embeddable":true,"href":"https:\/\/www.suno.com.br\/noticias\/wp-json\/wp\/v2\/media\/44946"}],"wp:attachment":[{"href":"https:\/\/www.suno.com.br\/noticias\/wp-json\/wp\/v2\/media?parent=73461"}],"wp:term":[{"taxonomy":"category","embeddable":true,"href":"https:\/\/www.suno.com.br\/noticias\/wp-json\/wp\/v2\/categories?post=73461"},{"taxonomy":"post_tag","embeddable":true,"href":"https:\/\/www.suno.com.br\/noticias\/wp-json\/wp\/v2\/tags?post=73461"},{"taxonomy":"suno_strategy","embeddable":true,"href":"https:\/\/www.suno.com.br\/noticias\/wp-json\/wp\/v2\/suno_strategy?post=73461"}],"curies":[{"name":"wp","href":"https:\/\/api.w.org\/{rel}","templated":true}]}}