{"id":73370,"date":"2020-07-16T08:27:24","date_gmt":"2020-07-16T11:27:24","guid":{"rendered":"https:\/\/www.suno.com.br\/noticias\/?p=73370"},"modified":"2021-06-14T00:28:23","modified_gmt":"2021-06-14T03:28:23","slug":"agenda-do-dia-jhsf-tim-oi-petrobras-metalfrio","status":"publish","type":"post","link":"https:\/\/www.suno.com.br\/noticias\/agenda-do-dia-jhsf-tim-oi-petrobras-metalfrio\/","title":{"rendered":"Agenda do Dia: JHSF; Tim; Oi; Petrobras; Metalfrio"},"content":{"rendered":"<p>Os assuntos da <strong>Agenda<\/strong> <strong>do<\/strong> <strong>Dia<\/strong> desta quinta-feira (16) prometem mexer com o mercado interno e o externo.<\/p>\t<div class=\"wrapper-featured-image\">\n\t\t<figure class=\"spotlightImg\">\n\n\t\t\t<picture>\n\t\t\t\t<source media=\"(max-width: 768px)\" srcset=\"https:\/\/files.sunoresearch.com.br\/n\/uploads\/2019\/09\/ce9081c5-estande-oi-rock-in-rio_o_1500-400x200.webp\">\n\t\t\t\t<img loading=\"lazy\" decoding=\"async\" class=\"newsContent__article__imgCapa lazyloadDisabled newsContent__article__imgCapa--noCaption\" src=\"https:\/\/files.sunoresearch.com.br\/n\/uploads\/2019\/09\/ce9081c5-estande-oi-rock-in-rio_o_1500-800x450.webp\" width=\"800\" height=\"450\" alt=\"Agenda do Dia: JHSF; Tim; Oi; Petrobras; Metalfrio\" fetchpriority=high \/>\n\t\t\t<\/picture>\n\n\t\t\t<figcaption class=\"wp-caption-text wp-caption-text--hide\">Oi (divulga\u00e7\u00e3o)<\/figcaption>\n\t\t<\/figure>\n\t<\/div>\n\n\n\n<p>A Agenda do Dia come\u00e7a com a not\u00edcia sobre a <strong>JHSF<\/strong>, que teve um aumento de capital aprovado pelo seu conselho de administra\u00e7\u00e3o. H\u00e1 tamb\u00e9m novas informa\u00e7\u00f5es sobre a <b>Oi, <\/b>que dever\u00e1 receber propostas por seus ativos m\u00f3veis em breve.<\/p>\n<p>Al\u00e9m disso, a <strong>Petrobras<\/strong> comunicou que concluiu a venda de campos na Bacia Potiguar e nos Polos Pampo e Enchova.<\/p>\n<p><a href=\"https:\/\/lp.suno.com.br\/suno-one\/\">Suno One: acesse gratuitamente eBooks, Minicursos, Artigos e Video Aulas sobre investimentos com um \u00fanico cadastro. Clique para saber mais!<\/a><\/p>\n<p>Confira os principais pontos da Agenda do Dia:<\/p>\n<h2>JHSF<\/h2>\n<p>A <a href=\"https:\/\/www.suno.com.br\/acoes\/jhsf3\/\"><strong>JHSF Participa\u00e7\u00f5es S.A.<\/strong> (JHSF3)<\/a> comunicou seus acionistas e ao mercado em geral que o Conselho de Administra\u00e7\u00e3o da empresa aprovou, em reuni\u00e3o realizada em 15 de julho de 2020, um aumento de Capital Social dentro do limite de capital autorizado com a emiss\u00e3o de novas a\u00e7\u00f5es no \u00e2mbito da oferta p\u00fablica de distribui\u00e7\u00e3o prim\u00e1ria e secund\u00e1ria de a\u00e7\u00f5es ordin\u00e1rias de emiss\u00e3o da Companhia<em>,<\/em> com esfor\u00e7os restritos de coloca\u00e7\u00e3o<em>.<\/em><\/p>\n<p>Foi aprovada a emiss\u00e3o de 41.000.000 de novas a\u00e7\u00f5es ordin\u00e1rias, no montante total de R$ 399.750.000,00. O capital social da empresa passar\u00e1 de R$ 1.443.151.238,90, dividido em 641.241.829 a\u00e7\u00f5es ordin\u00e1rias, nominativas, sem valor nominal, para R$ 1.842.901.238,90, dividido em 682.241.829 a\u00e7\u00f5es ordin\u00e1rias, nominativas, sem valor nominal. Com pre\u00e7o por a\u00e7\u00e3o fixado em R$ 9,75, a JHSF levantou R$ 433 milh\u00f5es em seu follow-on.<\/p>\n<h2>TIM<\/h2>\n<p>De acordo com informa\u00e7\u00f5es do jornal &#8220;Valor Econ\u00f4mico&#8221;, a <a href=\"https:\/\/www.suno.com.br\/acoes\/timp3\/\"><strong>Tim<\/strong> (TIMP3) <\/a>contratou o banco UBS para assessorar a empresa financeiramente<em> e <\/em>auxiliar na buscar de s\u00f3cios para ativos de infraestrutura de conex\u00e3o<em>.<\/em><\/p>\n<p>O jornal informou que a ideia inicial da empresa \u00e9 criar um fundo ou empresa espec\u00edfica, que re\u00fana sua estrutura f\u00edsica que possibilita a presta\u00e7\u00e3o de servi\u00e7o de conex\u00e3o contratado pelo cliente.<\/p>\n<p>O objetivo da Tim \u00e9 aumentar a implementa\u00e7\u00e3o da rede de fibra \u00f3ptica, conhecida como FTTH (Fiber to the Home).<\/p>\n<h2>Oi<\/h2>\n<p>O <a href=\"https:\/\/www.suno.com.br\/artigos\/conselho-administracao\/\">conselho de administra\u00e7\u00e3o (CDA)<\/a> da dona da <a href=\"https:\/\/www.suno.com.br\/acoes\/timp3\/\">Tim Brasil (TIMP3)<\/a>, Telecom Italia, aprovou o plano de aquisi\u00e7\u00e3o pelos ativos m\u00f3veis da <strong>Oi<\/strong>. As informa\u00e7\u00f5es s\u00e3o do site &#8220;Tele.S\u00edntese&#8221; e foram divulgadas na \u00faltima quarta-feira (15). A <strong>Tim<\/strong> dever\u00e1 apresentar uma proposta vinculante de aquisi\u00e7\u00e3o pela unidade m\u00f3vel da Oi.<\/p>\n<p><a href=\"https:\/\/www.suno.com.br\/noticias\/oi-oibr3-cda-tim-autoriza-proposta-tele\/\">Saiba mais: Oi (OIBR3): Conselho da Tim autoriza companhia a apresentar proposta pela tele<\/a><\/p>\n<h2>Petrobras<\/h2>\n<p>A <strong>Petrobras<\/strong> (<a href=\"https:\/\/www.suno.com.br\/acoes\/petr3\/\">PETR3<\/a>;<a href=\"https:\/\/www.suno.com.br\/acoes\/petr4\/\">PETR4<\/a>) comunicou na \u00faltima quarta-feira (15) que fechou a venda de 100% de sua participa\u00e7\u00e3o em dois campos de produ\u00e7\u00e3o terrestres, o Ponta do Mel e Redonda, situados na Bacia Potiguar, no Rio Grande do Norte. O neg\u00f3cio ficou em US$ 7,2 milh\u00f5es. O comprador foi o Central Resources do Brasil Produ\u00e7\u00e3o de Petr\u00f3leo. O pagamento ser\u00e1 feito em um prazo de 18 meses.<\/p>\n<p>A petroleira tamb\u00e9m informou que concluiu a venda de sua participa\u00e7\u00e3o nos campos que comp\u00f5em os Polos Pampo e Enchova. Os dois est\u00e3o situados em na Bacia de Campos, no Rio de Janeiro. O neg\u00f3cio foi feito com a Trident Energy do Brasil. No total, esta transa\u00e7\u00e3o ficou em US$ 418,6 milh\u00f5es.<\/p>\n<p>A Petrobras informou que esta opera\u00e7\u00e3o est\u00e1 em linha com a sua estrat\u00e9gia de otimizar o portf\u00f3lio e melhorar sua aloca\u00e7\u00e3o do capital.<\/p>\n<h2>Metalfrio<\/h2>\n<p>A <a href=\"https:\/\/www.suno.com.br\/acoes\/frio3\/\"><strong>Metalfrio<\/strong> <strong>Solutions S.A.<\/strong> (FRIO3)<\/a> informou aos seus acionistas e ao mercado em geral, na noite da \u00faltima quart-feira (15) que o Conselho de Administra\u00e7\u00e3o da companhia aprovou, por unanimidade, a aquisi\u00e7\u00e3o de 100% do capital social da empresa Assets 365 Limited, empresa da \u00e1rea de IoT e conectividade para equipamentos de refrigera\u00e7\u00e3o no ponto de venda POS. A Assets365 tem sede no Reino Unido e ampla gama de clientes a n\u00edvel internacional, oferecendo um pacote abrangente de solu\u00e7\u00f5es.<\/p>\n<p>&#8220;A aquisi\u00e7\u00e3o da Assets365 solidifica ainda mais a lideran\u00e7a da Metalfrio em conectividade e servi\u00e7os relacionados. As solu\u00e7\u00f5es oferecidas pela Assets365 alavancam dados de IoT, realizando assim excel\u00eancia operacional e resultados tang\u00edveis para o sucesso de nossos clientes&#8221;, disse Petros Diamantides, CEO da Metalfrio Solutions, em comunicado divulgado ao mercado.<\/p>\n<p>A <strong>Agenda<\/strong> <strong style=\"font-size: 1.21429rem;\">do<\/strong> <strong style=\"font-size: 1.21429rem;\">Dia<\/strong><span style=\"font-size: 1.21429rem;\"> do <a href=\"https:\/\/www.youtube.com\/channel\/UCWDeEIDAIi_oYKDiqwfGyRg\">Suno Not\u00edcias<\/a> mostra os principais acontecimentos que prometem movimentar o mercado durante o dia.<\/span><\/p>\n\n","protected":false},"excerpt":{"rendered":"<p>Os assuntos da Agenda do Dia desta quinta-feira (16) prometem mexer com o mercado interno e o externo. Oi (divulga\u00e7\u00e3o) A Agenda do Dia come\u00e7a com a not\u00edcia sobre a JHSF, que teve um aumento de capital aprovado pelo seu conselho de administra\u00e7\u00e3o. H\u00e1 tamb\u00e9m novas informa\u00e7\u00f5es sobre a Oi, que dever\u00e1 receber propostas por [&hellip;]<\/p>\n","protected":false},"author":19,"featured_media":39056,"comment_status":"closed","ping_status":"closed","sticky":false,"template":"","format":"standard","meta":[],"categories":[64],"tags":[1980,523,559,584,595,663],"suno_strategy":[],"class_list":["post-73370","post","type-post","status-publish","format-standard","has-post-thumbnail","hentry","category-negocios","tag-agenda-do-dia","tag-jhsf-jhsf3","tag-metalfrio-frio3","tag-oi-oibr3-oibr4","tag-petrobras-petr4","tag-tim-tims3"],"yoast_head":"<!-- This site is optimized with the Yoast SEO plugin v24.4 - https:\/\/yoast.com\/wordpress\/plugins\/seo\/ -->\n<title>Agenda do Dia: JHSF; Tim; Oi; Petrobras; Metalfrio<\/title>\n<meta name=\"description\" content=\"Agenda do Dia: aumento de capital da JHSF; investimentos da Tim; oferta por ativos da Oi; Petrobras; Metalfrio. Saiba mais.\" \/>\n<meta name=\"robots\" content=\"index, follow, max-snippet:-1, max-image-preview:large, max-video-preview:-1\" \/>\n<link rel=\"canonical\" href=\"https:\/\/www.suno.com.br\/noticias\/agenda-do-dia-jhsf-tim-oi-petrobras-metalfrio\/\" \/>\n<meta property=\"og:locale\" content=\"pt_BR\" \/>\n<meta property=\"og:type\" content=\"article\" \/>\n<meta property=\"og:title\" content=\"Agenda do Dia: JHSF; Tim; Oi; Petrobras; Metalfrio\" \/>\n<meta property=\"og:description\" content=\"Agenda do Dia: aumento de capital da JHSF; investimentos da Tim; oferta por ativos da Oi; Petrobras; Metalfrio. Saiba mais.\" \/>\n<meta property=\"og:url\" content=\"https:\/\/www.suno.com.br\/noticias\/agenda-do-dia-jhsf-tim-oi-petrobras-metalfrio\/\" \/>\n<meta property=\"og:site_name\" content=\"Suno Not\u00edcias\" \/>\n<meta property=\"article:publisher\" content=\"https:\/\/facebook.com\/sunoresearch\" \/>\n<meta property=\"og:image\" content=\"https:\/\/files.sunoresearch.com.br\/n\/uploads\/2019\/09\/ce9081c5-estande-oi-rock-in-rio_o_1500.jpg\" \/>\n\t<meta property=\"og:image:width\" content=\"1500\" \/>\n\t<meta property=\"og:image:height\" content=\"1001\" \/>\n\t<meta property=\"og:image:type\" content=\"image\/jpeg\" \/>\n<meta name=\"author\" content=\"Juliano Passaro\" \/>\n<meta name=\"twitter:card\" content=\"summary_large_image\" \/>\n<meta name=\"twitter:creator\" content=\"@sunoresearch\" \/>\n<meta name=\"twitter:site\" content=\"@sunoresearch\" \/>\n<meta name=\"twitter:label1\" content=\"Escrito por\" \/>\n\t<meta name=\"twitter:data1\" content=\"Juliano Passaro\" \/>\n\t<meta name=\"twitter:label2\" content=\"Est. tempo de leitura\" \/>\n\t<meta name=\"twitter:data2\" content=\"4 minutos\" \/>\n<script type=\"application\/ld+json\" class=\"yoast-schema-graph\">{\"@context\":\"https:\/\/schema.org\",\"@graph\":[{\"@type\":\"NewsArticle\",\"@id\":\"https:\/\/www.suno.com.br\/noticias\/agenda-do-dia-jhsf-tim-oi-petrobras-metalfrio\/#article\",\"isPartOf\":{\"@id\":\"https:\/\/www.suno.com.br\/noticias\/agenda-do-dia-jhsf-tim-oi-petrobras-metalfrio\/\"},\"author\":{\"name\":\"Juliano Passaro\",\"@id\":\"https:\/\/www.suno.com.br\/noticias\/#\/schema\/person\/1db762f78ffd8919a648a63e425953e3\"},\"headline\":\"Agenda do Dia: JHSF; Tim; Oi; Petrobras; Metalfrio\",\"datePublished\":\"2020-07-16T11:27:24+00:00\",\"dateModified\":\"2021-06-14T03:28:23+00:00\",\"mainEntityOfPage\":{\"@id\":\"https:\/\/www.suno.com.br\/noticias\/agenda-do-dia-jhsf-tim-oi-petrobras-metalfrio\/\"},\"wordCount\":757,\"publisher\":{\"@id\":\"https:\/\/www.suno.com.br\/noticias\/#organization\"},\"image\":{\"@id\":\"https:\/\/www.suno.com.br\/noticias\/agenda-do-dia-jhsf-tim-oi-petrobras-metalfrio\/#primaryimage\"},\"thumbnailUrl\":\"https:\/\/files.sunoresearch.com.br\/n\/uploads\/2019\/09\/ce9081c5-estande-oi-rock-in-rio_o_1500-jpg.webp\",\"keywords\":[\"agenda do dia\",\"JHSF (JHSF3)\",\"Metalfrio (FRIO3)\",\"Oi (OIBR3\/OIBR4)\",\"Petrobras (PETR4)\",\"TIM (TIMS3)\"],\"articleSection\":[\"Neg\u00f3cios\"],\"inLanguage\":\"pt-BR\"},{\"@type\":\"WebPage\",\"@id\":\"https:\/\/www.suno.com.br\/noticias\/agenda-do-dia-jhsf-tim-oi-petrobras-metalfrio\/\",\"url\":\"https:\/\/www.suno.com.br\/noticias\/agenda-do-dia-jhsf-tim-oi-petrobras-metalfrio\/\",\"name\":\"Agenda do Dia: JHSF; Tim; Oi; Petrobras; Metalfrio\",\"isPartOf\":{\"@id\":\"https:\/\/www.suno.com.br\/noticias\/#website\"},\"primaryImageOfPage\":{\"@id\":\"https:\/\/www.suno.com.br\/noticias\/agenda-do-dia-jhsf-tim-oi-petrobras-metalfrio\/#primaryimage\"},\"image\":{\"@id\":\"https:\/\/www.suno.com.br\/noticias\/agenda-do-dia-jhsf-tim-oi-petrobras-metalfrio\/#primaryimage\"},\"thumbnailUrl\":\"https:\/\/files.sunoresearch.com.br\/n\/uploads\/2019\/09\/ce9081c5-estande-oi-rock-in-rio_o_1500-jpg.webp\",\"datePublished\":\"2020-07-16T11:27:24+00:00\",\"dateModified\":\"2021-06-14T03:28:23+00:00\",\"description\":\"Agenda do Dia: aumento de capital da JHSF; investimentos da Tim; oferta por ativos da Oi; Petrobras; Metalfrio. Saiba mais.\",\"breadcrumb\":{\"@id\":\"https:\/\/www.suno.com.br\/noticias\/agenda-do-dia-jhsf-tim-oi-petrobras-metalfrio\/#breadcrumb\"},\"inLanguage\":\"pt-BR\",\"potentialAction\":[{\"@type\":\"ReadAction\",\"target\":[\"https:\/\/www.suno.com.br\/noticias\/agenda-do-dia-jhsf-tim-oi-petrobras-metalfrio\/\"]}]},{\"@type\":\"ImageObject\",\"inLanguage\":\"pt-BR\",\"@id\":\"https:\/\/www.suno.com.br\/noticias\/agenda-do-dia-jhsf-tim-oi-petrobras-metalfrio\/#primaryimage\",\"url\":\"https:\/\/files.sunoresearch.com.br\/n\/uploads\/2019\/09\/ce9081c5-estande-oi-rock-in-rio_o_1500-jpg.webp\",\"contentUrl\":\"https:\/\/files.sunoresearch.com.br\/n\/uploads\/2019\/09\/ce9081c5-estande-oi-rock-in-rio_o_1500-jpg.webp\",\"width\":1500,\"height\":1001,\"caption\":\"Oi (divulga\u00e7\u00e3o)\"},{\"@type\":\"BreadcrumbList\",\"@id\":\"https:\/\/www.suno.com.br\/noticias\/agenda-do-dia-jhsf-tim-oi-petrobras-metalfrio\/#breadcrumb\",\"itemListElement\":[{\"@type\":\"ListItem\",\"position\":1,\"name\":\"Not\u00edcias\",\"item\":\"https:\/\/www.suno.com.br\/noticias\/\"},{\"@type\":\"ListItem\",\"position\":2,\"name\":\"Neg\u00f3cios\",\"item\":\"https:\/\/www.suno.com.br\/noticias\/negocios\/\"},{\"@type\":\"ListItem\",\"position\":3,\"name\":\"Agenda do Dia: JHSF; Tim; Oi; Petrobras; Metalfrio\"}]},{\"@type\":\"WebSite\",\"@id\":\"https:\/\/www.suno.com.br\/noticias\/#website\",\"url\":\"https:\/\/www.suno.com.br\/noticias\/\",\"name\":\"Suno Not\u00edcias\",\"description\":\"Seu portal de informa\u00e7\u00e3o sobre o mundo dos investimentos\",\"publisher\":{\"@id\":\"https:\/\/www.suno.com.br\/noticias\/#organization\"},\"potentialAction\":[{\"@type\":\"SearchAction\",\"target\":{\"@type\":\"EntryPoint\",\"urlTemplate\":\"https:\/\/www.suno.com.br\/noticias\/?s={search_term_string}\"},\"query-input\":{\"@type\":\"PropertyValueSpecification\",\"valueRequired\":true,\"valueName\":\"search_term_string\"}}],\"inLanguage\":\"pt-BR\"},{\"@type\":\"Organization\",\"@id\":\"https:\/\/www.suno.com.br\/noticias\/#organization\",\"name\":\"Suno Not\u00edcias\",\"url\":\"https:\/\/www.suno.com.br\/noticias\/\",\"logo\":{\"@type\":\"ImageObject\",\"inLanguage\":\"pt-BR\",\"@id\":\"https:\/\/www.suno.com.br\/noticias\/#\/schema\/logo\/image\/\",\"url\":\"https:\/\/files.sunoresearch.com.br\/n\/uploads\/2021\/09\/suno-logo.png\",\"contentUrl\":\"https:\/\/files.sunoresearch.com.br\/n\/uploads\/2021\/09\/suno-logo.png\",\"width\":180,\"height\":180,\"caption\":\"Suno Not\u00edcias\"},\"image\":{\"@id\":\"https:\/\/www.suno.com.br\/noticias\/#\/schema\/logo\/image\/\"},\"sameAs\":[\"https:\/\/facebook.com\/sunoresearch\",\"https:\/\/x.com\/sunoresearch\",\"https:\/\/www.instagram.com\/suno\",\"https:\/\/www.linkedin.com\/company\/suno-research\/\",\"https:\/\/www.youtube.com\/c\/sunoresearch\"]},{\"@type\":\"Person\",\"@id\":\"https:\/\/www.suno.com.br\/noticias\/#\/schema\/person\/1db762f78ffd8919a648a63e425953e3\",\"name\":\"Juliano Passaro\",\"image\":{\"@type\":\"ImageObject\",\"inLanguage\":\"pt-BR\",\"@id\":\"https:\/\/www.suno.com.br\/noticias\/#\/schema\/person\/image\/\",\"url\":\"https:\/\/secure.gravatar.com\/avatar\/743d4df28eebf6dcc46b4ad03c319e92?s=96&r=g\",\"contentUrl\":\"https:\/\/secure.gravatar.com\/avatar\/743d4df28eebf6dcc46b4ad03c319e92?s=96&r=g\",\"caption\":\"Juliano Passaro\"},\"description\":\"Juliano Passaro escreve sobre pol\u00edtica, economia e neg\u00f3cios para o portal da Suno Research. Antes da Suno, trabalhou no Portal da Band. \u00c9 formado em jornalismo pela Universidade Presbiteriana Mackenzie.\",\"url\":\"https:\/\/www.suno.com.br\/noticias\/author\/juliano\/\"}]}<\/script>\n<!-- \/ Yoast SEO plugin. -->","yoast_head_json":{"title":"Agenda do Dia: JHSF; Tim; Oi; Petrobras; Metalfrio","description":"Agenda do Dia: aumento de capital da JHSF; investimentos da Tim; oferta por ativos da Oi; Petrobras; Metalfrio. Saiba mais.","robots":{"index":"index","follow":"follow","max-snippet":"max-snippet:-1","max-image-preview":"max-image-preview:large","max-video-preview":"max-video-preview:-1"},"canonical":"https:\/\/www.suno.com.br\/noticias\/agenda-do-dia-jhsf-tim-oi-petrobras-metalfrio\/","og_locale":"pt_BR","og_type":"article","og_title":"Agenda do Dia: JHSF; Tim; Oi; Petrobras; Metalfrio","og_description":"Agenda do Dia: aumento de capital da JHSF; investimentos da Tim; oferta por ativos da Oi; Petrobras; Metalfrio. Saiba mais.","og_url":"https:\/\/www.suno.com.br\/noticias\/agenda-do-dia-jhsf-tim-oi-petrobras-metalfrio\/","og_site_name":"Suno Not\u00edcias","article_publisher":"https:\/\/facebook.com\/sunoresearch","og_image":[{"width":1500,"height":1001,"url":"https:\/\/files.sunoresearch.com.br\/n\/uploads\/2019\/09\/ce9081c5-estande-oi-rock-in-rio_o_1500.jpg","type":"image\/jpeg"}],"author":"Juliano Passaro","twitter_card":"summary_large_image","twitter_creator":"@sunoresearch","twitter_site":"@sunoresearch","twitter_misc":{"Escrito por":"Juliano Passaro","Est. tempo de leitura":"4 minutos"},"schema":{"@context":"https:\/\/schema.org","@graph":[{"@type":"NewsArticle","@id":"https:\/\/www.suno.com.br\/noticias\/agenda-do-dia-jhsf-tim-oi-petrobras-metalfrio\/#article","isPartOf":{"@id":"https:\/\/www.suno.com.br\/noticias\/agenda-do-dia-jhsf-tim-oi-petrobras-metalfrio\/"},"author":{"name":"Juliano Passaro","@id":"https:\/\/www.suno.com.br\/noticias\/#\/schema\/person\/1db762f78ffd8919a648a63e425953e3"},"headline":"Agenda do Dia: JHSF; Tim; Oi; Petrobras; Metalfrio","datePublished":"2020-07-16T11:27:24+00:00","dateModified":"2021-06-14T03:28:23+00:00","mainEntityOfPage":{"@id":"https:\/\/www.suno.com.br\/noticias\/agenda-do-dia-jhsf-tim-oi-petrobras-metalfrio\/"},"wordCount":757,"publisher":{"@id":"https:\/\/www.suno.com.br\/noticias\/#organization"},"image":{"@id":"https:\/\/www.suno.com.br\/noticias\/agenda-do-dia-jhsf-tim-oi-petrobras-metalfrio\/#primaryimage"},"thumbnailUrl":"https:\/\/files.sunoresearch.com.br\/n\/uploads\/2019\/09\/ce9081c5-estande-oi-rock-in-rio_o_1500-jpg.webp","keywords":["agenda do dia","JHSF (JHSF3)","Metalfrio (FRIO3)","Oi (OIBR3\/OIBR4)","Petrobras (PETR4)","TIM (TIMS3)"],"articleSection":["Neg\u00f3cios"],"inLanguage":"pt-BR"},{"@type":"WebPage","@id":"https:\/\/www.suno.com.br\/noticias\/agenda-do-dia-jhsf-tim-oi-petrobras-metalfrio\/","url":"https:\/\/www.suno.com.br\/noticias\/agenda-do-dia-jhsf-tim-oi-petrobras-metalfrio\/","name":"Agenda do Dia: JHSF; Tim; Oi; Petrobras; Metalfrio","isPartOf":{"@id":"https:\/\/www.suno.com.br\/noticias\/#website"},"primaryImageOfPage":{"@id":"https:\/\/www.suno.com.br\/noticias\/agenda-do-dia-jhsf-tim-oi-petrobras-metalfrio\/#primaryimage"},"image":{"@id":"https:\/\/www.suno.com.br\/noticias\/agenda-do-dia-jhsf-tim-oi-petrobras-metalfrio\/#primaryimage"},"thumbnailUrl":"https:\/\/files.sunoresearch.com.br\/n\/uploads\/2019\/09\/ce9081c5-estande-oi-rock-in-rio_o_1500-jpg.webp","datePublished":"2020-07-16T11:27:24+00:00","dateModified":"2021-06-14T03:28:23+00:00","description":"Agenda do Dia: aumento de capital da JHSF; investimentos da Tim; oferta por ativos da Oi; Petrobras; Metalfrio. Saiba mais.","breadcrumb":{"@id":"https:\/\/www.suno.com.br\/noticias\/agenda-do-dia-jhsf-tim-oi-petrobras-metalfrio\/#breadcrumb"},"inLanguage":"pt-BR","potentialAction":[{"@type":"ReadAction","target":["https:\/\/www.suno.com.br\/noticias\/agenda-do-dia-jhsf-tim-oi-petrobras-metalfrio\/"]}]},{"@type":"ImageObject","inLanguage":"pt-BR","@id":"https:\/\/www.suno.com.br\/noticias\/agenda-do-dia-jhsf-tim-oi-petrobras-metalfrio\/#primaryimage","url":"https:\/\/files.sunoresearch.com.br\/n\/uploads\/2019\/09\/ce9081c5-estande-oi-rock-in-rio_o_1500-jpg.webp","contentUrl":"https:\/\/files.sunoresearch.com.br\/n\/uploads\/2019\/09\/ce9081c5-estande-oi-rock-in-rio_o_1500-jpg.webp","width":1500,"height":1001,"caption":"Oi (divulga\u00e7\u00e3o)"},{"@type":"BreadcrumbList","@id":"https:\/\/www.suno.com.br\/noticias\/agenda-do-dia-jhsf-tim-oi-petrobras-metalfrio\/#breadcrumb","itemListElement":[{"@type":"ListItem","position":1,"name":"Not\u00edcias","item":"https:\/\/www.suno.com.br\/noticias\/"},{"@type":"ListItem","position":2,"name":"Neg\u00f3cios","item":"https:\/\/www.suno.com.br\/noticias\/negocios\/"},{"@type":"ListItem","position":3,"name":"Agenda do Dia: JHSF; Tim; Oi; Petrobras; Metalfrio"}]},{"@type":"WebSite","@id":"https:\/\/www.suno.com.br\/noticias\/#website","url":"https:\/\/www.suno.com.br\/noticias\/","name":"Suno Not\u00edcias","description":"Seu portal de informa\u00e7\u00e3o sobre o mundo dos investimentos","publisher":{"@id":"https:\/\/www.suno.com.br\/noticias\/#organization"},"potentialAction":[{"@type":"SearchAction","target":{"@type":"EntryPoint","urlTemplate":"https:\/\/www.suno.com.br\/noticias\/?s={search_term_string}"},"query-input":{"@type":"PropertyValueSpecification","valueRequired":true,"valueName":"search_term_string"}}],"inLanguage":"pt-BR"},{"@type":"Organization","@id":"https:\/\/www.suno.com.br\/noticias\/#organization","name":"Suno Not\u00edcias","url":"https:\/\/www.suno.com.br\/noticias\/","logo":{"@type":"ImageObject","inLanguage":"pt-BR","@id":"https:\/\/www.suno.com.br\/noticias\/#\/schema\/logo\/image\/","url":"https:\/\/files.sunoresearch.com.br\/n\/uploads\/2021\/09\/suno-logo.png","contentUrl":"https:\/\/files.sunoresearch.com.br\/n\/uploads\/2021\/09\/suno-logo.png","width":180,"height":180,"caption":"Suno Not\u00edcias"},"image":{"@id":"https:\/\/www.suno.com.br\/noticias\/#\/schema\/logo\/image\/"},"sameAs":["https:\/\/facebook.com\/sunoresearch","https:\/\/x.com\/sunoresearch","https:\/\/www.instagram.com\/suno","https:\/\/www.linkedin.com\/company\/suno-research\/","https:\/\/www.youtube.com\/c\/sunoresearch"]},{"@type":"Person","@id":"https:\/\/www.suno.com.br\/noticias\/#\/schema\/person\/1db762f78ffd8919a648a63e425953e3","name":"Juliano Passaro","image":{"@type":"ImageObject","inLanguage":"pt-BR","@id":"https:\/\/www.suno.com.br\/noticias\/#\/schema\/person\/image\/","url":"https:\/\/secure.gravatar.com\/avatar\/743d4df28eebf6dcc46b4ad03c319e92?s=96&r=g","contentUrl":"https:\/\/secure.gravatar.com\/avatar\/743d4df28eebf6dcc46b4ad03c319e92?s=96&r=g","caption":"Juliano Passaro"},"description":"Juliano Passaro escreve sobre pol\u00edtica, economia e neg\u00f3cios para o portal da Suno Research. Antes da Suno, trabalhou no Portal da Band. \u00c9 formado em jornalismo pela Universidade Presbiteriana Mackenzie.","url":"https:\/\/www.suno.com.br\/noticias\/author\/juliano\/"}]}},"default_loop_html":"<div class=\"cardsPage__listCard__boxs\"><div class=\"cardsPage__listCard__boxs__img\"><a href=\"https:\/\/www.suno.com.br\/noticias\/agenda-do-dia-jhsf-tim-oi-petrobras-metalfrio\/\"><img class=\"mask\" src=\"https:\/\/www.suno.com.br\/noticias\/wp-content\/themes\/suno\/resources\/images\/spotlight\/spotlight1img\/bg-mask.png\" alt=\"Image Mask\"\/><img src=\"https:\/\/files.sunoresearch.com.br\/n\/uploads\/2019\/09\/ce9081c5-estande-oi-rock-in-rio_o_1500-400x200.webp\" alt=\"Agenda do Dia: JHSF; Tim; Oi; Petrobras; Metalfrio\"\/><\/a><span class=\"spotlightCategory\"><a href=\"https:\/\/www.suno.com.br\/noticias\/negocios\/\">Neg\u00f3cios<\/a><\/span><\/div><div class=\"cardsPage__listCard__boxs__content\"><a href=\"https:\/\/www.suno.com.br\/noticias\/agenda-do-dia-jhsf-tim-oi-petrobras-metalfrio\/\"><h2 class=\"content__title\">Agenda do Dia: JHSF; Tim; Oi; Petrobras; Metalfrio<\/h2><\/a><div class=\"newsContent__article__meta\"><div class=\"newsContent__article__meta__authorBox\"><a href=\"https:\/\/www.suno.com.br\/noticias\/author\/juliano\/\" class=\"authorBox__avatar noMobi\"><img src=\"https:\/\/files.sunoresearch.com.br\/n\/uploads\/2019\/06\/7cc3efea-whatsapp-image-2019-07-18-at-21.59.33-e1563499821209-150x150.webp\" alt=\"Juliano Passaro\"><\/a><div class=\"authorBox__name\"><span>por\n\t\t\t<a href=\"https:\/\/www.suno.com.br\/noticias\/author\/juliano\/\"><span itemprop=\"author\">Juliano Passaro<\/span><\/a><\/span><time datetime=\"2020-07-16T08:27:24-03:00\" itemprop=\"datePublished\">16\/07\/2020 08:27<\/time><\/div><\/div><\/div><\/div><\/div>","single_layout":"posts","amp_enabled":true,"_links":{"self":[{"href":"https:\/\/www.suno.com.br\/noticias\/wp-json\/wp\/v2\/posts\/73370"}],"collection":[{"href":"https:\/\/www.suno.com.br\/noticias\/wp-json\/wp\/v2\/posts"}],"about":[{"href":"https:\/\/www.suno.com.br\/noticias\/wp-json\/wp\/v2\/types\/post"}],"author":[{"embeddable":true,"href":"https:\/\/www.suno.com.br\/noticias\/wp-json\/wp\/v2\/users\/19"}],"replies":[{"embeddable":true,"href":"https:\/\/www.suno.com.br\/noticias\/wp-json\/wp\/v2\/comments?post=73370"}],"version-history":[{"count":1,"href":"https:\/\/www.suno.com.br\/noticias\/wp-json\/wp\/v2\/posts\/73370\/revisions"}],"predecessor-version":[{"id":157557,"href":"https:\/\/www.suno.com.br\/noticias\/wp-json\/wp\/v2\/posts\/73370\/revisions\/157557"}],"wp:featuredmedia":[{"embeddable":true,"href":"https:\/\/www.suno.com.br\/noticias\/wp-json\/wp\/v2\/media\/39056"}],"wp:attachment":[{"href":"https:\/\/www.suno.com.br\/noticias\/wp-json\/wp\/v2\/media?parent=73370"}],"wp:term":[{"taxonomy":"category","embeddable":true,"href":"https:\/\/www.suno.com.br\/noticias\/wp-json\/wp\/v2\/categories?post=73370"},{"taxonomy":"post_tag","embeddable":true,"href":"https:\/\/www.suno.com.br\/noticias\/wp-json\/wp\/v2\/tags?post=73370"},{"taxonomy":"suno_strategy","embeddable":true,"href":"https:\/\/www.suno.com.br\/noticias\/wp-json\/wp\/v2\/suno_strategy?post=73370"}],"curies":[{"name":"wp","href":"https:\/\/api.w.org\/{rel}","templated":true}]}}