{"id":73365,"date":"2020-07-16T07:14:06","date_gmt":"2020-07-16T10:14:06","guid":{"rendered":"https:\/\/www.suno.com.br\/noticias\/?p=73365"},"modified":"2021-05-30T23:20:06","modified_gmt":"2021-05-31T02:20:06","slug":"oi-oibr3-cda-tim-autoriza-proposta-tele","status":"publish","type":"post","link":"https:\/\/www.suno.com.br\/noticias\/oi-oibr3-cda-tim-autoriza-proposta-tele\/","title":{"rendered":"Oi (OIBR3): Conselho da Tim autoriza companhia a apresentar proposta pela tele"},"content":{"rendered":"<p>A disputa pelos ativos da <a href=\"https:\/\/www.suno.com.br\/acoes\/oibr3\/\"><strong>Oi<\/strong> (OIBR3)<\/a> est\u00e1 ganhando for\u00e7a nos bastidores. Ap\u00f3s uma confirma\u00e7\u00e3o de que a Claro participaria do leil\u00e3o de ativos m\u00f3veis da tele, foi a vez do <a href=\"https:\/\/www.suno.com.br\/artigos\/conselho-administracao\/\">conselho de administra\u00e7\u00e3o (CDA)<\/a> da dona da <a href=\"https:\/\/www.suno.com.br\/acoes\/timp3\/\">Tim Brasil (TIMP3)<\/a>, Telecom Italia, aprovar o plano de aquisi\u00e7\u00e3o dos ativos m\u00f3veis da Oi. As informa\u00e7\u00f5es s\u00e3o do site &#8220;Tele.S\u00edntese&#8221; e foram divulgadas na \u00faltima quarta-feira (15).<\/p>\t<div class=\"wrapper-featured-image\">\n\t\t<figure class=\"spotlightImg\">\n\n\t\t\t<picture>\n\t\t\t\t<source media=\"(max-width: 768px)\" srcset=\"https:\/\/files.sunoresearch.com.br\/n\/uploads\/2019\/10\/a39647d9-tim-400x200.webp\">\n\t\t\t\t<img loading=\"lazy\" decoding=\"async\" class=\"newsContent__article__imgCapa lazyloadDisabled newsContent__article__imgCapa--noCaption\" src=\"https:\/\/files.sunoresearch.com.br\/n\/uploads\/2019\/10\/a39647d9-tim-800x450.webp\" width=\"800\" height=\"450\" alt=\"Oi (OIBR3): Conselho da Tim autoriza companhia a apresentar proposta pela tele\" fetchpriority=high \/>\n\t\t\t<\/picture>\n\n\t\t\t<figcaption class=\"wp-caption-text wp-caption-text--hide\">Tim (divulga\u00e7\u00e3o)<\/figcaption>\n\t\t<\/figure>\n\t<\/div>\n\n\n<p><\/span><\/p>\n<p>Com isso, a Tim dever\u00e1 apresentar uma proposta vinculante de aquisi\u00e7\u00e3o pela unidade m\u00f3vel da Oi. O presidente da operadora italiana, Luigi Gubitosi, j\u00e1 possui aval do CDA da empresa para realizar uma proposta.<\/p>\n<p>A Tim j\u00e1 havia demonstrado interesse na Oi h\u00e1 pouco tempo. A ideia da operadora italiana, entretanto, era realizar uma compra da Oi M\u00f3vel em conjunto com a Telef\u00f4nica Brasil, que \u00e9 controladora da Vivo.<\/p>\n<p><a href=\"https:\/\/lp.suno.com.br\/suno-one\/\">Suno One: acesse gratuitamente eBooks, Minicursos, Artigos e Video Aulas sobre investimentos com um \u00fanico cadastro. Clique para saber mais!<\/a><\/p>\n<p><iframe loading=\"lazy\" src=\"https:\/\/www.youtube.com\/embed\/pHPEhsSlU50\" width=\"560\" height=\"315\" frameborder=\"0\" allowfullscreen=\"allowfullscreen\"><\/iframe><\/p>\n<h2>Interesse da Claro nos ativos da Oi<\/h2>\n<p>O <a href=\"https:\/\/www.suno.com.br\/artigos\/ceo\/\">CEO<\/a> da Am\u00e9rica M\u00f3vil, controladora da Claro Brasil, Daniel Hajj, disse, tamb\u00e9m na \u00faltima quarta, que a sua companhia participaria do leil\u00e3o de ativos m\u00f3veis da Oi.<\/p>\n<p>Segundo o executivo, a carteira de clientes da empresa interessa a <strong>Claro<\/strong>, al\u00e9m tamb\u00e9m da capacidade da rede. \u201cEstamos atentos e interessados nos ativos. Seria um bom acr\u00e9scimo. O que pudermos fazer com Oi para ter mais clientes e capacidade, seria bom. Ent\u00e3o, vamos participar do leil\u00e3o do lado m\u00f3vel\u201d, afirmou Hajj.<\/p>\n<h2>Aditamento ao Plano de Recupera\u00e7\u00e3o Judicial<\/h2>\n<p>Em meados de junho, a Oi protocolou, na Justi\u00e7a do Rio de Janeiro, uma proposta adicional ao plano de <a href=\"https:\/\/www.suno.com.br\/artigos\/recuperacao-judicial\/\">Recupera\u00e7\u00e3o Judicial<\/a> que foi solicitado em 2016. A medida foi tomada com o intuito de reorganizar e simplificar o grupo para garantir a sustentabilidade da empresa.<\/p>\n<p>A chamada &#8220;proposta de aditamento&#8221; da tele ir\u00e1 alterar tanto a organiza\u00e7\u00e3o do ponto de vista operacional quanto do societ\u00e1rio. A empresa quer, com este aditamento, acessar o mercado financeiro para conseguir recursos a ponto de poder equilibrar suas d\u00edvidas.<\/p>\n<p>Entre outros objetivos, a ideia da <strong>Oi<\/strong> \u00e9 buscar a possibilidade de forma\u00e7\u00e3o de unidades produtivas isoladas (\u201cUPIs\u201d), que consiste na divis\u00e3o de determinados neg\u00f3cios e ativos do grupo, como a unidade m\u00f3vel da tele.<\/p>\n\n","protected":false},"excerpt":{"rendered":"<p>A disputa pelos ativos da Oi (OIBR3) est\u00e1 ganhando for\u00e7a nos bastidores. Ap\u00f3s uma confirma\u00e7\u00e3o de que a Claro participaria do leil\u00e3o de ativos m\u00f3veis da tele, foi a vez do conselho de administra\u00e7\u00e3o (CDA) da dona da Tim Brasil (TIMP3), Telecom Italia, aprovar o plano de aquisi\u00e7\u00e3o dos ativos m\u00f3veis da Oi. As informa\u00e7\u00f5es [&hellip;]<\/p>\n","protected":false},"author":19,"featured_media":42822,"comment_status":"closed","ping_status":"closed","sticky":false,"template":"","format":"standard","meta":[],"categories":[64],"tags":[584,663],"suno_strategy":[],"class_list":["post-73365","post","type-post","status-publish","format-standard","has-post-thumbnail","hentry","category-negocios","tag-oi-oibr3-oibr4","tag-tim-tims3"],"yoast_head":"<!-- This site is optimized with the Yoast SEO plugin v24.4 - https:\/\/yoast.com\/wordpress\/plugins\/seo\/ -->\n<title>Oi (OIBR3): CDA da Tim autoriza empresa a apresentar proposta pela tele<\/title>\n<meta name=\"description\" content=\"O conselho de administra\u00e7\u00e3o da dona da Tim Brasil (TIMP3), Telecom Italia, aprovou o plano de aquisi\u00e7\u00e3o dos ativos m\u00f3veis da Oi. Saiba mais.\" \/>\n<meta name=\"robots\" content=\"index, follow, max-snippet:-1, max-image-preview:large, max-video-preview:-1\" \/>\n<link rel=\"canonical\" href=\"https:\/\/www.suno.com.br\/noticias\/oi-oibr3-cda-tim-autoriza-proposta-tele\/\" \/>\n<meta property=\"og:locale\" content=\"pt_BR\" \/>\n<meta property=\"og:type\" content=\"article\" \/>\n<meta property=\"og:title\" content=\"Oi (OIBR3): CDA da Tim autoriza empresa a apresentar proposta pela tele\" \/>\n<meta property=\"og:description\" content=\"O conselho de administra\u00e7\u00e3o da dona da Tim Brasil (TIMP3), Telecom Italia, aprovou o plano de aquisi\u00e7\u00e3o dos ativos m\u00f3veis da Oi. Saiba mais.\" \/>\n<meta property=\"og:url\" content=\"https:\/\/www.suno.com.br\/noticias\/oi-oibr3-cda-tim-autoriza-proposta-tele\/\" \/>\n<meta property=\"og:site_name\" content=\"Suno Not\u00edcias\" \/>\n<meta property=\"article:publisher\" content=\"https:\/\/facebook.com\/sunoresearch\" \/>\n<meta property=\"og:image\" content=\"https:\/\/files.sunoresearch.com.br\/n\/uploads\/2019\/10\/a39647d9-tim-1024x683.jpg\" \/>\n\t<meta property=\"og:image:width\" content=\"1024\" \/>\n\t<meta property=\"og:image:height\" content=\"683\" \/>\n\t<meta property=\"og:image:type\" content=\"image\/jpeg\" \/>\n<meta name=\"author\" content=\"Juliano Passaro\" \/>\n<meta name=\"twitter:card\" content=\"summary_large_image\" \/>\n<meta name=\"twitter:creator\" content=\"@sunoresearch\" \/>\n<meta name=\"twitter:site\" content=\"@sunoresearch\" \/>\n<meta name=\"twitter:label1\" content=\"Escrito por\" \/>\n\t<meta name=\"twitter:data1\" content=\"Juliano Passaro\" \/>\n\t<meta name=\"twitter:label2\" content=\"Est. tempo de leitura\" \/>\n\t<meta name=\"twitter:data2\" content=\"2 minutos\" \/>\n<script type=\"application\/ld+json\" class=\"yoast-schema-graph\">{\"@context\":\"https:\/\/schema.org\",\"@graph\":[{\"@type\":\"NewsArticle\",\"@id\":\"https:\/\/www.suno.com.br\/noticias\/oi-oibr3-cda-tim-autoriza-proposta-tele\/#article\",\"isPartOf\":{\"@id\":\"https:\/\/www.suno.com.br\/noticias\/oi-oibr3-cda-tim-autoriza-proposta-tele\/\"},\"author\":{\"name\":\"Juliano Passaro\",\"@id\":\"https:\/\/www.suno.com.br\/noticias\/#\/schema\/person\/1db762f78ffd8919a648a63e425953e3\"},\"headline\":\"Oi (OIBR3): Conselho da Tim autoriza companhia a apresentar proposta pela tele\",\"datePublished\":\"2020-07-16T10:14:06+00:00\",\"dateModified\":\"2021-05-31T02:20:06+00:00\",\"mainEntityOfPage\":{\"@id\":\"https:\/\/www.suno.com.br\/noticias\/oi-oibr3-cda-tim-autoriza-proposta-tele\/\"},\"wordCount\":421,\"publisher\":{\"@id\":\"https:\/\/www.suno.com.br\/noticias\/#organization\"},\"image\":{\"@id\":\"https:\/\/www.suno.com.br\/noticias\/oi-oibr3-cda-tim-autoriza-proposta-tele\/#primaryimage\"},\"thumbnailUrl\":\"https:\/\/files.sunoresearch.com.br\/n\/uploads\/2019\/10\/a39647d9-tim-scaled.webp\",\"keywords\":[\"Oi (OIBR3\/OIBR4)\",\"TIM (TIMS3)\"],\"articleSection\":[\"Neg\u00f3cios\"],\"inLanguage\":\"pt-BR\"},{\"@type\":\"WebPage\",\"@id\":\"https:\/\/www.suno.com.br\/noticias\/oi-oibr3-cda-tim-autoriza-proposta-tele\/\",\"url\":\"https:\/\/www.suno.com.br\/noticias\/oi-oibr3-cda-tim-autoriza-proposta-tele\/\",\"name\":\"Oi (OIBR3): CDA da Tim autoriza empresa a apresentar proposta pela tele\",\"isPartOf\":{\"@id\":\"https:\/\/www.suno.com.br\/noticias\/#website\"},\"primaryImageOfPage\":{\"@id\":\"https:\/\/www.suno.com.br\/noticias\/oi-oibr3-cda-tim-autoriza-proposta-tele\/#primaryimage\"},\"image\":{\"@id\":\"https:\/\/www.suno.com.br\/noticias\/oi-oibr3-cda-tim-autoriza-proposta-tele\/#primaryimage\"},\"thumbnailUrl\":\"https:\/\/files.sunoresearch.com.br\/n\/uploads\/2019\/10\/a39647d9-tim-scaled.webp\",\"datePublished\":\"2020-07-16T10:14:06+00:00\",\"dateModified\":\"2021-05-31T02:20:06+00:00\",\"description\":\"O conselho de administra\u00e7\u00e3o da dona da Tim Brasil (TIMP3), Telecom Italia, aprovou o plano de aquisi\u00e7\u00e3o dos ativos m\u00f3veis da Oi. Saiba mais.\",\"breadcrumb\":{\"@id\":\"https:\/\/www.suno.com.br\/noticias\/oi-oibr3-cda-tim-autoriza-proposta-tele\/#breadcrumb\"},\"inLanguage\":\"pt-BR\",\"potentialAction\":[{\"@type\":\"ReadAction\",\"target\":[\"https:\/\/www.suno.com.br\/noticias\/oi-oibr3-cda-tim-autoriza-proposta-tele\/\"]}]},{\"@type\":\"ImageObject\",\"inLanguage\":\"pt-BR\",\"@id\":\"https:\/\/www.suno.com.br\/noticias\/oi-oibr3-cda-tim-autoriza-proposta-tele\/#primaryimage\",\"url\":\"https:\/\/files.sunoresearch.com.br\/n\/uploads\/2019\/10\/a39647d9-tim-scaled.webp\",\"contentUrl\":\"https:\/\/files.sunoresearch.com.br\/n\/uploads\/2019\/10\/a39647d9-tim-scaled.webp\",\"width\":2560,\"height\":1707,\"caption\":\"Tim (divulga\u00e7\u00e3o)\"},{\"@type\":\"BreadcrumbList\",\"@id\":\"https:\/\/www.suno.com.br\/noticias\/oi-oibr3-cda-tim-autoriza-proposta-tele\/#breadcrumb\",\"itemListElement\":[{\"@type\":\"ListItem\",\"position\":1,\"name\":\"Not\u00edcias\",\"item\":\"https:\/\/www.suno.com.br\/noticias\/\"},{\"@type\":\"ListItem\",\"position\":2,\"name\":\"Neg\u00f3cios\",\"item\":\"https:\/\/www.suno.com.br\/noticias\/negocios\/\"},{\"@type\":\"ListItem\",\"position\":3,\"name\":\"Oi (OIBR3): Conselho da Tim autoriza companhia a apresentar proposta pela tele\"}]},{\"@type\":\"WebSite\",\"@id\":\"https:\/\/www.suno.com.br\/noticias\/#website\",\"url\":\"https:\/\/www.suno.com.br\/noticias\/\",\"name\":\"Suno Not\u00edcias\",\"description\":\"Seu portal de informa\u00e7\u00e3o sobre o mundo dos investimentos\",\"publisher\":{\"@id\":\"https:\/\/www.suno.com.br\/noticias\/#organization\"},\"potentialAction\":[{\"@type\":\"SearchAction\",\"target\":{\"@type\":\"EntryPoint\",\"urlTemplate\":\"https:\/\/www.suno.com.br\/noticias\/?s={search_term_string}\"},\"query-input\":{\"@type\":\"PropertyValueSpecification\",\"valueRequired\":true,\"valueName\":\"search_term_string\"}}],\"inLanguage\":\"pt-BR\"},{\"@type\":\"Organization\",\"@id\":\"https:\/\/www.suno.com.br\/noticias\/#organization\",\"name\":\"Suno Not\u00edcias\",\"url\":\"https:\/\/www.suno.com.br\/noticias\/\",\"logo\":{\"@type\":\"ImageObject\",\"inLanguage\":\"pt-BR\",\"@id\":\"https:\/\/www.suno.com.br\/noticias\/#\/schema\/logo\/image\/\",\"url\":\"https:\/\/files.sunoresearch.com.br\/n\/uploads\/2021\/09\/suno-logo.png\",\"contentUrl\":\"https:\/\/files.sunoresearch.com.br\/n\/uploads\/2021\/09\/suno-logo.png\",\"width\":180,\"height\":180,\"caption\":\"Suno Not\u00edcias\"},\"image\":{\"@id\":\"https:\/\/www.suno.com.br\/noticias\/#\/schema\/logo\/image\/\"},\"sameAs\":[\"https:\/\/facebook.com\/sunoresearch\",\"https:\/\/x.com\/sunoresearch\",\"https:\/\/www.instagram.com\/suno\",\"https:\/\/www.linkedin.com\/company\/suno-research\/\",\"https:\/\/www.youtube.com\/c\/sunoresearch\"]},{\"@type\":\"Person\",\"@id\":\"https:\/\/www.suno.com.br\/noticias\/#\/schema\/person\/1db762f78ffd8919a648a63e425953e3\",\"name\":\"Juliano Passaro\",\"image\":{\"@type\":\"ImageObject\",\"inLanguage\":\"pt-BR\",\"@id\":\"https:\/\/www.suno.com.br\/noticias\/#\/schema\/person\/image\/\",\"url\":\"https:\/\/secure.gravatar.com\/avatar\/743d4df28eebf6dcc46b4ad03c319e92?s=96&r=g\",\"contentUrl\":\"https:\/\/secure.gravatar.com\/avatar\/743d4df28eebf6dcc46b4ad03c319e92?s=96&r=g\",\"caption\":\"Juliano Passaro\"},\"description\":\"Juliano Passaro escreve sobre pol\u00edtica, economia e neg\u00f3cios para o portal da Suno Research. Antes da Suno, trabalhou no Portal da Band. \u00c9 formado em jornalismo pela Universidade Presbiteriana Mackenzie.\",\"url\":\"https:\/\/www.suno.com.br\/noticias\/author\/juliano\/\"}]}<\/script>\n<!-- \/ Yoast SEO plugin. -->","yoast_head_json":{"title":"Oi (OIBR3): CDA da Tim autoriza empresa a apresentar proposta pela tele","description":"O conselho de administra\u00e7\u00e3o da dona da Tim Brasil (TIMP3), Telecom Italia, aprovou o plano de aquisi\u00e7\u00e3o dos ativos m\u00f3veis da Oi. Saiba mais.","robots":{"index":"index","follow":"follow","max-snippet":"max-snippet:-1","max-image-preview":"max-image-preview:large","max-video-preview":"max-video-preview:-1"},"canonical":"https:\/\/www.suno.com.br\/noticias\/oi-oibr3-cda-tim-autoriza-proposta-tele\/","og_locale":"pt_BR","og_type":"article","og_title":"Oi (OIBR3): CDA da Tim autoriza empresa a apresentar proposta pela tele","og_description":"O conselho de administra\u00e7\u00e3o da dona da Tim Brasil (TIMP3), Telecom Italia, aprovou o plano de aquisi\u00e7\u00e3o dos ativos m\u00f3veis da Oi. Saiba mais.","og_url":"https:\/\/www.suno.com.br\/noticias\/oi-oibr3-cda-tim-autoriza-proposta-tele\/","og_site_name":"Suno Not\u00edcias","article_publisher":"https:\/\/facebook.com\/sunoresearch","og_image":[{"width":1024,"height":683,"url":"https:\/\/files.sunoresearch.com.br\/n\/uploads\/2019\/10\/a39647d9-tim-1024x683.jpg","type":"image\/jpeg"}],"author":"Juliano Passaro","twitter_card":"summary_large_image","twitter_creator":"@sunoresearch","twitter_site":"@sunoresearch","twitter_misc":{"Escrito por":"Juliano Passaro","Est. tempo de leitura":"2 minutos"},"schema":{"@context":"https:\/\/schema.org","@graph":[{"@type":"NewsArticle","@id":"https:\/\/www.suno.com.br\/noticias\/oi-oibr3-cda-tim-autoriza-proposta-tele\/#article","isPartOf":{"@id":"https:\/\/www.suno.com.br\/noticias\/oi-oibr3-cda-tim-autoriza-proposta-tele\/"},"author":{"name":"Juliano Passaro","@id":"https:\/\/www.suno.com.br\/noticias\/#\/schema\/person\/1db762f78ffd8919a648a63e425953e3"},"headline":"Oi (OIBR3): Conselho da Tim autoriza companhia a apresentar proposta pela tele","datePublished":"2020-07-16T10:14:06+00:00","dateModified":"2021-05-31T02:20:06+00:00","mainEntityOfPage":{"@id":"https:\/\/www.suno.com.br\/noticias\/oi-oibr3-cda-tim-autoriza-proposta-tele\/"},"wordCount":421,"publisher":{"@id":"https:\/\/www.suno.com.br\/noticias\/#organization"},"image":{"@id":"https:\/\/www.suno.com.br\/noticias\/oi-oibr3-cda-tim-autoriza-proposta-tele\/#primaryimage"},"thumbnailUrl":"https:\/\/files.sunoresearch.com.br\/n\/uploads\/2019\/10\/a39647d9-tim-scaled.webp","keywords":["Oi (OIBR3\/OIBR4)","TIM (TIMS3)"],"articleSection":["Neg\u00f3cios"],"inLanguage":"pt-BR"},{"@type":"WebPage","@id":"https:\/\/www.suno.com.br\/noticias\/oi-oibr3-cda-tim-autoriza-proposta-tele\/","url":"https:\/\/www.suno.com.br\/noticias\/oi-oibr3-cda-tim-autoriza-proposta-tele\/","name":"Oi (OIBR3): CDA da Tim autoriza empresa a apresentar proposta pela tele","isPartOf":{"@id":"https:\/\/www.suno.com.br\/noticias\/#website"},"primaryImageOfPage":{"@id":"https:\/\/www.suno.com.br\/noticias\/oi-oibr3-cda-tim-autoriza-proposta-tele\/#primaryimage"},"image":{"@id":"https:\/\/www.suno.com.br\/noticias\/oi-oibr3-cda-tim-autoriza-proposta-tele\/#primaryimage"},"thumbnailUrl":"https:\/\/files.sunoresearch.com.br\/n\/uploads\/2019\/10\/a39647d9-tim-scaled.webp","datePublished":"2020-07-16T10:14:06+00:00","dateModified":"2021-05-31T02:20:06+00:00","description":"O conselho de administra\u00e7\u00e3o da dona da Tim Brasil (TIMP3), Telecom Italia, aprovou o plano de aquisi\u00e7\u00e3o dos ativos m\u00f3veis da Oi. Saiba mais.","breadcrumb":{"@id":"https:\/\/www.suno.com.br\/noticias\/oi-oibr3-cda-tim-autoriza-proposta-tele\/#breadcrumb"},"inLanguage":"pt-BR","potentialAction":[{"@type":"ReadAction","target":["https:\/\/www.suno.com.br\/noticias\/oi-oibr3-cda-tim-autoriza-proposta-tele\/"]}]},{"@type":"ImageObject","inLanguage":"pt-BR","@id":"https:\/\/www.suno.com.br\/noticias\/oi-oibr3-cda-tim-autoriza-proposta-tele\/#primaryimage","url":"https:\/\/files.sunoresearch.com.br\/n\/uploads\/2019\/10\/a39647d9-tim-scaled.webp","contentUrl":"https:\/\/files.sunoresearch.com.br\/n\/uploads\/2019\/10\/a39647d9-tim-scaled.webp","width":2560,"height":1707,"caption":"Tim (divulga\u00e7\u00e3o)"},{"@type":"BreadcrumbList","@id":"https:\/\/www.suno.com.br\/noticias\/oi-oibr3-cda-tim-autoriza-proposta-tele\/#breadcrumb","itemListElement":[{"@type":"ListItem","position":1,"name":"Not\u00edcias","item":"https:\/\/www.suno.com.br\/noticias\/"},{"@type":"ListItem","position":2,"name":"Neg\u00f3cios","item":"https:\/\/www.suno.com.br\/noticias\/negocios\/"},{"@type":"ListItem","position":3,"name":"Oi (OIBR3): Conselho da Tim autoriza companhia a apresentar proposta pela tele"}]},{"@type":"WebSite","@id":"https:\/\/www.suno.com.br\/noticias\/#website","url":"https:\/\/www.suno.com.br\/noticias\/","name":"Suno Not\u00edcias","description":"Seu portal de informa\u00e7\u00e3o sobre o mundo dos investimentos","publisher":{"@id":"https:\/\/www.suno.com.br\/noticias\/#organization"},"potentialAction":[{"@type":"SearchAction","target":{"@type":"EntryPoint","urlTemplate":"https:\/\/www.suno.com.br\/noticias\/?s={search_term_string}"},"query-input":{"@type":"PropertyValueSpecification","valueRequired":true,"valueName":"search_term_string"}}],"inLanguage":"pt-BR"},{"@type":"Organization","@id":"https:\/\/www.suno.com.br\/noticias\/#organization","name":"Suno Not\u00edcias","url":"https:\/\/www.suno.com.br\/noticias\/","logo":{"@type":"ImageObject","inLanguage":"pt-BR","@id":"https:\/\/www.suno.com.br\/noticias\/#\/schema\/logo\/image\/","url":"https:\/\/files.sunoresearch.com.br\/n\/uploads\/2021\/09\/suno-logo.png","contentUrl":"https:\/\/files.sunoresearch.com.br\/n\/uploads\/2021\/09\/suno-logo.png","width":180,"height":180,"caption":"Suno Not\u00edcias"},"image":{"@id":"https:\/\/www.suno.com.br\/noticias\/#\/schema\/logo\/image\/"},"sameAs":["https:\/\/facebook.com\/sunoresearch","https:\/\/x.com\/sunoresearch","https:\/\/www.instagram.com\/suno","https:\/\/www.linkedin.com\/company\/suno-research\/","https:\/\/www.youtube.com\/c\/sunoresearch"]},{"@type":"Person","@id":"https:\/\/www.suno.com.br\/noticias\/#\/schema\/person\/1db762f78ffd8919a648a63e425953e3","name":"Juliano Passaro","image":{"@type":"ImageObject","inLanguage":"pt-BR","@id":"https:\/\/www.suno.com.br\/noticias\/#\/schema\/person\/image\/","url":"https:\/\/secure.gravatar.com\/avatar\/743d4df28eebf6dcc46b4ad03c319e92?s=96&r=g","contentUrl":"https:\/\/secure.gravatar.com\/avatar\/743d4df28eebf6dcc46b4ad03c319e92?s=96&r=g","caption":"Juliano Passaro"},"description":"Juliano Passaro escreve sobre pol\u00edtica, economia e neg\u00f3cios para o portal da Suno Research. Antes da Suno, trabalhou no Portal da Band. \u00c9 formado em jornalismo pela Universidade Presbiteriana Mackenzie.","url":"https:\/\/www.suno.com.br\/noticias\/author\/juliano\/"}]}},"default_loop_html":"<div class=\"cardsPage__listCard__boxs\"><div class=\"cardsPage__listCard__boxs__img\"><a href=\"https:\/\/www.suno.com.br\/noticias\/oi-oibr3-cda-tim-autoriza-proposta-tele\/\"><img class=\"mask\" src=\"https:\/\/www.suno.com.br\/noticias\/wp-content\/themes\/suno\/resources\/images\/spotlight\/spotlight1img\/bg-mask.png\" alt=\"Image Mask\"\/><img src=\"https:\/\/files.sunoresearch.com.br\/n\/uploads\/2019\/10\/a39647d9-tim-400x200.webp\" alt=\"Oi (OIBR3): Conselho da Tim autoriza companhia a apresentar proposta pela tele\"\/><\/a><span class=\"spotlightCategory\"><a href=\"https:\/\/www.suno.com.br\/noticias\/negocios\/\">Neg\u00f3cios<\/a><\/span><\/div><div class=\"cardsPage__listCard__boxs__content\"><a href=\"https:\/\/www.suno.com.br\/noticias\/oi-oibr3-cda-tim-autoriza-proposta-tele\/\"><h2 class=\"content__title\">Oi (OIBR3): Conselho da Tim autoriza companhia a apresentar proposta pela tele<\/h2><\/a><div class=\"newsContent__article__meta\"><div class=\"newsContent__article__meta__authorBox\"><a href=\"https:\/\/www.suno.com.br\/noticias\/author\/juliano\/\" class=\"authorBox__avatar noMobi\"><img src=\"https:\/\/files.sunoresearch.com.br\/n\/uploads\/2019\/06\/7cc3efea-whatsapp-image-2019-07-18-at-21.59.33-e1563499821209-150x150.webp\" alt=\"Juliano Passaro\"><\/a><div class=\"authorBox__name\"><span>por\n\t\t\t<a href=\"https:\/\/www.suno.com.br\/noticias\/author\/juliano\/\"><span itemprop=\"author\">Juliano Passaro<\/span><\/a><\/span><time datetime=\"2020-07-16T07:14:06-03:00\" itemprop=\"datePublished\">16\/07\/2020 07:14<\/time><\/div><\/div><\/div><\/div><\/div>","single_layout":"posts","amp_enabled":true,"_links":{"self":[{"href":"https:\/\/www.suno.com.br\/noticias\/wp-json\/wp\/v2\/posts\/73365"}],"collection":[{"href":"https:\/\/www.suno.com.br\/noticias\/wp-json\/wp\/v2\/posts"}],"about":[{"href":"https:\/\/www.suno.com.br\/noticias\/wp-json\/wp\/v2\/types\/post"}],"author":[{"embeddable":true,"href":"https:\/\/www.suno.com.br\/noticias\/wp-json\/wp\/v2\/users\/19"}],"replies":[{"embeddable":true,"href":"https:\/\/www.suno.com.br\/noticias\/wp-json\/wp\/v2\/comments?post=73365"}],"version-history":[{"count":1,"href":"https:\/\/www.suno.com.br\/noticias\/wp-json\/wp\/v2\/posts\/73365\/revisions"}],"predecessor-version":[{"id":152694,"href":"https:\/\/www.suno.com.br\/noticias\/wp-json\/wp\/v2\/posts\/73365\/revisions\/152694"}],"wp:featuredmedia":[{"embeddable":true,"href":"https:\/\/www.suno.com.br\/noticias\/wp-json\/wp\/v2\/media\/42822"}],"wp:attachment":[{"href":"https:\/\/www.suno.com.br\/noticias\/wp-json\/wp\/v2\/media?parent=73365"}],"wp:term":[{"taxonomy":"category","embeddable":true,"href":"https:\/\/www.suno.com.br\/noticias\/wp-json\/wp\/v2\/categories?post=73365"},{"taxonomy":"post_tag","embeddable":true,"href":"https:\/\/www.suno.com.br\/noticias\/wp-json\/wp\/v2\/tags?post=73365"},{"taxonomy":"suno_strategy","embeddable":true,"href":"https:\/\/www.suno.com.br\/noticias\/wp-json\/wp\/v2\/suno_strategy?post=73365"}],"curies":[{"name":"wp","href":"https:\/\/api.w.org\/{rel}","templated":true}]}}