{"id":7332,"date":"2018-11-28T16:19:14","date_gmt":"2018-11-28T18:19:14","guid":{"rendered":"https:\/\/www.suno.com.br\/noticias\/?p=7332"},"modified":"2018-11-28T17:28:07","modified_gmt":"2018-11-28T19:28:07","slug":"gustavo-canuto-ministro-bolsonaro","status":"publish","type":"post","link":"https:\/\/www.suno.com.br\/noticias\/gustavo-canuto-ministro-bolsonaro\/","title":{"rendered":"Gustavo Canuto ser\u00e1 Ministro do Desenvolvimento Regional"},"content":{"rendered":"<p>O presidente eleito, Jair Bolsonaro, anunciou na tarde desta quarta-feira (28) que Gustavo Canuto ser\u00e1 o ministro do Desenvolvimento Regional de seu governo.<\/p>\t<div class=\"wrapper-featured-image\">\n\t\t<figure class=\"spotlightImg\">\n\n\t\t\t<picture>\n\t\t\t\t<source media=\"(max-width: 768px)\" srcset=\"https:\/\/files.sunoresearch.com.br\/n\/uploads\/2018\/11\/6419d964-gustavo-canuto-400x200.webp\">\n\t\t\t\t<img loading=\"lazy\" decoding=\"async\" class=\"newsContent__article__imgCapa lazyloadDisabled newsContent__article__imgCapa--noCaption\" src=\"https:\/\/files.sunoresearch.com.br\/n\/uploads\/2018\/11\/6419d964-gustavo-canuto-jpg.webp\" width=\"800\" height=\"450\" alt=\"Gustavo Canuto ser\u00e1 Ministro do Desenvolvimento Regional\" fetchpriority=high \/>\n\t\t\t<\/picture>\n\n\t\t\t<figcaption class=\"wp-caption-text wp-caption-text--hide\">gustavo canuto<\/figcaption>\n\t\t<\/figure>\n\t<\/div>\n\n\n<p>&#8220;Informo a todos a indica\u00e7\u00e3o do Sr. Gustavo Henrique Rigodanzo Canuto, servidor efetivo do Minist\u00e9rio do Planejamento com ampla experi\u00eancia, para o Minist\u00e9rio do Desenvolvimento Regional. Boa tarde!&#8221;, informou Bolsonaro em seu Twitter pessoal, confirmando <strong>Gustavo Canuto<\/strong> para chefe da parta.<\/p>\n<p>Segundo\u00a0<strong>Bolsonaro<\/strong>, Canuto \u00e9 um \u201cservidor efetivo do Minist\u00e9rio do Planejamento com ampla experi\u00eancia\u201d.<\/p>\n<p>O <strong>Minist\u00e9rio do Desenvolvimento Regional<\/strong> deve englobar as pastas de Cidades e Integra\u00e7\u00e3o Regional. Segundo informa\u00e7\u00f5es dados por Tarc\u00edsio Gomes, <a href=\"https:\/\/www.suno.com.br\/noticias\/bolsonaro-tarcisio-gomes-ministro-infraestrutura\/\">anunciado ontem (27) como ministro da Infraestrutura.<\/a><\/p>\n<p><!--more--><a href=\"https:\/\/www.suno.com.br\/noticias\/ministro-secretaria-de-governo-bolsonaro\/\">Saiba mais:\u00a0Ministro da Secretaria de Governo \u00e9 anunciado por Bolsonaro<\/a><\/p>\n<p>Canuto foi chefe do gabinete da Integra\u00e7\u00e3o Nacional por dois anos. Em agosto ele foi nomeado como secret\u00e1rio-executivo da pasta. Ainda atuou na Secret\u00e1ria de Avia\u00e7\u00e3o Civil e, posteriormente, na Ag\u00eancia Nacional de Avia\u00e7\u00e3o C\u00edvil.<\/p>\n<p>O futuro ministro do Desenvolvimento Regional \u00e9 formado em direito pela UniCEU e em engenharia da computa\u00e7\u00e3o pela Unicapm.<\/p>\n<p>Al\u00e9m disto, ele \u00e9 integrante de carreira de Especialista em Pol\u00edticas P\u00fablicas e Gest\u00e3o Governamental (EPPGG). Sendo que n\u00e3o tem filia\u00e7\u00e3o partid\u00e1ria com nenhum partido.<\/p>\n<h2>Ministros de Bolsonaro<\/h2>\n<p>Junto de Gustavo Canuto, s\u00e3o 17 nomes anunciados pelo capit\u00e3o da reserva para ocupar seu governo.<\/p>\n<p>S\u00e3o eles:<\/p>\n<ul>\n<li>Augusto Heleno (Seguran\u00e7a Institucional)<\/li>\n<li>Paulo Guedes (Economia)<\/li>\n<li>Marcos Pontes (Ci\u00eancia e Tecnologia)<\/li>\n<li>Sergio Moro (Justi\u00e7a e Seguran\u00e7a P\u00fablica)<\/li>\n<li>Tereza Cristina (Agricultura)<\/li>\n<li>Fernando Azevedo e Silva (Seguran\u00e7a)<\/li>\n<li>Ernesto Ara\u00fajo (Rela\u00e7\u00f5es Exteriores)<\/li>\n<li>Luiz Henrique Mandetta (Sa\u00fade)<\/li>\n<li>Wagner Ros\u00e1rio (Transpar\u00eancia)<\/li>\n<li>Andr\u00e9 Luiz de Almeira (AGU)<\/li>\n<li>Gustavo Bebbiano (Secret\u00e1ria Geral da Presid\u00eancia)<\/li>\n<li>Ricardo V\u00e9lez Rodr\u00edguez (Educa\u00e7\u00e3o)<\/li>\n<li>Carlos Alberto Cruz (Secretaria de Governo)<\/li>\n<li>Tarc\u00edsio Gomes (Infraestrutura)<\/li>\n<li>Osmar Terra (Cidadania e Trabalho)<\/li>\n<li>Marcelo \u00c1lvaro Ant\u00f4nio (Turismo)<\/li>\n<\/ul>\n<p>Bolsonaro informou que pretende <a href=\"https:\/\/www.suno.com.br\/noticias\/bolsonaro-formacao-governo-final-mes\/\">anunciar todos os ministro de seu governo at\u00e9 o final de novembro.<\/a>\u00a0<strong>Gustavo Canuto<\/strong> foi o quarto nome anunciado esta semana.<\/p>\n","protected":false},"excerpt":{"rendered":"<p>O presidente eleito, Jair Bolsonaro, anunciou na tarde desta quarta-feira (28) que Gustavo Canuto ser\u00e1 o ministro do Desenvolvimento Regional de seu governo. gustavo canuto &#8220;Informo a todos a indica\u00e7\u00e3o do Sr. Gustavo Henrique Rigodanzo Canuto, servidor efetivo do Minist\u00e9rio do Planejamento com ampla experi\u00eancia, para o Minist\u00e9rio do Desenvolvimento Regional. Boa tarde!&#8221;, informou Bolsonaro [&hellip;]<\/p>\n","protected":false},"author":7,"featured_media":7333,"comment_status":"closed","ping_status":"closed","sticky":false,"template":"","format":"standard","meta":[],"categories":[61],"tags":[719],"suno_strategy":[],"class_list":["post-7332","post","type-post","status-publish","format-standard","has-post-thumbnail","hentry","category-politica","tag-jair-bolsonaro"],"yoast_head":"<!-- This site is optimized with the Yoast SEO plugin v24.4 - https:\/\/yoast.com\/wordpress\/plugins\/seo\/ -->\n<title>Gustavo Canuto ser\u00e1 Ministro do Desenvolvimento Regional<\/title>\n<meta name=\"description\" content=\"Jair Bolsonaro anunciou nesta quarta-feira que Gustavo Canuto ser\u00e1 o ministro do Desenvolvimento Regional. Clique para saber mais.\" \/>\n<meta name=\"robots\" content=\"index, follow, max-snippet:-1, max-image-preview:large, max-video-preview:-1\" \/>\n<link rel=\"canonical\" href=\"https:\/\/www.suno.com.br\/noticias\/gustavo-canuto-ministro-bolsonaro\/\" \/>\n<meta property=\"og:locale\" content=\"pt_BR\" \/>\n<meta property=\"og:type\" content=\"article\" \/>\n<meta property=\"og:title\" content=\"Gustavo Canuto ser\u00e1 Ministro do Desenvolvimento Regional\" \/>\n<meta property=\"og:description\" content=\"Jair Bolsonaro anunciou nesta quarta-feira que Gustavo Canuto ser\u00e1 o ministro do Desenvolvimento Regional. Clique para saber mais.\" \/>\n<meta property=\"og:url\" content=\"https:\/\/www.suno.com.br\/noticias\/gustavo-canuto-ministro-bolsonaro\/\" \/>\n<meta property=\"og:site_name\" content=\"Suno Not\u00edcias\" \/>\n<meta property=\"article:publisher\" content=\"https:\/\/facebook.com\/sunoresearch\" \/>\n<meta property=\"article:author\" content=\"https:\/\/www.linkedin.com\/in\/mateus-vasconcellos-4b3542123\/\" \/>\n<meta property=\"og:image\" content=\"https:\/\/files.sunoresearch.com.br\/n\/uploads\/2018\/11\/6419d964-gustavo-canuto.jpg\" \/>\n\t<meta property=\"og:image:width\" content=\"680\" \/>\n\t<meta property=\"og:image:height\" content=\"453\" \/>\n\t<meta property=\"og:image:type\" content=\"image\/jpeg\" \/>\n<meta name=\"author\" content=\"Mateus Vasconcellos\" \/>\n<meta name=\"twitter:card\" content=\"summary_large_image\" \/>\n<meta name=\"twitter:creator\" content=\"@sunoresearch\" \/>\n<meta name=\"twitter:site\" content=\"@sunoresearch\" \/>\n<meta name=\"twitter:label1\" content=\"Escrito por\" \/>\n\t<meta name=\"twitter:data1\" content=\"Mateus Vasconcellos\" \/>\n\t<meta name=\"twitter:label2\" content=\"Est. tempo de leitura\" \/>\n\t<meta name=\"twitter:data2\" content=\"2 minutos\" \/>\n<script type=\"application\/ld+json\" class=\"yoast-schema-graph\">{\"@context\":\"https:\/\/schema.org\",\"@graph\":[{\"@type\":\"NewsArticle\",\"@id\":\"https:\/\/www.suno.com.br\/noticias\/gustavo-canuto-ministro-bolsonaro\/#article\",\"isPartOf\":{\"@id\":\"https:\/\/www.suno.com.br\/noticias\/gustavo-canuto-ministro-bolsonaro\/\"},\"author\":{\"name\":\"Mateus Vasconcellos\",\"@id\":\"https:\/\/www.suno.com.br\/noticias\/#\/schema\/person\/ff5cc30ec6c0b55b6d3f3cfc4378b74e\"},\"headline\":\"Gustavo Canuto ser\u00e1 Ministro do Desenvolvimento Regional\",\"datePublished\":\"2018-11-28T18:19:14+00:00\",\"dateModified\":\"2018-11-28T19:28:07+00:00\",\"mainEntityOfPage\":{\"@id\":\"https:\/\/www.suno.com.br\/noticias\/gustavo-canuto-ministro-bolsonaro\/\"},\"wordCount\":357,\"publisher\":{\"@id\":\"https:\/\/www.suno.com.br\/noticias\/#organization\"},\"image\":{\"@id\":\"https:\/\/www.suno.com.br\/noticias\/gustavo-canuto-ministro-bolsonaro\/#primaryimage\"},\"thumbnailUrl\":\"https:\/\/files.sunoresearch.com.br\/n\/uploads\/2018\/11\/6419d964-gustavo-canuto-jpg.webp\",\"keywords\":[\"Jair Bolsonaro\"],\"articleSection\":[\"Pol\u00edtica\"],\"inLanguage\":\"pt-BR\"},{\"@type\":\"WebPage\",\"@id\":\"https:\/\/www.suno.com.br\/noticias\/gustavo-canuto-ministro-bolsonaro\/\",\"url\":\"https:\/\/www.suno.com.br\/noticias\/gustavo-canuto-ministro-bolsonaro\/\",\"name\":\"Gustavo Canuto ser\u00e1 Ministro do Desenvolvimento Regional\",\"isPartOf\":{\"@id\":\"https:\/\/www.suno.com.br\/noticias\/#website\"},\"primaryImageOfPage\":{\"@id\":\"https:\/\/www.suno.com.br\/noticias\/gustavo-canuto-ministro-bolsonaro\/#primaryimage\"},\"image\":{\"@id\":\"https:\/\/www.suno.com.br\/noticias\/gustavo-canuto-ministro-bolsonaro\/#primaryimage\"},\"thumbnailUrl\":\"https:\/\/files.sunoresearch.com.br\/n\/uploads\/2018\/11\/6419d964-gustavo-canuto-jpg.webp\",\"datePublished\":\"2018-11-28T18:19:14+00:00\",\"dateModified\":\"2018-11-28T19:28:07+00:00\",\"description\":\"Jair Bolsonaro anunciou nesta quarta-feira que Gustavo Canuto ser\u00e1 o ministro do Desenvolvimento Regional. Clique para saber mais.\",\"breadcrumb\":{\"@id\":\"https:\/\/www.suno.com.br\/noticias\/gustavo-canuto-ministro-bolsonaro\/#breadcrumb\"},\"inLanguage\":\"pt-BR\",\"potentialAction\":[{\"@type\":\"ReadAction\",\"target\":[\"https:\/\/www.suno.com.br\/noticias\/gustavo-canuto-ministro-bolsonaro\/\"]}]},{\"@type\":\"ImageObject\",\"inLanguage\":\"pt-BR\",\"@id\":\"https:\/\/www.suno.com.br\/noticias\/gustavo-canuto-ministro-bolsonaro\/#primaryimage\",\"url\":\"https:\/\/files.sunoresearch.com.br\/n\/uploads\/2018\/11\/6419d964-gustavo-canuto-jpg.webp\",\"contentUrl\":\"https:\/\/files.sunoresearch.com.br\/n\/uploads\/2018\/11\/6419d964-gustavo-canuto-jpg.webp\",\"width\":680,\"height\":453,\"caption\":\"gustavo canuto\"},{\"@type\":\"BreadcrumbList\",\"@id\":\"https:\/\/www.suno.com.br\/noticias\/gustavo-canuto-ministro-bolsonaro\/#breadcrumb\",\"itemListElement\":[{\"@type\":\"ListItem\",\"position\":1,\"name\":\"Not\u00edcias\",\"item\":\"https:\/\/www.suno.com.br\/noticias\/\"},{\"@type\":\"ListItem\",\"position\":2,\"name\":\"Pol\u00edtica\",\"item\":\"https:\/\/www.suno.com.br\/noticias\/politica\/\"},{\"@type\":\"ListItem\",\"position\":3,\"name\":\"Gustavo Canuto ser\u00e1 Ministro do Desenvolvimento Regional\"}]},{\"@type\":\"WebSite\",\"@id\":\"https:\/\/www.suno.com.br\/noticias\/#website\",\"url\":\"https:\/\/www.suno.com.br\/noticias\/\",\"name\":\"Suno Not\u00edcias\",\"description\":\"Seu portal de informa\u00e7\u00e3o sobre o mundo dos investimentos\",\"publisher\":{\"@id\":\"https:\/\/www.suno.com.br\/noticias\/#organization\"},\"potentialAction\":[{\"@type\":\"SearchAction\",\"target\":{\"@type\":\"EntryPoint\",\"urlTemplate\":\"https:\/\/www.suno.com.br\/noticias\/?s={search_term_string}\"},\"query-input\":{\"@type\":\"PropertyValueSpecification\",\"valueRequired\":true,\"valueName\":\"search_term_string\"}}],\"inLanguage\":\"pt-BR\"},{\"@type\":\"Organization\",\"@id\":\"https:\/\/www.suno.com.br\/noticias\/#organization\",\"name\":\"Suno Not\u00edcias\",\"url\":\"https:\/\/www.suno.com.br\/noticias\/\",\"logo\":{\"@type\":\"ImageObject\",\"inLanguage\":\"pt-BR\",\"@id\":\"https:\/\/www.suno.com.br\/noticias\/#\/schema\/logo\/image\/\",\"url\":\"https:\/\/files.sunoresearch.com.br\/n\/uploads\/2021\/09\/suno-logo.png\",\"contentUrl\":\"https:\/\/files.sunoresearch.com.br\/n\/uploads\/2021\/09\/suno-logo.png\",\"width\":180,\"height\":180,\"caption\":\"Suno Not\u00edcias\"},\"image\":{\"@id\":\"https:\/\/www.suno.com.br\/noticias\/#\/schema\/logo\/image\/\"},\"sameAs\":[\"https:\/\/facebook.com\/sunoresearch\",\"https:\/\/x.com\/sunoresearch\",\"https:\/\/www.instagram.com\/suno\",\"https:\/\/www.linkedin.com\/company\/suno-research\/\",\"https:\/\/www.youtube.com\/c\/sunoresearch\"]},{\"@type\":\"Person\",\"@id\":\"https:\/\/www.suno.com.br\/noticias\/#\/schema\/person\/ff5cc30ec6c0b55b6d3f3cfc4378b74e\",\"name\":\"Mateus Vasconcellos\",\"image\":{\"@type\":\"ImageObject\",\"inLanguage\":\"pt-BR\",\"@id\":\"https:\/\/www.suno.com.br\/noticias\/#\/schema\/person\/image\/\",\"url\":\"https:\/\/secure.gravatar.com\/avatar\/8d725238a0ef7530bdf58578a222f948?s=96&r=g\",\"contentUrl\":\"https:\/\/secure.gravatar.com\/avatar\/8d725238a0ef7530bdf58578a222f948?s=96&r=g\",\"caption\":\"Mateus Vasconcellos\"},\"description\":\"Formado em jornalismo pela Universidade Presbiteriana Mackenzie, Mateus Vasconcellos escreve sobre o mercado financeiro para o portal de not\u00edcias da Suno Research. Antes da Suno, teve passagem pelo Observat\u00f3rio do Terceiro Setor e \u00e9 vencedor do 7\u00b0 Pr\u00eamio Jovem Jornalista Fernando Pacheco Jord\u00e3o.\",\"sameAs\":[\"https:\/\/www.suno.com.br\",\"https:\/\/www.linkedin.com\/in\/mateus-vasconcellos-4b3542123\/\"],\"url\":\"https:\/\/www.suno.com.br\/noticias\/author\/mateus-vasconcellos\/\"}]}<\/script>\n<!-- \/ Yoast SEO plugin. -->","yoast_head_json":{"title":"Gustavo Canuto ser\u00e1 Ministro do Desenvolvimento Regional","description":"Jair Bolsonaro anunciou nesta quarta-feira que Gustavo Canuto ser\u00e1 o ministro do Desenvolvimento Regional. Clique para saber mais.","robots":{"index":"index","follow":"follow","max-snippet":"max-snippet:-1","max-image-preview":"max-image-preview:large","max-video-preview":"max-video-preview:-1"},"canonical":"https:\/\/www.suno.com.br\/noticias\/gustavo-canuto-ministro-bolsonaro\/","og_locale":"pt_BR","og_type":"article","og_title":"Gustavo Canuto ser\u00e1 Ministro do Desenvolvimento Regional","og_description":"Jair Bolsonaro anunciou nesta quarta-feira que Gustavo Canuto ser\u00e1 o ministro do Desenvolvimento Regional. Clique para saber mais.","og_url":"https:\/\/www.suno.com.br\/noticias\/gustavo-canuto-ministro-bolsonaro\/","og_site_name":"Suno Not\u00edcias","article_publisher":"https:\/\/facebook.com\/sunoresearch","article_author":"https:\/\/www.linkedin.com\/in\/mateus-vasconcellos-4b3542123\/","og_image":[{"width":680,"height":453,"url":"https:\/\/files.sunoresearch.com.br\/n\/uploads\/2018\/11\/6419d964-gustavo-canuto.jpg","type":"image\/jpeg"}],"author":"Mateus Vasconcellos","twitter_card":"summary_large_image","twitter_creator":"@sunoresearch","twitter_site":"@sunoresearch","twitter_misc":{"Escrito por":"Mateus Vasconcellos","Est. tempo de leitura":"2 minutos"},"schema":{"@context":"https:\/\/schema.org","@graph":[{"@type":"NewsArticle","@id":"https:\/\/www.suno.com.br\/noticias\/gustavo-canuto-ministro-bolsonaro\/#article","isPartOf":{"@id":"https:\/\/www.suno.com.br\/noticias\/gustavo-canuto-ministro-bolsonaro\/"},"author":{"name":"Mateus Vasconcellos","@id":"https:\/\/www.suno.com.br\/noticias\/#\/schema\/person\/ff5cc30ec6c0b55b6d3f3cfc4378b74e"},"headline":"Gustavo Canuto ser\u00e1 Ministro do Desenvolvimento Regional","datePublished":"2018-11-28T18:19:14+00:00","dateModified":"2018-11-28T19:28:07+00:00","mainEntityOfPage":{"@id":"https:\/\/www.suno.com.br\/noticias\/gustavo-canuto-ministro-bolsonaro\/"},"wordCount":357,"publisher":{"@id":"https:\/\/www.suno.com.br\/noticias\/#organization"},"image":{"@id":"https:\/\/www.suno.com.br\/noticias\/gustavo-canuto-ministro-bolsonaro\/#primaryimage"},"thumbnailUrl":"https:\/\/files.sunoresearch.com.br\/n\/uploads\/2018\/11\/6419d964-gustavo-canuto-jpg.webp","keywords":["Jair Bolsonaro"],"articleSection":["Pol\u00edtica"],"inLanguage":"pt-BR"},{"@type":"WebPage","@id":"https:\/\/www.suno.com.br\/noticias\/gustavo-canuto-ministro-bolsonaro\/","url":"https:\/\/www.suno.com.br\/noticias\/gustavo-canuto-ministro-bolsonaro\/","name":"Gustavo Canuto ser\u00e1 Ministro do Desenvolvimento Regional","isPartOf":{"@id":"https:\/\/www.suno.com.br\/noticias\/#website"},"primaryImageOfPage":{"@id":"https:\/\/www.suno.com.br\/noticias\/gustavo-canuto-ministro-bolsonaro\/#primaryimage"},"image":{"@id":"https:\/\/www.suno.com.br\/noticias\/gustavo-canuto-ministro-bolsonaro\/#primaryimage"},"thumbnailUrl":"https:\/\/files.sunoresearch.com.br\/n\/uploads\/2018\/11\/6419d964-gustavo-canuto-jpg.webp","datePublished":"2018-11-28T18:19:14+00:00","dateModified":"2018-11-28T19:28:07+00:00","description":"Jair Bolsonaro anunciou nesta quarta-feira que Gustavo Canuto ser\u00e1 o ministro do Desenvolvimento Regional. Clique para saber mais.","breadcrumb":{"@id":"https:\/\/www.suno.com.br\/noticias\/gustavo-canuto-ministro-bolsonaro\/#breadcrumb"},"inLanguage":"pt-BR","potentialAction":[{"@type":"ReadAction","target":["https:\/\/www.suno.com.br\/noticias\/gustavo-canuto-ministro-bolsonaro\/"]}]},{"@type":"ImageObject","inLanguage":"pt-BR","@id":"https:\/\/www.suno.com.br\/noticias\/gustavo-canuto-ministro-bolsonaro\/#primaryimage","url":"https:\/\/files.sunoresearch.com.br\/n\/uploads\/2018\/11\/6419d964-gustavo-canuto-jpg.webp","contentUrl":"https:\/\/files.sunoresearch.com.br\/n\/uploads\/2018\/11\/6419d964-gustavo-canuto-jpg.webp","width":680,"height":453,"caption":"gustavo canuto"},{"@type":"BreadcrumbList","@id":"https:\/\/www.suno.com.br\/noticias\/gustavo-canuto-ministro-bolsonaro\/#breadcrumb","itemListElement":[{"@type":"ListItem","position":1,"name":"Not\u00edcias","item":"https:\/\/www.suno.com.br\/noticias\/"},{"@type":"ListItem","position":2,"name":"Pol\u00edtica","item":"https:\/\/www.suno.com.br\/noticias\/politica\/"},{"@type":"ListItem","position":3,"name":"Gustavo Canuto ser\u00e1 Ministro do Desenvolvimento Regional"}]},{"@type":"WebSite","@id":"https:\/\/www.suno.com.br\/noticias\/#website","url":"https:\/\/www.suno.com.br\/noticias\/","name":"Suno Not\u00edcias","description":"Seu portal de informa\u00e7\u00e3o sobre o mundo dos investimentos","publisher":{"@id":"https:\/\/www.suno.com.br\/noticias\/#organization"},"potentialAction":[{"@type":"SearchAction","target":{"@type":"EntryPoint","urlTemplate":"https:\/\/www.suno.com.br\/noticias\/?s={search_term_string}"},"query-input":{"@type":"PropertyValueSpecification","valueRequired":true,"valueName":"search_term_string"}}],"inLanguage":"pt-BR"},{"@type":"Organization","@id":"https:\/\/www.suno.com.br\/noticias\/#organization","name":"Suno Not\u00edcias","url":"https:\/\/www.suno.com.br\/noticias\/","logo":{"@type":"ImageObject","inLanguage":"pt-BR","@id":"https:\/\/www.suno.com.br\/noticias\/#\/schema\/logo\/image\/","url":"https:\/\/files.sunoresearch.com.br\/n\/uploads\/2021\/09\/suno-logo.png","contentUrl":"https:\/\/files.sunoresearch.com.br\/n\/uploads\/2021\/09\/suno-logo.png","width":180,"height":180,"caption":"Suno Not\u00edcias"},"image":{"@id":"https:\/\/www.suno.com.br\/noticias\/#\/schema\/logo\/image\/"},"sameAs":["https:\/\/facebook.com\/sunoresearch","https:\/\/x.com\/sunoresearch","https:\/\/www.instagram.com\/suno","https:\/\/www.linkedin.com\/company\/suno-research\/","https:\/\/www.youtube.com\/c\/sunoresearch"]},{"@type":"Person","@id":"https:\/\/www.suno.com.br\/noticias\/#\/schema\/person\/ff5cc30ec6c0b55b6d3f3cfc4378b74e","name":"Mateus Vasconcellos","image":{"@type":"ImageObject","inLanguage":"pt-BR","@id":"https:\/\/www.suno.com.br\/noticias\/#\/schema\/person\/image\/","url":"https:\/\/secure.gravatar.com\/avatar\/8d725238a0ef7530bdf58578a222f948?s=96&r=g","contentUrl":"https:\/\/secure.gravatar.com\/avatar\/8d725238a0ef7530bdf58578a222f948?s=96&r=g","caption":"Mateus Vasconcellos"},"description":"Formado em jornalismo pela Universidade Presbiteriana Mackenzie, Mateus Vasconcellos escreve sobre o mercado financeiro para o portal de not\u00edcias da Suno Research. Antes da Suno, teve passagem pelo Observat\u00f3rio do Terceiro Setor e \u00e9 vencedor do 7\u00b0 Pr\u00eamio Jovem Jornalista Fernando Pacheco Jord\u00e3o.","sameAs":["https:\/\/www.suno.com.br","https:\/\/www.linkedin.com\/in\/mateus-vasconcellos-4b3542123\/"],"url":"https:\/\/www.suno.com.br\/noticias\/author\/mateus-vasconcellos\/"}]}},"default_loop_html":"<div class=\"cardsPage__listCard__boxs\"><div class=\"cardsPage__listCard__boxs__img\"><a href=\"https:\/\/www.suno.com.br\/noticias\/gustavo-canuto-ministro-bolsonaro\/\"><img class=\"mask\" src=\"https:\/\/www.suno.com.br\/noticias\/wp-content\/themes\/suno\/resources\/images\/spotlight\/spotlight1img\/bg-mask.png\" alt=\"Image Mask\"\/><img src=\"https:\/\/files.sunoresearch.com.br\/n\/uploads\/2018\/11\/6419d964-gustavo-canuto-400x200.webp\" alt=\"Gustavo Canuto ser\u00e1 Ministro do Desenvolvimento Regional\"\/><\/a><span class=\"spotlightCategory\"><a href=\"https:\/\/www.suno.com.br\/noticias\/politica\/\">Pol\u00edtica<\/a><\/span><\/div><div class=\"cardsPage__listCard__boxs__content\"><a href=\"https:\/\/www.suno.com.br\/noticias\/gustavo-canuto-ministro-bolsonaro\/\"><h2 class=\"content__title\">Gustavo Canuto ser\u00e1 Ministro do Desenvolvimento Regional<\/h2><\/a><div class=\"newsContent__article__meta\"><div class=\"newsContent__article__meta__authorBox\"><a href=\"https:\/\/www.suno.com.br\/noticias\/author\/mateus-vasconcellos\/\" class=\"authorBox__avatar noMobi\"><img src=\"https:\/\/secure.gravatar.com\/avatar\/8d725238a0ef7530bdf58578a222f948?s=96&#038;r=g\" alt=\"Mateus Vasconcellos\"><\/a><div class=\"authorBox__name\"><span>por\n\t\t\t<a href=\"https:\/\/www.suno.com.br\/noticias\/author\/mateus-vasconcellos\/\"><span itemprop=\"author\">Mateus Vasconcellos<\/span><\/a><\/span><time datetime=\"2018-11-28T16:19:14-02:00\" itemprop=\"datePublished\">28\/11\/2018 16:19<\/time><\/div><\/div><\/div><\/div><\/div>","single_layout":"posts","amp_enabled":true,"_links":{"self":[{"href":"https:\/\/www.suno.com.br\/noticias\/wp-json\/wp\/v2\/posts\/7332"}],"collection":[{"href":"https:\/\/www.suno.com.br\/noticias\/wp-json\/wp\/v2\/posts"}],"about":[{"href":"https:\/\/www.suno.com.br\/noticias\/wp-json\/wp\/v2\/types\/post"}],"author":[{"embeddable":true,"href":"https:\/\/www.suno.com.br\/noticias\/wp-json\/wp\/v2\/users\/7"}],"replies":[{"embeddable":true,"href":"https:\/\/www.suno.com.br\/noticias\/wp-json\/wp\/v2\/comments?post=7332"}],"version-history":[{"count":0,"href":"https:\/\/www.suno.com.br\/noticias\/wp-json\/wp\/v2\/posts\/7332\/revisions"}],"wp:featuredmedia":[{"embeddable":true,"href":"https:\/\/www.suno.com.br\/noticias\/wp-json\/wp\/v2\/media\/7333"}],"wp:attachment":[{"href":"https:\/\/www.suno.com.br\/noticias\/wp-json\/wp\/v2\/media?parent=7332"}],"wp:term":[{"taxonomy":"category","embeddable":true,"href":"https:\/\/www.suno.com.br\/noticias\/wp-json\/wp\/v2\/categories?post=7332"},{"taxonomy":"post_tag","embeddable":true,"href":"https:\/\/www.suno.com.br\/noticias\/wp-json\/wp\/v2\/tags?post=7332"},{"taxonomy":"suno_strategy","embeddable":true,"href":"https:\/\/www.suno.com.br\/noticias\/wp-json\/wp\/v2\/suno_strategy?post=7332"}],"curies":[{"name":"wp","href":"https:\/\/api.w.org\/{rel}","templated":true}]}}