{"id":73308,"date":"2020-07-15T17:32:45","date_gmt":"2020-07-15T20:32:45","guid":{"rendered":"https:\/\/www.suno.com.br\/noticias\/?p=73308"},"modified":"2021-02-17T22:50:43","modified_gmt":"2021-02-18T01:50:43","slug":"ibovespa-encerra-o-pregao-em-alta-de-134-a-101-79054-pontos-15072020","status":"publish","type":"post","link":"https:\/\/www.suno.com.br\/noticias\/ibovespa-encerra-o-pregao-em-alta-de-134-a-101-79054-pontos-15072020\/","title":{"rendered":"Ibovespa encerra o preg\u00e3o em alta de 1,34%, a 101.790,54 pontos"},"content":{"rendered":"<p>O\u00a0<span style=\"font-weight: 700 !important;\"><a href=\"https:\/\/www.suno.com.br\/artigos\/ibovespa\/\">Ibovespa<\/a>\u00a0<\/span>encerrou o preg\u00e3o desta quarta-feira (15) em alta de 1,34%, a 101.790,54 pontos.<\/p>\t<div class=\"wrapper-featured-image\">\n\t\t<figure class=\"spotlightImg\">\n\n\t\t\t<picture>\n\t\t\t\t<source media=\"(max-width: 768px)\" srcset=\"https:\/\/files.sunoresearch.com.br\/n\/uploads\/2020\/03\/a4de4be8-ibovespa-400x200.webp\">\n\t\t\t\t<img loading=\"lazy\" decoding=\"async\" class=\"newsContent__article__imgCapa lazyloadDisabled newsContent__article__imgCapa--noCaption\" src=\"https:\/\/files.sunoresearch.com.br\/n\/uploads\/2020\/03\/a4de4be8-ibovespa-800x450.webp\" width=\"800\" height=\"450\" alt=\"Ibovespa encerra o preg\u00e3o em alta de 1,34%, a 101.790,54 pontos\" fetchpriority=high \/>\n\t\t\t<\/picture>\n\n\t\t\t<figcaption class=\"wp-caption-text wp-caption-text--hide\">No dia 9 de julho, o Ibovespa voltou a atingir 100 mil pontos, marca que n\u00e3o registrava desde o dia 6 de mar\u00e7o.<\/figcaption>\n\t\t<\/figure>\n\t<\/div>\n\n\n\n<p>Pela manh\u00e3 o Ibovespa abriu em alta, enquanto os investidores estavam atentos a possibilidade da reforma tribut\u00e1ria voltar aos holofotes do Congresso.<\/p>\n<p>Durante o dia, os ficou no radar dos investidores o ranking de reclama\u00e7\u00f5es contra bancos no segundo trimestre de 2020, divulgado pelo Banco Central. O Banco Pan foi o primeiro da lista.<\/p>\n<p><a href=\"https:\/\/lp.suno.com.br\/suno-one\/\">Suno One: o primeiro passo para alcan\u00e7ar a sua independ\u00eancia financeira. Acesse agora, \u00e9 gratuito!<\/a><\/p>\n<p>Al\u00e9m disso, confira as principais not\u00edcias que movimentaram o mercado nessa quarta-feira:<\/p>\n<ul>\n<li><strong>Vale<\/strong> (VALE3) n\u00e3o reverte decis\u00e3o e deve apresentar R$ 7,9 bi por Brumadinho;<\/li>\n<li><strong>Lojas Americanas<\/strong> (LAME4) capta R$ 7,87 bi em follow-on;<\/li>\n<li><strong>Smiles<\/strong> (SMLS3) se justifica e diz que parceria com Gol (GOLL4) \u00e9 vantajosa;<\/li>\n<li><strong>Banco Pan<\/strong> (BPAN4) lidera ranking de reclama\u00e7\u00f5es do Banco Central;<\/li>\n<li>Bolsas no exterior;<\/li>\n<li>\u00daltima cota\u00e7\u00e3o do Ibovespa.<\/li>\n<\/ul>\n<h2>Vale (VALE3)<\/h2>\n<p>A <a href=\"https:\/\/www.suno.com.br\/acoes\/vale3\/\"><strong>Vale<\/strong> (VALE3)<\/a> informou, na manh\u00e3 desta quarta-feira, que teve seu pedido de efeito suspensivo indeferido, e que, portanto, dever\u00e1 apresentar garantias de aproximadamente R$ 7,9 bilh\u00f5es sobre o acidente de Brumadinho, em Minas Gerais.<\/p>\n<p>Segundo o comunicado ao mercado, as <strong>garantias<\/strong> do valor devem ser apresentadas at\u00e9 o dia 23 de julho, &#8220;com o fim de garantir eventual aplica\u00e7\u00e3o de san\u00e7\u00e3o de multa ou perdimento de bens, direitos e valores&#8221;.<\/p>\n<p><a href=\"https:\/\/www.suno.com.br\/noticias\/vale-vale3-nao-reverte-decisao-por-brumadinho\/\">Saiba mais: Vale (VALE3) n\u00e3o reverte decis\u00e3o e deve apresentar R$ 7,9 bi por Brumadinho<\/a><\/p>\n<p>A companhia ressaltou que ir\u00e1 recorrer da decis\u00e3o do Desembargador Leite Pra\u00e7a, adotando todas as medidas necess\u00e1rias &#8220;para assegurar seu direito de defesa dentro dos prazos legais&#8221;.<\/p>\n<h2>Lojas Americanas (LAME4)<\/h2>\n<p>A <a href=\"https:\/\/www.suno.com.br\/acoes\/lame4\/\"><strong>Lojas Americanas (LAME4)<\/strong><\/a> levantou R$ 7,87 bilh\u00f5es em sua <a href=\"https:\/\/www.suno.com.br\/artigos\/follow-on\/\">oferta subsequente de a\u00e7\u00f5es (follow-on)<\/a>. A companhia definiu o pre\u00e7o de suas a\u00e7\u00f5es, sendo R$ 34,50 para a preferencial (PN) e R$ 29,78 por a\u00e7\u00e3o ordin\u00e1ria (ON). Foram emitidas 108 milh\u00f5es de a\u00e7\u00f5es ON e 135 milh\u00f5es de a\u00e7\u00f5es PN.<\/p>\n<p>O <a href=\"https:\/\/www.suno.com.br\/artigos\/capital-social\/\">capital social<\/a> da Lojas Americanas foi aumentado dentro do limite do capital autorizado. A companhia informou que foi respeitada a propor\u00e7\u00e3o entre as a\u00e7\u00f5es ordin\u00e1rias e as a\u00e7\u00f5es preferenciais, mediante subscri\u00e7\u00e3o de novas a\u00e7\u00f5es, no montante de R$7,87 bilh\u00f5es.<\/p>\n<p><a href=\"https:\/\/www.suno.com.br\/noticias\/lojas-americanas-lame4-capta-r-7-87-follow-on\/\">Saiba mais: Lojas Americanas (LAME4) capta R$ 7,87 bi em follow-on<\/a><\/p>\n<p>Com a oferta realizada pela empresa, o capital social da Lojas Americanas passou a ser de R$ 12,2 bilh\u00f5es, dividido em 653.154.656 <a href=\"https:\/\/www.suno.com.br\/artigos\/o-que-sao-acoes-ordinarias-preferenciais-e-units\/\">a\u00e7\u00f5es ordin\u00e1rias<\/a> e 1.213.406.137 a\u00e7\u00f5es preferenciais.<\/p>\n<h2>Smiles (SMLS3)<\/h2>\n<p>A <a href=\"https:\/\/www.suno.com.br\/acoes\/smls3\/\"><strong>Smiles<\/strong> (SMLS3)<\/a> informou, na manh\u00e3 desta quarta-feira, que a parceria com a <a href=\"https:\/\/www.suno.com.br\/acoes\/goll4\/\">Gol (GOLL4)<\/a> \u00e9 vantajosa, podendo trazer um retorno anual de at\u00e9 8,3% \u00e0 companhia. A informa\u00e7\u00e3o foi publicada em um comunicado que responde \u00e0s contesta\u00e7\u00f5es sobre a opera\u00e7\u00e3o entre as duas empresas.<\/p>\n<p>Os acionistas minorit\u00e1rios da Smiles questionam a compra antecipada de passagens a\u00e9reas da companhia \u00e1rea &#8212; que \u00e9 sua controladora &#8211;, no valor total de R$ 1,2 bilh\u00e3o. O entendimento \u00e9 de que o neg\u00f3cio n\u00e3o \u00e9 ben\u00e9fico \u00e0 operadora de programas de fidelidade, e deve ser anulado.<\/p>\n<p><a href=\"https:\/\/www.suno.com.br\/noticias\/smiles-smls3-parceria-gol-goll4-traz-retorno\/\">Saiba mais: Smiles (SMLS3) se justifica e diz que parceria com Gol (GOLL4) \u00e9 vantajosa<\/a><\/p>\n<p>Os investidores da Smiles afirmam que, caso contr\u00e1rio, a <strong>Gol<\/strong> dever\u00e1 indenizar a empresa, e os executivos de ambas as companhias devem ser processados.<\/p>\n<h2>Banco Pan (BPAN4)<\/h2>\n<p>O <a href=\"https:\/\/www.suno.com.br\/artigos\/bacen\/\"><strong>Banco Central<\/strong> (BC)<\/a> divulgou nessa quarta-feira o ranking de reclama\u00e7\u00f5es contra bancos no segundo trimestre de 2020. O <a href=\"https:\/\/www.suno.com.br\/acoes\/bpan4\/\">Banco Pan (BPAN4)<\/a> foi o primeiro da lista com o maior n\u00famero de queixas de clientes entre abril e junho.<\/p>\n<p>O ranking do Banco Central, que considera as institui\u00e7\u00f5es financeiras com mais de 4 milh\u00f5es de clientes, aponta que o <strong>Banco Pan<\/strong> anotou um \u00edndice de 158,89. O indicador explica que o banco fundado por<a href=\"https:\/\/www.suno.com.br\/tudo-sobre\/silvio-santos\/\"><strong> Silvio Santos<\/strong><\/a> recebeu 794 reclama\u00e7\u00f5es no segundo trimestre desse ano.<\/p>\n<p><a href=\"https:\/\/www.suno.com.br\/noticias\/banco-pan-bpan4-ranking-reclamacoes-banco-central\/\">Saiba mais: Banco Pan (BPAN4) lidera ranking de reclama\u00e7\u00f5es do Banco Central<\/a><\/p>\n<p>Em segundo lugar na lista est\u00e1 o <a href=\"https:\/\/www.suno.com.br\/acoes\/bmgb4\/\"><strong>BMG<\/strong> (BMGB4<\/a>; <a href=\"https:\/\/www.suno.com.br\/acoes\/bmgb11\/\">BMGB11<\/a>), cujo \u00edndice ficou em 99,80. Assim, o banco fundado em Minas Gerais teve 520 reclama\u00e7\u00f5es reguladas procedentes. J\u00e1 o <strong><a href=\"https:\/\/www.suno.com.br\/acoes\/bidi3\/\">Banco Inter<\/a><\/strong><a href=\"https:\/\/www.suno.com.br\/acoes\/bidi3\/\"> (<\/a><a href=\"https:\/\/www.suno.com.br\/acoes\/bidi3\/\">BIDI3; <\/a><a href=\"https:\/\/www.suno.com.br\/acoes\/bidi4\/\">BIDI4;BIDI11<\/a><a href=\"https:\/\/www.suno.com.br\/acoes\/bidi3\/\">) <\/a>ficou em terceiro lugar, com um \u00edndice de 97,92, contabilizando 557 reclama\u00e7\u00f5es no per\u00edodo.<\/p>\n<h2>Bolsas no exterior<\/h2>\n<p>Al\u00e9m do Ibovespa, confira o desempenho dos principais \u00edndices acion\u00e1rios no exterior:<\/p>\n<ul>\n<li>Londres (<a href=\"https:\/\/www.suno.com.br\/artigos\/ftse-100\/\">FTSE 100<\/a>): + 1,83%<\/li>\n<li>Frankfurt (<a href=\"https:\/\/www.suno.com.br\/artigos\/dax-30\/\">DAX 30)<\/a>: + 1,84%<\/li>\n<li>Paris (<a href=\"https:\/\/www.suno.com.br\/artigos\/cac-40\/\">CAC 40<\/a>): + 2,03%<\/li>\n<li>Mil\u00e3o (FTSE\/MIB): + 2,02%<\/li>\n<li>Nova York (<a href=\"https:\/\/www.suno.com.br\/artigos\/sp-500\/\">S&amp;P 500<\/a>):\u00a0 + 0,91%<\/li>\n<\/ul>\n<h2>\u00daltima cota\u00e7\u00e3o<\/h2>\n<p>Na sess\u00e3o da \u00faltima ter\u00e7a-feira, o <strong>Ibovespa<\/strong> fechou em alta de 1,77%, a 100.440,227 pontos.<\/p>\n\n","protected":false},"excerpt":{"rendered":"<p>O\u00a0Ibovespa\u00a0encerrou o preg\u00e3o desta quarta-feira (15) em alta de 1,34%, a 101.790,54 pontos. No dia 9 de julho, o Ibovespa voltou a atingir 100 mil pontos, marca que n\u00e3o registrava desde o dia 6 de mar\u00e7o. Pela manh\u00e3 o Ibovespa abriu em alta, enquanto os investidores estavam atentos a possibilidade da reforma tribut\u00e1ria voltar aos [&hellip;]<\/p>\n","protected":false},"author":39,"featured_media":58930,"comment_status":"closed","ping_status":"closed","sticky":false,"template":"","format":"standard","meta":[],"categories":[60],"tags":[1842,370,489,721,539,637,676],"suno_strategy":[],"class_list":["post-73308","post","type-post","status-publish","format-standard","has-post-thumbnail","hentry","category-mercado","tag-banco-central-bc","tag-banco-pan-bpan4","tag-gol-linhas-aereas-goll11-goll4","tag-ibovespa","tag-lojas-americanas-lame3-lame4","tag-smiles-smls3","tag-vale-vale3"],"yoast_head":"<!-- This site is optimized with the Yoast SEO plugin v24.4 - https:\/\/yoast.com\/wordpress\/plugins\/seo\/ -->\n<title>Ibovespa encerra o preg\u00e3o em alta de 1,34%, a 101.790,54 pontos<\/title>\n<meta name=\"description\" content=\"O\u00a0Ibovespa\u00a0encerrou o preg\u00e3o desta quarta-feira (15) em alta de 1,34%, a 101.790,54 pontos. Clique aqui para saber mais.\" \/>\n<meta name=\"robots\" content=\"index, follow, max-snippet:-1, max-image-preview:large, max-video-preview:-1\" \/>\n<link rel=\"canonical\" href=\"https:\/\/www.suno.com.br\/noticias\/ibovespa-encerra-o-pregao-em-alta-de-134-a-101-79054-pontos-15072020\/\" \/>\n<meta property=\"og:locale\" content=\"pt_BR\" \/>\n<meta property=\"og:type\" content=\"article\" \/>\n<meta property=\"og:title\" content=\"Ibovespa encerra o preg\u00e3o em alta de 1,34%, a 101.790,54 pontos\" \/>\n<meta property=\"og:description\" content=\"O\u00a0Ibovespa\u00a0encerrou o preg\u00e3o desta quarta-feira (15) em alta de 1,34%, a 101.790,54 pontos. Clique aqui para saber mais.\" \/>\n<meta property=\"og:url\" content=\"https:\/\/www.suno.com.br\/noticias\/ibovespa-encerra-o-pregao-em-alta-de-134-a-101-79054-pontos-15072020\/\" \/>\n<meta property=\"og:site_name\" content=\"Suno Not\u00edcias\" \/>\n<meta property=\"article:publisher\" content=\"https:\/\/facebook.com\/sunoresearch\" \/>\n<meta property=\"og:image\" content=\"https:\/\/files.sunoresearch.com.br\/n\/uploads\/2020\/03\/a4de4be8-ibovespa.jpg\" \/>\n\t<meta property=\"og:image:width\" content=\"960\" \/>\n\t<meta property=\"og:image:height\" content=\"678\" \/>\n\t<meta property=\"og:image:type\" content=\"image\/jpeg\" \/>\n<meta name=\"author\" content=\"Laura Moutinho\" \/>\n<meta name=\"twitter:card\" content=\"summary_large_image\" \/>\n<meta name=\"twitter:creator\" content=\"@sunoresearch\" \/>\n<meta name=\"twitter:site\" content=\"@sunoresearch\" \/>\n<meta name=\"twitter:label1\" content=\"Escrito por\" \/>\n\t<meta name=\"twitter:data1\" content=\"Laura Moutinho\" \/>\n\t<meta name=\"twitter:label2\" content=\"Est. tempo de leitura\" \/>\n\t<meta name=\"twitter:data2\" content=\"4 minutos\" \/>\n<script type=\"application\/ld+json\" class=\"yoast-schema-graph\">{\"@context\":\"https:\/\/schema.org\",\"@graph\":[{\"@type\":\"NewsArticle\",\"@id\":\"https:\/\/www.suno.com.br\/noticias\/ibovespa-encerra-o-pregao-em-alta-de-134-a-101-79054-pontos-15072020\/#article\",\"isPartOf\":{\"@id\":\"https:\/\/www.suno.com.br\/noticias\/ibovespa-encerra-o-pregao-em-alta-de-134-a-101-79054-pontos-15072020\/\"},\"author\":{\"name\":\"Laura Moutinho\",\"@id\":\"https:\/\/www.suno.com.br\/noticias\/#\/schema\/person\/3df0d2808748b74496efe5dbeaef2c72\"},\"headline\":\"Ibovespa encerra o preg\u00e3o em alta de 1,34%, a 101.790,54 pontos\",\"datePublished\":\"2020-07-15T20:32:45+00:00\",\"dateModified\":\"2021-02-18T01:50:43+00:00\",\"mainEntityOfPage\":{\"@id\":\"https:\/\/www.suno.com.br\/noticias\/ibovespa-encerra-o-pregao-em-alta-de-134-a-101-79054-pontos-15072020\/\"},\"wordCount\":766,\"publisher\":{\"@id\":\"https:\/\/www.suno.com.br\/noticias\/#organization\"},\"image\":{\"@id\":\"https:\/\/www.suno.com.br\/noticias\/ibovespa-encerra-o-pregao-em-alta-de-134-a-101-79054-pontos-15072020\/#primaryimage\"},\"thumbnailUrl\":\"https:\/\/files.sunoresearch.com.br\/n\/uploads\/2020\/03\/a4de4be8-ibovespa-jpg.webp\",\"keywords\":[\"Banco Central (BC)\",\"Banco Pan (BPAN4)\",\"Gol Linhas A\u00e9reas (GOLL11\/GOLL4)\",\"Ibovespa\",\"Lojas Americanas (LAME3\/LAME4)\",\"Smiles (SMLS3)\",\"Vale (VALE3)\"],\"articleSection\":[\"Mercado\"],\"inLanguage\":\"pt-BR\"},{\"@type\":\"WebPage\",\"@id\":\"https:\/\/www.suno.com.br\/noticias\/ibovespa-encerra-o-pregao-em-alta-de-134-a-101-79054-pontos-15072020\/\",\"url\":\"https:\/\/www.suno.com.br\/noticias\/ibovespa-encerra-o-pregao-em-alta-de-134-a-101-79054-pontos-15072020\/\",\"name\":\"Ibovespa encerra o preg\u00e3o em alta de 1,34%, a 101.790,54 pontos\",\"isPartOf\":{\"@id\":\"https:\/\/www.suno.com.br\/noticias\/#website\"},\"primaryImageOfPage\":{\"@id\":\"https:\/\/www.suno.com.br\/noticias\/ibovespa-encerra-o-pregao-em-alta-de-134-a-101-79054-pontos-15072020\/#primaryimage\"},\"image\":{\"@id\":\"https:\/\/www.suno.com.br\/noticias\/ibovespa-encerra-o-pregao-em-alta-de-134-a-101-79054-pontos-15072020\/#primaryimage\"},\"thumbnailUrl\":\"https:\/\/files.sunoresearch.com.br\/n\/uploads\/2020\/03\/a4de4be8-ibovespa-jpg.webp\",\"datePublished\":\"2020-07-15T20:32:45+00:00\",\"dateModified\":\"2021-02-18T01:50:43+00:00\",\"description\":\"O\u00a0Ibovespa\u00a0encerrou o preg\u00e3o desta quarta-feira (15) em alta de 1,34%, a 101.790,54 pontos. Clique aqui para saber mais.\",\"breadcrumb\":{\"@id\":\"https:\/\/www.suno.com.br\/noticias\/ibovespa-encerra-o-pregao-em-alta-de-134-a-101-79054-pontos-15072020\/#breadcrumb\"},\"inLanguage\":\"pt-BR\",\"potentialAction\":[{\"@type\":\"ReadAction\",\"target\":[\"https:\/\/www.suno.com.br\/noticias\/ibovespa-encerra-o-pregao-em-alta-de-134-a-101-79054-pontos-15072020\/\"]}]},{\"@type\":\"ImageObject\",\"inLanguage\":\"pt-BR\",\"@id\":\"https:\/\/www.suno.com.br\/noticias\/ibovespa-encerra-o-pregao-em-alta-de-134-a-101-79054-pontos-15072020\/#primaryimage\",\"url\":\"https:\/\/files.sunoresearch.com.br\/n\/uploads\/2020\/03\/a4de4be8-ibovespa-jpg.webp\",\"contentUrl\":\"https:\/\/files.sunoresearch.com.br\/n\/uploads\/2020\/03\/a4de4be8-ibovespa-jpg.webp\",\"width\":960,\"height\":678,\"caption\":\"No dia 9 de julho, o Ibovespa voltou a atingir 100 mil pontos, marca que n\u00e3o registrava desde o dia 6 de mar\u00e7o.\"},{\"@type\":\"BreadcrumbList\",\"@id\":\"https:\/\/www.suno.com.br\/noticias\/ibovespa-encerra-o-pregao-em-alta-de-134-a-101-79054-pontos-15072020\/#breadcrumb\",\"itemListElement\":[{\"@type\":\"ListItem\",\"position\":1,\"name\":\"Not\u00edcias\",\"item\":\"https:\/\/www.suno.com.br\/noticias\/\"},{\"@type\":\"ListItem\",\"position\":2,\"name\":\"Mercado\",\"item\":\"https:\/\/www.suno.com.br\/noticias\/mercado\/\"},{\"@type\":\"ListItem\",\"position\":3,\"name\":\"Ibovespa encerra o preg\u00e3o em alta de 1,34%, a 101.790,54 pontos\"}]},{\"@type\":\"WebSite\",\"@id\":\"https:\/\/www.suno.com.br\/noticias\/#website\",\"url\":\"https:\/\/www.suno.com.br\/noticias\/\",\"name\":\"Suno Not\u00edcias\",\"description\":\"Seu portal de informa\u00e7\u00e3o sobre o mundo dos investimentos\",\"publisher\":{\"@id\":\"https:\/\/www.suno.com.br\/noticias\/#organization\"},\"potentialAction\":[{\"@type\":\"SearchAction\",\"target\":{\"@type\":\"EntryPoint\",\"urlTemplate\":\"https:\/\/www.suno.com.br\/noticias\/?s={search_term_string}\"},\"query-input\":{\"@type\":\"PropertyValueSpecification\",\"valueRequired\":true,\"valueName\":\"search_term_string\"}}],\"inLanguage\":\"pt-BR\"},{\"@type\":\"Organization\",\"@id\":\"https:\/\/www.suno.com.br\/noticias\/#organization\",\"name\":\"Suno Not\u00edcias\",\"url\":\"https:\/\/www.suno.com.br\/noticias\/\",\"logo\":{\"@type\":\"ImageObject\",\"inLanguage\":\"pt-BR\",\"@id\":\"https:\/\/www.suno.com.br\/noticias\/#\/schema\/logo\/image\/\",\"url\":\"https:\/\/files.sunoresearch.com.br\/n\/uploads\/2021\/09\/suno-logo.png\",\"contentUrl\":\"https:\/\/files.sunoresearch.com.br\/n\/uploads\/2021\/09\/suno-logo.png\",\"width\":180,\"height\":180,\"caption\":\"Suno Not\u00edcias\"},\"image\":{\"@id\":\"https:\/\/www.suno.com.br\/noticias\/#\/schema\/logo\/image\/\"},\"sameAs\":[\"https:\/\/facebook.com\/sunoresearch\",\"https:\/\/x.com\/sunoresearch\",\"https:\/\/www.instagram.com\/suno\",\"https:\/\/www.linkedin.com\/company\/suno-research\/\",\"https:\/\/www.youtube.com\/c\/sunoresearch\"]},{\"@type\":\"Person\",\"@id\":\"https:\/\/www.suno.com.br\/noticias\/#\/schema\/person\/3df0d2808748b74496efe5dbeaef2c72\",\"name\":\"Laura Moutinho\",\"image\":{\"@type\":\"ImageObject\",\"inLanguage\":\"pt-BR\",\"@id\":\"https:\/\/www.suno.com.br\/noticias\/#\/schema\/person\/image\/\",\"url\":\"https:\/\/secure.gravatar.com\/avatar\/7571c7c8ca3a6fca5e41384ece5557ff?s=96&r=g\",\"contentUrl\":\"https:\/\/secure.gravatar.com\/avatar\/7571c7c8ca3a6fca5e41384ece5557ff?s=96&r=g\",\"caption\":\"Laura Moutinho\"},\"description\":\"Estagi\u00e1ria na Suno Not\u00edcias, escreve not\u00edcias que afetam o mercado financeiro. Estuda administra\u00e7\u00e3o na Universidade Presbiteriana Mackenzie.\",\"url\":\"https:\/\/www.suno.com.br\/noticias\/author\/laura-moutinho\/\"}]}<\/script>\n<!-- \/ Yoast SEO plugin. -->","yoast_head_json":{"title":"Ibovespa encerra o preg\u00e3o em alta de 1,34%, a 101.790,54 pontos","description":"O\u00a0Ibovespa\u00a0encerrou o preg\u00e3o desta quarta-feira (15) em alta de 1,34%, a 101.790,54 pontos. Clique aqui para saber mais.","robots":{"index":"index","follow":"follow","max-snippet":"max-snippet:-1","max-image-preview":"max-image-preview:large","max-video-preview":"max-video-preview:-1"},"canonical":"https:\/\/www.suno.com.br\/noticias\/ibovespa-encerra-o-pregao-em-alta-de-134-a-101-79054-pontos-15072020\/","og_locale":"pt_BR","og_type":"article","og_title":"Ibovespa encerra o preg\u00e3o em alta de 1,34%, a 101.790,54 pontos","og_description":"O\u00a0Ibovespa\u00a0encerrou o preg\u00e3o desta quarta-feira (15) em alta de 1,34%, a 101.790,54 pontos. Clique aqui para saber mais.","og_url":"https:\/\/www.suno.com.br\/noticias\/ibovespa-encerra-o-pregao-em-alta-de-134-a-101-79054-pontos-15072020\/","og_site_name":"Suno Not\u00edcias","article_publisher":"https:\/\/facebook.com\/sunoresearch","og_image":[{"width":960,"height":678,"url":"https:\/\/files.sunoresearch.com.br\/n\/uploads\/2020\/03\/a4de4be8-ibovespa.jpg","type":"image\/jpeg"}],"author":"Laura Moutinho","twitter_card":"summary_large_image","twitter_creator":"@sunoresearch","twitter_site":"@sunoresearch","twitter_misc":{"Escrito por":"Laura Moutinho","Est. tempo de leitura":"4 minutos"},"schema":{"@context":"https:\/\/schema.org","@graph":[{"@type":"NewsArticle","@id":"https:\/\/www.suno.com.br\/noticias\/ibovespa-encerra-o-pregao-em-alta-de-134-a-101-79054-pontos-15072020\/#article","isPartOf":{"@id":"https:\/\/www.suno.com.br\/noticias\/ibovespa-encerra-o-pregao-em-alta-de-134-a-101-79054-pontos-15072020\/"},"author":{"name":"Laura Moutinho","@id":"https:\/\/www.suno.com.br\/noticias\/#\/schema\/person\/3df0d2808748b74496efe5dbeaef2c72"},"headline":"Ibovespa encerra o preg\u00e3o em alta de 1,34%, a 101.790,54 pontos","datePublished":"2020-07-15T20:32:45+00:00","dateModified":"2021-02-18T01:50:43+00:00","mainEntityOfPage":{"@id":"https:\/\/www.suno.com.br\/noticias\/ibovespa-encerra-o-pregao-em-alta-de-134-a-101-79054-pontos-15072020\/"},"wordCount":766,"publisher":{"@id":"https:\/\/www.suno.com.br\/noticias\/#organization"},"image":{"@id":"https:\/\/www.suno.com.br\/noticias\/ibovespa-encerra-o-pregao-em-alta-de-134-a-101-79054-pontos-15072020\/#primaryimage"},"thumbnailUrl":"https:\/\/files.sunoresearch.com.br\/n\/uploads\/2020\/03\/a4de4be8-ibovespa-jpg.webp","keywords":["Banco Central (BC)","Banco Pan (BPAN4)","Gol Linhas A\u00e9reas (GOLL11\/GOLL4)","Ibovespa","Lojas Americanas (LAME3\/LAME4)","Smiles (SMLS3)","Vale (VALE3)"],"articleSection":["Mercado"],"inLanguage":"pt-BR"},{"@type":"WebPage","@id":"https:\/\/www.suno.com.br\/noticias\/ibovespa-encerra-o-pregao-em-alta-de-134-a-101-79054-pontos-15072020\/","url":"https:\/\/www.suno.com.br\/noticias\/ibovespa-encerra-o-pregao-em-alta-de-134-a-101-79054-pontos-15072020\/","name":"Ibovespa encerra o preg\u00e3o em alta de 1,34%, a 101.790,54 pontos","isPartOf":{"@id":"https:\/\/www.suno.com.br\/noticias\/#website"},"primaryImageOfPage":{"@id":"https:\/\/www.suno.com.br\/noticias\/ibovespa-encerra-o-pregao-em-alta-de-134-a-101-79054-pontos-15072020\/#primaryimage"},"image":{"@id":"https:\/\/www.suno.com.br\/noticias\/ibovespa-encerra-o-pregao-em-alta-de-134-a-101-79054-pontos-15072020\/#primaryimage"},"thumbnailUrl":"https:\/\/files.sunoresearch.com.br\/n\/uploads\/2020\/03\/a4de4be8-ibovespa-jpg.webp","datePublished":"2020-07-15T20:32:45+00:00","dateModified":"2021-02-18T01:50:43+00:00","description":"O\u00a0Ibovespa\u00a0encerrou o preg\u00e3o desta quarta-feira (15) em alta de 1,34%, a 101.790,54 pontos. Clique aqui para saber mais.","breadcrumb":{"@id":"https:\/\/www.suno.com.br\/noticias\/ibovespa-encerra-o-pregao-em-alta-de-134-a-101-79054-pontos-15072020\/#breadcrumb"},"inLanguage":"pt-BR","potentialAction":[{"@type":"ReadAction","target":["https:\/\/www.suno.com.br\/noticias\/ibovespa-encerra-o-pregao-em-alta-de-134-a-101-79054-pontos-15072020\/"]}]},{"@type":"ImageObject","inLanguage":"pt-BR","@id":"https:\/\/www.suno.com.br\/noticias\/ibovespa-encerra-o-pregao-em-alta-de-134-a-101-79054-pontos-15072020\/#primaryimage","url":"https:\/\/files.sunoresearch.com.br\/n\/uploads\/2020\/03\/a4de4be8-ibovespa-jpg.webp","contentUrl":"https:\/\/files.sunoresearch.com.br\/n\/uploads\/2020\/03\/a4de4be8-ibovespa-jpg.webp","width":960,"height":678,"caption":"No dia 9 de julho, o Ibovespa voltou a atingir 100 mil pontos, marca que n\u00e3o registrava desde o dia 6 de mar\u00e7o."},{"@type":"BreadcrumbList","@id":"https:\/\/www.suno.com.br\/noticias\/ibovespa-encerra-o-pregao-em-alta-de-134-a-101-79054-pontos-15072020\/#breadcrumb","itemListElement":[{"@type":"ListItem","position":1,"name":"Not\u00edcias","item":"https:\/\/www.suno.com.br\/noticias\/"},{"@type":"ListItem","position":2,"name":"Mercado","item":"https:\/\/www.suno.com.br\/noticias\/mercado\/"},{"@type":"ListItem","position":3,"name":"Ibovespa encerra o preg\u00e3o em alta de 1,34%, a 101.790,54 pontos"}]},{"@type":"WebSite","@id":"https:\/\/www.suno.com.br\/noticias\/#website","url":"https:\/\/www.suno.com.br\/noticias\/","name":"Suno Not\u00edcias","description":"Seu portal de informa\u00e7\u00e3o sobre o mundo dos investimentos","publisher":{"@id":"https:\/\/www.suno.com.br\/noticias\/#organization"},"potentialAction":[{"@type":"SearchAction","target":{"@type":"EntryPoint","urlTemplate":"https:\/\/www.suno.com.br\/noticias\/?s={search_term_string}"},"query-input":{"@type":"PropertyValueSpecification","valueRequired":true,"valueName":"search_term_string"}}],"inLanguage":"pt-BR"},{"@type":"Organization","@id":"https:\/\/www.suno.com.br\/noticias\/#organization","name":"Suno Not\u00edcias","url":"https:\/\/www.suno.com.br\/noticias\/","logo":{"@type":"ImageObject","inLanguage":"pt-BR","@id":"https:\/\/www.suno.com.br\/noticias\/#\/schema\/logo\/image\/","url":"https:\/\/files.sunoresearch.com.br\/n\/uploads\/2021\/09\/suno-logo.png","contentUrl":"https:\/\/files.sunoresearch.com.br\/n\/uploads\/2021\/09\/suno-logo.png","width":180,"height":180,"caption":"Suno Not\u00edcias"},"image":{"@id":"https:\/\/www.suno.com.br\/noticias\/#\/schema\/logo\/image\/"},"sameAs":["https:\/\/facebook.com\/sunoresearch","https:\/\/x.com\/sunoresearch","https:\/\/www.instagram.com\/suno","https:\/\/www.linkedin.com\/company\/suno-research\/","https:\/\/www.youtube.com\/c\/sunoresearch"]},{"@type":"Person","@id":"https:\/\/www.suno.com.br\/noticias\/#\/schema\/person\/3df0d2808748b74496efe5dbeaef2c72","name":"Laura Moutinho","image":{"@type":"ImageObject","inLanguage":"pt-BR","@id":"https:\/\/www.suno.com.br\/noticias\/#\/schema\/person\/image\/","url":"https:\/\/secure.gravatar.com\/avatar\/7571c7c8ca3a6fca5e41384ece5557ff?s=96&r=g","contentUrl":"https:\/\/secure.gravatar.com\/avatar\/7571c7c8ca3a6fca5e41384ece5557ff?s=96&r=g","caption":"Laura Moutinho"},"description":"Estagi\u00e1ria na Suno Not\u00edcias, escreve not\u00edcias que afetam o mercado financeiro. Estuda administra\u00e7\u00e3o na Universidade Presbiteriana Mackenzie.","url":"https:\/\/www.suno.com.br\/noticias\/author\/laura-moutinho\/"}]}},"default_loop_html":"<div class=\"cardsPage__listCard__boxs\"><div class=\"cardsPage__listCard__boxs__img\"><a href=\"https:\/\/www.suno.com.br\/noticias\/ibovespa-encerra-o-pregao-em-alta-de-134-a-101-79054-pontos-15072020\/\"><img class=\"mask\" src=\"https:\/\/www.suno.com.br\/noticias\/wp-content\/themes\/suno\/resources\/images\/spotlight\/spotlight1img\/bg-mask.png\" alt=\"Image Mask\"\/><img src=\"https:\/\/files.sunoresearch.com.br\/n\/uploads\/2020\/03\/a4de4be8-ibovespa-400x200.webp\" alt=\"Ibovespa encerra o preg\u00e3o em alta de 1,34%, a 101.790,54 pontos\"\/><\/a><span class=\"spotlightCategory\"><a href=\"https:\/\/www.suno.com.br\/noticias\/mercado\/\">Mercado<\/a><\/span><\/div><div class=\"cardsPage__listCard__boxs__content\"><a href=\"https:\/\/www.suno.com.br\/noticias\/ibovespa-encerra-o-pregao-em-alta-de-134-a-101-79054-pontos-15072020\/\"><h2 class=\"content__title\">Ibovespa encerra o preg\u00e3o em alta de 1,34%, a 101.790,54 pontos<\/h2><\/a><div class=\"newsContent__article__meta\"><div class=\"newsContent__article__meta__authorBox\"><a href=\"https:\/\/www.suno.com.br\/noticias\/author\/laura-moutinho\/\" class=\"authorBox__avatar noMobi\"><img src=\"https:\/\/files.sunoresearch.com.br\/n\/uploads\/2020\/08\/531ff69d-whatsapp-image-2020-08-03-at-14.54.38-150x150.webp\" alt=\"Laura Moutinho\"><\/a><div class=\"authorBox__name\"><span>por\n\t\t\t<a href=\"https:\/\/www.suno.com.br\/noticias\/author\/laura-moutinho\/\"><span itemprop=\"author\">Laura Moutinho<\/span><\/a><\/span><time datetime=\"2020-07-15T17:32:45-03:00\" itemprop=\"datePublished\">15\/07\/2020 17:32<\/time><\/div><\/div><\/div><\/div><\/div>","single_layout":"posts","amp_enabled":true,"_links":{"self":[{"href":"https:\/\/www.suno.com.br\/noticias\/wp-json\/wp\/v2\/posts\/73308"}],"collection":[{"href":"https:\/\/www.suno.com.br\/noticias\/wp-json\/wp\/v2\/posts"}],"about":[{"href":"https:\/\/www.suno.com.br\/noticias\/wp-json\/wp\/v2\/types\/post"}],"author":[{"embeddable":true,"href":"https:\/\/www.suno.com.br\/noticias\/wp-json\/wp\/v2\/users\/39"}],"replies":[{"embeddable":true,"href":"https:\/\/www.suno.com.br\/noticias\/wp-json\/wp\/v2\/comments?post=73308"}],"version-history":[{"count":0,"href":"https:\/\/www.suno.com.br\/noticias\/wp-json\/wp\/v2\/posts\/73308\/revisions"}],"wp:featuredmedia":[{"embeddable":true,"href":"https:\/\/www.suno.com.br\/noticias\/wp-json\/wp\/v2\/media\/58930"}],"wp:attachment":[{"href":"https:\/\/www.suno.com.br\/noticias\/wp-json\/wp\/v2\/media?parent=73308"}],"wp:term":[{"taxonomy":"category","embeddable":true,"href":"https:\/\/www.suno.com.br\/noticias\/wp-json\/wp\/v2\/categories?post=73308"},{"taxonomy":"post_tag","embeddable":true,"href":"https:\/\/www.suno.com.br\/noticias\/wp-json\/wp\/v2\/tags?post=73308"},{"taxonomy":"suno_strategy","embeddable":true,"href":"https:\/\/www.suno.com.br\/noticias\/wp-json\/wp\/v2\/suno_strategy?post=73308"}],"curies":[{"name":"wp","href":"https:\/\/api.w.org\/{rel}","templated":true}]}}