{"id":73289,"date":"2020-07-15T16:53:43","date_gmt":"2020-07-15T19:53:43","guid":{"rendered":"https:\/\/www.suno.com.br\/noticias\/?p=73289"},"modified":"2020-07-15T16:53:43","modified_gmt":"2020-07-15T19:53:43","slug":"cepal-lerta-preve-contracao-economica-91-america-latina","status":"publish","type":"post","link":"https:\/\/www.suno.com.br\/noticias\/cepal-lerta-preve-contracao-economica-91-america-latina\/","title":{"rendered":"Cepal alerta para contra\u00e7\u00e3o econ\u00f4mica de 9,1% na Am\u00e9rica Latina no ano"},"content":{"rendered":"<p><span style=\"font-size: 19.4286px;\">Os economistas da<\/span>\u00a0Comiss\u00e3o Econ\u00f4mica para a <strong>Am\u00e9rica Latina<\/strong> e o Caribe (Cepal) revisaram nesta quarta-feira (15) as previs\u00f5es econ\u00f4micas para a Am\u00e9rica Latina em 2020. Diante dos efeitos gerados pela pandemia do coronav\u00edrus (covid-19), a institui\u00e7\u00e3o projeta uma contra\u00e7\u00e3o de 9,1% do <a href=\"https:\/\/www.suno.com.br\/artigos\/pib-produto-interno-bruto\/\">Produto Interno Bruto (PIB)<\/a> da regi\u00e3o neste ano.<\/p>\t<div class=\"wrapper-featured-image\">\n\t\t<figure class=\"spotlightImg\">\n\n\t\t\t<picture>\n\t\t\t\t<source media=\"(max-width: 768px)\" srcset=\"https:\/\/files.sunoresearch.com.br\/n\/uploads\/2018\/11\/22ddd640-producao-industrial-2-400x200.webp\">\n\t\t\t\t<img loading=\"lazy\" decoding=\"async\" class=\"newsContent__article__imgCapa lazyloadDisabled newsContent__article__imgCapa--noCaption\" src=\"https:\/\/files.sunoresearch.com.br\/n\/uploads\/2018\/11\/22ddd640-producao-industrial-2-800x450.webp\" width=\"800\" height=\"450\" alt=\"Cepal alerta para contra\u00e7\u00e3o econ\u00f4mica de 9,1% na Am\u00e9rica Latina no ano\" fetchpriority=high \/>\n\t\t\t<\/picture>\n\n\t\t\t<figcaption class=\"wp-caption-text wp-caption-text--hide\">Cepal alerta para contra\u00e7\u00e3o econ\u00f4mica de 9,1% na Am\u00e9rica Latina no ano<\/figcaption>\n\t\t<\/figure>\n\t<\/div>\n\n\n\n<p>Em uma apresenta\u00e7\u00e3o realizada pela secret\u00e1ria-executiva da <strong>Cepal<\/strong>, <strong><span style=\"font-size: 19.4286px;\">Alicia B\u00e1rcena<\/span><\/strong><span style=\"font-size: 1.21429rem;\">, a comiss\u00e3o real\u00e7ou que a Am\u00e9rica Latina agora figura no epicentro da pandemia de Covid-19, o que ir\u00e1 agravar os efeitos econ\u00f4micos. Desde abril, quando a estimativa era de uma contra\u00e7\u00e3o de 5,3% do PIB, a funcion\u00e1ria alerta que esta ser\u00e1 a pior recess\u00e3o da Hist\u00f3ria da regi\u00e3o.\u00a0<\/span><\/p>\n<p>As revis\u00f5es na previs\u00e3o econ\u00f4mica da institui\u00e7\u00e3o foram as seguintes:<\/p>\n<ul>\n<li><strong>Brasil<\/strong>: de 5,2% em abril para uma estimativa de 9,2% na contra\u00e7\u00e3o do PIB;<\/li>\n<li><strong>Peru<\/strong>: contra\u00e7\u00e3o de 13%;<\/li>\n<li><strong>Argentina<\/strong>: contra\u00e7\u00e3o de 10,5%;<\/li>\n<li><strong>M\u00e9xico<\/strong>: contra\u00e7\u00e3o de 9%;<\/li>\n<li><strong>Venezuela<\/strong>: contra\u00e7\u00e3o de 26%;<\/li>\n<\/ul>\n<p><a href=\"https:\/\/lp.suno.com.br\/suno-one\/\">Suno One: o primeiro passo para alcan\u00e7ar a sua independ\u00eancia financeira. Acesse agora, \u00e9 gratuito!<\/a><\/p>\n<p>A organiza\u00e7\u00e3o com sede em Santiago do Chile ressalta que, depois que a Am\u00e9rica Latina registrou um crescimento m\u00e9dio de 0,1%\u00a0 entre 2014 e 2019, a queda do PIB per capita agora representa um retrocesso de dez anos. Dessa forma, a organiza\u00e7\u00e3o acredita que em 2020 o PIB per capita regional ser\u00e1 o mesmo registrado em 2010.<\/p>\n<p>De acordo com\u00a0<span style=\"font-size: 19.4286px;\">Alicia, ser\u00e1 necess\u00e1rio maior esfor\u00e7o <a href=\"https:\/\/www.suno.com.br\/artigos\/politica-fiscal-expansionista\/\">fiscal<\/a> e <a href=\"https:\/\/www.suno.com.br\/artigos\/politica-monetaria-expansionista\/\">monet\u00e1rio<\/a> para mitigar os efeitos da pandemia e trazer a reativa\u00e7\u00e3o da economia. Al\u00e9m disso, a secret\u00e1ria explicou <\/span><span style=\"font-size: 1.21429rem;\">que n<\/span><span style=\"font-size: 19.4286px;\">a Am\u00e9rica Latina, ser\u00e3o cerca de 96 milh\u00f5es de pessoas em situa\u00e7\u00e3o<\/span><span style=\"font-size: 1.21429rem;\"> de extrema pobreza. O n\u00famero dever\u00e1 praticamente dobrar no ano, passando de 5,5% para 9,8%. Neste sentido, a organiza\u00e7\u00e3o defendeu a necessidade de ampliar as pol\u00edticas de prote\u00e7\u00e3o social, principalmente diante do crescimento do desemprego, da pobreza e da desigualdade no pa\u00eds.<\/span><\/p>\n<h2>FMI ampliou a linha de cr\u00e9dito para pa\u00edses da Am\u00e9rica Latina<\/h2>\n<p>Em junho, o <a href=\"https:\/\/www.suno.com.br\/artigos\/fmi\/\"><strong>Fundo Monet\u00e1rio Internacional (FMI)<\/strong><\/a> ampliou a disponibilidade de recursos para os pa\u00edses da Am\u00e9rica Latina na Linha de Cr\u00e9dito Flex\u00edvel (<strong>LCF<\/strong>). O objetivo da organiza\u00e7\u00e3o internacional \u00e9 criar uma rede de seguran\u00e7a para que as economias da regi\u00e3o possam superar os efeitos econ\u00f4micos provocados pela pandemia do novo coronav\u00edrus (covid-19).<\/p>\n<p>Entre os pa\u00edses que poderiam se beneficiar dos recursos disponibilizados pelo FMI est\u00e3o:<\/p>\n<ul>\n<li>Chile<\/li>\n<li>Peru<\/li>\n<li>M\u00e9xico<\/li>\n<li>Col\u00f4mbia<\/li>\n<\/ul>\n<p>economias que sofreram as fortes oscila\u00e7\u00f5es dos mercados registradas no primeiro trimestre.<\/p>\n<p><a href=\"https:\/\/www.suno.com.br\/noticias\/fmi-fundos-disponiveis-paises-america-latina\/\">Saiba mais: FMI amplia linha de cr\u00e9dito para pa\u00edses da Am\u00e9rica Latina<\/a><\/p>\n<p>O FMI aprovou em maio o acesso a LCF para esses quatro pa\u00edses da <strong>Am\u00e9rica<\/strong> <strong>Latina<\/strong>, que ter\u00e3o uma disponibilidade de US$ 107 bilh\u00f5es (cerca de R$ 550 bilh\u00f5es no total) e financiamentos. Esse valor representa cerca de um d\u00e9cimo da capacidade total de empr\u00e9stimo do fundo.<\/p>\n\n","protected":false},"excerpt":{"rendered":"<p>Os economistas da\u00a0Comiss\u00e3o Econ\u00f4mica para a Am\u00e9rica Latina e o Caribe (Cepal) revisaram nesta quarta-feira (15) as previs\u00f5es econ\u00f4micas para a Am\u00e9rica Latina em 2020. Diante dos efeitos gerados pela pandemia do coronav\u00edrus (covid-19), a institui\u00e7\u00e3o projeta uma contra\u00e7\u00e3o de 9,1% do Produto Interno Bruto (PIB) da regi\u00e3o neste ano. Cepal alerta para contra\u00e7\u00e3o econ\u00f4mica [&hellip;]<\/p>\n","protected":false},"author":44,"featured_media":5951,"comment_status":"closed","ping_status":"closed","sticky":false,"template":"","format":"standard","meta":[],"categories":[62],"tags":[986,1320,2487,807],"suno_strategy":[],"class_list":["post-73289","post","type-post","status-publish","format-standard","has-post-thumbnail","hentry","category-economia","tag-america-latina","tag-cepal","tag-coronavirus","tag-produto-interno-bruto-pib"],"yoast_head":"<!-- This site is optimized with the Yoast SEO plugin v24.4 - https:\/\/yoast.com\/wordpress\/plugins\/seo\/ -->\n<title>Cepal alerta para contra\u00e7\u00e3o econ\u00f4mica de 9,1% na Am\u00e9rica Latina no ano<\/title>\n<meta name=\"description\" content=\"Os economistas da\u00a0Cepal revisaram nesta quarta-feira (15) as previs\u00f5es econ\u00f4micas para a Am\u00e9rica Latina em 2020. Clique para ver mais.\" \/>\n<meta name=\"robots\" content=\"index, follow, max-snippet:-1, max-image-preview:large, max-video-preview:-1\" \/>\n<link rel=\"canonical\" href=\"https:\/\/www.suno.com.br\/noticias\/cepal-lerta-preve-contracao-economica-91-america-latina\/\" \/>\n<meta property=\"og:locale\" content=\"pt_BR\" \/>\n<meta property=\"og:type\" content=\"article\" \/>\n<meta property=\"og:title\" content=\"Cepal alerta para contra\u00e7\u00e3o econ\u00f4mica de 9,1% na Am\u00e9rica Latina no ano\" \/>\n<meta property=\"og:description\" content=\"Os economistas da\u00a0Cepal revisaram nesta quarta-feira (15) as previs\u00f5es econ\u00f4micas para a Am\u00e9rica Latina em 2020. Clique para ver mais.\" \/>\n<meta property=\"og:url\" content=\"https:\/\/www.suno.com.br\/noticias\/cepal-lerta-preve-contracao-economica-91-america-latina\/\" \/>\n<meta property=\"og:site_name\" content=\"Suno Not\u00edcias\" \/>\n<meta property=\"article:publisher\" content=\"https:\/\/facebook.com\/sunoresearch\" \/>\n<meta property=\"og:image\" content=\"https:\/\/files.sunoresearch.com.br\/n\/uploads\/2018\/11\/22ddd640-producao-industrial-2.jpg\" \/>\n\t<meta property=\"og:image:width\" content=\"1920\" \/>\n\t<meta property=\"og:image:height\" content=\"1388\" \/>\n\t<meta property=\"og:image:type\" content=\"image\/jpeg\" \/>\n<meta name=\"author\" content=\"Daniel Guimar\u00e3es\" \/>\n<meta name=\"twitter:card\" content=\"summary_large_image\" \/>\n<meta name=\"twitter:creator\" content=\"@sunoresearch\" \/>\n<meta name=\"twitter:site\" content=\"@sunoresearch\" \/>\n<meta name=\"twitter:label1\" content=\"Escrito por\" \/>\n\t<meta name=\"twitter:data1\" content=\"Daniel Guimar\u00e3es\" \/>\n\t<meta name=\"twitter:label2\" content=\"Est. tempo de leitura\" \/>\n\t<meta name=\"twitter:data2\" content=\"3 minutos\" \/>\n<script type=\"application\/ld+json\" class=\"yoast-schema-graph\">{\"@context\":\"https:\/\/schema.org\",\"@graph\":[{\"@type\":\"NewsArticle\",\"@id\":\"https:\/\/www.suno.com.br\/noticias\/cepal-lerta-preve-contracao-economica-91-america-latina\/#article\",\"isPartOf\":{\"@id\":\"https:\/\/www.suno.com.br\/noticias\/cepal-lerta-preve-contracao-economica-91-america-latina\/\"},\"author\":{\"name\":\"Daniel Guimar\u00e3es\",\"@id\":\"https:\/\/www.suno.com.br\/noticias\/#\/schema\/person\/a7796c19fcf6bafd03b9a2fa1fd9ae20\"},\"headline\":\"Cepal alerta para contra\u00e7\u00e3o econ\u00f4mica de 9,1% na Am\u00e9rica Latina no ano\",\"datePublished\":\"2020-07-15T19:53:43+00:00\",\"mainEntityOfPage\":{\"@id\":\"https:\/\/www.suno.com.br\/noticias\/cepal-lerta-preve-contracao-economica-91-america-latina\/\"},\"wordCount\":538,\"publisher\":{\"@id\":\"https:\/\/www.suno.com.br\/noticias\/#organization\"},\"image\":{\"@id\":\"https:\/\/www.suno.com.br\/noticias\/cepal-lerta-preve-contracao-economica-91-america-latina\/#primaryimage\"},\"thumbnailUrl\":\"https:\/\/files.sunoresearch.com.br\/n\/uploads\/2018\/11\/22ddd640-producao-industrial-2-jpg.webp\",\"keywords\":[\"Am\u00e9rica Latina\",\"Cepal\",\"coronav\u00edrus\",\"Produto Interno Bruto (PIB)\"],\"articleSection\":[\"Economia\"],\"inLanguage\":\"pt-BR\"},{\"@type\":\"WebPage\",\"@id\":\"https:\/\/www.suno.com.br\/noticias\/cepal-lerta-preve-contracao-economica-91-america-latina\/\",\"url\":\"https:\/\/www.suno.com.br\/noticias\/cepal-lerta-preve-contracao-economica-91-america-latina\/\",\"name\":\"Cepal alerta para contra\u00e7\u00e3o econ\u00f4mica de 9,1% na Am\u00e9rica Latina no ano\",\"isPartOf\":{\"@id\":\"https:\/\/www.suno.com.br\/noticias\/#website\"},\"primaryImageOfPage\":{\"@id\":\"https:\/\/www.suno.com.br\/noticias\/cepal-lerta-preve-contracao-economica-91-america-latina\/#primaryimage\"},\"image\":{\"@id\":\"https:\/\/www.suno.com.br\/noticias\/cepal-lerta-preve-contracao-economica-91-america-latina\/#primaryimage\"},\"thumbnailUrl\":\"https:\/\/files.sunoresearch.com.br\/n\/uploads\/2018\/11\/22ddd640-producao-industrial-2-jpg.webp\",\"datePublished\":\"2020-07-15T19:53:43+00:00\",\"description\":\"Os economistas da\u00a0Cepal revisaram nesta quarta-feira (15) as previs\u00f5es econ\u00f4micas para a Am\u00e9rica Latina em 2020. Clique para ver mais.\",\"breadcrumb\":{\"@id\":\"https:\/\/www.suno.com.br\/noticias\/cepal-lerta-preve-contracao-economica-91-america-latina\/#breadcrumb\"},\"inLanguage\":\"pt-BR\",\"potentialAction\":[{\"@type\":\"ReadAction\",\"target\":[\"https:\/\/www.suno.com.br\/noticias\/cepal-lerta-preve-contracao-economica-91-america-latina\/\"]}]},{\"@type\":\"ImageObject\",\"inLanguage\":\"pt-BR\",\"@id\":\"https:\/\/www.suno.com.br\/noticias\/cepal-lerta-preve-contracao-economica-91-america-latina\/#primaryimage\",\"url\":\"https:\/\/files.sunoresearch.com.br\/n\/uploads\/2018\/11\/22ddd640-producao-industrial-2-jpg.webp\",\"contentUrl\":\"https:\/\/files.sunoresearch.com.br\/n\/uploads\/2018\/11\/22ddd640-producao-industrial-2-jpg.webp\",\"width\":1920,\"height\":1388,\"caption\":\"Cepal alerta para contra\u00e7\u00e3o econ\u00f4mica de 9,1% na Am\u00e9rica Latina no ano\"},{\"@type\":\"BreadcrumbList\",\"@id\":\"https:\/\/www.suno.com.br\/noticias\/cepal-lerta-preve-contracao-economica-91-america-latina\/#breadcrumb\",\"itemListElement\":[{\"@type\":\"ListItem\",\"position\":1,\"name\":\"Not\u00edcias\",\"item\":\"https:\/\/www.suno.com.br\/noticias\/\"},{\"@type\":\"ListItem\",\"position\":2,\"name\":\"Economia\",\"item\":\"https:\/\/www.suno.com.br\/noticias\/economia\/\"},{\"@type\":\"ListItem\",\"position\":3,\"name\":\"Cepal alerta para contra\u00e7\u00e3o econ\u00f4mica de 9,1% na Am\u00e9rica Latina no ano\"}]},{\"@type\":\"WebSite\",\"@id\":\"https:\/\/www.suno.com.br\/noticias\/#website\",\"url\":\"https:\/\/www.suno.com.br\/noticias\/\",\"name\":\"Suno Not\u00edcias\",\"description\":\"Seu portal de informa\u00e7\u00e3o sobre o mundo dos investimentos\",\"publisher\":{\"@id\":\"https:\/\/www.suno.com.br\/noticias\/#organization\"},\"potentialAction\":[{\"@type\":\"SearchAction\",\"target\":{\"@type\":\"EntryPoint\",\"urlTemplate\":\"https:\/\/www.suno.com.br\/noticias\/?s={search_term_string}\"},\"query-input\":{\"@type\":\"PropertyValueSpecification\",\"valueRequired\":true,\"valueName\":\"search_term_string\"}}],\"inLanguage\":\"pt-BR\"},{\"@type\":\"Organization\",\"@id\":\"https:\/\/www.suno.com.br\/noticias\/#organization\",\"name\":\"Suno Not\u00edcias\",\"url\":\"https:\/\/www.suno.com.br\/noticias\/\",\"logo\":{\"@type\":\"ImageObject\",\"inLanguage\":\"pt-BR\",\"@id\":\"https:\/\/www.suno.com.br\/noticias\/#\/schema\/logo\/image\/\",\"url\":\"https:\/\/files.sunoresearch.com.br\/n\/uploads\/2021\/09\/suno-logo.png\",\"contentUrl\":\"https:\/\/files.sunoresearch.com.br\/n\/uploads\/2021\/09\/suno-logo.png\",\"width\":180,\"height\":180,\"caption\":\"Suno Not\u00edcias\"},\"image\":{\"@id\":\"https:\/\/www.suno.com.br\/noticias\/#\/schema\/logo\/image\/\"},\"sameAs\":[\"https:\/\/facebook.com\/sunoresearch\",\"https:\/\/x.com\/sunoresearch\",\"https:\/\/www.instagram.com\/suno\",\"https:\/\/www.linkedin.com\/company\/suno-research\/\",\"https:\/\/www.youtube.com\/c\/sunoresearch\"]},{\"@type\":\"Person\",\"@id\":\"https:\/\/www.suno.com.br\/noticias\/#\/schema\/person\/a7796c19fcf6bafd03b9a2fa1fd9ae20\",\"name\":\"Daniel Guimar\u00e3es\",\"image\":{\"@type\":\"ImageObject\",\"inLanguage\":\"pt-BR\",\"@id\":\"https:\/\/www.suno.com.br\/noticias\/#\/schema\/person\/image\/\",\"url\":\"https:\/\/secure.gravatar.com\/avatar\/fb8260757609f58f0c0ac079d1b32eff?s=96&r=g\",\"contentUrl\":\"https:\/\/secure.gravatar.com\/avatar\/fb8260757609f58f0c0ac079d1b32eff?s=96&r=g\",\"caption\":\"Daniel Guimar\u00e3es\"},\"description\":\"Estagi\u00e1rio na Suno Not\u00edcias, Daniel escreve not\u00edcias que afetam o mercado financeiro brasileiro e internacional. Estuda economia na Rutgers University, em New Jersey.\",\"sameAs\":[\"suno.research\"],\"url\":\"https:\/\/www.suno.com.br\/noticias\/author\/daniel\/\"}]}<\/script>\n<!-- \/ Yoast SEO plugin. -->","yoast_head_json":{"title":"Cepal alerta para contra\u00e7\u00e3o econ\u00f4mica de 9,1% na Am\u00e9rica Latina no ano","description":"Os economistas da\u00a0Cepal revisaram nesta quarta-feira (15) as previs\u00f5es econ\u00f4micas para a Am\u00e9rica Latina em 2020. Clique para ver mais.","robots":{"index":"index","follow":"follow","max-snippet":"max-snippet:-1","max-image-preview":"max-image-preview:large","max-video-preview":"max-video-preview:-1"},"canonical":"https:\/\/www.suno.com.br\/noticias\/cepal-lerta-preve-contracao-economica-91-america-latina\/","og_locale":"pt_BR","og_type":"article","og_title":"Cepal alerta para contra\u00e7\u00e3o econ\u00f4mica de 9,1% na Am\u00e9rica Latina no ano","og_description":"Os economistas da\u00a0Cepal revisaram nesta quarta-feira (15) as previs\u00f5es econ\u00f4micas para a Am\u00e9rica Latina em 2020. Clique para ver mais.","og_url":"https:\/\/www.suno.com.br\/noticias\/cepal-lerta-preve-contracao-economica-91-america-latina\/","og_site_name":"Suno Not\u00edcias","article_publisher":"https:\/\/facebook.com\/sunoresearch","og_image":[{"width":1920,"height":1388,"url":"https:\/\/files.sunoresearch.com.br\/n\/uploads\/2018\/11\/22ddd640-producao-industrial-2.jpg","type":"image\/jpeg"}],"author":"Daniel Guimar\u00e3es","twitter_card":"summary_large_image","twitter_creator":"@sunoresearch","twitter_site":"@sunoresearch","twitter_misc":{"Escrito por":"Daniel Guimar\u00e3es","Est. tempo de leitura":"3 minutos"},"schema":{"@context":"https:\/\/schema.org","@graph":[{"@type":"NewsArticle","@id":"https:\/\/www.suno.com.br\/noticias\/cepal-lerta-preve-contracao-economica-91-america-latina\/#article","isPartOf":{"@id":"https:\/\/www.suno.com.br\/noticias\/cepal-lerta-preve-contracao-economica-91-america-latina\/"},"author":{"name":"Daniel Guimar\u00e3es","@id":"https:\/\/www.suno.com.br\/noticias\/#\/schema\/person\/a7796c19fcf6bafd03b9a2fa1fd9ae20"},"headline":"Cepal alerta para contra\u00e7\u00e3o econ\u00f4mica de 9,1% na Am\u00e9rica Latina no ano","datePublished":"2020-07-15T19:53:43+00:00","mainEntityOfPage":{"@id":"https:\/\/www.suno.com.br\/noticias\/cepal-lerta-preve-contracao-economica-91-america-latina\/"},"wordCount":538,"publisher":{"@id":"https:\/\/www.suno.com.br\/noticias\/#organization"},"image":{"@id":"https:\/\/www.suno.com.br\/noticias\/cepal-lerta-preve-contracao-economica-91-america-latina\/#primaryimage"},"thumbnailUrl":"https:\/\/files.sunoresearch.com.br\/n\/uploads\/2018\/11\/22ddd640-producao-industrial-2-jpg.webp","keywords":["Am\u00e9rica Latina","Cepal","coronav\u00edrus","Produto Interno Bruto (PIB)"],"articleSection":["Economia"],"inLanguage":"pt-BR"},{"@type":"WebPage","@id":"https:\/\/www.suno.com.br\/noticias\/cepal-lerta-preve-contracao-economica-91-america-latina\/","url":"https:\/\/www.suno.com.br\/noticias\/cepal-lerta-preve-contracao-economica-91-america-latina\/","name":"Cepal alerta para contra\u00e7\u00e3o econ\u00f4mica de 9,1% na Am\u00e9rica Latina no ano","isPartOf":{"@id":"https:\/\/www.suno.com.br\/noticias\/#website"},"primaryImageOfPage":{"@id":"https:\/\/www.suno.com.br\/noticias\/cepal-lerta-preve-contracao-economica-91-america-latina\/#primaryimage"},"image":{"@id":"https:\/\/www.suno.com.br\/noticias\/cepal-lerta-preve-contracao-economica-91-america-latina\/#primaryimage"},"thumbnailUrl":"https:\/\/files.sunoresearch.com.br\/n\/uploads\/2018\/11\/22ddd640-producao-industrial-2-jpg.webp","datePublished":"2020-07-15T19:53:43+00:00","description":"Os economistas da\u00a0Cepal revisaram nesta quarta-feira (15) as previs\u00f5es econ\u00f4micas para a Am\u00e9rica Latina em 2020. Clique para ver mais.","breadcrumb":{"@id":"https:\/\/www.suno.com.br\/noticias\/cepal-lerta-preve-contracao-economica-91-america-latina\/#breadcrumb"},"inLanguage":"pt-BR","potentialAction":[{"@type":"ReadAction","target":["https:\/\/www.suno.com.br\/noticias\/cepal-lerta-preve-contracao-economica-91-america-latina\/"]}]},{"@type":"ImageObject","inLanguage":"pt-BR","@id":"https:\/\/www.suno.com.br\/noticias\/cepal-lerta-preve-contracao-economica-91-america-latina\/#primaryimage","url":"https:\/\/files.sunoresearch.com.br\/n\/uploads\/2018\/11\/22ddd640-producao-industrial-2-jpg.webp","contentUrl":"https:\/\/files.sunoresearch.com.br\/n\/uploads\/2018\/11\/22ddd640-producao-industrial-2-jpg.webp","width":1920,"height":1388,"caption":"Cepal alerta para contra\u00e7\u00e3o econ\u00f4mica de 9,1% na Am\u00e9rica Latina no ano"},{"@type":"BreadcrumbList","@id":"https:\/\/www.suno.com.br\/noticias\/cepal-lerta-preve-contracao-economica-91-america-latina\/#breadcrumb","itemListElement":[{"@type":"ListItem","position":1,"name":"Not\u00edcias","item":"https:\/\/www.suno.com.br\/noticias\/"},{"@type":"ListItem","position":2,"name":"Economia","item":"https:\/\/www.suno.com.br\/noticias\/economia\/"},{"@type":"ListItem","position":3,"name":"Cepal alerta para contra\u00e7\u00e3o econ\u00f4mica de 9,1% na Am\u00e9rica Latina no ano"}]},{"@type":"WebSite","@id":"https:\/\/www.suno.com.br\/noticias\/#website","url":"https:\/\/www.suno.com.br\/noticias\/","name":"Suno Not\u00edcias","description":"Seu portal de informa\u00e7\u00e3o sobre o mundo dos investimentos","publisher":{"@id":"https:\/\/www.suno.com.br\/noticias\/#organization"},"potentialAction":[{"@type":"SearchAction","target":{"@type":"EntryPoint","urlTemplate":"https:\/\/www.suno.com.br\/noticias\/?s={search_term_string}"},"query-input":{"@type":"PropertyValueSpecification","valueRequired":true,"valueName":"search_term_string"}}],"inLanguage":"pt-BR"},{"@type":"Organization","@id":"https:\/\/www.suno.com.br\/noticias\/#organization","name":"Suno Not\u00edcias","url":"https:\/\/www.suno.com.br\/noticias\/","logo":{"@type":"ImageObject","inLanguage":"pt-BR","@id":"https:\/\/www.suno.com.br\/noticias\/#\/schema\/logo\/image\/","url":"https:\/\/files.sunoresearch.com.br\/n\/uploads\/2021\/09\/suno-logo.png","contentUrl":"https:\/\/files.sunoresearch.com.br\/n\/uploads\/2021\/09\/suno-logo.png","width":180,"height":180,"caption":"Suno Not\u00edcias"},"image":{"@id":"https:\/\/www.suno.com.br\/noticias\/#\/schema\/logo\/image\/"},"sameAs":["https:\/\/facebook.com\/sunoresearch","https:\/\/x.com\/sunoresearch","https:\/\/www.instagram.com\/suno","https:\/\/www.linkedin.com\/company\/suno-research\/","https:\/\/www.youtube.com\/c\/sunoresearch"]},{"@type":"Person","@id":"https:\/\/www.suno.com.br\/noticias\/#\/schema\/person\/a7796c19fcf6bafd03b9a2fa1fd9ae20","name":"Daniel Guimar\u00e3es","image":{"@type":"ImageObject","inLanguage":"pt-BR","@id":"https:\/\/www.suno.com.br\/noticias\/#\/schema\/person\/image\/","url":"https:\/\/secure.gravatar.com\/avatar\/fb8260757609f58f0c0ac079d1b32eff?s=96&r=g","contentUrl":"https:\/\/secure.gravatar.com\/avatar\/fb8260757609f58f0c0ac079d1b32eff?s=96&r=g","caption":"Daniel Guimar\u00e3es"},"description":"Estagi\u00e1rio na Suno Not\u00edcias, Daniel escreve not\u00edcias que afetam o mercado financeiro brasileiro e internacional. Estuda economia na Rutgers University, em New Jersey.","sameAs":["suno.research"],"url":"https:\/\/www.suno.com.br\/noticias\/author\/daniel\/"}]}},"default_loop_html":"<div class=\"cardsPage__listCard__boxs\"><div class=\"cardsPage__listCard__boxs__img\"><a href=\"https:\/\/www.suno.com.br\/noticias\/cepal-lerta-preve-contracao-economica-91-america-latina\/\"><img class=\"mask\" src=\"https:\/\/www.suno.com.br\/noticias\/wp-content\/themes\/suno\/resources\/images\/spotlight\/spotlight1img\/bg-mask.png\" alt=\"Image Mask\"\/><img src=\"https:\/\/files.sunoresearch.com.br\/n\/uploads\/2018\/11\/22ddd640-producao-industrial-2-400x200.webp\" alt=\"Cepal alerta para contra\u00e7\u00e3o econ\u00f4mica de 9,1% na Am\u00e9rica Latina no ano\"\/><\/a><span class=\"spotlightCategory\"><a href=\"https:\/\/www.suno.com.br\/noticias\/economia\/\">Economia<\/a><\/span><\/div><div class=\"cardsPage__listCard__boxs__content\"><a href=\"https:\/\/www.suno.com.br\/noticias\/cepal-lerta-preve-contracao-economica-91-america-latina\/\"><h2 class=\"content__title\">Cepal alerta para contra\u00e7\u00e3o econ\u00f4mica de 9,1% na Am\u00e9rica Latina no ano<\/h2><\/a><div class=\"newsContent__article__meta\"><div class=\"newsContent__article__meta__authorBox\"><a href=\"https:\/\/www.suno.com.br\/noticias\/author\/daniel\/\" class=\"authorBox__avatar noMobi\"><img src=\"https:\/\/files.sunoresearch.com.br\/n\/uploads\/2020\/08\/e51aadd2-whatsapp-image-2020-08-03-at-14.03.48-150x150.webp\" alt=\"Daniel Guimar\u00e3es\"><\/a><div class=\"authorBox__name\"><span>por\n\t\t\t<a href=\"https:\/\/www.suno.com.br\/noticias\/author\/daniel\/\"><span itemprop=\"author\">Daniel Guimar\u00e3es<\/span><\/a><\/span><time datetime=\"2020-07-15T16:53:43-03:00\" itemprop=\"datePublished\">15\/07\/2020 16:53<\/time><\/div><\/div><\/div><\/div><\/div>","single_layout":"posts","amp_enabled":true,"_links":{"self":[{"href":"https:\/\/www.suno.com.br\/noticias\/wp-json\/wp\/v2\/posts\/73289"}],"collection":[{"href":"https:\/\/www.suno.com.br\/noticias\/wp-json\/wp\/v2\/posts"}],"about":[{"href":"https:\/\/www.suno.com.br\/noticias\/wp-json\/wp\/v2\/types\/post"}],"author":[{"embeddable":true,"href":"https:\/\/www.suno.com.br\/noticias\/wp-json\/wp\/v2\/users\/44"}],"replies":[{"embeddable":true,"href":"https:\/\/www.suno.com.br\/noticias\/wp-json\/wp\/v2\/comments?post=73289"}],"version-history":[{"count":0,"href":"https:\/\/www.suno.com.br\/noticias\/wp-json\/wp\/v2\/posts\/73289\/revisions"}],"wp:featuredmedia":[{"embeddable":true,"href":"https:\/\/www.suno.com.br\/noticias\/wp-json\/wp\/v2\/media\/5951"}],"wp:attachment":[{"href":"https:\/\/www.suno.com.br\/noticias\/wp-json\/wp\/v2\/media?parent=73289"}],"wp:term":[{"taxonomy":"category","embeddable":true,"href":"https:\/\/www.suno.com.br\/noticias\/wp-json\/wp\/v2\/categories?post=73289"},{"taxonomy":"post_tag","embeddable":true,"href":"https:\/\/www.suno.com.br\/noticias\/wp-json\/wp\/v2\/tags?post=73289"},{"taxonomy":"suno_strategy","embeddable":true,"href":"https:\/\/www.suno.com.br\/noticias\/wp-json\/wp\/v2\/suno_strategy?post=73289"}],"curies":[{"name":"wp","href":"https:\/\/api.w.org\/{rel}","templated":true}]}}