{"id":73268,"date":"2020-07-15T14:21:35","date_gmt":"2020-07-15T17:21:35","guid":{"rendered":"https:\/\/www.suno.com.br\/noticias\/?p=73268"},"modified":"2020-07-15T18:39:41","modified_gmt":"2020-07-15T21:39:41","slug":"marco-legal-saneamento-basico-bolsonaro","status":"publish","type":"post","link":"https:\/\/www.suno.com.br\/noticias\/marco-legal-saneamento-basico-bolsonaro\/","title":{"rendered":"Marco legal do saneamento b\u00e1sico \u00e9 sancionado com vetos por Bolsonaro"},"content":{"rendered":"<p>O presidente da Rep\u00fablica,, Jair Bolsonaro sancionou nesta quarta-feira (15) o novo <strong>marco legal do saneamento b\u00e1sico<\/strong>. Entretanto, o mandat\u00e1rio assinou a lei com 11 vetos no texto aprovado pelo Congresso Nacional no final de junho.<\/p>\t<div class=\"wrapper-featured-image\">\n\t\t<figure class=\"spotlightImg\">\n\n\t\t\t<picture>\n\t\t\t\t<source media=\"(max-width: 768px)\" srcset=\"https:\/\/files.sunoresearch.com.br\/n\/uploads\/2020\/07\/d646799d-bolsonaro-2-400x200.webp\">\n\t\t\t\t<img loading=\"lazy\" decoding=\"async\" class=\"newsContent__article__imgCapa lazyloadDisabled newsContent__article__imgCapa--noCaption\" src=\"https:\/\/files.sunoresearch.com.br\/n\/uploads\/2020\/07\/d646799d-bolsonaro-2-800x450.webp\" width=\"800\" height=\"450\" alt=\"Marco legal do saneamento b\u00e1sico \u00e9 sancionado com vetos por Bolsonaro\" fetchpriority=high \/>\n\t\t\t<\/picture>\n\n\t\t\t<figcaption class=\"wp-caption-text wp-caption-text--hide\">O presidente da Rep\u00fablica, Jair Bolsonaro <\/figcaption>\n\t\t<\/figure>\n\t<\/div>\n\n\n<p><a href=\"https:\/\/lp.suno.com.br\/lm\/relatorio\/suno-drops-saneamento\/\">Baixe aqui o relat\u00f3rio gratuito sobre o setor do saneamento b\u00e1sico e saiba o que muda para os investidores!<\/a><\/p>\n<p>O novo marco legal do saneamento b\u00e1sico &#8211; que tramitava no Legislativo desde 2018 &#8211; tem como objetivo ampliar a presen\u00e7a do setor privado em segmentos como fornecimento de \u00e1gua pot\u00e1vel e coleta de esgotos, aumentando a concorr\u00eancia em um setor as empresas estatais atuam de forma quase exclusiva.<\/p>\n<p>A lei prev\u00ea a abertura de licita\u00e7\u00e3o para o fornecimento dos servi\u00e7os de saneamento, com a participa\u00e7\u00e3o de empresas p\u00fablicas e privadas. Al\u00e9m disso, acaba com o direito de prefer\u00eancia concedido para empresas estatais.<\/p>\n\n<p>Tamb\u00e9m n\u00e3o ser\u00e1 mais poss\u00edvel concluir &#8220;contratos de programa para a presta\u00e7\u00e3o de servi\u00e7os de abastecimento de \u00e1gua e de esgotamento sanit\u00e1rio&#8221;. Esses documentos eram assinados sem concorr\u00eancia e celebrados diretamente entre os titulares dos servi\u00e7os e as concession\u00e1rias, ou seja entre os governos locais e as empresas estatais de saneamento.<\/p>\n<p>Agora, os contratos dever\u00e3o estabelecer metas de:<\/p>\n<ul>\n<li>expans\u00e3o dos servi\u00e7os;<\/li>\n<li>redu\u00e7\u00e3o de perdas na distribui\u00e7\u00e3o de \u00e1gua tratada;<\/li>\n<li>qualidade na presta\u00e7\u00e3o dos servi\u00e7os;<\/li>\n<li>efici\u00eancia e uso racional da \u00e1gua, da energia e de outros recursos naturais;<\/li>\n<li>reuso de despejos.<\/li>\n<\/ul>\n<p>Os atuais contratos em vigor poder\u00e3o ser estendidos por mais 30 anos, mas somente se as empresas envolvidas comprovar\u00e3o sa\u00fade financeira suficiente para se manterem apenas com a cobran\u00e7a de tarifas e contrata\u00e7\u00e3o da d\u00edvida.<\/p>\n<p>Al\u00e9m disso, a nova lei prev\u00ea a universaliza\u00e7\u00e3o do saneamento b\u00e1sico. At\u00e9 31 de dezembro de 2033 pelo menos 90% dos brasileiros dever\u00e3o ter acesso a coleta de esgoto e 99% ao fornecimento de \u00e1gua pot\u00e1vel.<\/p>\n<p>Outro ponto \u00e9 a redu\u00e7\u00e3o das perdas de \u00e1gua nas infraestruturas. Hoje, em m\u00e9dia, cerca de 38% da \u00e1gua pot\u00e1vel n\u00e3o chega ao consumidor final, gerando um preju\u00edzo de cerca de R$ 10 bilh\u00f5es.<\/p>\n<p>A lei abre o caminho para o fim dos lix\u00f5es a c\u00e9u aberto no Brasil at\u00e9 31 de dezembro de 2020. Algo que deveria ter ocorrido j\u00e1 em 2014, ap\u00f3s a aprova\u00e7\u00e3o da Pol\u00edtica de Res\u00edduos S\u00f3lidos. Entretanto, ainda hoje existem cerca de 3 mil lix\u00f5es em todo o territ\u00f3rio nacional.<\/p>\n<p><a href=\"https:\/\/lp.suno.com.br\/suno-one\/\">No Suno One voc\u00ea aprende a fazer seu dinheiro para trabalhar para voc\u00ea. Cadastre-se gratuitamente agora!<\/a><\/p>\n<p>Entretanto, essa previs\u00e3o n\u00e3o vai valer para os munic\u00edpios com plano intermunicipal de res\u00edduos s\u00f3lidos ou plano municipal de gest\u00e3o integrada de res\u00edduos s\u00f3lidos, que v\u00e3o ter tempo at\u00e9 agosto de 2021 e agosto de 2024, dependendo da localiza\u00e7\u00e3o e do tamanho do munic\u00edpio.<\/p>\n<h2>Novo marco legal do saneamento b\u00e1sico gerar\u00e1 empregos e investimentos<\/h2>\n<p>Segundo o Minist\u00e9rio da Economia, em 14 anos o novo marco legal do saneamento b\u00e1sico permitir\u00e1 atrair &#8220;mais de R$ 700 bilh\u00f5es em investimentos&#8221; gerando, &#8220;em m\u00e9dia, 700 mil empregos no pa\u00eds&#8221;.<\/p>\n<p>Entre os pontos vetados pelo presidente Bolsonaro est\u00e1\u00a0a previs\u00e3o de que o poder p\u00fablico indenize investimentos de empresas p\u00fablicas ou sociedades de economia mista que prestem o servi\u00e7o de saneamento e passem por aliena\u00e7\u00e3o do controle acion\u00e1rio.<\/p>\n<p><a href=\"https:\/\/www.suno.com.br\/noticias\/senado-votara-novo-marco-do-saneamento\/\">Saiba mais: Senado votar\u00e1 nessa quarta-feira novo marco do saneamento b\u00e1sico<\/a><\/p>\n<p>Segundo o ministro do Desenvolvimento Regional, Rog\u00e9rio Marinho, h\u00e1 cerca de R$ 51 bilh\u00f5es em projetos prontos para serem realizados no mercado no setor de <strong>saneamento b\u00e1sico<\/strong>. Segundo o pol\u00edtico, a previs\u00e3o \u00e9 que com a nova lei os investimentos na \u00e1rea ser\u00e3o por volta de R$ 40 &#8211; 50 bilh\u00f5es por ano, atraindo tamb\u00e9m investidores estrangeiros.<\/p>\n\n","protected":false},"excerpt":{"rendered":"<p>O presidente da Rep\u00fablica,, Jair Bolsonaro sancionou nesta quarta-feira (15) o novo marco legal do saneamento b\u00e1sico. Entretanto, o mandat\u00e1rio assinou a lei com 11 vetos no texto aprovado pelo Congresso Nacional no final de junho. O presidente da Rep\u00fablica, Jair Bolsonaro Baixe aqui o relat\u00f3rio gratuito sobre o setor do saneamento b\u00e1sico e saiba [&hellip;]<\/p>\n","protected":false},"author":9,"featured_media":72017,"comment_status":"closed","ping_status":"closed","sticky":false,"template":"","format":"standard","meta":[],"categories":[61],"tags":[719,57257],"suno_strategy":[],"class_list":["post-73268","post","type-post","status-publish","format-standard","has-post-thumbnail","hentry","category-politica","tag-jair-bolsonaro","tag-marco-do-saneamento"],"yoast_head":"<!-- This site is optimized with the Yoast SEO plugin v24.4 - https:\/\/yoast.com\/wordpress\/plugins\/seo\/ -->\n<title>Marco legal do saneamento b\u00e1sico \u00e9 sancionado com vetos por Bolsonaro<\/title>\n<meta name=\"description\" content=\"O presidente da Rep\u00fablica,, Jair Bolsonaro sancionou nesta quarta o novo marco legal do saneamento b\u00e1sico. Clique aqui e saiba mais.\" \/>\n<meta name=\"robots\" content=\"index, follow, max-snippet:-1, max-image-preview:large, max-video-preview:-1\" \/>\n<link rel=\"canonical\" href=\"https:\/\/www.suno.com.br\/noticias\/marco-legal-saneamento-basico-bolsonaro\/\" \/>\n<meta property=\"og:locale\" content=\"pt_BR\" \/>\n<meta property=\"og:type\" content=\"article\" \/>\n<meta property=\"og:title\" content=\"Marco legal do saneamento b\u00e1sico \u00e9 sancionado com vetos por Bolsonaro\" \/>\n<meta property=\"og:description\" content=\"O presidente da Rep\u00fablica,, Jair Bolsonaro sancionou nesta quarta o novo marco legal do saneamento b\u00e1sico. Clique aqui e saiba mais.\" \/>\n<meta property=\"og:url\" content=\"https:\/\/www.suno.com.br\/noticias\/marco-legal-saneamento-basico-bolsonaro\/\" \/>\n<meta property=\"og:site_name\" content=\"Suno Not\u00edcias\" \/>\n<meta property=\"article:publisher\" content=\"https:\/\/facebook.com\/sunoresearch\" \/>\n<meta property=\"og:image\" content=\"https:\/\/files.sunoresearch.com.br\/n\/uploads\/2020\/07\/d646799d-bolsonaro-2.jpg\" \/>\n\t<meta property=\"og:image:width\" content=\"1024\" \/>\n\t<meta property=\"og:image:height\" content=\"683\" \/>\n\t<meta property=\"og:image:type\" content=\"image\/jpeg\" \/>\n<meta name=\"author\" content=\"Carlo Cauti\" \/>\n<meta name=\"twitter:card\" content=\"summary_large_image\" \/>\n<meta name=\"twitter:creator\" content=\"@sunoresearch\" \/>\n<meta name=\"twitter:site\" content=\"@sunoresearch\" \/>\n<meta name=\"twitter:label1\" content=\"Escrito por\" \/>\n\t<meta name=\"twitter:data1\" content=\"Carlo Cauti\" \/>\n\t<meta name=\"twitter:label2\" content=\"Est. tempo de leitura\" \/>\n\t<meta name=\"twitter:data2\" content=\"3 minutos\" \/>\n<script type=\"application\/ld+json\" class=\"yoast-schema-graph\">{\"@context\":\"https:\/\/schema.org\",\"@graph\":[{\"@type\":\"NewsArticle\",\"@id\":\"https:\/\/www.suno.com.br\/noticias\/marco-legal-saneamento-basico-bolsonaro\/#article\",\"isPartOf\":{\"@id\":\"https:\/\/www.suno.com.br\/noticias\/marco-legal-saneamento-basico-bolsonaro\/\"},\"author\":{\"name\":\"Carlo Cauti\",\"@id\":\"https:\/\/www.suno.com.br\/noticias\/#\/schema\/person\/e6e0f723cc177805027f4566c1d5e0c8\"},\"headline\":\"Marco legal do saneamento b\u00e1sico \u00e9 sancionado com vetos por Bolsonaro\",\"datePublished\":\"2020-07-15T17:21:35+00:00\",\"dateModified\":\"2020-07-15T21:39:41+00:00\",\"mainEntityOfPage\":{\"@id\":\"https:\/\/www.suno.com.br\/noticias\/marco-legal-saneamento-basico-bolsonaro\/\"},\"wordCount\":677,\"publisher\":{\"@id\":\"https:\/\/www.suno.com.br\/noticias\/#organization\"},\"image\":{\"@id\":\"https:\/\/www.suno.com.br\/noticias\/marco-legal-saneamento-basico-bolsonaro\/#primaryimage\"},\"thumbnailUrl\":\"https:\/\/files.sunoresearch.com.br\/n\/uploads\/2020\/07\/d646799d-bolsonaro-2-jpg.webp\",\"keywords\":[\"Jair Bolsonaro\",\"marco do saneamento\"],\"articleSection\":[\"Pol\u00edtica\"],\"inLanguage\":\"pt-BR\"},{\"@type\":\"WebPage\",\"@id\":\"https:\/\/www.suno.com.br\/noticias\/marco-legal-saneamento-basico-bolsonaro\/\",\"url\":\"https:\/\/www.suno.com.br\/noticias\/marco-legal-saneamento-basico-bolsonaro\/\",\"name\":\"Marco legal do saneamento b\u00e1sico \u00e9 sancionado com vetos por Bolsonaro\",\"isPartOf\":{\"@id\":\"https:\/\/www.suno.com.br\/noticias\/#website\"},\"primaryImageOfPage\":{\"@id\":\"https:\/\/www.suno.com.br\/noticias\/marco-legal-saneamento-basico-bolsonaro\/#primaryimage\"},\"image\":{\"@id\":\"https:\/\/www.suno.com.br\/noticias\/marco-legal-saneamento-basico-bolsonaro\/#primaryimage\"},\"thumbnailUrl\":\"https:\/\/files.sunoresearch.com.br\/n\/uploads\/2020\/07\/d646799d-bolsonaro-2-jpg.webp\",\"datePublished\":\"2020-07-15T17:21:35+00:00\",\"dateModified\":\"2020-07-15T21:39:41+00:00\",\"description\":\"O presidente da Rep\u00fablica,, Jair Bolsonaro sancionou nesta quarta o novo marco legal do saneamento b\u00e1sico. Clique aqui e saiba mais.\",\"breadcrumb\":{\"@id\":\"https:\/\/www.suno.com.br\/noticias\/marco-legal-saneamento-basico-bolsonaro\/#breadcrumb\"},\"inLanguage\":\"pt-BR\",\"potentialAction\":[{\"@type\":\"ReadAction\",\"target\":[\"https:\/\/www.suno.com.br\/noticias\/marco-legal-saneamento-basico-bolsonaro\/\"]}]},{\"@type\":\"ImageObject\",\"inLanguage\":\"pt-BR\",\"@id\":\"https:\/\/www.suno.com.br\/noticias\/marco-legal-saneamento-basico-bolsonaro\/#primaryimage\",\"url\":\"https:\/\/files.sunoresearch.com.br\/n\/uploads\/2020\/07\/d646799d-bolsonaro-2-jpg.webp\",\"contentUrl\":\"https:\/\/files.sunoresearch.com.br\/n\/uploads\/2020\/07\/d646799d-bolsonaro-2-jpg.webp\",\"width\":1024,\"height\":683,\"caption\":\"O presidente da Rep\u00fablica, Jair Bolsonaro\"},{\"@type\":\"BreadcrumbList\",\"@id\":\"https:\/\/www.suno.com.br\/noticias\/marco-legal-saneamento-basico-bolsonaro\/#breadcrumb\",\"itemListElement\":[{\"@type\":\"ListItem\",\"position\":1,\"name\":\"Not\u00edcias\",\"item\":\"https:\/\/www.suno.com.br\/noticias\/\"},{\"@type\":\"ListItem\",\"position\":2,\"name\":\"Pol\u00edtica\",\"item\":\"https:\/\/www.suno.com.br\/noticias\/politica\/\"},{\"@type\":\"ListItem\",\"position\":3,\"name\":\"Marco legal do saneamento b\u00e1sico \u00e9 sancionado com vetos por Bolsonaro\"}]},{\"@type\":\"WebSite\",\"@id\":\"https:\/\/www.suno.com.br\/noticias\/#website\",\"url\":\"https:\/\/www.suno.com.br\/noticias\/\",\"name\":\"Suno Not\u00edcias\",\"description\":\"Seu portal de informa\u00e7\u00e3o sobre o mundo dos investimentos\",\"publisher\":{\"@id\":\"https:\/\/www.suno.com.br\/noticias\/#organization\"},\"potentialAction\":[{\"@type\":\"SearchAction\",\"target\":{\"@type\":\"EntryPoint\",\"urlTemplate\":\"https:\/\/www.suno.com.br\/noticias\/?s={search_term_string}\"},\"query-input\":{\"@type\":\"PropertyValueSpecification\",\"valueRequired\":true,\"valueName\":\"search_term_string\"}}],\"inLanguage\":\"pt-BR\"},{\"@type\":\"Organization\",\"@id\":\"https:\/\/www.suno.com.br\/noticias\/#organization\",\"name\":\"Suno Not\u00edcias\",\"url\":\"https:\/\/www.suno.com.br\/noticias\/\",\"logo\":{\"@type\":\"ImageObject\",\"inLanguage\":\"pt-BR\",\"@id\":\"https:\/\/www.suno.com.br\/noticias\/#\/schema\/logo\/image\/\",\"url\":\"https:\/\/files.sunoresearch.com.br\/n\/uploads\/2021\/09\/suno-logo.png\",\"contentUrl\":\"https:\/\/files.sunoresearch.com.br\/n\/uploads\/2021\/09\/suno-logo.png\",\"width\":180,\"height\":180,\"caption\":\"Suno Not\u00edcias\"},\"image\":{\"@id\":\"https:\/\/www.suno.com.br\/noticias\/#\/schema\/logo\/image\/\"},\"sameAs\":[\"https:\/\/facebook.com\/sunoresearch\",\"https:\/\/x.com\/sunoresearch\",\"https:\/\/www.instagram.com\/suno\",\"https:\/\/www.linkedin.com\/company\/suno-research\/\",\"https:\/\/www.youtube.com\/c\/sunoresearch\"]},{\"@type\":\"Person\",\"@id\":\"https:\/\/www.suno.com.br\/noticias\/#\/schema\/person\/e6e0f723cc177805027f4566c1d5e0c8\",\"name\":\"Carlo Cauti\",\"image\":{\"@type\":\"ImageObject\",\"inLanguage\":\"pt-BR\",\"@id\":\"https:\/\/www.suno.com.br\/noticias\/#\/schema\/person\/image\/\",\"url\":\"https:\/\/secure.gravatar.com\/avatar\/3ada9e0bd164c23abd4792a9606d583c?s=96&r=g\",\"contentUrl\":\"https:\/\/secure.gravatar.com\/avatar\/3ada9e0bd164c23abd4792a9606d583c?s=96&r=g\",\"caption\":\"Carlo Cauti\"},\"description\":\"Editor multim\u00eddia do SUNO Not\u00edcias. Italiano, formado em Ci\u00eancias Pol\u00edticas pela universidade LUISS G. Carli de Roma e mestre cum laude em Rela\u00e7\u00f5es Internacionais, Jornalismo Internacional e de Guerra e em Economia Internacional. Concluiu tamb\u00e9m um MBA em Finan\u00e7as na B3. No Brasil, teve passagem por ve\u00edculos como Estad\u00e3o, Globo, Veja e EXAME. e nas ag\u00eancias de not\u00edcias italianas ANSA e NOVA.\",\"url\":\"https:\/\/www.suno.com.br\/noticias\/author\/carlo-cauti\/\"}]}<\/script>\n<!-- \/ Yoast SEO plugin. -->","yoast_head_json":{"title":"Marco legal do saneamento b\u00e1sico \u00e9 sancionado com vetos por Bolsonaro","description":"O presidente da Rep\u00fablica,, Jair Bolsonaro sancionou nesta quarta o novo marco legal do saneamento b\u00e1sico. Clique aqui e saiba mais.","robots":{"index":"index","follow":"follow","max-snippet":"max-snippet:-1","max-image-preview":"max-image-preview:large","max-video-preview":"max-video-preview:-1"},"canonical":"https:\/\/www.suno.com.br\/noticias\/marco-legal-saneamento-basico-bolsonaro\/","og_locale":"pt_BR","og_type":"article","og_title":"Marco legal do saneamento b\u00e1sico \u00e9 sancionado com vetos por Bolsonaro","og_description":"O presidente da Rep\u00fablica,, Jair Bolsonaro sancionou nesta quarta o novo marco legal do saneamento b\u00e1sico. Clique aqui e saiba mais.","og_url":"https:\/\/www.suno.com.br\/noticias\/marco-legal-saneamento-basico-bolsonaro\/","og_site_name":"Suno Not\u00edcias","article_publisher":"https:\/\/facebook.com\/sunoresearch","og_image":[{"width":1024,"height":683,"url":"https:\/\/files.sunoresearch.com.br\/n\/uploads\/2020\/07\/d646799d-bolsonaro-2.jpg","type":"image\/jpeg"}],"author":"Carlo Cauti","twitter_card":"summary_large_image","twitter_creator":"@sunoresearch","twitter_site":"@sunoresearch","twitter_misc":{"Escrito por":"Carlo Cauti","Est. tempo de leitura":"3 minutos"},"schema":{"@context":"https:\/\/schema.org","@graph":[{"@type":"NewsArticle","@id":"https:\/\/www.suno.com.br\/noticias\/marco-legal-saneamento-basico-bolsonaro\/#article","isPartOf":{"@id":"https:\/\/www.suno.com.br\/noticias\/marco-legal-saneamento-basico-bolsonaro\/"},"author":{"name":"Carlo Cauti","@id":"https:\/\/www.suno.com.br\/noticias\/#\/schema\/person\/e6e0f723cc177805027f4566c1d5e0c8"},"headline":"Marco legal do saneamento b\u00e1sico \u00e9 sancionado com vetos por Bolsonaro","datePublished":"2020-07-15T17:21:35+00:00","dateModified":"2020-07-15T21:39:41+00:00","mainEntityOfPage":{"@id":"https:\/\/www.suno.com.br\/noticias\/marco-legal-saneamento-basico-bolsonaro\/"},"wordCount":677,"publisher":{"@id":"https:\/\/www.suno.com.br\/noticias\/#organization"},"image":{"@id":"https:\/\/www.suno.com.br\/noticias\/marco-legal-saneamento-basico-bolsonaro\/#primaryimage"},"thumbnailUrl":"https:\/\/files.sunoresearch.com.br\/n\/uploads\/2020\/07\/d646799d-bolsonaro-2-jpg.webp","keywords":["Jair Bolsonaro","marco do saneamento"],"articleSection":["Pol\u00edtica"],"inLanguage":"pt-BR"},{"@type":"WebPage","@id":"https:\/\/www.suno.com.br\/noticias\/marco-legal-saneamento-basico-bolsonaro\/","url":"https:\/\/www.suno.com.br\/noticias\/marco-legal-saneamento-basico-bolsonaro\/","name":"Marco legal do saneamento b\u00e1sico \u00e9 sancionado com vetos por Bolsonaro","isPartOf":{"@id":"https:\/\/www.suno.com.br\/noticias\/#website"},"primaryImageOfPage":{"@id":"https:\/\/www.suno.com.br\/noticias\/marco-legal-saneamento-basico-bolsonaro\/#primaryimage"},"image":{"@id":"https:\/\/www.suno.com.br\/noticias\/marco-legal-saneamento-basico-bolsonaro\/#primaryimage"},"thumbnailUrl":"https:\/\/files.sunoresearch.com.br\/n\/uploads\/2020\/07\/d646799d-bolsonaro-2-jpg.webp","datePublished":"2020-07-15T17:21:35+00:00","dateModified":"2020-07-15T21:39:41+00:00","description":"O presidente da Rep\u00fablica,, Jair Bolsonaro sancionou nesta quarta o novo marco legal do saneamento b\u00e1sico. Clique aqui e saiba mais.","breadcrumb":{"@id":"https:\/\/www.suno.com.br\/noticias\/marco-legal-saneamento-basico-bolsonaro\/#breadcrumb"},"inLanguage":"pt-BR","potentialAction":[{"@type":"ReadAction","target":["https:\/\/www.suno.com.br\/noticias\/marco-legal-saneamento-basico-bolsonaro\/"]}]},{"@type":"ImageObject","inLanguage":"pt-BR","@id":"https:\/\/www.suno.com.br\/noticias\/marco-legal-saneamento-basico-bolsonaro\/#primaryimage","url":"https:\/\/files.sunoresearch.com.br\/n\/uploads\/2020\/07\/d646799d-bolsonaro-2-jpg.webp","contentUrl":"https:\/\/files.sunoresearch.com.br\/n\/uploads\/2020\/07\/d646799d-bolsonaro-2-jpg.webp","width":1024,"height":683,"caption":"O presidente da Rep\u00fablica, Jair Bolsonaro"},{"@type":"BreadcrumbList","@id":"https:\/\/www.suno.com.br\/noticias\/marco-legal-saneamento-basico-bolsonaro\/#breadcrumb","itemListElement":[{"@type":"ListItem","position":1,"name":"Not\u00edcias","item":"https:\/\/www.suno.com.br\/noticias\/"},{"@type":"ListItem","position":2,"name":"Pol\u00edtica","item":"https:\/\/www.suno.com.br\/noticias\/politica\/"},{"@type":"ListItem","position":3,"name":"Marco legal do saneamento b\u00e1sico \u00e9 sancionado com vetos por Bolsonaro"}]},{"@type":"WebSite","@id":"https:\/\/www.suno.com.br\/noticias\/#website","url":"https:\/\/www.suno.com.br\/noticias\/","name":"Suno Not\u00edcias","description":"Seu portal de informa\u00e7\u00e3o sobre o mundo dos investimentos","publisher":{"@id":"https:\/\/www.suno.com.br\/noticias\/#organization"},"potentialAction":[{"@type":"SearchAction","target":{"@type":"EntryPoint","urlTemplate":"https:\/\/www.suno.com.br\/noticias\/?s={search_term_string}"},"query-input":{"@type":"PropertyValueSpecification","valueRequired":true,"valueName":"search_term_string"}}],"inLanguage":"pt-BR"},{"@type":"Organization","@id":"https:\/\/www.suno.com.br\/noticias\/#organization","name":"Suno Not\u00edcias","url":"https:\/\/www.suno.com.br\/noticias\/","logo":{"@type":"ImageObject","inLanguage":"pt-BR","@id":"https:\/\/www.suno.com.br\/noticias\/#\/schema\/logo\/image\/","url":"https:\/\/files.sunoresearch.com.br\/n\/uploads\/2021\/09\/suno-logo.png","contentUrl":"https:\/\/files.sunoresearch.com.br\/n\/uploads\/2021\/09\/suno-logo.png","width":180,"height":180,"caption":"Suno Not\u00edcias"},"image":{"@id":"https:\/\/www.suno.com.br\/noticias\/#\/schema\/logo\/image\/"},"sameAs":["https:\/\/facebook.com\/sunoresearch","https:\/\/x.com\/sunoresearch","https:\/\/www.instagram.com\/suno","https:\/\/www.linkedin.com\/company\/suno-research\/","https:\/\/www.youtube.com\/c\/sunoresearch"]},{"@type":"Person","@id":"https:\/\/www.suno.com.br\/noticias\/#\/schema\/person\/e6e0f723cc177805027f4566c1d5e0c8","name":"Carlo Cauti","image":{"@type":"ImageObject","inLanguage":"pt-BR","@id":"https:\/\/www.suno.com.br\/noticias\/#\/schema\/person\/image\/","url":"https:\/\/secure.gravatar.com\/avatar\/3ada9e0bd164c23abd4792a9606d583c?s=96&r=g","contentUrl":"https:\/\/secure.gravatar.com\/avatar\/3ada9e0bd164c23abd4792a9606d583c?s=96&r=g","caption":"Carlo Cauti"},"description":"Editor multim\u00eddia do SUNO Not\u00edcias. Italiano, formado em Ci\u00eancias Pol\u00edticas pela universidade LUISS G. Carli de Roma e mestre cum laude em Rela\u00e7\u00f5es Internacionais, Jornalismo Internacional e de Guerra e em Economia Internacional. Concluiu tamb\u00e9m um MBA em Finan\u00e7as na B3. No Brasil, teve passagem por ve\u00edculos como Estad\u00e3o, Globo, Veja e EXAME. e nas ag\u00eancias de not\u00edcias italianas ANSA e NOVA.","url":"https:\/\/www.suno.com.br\/noticias\/author\/carlo-cauti\/"}]}},"default_loop_html":"<div class=\"cardsPage__listCard__boxs\"><div class=\"cardsPage__listCard__boxs__img\"><a href=\"https:\/\/www.suno.com.br\/noticias\/marco-legal-saneamento-basico-bolsonaro\/\"><img class=\"mask\" src=\"https:\/\/www.suno.com.br\/noticias\/wp-content\/themes\/suno\/resources\/images\/spotlight\/spotlight1img\/bg-mask.png\" alt=\"Image Mask\"\/><img src=\"https:\/\/files.sunoresearch.com.br\/n\/uploads\/2020\/07\/d646799d-bolsonaro-2-400x200.webp\" alt=\"Marco legal do saneamento b\u00e1sico \u00e9 sancionado com vetos por Bolsonaro\"\/><\/a><span class=\"spotlightCategory\"><a href=\"https:\/\/www.suno.com.br\/noticias\/politica\/\">Pol\u00edtica<\/a><\/span><\/div><div class=\"cardsPage__listCard__boxs__content\"><a href=\"https:\/\/www.suno.com.br\/noticias\/marco-legal-saneamento-basico-bolsonaro\/\"><h2 class=\"content__title\">Marco legal do saneamento b\u00e1sico \u00e9 sancionado com vetos por Bolsonaro<\/h2><\/a><div class=\"newsContent__article__meta\"><div class=\"newsContent__article__meta__authorBox\"><a href=\"https:\/\/www.suno.com.br\/noticias\/author\/carlo-cauti\/\" class=\"authorBox__avatar noMobi\"><img src=\"https:\/\/files.sunoresearch.com.br\/n\/uploads\/2020\/08\/e3745f9a-perfil-carlo-cauti-150x150.webp\" alt=\"Carlo Cauti\"><\/a><div class=\"authorBox__name\"><span>por\n\t\t\t<a href=\"https:\/\/www.suno.com.br\/noticias\/author\/carlo-cauti\/\"><span itemprop=\"author\">Carlo Cauti<\/span><\/a><\/span><time datetime=\"2020-07-15T14:21:35-03:00\" itemprop=\"datePublished\">15\/07\/2020 14:21<\/time><\/div><\/div><\/div><\/div><\/div>","single_layout":"posts","amp_enabled":true,"_links":{"self":[{"href":"https:\/\/www.suno.com.br\/noticias\/wp-json\/wp\/v2\/posts\/73268"}],"collection":[{"href":"https:\/\/www.suno.com.br\/noticias\/wp-json\/wp\/v2\/posts"}],"about":[{"href":"https:\/\/www.suno.com.br\/noticias\/wp-json\/wp\/v2\/types\/post"}],"author":[{"embeddable":true,"href":"https:\/\/www.suno.com.br\/noticias\/wp-json\/wp\/v2\/users\/9"}],"replies":[{"embeddable":true,"href":"https:\/\/www.suno.com.br\/noticias\/wp-json\/wp\/v2\/comments?post=73268"}],"version-history":[{"count":0,"href":"https:\/\/www.suno.com.br\/noticias\/wp-json\/wp\/v2\/posts\/73268\/revisions"}],"wp:featuredmedia":[{"embeddable":true,"href":"https:\/\/www.suno.com.br\/noticias\/wp-json\/wp\/v2\/media\/72017"}],"wp:attachment":[{"href":"https:\/\/www.suno.com.br\/noticias\/wp-json\/wp\/v2\/media?parent=73268"}],"wp:term":[{"taxonomy":"category","embeddable":true,"href":"https:\/\/www.suno.com.br\/noticias\/wp-json\/wp\/v2\/categories?post=73268"},{"taxonomy":"post_tag","embeddable":true,"href":"https:\/\/www.suno.com.br\/noticias\/wp-json\/wp\/v2\/tags?post=73268"},{"taxonomy":"suno_strategy","embeddable":true,"href":"https:\/\/www.suno.com.br\/noticias\/wp-json\/wp\/v2\/suno_strategy?post=73268"}],"curies":[{"name":"wp","href":"https:\/\/api.w.org\/{rel}","templated":true}]}}