{"id":73230,"date":"2020-07-15T11:27:49","date_gmt":"2020-07-15T14:27:49","guid":{"rendered":"https:\/\/www.suno.com.br\/noticias\/?p=73230"},"modified":"2020-07-15T11:29:05","modified_gmt":"2020-07-15T14:29:05","slug":"marfrig-mrfg3-anuncia-emissao-debentures-r-250-mi","status":"publish","type":"post","link":"https:\/\/www.suno.com.br\/noticias\/marfrig-mrfg3-anuncia-emissao-debentures-r-250-mi\/","title":{"rendered":"Marfrig (MRFG3) anuncia emiss\u00e3o de deb\u00eantures no valor total de R$ 250 mi"},"content":{"rendered":"<p><span style=\"font-size: 19.4286px;\">A\u00a0<\/span><a style=\"font-size: 19.4286px;\" href=\"https:\/\/www.suno.com.br\/acoes\/mrfg3\/\"><span style=\"font-weight: 700 !important;\">Marfrig Global Foods<\/span>\u00a0(MRFG3)<\/a><span style=\"font-size: 19.4286px;\"> anunciou ao mercado em geral, nesta quarta-feira (15), a emiss\u00e3o de 250 mil<\/span><span style=\"font-size: 19.4286px;\"> deb\u00eantures n\u00e3o convers\u00edveis em a\u00e7\u00f5es, da esp\u00e9cie quirograf\u00e1ria, em s\u00e9rie \u00fanica de emiss\u00e3o da companhia, com valor nominal unit\u00e1rio de R$ 1 mil. Ou seja, o valor total da emiss\u00e3o \u00e9 de R$ 250 milh\u00f5es.<\/span><\/p>\t<div class=\"wrapper-featured-image\">\n\t\t<figure class=\"spotlightImg\">\n\n\t\t\t<picture>\n\t\t\t\t<source media=\"(max-width: 768px)\" srcset=\"https:\/\/files.sunoresearch.com.br\/n\/uploads\/2019\/11\/df7f8e88-marfrig-400x200.webp\">\n\t\t\t\t<img loading=\"lazy\" decoding=\"async\" class=\"newsContent__article__imgCapa lazyloadDisabled newsContent__article__imgCapa--noCaption\" src=\"https:\/\/files.sunoresearch.com.br\/n\/uploads\/2019\/11\/df7f8e88-marfrig-800x450.webp\" width=\"800\" height=\"450\" alt=\"Marfrig (MRFG3) anuncia emiss\u00e3o de deb\u00eantures no valor total de R$ 250 mi\" fetchpriority=high \/>\n\t\t\t<\/picture>\n\n\t\t\t<figcaption class=\"wp-caption-text wp-caption-text--hide\">A Marfrig (MRFG3) apresentou, na noite da \u00faltima quarta-feira (11), seu resultado do terceiro trimestre. <\/figcaption>\n\t\t<\/figure>\n\t<\/div>\n\n\n\n<p><span style=\"font-size: 19.4286px;\">A Marfrig informou que as deb\u00eantures emitidas ser\u00e3o para coloca\u00e7\u00e3o privada e ter\u00e3o vencimento final em julho de 2022. E<\/span><span style=\"font-size: 19.4286px;\">sta \u00e9 a s\u00e9tima emiss\u00e3o de <a href=\"https:\/\/www.suno.com.br\/artigos\/o-que-sao-debentures\/\">deb\u00eantures<\/a> da companhia.<\/span><\/p>\n<p>&#8220;As deb\u00eantures foram subscritas e integralizadas pela RB Capital Companhia de Securitiza\u00e7\u00e3o com os recursos provenientes de uma oferta p\u00fablica de<br \/>\ndistribui\u00e7\u00e3o de certificados de receb\u00edveis do agroneg\u00f3cio (\u201cCRA\u201d) da s\u00e9rie \u00fanica da 11\u00aa emiss\u00e3o cujo encerramento foi anunciado ontem. Os CRA s\u00e3o lastreados em direitos credit\u00f3rios do agroneg\u00f3cio representados pela emiss\u00e3o&#8221;, informou a Marfrig em seu fato relevante.<\/p>\n<p><a href=\"https:\/\/lp.suno.com.br\/suno-one\/\">Suno One: acesse gratuitamente eBooks, Minicursos, Artigos e Video Aulas sobre investimentos com um \u00fanico cadastro. Clique para saber mais!<\/a><\/p>\n<h2>Marfrig e aporte de R$ 50 mi para ajudar bares e restaurantes<\/h2>\n<p>H\u00e1 cerca de uma semana, a Marfrig informou que iria realizar um aporte de aproximadamente R$ 50 milh\u00f5es em um programa para auxiliar na recupera\u00e7\u00e3o de seus clientes de food service no Brasil. O setor, assim como a grande maioria dos outros segmentos da economia, foi afetado por conta das medidas de preven\u00e7\u00e3o contra o coronav\u00edrus, que inclu\u00edam o isolamento social e o fechamento de estabelecimentos.<\/p>\n<p>O programa \u00e9 denominado &#8220;#TMJMarfrig&#8221;, e deve apoiar mais de 5 mil\u00a0 bares, restaurantes, lanchonetes, padarias e churrascarias no Pa\u00eds. A iniciativa ampliar\u00e1 o prazo de vencimento das faturas e alongar\u00e1 o limite de cr\u00e9dito para compras de clientes parceiros em at\u00e9 tr\u00eas vezes, segundo informa\u00e7\u00f5es da ag\u00eancia.<\/p>\n<p>&#8220;Entendemos que a retomada do food service (no Brasil) ser\u00e1 similar ao que est\u00e1 acontecendo ao redor do mundo&#8230; sem d\u00favida \u00e9 uma retomada lenta e gradual&#8221;, afirmou, em entrevista \u00e0 ag\u00eancia &#8220;Reuters&#8221;, o diretor da \u00e1rea de food service na <strong>Marfrig<\/strong>, Marcelo Proen\u00e7a.<\/p>\n\n","protected":false},"excerpt":{"rendered":"<p>A\u00a0Marfrig Global Foods\u00a0(MRFG3) anunciou ao mercado em geral, nesta quarta-feira (15), a emiss\u00e3o de 250 mil deb\u00eantures n\u00e3o convers\u00edveis em a\u00e7\u00f5es, da esp\u00e9cie quirograf\u00e1ria, em s\u00e9rie \u00fanica de emiss\u00e3o da companhia, com valor nominal unit\u00e1rio de R$ 1 mil. Ou seja, o valor total da emiss\u00e3o \u00e9 de R$ 250 milh\u00f5es. A Marfrig (MRFG3) apresentou, [&hellip;]<\/p>\n","protected":false},"author":19,"featured_media":44946,"comment_status":"closed","ping_status":"closed","sticky":false,"template":"","format":"standard","meta":[],"categories":[64],"tags":[552],"suno_strategy":[],"class_list":["post-73230","post","type-post","status-publish","format-standard","has-post-thumbnail","hentry","category-negocios","tag-marfrig-mrfg3"],"yoast_head":"<!-- This site is optimized with the Yoast SEO plugin v24.4 - https:\/\/yoast.com\/wordpress\/plugins\/seo\/ -->\n<title>Marfrig (MRFG3) anuncia emiss\u00e3o de deb\u00eantures no valor de R$ 250 mi<\/title>\n<meta name=\"description\" content=\"A\u00a0Marfrig (MRFG3) anunciou a emiss\u00e3o de 250 mil deb\u00eantures n\u00e3o convers\u00edveis em a\u00e7\u00f5es com valor nominal unit\u00e1rio de R$ 1 mil. Saiba mais.\" \/>\n<meta name=\"robots\" content=\"index, follow, max-snippet:-1, max-image-preview:large, max-video-preview:-1\" \/>\n<link rel=\"canonical\" href=\"https:\/\/www.suno.com.br\/noticias\/marfrig-mrfg3-anuncia-emissao-debentures-r-250-mi\/\" \/>\n<meta property=\"og:locale\" content=\"pt_BR\" \/>\n<meta property=\"og:type\" content=\"article\" \/>\n<meta property=\"og:title\" content=\"Marfrig (MRFG3) anuncia emiss\u00e3o de deb\u00eantures no valor de R$ 250 mi\" \/>\n<meta property=\"og:description\" content=\"A\u00a0Marfrig (MRFG3) anunciou a emiss\u00e3o de 250 mil deb\u00eantures n\u00e3o convers\u00edveis em a\u00e7\u00f5es com valor nominal unit\u00e1rio de R$ 1 mil. Saiba mais.\" \/>\n<meta property=\"og:url\" content=\"https:\/\/www.suno.com.br\/noticias\/marfrig-mrfg3-anuncia-emissao-debentures-r-250-mi\/\" \/>\n<meta property=\"og:site_name\" content=\"Suno Not\u00edcias\" \/>\n<meta property=\"article:publisher\" content=\"https:\/\/facebook.com\/sunoresearch\" \/>\n<meta property=\"og:image\" content=\"https:\/\/files.sunoresearch.com.br\/n\/uploads\/2019\/11\/df7f8e88-marfrig.jpg\" \/>\n\t<meta property=\"og:image:width\" content=\"1156\" \/>\n\t<meta property=\"og:image:height\" content=\"773\" \/>\n\t<meta property=\"og:image:type\" content=\"image\/jpeg\" \/>\n<meta name=\"author\" content=\"Juliano Passaro\" \/>\n<meta name=\"twitter:card\" content=\"summary_large_image\" \/>\n<meta name=\"twitter:creator\" content=\"@sunoresearch\" \/>\n<meta name=\"twitter:site\" content=\"@sunoresearch\" \/>\n<meta name=\"twitter:label1\" content=\"Escrito por\" \/>\n\t<meta name=\"twitter:data1\" content=\"Juliano Passaro\" \/>\n\t<meta name=\"twitter:label2\" content=\"Est. tempo de leitura\" \/>\n\t<meta name=\"twitter:data2\" content=\"2 minutos\" \/>\n<script type=\"application\/ld+json\" class=\"yoast-schema-graph\">{\"@context\":\"https:\/\/schema.org\",\"@graph\":[{\"@type\":\"NewsArticle\",\"@id\":\"https:\/\/www.suno.com.br\/noticias\/marfrig-mrfg3-anuncia-emissao-debentures-r-250-mi\/#article\",\"isPartOf\":{\"@id\":\"https:\/\/www.suno.com.br\/noticias\/marfrig-mrfg3-anuncia-emissao-debentures-r-250-mi\/\"},\"author\":{\"name\":\"Juliano Passaro\",\"@id\":\"https:\/\/www.suno.com.br\/noticias\/#\/schema\/person\/1db762f78ffd8919a648a63e425953e3\"},\"headline\":\"Marfrig (MRFG3) anuncia emiss\u00e3o de deb\u00eantures no valor total de R$ 250 mi\",\"datePublished\":\"2020-07-15T14:27:49+00:00\",\"dateModified\":\"2020-07-15T14:29:05+00:00\",\"mainEntityOfPage\":{\"@id\":\"https:\/\/www.suno.com.br\/noticias\/marfrig-mrfg3-anuncia-emissao-debentures-r-250-mi\/\"},\"wordCount\":383,\"publisher\":{\"@id\":\"https:\/\/www.suno.com.br\/noticias\/#organization\"},\"image\":{\"@id\":\"https:\/\/www.suno.com.br\/noticias\/marfrig-mrfg3-anuncia-emissao-debentures-r-250-mi\/#primaryimage\"},\"thumbnailUrl\":\"https:\/\/files.sunoresearch.com.br\/n\/uploads\/2019\/11\/df7f8e88-marfrig-jpg.webp\",\"keywords\":[\"Marfrig (MRFG3)\"],\"articleSection\":[\"Neg\u00f3cios\"],\"inLanguage\":\"pt-BR\"},{\"@type\":\"WebPage\",\"@id\":\"https:\/\/www.suno.com.br\/noticias\/marfrig-mrfg3-anuncia-emissao-debentures-r-250-mi\/\",\"url\":\"https:\/\/www.suno.com.br\/noticias\/marfrig-mrfg3-anuncia-emissao-debentures-r-250-mi\/\",\"name\":\"Marfrig (MRFG3) anuncia emiss\u00e3o de deb\u00eantures no valor de R$ 250 mi\",\"isPartOf\":{\"@id\":\"https:\/\/www.suno.com.br\/noticias\/#website\"},\"primaryImageOfPage\":{\"@id\":\"https:\/\/www.suno.com.br\/noticias\/marfrig-mrfg3-anuncia-emissao-debentures-r-250-mi\/#primaryimage\"},\"image\":{\"@id\":\"https:\/\/www.suno.com.br\/noticias\/marfrig-mrfg3-anuncia-emissao-debentures-r-250-mi\/#primaryimage\"},\"thumbnailUrl\":\"https:\/\/files.sunoresearch.com.br\/n\/uploads\/2019\/11\/df7f8e88-marfrig-jpg.webp\",\"datePublished\":\"2020-07-15T14:27:49+00:00\",\"dateModified\":\"2020-07-15T14:29:05+00:00\",\"description\":\"A\u00a0Marfrig (MRFG3) anunciou a emiss\u00e3o de 250 mil deb\u00eantures n\u00e3o convers\u00edveis em a\u00e7\u00f5es com valor nominal unit\u00e1rio de R$ 1 mil. Saiba mais.\",\"breadcrumb\":{\"@id\":\"https:\/\/www.suno.com.br\/noticias\/marfrig-mrfg3-anuncia-emissao-debentures-r-250-mi\/#breadcrumb\"},\"inLanguage\":\"pt-BR\",\"potentialAction\":[{\"@type\":\"ReadAction\",\"target\":[\"https:\/\/www.suno.com.br\/noticias\/marfrig-mrfg3-anuncia-emissao-debentures-r-250-mi\/\"]}]},{\"@type\":\"ImageObject\",\"inLanguage\":\"pt-BR\",\"@id\":\"https:\/\/www.suno.com.br\/noticias\/marfrig-mrfg3-anuncia-emissao-debentures-r-250-mi\/#primaryimage\",\"url\":\"https:\/\/files.sunoresearch.com.br\/n\/uploads\/2019\/11\/df7f8e88-marfrig-jpg.webp\",\"contentUrl\":\"https:\/\/files.sunoresearch.com.br\/n\/uploads\/2019\/11\/df7f8e88-marfrig-jpg.webp\",\"width\":1156,\"height\":773,\"caption\":\"A Marfrig (MRFG3) apresentou, na noite da \u00faltima quarta-feira (11), seu resultado do terceiro trimestre.\"},{\"@type\":\"BreadcrumbList\",\"@id\":\"https:\/\/www.suno.com.br\/noticias\/marfrig-mrfg3-anuncia-emissao-debentures-r-250-mi\/#breadcrumb\",\"itemListElement\":[{\"@type\":\"ListItem\",\"position\":1,\"name\":\"Not\u00edcias\",\"item\":\"https:\/\/www.suno.com.br\/noticias\/\"},{\"@type\":\"ListItem\",\"position\":2,\"name\":\"Neg\u00f3cios\",\"item\":\"https:\/\/www.suno.com.br\/noticias\/negocios\/\"},{\"@type\":\"ListItem\",\"position\":3,\"name\":\"Marfrig (MRFG3) anuncia emiss\u00e3o de deb\u00eantures no valor total de R$ 250 mi\"}]},{\"@type\":\"WebSite\",\"@id\":\"https:\/\/www.suno.com.br\/noticias\/#website\",\"url\":\"https:\/\/www.suno.com.br\/noticias\/\",\"name\":\"Suno Not\u00edcias\",\"description\":\"Seu portal de informa\u00e7\u00e3o sobre o mundo dos investimentos\",\"publisher\":{\"@id\":\"https:\/\/www.suno.com.br\/noticias\/#organization\"},\"potentialAction\":[{\"@type\":\"SearchAction\",\"target\":{\"@type\":\"EntryPoint\",\"urlTemplate\":\"https:\/\/www.suno.com.br\/noticias\/?s={search_term_string}\"},\"query-input\":{\"@type\":\"PropertyValueSpecification\",\"valueRequired\":true,\"valueName\":\"search_term_string\"}}],\"inLanguage\":\"pt-BR\"},{\"@type\":\"Organization\",\"@id\":\"https:\/\/www.suno.com.br\/noticias\/#organization\",\"name\":\"Suno Not\u00edcias\",\"url\":\"https:\/\/www.suno.com.br\/noticias\/\",\"logo\":{\"@type\":\"ImageObject\",\"inLanguage\":\"pt-BR\",\"@id\":\"https:\/\/www.suno.com.br\/noticias\/#\/schema\/logo\/image\/\",\"url\":\"https:\/\/files.sunoresearch.com.br\/n\/uploads\/2021\/09\/suno-logo.png\",\"contentUrl\":\"https:\/\/files.sunoresearch.com.br\/n\/uploads\/2021\/09\/suno-logo.png\",\"width\":180,\"height\":180,\"caption\":\"Suno Not\u00edcias\"},\"image\":{\"@id\":\"https:\/\/www.suno.com.br\/noticias\/#\/schema\/logo\/image\/\"},\"sameAs\":[\"https:\/\/facebook.com\/sunoresearch\",\"https:\/\/x.com\/sunoresearch\",\"https:\/\/www.instagram.com\/suno\",\"https:\/\/www.linkedin.com\/company\/suno-research\/\",\"https:\/\/www.youtube.com\/c\/sunoresearch\"]},{\"@type\":\"Person\",\"@id\":\"https:\/\/www.suno.com.br\/noticias\/#\/schema\/person\/1db762f78ffd8919a648a63e425953e3\",\"name\":\"Juliano Passaro\",\"image\":{\"@type\":\"ImageObject\",\"inLanguage\":\"pt-BR\",\"@id\":\"https:\/\/www.suno.com.br\/noticias\/#\/schema\/person\/image\/\",\"url\":\"https:\/\/secure.gravatar.com\/avatar\/743d4df28eebf6dcc46b4ad03c319e92?s=96&r=g\",\"contentUrl\":\"https:\/\/secure.gravatar.com\/avatar\/743d4df28eebf6dcc46b4ad03c319e92?s=96&r=g\",\"caption\":\"Juliano Passaro\"},\"description\":\"Juliano Passaro escreve sobre pol\u00edtica, economia e neg\u00f3cios para o portal da Suno Research. Antes da Suno, trabalhou no Portal da Band. \u00c9 formado em jornalismo pela Universidade Presbiteriana Mackenzie.\",\"url\":\"https:\/\/www.suno.com.br\/noticias\/author\/juliano\/\"}]}<\/script>\n<!-- \/ Yoast SEO plugin. -->","yoast_head_json":{"title":"Marfrig (MRFG3) anuncia emiss\u00e3o de deb\u00eantures no valor de R$ 250 mi","description":"A\u00a0Marfrig (MRFG3) anunciou a emiss\u00e3o de 250 mil deb\u00eantures n\u00e3o convers\u00edveis em a\u00e7\u00f5es com valor nominal unit\u00e1rio de R$ 1 mil. Saiba mais.","robots":{"index":"index","follow":"follow","max-snippet":"max-snippet:-1","max-image-preview":"max-image-preview:large","max-video-preview":"max-video-preview:-1"},"canonical":"https:\/\/www.suno.com.br\/noticias\/marfrig-mrfg3-anuncia-emissao-debentures-r-250-mi\/","og_locale":"pt_BR","og_type":"article","og_title":"Marfrig (MRFG3) anuncia emiss\u00e3o de deb\u00eantures no valor de R$ 250 mi","og_description":"A\u00a0Marfrig (MRFG3) anunciou a emiss\u00e3o de 250 mil deb\u00eantures n\u00e3o convers\u00edveis em a\u00e7\u00f5es com valor nominal unit\u00e1rio de R$ 1 mil. Saiba mais.","og_url":"https:\/\/www.suno.com.br\/noticias\/marfrig-mrfg3-anuncia-emissao-debentures-r-250-mi\/","og_site_name":"Suno Not\u00edcias","article_publisher":"https:\/\/facebook.com\/sunoresearch","og_image":[{"width":1156,"height":773,"url":"https:\/\/files.sunoresearch.com.br\/n\/uploads\/2019\/11\/df7f8e88-marfrig.jpg","type":"image\/jpeg"}],"author":"Juliano Passaro","twitter_card":"summary_large_image","twitter_creator":"@sunoresearch","twitter_site":"@sunoresearch","twitter_misc":{"Escrito por":"Juliano Passaro","Est. tempo de leitura":"2 minutos"},"schema":{"@context":"https:\/\/schema.org","@graph":[{"@type":"NewsArticle","@id":"https:\/\/www.suno.com.br\/noticias\/marfrig-mrfg3-anuncia-emissao-debentures-r-250-mi\/#article","isPartOf":{"@id":"https:\/\/www.suno.com.br\/noticias\/marfrig-mrfg3-anuncia-emissao-debentures-r-250-mi\/"},"author":{"name":"Juliano Passaro","@id":"https:\/\/www.suno.com.br\/noticias\/#\/schema\/person\/1db762f78ffd8919a648a63e425953e3"},"headline":"Marfrig (MRFG3) anuncia emiss\u00e3o de deb\u00eantures no valor total de R$ 250 mi","datePublished":"2020-07-15T14:27:49+00:00","dateModified":"2020-07-15T14:29:05+00:00","mainEntityOfPage":{"@id":"https:\/\/www.suno.com.br\/noticias\/marfrig-mrfg3-anuncia-emissao-debentures-r-250-mi\/"},"wordCount":383,"publisher":{"@id":"https:\/\/www.suno.com.br\/noticias\/#organization"},"image":{"@id":"https:\/\/www.suno.com.br\/noticias\/marfrig-mrfg3-anuncia-emissao-debentures-r-250-mi\/#primaryimage"},"thumbnailUrl":"https:\/\/files.sunoresearch.com.br\/n\/uploads\/2019\/11\/df7f8e88-marfrig-jpg.webp","keywords":["Marfrig (MRFG3)"],"articleSection":["Neg\u00f3cios"],"inLanguage":"pt-BR"},{"@type":"WebPage","@id":"https:\/\/www.suno.com.br\/noticias\/marfrig-mrfg3-anuncia-emissao-debentures-r-250-mi\/","url":"https:\/\/www.suno.com.br\/noticias\/marfrig-mrfg3-anuncia-emissao-debentures-r-250-mi\/","name":"Marfrig (MRFG3) anuncia emiss\u00e3o de deb\u00eantures no valor de R$ 250 mi","isPartOf":{"@id":"https:\/\/www.suno.com.br\/noticias\/#website"},"primaryImageOfPage":{"@id":"https:\/\/www.suno.com.br\/noticias\/marfrig-mrfg3-anuncia-emissao-debentures-r-250-mi\/#primaryimage"},"image":{"@id":"https:\/\/www.suno.com.br\/noticias\/marfrig-mrfg3-anuncia-emissao-debentures-r-250-mi\/#primaryimage"},"thumbnailUrl":"https:\/\/files.sunoresearch.com.br\/n\/uploads\/2019\/11\/df7f8e88-marfrig-jpg.webp","datePublished":"2020-07-15T14:27:49+00:00","dateModified":"2020-07-15T14:29:05+00:00","description":"A\u00a0Marfrig (MRFG3) anunciou a emiss\u00e3o de 250 mil deb\u00eantures n\u00e3o convers\u00edveis em a\u00e7\u00f5es com valor nominal unit\u00e1rio de R$ 1 mil. Saiba mais.","breadcrumb":{"@id":"https:\/\/www.suno.com.br\/noticias\/marfrig-mrfg3-anuncia-emissao-debentures-r-250-mi\/#breadcrumb"},"inLanguage":"pt-BR","potentialAction":[{"@type":"ReadAction","target":["https:\/\/www.suno.com.br\/noticias\/marfrig-mrfg3-anuncia-emissao-debentures-r-250-mi\/"]}]},{"@type":"ImageObject","inLanguage":"pt-BR","@id":"https:\/\/www.suno.com.br\/noticias\/marfrig-mrfg3-anuncia-emissao-debentures-r-250-mi\/#primaryimage","url":"https:\/\/files.sunoresearch.com.br\/n\/uploads\/2019\/11\/df7f8e88-marfrig-jpg.webp","contentUrl":"https:\/\/files.sunoresearch.com.br\/n\/uploads\/2019\/11\/df7f8e88-marfrig-jpg.webp","width":1156,"height":773,"caption":"A Marfrig (MRFG3) apresentou, na noite da \u00faltima quarta-feira (11), seu resultado do terceiro trimestre."},{"@type":"BreadcrumbList","@id":"https:\/\/www.suno.com.br\/noticias\/marfrig-mrfg3-anuncia-emissao-debentures-r-250-mi\/#breadcrumb","itemListElement":[{"@type":"ListItem","position":1,"name":"Not\u00edcias","item":"https:\/\/www.suno.com.br\/noticias\/"},{"@type":"ListItem","position":2,"name":"Neg\u00f3cios","item":"https:\/\/www.suno.com.br\/noticias\/negocios\/"},{"@type":"ListItem","position":3,"name":"Marfrig (MRFG3) anuncia emiss\u00e3o de deb\u00eantures no valor total de R$ 250 mi"}]},{"@type":"WebSite","@id":"https:\/\/www.suno.com.br\/noticias\/#website","url":"https:\/\/www.suno.com.br\/noticias\/","name":"Suno Not\u00edcias","description":"Seu portal de informa\u00e7\u00e3o sobre o mundo dos investimentos","publisher":{"@id":"https:\/\/www.suno.com.br\/noticias\/#organization"},"potentialAction":[{"@type":"SearchAction","target":{"@type":"EntryPoint","urlTemplate":"https:\/\/www.suno.com.br\/noticias\/?s={search_term_string}"},"query-input":{"@type":"PropertyValueSpecification","valueRequired":true,"valueName":"search_term_string"}}],"inLanguage":"pt-BR"},{"@type":"Organization","@id":"https:\/\/www.suno.com.br\/noticias\/#organization","name":"Suno Not\u00edcias","url":"https:\/\/www.suno.com.br\/noticias\/","logo":{"@type":"ImageObject","inLanguage":"pt-BR","@id":"https:\/\/www.suno.com.br\/noticias\/#\/schema\/logo\/image\/","url":"https:\/\/files.sunoresearch.com.br\/n\/uploads\/2021\/09\/suno-logo.png","contentUrl":"https:\/\/files.sunoresearch.com.br\/n\/uploads\/2021\/09\/suno-logo.png","width":180,"height":180,"caption":"Suno Not\u00edcias"},"image":{"@id":"https:\/\/www.suno.com.br\/noticias\/#\/schema\/logo\/image\/"},"sameAs":["https:\/\/facebook.com\/sunoresearch","https:\/\/x.com\/sunoresearch","https:\/\/www.instagram.com\/suno","https:\/\/www.linkedin.com\/company\/suno-research\/","https:\/\/www.youtube.com\/c\/sunoresearch"]},{"@type":"Person","@id":"https:\/\/www.suno.com.br\/noticias\/#\/schema\/person\/1db762f78ffd8919a648a63e425953e3","name":"Juliano Passaro","image":{"@type":"ImageObject","inLanguage":"pt-BR","@id":"https:\/\/www.suno.com.br\/noticias\/#\/schema\/person\/image\/","url":"https:\/\/secure.gravatar.com\/avatar\/743d4df28eebf6dcc46b4ad03c319e92?s=96&r=g","contentUrl":"https:\/\/secure.gravatar.com\/avatar\/743d4df28eebf6dcc46b4ad03c319e92?s=96&r=g","caption":"Juliano Passaro"},"description":"Juliano Passaro escreve sobre pol\u00edtica, economia e neg\u00f3cios para o portal da Suno Research. Antes da Suno, trabalhou no Portal da Band. \u00c9 formado em jornalismo pela Universidade Presbiteriana Mackenzie.","url":"https:\/\/www.suno.com.br\/noticias\/author\/juliano\/"}]}},"default_loop_html":"<div class=\"cardsPage__listCard__boxs\"><div class=\"cardsPage__listCard__boxs__img\"><a href=\"https:\/\/www.suno.com.br\/noticias\/marfrig-mrfg3-anuncia-emissao-debentures-r-250-mi\/\"><img class=\"mask\" src=\"https:\/\/www.suno.com.br\/noticias\/wp-content\/themes\/suno\/resources\/images\/spotlight\/spotlight1img\/bg-mask.png\" alt=\"Image Mask\"\/><img src=\"https:\/\/files.sunoresearch.com.br\/n\/uploads\/2019\/11\/df7f8e88-marfrig-400x200.webp\" alt=\"Marfrig (MRFG3) anuncia emiss\u00e3o de deb\u00eantures no valor total de R$ 250 mi\"\/><\/a><span class=\"spotlightCategory\"><a href=\"https:\/\/www.suno.com.br\/noticias\/negocios\/\">Neg\u00f3cios<\/a><\/span><\/div><div class=\"cardsPage__listCard__boxs__content\"><a href=\"https:\/\/www.suno.com.br\/noticias\/marfrig-mrfg3-anuncia-emissao-debentures-r-250-mi\/\"><h2 class=\"content__title\">Marfrig (MRFG3) anuncia emiss\u00e3o de deb\u00eantures no valor total de R$ 250 mi<\/h2><\/a><div class=\"newsContent__article__meta\"><div class=\"newsContent__article__meta__authorBox\"><a href=\"https:\/\/www.suno.com.br\/noticias\/author\/juliano\/\" class=\"authorBox__avatar noMobi\"><img src=\"https:\/\/files.sunoresearch.com.br\/n\/uploads\/2019\/06\/7cc3efea-whatsapp-image-2019-07-18-at-21.59.33-e1563499821209-150x150.webp\" alt=\"Juliano Passaro\"><\/a><div class=\"authorBox__name\"><span>por\n\t\t\t<a href=\"https:\/\/www.suno.com.br\/noticias\/author\/juliano\/\"><span itemprop=\"author\">Juliano Passaro<\/span><\/a><\/span><time datetime=\"2020-07-15T11:27:49-03:00\" itemprop=\"datePublished\">15\/07\/2020 11:27<\/time><\/div><\/div><\/div><\/div><\/div>","single_layout":"posts","amp_enabled":true,"_links":{"self":[{"href":"https:\/\/www.suno.com.br\/noticias\/wp-json\/wp\/v2\/posts\/73230"}],"collection":[{"href":"https:\/\/www.suno.com.br\/noticias\/wp-json\/wp\/v2\/posts"}],"about":[{"href":"https:\/\/www.suno.com.br\/noticias\/wp-json\/wp\/v2\/types\/post"}],"author":[{"embeddable":true,"href":"https:\/\/www.suno.com.br\/noticias\/wp-json\/wp\/v2\/users\/19"}],"replies":[{"embeddable":true,"href":"https:\/\/www.suno.com.br\/noticias\/wp-json\/wp\/v2\/comments?post=73230"}],"version-history":[{"count":0,"href":"https:\/\/www.suno.com.br\/noticias\/wp-json\/wp\/v2\/posts\/73230\/revisions"}],"wp:featuredmedia":[{"embeddable":true,"href":"https:\/\/www.suno.com.br\/noticias\/wp-json\/wp\/v2\/media\/44946"}],"wp:attachment":[{"href":"https:\/\/www.suno.com.br\/noticias\/wp-json\/wp\/v2\/media?parent=73230"}],"wp:term":[{"taxonomy":"category","embeddable":true,"href":"https:\/\/www.suno.com.br\/noticias\/wp-json\/wp\/v2\/categories?post=73230"},{"taxonomy":"post_tag","embeddable":true,"href":"https:\/\/www.suno.com.br\/noticias\/wp-json\/wp\/v2\/tags?post=73230"},{"taxonomy":"suno_strategy","embeddable":true,"href":"https:\/\/www.suno.com.br\/noticias\/wp-json\/wp\/v2\/suno_strategy?post=73230"}],"curies":[{"name":"wp","href":"https:\/\/api.w.org\/{rel}","templated":true}]}}