{"id":73171,"date":"2020-07-15T07:43:19","date_gmt":"2020-07-15T10:43:19","guid":{"rendered":"https:\/\/www.suno.com.br\/noticias\/?p=73171"},"modified":"2020-07-15T07:43:19","modified_gmt":"2020-07-15T10:43:19","slug":"apple-vence-disputa-tributaria-ue","status":"publish","type":"post","link":"https:\/\/www.suno.com.br\/noticias\/apple-vence-disputa-tributaria-ue\/","title":{"rendered":"Apple vence disputa tribut\u00e1ria de US$ 14,8 bilh\u00f5es contra UE"},"content":{"rendered":"<p>A <strong>Apple<\/strong> (<a href=\"https:\/\/www.suno.com.br\/artigos\/nasdaq\/\">NASDAQ<\/a>: AAPL) venceu, nesta quarta-feira (15), uma disputa tribut\u00e1ria contra a <a href=\"https:\/\/www.suno.com.br\/artigos\/uniao-europeia\/\">Uni\u00e3o Europeia (UE)<\/a>, eximindo-a de pagar cerca de 13 bilh\u00f5es de euros (cerca de US$ 14,8 bilh\u00f5es ou R$ 79,45 bilh\u00f5es) em impostos. A autoridade do bloco europeu alegava que a empresa deveria pagar tal quantia \u00e0 Irlanda.<\/p>\t<div class=\"wrapper-featured-image\">\n\t\t<figure class=\"spotlightImg\">\n\n\t\t\t<picture>\n\t\t\t\t<source media=\"(max-width: 768px)\" srcset=\"https:\/\/files.sunoresearch.com.br\/n\/uploads\/2019\/04\/323c3d19-apple-400x200.webp\">\n\t\t\t\t<img loading=\"lazy\" decoding=\"async\" class=\"newsContent__article__imgCapa lazyloadDisabled newsContent__article__imgCapa--noCaption\" src=\"https:\/\/files.sunoresearch.com.br\/n\/uploads\/2019\/04\/323c3d19-apple-800x450.webp\" width=\"800\" height=\"450\" alt=\"Apple vence disputa tribut\u00e1ria de US$ 14,8 bilh\u00f5es contra UE\" fetchpriority=high \/>\n\t\t\t<\/picture>\n\n\t\t\t<figcaption class=\"wp-caption-text wp-caption-text--hide\">Apple vence disputa tribut\u00e1ria de US$ 14,8 bilh\u00f5es contra UE<\/figcaption>\n\t\t<\/figure>\n\t<\/div>\n\n\n\n<p>O caso ocorre desde 2016, quando a Comiss\u00e3o Europeia determinou que a <strong>Irlanda<\/strong> teria o direito de recuperar o montante referente a incentivos fiscais entre 2003 e 2014. A Apple teria sido beneficiada por um subs\u00eddio ilegal em rela\u00e7\u00e3o \u00e0s normas da UE.<\/p>\n<p>No entanto, o <strong>Tribunal Geral<\/strong> da UE disse que a gigante da tecnologia norte-americana n\u00e3o deveria arcar com tais custos pois a Comiss\u00e3o Europeia n\u00e3o cumpriu os padr\u00f5es legais em rela\u00e7\u00e3o \u00e0 comprova\u00e7\u00e3o do recebimento desse subs\u00eddio ilegal.<\/p>\n<p><a href=\"https:\/\/lp.suno.com.br\/suno-one\/\">Suno One: acesse gratuitamente eBooks, Minicursos, Artigos e Video Aulas sobre investimentos com um \u00fanico cadastro. Clique para saber mais!<\/a><\/p>\n<p>Em setembro de 2019, em uma audi\u00eancia sobre o processo, os advogados da Apple disseram que o \u00f3rg\u00e3o antitruste europeu &#8220;desafiava a realidade e o bom senso&#8221;. O CEO da companhia, <a href=\"https:\/\/www.suno.com.br\/tudo-sobre\/tim-cook\/\">Tim Cook<\/a>, chegou a afirmar que o caso se tratava apenas de &#8220;pol\u00edtica&#8221;.<\/p>\n<p>Embora a companhia tenha separado em caixa o valor contestado, caso fosse determinado o pagamento dos impostos, por ora n\u00e3o ser\u00e1 necess\u00e1rio. A Comiss\u00e3o Europeia ainda poder\u00e1 contestar a decis\u00e3o em inst\u00e2ncias superiores.<\/p>\n<p>O caso rendeu \u00e0 comiss\u00e1ria <strong>Margrethe Vestager<\/strong>, respons\u00e1vel pela instaura\u00e7\u00e3o do processo, o apelido de &#8220;dama do imposto&#8221;, dito pelo presidente <a href=\"https:\/\/www.suno.com.br\/tudo-sobre\/donald-trump\/\">Donald Trump<\/a>. A comiss\u00e1ria tamb\u00e9m \u00e9 respons\u00e1vel pela lei de concorr\u00eancia do bloco europeu, pela regulamenta\u00e7\u00e3o tecnol\u00f3gica da regi\u00e3o e est\u00e1 considerando impor novos tributos sobre os gigantes da tecnologia, como <a href=\"https:\/\/www.suno.com.br\/artigos\/quer-ser-socio-do-google\/\"><strong>Google<\/strong><\/a>, <strong>Facebook<\/strong> e <strong>Amazon<\/strong>.<\/p>\n<p>Vestager tamb\u00e9m j\u00e1 abriu processos contra a Starbucks, Nike, Fiat Chrysler e Engie. At\u00e9 o momento, o Tribunal Geral da UE ficou ao lado somente da Starbucks no processo que lhe cabia.<\/p>\n<p><a href=\"https:\/\/www.suno.com.br\/noticias\/apple-investe-contra-crise-imobiliaria-california\/\">Confira: Apple investe US$ 400 milh\u00f5es contra crise imobili\u00e1ria na Calif\u00f3rnia<\/a><\/p>\n<p>Assim como a <strong>Apple<\/strong>, em mar\u00e7o deste ano a Amazon contestou no Tribunal Geral o processo aberto por Vestager sobre a empresa em 2017. A companhia teria de pagar a Luxemburgo a quantia de US$ 277 milh\u00f5es (cerca de R$ 1,48 bilh\u00e3o) em impostos supostamente n\u00e3o pagos, mas que estavam &#8220;repletos de erros legais e factuais&#8221;.<\/p>\n\n","protected":false},"excerpt":{"rendered":"<p>A Apple (NASDAQ: AAPL) venceu, nesta quarta-feira (15), uma disputa tribut\u00e1ria contra a Uni\u00e3o Europeia (UE), eximindo-a de pagar cerca de 13 bilh\u00f5es de euros (cerca de US$ 14,8 bilh\u00f5es ou R$ 79,45 bilh\u00f5es) em impostos. A autoridade do bloco europeu alegava que a empresa deveria pagar tal quantia \u00e0 Irlanda. Apple vence disputa tribut\u00e1ria [&hellip;]<\/p>\n","protected":false},"author":24,"featured_media":22880,"comment_status":"closed","ping_status":"closed","sticky":false,"template":"","format":"standard","meta":[],"categories":[63],"tags":[794,704,731],"suno_strategy":[],"class_list":["post-73171","post","type-post","status-publish","format-standard","has-post-thumbnail","hentry","category-internacional","tag-apple-aapl34","tag-impostos","tag-uniao-europeia"],"yoast_head":"<!-- This site is optimized with the Yoast SEO plugin v24.4 - https:\/\/yoast.com\/wordpress\/plugins\/seo\/ -->\n<title>Apple vence disputa tribut\u00e1ria de US$ 14,8 bilh\u00f5es contra UE<\/title>\n<meta name=\"description\" content=\"A Apple (NASDAQ: AAPL) venceu, nesta quarta-feira (15), uma disputa tribut\u00e1ria contra a Uni\u00e3o Europeia (UE). Clique aqui e saiba mais.\" \/>\n<meta name=\"robots\" content=\"index, follow, max-snippet:-1, max-image-preview:large, max-video-preview:-1\" \/>\n<link rel=\"canonical\" href=\"https:\/\/www.suno.com.br\/noticias\/apple-vence-disputa-tributaria-ue\/\" \/>\n<meta property=\"og:locale\" content=\"pt_BR\" \/>\n<meta property=\"og:type\" content=\"article\" \/>\n<meta property=\"og:title\" content=\"Apple vence disputa tribut\u00e1ria de US$ 14,8 bilh\u00f5es contra UE\" \/>\n<meta property=\"og:description\" content=\"A Apple (NASDAQ: AAPL) venceu, nesta quarta-feira (15), uma disputa tribut\u00e1ria contra a Uni\u00e3o Europeia (UE). Clique aqui e saiba mais.\" \/>\n<meta property=\"og:url\" content=\"https:\/\/www.suno.com.br\/noticias\/apple-vence-disputa-tributaria-ue\/\" \/>\n<meta property=\"og:site_name\" content=\"Suno Not\u00edcias\" \/>\n<meta property=\"article:publisher\" content=\"https:\/\/facebook.com\/sunoresearch\" \/>\n<meta property=\"og:image\" content=\"https:\/\/files.sunoresearch.com.br\/n\/uploads\/2019\/04\/323c3d19-apple.jpg\" \/>\n\t<meta property=\"og:image:width\" content=\"1280\" \/>\n\t<meta property=\"og:image:height\" content=\"960\" \/>\n\t<meta property=\"og:image:type\" content=\"image\/jpeg\" \/>\n<meta name=\"author\" content=\"Jader Lazarini\" \/>\n<meta name=\"twitter:card\" content=\"summary_large_image\" \/>\n<meta name=\"twitter:creator\" content=\"@sunoresearch\" \/>\n<meta name=\"twitter:site\" content=\"@sunoresearch\" \/>\n<meta name=\"twitter:label1\" content=\"Escrito por\" \/>\n\t<meta name=\"twitter:data1\" content=\"Jader Lazarini\" \/>\n\t<meta name=\"twitter:label2\" content=\"Est. tempo de leitura\" \/>\n\t<meta name=\"twitter:data2\" content=\"2 minutos\" \/>\n<script type=\"application\/ld+json\" class=\"yoast-schema-graph\">{\"@context\":\"https:\/\/schema.org\",\"@graph\":[{\"@type\":\"NewsArticle\",\"@id\":\"https:\/\/www.suno.com.br\/noticias\/apple-vence-disputa-tributaria-ue\/#article\",\"isPartOf\":{\"@id\":\"https:\/\/www.suno.com.br\/noticias\/apple-vence-disputa-tributaria-ue\/\"},\"author\":{\"name\":\"Jader Lazarini\",\"@id\":\"https:\/\/www.suno.com.br\/noticias\/#\/schema\/person\/918d79de1f0281f01599b93f9ea6e23f\"},\"headline\":\"Apple vence disputa tribut\u00e1ria de US$ 14,8 bilh\u00f5es contra UE\",\"datePublished\":\"2020-07-15T10:43:19+00:00\",\"mainEntityOfPage\":{\"@id\":\"https:\/\/www.suno.com.br\/noticias\/apple-vence-disputa-tributaria-ue\/\"},\"wordCount\":428,\"publisher\":{\"@id\":\"https:\/\/www.suno.com.br\/noticias\/#organization\"},\"image\":{\"@id\":\"https:\/\/www.suno.com.br\/noticias\/apple-vence-disputa-tributaria-ue\/#primaryimage\"},\"thumbnailUrl\":\"https:\/\/files.sunoresearch.com.br\/n\/uploads\/2019\/04\/323c3d19-apple-jpg.webp\",\"keywords\":[\"Apple (AAPL34)\",\"impostos\",\"Uni\u00e3o Europeia\"],\"articleSection\":[\"Internacional\"],\"inLanguage\":\"pt-BR\"},{\"@type\":\"WebPage\",\"@id\":\"https:\/\/www.suno.com.br\/noticias\/apple-vence-disputa-tributaria-ue\/\",\"url\":\"https:\/\/www.suno.com.br\/noticias\/apple-vence-disputa-tributaria-ue\/\",\"name\":\"Apple vence disputa tribut\u00e1ria de US$ 14,8 bilh\u00f5es contra UE\",\"isPartOf\":{\"@id\":\"https:\/\/www.suno.com.br\/noticias\/#website\"},\"primaryImageOfPage\":{\"@id\":\"https:\/\/www.suno.com.br\/noticias\/apple-vence-disputa-tributaria-ue\/#primaryimage\"},\"image\":{\"@id\":\"https:\/\/www.suno.com.br\/noticias\/apple-vence-disputa-tributaria-ue\/#primaryimage\"},\"thumbnailUrl\":\"https:\/\/files.sunoresearch.com.br\/n\/uploads\/2019\/04\/323c3d19-apple-jpg.webp\",\"datePublished\":\"2020-07-15T10:43:19+00:00\",\"description\":\"A Apple (NASDAQ: AAPL) venceu, nesta quarta-feira (15), uma disputa tribut\u00e1ria contra a Uni\u00e3o Europeia (UE). Clique aqui e saiba mais.\",\"breadcrumb\":{\"@id\":\"https:\/\/www.suno.com.br\/noticias\/apple-vence-disputa-tributaria-ue\/#breadcrumb\"},\"inLanguage\":\"pt-BR\",\"potentialAction\":[{\"@type\":\"ReadAction\",\"target\":[\"https:\/\/www.suno.com.br\/noticias\/apple-vence-disputa-tributaria-ue\/\"]}]},{\"@type\":\"ImageObject\",\"inLanguage\":\"pt-BR\",\"@id\":\"https:\/\/www.suno.com.br\/noticias\/apple-vence-disputa-tributaria-ue\/#primaryimage\",\"url\":\"https:\/\/files.sunoresearch.com.br\/n\/uploads\/2019\/04\/323c3d19-apple-jpg.webp\",\"contentUrl\":\"https:\/\/files.sunoresearch.com.br\/n\/uploads\/2019\/04\/323c3d19-apple-jpg.webp\",\"width\":1280,\"height\":960,\"caption\":\"Apple vence disputa tribut\u00e1ria de US$ 14,8 bilh\u00f5es contra UE\"},{\"@type\":\"BreadcrumbList\",\"@id\":\"https:\/\/www.suno.com.br\/noticias\/apple-vence-disputa-tributaria-ue\/#breadcrumb\",\"itemListElement\":[{\"@type\":\"ListItem\",\"position\":1,\"name\":\"Not\u00edcias\",\"item\":\"https:\/\/www.suno.com.br\/noticias\/\"},{\"@type\":\"ListItem\",\"position\":2,\"name\":\"Internacional\",\"item\":\"https:\/\/www.suno.com.br\/noticias\/internacional\/\"},{\"@type\":\"ListItem\",\"position\":3,\"name\":\"Apple vence disputa tribut\u00e1ria de US$ 14,8 bilh\u00f5es contra UE\"}]},{\"@type\":\"WebSite\",\"@id\":\"https:\/\/www.suno.com.br\/noticias\/#website\",\"url\":\"https:\/\/www.suno.com.br\/noticias\/\",\"name\":\"Suno Not\u00edcias\",\"description\":\"Seu portal de informa\u00e7\u00e3o sobre o mundo dos investimentos\",\"publisher\":{\"@id\":\"https:\/\/www.suno.com.br\/noticias\/#organization\"},\"potentialAction\":[{\"@type\":\"SearchAction\",\"target\":{\"@type\":\"EntryPoint\",\"urlTemplate\":\"https:\/\/www.suno.com.br\/noticias\/?s={search_term_string}\"},\"query-input\":{\"@type\":\"PropertyValueSpecification\",\"valueRequired\":true,\"valueName\":\"search_term_string\"}}],\"inLanguage\":\"pt-BR\"},{\"@type\":\"Organization\",\"@id\":\"https:\/\/www.suno.com.br\/noticias\/#organization\",\"name\":\"Suno Not\u00edcias\",\"url\":\"https:\/\/www.suno.com.br\/noticias\/\",\"logo\":{\"@type\":\"ImageObject\",\"inLanguage\":\"pt-BR\",\"@id\":\"https:\/\/www.suno.com.br\/noticias\/#\/schema\/logo\/image\/\",\"url\":\"https:\/\/files.sunoresearch.com.br\/n\/uploads\/2021\/09\/suno-logo.png\",\"contentUrl\":\"https:\/\/files.sunoresearch.com.br\/n\/uploads\/2021\/09\/suno-logo.png\",\"width\":180,\"height\":180,\"caption\":\"Suno Not\u00edcias\"},\"image\":{\"@id\":\"https:\/\/www.suno.com.br\/noticias\/#\/schema\/logo\/image\/\"},\"sameAs\":[\"https:\/\/facebook.com\/sunoresearch\",\"https:\/\/x.com\/sunoresearch\",\"https:\/\/www.instagram.com\/suno\",\"https:\/\/www.linkedin.com\/company\/suno-research\/\",\"https:\/\/www.youtube.com\/c\/sunoresearch\"]},{\"@type\":\"Person\",\"@id\":\"https:\/\/www.suno.com.br\/noticias\/#\/schema\/person\/918d79de1f0281f01599b93f9ea6e23f\",\"name\":\"Jader Lazarini\",\"image\":{\"@type\":\"ImageObject\",\"inLanguage\":\"pt-BR\",\"@id\":\"https:\/\/www.suno.com.br\/noticias\/#\/schema\/person\/image\/\",\"url\":\"https:\/\/secure.gravatar.com\/avatar\/3c1ad8caa51589841baeb923fcddea97?s=96&r=g\",\"contentUrl\":\"https:\/\/secure.gravatar.com\/avatar\/3c1ad8caa51589841baeb923fcddea97?s=96&r=g\",\"caption\":\"Jader Lazarini\"},\"description\":\"Jader Lazarini escreve sobre investimentos, finan\u00e7as, economia e neg\u00f3cios. \u00c9 bacharel em Rela\u00e7\u00f5es Internacionais e analista CNPI (2619).\",\"url\":\"https:\/\/www.suno.com.br\/noticias\/author\/jader-lazarini\/\"}]}<\/script>\n<!-- \/ Yoast SEO plugin. -->","yoast_head_json":{"title":"Apple vence disputa tribut\u00e1ria de US$ 14,8 bilh\u00f5es contra UE","description":"A Apple (NASDAQ: AAPL) venceu, nesta quarta-feira (15), uma disputa tribut\u00e1ria contra a Uni\u00e3o Europeia (UE). Clique aqui e saiba mais.","robots":{"index":"index","follow":"follow","max-snippet":"max-snippet:-1","max-image-preview":"max-image-preview:large","max-video-preview":"max-video-preview:-1"},"canonical":"https:\/\/www.suno.com.br\/noticias\/apple-vence-disputa-tributaria-ue\/","og_locale":"pt_BR","og_type":"article","og_title":"Apple vence disputa tribut\u00e1ria de US$ 14,8 bilh\u00f5es contra UE","og_description":"A Apple (NASDAQ: AAPL) venceu, nesta quarta-feira (15), uma disputa tribut\u00e1ria contra a Uni\u00e3o Europeia (UE). Clique aqui e saiba mais.","og_url":"https:\/\/www.suno.com.br\/noticias\/apple-vence-disputa-tributaria-ue\/","og_site_name":"Suno Not\u00edcias","article_publisher":"https:\/\/facebook.com\/sunoresearch","og_image":[{"width":1280,"height":960,"url":"https:\/\/files.sunoresearch.com.br\/n\/uploads\/2019\/04\/323c3d19-apple.jpg","type":"image\/jpeg"}],"author":"Jader Lazarini","twitter_card":"summary_large_image","twitter_creator":"@sunoresearch","twitter_site":"@sunoresearch","twitter_misc":{"Escrito por":"Jader Lazarini","Est. tempo de leitura":"2 minutos"},"schema":{"@context":"https:\/\/schema.org","@graph":[{"@type":"NewsArticle","@id":"https:\/\/www.suno.com.br\/noticias\/apple-vence-disputa-tributaria-ue\/#article","isPartOf":{"@id":"https:\/\/www.suno.com.br\/noticias\/apple-vence-disputa-tributaria-ue\/"},"author":{"name":"Jader Lazarini","@id":"https:\/\/www.suno.com.br\/noticias\/#\/schema\/person\/918d79de1f0281f01599b93f9ea6e23f"},"headline":"Apple vence disputa tribut\u00e1ria de US$ 14,8 bilh\u00f5es contra UE","datePublished":"2020-07-15T10:43:19+00:00","mainEntityOfPage":{"@id":"https:\/\/www.suno.com.br\/noticias\/apple-vence-disputa-tributaria-ue\/"},"wordCount":428,"publisher":{"@id":"https:\/\/www.suno.com.br\/noticias\/#organization"},"image":{"@id":"https:\/\/www.suno.com.br\/noticias\/apple-vence-disputa-tributaria-ue\/#primaryimage"},"thumbnailUrl":"https:\/\/files.sunoresearch.com.br\/n\/uploads\/2019\/04\/323c3d19-apple-jpg.webp","keywords":["Apple (AAPL34)","impostos","Uni\u00e3o Europeia"],"articleSection":["Internacional"],"inLanguage":"pt-BR"},{"@type":"WebPage","@id":"https:\/\/www.suno.com.br\/noticias\/apple-vence-disputa-tributaria-ue\/","url":"https:\/\/www.suno.com.br\/noticias\/apple-vence-disputa-tributaria-ue\/","name":"Apple vence disputa tribut\u00e1ria de US$ 14,8 bilh\u00f5es contra UE","isPartOf":{"@id":"https:\/\/www.suno.com.br\/noticias\/#website"},"primaryImageOfPage":{"@id":"https:\/\/www.suno.com.br\/noticias\/apple-vence-disputa-tributaria-ue\/#primaryimage"},"image":{"@id":"https:\/\/www.suno.com.br\/noticias\/apple-vence-disputa-tributaria-ue\/#primaryimage"},"thumbnailUrl":"https:\/\/files.sunoresearch.com.br\/n\/uploads\/2019\/04\/323c3d19-apple-jpg.webp","datePublished":"2020-07-15T10:43:19+00:00","description":"A Apple (NASDAQ: AAPL) venceu, nesta quarta-feira (15), uma disputa tribut\u00e1ria contra a Uni\u00e3o Europeia (UE). Clique aqui e saiba mais.","breadcrumb":{"@id":"https:\/\/www.suno.com.br\/noticias\/apple-vence-disputa-tributaria-ue\/#breadcrumb"},"inLanguage":"pt-BR","potentialAction":[{"@type":"ReadAction","target":["https:\/\/www.suno.com.br\/noticias\/apple-vence-disputa-tributaria-ue\/"]}]},{"@type":"ImageObject","inLanguage":"pt-BR","@id":"https:\/\/www.suno.com.br\/noticias\/apple-vence-disputa-tributaria-ue\/#primaryimage","url":"https:\/\/files.sunoresearch.com.br\/n\/uploads\/2019\/04\/323c3d19-apple-jpg.webp","contentUrl":"https:\/\/files.sunoresearch.com.br\/n\/uploads\/2019\/04\/323c3d19-apple-jpg.webp","width":1280,"height":960,"caption":"Apple vence disputa tribut\u00e1ria de US$ 14,8 bilh\u00f5es contra UE"},{"@type":"BreadcrumbList","@id":"https:\/\/www.suno.com.br\/noticias\/apple-vence-disputa-tributaria-ue\/#breadcrumb","itemListElement":[{"@type":"ListItem","position":1,"name":"Not\u00edcias","item":"https:\/\/www.suno.com.br\/noticias\/"},{"@type":"ListItem","position":2,"name":"Internacional","item":"https:\/\/www.suno.com.br\/noticias\/internacional\/"},{"@type":"ListItem","position":3,"name":"Apple vence disputa tribut\u00e1ria de US$ 14,8 bilh\u00f5es contra UE"}]},{"@type":"WebSite","@id":"https:\/\/www.suno.com.br\/noticias\/#website","url":"https:\/\/www.suno.com.br\/noticias\/","name":"Suno Not\u00edcias","description":"Seu portal de informa\u00e7\u00e3o sobre o mundo dos investimentos","publisher":{"@id":"https:\/\/www.suno.com.br\/noticias\/#organization"},"potentialAction":[{"@type":"SearchAction","target":{"@type":"EntryPoint","urlTemplate":"https:\/\/www.suno.com.br\/noticias\/?s={search_term_string}"},"query-input":{"@type":"PropertyValueSpecification","valueRequired":true,"valueName":"search_term_string"}}],"inLanguage":"pt-BR"},{"@type":"Organization","@id":"https:\/\/www.suno.com.br\/noticias\/#organization","name":"Suno Not\u00edcias","url":"https:\/\/www.suno.com.br\/noticias\/","logo":{"@type":"ImageObject","inLanguage":"pt-BR","@id":"https:\/\/www.suno.com.br\/noticias\/#\/schema\/logo\/image\/","url":"https:\/\/files.sunoresearch.com.br\/n\/uploads\/2021\/09\/suno-logo.png","contentUrl":"https:\/\/files.sunoresearch.com.br\/n\/uploads\/2021\/09\/suno-logo.png","width":180,"height":180,"caption":"Suno Not\u00edcias"},"image":{"@id":"https:\/\/www.suno.com.br\/noticias\/#\/schema\/logo\/image\/"},"sameAs":["https:\/\/facebook.com\/sunoresearch","https:\/\/x.com\/sunoresearch","https:\/\/www.instagram.com\/suno","https:\/\/www.linkedin.com\/company\/suno-research\/","https:\/\/www.youtube.com\/c\/sunoresearch"]},{"@type":"Person","@id":"https:\/\/www.suno.com.br\/noticias\/#\/schema\/person\/918d79de1f0281f01599b93f9ea6e23f","name":"Jader Lazarini","image":{"@type":"ImageObject","inLanguage":"pt-BR","@id":"https:\/\/www.suno.com.br\/noticias\/#\/schema\/person\/image\/","url":"https:\/\/secure.gravatar.com\/avatar\/3c1ad8caa51589841baeb923fcddea97?s=96&r=g","contentUrl":"https:\/\/secure.gravatar.com\/avatar\/3c1ad8caa51589841baeb923fcddea97?s=96&r=g","caption":"Jader Lazarini"},"description":"Jader Lazarini escreve sobre investimentos, finan\u00e7as, economia e neg\u00f3cios. \u00c9 bacharel em Rela\u00e7\u00f5es Internacionais e analista CNPI (2619).","url":"https:\/\/www.suno.com.br\/noticias\/author\/jader-lazarini\/"}]}},"default_loop_html":"<div class=\"cardsPage__listCard__boxs\"><div class=\"cardsPage__listCard__boxs__img\"><a href=\"https:\/\/www.suno.com.br\/noticias\/apple-vence-disputa-tributaria-ue\/\"><img class=\"mask\" src=\"https:\/\/www.suno.com.br\/noticias\/wp-content\/themes\/suno\/resources\/images\/spotlight\/spotlight1img\/bg-mask.png\" alt=\"Image Mask\"\/><img src=\"https:\/\/files.sunoresearch.com.br\/n\/uploads\/2019\/04\/323c3d19-apple-400x200.webp\" alt=\"Apple vence disputa tribut\u00e1ria de US$ 14,8 bilh\u00f5es contra UE\"\/><\/a><span class=\"spotlightCategory\"><a href=\"https:\/\/www.suno.com.br\/noticias\/internacional\/\">Internacional<\/a><\/span><\/div><div class=\"cardsPage__listCard__boxs__content\"><a href=\"https:\/\/www.suno.com.br\/noticias\/apple-vence-disputa-tributaria-ue\/\"><h2 class=\"content__title\">Apple vence disputa tribut\u00e1ria de US$ 14,8 bilh\u00f5es contra UE<\/h2><\/a><div class=\"newsContent__article__meta\"><div class=\"newsContent__article__meta__authorBox\"><a href=\"https:\/\/www.suno.com.br\/noticias\/author\/jader-lazarini\/\" class=\"authorBox__avatar noMobi\"><img src=\"https:\/\/files.sunoresearch.com.br\/n\/uploads\/2021\/01\/178e6598-foto-perfil-2-150x150.jpg\" alt=\"Jader Lazarini\"><\/a><div class=\"authorBox__name\"><span>por\n\t\t\t<a href=\"https:\/\/www.suno.com.br\/noticias\/author\/jader-lazarini\/\"><span itemprop=\"author\">Jader Lazarini<\/span><\/a><\/span><time datetime=\"2020-07-15T07:43:19-03:00\" itemprop=\"datePublished\">15\/07\/2020 07:43<\/time><\/div><\/div><\/div><\/div><\/div>","single_layout":"posts","amp_enabled":true,"_links":{"self":[{"href":"https:\/\/www.suno.com.br\/noticias\/wp-json\/wp\/v2\/posts\/73171"}],"collection":[{"href":"https:\/\/www.suno.com.br\/noticias\/wp-json\/wp\/v2\/posts"}],"about":[{"href":"https:\/\/www.suno.com.br\/noticias\/wp-json\/wp\/v2\/types\/post"}],"author":[{"embeddable":true,"href":"https:\/\/www.suno.com.br\/noticias\/wp-json\/wp\/v2\/users\/24"}],"replies":[{"embeddable":true,"href":"https:\/\/www.suno.com.br\/noticias\/wp-json\/wp\/v2\/comments?post=73171"}],"version-history":[{"count":0,"href":"https:\/\/www.suno.com.br\/noticias\/wp-json\/wp\/v2\/posts\/73171\/revisions"}],"wp:featuredmedia":[{"embeddable":true,"href":"https:\/\/www.suno.com.br\/noticias\/wp-json\/wp\/v2\/media\/22880"}],"wp:attachment":[{"href":"https:\/\/www.suno.com.br\/noticias\/wp-json\/wp\/v2\/media?parent=73171"}],"wp:term":[{"taxonomy":"category","embeddable":true,"href":"https:\/\/www.suno.com.br\/noticias\/wp-json\/wp\/v2\/categories?post=73171"},{"taxonomy":"post_tag","embeddable":true,"href":"https:\/\/www.suno.com.br\/noticias\/wp-json\/wp\/v2\/tags?post=73171"},{"taxonomy":"suno_strategy","embeddable":true,"href":"https:\/\/www.suno.com.br\/noticias\/wp-json\/wp\/v2\/suno_strategy?post=73171"}],"curies":[{"name":"wp","href":"https:\/\/api.w.org\/{rel}","templated":true}]}}