{"id":73142,"date":"2020-07-14T19:04:18","date_gmt":"2020-07-14T22:04:18","guid":{"rendered":"https:\/\/www.suno.com.br\/noticias\/?p=73142"},"modified":"2021-06-01T22:06:18","modified_gmt":"2021-06-02T01:06:18","slug":"bullard-fed-indica-economia-eua-ainda-pode-recuperar-2020","status":"publish","type":"post","link":"https:\/\/www.suno.com.br\/noticias\/bullard-fed-indica-economia-eua-ainda-pode-recuperar-2020\/","title":{"rendered":"Bullard do Fed indica que economia ainda pode se recuperar em 2020"},"content":{"rendered":"<p>O presidente do<a href=\"https:\/\/www.suno.com.br\/artigos\/fed\/\"> Federal Reserve (<strong>Fed<\/strong>)<\/a> de St. Louis, James Bullard, afirmou nesta ter\u00e7a-feira (14) que, \u00e0 medida que os EUA se adaptam \u00e0 pandemia do <a style=\"font-size: 19.4286px;\" href=\"https:\/\/www.suno.com.br\/noticias\/tags\/coronavirus\/\">coronav\u00edrus (Covid-19)<\/a><span style=\"font-size: 1.21429rem;\">, \u00e9 poss\u00edvel que haja uma recupera\u00e7\u00e3o s\u00f3lida da economia e um decl\u00ednio substancial da <a href=\"https:\/\/www.suno.com.br\/artigos\/indice-de-desemprego\/\">taxa de desemprego<\/a> atual.<\/span><\/p>\t<div class=\"wrapper-featured-image\">\n\t\t<figure class=\"spotlightImg\">\n\n\t\t\t<picture>\n\t\t\t\t<source media=\"(max-width: 768px)\" srcset=\"https:\/\/files.sunoresearch.com.br\/n\/uploads\/2019\/06\/f93137b9-fed-400x200.webp\">\n\t\t\t\t<img loading=\"lazy\" decoding=\"async\" class=\"newsContent__article__imgCapa lazyloadDisabled newsContent__article__imgCapa--noCaption\" src=\"https:\/\/files.sunoresearch.com.br\/n\/uploads\/2019\/06\/f93137b9-fed-800x450.webp\" width=\"800\" height=\"450\" alt=\"Bullard do Fed indica que economia ainda pode se recuperar em 2020\" fetchpriority=high \/>\n\t\t\t<\/picture>\n\n\t\t\t<figcaption class=\"wp-caption-text wp-caption-text--hide\">Bullard do Fed indica que economia ainda pode se recuperar em 2020<\/figcaption>\n\t\t<\/figure>\n\t<\/div>\n\n\n\n<p>Em uma apresenta\u00e7\u00e3o ao &#8220;Economic Club of New York&#8221;, <strong>Bullard<\/strong> ainda destacou que\u00a0<span style=\"font-size: 19.4286px;\">as previs\u00f5es para o segundo trimestre, que sofreram o impacto econ\u00f4mico da pandemia, agora s\u00e3o menos negativas e o mercado de trabalho melhorou mais rapidamente do que o esperado. <\/span>&#8220;As not\u00edcias macroecon\u00f4micas de maio e junho, divulgadas com atraso, parecem sugerir que abril ser\u00e1 o ponto mais baixo da crise&#8221;, disse o presidente do<span style=\"font-size: 1.21429rem;\">\u00a0<\/span><a style=\"font-size: 1.21429rem;\" href=\"https:\/\/www.suno.com.br\/artigos\/bacen\/\"><strong>banco central<\/strong> <\/a><span style=\"font-size: 1.21429rem;\">dos <strong>EUA<\/strong>.<\/span><\/p>\n<p>Bullard disse que, se as demiss\u00f5es associadas \u00e0 crise causada pela dissemina\u00e7\u00e3o do v\u00edrus acabarem e os trabalhadores voltarem aos empregos, a <strong>taxa de desemprego<\/strong> poder\u00e1 cair muito rapidamente, saindo da marca atual de 11,1% nos Estados Unidos.<\/p>\n<p><a href=\"https:\/\/lp.suno.com.br\/suno-one\/\">Suno One: acesse gratuitamente eBooks, Minicursos, Artigos e Video Aulas sobre investimentos com um \u00fanico cadastro. Clique para saber mais!<\/a><\/p>\n<p>&#8220;Um c\u00e1lculo de retorno sugere que h\u00e1 espa\u00e7o para um decl\u00ednio substancial na taxa de desemprego oficial nos pr\u00f3ximos meses&#8221;, disse Bullard. &#8220;Se todos os desempregados que se identificam como &#8216;demitidos temporariamente&#8217; simplesmente retornam ao trabalho nos pr\u00f3ximos seis meses e nada mais mudar, a taxa oficial de desemprego cair\u00e1 para 4,5% chocantes&#8221;, informou a autoridade.<\/p>\n<p>Bullard disse que essa perspectiva otimista pode ser alcan\u00e7ada \u00e0 medida que a economia se recupera baseada em sua experi\u00eancia obtida ao lidar com a crise. Ele disse que &#8220;precau\u00e7\u00f5es simples&#8221; no setor de varejo podem permitir que esse setor retorne a normalidade, por exemplo.<\/p>\n<h2>Outros diretores do Fed defendem previs\u00f5es diferentes<\/h2>\n<p>A atitude otimista de Bullard sobre a economia n\u00e3o \u00e9 compartilhada entre outros membros do banco central. V\u00e1rios funcion\u00e1rios da institui\u00e7\u00e3o monet\u00e1ria disseram que casos crescentes de doen\u00e7as relacionadas ao coronav\u00edrus aumentam a preocupa\u00e7\u00e3o com as perspectivas econ\u00f4micas. V\u00e1rias autoridades disseram que v\u00eaem sinais de que a recupera\u00e7\u00e3o da economia pode estar paralisada, pois partes do pa\u00eds fecham novamente para reduzir a propaga\u00e7\u00e3o do v\u00edrus.<\/p>\n<p><a href=\"https:\/\/www.suno.com.br\/noticias\/fed-debate-opcoes-fornecer-mais-apoio-economico-eua\/\">Veja tamb\u00e9m: Fed debate op\u00e7\u00f5es para fornecer mais apoio econ\u00f4mico aos EUA<\/a><\/p>\n<p>O governador do <strong>Fed<\/strong>, <strong>Lael Brainard<\/strong>, que falou separadamente na ter\u00e7a-feira, ofereceu uma vis\u00e3o mais desanimadora em rela\u00e7\u00e3o a Bullard. Brainard disse que &#8220;a incerteza permanecer\u00e1 elevada enquanto a pandemia permanecer sobre a economia&#8221;, acrescentando que &#8220;a recupera\u00e7\u00e3o provavelmente enfrentar\u00e1 obst\u00e1culos \u00e0 atividade reduzida, juntamente com a renda prejudicada entre muitos consumidores e empresas. &#8221;<\/p>\n\n","protected":false},"excerpt":{"rendered":"<p>O presidente do Federal Reserve (Fed) de St. Louis, James Bullard, afirmou nesta ter\u00e7a-feira (14) que, \u00e0 medida que os EUA se adaptam \u00e0 pandemia do coronav\u00edrus (Covid-19), \u00e9 poss\u00edvel que haja uma recupera\u00e7\u00e3o s\u00f3lida da economia e um decl\u00ednio substancial da taxa de desemprego atual. Bullard do Fed indica que economia ainda pode se [&hellip;]<\/p>\n","protected":false},"author":44,"featured_media":28614,"comment_status":"closed","ping_status":"closed","sticky":false,"template":"","format":"standard","meta":[],"categories":[62],"tags":[2487,1296,793,776,91142],"suno_strategy":[],"class_list":["post-73142","post","type-post","status-publish","format-standard","has-post-thumbnail","hentry","category-economia","tag-coronavirus","tag-desemprego","tag-estados-unidos-eua","tag-federal-reseve-fed","tag-lael-brainard"],"yoast_head":"<!-- This site is optimized with the Yoast SEO plugin v24.4 - https:\/\/yoast.com\/wordpress\/plugins\/seo\/ -->\n<title>Bullard do Fed diz que economia ainda pode se recuperar em 2020<\/title>\n<meta name=\"description\" content=\"O diretor do Fed afirmou que \u00e9 poss\u00edvel que haja uma recupera\u00e7\u00e3o da economia americana, com um decl\u00ednio no desemprego. Clique para ver mais.\" \/>\n<meta name=\"robots\" content=\"index, follow, max-snippet:-1, max-image-preview:large, max-video-preview:-1\" \/>\n<link rel=\"canonical\" href=\"https:\/\/www.suno.com.br\/noticias\/bullard-fed-indica-economia-eua-ainda-pode-recuperar-2020\/\" \/>\n<meta property=\"og:locale\" content=\"pt_BR\" \/>\n<meta property=\"og:type\" content=\"article\" \/>\n<meta property=\"og:title\" content=\"Bullard do Fed diz que economia ainda pode se recuperar em 2020\" \/>\n<meta property=\"og:description\" content=\"O diretor do Fed afirmou que \u00e9 poss\u00edvel que haja uma recupera\u00e7\u00e3o da economia americana, com um decl\u00ednio no desemprego. Clique para ver mais.\" \/>\n<meta property=\"og:url\" content=\"https:\/\/www.suno.com.br\/noticias\/bullard-fed-indica-economia-eua-ainda-pode-recuperar-2020\/\" \/>\n<meta property=\"og:site_name\" content=\"Suno Not\u00edcias\" \/>\n<meta property=\"article:publisher\" content=\"https:\/\/facebook.com\/sunoresearch\" \/>\n<meta property=\"og:image\" content=\"https:\/\/files.sunoresearch.com.br\/n\/uploads\/2019\/06\/f93137b9-fed.jpg\" \/>\n\t<meta property=\"og:image:width\" content=\"1023\" \/>\n\t<meta property=\"og:image:height\" content=\"687\" \/>\n\t<meta property=\"og:image:type\" content=\"image\/jpeg\" \/>\n<meta name=\"author\" content=\"Daniel Guimar\u00e3es\" \/>\n<meta name=\"twitter:card\" content=\"summary_large_image\" \/>\n<meta name=\"twitter:creator\" content=\"@sunoresearch\" \/>\n<meta name=\"twitter:site\" content=\"@sunoresearch\" \/>\n<meta name=\"twitter:label1\" content=\"Escrito por\" \/>\n\t<meta name=\"twitter:data1\" content=\"Daniel Guimar\u00e3es\" \/>\n\t<meta name=\"twitter:label2\" content=\"Est. tempo de leitura\" \/>\n\t<meta name=\"twitter:data2\" content=\"2 minutos\" \/>\n<script type=\"application\/ld+json\" class=\"yoast-schema-graph\">{\"@context\":\"https:\/\/schema.org\",\"@graph\":[{\"@type\":\"NewsArticle\",\"@id\":\"https:\/\/www.suno.com.br\/noticias\/bullard-fed-indica-economia-eua-ainda-pode-recuperar-2020\/#article\",\"isPartOf\":{\"@id\":\"https:\/\/www.suno.com.br\/noticias\/bullard-fed-indica-economia-eua-ainda-pode-recuperar-2020\/\"},\"author\":{\"name\":\"Daniel Guimar\u00e3es\",\"@id\":\"https:\/\/www.suno.com.br\/noticias\/#\/schema\/person\/a7796c19fcf6bafd03b9a2fa1fd9ae20\"},\"headline\":\"Bullard do Fed indica que economia ainda pode se recuperar em 2020\",\"datePublished\":\"2020-07-14T22:04:18+00:00\",\"dateModified\":\"2021-06-02T01:06:18+00:00\",\"mainEntityOfPage\":{\"@id\":\"https:\/\/www.suno.com.br\/noticias\/bullard-fed-indica-economia-eua-ainda-pode-recuperar-2020\/\"},\"wordCount\":470,\"publisher\":{\"@id\":\"https:\/\/www.suno.com.br\/noticias\/#organization\"},\"image\":{\"@id\":\"https:\/\/www.suno.com.br\/noticias\/bullard-fed-indica-economia-eua-ainda-pode-recuperar-2020\/#primaryimage\"},\"thumbnailUrl\":\"https:\/\/files.sunoresearch.com.br\/n\/uploads\/2019\/06\/f93137b9-fed-jpg.webp\",\"keywords\":[\"coronav\u00edrus\",\"Desemprego\",\"Estados Unidos (EUA)\",\"Federal Reserve (FED)\",\"Lael Brainard\"],\"articleSection\":[\"Economia\"],\"inLanguage\":\"pt-BR\"},{\"@type\":\"WebPage\",\"@id\":\"https:\/\/www.suno.com.br\/noticias\/bullard-fed-indica-economia-eua-ainda-pode-recuperar-2020\/\",\"url\":\"https:\/\/www.suno.com.br\/noticias\/bullard-fed-indica-economia-eua-ainda-pode-recuperar-2020\/\",\"name\":\"Bullard do Fed diz que economia ainda pode se recuperar em 2020\",\"isPartOf\":{\"@id\":\"https:\/\/www.suno.com.br\/noticias\/#website\"},\"primaryImageOfPage\":{\"@id\":\"https:\/\/www.suno.com.br\/noticias\/bullard-fed-indica-economia-eua-ainda-pode-recuperar-2020\/#primaryimage\"},\"image\":{\"@id\":\"https:\/\/www.suno.com.br\/noticias\/bullard-fed-indica-economia-eua-ainda-pode-recuperar-2020\/#primaryimage\"},\"thumbnailUrl\":\"https:\/\/files.sunoresearch.com.br\/n\/uploads\/2019\/06\/f93137b9-fed-jpg.webp\",\"datePublished\":\"2020-07-14T22:04:18+00:00\",\"dateModified\":\"2021-06-02T01:06:18+00:00\",\"description\":\"O diretor do Fed afirmou que \u00e9 poss\u00edvel que haja uma recupera\u00e7\u00e3o da economia americana, com um decl\u00ednio no desemprego. Clique para ver mais.\",\"breadcrumb\":{\"@id\":\"https:\/\/www.suno.com.br\/noticias\/bullard-fed-indica-economia-eua-ainda-pode-recuperar-2020\/#breadcrumb\"},\"inLanguage\":\"pt-BR\",\"potentialAction\":[{\"@type\":\"ReadAction\",\"target\":[\"https:\/\/www.suno.com.br\/noticias\/bullard-fed-indica-economia-eua-ainda-pode-recuperar-2020\/\"]}]},{\"@type\":\"ImageObject\",\"inLanguage\":\"pt-BR\",\"@id\":\"https:\/\/www.suno.com.br\/noticias\/bullard-fed-indica-economia-eua-ainda-pode-recuperar-2020\/#primaryimage\",\"url\":\"https:\/\/files.sunoresearch.com.br\/n\/uploads\/2019\/06\/f93137b9-fed-jpg.webp\",\"contentUrl\":\"https:\/\/files.sunoresearch.com.br\/n\/uploads\/2019\/06\/f93137b9-fed-jpg.webp\",\"width\":1023,\"height\":687,\"caption\":\"Bullard do Fed indica que economia ainda pode se recuperar em 2020\"},{\"@type\":\"BreadcrumbList\",\"@id\":\"https:\/\/www.suno.com.br\/noticias\/bullard-fed-indica-economia-eua-ainda-pode-recuperar-2020\/#breadcrumb\",\"itemListElement\":[{\"@type\":\"ListItem\",\"position\":1,\"name\":\"Not\u00edcias\",\"item\":\"https:\/\/www.suno.com.br\/noticias\/\"},{\"@type\":\"ListItem\",\"position\":2,\"name\":\"Economia\",\"item\":\"https:\/\/www.suno.com.br\/noticias\/economia\/\"},{\"@type\":\"ListItem\",\"position\":3,\"name\":\"Bullard do Fed indica que economia ainda pode se recuperar em 2020\"}]},{\"@type\":\"WebSite\",\"@id\":\"https:\/\/www.suno.com.br\/noticias\/#website\",\"url\":\"https:\/\/www.suno.com.br\/noticias\/\",\"name\":\"Suno Not\u00edcias\",\"description\":\"Seu portal de informa\u00e7\u00e3o sobre o mundo dos investimentos\",\"publisher\":{\"@id\":\"https:\/\/www.suno.com.br\/noticias\/#organization\"},\"potentialAction\":[{\"@type\":\"SearchAction\",\"target\":{\"@type\":\"EntryPoint\",\"urlTemplate\":\"https:\/\/www.suno.com.br\/noticias\/?s={search_term_string}\"},\"query-input\":{\"@type\":\"PropertyValueSpecification\",\"valueRequired\":true,\"valueName\":\"search_term_string\"}}],\"inLanguage\":\"pt-BR\"},{\"@type\":\"Organization\",\"@id\":\"https:\/\/www.suno.com.br\/noticias\/#organization\",\"name\":\"Suno Not\u00edcias\",\"url\":\"https:\/\/www.suno.com.br\/noticias\/\",\"logo\":{\"@type\":\"ImageObject\",\"inLanguage\":\"pt-BR\",\"@id\":\"https:\/\/www.suno.com.br\/noticias\/#\/schema\/logo\/image\/\",\"url\":\"https:\/\/files.sunoresearch.com.br\/n\/uploads\/2021\/09\/suno-logo.png\",\"contentUrl\":\"https:\/\/files.sunoresearch.com.br\/n\/uploads\/2021\/09\/suno-logo.png\",\"width\":180,\"height\":180,\"caption\":\"Suno Not\u00edcias\"},\"image\":{\"@id\":\"https:\/\/www.suno.com.br\/noticias\/#\/schema\/logo\/image\/\"},\"sameAs\":[\"https:\/\/facebook.com\/sunoresearch\",\"https:\/\/x.com\/sunoresearch\",\"https:\/\/www.instagram.com\/suno\",\"https:\/\/www.linkedin.com\/company\/suno-research\/\",\"https:\/\/www.youtube.com\/c\/sunoresearch\"]},{\"@type\":\"Person\",\"@id\":\"https:\/\/www.suno.com.br\/noticias\/#\/schema\/person\/a7796c19fcf6bafd03b9a2fa1fd9ae20\",\"name\":\"Daniel Guimar\u00e3es\",\"image\":{\"@type\":\"ImageObject\",\"inLanguage\":\"pt-BR\",\"@id\":\"https:\/\/www.suno.com.br\/noticias\/#\/schema\/person\/image\/\",\"url\":\"https:\/\/secure.gravatar.com\/avatar\/fb8260757609f58f0c0ac079d1b32eff?s=96&r=g\",\"contentUrl\":\"https:\/\/secure.gravatar.com\/avatar\/fb8260757609f58f0c0ac079d1b32eff?s=96&r=g\",\"caption\":\"Daniel Guimar\u00e3es\"},\"description\":\"Estagi\u00e1rio na Suno Not\u00edcias, Daniel escreve not\u00edcias que afetam o mercado financeiro brasileiro e internacional. Estuda economia na Rutgers University, em New Jersey.\",\"sameAs\":[\"suno.research\"],\"url\":\"https:\/\/www.suno.com.br\/noticias\/author\/daniel\/\"}]}<\/script>\n<!-- \/ Yoast SEO plugin. -->","yoast_head_json":{"title":"Bullard do Fed diz que economia ainda pode se recuperar em 2020","description":"O diretor do Fed afirmou que \u00e9 poss\u00edvel que haja uma recupera\u00e7\u00e3o da economia americana, com um decl\u00ednio no desemprego. Clique para ver mais.","robots":{"index":"index","follow":"follow","max-snippet":"max-snippet:-1","max-image-preview":"max-image-preview:large","max-video-preview":"max-video-preview:-1"},"canonical":"https:\/\/www.suno.com.br\/noticias\/bullard-fed-indica-economia-eua-ainda-pode-recuperar-2020\/","og_locale":"pt_BR","og_type":"article","og_title":"Bullard do Fed diz que economia ainda pode se recuperar em 2020","og_description":"O diretor do Fed afirmou que \u00e9 poss\u00edvel que haja uma recupera\u00e7\u00e3o da economia americana, com um decl\u00ednio no desemprego. Clique para ver mais.","og_url":"https:\/\/www.suno.com.br\/noticias\/bullard-fed-indica-economia-eua-ainda-pode-recuperar-2020\/","og_site_name":"Suno Not\u00edcias","article_publisher":"https:\/\/facebook.com\/sunoresearch","og_image":[{"width":1023,"height":687,"url":"https:\/\/files.sunoresearch.com.br\/n\/uploads\/2019\/06\/f93137b9-fed.jpg","type":"image\/jpeg"}],"author":"Daniel Guimar\u00e3es","twitter_card":"summary_large_image","twitter_creator":"@sunoresearch","twitter_site":"@sunoresearch","twitter_misc":{"Escrito por":"Daniel Guimar\u00e3es","Est. tempo de leitura":"2 minutos"},"schema":{"@context":"https:\/\/schema.org","@graph":[{"@type":"NewsArticle","@id":"https:\/\/www.suno.com.br\/noticias\/bullard-fed-indica-economia-eua-ainda-pode-recuperar-2020\/#article","isPartOf":{"@id":"https:\/\/www.suno.com.br\/noticias\/bullard-fed-indica-economia-eua-ainda-pode-recuperar-2020\/"},"author":{"name":"Daniel Guimar\u00e3es","@id":"https:\/\/www.suno.com.br\/noticias\/#\/schema\/person\/a7796c19fcf6bafd03b9a2fa1fd9ae20"},"headline":"Bullard do Fed indica que economia ainda pode se recuperar em 2020","datePublished":"2020-07-14T22:04:18+00:00","dateModified":"2021-06-02T01:06:18+00:00","mainEntityOfPage":{"@id":"https:\/\/www.suno.com.br\/noticias\/bullard-fed-indica-economia-eua-ainda-pode-recuperar-2020\/"},"wordCount":470,"publisher":{"@id":"https:\/\/www.suno.com.br\/noticias\/#organization"},"image":{"@id":"https:\/\/www.suno.com.br\/noticias\/bullard-fed-indica-economia-eua-ainda-pode-recuperar-2020\/#primaryimage"},"thumbnailUrl":"https:\/\/files.sunoresearch.com.br\/n\/uploads\/2019\/06\/f93137b9-fed-jpg.webp","keywords":["coronav\u00edrus","Desemprego","Estados Unidos (EUA)","Federal Reserve (FED)","Lael Brainard"],"articleSection":["Economia"],"inLanguage":"pt-BR"},{"@type":"WebPage","@id":"https:\/\/www.suno.com.br\/noticias\/bullard-fed-indica-economia-eua-ainda-pode-recuperar-2020\/","url":"https:\/\/www.suno.com.br\/noticias\/bullard-fed-indica-economia-eua-ainda-pode-recuperar-2020\/","name":"Bullard do Fed diz que economia ainda pode se recuperar em 2020","isPartOf":{"@id":"https:\/\/www.suno.com.br\/noticias\/#website"},"primaryImageOfPage":{"@id":"https:\/\/www.suno.com.br\/noticias\/bullard-fed-indica-economia-eua-ainda-pode-recuperar-2020\/#primaryimage"},"image":{"@id":"https:\/\/www.suno.com.br\/noticias\/bullard-fed-indica-economia-eua-ainda-pode-recuperar-2020\/#primaryimage"},"thumbnailUrl":"https:\/\/files.sunoresearch.com.br\/n\/uploads\/2019\/06\/f93137b9-fed-jpg.webp","datePublished":"2020-07-14T22:04:18+00:00","dateModified":"2021-06-02T01:06:18+00:00","description":"O diretor do Fed afirmou que \u00e9 poss\u00edvel que haja uma recupera\u00e7\u00e3o da economia americana, com um decl\u00ednio no desemprego. Clique para ver mais.","breadcrumb":{"@id":"https:\/\/www.suno.com.br\/noticias\/bullard-fed-indica-economia-eua-ainda-pode-recuperar-2020\/#breadcrumb"},"inLanguage":"pt-BR","potentialAction":[{"@type":"ReadAction","target":["https:\/\/www.suno.com.br\/noticias\/bullard-fed-indica-economia-eua-ainda-pode-recuperar-2020\/"]}]},{"@type":"ImageObject","inLanguage":"pt-BR","@id":"https:\/\/www.suno.com.br\/noticias\/bullard-fed-indica-economia-eua-ainda-pode-recuperar-2020\/#primaryimage","url":"https:\/\/files.sunoresearch.com.br\/n\/uploads\/2019\/06\/f93137b9-fed-jpg.webp","contentUrl":"https:\/\/files.sunoresearch.com.br\/n\/uploads\/2019\/06\/f93137b9-fed-jpg.webp","width":1023,"height":687,"caption":"Bullard do Fed indica que economia ainda pode se recuperar em 2020"},{"@type":"BreadcrumbList","@id":"https:\/\/www.suno.com.br\/noticias\/bullard-fed-indica-economia-eua-ainda-pode-recuperar-2020\/#breadcrumb","itemListElement":[{"@type":"ListItem","position":1,"name":"Not\u00edcias","item":"https:\/\/www.suno.com.br\/noticias\/"},{"@type":"ListItem","position":2,"name":"Economia","item":"https:\/\/www.suno.com.br\/noticias\/economia\/"},{"@type":"ListItem","position":3,"name":"Bullard do Fed indica que economia ainda pode se recuperar em 2020"}]},{"@type":"WebSite","@id":"https:\/\/www.suno.com.br\/noticias\/#website","url":"https:\/\/www.suno.com.br\/noticias\/","name":"Suno Not\u00edcias","description":"Seu portal de informa\u00e7\u00e3o sobre o mundo dos investimentos","publisher":{"@id":"https:\/\/www.suno.com.br\/noticias\/#organization"},"potentialAction":[{"@type":"SearchAction","target":{"@type":"EntryPoint","urlTemplate":"https:\/\/www.suno.com.br\/noticias\/?s={search_term_string}"},"query-input":{"@type":"PropertyValueSpecification","valueRequired":true,"valueName":"search_term_string"}}],"inLanguage":"pt-BR"},{"@type":"Organization","@id":"https:\/\/www.suno.com.br\/noticias\/#organization","name":"Suno Not\u00edcias","url":"https:\/\/www.suno.com.br\/noticias\/","logo":{"@type":"ImageObject","inLanguage":"pt-BR","@id":"https:\/\/www.suno.com.br\/noticias\/#\/schema\/logo\/image\/","url":"https:\/\/files.sunoresearch.com.br\/n\/uploads\/2021\/09\/suno-logo.png","contentUrl":"https:\/\/files.sunoresearch.com.br\/n\/uploads\/2021\/09\/suno-logo.png","width":180,"height":180,"caption":"Suno Not\u00edcias"},"image":{"@id":"https:\/\/www.suno.com.br\/noticias\/#\/schema\/logo\/image\/"},"sameAs":["https:\/\/facebook.com\/sunoresearch","https:\/\/x.com\/sunoresearch","https:\/\/www.instagram.com\/suno","https:\/\/www.linkedin.com\/company\/suno-research\/","https:\/\/www.youtube.com\/c\/sunoresearch"]},{"@type":"Person","@id":"https:\/\/www.suno.com.br\/noticias\/#\/schema\/person\/a7796c19fcf6bafd03b9a2fa1fd9ae20","name":"Daniel Guimar\u00e3es","image":{"@type":"ImageObject","inLanguage":"pt-BR","@id":"https:\/\/www.suno.com.br\/noticias\/#\/schema\/person\/image\/","url":"https:\/\/secure.gravatar.com\/avatar\/fb8260757609f58f0c0ac079d1b32eff?s=96&r=g","contentUrl":"https:\/\/secure.gravatar.com\/avatar\/fb8260757609f58f0c0ac079d1b32eff?s=96&r=g","caption":"Daniel Guimar\u00e3es"},"description":"Estagi\u00e1rio na Suno Not\u00edcias, Daniel escreve not\u00edcias que afetam o mercado financeiro brasileiro e internacional. Estuda economia na Rutgers University, em New Jersey.","sameAs":["suno.research"],"url":"https:\/\/www.suno.com.br\/noticias\/author\/daniel\/"}]}},"default_loop_html":"<div class=\"cardsPage__listCard__boxs\"><div class=\"cardsPage__listCard__boxs__img\"><a href=\"https:\/\/www.suno.com.br\/noticias\/bullard-fed-indica-economia-eua-ainda-pode-recuperar-2020\/\"><img class=\"mask\" src=\"https:\/\/www.suno.com.br\/noticias\/wp-content\/themes\/suno\/resources\/images\/spotlight\/spotlight1img\/bg-mask.png\" alt=\"Image Mask\"\/><img src=\"https:\/\/files.sunoresearch.com.br\/n\/uploads\/2019\/06\/f93137b9-fed-400x200.webp\" alt=\"Bullard do Fed indica que economia ainda pode se recuperar em 2020\"\/><\/a><span class=\"spotlightCategory\"><a href=\"https:\/\/www.suno.com.br\/noticias\/economia\/\">Economia<\/a><\/span><\/div><div class=\"cardsPage__listCard__boxs__content\"><a href=\"https:\/\/www.suno.com.br\/noticias\/bullard-fed-indica-economia-eua-ainda-pode-recuperar-2020\/\"><h2 class=\"content__title\">Bullard do Fed indica que economia ainda pode se recuperar em 2020<\/h2><\/a><div class=\"newsContent__article__meta\"><div class=\"newsContent__article__meta__authorBox\"><a href=\"https:\/\/www.suno.com.br\/noticias\/author\/daniel\/\" class=\"authorBox__avatar noMobi\"><img src=\"https:\/\/files.sunoresearch.com.br\/n\/uploads\/2020\/08\/e51aadd2-whatsapp-image-2020-08-03-at-14.03.48-150x150.webp\" alt=\"Daniel Guimar\u00e3es\"><\/a><div class=\"authorBox__name\"><span>por\n\t\t\t<a href=\"https:\/\/www.suno.com.br\/noticias\/author\/daniel\/\"><span itemprop=\"author\">Daniel Guimar\u00e3es<\/span><\/a><\/span><time datetime=\"2020-07-14T19:04:18-03:00\" itemprop=\"datePublished\">14\/07\/2020 19:04<\/time><\/div><\/div><\/div><\/div><\/div>","single_layout":"posts","amp_enabled":true,"_links":{"self":[{"href":"https:\/\/www.suno.com.br\/noticias\/wp-json\/wp\/v2\/posts\/73142"}],"collection":[{"href":"https:\/\/www.suno.com.br\/noticias\/wp-json\/wp\/v2\/posts"}],"about":[{"href":"https:\/\/www.suno.com.br\/noticias\/wp-json\/wp\/v2\/types\/post"}],"author":[{"embeddable":true,"href":"https:\/\/www.suno.com.br\/noticias\/wp-json\/wp\/v2\/users\/44"}],"replies":[{"embeddable":true,"href":"https:\/\/www.suno.com.br\/noticias\/wp-json\/wp\/v2\/comments?post=73142"}],"version-history":[{"count":1,"href":"https:\/\/www.suno.com.br\/noticias\/wp-json\/wp\/v2\/posts\/73142\/revisions"}],"predecessor-version":[{"id":153911,"href":"https:\/\/www.suno.com.br\/noticias\/wp-json\/wp\/v2\/posts\/73142\/revisions\/153911"}],"wp:featuredmedia":[{"embeddable":true,"href":"https:\/\/www.suno.com.br\/noticias\/wp-json\/wp\/v2\/media\/28614"}],"wp:attachment":[{"href":"https:\/\/www.suno.com.br\/noticias\/wp-json\/wp\/v2\/media?parent=73142"}],"wp:term":[{"taxonomy":"category","embeddable":true,"href":"https:\/\/www.suno.com.br\/noticias\/wp-json\/wp\/v2\/categories?post=73142"},{"taxonomy":"post_tag","embeddable":true,"href":"https:\/\/www.suno.com.br\/noticias\/wp-json\/wp\/v2\/tags?post=73142"},{"taxonomy":"suno_strategy","embeddable":true,"href":"https:\/\/www.suno.com.br\/noticias\/wp-json\/wp\/v2\/suno_strategy?post=73142"}],"curies":[{"name":"wp","href":"https:\/\/api.w.org\/{rel}","templated":true}]}}