{"id":73117,"date":"2020-07-14T18:09:13","date_gmt":"2020-07-14T21:09:13","guid":{"rendered":"https:\/\/www.suno.com.br\/noticias\/?p=73117"},"modified":"2020-07-14T18:09:13","modified_gmt":"2020-07-14T21:09:13","slug":"moderna-dara-inicio-fase-3-vacina-contra-coronavirus-27-julho","status":"publish","type":"post","link":"https:\/\/www.suno.com.br\/noticias\/moderna-dara-inicio-fase-3-vacina-contra-coronavirus-27-julho\/","title":{"rendered":"Moderna dar\u00e1 in\u00edcio a fase 3 da vacina contra coronav\u00edrus em 27 de julho"},"content":{"rendered":"<p>A empresa norte-americana de biotecnologia, Moderna (<a href=\"https:\/\/www.suno.com.br\/artigos\/nasdaq\/\">NASDAQ<\/a>: MRNA), dar\u00e1 in\u00edcio ao teste clinico final da sua potencial vacina contra o <strong>coronav\u00edrus (covid-19)<\/strong> em 27 de julho. A informa\u00e7\u00e3o foi divulgada pelo site ClinicalTrials.gov nesta ter\u00e7a-feira (14).<\/p>\t<div class=\"wrapper-featured-image\">\n\t\t<figure class=\"spotlightImg\">\n\n\t\t\t<picture>\n\t\t\t\t<source media=\"(max-width: 768px)\" srcset=\"https:\/\/files.sunoresearch.com.br\/n\/uploads\/2020\/03\/a10df103-vacina-400x200.webp\">\n\t\t\t\t<img loading=\"lazy\" decoding=\"async\" class=\"newsContent__article__imgCapa lazyloadDisabled newsContent__article__imgCapa--noCaption\" src=\"https:\/\/files.sunoresearch.com.br\/n\/uploads\/2020\/03\/a10df103-vacina-jpg.webp\" width=\"800\" height=\"450\" alt=\"Moderna dar\u00e1 in\u00edcio a fase 3 da vacina contra coronav\u00edrus em 27 de julho\" fetchpriority=high \/>\n\t\t\t<\/picture>\n\n\t\t\t<figcaption class=\"wp-caption-text wp-caption-text--hide\">O Minist\u00e9rio da Sa\u00fade comunicou que ainda \u00e9 cedo para falar de falhas na vacina<\/figcaption>\n\t\t<\/figure>\n\t<\/div>\n\n\n\n<p>A empresa, que est\u00e1 trabalhando em colabora\u00e7\u00e3o com o Instituto Nacional de Alergia e Doen\u00e7as Infecciosas dos <strong>EUA<\/strong>, realizar\u00e1 a fase 3 do estudo com 30 mil participantes, que receber\u00e3o uma dose de 100 microgramas d<span style=\"font-size: 19.4286px;\">a vacina candidata em 27 de julho, e outra dose 29 dias depois<\/span><span style=\"font-size: 1.21429rem;\">. A not\u00edcia levou as a\u00e7\u00f5es da empresa a alcan\u00e7arem uma alta de 4,6% durante o preg\u00e3o desta ter\u00e7a-feira.<\/span><\/p>\n<p>A vacina da Moderna \u00e9 uma das principais entre as candidatas ao tratamento do covid-19. Diferentemente das vacinas tradicionais, que injetam um v\u00edrus enfraquecido ou inativado ou um peda\u00e7o de v\u00edrus para desencadear uma resposta imune, o produto da Moderna usa o material gen\u00e9tico chamado <strong>RNA mensageiro<\/strong> para fazer com que as c\u00e9lulas produzam a prote\u00edna do coronav\u00edrus. O objetivo \u00e9 produzir anticorpos contra o v\u00edrus, que protejam contra doen\u00e7as quando algu\u00e9m \u00e9 exposto ao coronav\u00edrus.<\/p>\n<p><a href=\"https:\/\/lp.suno.com.br\/suno-one\/\">No Suno One voc\u00ea aprende a fazer seu dinheiro para trabalhar para voc\u00ea. Cadastre-se gratuitamente agora!<\/a><\/p>\n<p><span style=\"font-size: 19.4286px;\">Em maio, a<\/span>\u00a0empresa realizou um estudo de sua vacina, a <strong>mRNA-1273<\/strong>, em 600 adultos. Em nota divulgada naquele m\u00eas, a empresa informou que 350 pessoas j\u00e1 haviam sido selecionadas para a fase final de testes, j\u00e1\u00a0 que o tratamento apresentou pelo, menos nestes testes iniciais, uma resposta imune em oito volunt\u00e1rios que o receberam no m\u00eas de mar\u00e7o.<\/p>\n<h2>Pa\u00edses ao redor do mundo correm para encontrar um tratamento para o coronav\u00edrus<\/h2>\n<p>A Universidade de Sechenov, da R\u00fassia, informou que os testes cl\u00ednicos de uma vacina contra o novo <a href=\"https:\/\/www.suno.com.br\/noticias\/tags\/coronavirus\/\"><strong>coronav\u00edrus<\/strong> (Covid-19)<\/a> foram conclu\u00eddos. A chefe da pesquisa, Elena Smolyarchuk, em entrevista \u00e0 ag\u00eancia russa &#8220;TASS&#8221;, afirmou que o estudo e as aplica\u00e7\u00f5es mostraram que a vacina \u00e9 efetiva contra a doen\u00e7a. Segundo informa\u00e7\u00f5es divulgadas pelo &#8220;Moscow Times&#8221;, a ideia inicial do pa\u00eds \u00e9 distribuir o a subst\u00e2ncia j\u00e1 em agosto.<\/p>\n<p><a href=\"https:\/\/www.suno.com.br\/noticias\/coronavirus-moderna-resultados-positivos-provisorios-vacina\/\">Saiba mais: Coronav\u00edrus: Moderna anuncia resultados \u2018positivos provis\u00f3rios\u2019 de vacina<\/a><\/p>\n<p>A vacina desenvolvida pelo Gamaleya Institute, entretanto, na lista da <strong>Organiza\u00e7\u00e3o Mundial da Sa\u00fade (OMS)<\/strong>, est\u00e1 em \u201cfase 1 de testes\u201d. Com isso, ela n\u00e3o poderia ser distribu\u00edda j\u00e1 no m\u00eas que vem. Mesmo assim, Smolyarchuk salienta que a vacina desenvolvida \u00e9 seguro. \u201cA pesquisa foi conclu\u00edda e mostrou que a vacina \u00e9 segura. Os volunt\u00e1rios ser\u00e3o liberados nos dias 15 e 20 de julho\u201d, disse a pesquisadora.<\/p>\n\n","protected":false},"excerpt":{"rendered":"<p>A empresa norte-americana de biotecnologia, Moderna (NASDAQ: MRNA), dar\u00e1 in\u00edcio ao teste clinico final da sua potencial vacina contra o coronav\u00edrus (covid-19) em 27 de julho. A informa\u00e7\u00e3o foi divulgada pelo site ClinicalTrials.gov nesta ter\u00e7a-feira (14). O Minist\u00e9rio da Sa\u00fade comunicou que ainda \u00e9 cedo para falar de falhas na vacina A empresa, que est\u00e1 [&hellip;]<\/p>\n","protected":false},"author":44,"featured_media":59444,"comment_status":"closed","ping_status":"closed","sticky":false,"template":"","format":"standard","meta":[],"categories":[64],"tags":[2487,793,36602,866,25002],"suno_strategy":[],"class_list":["post-73117","post","type-post","status-publish","format-standard","has-post-thumbnail","hentry","category-negocios","tag-coronavirus","tag-estados-unidos-eua","tag-moderna","tag-russia","tag-vacina"],"yoast_head":"<!-- This site is optimized with the Yoast SEO plugin v24.4 - https:\/\/yoast.com\/wordpress\/plugins\/seo\/ -->\n<title>Moderna dar\u00e1 in\u00edcio a fase 3 da vacina contra coronav\u00edrus em 27 de julho<\/title>\n<meta name=\"description\" content=\"A Moderna dar\u00e1 in\u00edcio ao teste clinico final da sua potencial vacina contra o coronav\u00edrus (covid-19) em 27 de julho. Clique para ver mais.\" \/>\n<meta name=\"robots\" content=\"index, follow, max-snippet:-1, max-image-preview:large, max-video-preview:-1\" \/>\n<link rel=\"canonical\" href=\"https:\/\/www.suno.com.br\/noticias\/moderna-dara-inicio-fase-3-vacina-contra-coronavirus-27-julho\/\" \/>\n<meta property=\"og:locale\" content=\"pt_BR\" \/>\n<meta property=\"og:type\" content=\"article\" \/>\n<meta property=\"og:title\" content=\"Moderna dar\u00e1 in\u00edcio a fase 3 da vacina contra coronav\u00edrus em 27 de julho\" \/>\n<meta property=\"og:description\" content=\"A Moderna dar\u00e1 in\u00edcio ao teste clinico final da sua potencial vacina contra o coronav\u00edrus (covid-19) em 27 de julho. Clique para ver mais.\" \/>\n<meta property=\"og:url\" content=\"https:\/\/www.suno.com.br\/noticias\/moderna-dara-inicio-fase-3-vacina-contra-coronavirus-27-julho\/\" \/>\n<meta property=\"og:site_name\" content=\"Suno Not\u00edcias\" \/>\n<meta property=\"article:publisher\" content=\"https:\/\/facebook.com\/sunoresearch\" \/>\n<meta property=\"og:image\" content=\"https:\/\/files.sunoresearch.com.br\/n\/uploads\/2020\/03\/a10df103-vacina.jpg\" \/>\n\t<meta property=\"og:image:width\" content=\"700\" \/>\n\t<meta property=\"og:image:height\" content=\"466\" \/>\n\t<meta property=\"og:image:type\" content=\"image\/jpeg\" \/>\n<meta name=\"author\" content=\"Daniel Guimar\u00e3es\" \/>\n<meta name=\"twitter:card\" content=\"summary_large_image\" \/>\n<meta name=\"twitter:creator\" content=\"@sunoresearch\" \/>\n<meta name=\"twitter:site\" content=\"@sunoresearch\" \/>\n<meta name=\"twitter:label1\" content=\"Escrito por\" \/>\n\t<meta name=\"twitter:data1\" content=\"Daniel Guimar\u00e3es\" \/>\n\t<meta name=\"twitter:label2\" content=\"Est. tempo de leitura\" \/>\n\t<meta name=\"twitter:data2\" content=\"2 minutos\" \/>\n<script type=\"application\/ld+json\" class=\"yoast-schema-graph\">{\"@context\":\"https:\/\/schema.org\",\"@graph\":[{\"@type\":\"NewsArticle\",\"@id\":\"https:\/\/www.suno.com.br\/noticias\/moderna-dara-inicio-fase-3-vacina-contra-coronavirus-27-julho\/#article\",\"isPartOf\":{\"@id\":\"https:\/\/www.suno.com.br\/noticias\/moderna-dara-inicio-fase-3-vacina-contra-coronavirus-27-julho\/\"},\"author\":{\"name\":\"Daniel Guimar\u00e3es\",\"@id\":\"https:\/\/www.suno.com.br\/noticias\/#\/schema\/person\/a7796c19fcf6bafd03b9a2fa1fd9ae20\"},\"headline\":\"Moderna dar\u00e1 in\u00edcio a fase 3 da vacina contra coronav\u00edrus em 27 de julho\",\"datePublished\":\"2020-07-14T21:09:13+00:00\",\"mainEntityOfPage\":{\"@id\":\"https:\/\/www.suno.com.br\/noticias\/moderna-dara-inicio-fase-3-vacina-contra-coronavirus-27-julho\/\"},\"wordCount\":463,\"publisher\":{\"@id\":\"https:\/\/www.suno.com.br\/noticias\/#organization\"},\"image\":{\"@id\":\"https:\/\/www.suno.com.br\/noticias\/moderna-dara-inicio-fase-3-vacina-contra-coronavirus-27-julho\/#primaryimage\"},\"thumbnailUrl\":\"https:\/\/files.sunoresearch.com.br\/n\/uploads\/2020\/03\/a10df103-vacina-jpg.webp\",\"keywords\":[\"coronav\u00edrus\",\"Estados Unidos (EUA)\",\"Moderna\",\"R\u00fassia\",\"vacina\"],\"articleSection\":[\"Neg\u00f3cios\"],\"inLanguage\":\"pt-BR\"},{\"@type\":\"WebPage\",\"@id\":\"https:\/\/www.suno.com.br\/noticias\/moderna-dara-inicio-fase-3-vacina-contra-coronavirus-27-julho\/\",\"url\":\"https:\/\/www.suno.com.br\/noticias\/moderna-dara-inicio-fase-3-vacina-contra-coronavirus-27-julho\/\",\"name\":\"Moderna dar\u00e1 in\u00edcio a fase 3 da vacina contra coronav\u00edrus em 27 de julho\",\"isPartOf\":{\"@id\":\"https:\/\/www.suno.com.br\/noticias\/#website\"},\"primaryImageOfPage\":{\"@id\":\"https:\/\/www.suno.com.br\/noticias\/moderna-dara-inicio-fase-3-vacina-contra-coronavirus-27-julho\/#primaryimage\"},\"image\":{\"@id\":\"https:\/\/www.suno.com.br\/noticias\/moderna-dara-inicio-fase-3-vacina-contra-coronavirus-27-julho\/#primaryimage\"},\"thumbnailUrl\":\"https:\/\/files.sunoresearch.com.br\/n\/uploads\/2020\/03\/a10df103-vacina-jpg.webp\",\"datePublished\":\"2020-07-14T21:09:13+00:00\",\"description\":\"A Moderna dar\u00e1 in\u00edcio ao teste clinico final da sua potencial vacina contra o coronav\u00edrus (covid-19) em 27 de julho. Clique para ver mais.\",\"breadcrumb\":{\"@id\":\"https:\/\/www.suno.com.br\/noticias\/moderna-dara-inicio-fase-3-vacina-contra-coronavirus-27-julho\/#breadcrumb\"},\"inLanguage\":\"pt-BR\",\"potentialAction\":[{\"@type\":\"ReadAction\",\"target\":[\"https:\/\/www.suno.com.br\/noticias\/moderna-dara-inicio-fase-3-vacina-contra-coronavirus-27-julho\/\"]}]},{\"@type\":\"ImageObject\",\"inLanguage\":\"pt-BR\",\"@id\":\"https:\/\/www.suno.com.br\/noticias\/moderna-dara-inicio-fase-3-vacina-contra-coronavirus-27-julho\/#primaryimage\",\"url\":\"https:\/\/files.sunoresearch.com.br\/n\/uploads\/2020\/03\/a10df103-vacina-jpg.webp\",\"contentUrl\":\"https:\/\/files.sunoresearch.com.br\/n\/uploads\/2020\/03\/a10df103-vacina-jpg.webp\",\"width\":700,\"height\":466,\"caption\":\"O Minist\u00e9rio da Sa\u00fade comunicou que ainda \u00e9 cedo para falar de falhas na vacina\"},{\"@type\":\"BreadcrumbList\",\"@id\":\"https:\/\/www.suno.com.br\/noticias\/moderna-dara-inicio-fase-3-vacina-contra-coronavirus-27-julho\/#breadcrumb\",\"itemListElement\":[{\"@type\":\"ListItem\",\"position\":1,\"name\":\"Not\u00edcias\",\"item\":\"https:\/\/www.suno.com.br\/noticias\/\"},{\"@type\":\"ListItem\",\"position\":2,\"name\":\"Neg\u00f3cios\",\"item\":\"https:\/\/www.suno.com.br\/noticias\/negocios\/\"},{\"@type\":\"ListItem\",\"position\":3,\"name\":\"Moderna dar\u00e1 in\u00edcio a fase 3 da vacina contra coronav\u00edrus em 27 de julho\"}]},{\"@type\":\"WebSite\",\"@id\":\"https:\/\/www.suno.com.br\/noticias\/#website\",\"url\":\"https:\/\/www.suno.com.br\/noticias\/\",\"name\":\"Suno Not\u00edcias\",\"description\":\"Seu portal de informa\u00e7\u00e3o sobre o mundo dos investimentos\",\"publisher\":{\"@id\":\"https:\/\/www.suno.com.br\/noticias\/#organization\"},\"potentialAction\":[{\"@type\":\"SearchAction\",\"target\":{\"@type\":\"EntryPoint\",\"urlTemplate\":\"https:\/\/www.suno.com.br\/noticias\/?s={search_term_string}\"},\"query-input\":{\"@type\":\"PropertyValueSpecification\",\"valueRequired\":true,\"valueName\":\"search_term_string\"}}],\"inLanguage\":\"pt-BR\"},{\"@type\":\"Organization\",\"@id\":\"https:\/\/www.suno.com.br\/noticias\/#organization\",\"name\":\"Suno Not\u00edcias\",\"url\":\"https:\/\/www.suno.com.br\/noticias\/\",\"logo\":{\"@type\":\"ImageObject\",\"inLanguage\":\"pt-BR\",\"@id\":\"https:\/\/www.suno.com.br\/noticias\/#\/schema\/logo\/image\/\",\"url\":\"https:\/\/files.sunoresearch.com.br\/n\/uploads\/2021\/09\/suno-logo.png\",\"contentUrl\":\"https:\/\/files.sunoresearch.com.br\/n\/uploads\/2021\/09\/suno-logo.png\",\"width\":180,\"height\":180,\"caption\":\"Suno Not\u00edcias\"},\"image\":{\"@id\":\"https:\/\/www.suno.com.br\/noticias\/#\/schema\/logo\/image\/\"},\"sameAs\":[\"https:\/\/facebook.com\/sunoresearch\",\"https:\/\/x.com\/sunoresearch\",\"https:\/\/www.instagram.com\/suno\",\"https:\/\/www.linkedin.com\/company\/suno-research\/\",\"https:\/\/www.youtube.com\/c\/sunoresearch\"]},{\"@type\":\"Person\",\"@id\":\"https:\/\/www.suno.com.br\/noticias\/#\/schema\/person\/a7796c19fcf6bafd03b9a2fa1fd9ae20\",\"name\":\"Daniel Guimar\u00e3es\",\"image\":{\"@type\":\"ImageObject\",\"inLanguage\":\"pt-BR\",\"@id\":\"https:\/\/www.suno.com.br\/noticias\/#\/schema\/person\/image\/\",\"url\":\"https:\/\/secure.gravatar.com\/avatar\/fb8260757609f58f0c0ac079d1b32eff?s=96&r=g\",\"contentUrl\":\"https:\/\/secure.gravatar.com\/avatar\/fb8260757609f58f0c0ac079d1b32eff?s=96&r=g\",\"caption\":\"Daniel Guimar\u00e3es\"},\"description\":\"Estagi\u00e1rio na Suno Not\u00edcias, Daniel escreve not\u00edcias que afetam o mercado financeiro brasileiro e internacional. Estuda economia na Rutgers University, em New Jersey.\",\"sameAs\":[\"suno.research\"],\"url\":\"https:\/\/www.suno.com.br\/noticias\/author\/daniel\/\"}]}<\/script>\n<!-- \/ Yoast SEO plugin. -->","yoast_head_json":{"title":"Moderna dar\u00e1 in\u00edcio a fase 3 da vacina contra coronav\u00edrus em 27 de julho","description":"A Moderna dar\u00e1 in\u00edcio ao teste clinico final da sua potencial vacina contra o coronav\u00edrus (covid-19) em 27 de julho. Clique para ver mais.","robots":{"index":"index","follow":"follow","max-snippet":"max-snippet:-1","max-image-preview":"max-image-preview:large","max-video-preview":"max-video-preview:-1"},"canonical":"https:\/\/www.suno.com.br\/noticias\/moderna-dara-inicio-fase-3-vacina-contra-coronavirus-27-julho\/","og_locale":"pt_BR","og_type":"article","og_title":"Moderna dar\u00e1 in\u00edcio a fase 3 da vacina contra coronav\u00edrus em 27 de julho","og_description":"A Moderna dar\u00e1 in\u00edcio ao teste clinico final da sua potencial vacina contra o coronav\u00edrus (covid-19) em 27 de julho. Clique para ver mais.","og_url":"https:\/\/www.suno.com.br\/noticias\/moderna-dara-inicio-fase-3-vacina-contra-coronavirus-27-julho\/","og_site_name":"Suno Not\u00edcias","article_publisher":"https:\/\/facebook.com\/sunoresearch","og_image":[{"width":700,"height":466,"url":"https:\/\/files.sunoresearch.com.br\/n\/uploads\/2020\/03\/a10df103-vacina.jpg","type":"image\/jpeg"}],"author":"Daniel Guimar\u00e3es","twitter_card":"summary_large_image","twitter_creator":"@sunoresearch","twitter_site":"@sunoresearch","twitter_misc":{"Escrito por":"Daniel Guimar\u00e3es","Est. tempo de leitura":"2 minutos"},"schema":{"@context":"https:\/\/schema.org","@graph":[{"@type":"NewsArticle","@id":"https:\/\/www.suno.com.br\/noticias\/moderna-dara-inicio-fase-3-vacina-contra-coronavirus-27-julho\/#article","isPartOf":{"@id":"https:\/\/www.suno.com.br\/noticias\/moderna-dara-inicio-fase-3-vacina-contra-coronavirus-27-julho\/"},"author":{"name":"Daniel Guimar\u00e3es","@id":"https:\/\/www.suno.com.br\/noticias\/#\/schema\/person\/a7796c19fcf6bafd03b9a2fa1fd9ae20"},"headline":"Moderna dar\u00e1 in\u00edcio a fase 3 da vacina contra coronav\u00edrus em 27 de julho","datePublished":"2020-07-14T21:09:13+00:00","mainEntityOfPage":{"@id":"https:\/\/www.suno.com.br\/noticias\/moderna-dara-inicio-fase-3-vacina-contra-coronavirus-27-julho\/"},"wordCount":463,"publisher":{"@id":"https:\/\/www.suno.com.br\/noticias\/#organization"},"image":{"@id":"https:\/\/www.suno.com.br\/noticias\/moderna-dara-inicio-fase-3-vacina-contra-coronavirus-27-julho\/#primaryimage"},"thumbnailUrl":"https:\/\/files.sunoresearch.com.br\/n\/uploads\/2020\/03\/a10df103-vacina-jpg.webp","keywords":["coronav\u00edrus","Estados Unidos (EUA)","Moderna","R\u00fassia","vacina"],"articleSection":["Neg\u00f3cios"],"inLanguage":"pt-BR"},{"@type":"WebPage","@id":"https:\/\/www.suno.com.br\/noticias\/moderna-dara-inicio-fase-3-vacina-contra-coronavirus-27-julho\/","url":"https:\/\/www.suno.com.br\/noticias\/moderna-dara-inicio-fase-3-vacina-contra-coronavirus-27-julho\/","name":"Moderna dar\u00e1 in\u00edcio a fase 3 da vacina contra coronav\u00edrus em 27 de julho","isPartOf":{"@id":"https:\/\/www.suno.com.br\/noticias\/#website"},"primaryImageOfPage":{"@id":"https:\/\/www.suno.com.br\/noticias\/moderna-dara-inicio-fase-3-vacina-contra-coronavirus-27-julho\/#primaryimage"},"image":{"@id":"https:\/\/www.suno.com.br\/noticias\/moderna-dara-inicio-fase-3-vacina-contra-coronavirus-27-julho\/#primaryimage"},"thumbnailUrl":"https:\/\/files.sunoresearch.com.br\/n\/uploads\/2020\/03\/a10df103-vacina-jpg.webp","datePublished":"2020-07-14T21:09:13+00:00","description":"A Moderna dar\u00e1 in\u00edcio ao teste clinico final da sua potencial vacina contra o coronav\u00edrus (covid-19) em 27 de julho. Clique para ver mais.","breadcrumb":{"@id":"https:\/\/www.suno.com.br\/noticias\/moderna-dara-inicio-fase-3-vacina-contra-coronavirus-27-julho\/#breadcrumb"},"inLanguage":"pt-BR","potentialAction":[{"@type":"ReadAction","target":["https:\/\/www.suno.com.br\/noticias\/moderna-dara-inicio-fase-3-vacina-contra-coronavirus-27-julho\/"]}]},{"@type":"ImageObject","inLanguage":"pt-BR","@id":"https:\/\/www.suno.com.br\/noticias\/moderna-dara-inicio-fase-3-vacina-contra-coronavirus-27-julho\/#primaryimage","url":"https:\/\/files.sunoresearch.com.br\/n\/uploads\/2020\/03\/a10df103-vacina-jpg.webp","contentUrl":"https:\/\/files.sunoresearch.com.br\/n\/uploads\/2020\/03\/a10df103-vacina-jpg.webp","width":700,"height":466,"caption":"O Minist\u00e9rio da Sa\u00fade comunicou que ainda \u00e9 cedo para falar de falhas na vacina"},{"@type":"BreadcrumbList","@id":"https:\/\/www.suno.com.br\/noticias\/moderna-dara-inicio-fase-3-vacina-contra-coronavirus-27-julho\/#breadcrumb","itemListElement":[{"@type":"ListItem","position":1,"name":"Not\u00edcias","item":"https:\/\/www.suno.com.br\/noticias\/"},{"@type":"ListItem","position":2,"name":"Neg\u00f3cios","item":"https:\/\/www.suno.com.br\/noticias\/negocios\/"},{"@type":"ListItem","position":3,"name":"Moderna dar\u00e1 in\u00edcio a fase 3 da vacina contra coronav\u00edrus em 27 de julho"}]},{"@type":"WebSite","@id":"https:\/\/www.suno.com.br\/noticias\/#website","url":"https:\/\/www.suno.com.br\/noticias\/","name":"Suno Not\u00edcias","description":"Seu portal de informa\u00e7\u00e3o sobre o mundo dos investimentos","publisher":{"@id":"https:\/\/www.suno.com.br\/noticias\/#organization"},"potentialAction":[{"@type":"SearchAction","target":{"@type":"EntryPoint","urlTemplate":"https:\/\/www.suno.com.br\/noticias\/?s={search_term_string}"},"query-input":{"@type":"PropertyValueSpecification","valueRequired":true,"valueName":"search_term_string"}}],"inLanguage":"pt-BR"},{"@type":"Organization","@id":"https:\/\/www.suno.com.br\/noticias\/#organization","name":"Suno Not\u00edcias","url":"https:\/\/www.suno.com.br\/noticias\/","logo":{"@type":"ImageObject","inLanguage":"pt-BR","@id":"https:\/\/www.suno.com.br\/noticias\/#\/schema\/logo\/image\/","url":"https:\/\/files.sunoresearch.com.br\/n\/uploads\/2021\/09\/suno-logo.png","contentUrl":"https:\/\/files.sunoresearch.com.br\/n\/uploads\/2021\/09\/suno-logo.png","width":180,"height":180,"caption":"Suno Not\u00edcias"},"image":{"@id":"https:\/\/www.suno.com.br\/noticias\/#\/schema\/logo\/image\/"},"sameAs":["https:\/\/facebook.com\/sunoresearch","https:\/\/x.com\/sunoresearch","https:\/\/www.instagram.com\/suno","https:\/\/www.linkedin.com\/company\/suno-research\/","https:\/\/www.youtube.com\/c\/sunoresearch"]},{"@type":"Person","@id":"https:\/\/www.suno.com.br\/noticias\/#\/schema\/person\/a7796c19fcf6bafd03b9a2fa1fd9ae20","name":"Daniel Guimar\u00e3es","image":{"@type":"ImageObject","inLanguage":"pt-BR","@id":"https:\/\/www.suno.com.br\/noticias\/#\/schema\/person\/image\/","url":"https:\/\/secure.gravatar.com\/avatar\/fb8260757609f58f0c0ac079d1b32eff?s=96&r=g","contentUrl":"https:\/\/secure.gravatar.com\/avatar\/fb8260757609f58f0c0ac079d1b32eff?s=96&r=g","caption":"Daniel Guimar\u00e3es"},"description":"Estagi\u00e1rio na Suno Not\u00edcias, Daniel escreve not\u00edcias que afetam o mercado financeiro brasileiro e internacional. Estuda economia na Rutgers University, em New Jersey.","sameAs":["suno.research"],"url":"https:\/\/www.suno.com.br\/noticias\/author\/daniel\/"}]}},"default_loop_html":"<div class=\"cardsPage__listCard__boxs\"><div class=\"cardsPage__listCard__boxs__img\"><a href=\"https:\/\/www.suno.com.br\/noticias\/moderna-dara-inicio-fase-3-vacina-contra-coronavirus-27-julho\/\"><img class=\"mask\" src=\"https:\/\/www.suno.com.br\/noticias\/wp-content\/themes\/suno\/resources\/images\/spotlight\/spotlight1img\/bg-mask.png\" alt=\"Image Mask\"\/><img src=\"https:\/\/files.sunoresearch.com.br\/n\/uploads\/2020\/03\/a10df103-vacina-400x200.webp\" alt=\"Moderna dar\u00e1 in\u00edcio a fase 3 da vacina contra coronav\u00edrus em 27 de julho\"\/><\/a><span class=\"spotlightCategory\"><a href=\"https:\/\/www.suno.com.br\/noticias\/negocios\/\">Neg\u00f3cios<\/a><\/span><\/div><div class=\"cardsPage__listCard__boxs__content\"><a href=\"https:\/\/www.suno.com.br\/noticias\/moderna-dara-inicio-fase-3-vacina-contra-coronavirus-27-julho\/\"><h2 class=\"content__title\">Moderna dar\u00e1 in\u00edcio a fase 3 da vacina contra coronav\u00edrus em 27 de julho<\/h2><\/a><div class=\"newsContent__article__meta\"><div class=\"newsContent__article__meta__authorBox\"><a href=\"https:\/\/www.suno.com.br\/noticias\/author\/daniel\/\" class=\"authorBox__avatar noMobi\"><img src=\"https:\/\/files.sunoresearch.com.br\/n\/uploads\/2020\/08\/e51aadd2-whatsapp-image-2020-08-03-at-14.03.48-150x150.webp\" alt=\"Daniel Guimar\u00e3es\"><\/a><div class=\"authorBox__name\"><span>por\n\t\t\t<a href=\"https:\/\/www.suno.com.br\/noticias\/author\/daniel\/\"><span itemprop=\"author\">Daniel Guimar\u00e3es<\/span><\/a><\/span><time datetime=\"2020-07-14T18:09:13-03:00\" itemprop=\"datePublished\">14\/07\/2020 18:09<\/time><\/div><\/div><\/div><\/div><\/div>","single_layout":"posts","amp_enabled":true,"_links":{"self":[{"href":"https:\/\/www.suno.com.br\/noticias\/wp-json\/wp\/v2\/posts\/73117"}],"collection":[{"href":"https:\/\/www.suno.com.br\/noticias\/wp-json\/wp\/v2\/posts"}],"about":[{"href":"https:\/\/www.suno.com.br\/noticias\/wp-json\/wp\/v2\/types\/post"}],"author":[{"embeddable":true,"href":"https:\/\/www.suno.com.br\/noticias\/wp-json\/wp\/v2\/users\/44"}],"replies":[{"embeddable":true,"href":"https:\/\/www.suno.com.br\/noticias\/wp-json\/wp\/v2\/comments?post=73117"}],"version-history":[{"count":0,"href":"https:\/\/www.suno.com.br\/noticias\/wp-json\/wp\/v2\/posts\/73117\/revisions"}],"wp:featuredmedia":[{"embeddable":true,"href":"https:\/\/www.suno.com.br\/noticias\/wp-json\/wp\/v2\/media\/59444"}],"wp:attachment":[{"href":"https:\/\/www.suno.com.br\/noticias\/wp-json\/wp\/v2\/media?parent=73117"}],"wp:term":[{"taxonomy":"category","embeddable":true,"href":"https:\/\/www.suno.com.br\/noticias\/wp-json\/wp\/v2\/categories?post=73117"},{"taxonomy":"post_tag","embeddable":true,"href":"https:\/\/www.suno.com.br\/noticias\/wp-json\/wp\/v2\/tags?post=73117"},{"taxonomy":"suno_strategy","embeddable":true,"href":"https:\/\/www.suno.com.br\/noticias\/wp-json\/wp\/v2\/suno_strategy?post=73117"}],"curies":[{"name":"wp","href":"https:\/\/api.w.org\/{rel}","templated":true}]}}