{"id":72998,"date":"2020-07-14T08:58:40","date_gmt":"2020-07-14T11:58:40","guid":{"rendered":"https:\/\/www.suno.com.br\/noticias\/?p=72998"},"modified":"2020-07-14T09:00:14","modified_gmt":"2020-07-14T12:00:14","slug":"justica-determina-prazo-de-5-dias-para-smiles-smls3-se-manifestar-sobre-acordo-com-a-gol","status":"publish","type":"post","link":"https:\/\/www.suno.com.br\/noticias\/justica-determina-prazo-de-5-dias-para-smiles-smls3-se-manifestar-sobre-acordo-com-a-gol\/","title":{"rendered":"Justi\u00e7a determina que Smiles (SMLS3) se manifeste sobre acordo com a Gol"},"content":{"rendered":"<p>A Justi\u00e7a, em resposta ao pedido de liminar feito pelos acionistas minorit\u00e1rios da <a href=\"https:\/\/www.suno.com.br\/acoes\/smls3\/\"><strong>Smiles<\/strong> (SMLS3)<\/a> sobre o acordo com a <a href=\"https:\/\/www.suno.com.br\/acoes\/goll4\/\">Gol (GOLL4)<\/a>, deu cinco dias para empresa de milhas se manifestar sobre a solicita\u00e7\u00e3o de seus s\u00f3cios.<\/p>\t<div class=\"wrapper-featured-image\">\n\t\t<figure class=\"spotlightImg\">\n\n\t\t\t<picture>\n\t\t\t\t<source media=\"(max-width: 768px)\" srcset=\"https:\/\/files.sunoresearch.com.br\/n\/uploads\/2019\/06\/4f06244d-smiles-400x200.webp\">\n\t\t\t\t<img loading=\"lazy\" decoding=\"async\" class=\"newsContent__article__imgCapa lazyloadDisabled newsContent__article__imgCapa--noCaption\" src=\"https:\/\/files.sunoresearch.com.br\/n\/uploads\/2019\/06\/4f06244d-smiles-800x450.webp\" width=\"800\" height=\"450\" alt=\"Justi\u00e7a determina que Smiles (SMLS3) se manifeste sobre acordo com a Gol\" fetchpriority=high \/>\n\t\t\t<\/picture>\n\n\t\t\t<figcaption class=\"wp-caption-text wp-caption-text--hide\">Smiles Fidelidade (Foto: Divulga\u00e7\u00e3o)<\/figcaption>\n\t\t<\/figure>\n\t<\/div>\n\n\n\n<p>Um grupo de acionistas da Smiles tenta invalidar o acordo de compra antecipada de passagens a\u00e9reas da Gol no valor de R$ 1,2 bilh\u00e3o. Os s\u00f3cios foram \u00e0 Justi\u00e7a solicitar que o valor da transa\u00e7\u00e3o seja depositado em uma conta judicial at\u00e9 que a arbitragem seja conclu\u00edda.<\/p>\n<p>&#8220;Considerando as peculiaridades do caso, entendo ser importante a manifesta\u00e7\u00e3o da parte r\u00e9 sobre o pedido de tutela de ur\u00eancia&#8221;, afirmou a ju\u00edza Paula da Rocha Silva e Formoso, da 1\u00aa Vara Empresarial e Conflitos de Arbitragem de S\u00e3o Paulo, na \u00faltima segunda-feira (13).<\/p>\n<p><a href=\"https:\/\/lp.suno.com.br\/suno-one\/\">No Suno One voc\u00ea aprende a fazer seu dinheiro trabalhar para voc\u00ea. Cadastre-se gratuitamente agora!<\/a><\/p>\n<p>Os s\u00f3cios j\u00e1 estavam insatisfeito com o acionista maiorit\u00e1rio da Smiles &#8212; a Gol que det\u00e9m 52% de participa\u00e7\u00e3o. A compra antecipada de passagens, segundo os advogados de tr\u00eas fundos de investimentos que, juntos, t\u00eam 4% das a\u00e7\u00f5es da empresa de milhas, &#8220;n\u00e3o est\u00e1 sendo realizada pelo interesse da companhia, mas da sua controladora&#8221;.<\/p>\n<p>Na semana passada, os minorit\u00e1rios protocolaram o pedido de uma realiza\u00e7\u00e3o de uma assembleia extraordin\u00e1ria para discutir o assunto. O prazo se encerra nesta ter\u00e7a-feira (14). Se a empresa de milhas n\u00e3o convocar a reuni\u00e3o dentro do prazo, os acionistas poder\u00e3o convocar.<\/p>\n<p>&#8220;Estamos colocando que essa opera\u00e7\u00e3o \u00e9 afrontosa. Imagina que sou minorit\u00e1rio e estou emprestando para a Gol a uma taxa de 115% do <a href=\"https:\/\/www.suno.com.br\/artigos\/cdi\/\">CDI<\/a> sem garantia nenhuma. Comprando passagem, em meio \u00e0 pandemia, que nem sei se vai ser voada&#8221;, disse um dos advogados, M\u00e1rcio Louzada Carpena.<\/p>\n<p>O valor antecipado equivale a todo o caixa da Smiles no fim do primeiro trimestre. &#8220;Essa estrat\u00e9gia est\u00e1 sendo adotada para que a Gol possa ter acesso ao caixa da Smiles&#8221;, disse o advogado Cesar Verch.<\/p>\n<p>Al\u00e9m disso, o advogado Verch afirmou que se a companhia a\u00e9rea entrar com um pedido de recupera\u00e7\u00e3o judicial, os acionistas da Smiles ficariam no fim da ordem de prefer\u00eancia de ressarcimento.<\/p>\n<p>&#8220;Ou a estrat\u00e9gia d\u00e1 certo e a Gol supera a crise, com a Smiles recebendo somente 115% do CDI, ou d\u00e1 errado e acontece uma recupera\u00e7\u00e3o judicial, caso em que Smiles suporta um risco de cr\u00e9dito sem garantia&#8221;, disse Verch.<\/p>\n<h2>Gol anuncia adiantamento de R$ 1,2 bi na compra de passagens pela Smiles<\/h2>\n<p>A Gol comunicou ao mercado, juntamente com a Smiles, na semana passada, que a empresa de milhas far\u00e1 um adiantamento \u00e0 companhia no valor de R$ 1,2 bilh\u00e3o como venda antecipada de passagens a\u00e9reas.<\/p>\n<p>Por outro lado, a Gol vai proporcionar \u00e0 Smiles desconto m\u00e9dio de 11% nos pre\u00e7os das passagens a\u00e9reas no resto deste ano. O acordo tem dura\u00e7\u00e3o de tr\u00eas anos e at\u00e9 30 de junho de 2023 a companhia vai garantir a venda percentual m\u00ednimo de passagens em tarifa promocional.<\/p>\n<p>A empresa de milhas prev\u00ea com os descontos uma economia, nos pr\u00f3ximos tr\u00eas anos, de R$ 85 milh\u00f5es. O saldo dos cr\u00e9ditos que n\u00e3o forem usados na compra de passagens ser\u00e3o remunerados a uma taxa correspondente a 115% do CDI, &#8220;que incidir\u00e1 sobre o montante do desembolso desde a data em que for transferido \u00e0 Gol at\u00e9 a sua efetiva amortiza\u00e7\u00e3o&#8221;.<\/p>\n<p><p class=\"entry-title typescale-5\"><a href=\"https:\/\/www.suno.com.br\/noticias\/gol-goll4-anuncia-adiantamento-de-r-12-bi-na-compra-de-passagens-pela-smiles\/\">Saiba Mais: Gol (GOLL4) anuncia adiantamento de R$ 1,2 bi na compra de passagens pela Smiles<\/a><\/p>\n<\/p>\n<p>&#8220;A opera\u00e7\u00e3o \u00e9 um investimento estrat\u00e9gico e incremental para a Smiles e sua gera\u00e7\u00e3o de valor decorre primordialmente da manuten\u00e7\u00e3o dos neg\u00f3cios da empresa e da sua gera\u00e7\u00e3o de caixa atual e futura atrav\u00e9s do fortalecimento da Gol, sua principal parceira comercial e operacional e companhia com a qual ela tem uma interdepend\u00eancia intensa, em um momento \u00edmpar de instabilidade&#8221;, informou a <strong>Smiles<\/strong> em seu fato relevante.<\/p>\n\n","protected":false},"excerpt":{"rendered":"<p>A Justi\u00e7a, em resposta ao pedido de liminar feito pelos acionistas minorit\u00e1rios da Smiles (SMLS3) sobre o acordo com a Gol (GOLL4), deu cinco dias para empresa de milhas se manifestar sobre a solicita\u00e7\u00e3o de seus s\u00f3cios. Smiles Fidelidade (Foto: Divulga\u00e7\u00e3o) Um grupo de acionistas da Smiles tenta invalidar o acordo de compra antecipada de [&hellip;]<\/p>\n","protected":false},"author":15,"featured_media":28668,"comment_status":"closed","ping_status":"closed","sticky":false,"template":"","format":"standard","meta":[],"categories":[64],"tags":[489,637],"suno_strategy":[],"class_list":["post-72998","post","type-post","status-publish","format-standard","has-post-thumbnail","hentry","category-negocios","tag-gol-linhas-aereas-goll11-goll4","tag-smiles-smls3"],"yoast_head":"<!-- This site is optimized with the Yoast SEO plugin v24.4 - https:\/\/yoast.com\/wordpress\/plugins\/seo\/ -->\n<title>Justi\u00e7a determina que Smiles se manifeste sobre acordo com a Gol<\/title>\n<meta name=\"description\" content=\"A Justi\u00e7a deu cinco dias para Smiles se manifestar sobre a solicita\u00e7\u00e3o de seus s\u00f3cios de um pedido liminar do acordo com a Gol. Clique aqui\" \/>\n<meta name=\"robots\" content=\"index, follow, max-snippet:-1, max-image-preview:large, max-video-preview:-1\" \/>\n<link rel=\"canonical\" href=\"https:\/\/www.suno.com.br\/noticias\/justica-determina-prazo-de-5-dias-para-smiles-smls3-se-manifestar-sobre-acordo-com-a-gol\/\" \/>\n<meta property=\"og:locale\" content=\"pt_BR\" \/>\n<meta property=\"og:type\" content=\"article\" \/>\n<meta property=\"og:title\" content=\"Justi\u00e7a determina que Smiles se manifeste sobre acordo com a Gol\" \/>\n<meta property=\"og:description\" content=\"A Justi\u00e7a deu cinco dias para Smiles se manifestar sobre a solicita\u00e7\u00e3o de seus s\u00f3cios de um pedido liminar do acordo com a Gol. Clique aqui\" \/>\n<meta property=\"og:url\" content=\"https:\/\/www.suno.com.br\/noticias\/justica-determina-prazo-de-5-dias-para-smiles-smls3-se-manifestar-sobre-acordo-com-a-gol\/\" \/>\n<meta property=\"og:site_name\" content=\"Suno Not\u00edcias\" \/>\n<meta property=\"article:publisher\" content=\"https:\/\/facebook.com\/sunoresearch\" \/>\n<meta property=\"og:image\" content=\"https:\/\/files.sunoresearch.com.br\/n\/uploads\/2019\/06\/4f06244d-smiles.jpg\" \/>\n\t<meta property=\"og:image:width\" content=\"1280\" \/>\n\t<meta property=\"og:image:height\" content=\"853\" \/>\n\t<meta property=\"og:image:type\" content=\"image\/jpeg\" \/>\n<meta name=\"author\" content=\"Poliana Santos\" \/>\n<meta name=\"twitter:card\" content=\"summary_large_image\" \/>\n<meta name=\"twitter:creator\" content=\"@sunoresearch\" \/>\n<meta name=\"twitter:site\" content=\"@sunoresearch\" \/>\n<meta name=\"twitter:label1\" content=\"Escrito por\" \/>\n\t<meta name=\"twitter:data1\" content=\"Poliana Santos\" \/>\n\t<meta name=\"twitter:label2\" content=\"Est. tempo de leitura\" \/>\n\t<meta name=\"twitter:data2\" content=\"3 minutos\" \/>\n<script type=\"application\/ld+json\" class=\"yoast-schema-graph\">{\"@context\":\"https:\/\/schema.org\",\"@graph\":[{\"@type\":\"NewsArticle\",\"@id\":\"https:\/\/www.suno.com.br\/noticias\/justica-determina-prazo-de-5-dias-para-smiles-smls3-se-manifestar-sobre-acordo-com-a-gol\/#article\",\"isPartOf\":{\"@id\":\"https:\/\/www.suno.com.br\/noticias\/justica-determina-prazo-de-5-dias-para-smiles-smls3-se-manifestar-sobre-acordo-com-a-gol\/\"},\"author\":{\"name\":\"Poliana Santos\",\"@id\":\"https:\/\/www.suno.com.br\/noticias\/#\/schema\/person\/02ec1f752758247878a2bf4abee1aeda\"},\"headline\":\"Justi\u00e7a determina que Smiles (SMLS3) se manifeste sobre acordo com a Gol\",\"datePublished\":\"2020-07-14T11:58:40+00:00\",\"dateModified\":\"2020-07-14T12:00:14+00:00\",\"mainEntityOfPage\":{\"@id\":\"https:\/\/www.suno.com.br\/noticias\/justica-determina-prazo-de-5-dias-para-smiles-smls3-se-manifestar-sobre-acordo-com-a-gol\/\"},\"wordCount\":694,\"publisher\":{\"@id\":\"https:\/\/www.suno.com.br\/noticias\/#organization\"},\"image\":{\"@id\":\"https:\/\/www.suno.com.br\/noticias\/justica-determina-prazo-de-5-dias-para-smiles-smls3-se-manifestar-sobre-acordo-com-a-gol\/#primaryimage\"},\"thumbnailUrl\":\"https:\/\/files.sunoresearch.com.br\/n\/uploads\/2019\/06\/4f06244d-smiles-jpg.webp\",\"keywords\":[\"Gol Linhas A\u00e9reas (GOLL11\/GOLL4)\",\"Smiles (SMLS3)\"],\"articleSection\":[\"Neg\u00f3cios\"],\"inLanguage\":\"pt-BR\"},{\"@type\":\"WebPage\",\"@id\":\"https:\/\/www.suno.com.br\/noticias\/justica-determina-prazo-de-5-dias-para-smiles-smls3-se-manifestar-sobre-acordo-com-a-gol\/\",\"url\":\"https:\/\/www.suno.com.br\/noticias\/justica-determina-prazo-de-5-dias-para-smiles-smls3-se-manifestar-sobre-acordo-com-a-gol\/\",\"name\":\"Justi\u00e7a determina que Smiles se manifeste sobre acordo com a Gol\",\"isPartOf\":{\"@id\":\"https:\/\/www.suno.com.br\/noticias\/#website\"},\"primaryImageOfPage\":{\"@id\":\"https:\/\/www.suno.com.br\/noticias\/justica-determina-prazo-de-5-dias-para-smiles-smls3-se-manifestar-sobre-acordo-com-a-gol\/#primaryimage\"},\"image\":{\"@id\":\"https:\/\/www.suno.com.br\/noticias\/justica-determina-prazo-de-5-dias-para-smiles-smls3-se-manifestar-sobre-acordo-com-a-gol\/#primaryimage\"},\"thumbnailUrl\":\"https:\/\/files.sunoresearch.com.br\/n\/uploads\/2019\/06\/4f06244d-smiles-jpg.webp\",\"datePublished\":\"2020-07-14T11:58:40+00:00\",\"dateModified\":\"2020-07-14T12:00:14+00:00\",\"description\":\"A Justi\u00e7a deu cinco dias para Smiles se manifestar sobre a solicita\u00e7\u00e3o de seus s\u00f3cios de um pedido liminar do acordo com a Gol. Clique aqui\",\"breadcrumb\":{\"@id\":\"https:\/\/www.suno.com.br\/noticias\/justica-determina-prazo-de-5-dias-para-smiles-smls3-se-manifestar-sobre-acordo-com-a-gol\/#breadcrumb\"},\"inLanguage\":\"pt-BR\",\"potentialAction\":[{\"@type\":\"ReadAction\",\"target\":[\"https:\/\/www.suno.com.br\/noticias\/justica-determina-prazo-de-5-dias-para-smiles-smls3-se-manifestar-sobre-acordo-com-a-gol\/\"]}]},{\"@type\":\"ImageObject\",\"inLanguage\":\"pt-BR\",\"@id\":\"https:\/\/www.suno.com.br\/noticias\/justica-determina-prazo-de-5-dias-para-smiles-smls3-se-manifestar-sobre-acordo-com-a-gol\/#primaryimage\",\"url\":\"https:\/\/files.sunoresearch.com.br\/n\/uploads\/2019\/06\/4f06244d-smiles-jpg.webp\",\"contentUrl\":\"https:\/\/files.sunoresearch.com.br\/n\/uploads\/2019\/06\/4f06244d-smiles-jpg.webp\",\"width\":1280,\"height\":853,\"caption\":\"Smiles Fidelidade (Foto: Divulga\u00e7\u00e3o)\"},{\"@type\":\"BreadcrumbList\",\"@id\":\"https:\/\/www.suno.com.br\/noticias\/justica-determina-prazo-de-5-dias-para-smiles-smls3-se-manifestar-sobre-acordo-com-a-gol\/#breadcrumb\",\"itemListElement\":[{\"@type\":\"ListItem\",\"position\":1,\"name\":\"Not\u00edcias\",\"item\":\"https:\/\/www.suno.com.br\/noticias\/\"},{\"@type\":\"ListItem\",\"position\":2,\"name\":\"Neg\u00f3cios\",\"item\":\"https:\/\/www.suno.com.br\/noticias\/negocios\/\"},{\"@type\":\"ListItem\",\"position\":3,\"name\":\"Justi\u00e7a determina que Smiles (SMLS3) se manifeste sobre acordo com a Gol\"}]},{\"@type\":\"WebSite\",\"@id\":\"https:\/\/www.suno.com.br\/noticias\/#website\",\"url\":\"https:\/\/www.suno.com.br\/noticias\/\",\"name\":\"Suno Not\u00edcias\",\"description\":\"Seu portal de informa\u00e7\u00e3o sobre o mundo dos investimentos\",\"publisher\":{\"@id\":\"https:\/\/www.suno.com.br\/noticias\/#organization\"},\"potentialAction\":[{\"@type\":\"SearchAction\",\"target\":{\"@type\":\"EntryPoint\",\"urlTemplate\":\"https:\/\/www.suno.com.br\/noticias\/?s={search_term_string}\"},\"query-input\":{\"@type\":\"PropertyValueSpecification\",\"valueRequired\":true,\"valueName\":\"search_term_string\"}}],\"inLanguage\":\"pt-BR\"},{\"@type\":\"Organization\",\"@id\":\"https:\/\/www.suno.com.br\/noticias\/#organization\",\"name\":\"Suno Not\u00edcias\",\"url\":\"https:\/\/www.suno.com.br\/noticias\/\",\"logo\":{\"@type\":\"ImageObject\",\"inLanguage\":\"pt-BR\",\"@id\":\"https:\/\/www.suno.com.br\/noticias\/#\/schema\/logo\/image\/\",\"url\":\"https:\/\/files.sunoresearch.com.br\/n\/uploads\/2021\/09\/suno-logo.png\",\"contentUrl\":\"https:\/\/files.sunoresearch.com.br\/n\/uploads\/2021\/09\/suno-logo.png\",\"width\":180,\"height\":180,\"caption\":\"Suno Not\u00edcias\"},\"image\":{\"@id\":\"https:\/\/www.suno.com.br\/noticias\/#\/schema\/logo\/image\/\"},\"sameAs\":[\"https:\/\/facebook.com\/sunoresearch\",\"https:\/\/x.com\/sunoresearch\",\"https:\/\/www.instagram.com\/suno\",\"https:\/\/www.linkedin.com\/company\/suno-research\/\",\"https:\/\/www.youtube.com\/c\/sunoresearch\"]},{\"@type\":\"Person\",\"@id\":\"https:\/\/www.suno.com.br\/noticias\/#\/schema\/person\/02ec1f752758247878a2bf4abee1aeda\",\"name\":\"Poliana Santos\",\"image\":{\"@type\":\"ImageObject\",\"inLanguage\":\"pt-BR\",\"@id\":\"https:\/\/www.suno.com.br\/noticias\/#\/schema\/person\/image\/\",\"url\":\"https:\/\/secure.gravatar.com\/avatar\/0645bd32f23d87b2130f2b2dff1d3f8d?s=96&r=g\",\"contentUrl\":\"https:\/\/secure.gravatar.com\/avatar\/0645bd32f23d87b2130f2b2dff1d3f8d?s=96&r=g\",\"caption\":\"Poliana Santos\"},\"description\":\"Rep\u00f3rter no Suno Not\u00edcias, com cobertura em mercado financeiro, economia, finan\u00e7as pessoais, renda fixa e varejo. Jornalista formada pela Faculdade C\u00e1sper L\u00edbero e possui passagem na R\u00e1dio Gazeta AM com a produ\u00e7\u00e3o de conte\u00fado sobre economia, pol\u00edtica, sa\u00fade, moda e m\u00fasica. Possui certificado de conclus\u00e3o do curso de An\u00e1lise de Balan\u00e7os pela Funda\u00e7\u00e3o Bradesco, Agenda Brasil pela FAAP, Educa\u00e7\u00e3o Pol\u00edtica por Alexandre Garcia e do Tesouro Direto e Mercado de A\u00e7\u00f5es pela B3.\",\"url\":\"https:\/\/www.suno.com.br\/noticias\/author\/poliana-santos\/\"}]}<\/script>\n<!-- \/ Yoast SEO plugin. -->","yoast_head_json":{"title":"Justi\u00e7a determina que Smiles se manifeste sobre acordo com a Gol","description":"A Justi\u00e7a deu cinco dias para Smiles se manifestar sobre a solicita\u00e7\u00e3o de seus s\u00f3cios de um pedido liminar do acordo com a Gol. Clique aqui","robots":{"index":"index","follow":"follow","max-snippet":"max-snippet:-1","max-image-preview":"max-image-preview:large","max-video-preview":"max-video-preview:-1"},"canonical":"https:\/\/www.suno.com.br\/noticias\/justica-determina-prazo-de-5-dias-para-smiles-smls3-se-manifestar-sobre-acordo-com-a-gol\/","og_locale":"pt_BR","og_type":"article","og_title":"Justi\u00e7a determina que Smiles se manifeste sobre acordo com a Gol","og_description":"A Justi\u00e7a deu cinco dias para Smiles se manifestar sobre a solicita\u00e7\u00e3o de seus s\u00f3cios de um pedido liminar do acordo com a Gol. Clique aqui","og_url":"https:\/\/www.suno.com.br\/noticias\/justica-determina-prazo-de-5-dias-para-smiles-smls3-se-manifestar-sobre-acordo-com-a-gol\/","og_site_name":"Suno Not\u00edcias","article_publisher":"https:\/\/facebook.com\/sunoresearch","og_image":[{"width":1280,"height":853,"url":"https:\/\/files.sunoresearch.com.br\/n\/uploads\/2019\/06\/4f06244d-smiles.jpg","type":"image\/jpeg"}],"author":"Poliana Santos","twitter_card":"summary_large_image","twitter_creator":"@sunoresearch","twitter_site":"@sunoresearch","twitter_misc":{"Escrito por":"Poliana Santos","Est. tempo de leitura":"3 minutos"},"schema":{"@context":"https:\/\/schema.org","@graph":[{"@type":"NewsArticle","@id":"https:\/\/www.suno.com.br\/noticias\/justica-determina-prazo-de-5-dias-para-smiles-smls3-se-manifestar-sobre-acordo-com-a-gol\/#article","isPartOf":{"@id":"https:\/\/www.suno.com.br\/noticias\/justica-determina-prazo-de-5-dias-para-smiles-smls3-se-manifestar-sobre-acordo-com-a-gol\/"},"author":{"name":"Poliana Santos","@id":"https:\/\/www.suno.com.br\/noticias\/#\/schema\/person\/02ec1f752758247878a2bf4abee1aeda"},"headline":"Justi\u00e7a determina que Smiles (SMLS3) se manifeste sobre acordo com a Gol","datePublished":"2020-07-14T11:58:40+00:00","dateModified":"2020-07-14T12:00:14+00:00","mainEntityOfPage":{"@id":"https:\/\/www.suno.com.br\/noticias\/justica-determina-prazo-de-5-dias-para-smiles-smls3-se-manifestar-sobre-acordo-com-a-gol\/"},"wordCount":694,"publisher":{"@id":"https:\/\/www.suno.com.br\/noticias\/#organization"},"image":{"@id":"https:\/\/www.suno.com.br\/noticias\/justica-determina-prazo-de-5-dias-para-smiles-smls3-se-manifestar-sobre-acordo-com-a-gol\/#primaryimage"},"thumbnailUrl":"https:\/\/files.sunoresearch.com.br\/n\/uploads\/2019\/06\/4f06244d-smiles-jpg.webp","keywords":["Gol Linhas A\u00e9reas (GOLL11\/GOLL4)","Smiles (SMLS3)"],"articleSection":["Neg\u00f3cios"],"inLanguage":"pt-BR"},{"@type":"WebPage","@id":"https:\/\/www.suno.com.br\/noticias\/justica-determina-prazo-de-5-dias-para-smiles-smls3-se-manifestar-sobre-acordo-com-a-gol\/","url":"https:\/\/www.suno.com.br\/noticias\/justica-determina-prazo-de-5-dias-para-smiles-smls3-se-manifestar-sobre-acordo-com-a-gol\/","name":"Justi\u00e7a determina que Smiles se manifeste sobre acordo com a Gol","isPartOf":{"@id":"https:\/\/www.suno.com.br\/noticias\/#website"},"primaryImageOfPage":{"@id":"https:\/\/www.suno.com.br\/noticias\/justica-determina-prazo-de-5-dias-para-smiles-smls3-se-manifestar-sobre-acordo-com-a-gol\/#primaryimage"},"image":{"@id":"https:\/\/www.suno.com.br\/noticias\/justica-determina-prazo-de-5-dias-para-smiles-smls3-se-manifestar-sobre-acordo-com-a-gol\/#primaryimage"},"thumbnailUrl":"https:\/\/files.sunoresearch.com.br\/n\/uploads\/2019\/06\/4f06244d-smiles-jpg.webp","datePublished":"2020-07-14T11:58:40+00:00","dateModified":"2020-07-14T12:00:14+00:00","description":"A Justi\u00e7a deu cinco dias para Smiles se manifestar sobre a solicita\u00e7\u00e3o de seus s\u00f3cios de um pedido liminar do acordo com a Gol. Clique aqui","breadcrumb":{"@id":"https:\/\/www.suno.com.br\/noticias\/justica-determina-prazo-de-5-dias-para-smiles-smls3-se-manifestar-sobre-acordo-com-a-gol\/#breadcrumb"},"inLanguage":"pt-BR","potentialAction":[{"@type":"ReadAction","target":["https:\/\/www.suno.com.br\/noticias\/justica-determina-prazo-de-5-dias-para-smiles-smls3-se-manifestar-sobre-acordo-com-a-gol\/"]}]},{"@type":"ImageObject","inLanguage":"pt-BR","@id":"https:\/\/www.suno.com.br\/noticias\/justica-determina-prazo-de-5-dias-para-smiles-smls3-se-manifestar-sobre-acordo-com-a-gol\/#primaryimage","url":"https:\/\/files.sunoresearch.com.br\/n\/uploads\/2019\/06\/4f06244d-smiles-jpg.webp","contentUrl":"https:\/\/files.sunoresearch.com.br\/n\/uploads\/2019\/06\/4f06244d-smiles-jpg.webp","width":1280,"height":853,"caption":"Smiles Fidelidade (Foto: Divulga\u00e7\u00e3o)"},{"@type":"BreadcrumbList","@id":"https:\/\/www.suno.com.br\/noticias\/justica-determina-prazo-de-5-dias-para-smiles-smls3-se-manifestar-sobre-acordo-com-a-gol\/#breadcrumb","itemListElement":[{"@type":"ListItem","position":1,"name":"Not\u00edcias","item":"https:\/\/www.suno.com.br\/noticias\/"},{"@type":"ListItem","position":2,"name":"Neg\u00f3cios","item":"https:\/\/www.suno.com.br\/noticias\/negocios\/"},{"@type":"ListItem","position":3,"name":"Justi\u00e7a determina que Smiles (SMLS3) se manifeste sobre acordo com a Gol"}]},{"@type":"WebSite","@id":"https:\/\/www.suno.com.br\/noticias\/#website","url":"https:\/\/www.suno.com.br\/noticias\/","name":"Suno Not\u00edcias","description":"Seu portal de informa\u00e7\u00e3o sobre o mundo dos investimentos","publisher":{"@id":"https:\/\/www.suno.com.br\/noticias\/#organization"},"potentialAction":[{"@type":"SearchAction","target":{"@type":"EntryPoint","urlTemplate":"https:\/\/www.suno.com.br\/noticias\/?s={search_term_string}"},"query-input":{"@type":"PropertyValueSpecification","valueRequired":true,"valueName":"search_term_string"}}],"inLanguage":"pt-BR"},{"@type":"Organization","@id":"https:\/\/www.suno.com.br\/noticias\/#organization","name":"Suno Not\u00edcias","url":"https:\/\/www.suno.com.br\/noticias\/","logo":{"@type":"ImageObject","inLanguage":"pt-BR","@id":"https:\/\/www.suno.com.br\/noticias\/#\/schema\/logo\/image\/","url":"https:\/\/files.sunoresearch.com.br\/n\/uploads\/2021\/09\/suno-logo.png","contentUrl":"https:\/\/files.sunoresearch.com.br\/n\/uploads\/2021\/09\/suno-logo.png","width":180,"height":180,"caption":"Suno Not\u00edcias"},"image":{"@id":"https:\/\/www.suno.com.br\/noticias\/#\/schema\/logo\/image\/"},"sameAs":["https:\/\/facebook.com\/sunoresearch","https:\/\/x.com\/sunoresearch","https:\/\/www.instagram.com\/suno","https:\/\/www.linkedin.com\/company\/suno-research\/","https:\/\/www.youtube.com\/c\/sunoresearch"]},{"@type":"Person","@id":"https:\/\/www.suno.com.br\/noticias\/#\/schema\/person\/02ec1f752758247878a2bf4abee1aeda","name":"Poliana Santos","image":{"@type":"ImageObject","inLanguage":"pt-BR","@id":"https:\/\/www.suno.com.br\/noticias\/#\/schema\/person\/image\/","url":"https:\/\/secure.gravatar.com\/avatar\/0645bd32f23d87b2130f2b2dff1d3f8d?s=96&r=g","contentUrl":"https:\/\/secure.gravatar.com\/avatar\/0645bd32f23d87b2130f2b2dff1d3f8d?s=96&r=g","caption":"Poliana Santos"},"description":"Rep\u00f3rter no Suno Not\u00edcias, com cobertura em mercado financeiro, economia, finan\u00e7as pessoais, renda fixa e varejo. Jornalista formada pela Faculdade C\u00e1sper L\u00edbero e possui passagem na R\u00e1dio Gazeta AM com a produ\u00e7\u00e3o de conte\u00fado sobre economia, pol\u00edtica, sa\u00fade, moda e m\u00fasica. Possui certificado de conclus\u00e3o do curso de An\u00e1lise de Balan\u00e7os pela Funda\u00e7\u00e3o Bradesco, Agenda Brasil pela FAAP, Educa\u00e7\u00e3o Pol\u00edtica por Alexandre Garcia e do Tesouro Direto e Mercado de A\u00e7\u00f5es pela B3.","url":"https:\/\/www.suno.com.br\/noticias\/author\/poliana-santos\/"}]}},"default_loop_html":"<div class=\"cardsPage__listCard__boxs\"><div class=\"cardsPage__listCard__boxs__img\"><a href=\"https:\/\/www.suno.com.br\/noticias\/justica-determina-prazo-de-5-dias-para-smiles-smls3-se-manifestar-sobre-acordo-com-a-gol\/\"><img class=\"mask\" src=\"https:\/\/www.suno.com.br\/noticias\/wp-content\/themes\/suno\/resources\/images\/spotlight\/spotlight1img\/bg-mask.png\" alt=\"Image Mask\"\/><img src=\"https:\/\/files.sunoresearch.com.br\/n\/uploads\/2019\/06\/4f06244d-smiles-400x200.webp\" alt=\"Justi\u00e7a determina que Smiles (SMLS3) se manifeste sobre acordo com a Gol\"\/><\/a><span class=\"spotlightCategory\"><a href=\"https:\/\/www.suno.com.br\/noticias\/negocios\/\">Neg\u00f3cios<\/a><\/span><\/div><div class=\"cardsPage__listCard__boxs__content\"><a href=\"https:\/\/www.suno.com.br\/noticias\/justica-determina-prazo-de-5-dias-para-smiles-smls3-se-manifestar-sobre-acordo-com-a-gol\/\"><h2 class=\"content__title\">Justi\u00e7a determina que Smiles (SMLS3) se manifeste sobre acordo com a Gol<\/h2><\/a><div class=\"newsContent__article__meta\"><div class=\"newsContent__article__meta__authorBox\"><a href=\"https:\/\/www.suno.com.br\/noticias\/author\/poliana-santos\/\" class=\"authorBox__avatar noMobi\"><img src=\"https:\/\/files.sunoresearch.com.br\/n\/uploads\/2020\/08\/7ef34026-whatsapp-image-2020-08-03-at-12.37.57-150x150.webp\" alt=\"Poliana Santos\"><\/a><div class=\"authorBox__name\"><span>por\n\t\t\t<a href=\"https:\/\/www.suno.com.br\/noticias\/author\/poliana-santos\/\"><span itemprop=\"author\">Poliana Santos<\/span><\/a><\/span><time datetime=\"2020-07-14T08:58:40-03:00\" itemprop=\"datePublished\">14\/07\/2020 08:58<\/time><\/div><\/div><\/div><\/div><\/div>","single_layout":"posts","amp_enabled":true,"_links":{"self":[{"href":"https:\/\/www.suno.com.br\/noticias\/wp-json\/wp\/v2\/posts\/72998"}],"collection":[{"href":"https:\/\/www.suno.com.br\/noticias\/wp-json\/wp\/v2\/posts"}],"about":[{"href":"https:\/\/www.suno.com.br\/noticias\/wp-json\/wp\/v2\/types\/post"}],"author":[{"embeddable":true,"href":"https:\/\/www.suno.com.br\/noticias\/wp-json\/wp\/v2\/users\/15"}],"replies":[{"embeddable":true,"href":"https:\/\/www.suno.com.br\/noticias\/wp-json\/wp\/v2\/comments?post=72998"}],"version-history":[{"count":0,"href":"https:\/\/www.suno.com.br\/noticias\/wp-json\/wp\/v2\/posts\/72998\/revisions"}],"wp:featuredmedia":[{"embeddable":true,"href":"https:\/\/www.suno.com.br\/noticias\/wp-json\/wp\/v2\/media\/28668"}],"wp:attachment":[{"href":"https:\/\/www.suno.com.br\/noticias\/wp-json\/wp\/v2\/media?parent=72998"}],"wp:term":[{"taxonomy":"category","embeddable":true,"href":"https:\/\/www.suno.com.br\/noticias\/wp-json\/wp\/v2\/categories?post=72998"},{"taxonomy":"post_tag","embeddable":true,"href":"https:\/\/www.suno.com.br\/noticias\/wp-json\/wp\/v2\/tags?post=72998"},{"taxonomy":"suno_strategy","embeddable":true,"href":"https:\/\/www.suno.com.br\/noticias\/wp-json\/wp\/v2\/suno_strategy?post=72998"}],"curies":[{"name":"wp","href":"https:\/\/api.w.org\/{rel}","templated":true}]}}