{"id":7297,"date":"2018-11-28T12:59:09","date_gmt":"2018-11-28T14:59:09","guid":{"rendered":"https:\/\/www.suno.com.br\/noticias\/?p=7297"},"modified":"2021-02-17T22:49:39","modified_gmt":"2021-02-18T01:49:39","slug":"ilan-goldfajn-mudanca-cambial","status":"publish","type":"post","link":"https:\/\/www.suno.com.br\/noticias\/ilan-goldfajn-mudanca-cambial\/","title":{"rendered":"Ilan Goldfajn acredita que n\u00e3o haver\u00e1 mudan\u00e7a na pol\u00edtica cambial do pa\u00eds"},"content":{"rendered":"<p>Em pronunciamento nesta quarta-feira (28) o atual presidente do Banco Central (BC), <a href=\"https:\/\/www.suno.com.br\/tudo-sobre\/ilan-goldfajn\/\">Ilan Goldfajn<\/a>, comentou sobre o a pol\u00edtica cambial que ser\u00e1 implementada no governo de Jair Bolsonaro e sobre o per\u00edodo de transi\u00e7\u00e3o.<\/p>\t<div class=\"wrapper-featured-image\">\n\t\t<figure class=\"spotlightImg\">\n\n\t\t\t<picture>\n\t\t\t\t<source media=\"(max-width: 768px)\" srcset=\"https:\/\/files.sunoresearch.com.br\/n\/uploads\/2018\/11\/92773ddf-ilan-goldfajn-400x200.webp\">\n\t\t\t\t<img loading=\"lazy\" decoding=\"async\" class=\"newsContent__article__imgCapa lazyloadDisabled newsContent__article__imgCapa--noCaption\" src=\"https:\/\/files.sunoresearch.com.br\/n\/uploads\/2018\/11\/92773ddf-ilan-goldfajn-jpg.webp\" width=\"800\" height=\"450\" alt=\"Ilan Goldfajn acredita que n\u00e3o haver\u00e1 mudan\u00e7a na pol\u00edtica cambial do pa\u00eds\" fetchpriority=high \/>\n\t\t\t<\/picture>\n\n\t\t\t<figcaption class=\"wp-caption-text wp-caption-text--hide\"><\/figcaption>\n\t\t<\/figure>\n\t<\/div>\n\n\n<p><strong>Ilan Goldfajn<\/strong> defendeu que n\u00e3o devem haver mudan\u00e7as na pol\u00edtica cambial executada no pa\u00eds.\u00a0Goldfajn ainda afirmou que est\u00e1 \u00e9 uma pol\u00edtica institucional, n\u00e3o governamental.<\/p>\n<p>&#8220;\u00c9 uma pol\u00edtica da institui\u00e7\u00e3o. E vai continuar sendo da institui\u00e7\u00e3o. N\u00e3o prevejo nenhuma mudan\u00e7a, nada. Acho que o BC vai continuar tendo o papel que tem hoje. A ideia nessa transi\u00e7\u00e3o que estamos oferecendo, ficando at\u00e9 mar\u00e7o, permite dar essa seguran\u00e7a ao mercado nessas interven\u00e7\u00f5es, na pol\u00edtica cambial. N\u00e3o \u00e9 uma pol\u00edtica de um presidente [do BC] ou de outro. \u00c9 uma pol\u00edtica da institui\u00e7\u00e3o e vai continuar sendo&#8221;, comentou o <strong>presidente do BC<\/strong>.<\/p>\n<p>A pol\u00edtica implementada pela institui\u00e7\u00e3o \u00e9 teoricamente &#8220;flutuante&#8221;. Sendo que o formato mais utilizado nos \u00faltimos anos \u00e9 a oferta de contratos de &#8220;swap cambial&#8221;, ferramenta que serve como uma venda de d\u00f3lares no mercado futuro.<\/p>\n<p><!--more--><a href=\"https:\/\/www.suno.com.br\/noticias\/banco-central-realiza-leilao-dolar\/\">Saiba mais:\u00a0Banco Central realiza leil\u00e3o de US$ 2 bilh\u00f5es para conter alta do d\u00f3lar<\/a><\/p>\n<p>Goldfajn tamb\u00e9m salientou que a pol\u00edtica cambial estruturada tem efeito, pois serve como uma forma de &#8220;defesa&#8221; do mercado financeiro e das empresas em rela\u00e7\u00e3o a varia\u00e7\u00e3o cambial.<\/p>\n<h2>Transi\u00e7\u00e3o<\/h2>\n<p>Paulo Guedes, futuro ministro da Fazenda, anunciou <a href=\"https:\/\/www.suno.com.br\/noticias\/presidente-do-bc-bolsonaro\/\">Roberto Campos Neto para sucess\u00e3o de Goldfajn<\/a> na presid\u00eancia do\u00a0BC no \u00faltimo dia 16.<\/p>\n<p><!--more--><a href=\"https:\/\/www.suno.com.br\/noticias\/bolsonaro-formacao-governo-final-mes\/\">Saiba mais:\u00a0Bolsonaro: espero ter formado o governo at\u00e9 o final do m\u00eas<\/a><\/p>\n<p>Agora Campos Neto ter\u00e1 que passar por uma sabatina na Comiss\u00e3o de Assuntos Econ\u00f4micos (CAE) no Senado. Onde aprovar\u00e3o ou n\u00e3o a escolha de seu nome.<\/p>\n<p>Goldfajn comentou sobre o per\u00edodo de transi\u00e7\u00e3o no\u00a0<strong>Banco Central<\/strong>.<\/p>\n<p>&#8220;Estou imaginando a sabatina [do nome indicado para o BC] ocorrendo ao longo de fevereiro, e provavelmente essa transi\u00e7\u00e3o [no comando do BC] ocorre at\u00e9 mar\u00e7o. Estamos aqui. Em rela\u00e7\u00e3o encontrar com o indicado, encontramos. Muito preliminar. Poucos encontros. A sabatina \u00e9 s\u00f3 em fevereiro. Nada muito definitivo. A diretoria, acho que a ideia \u00e9 essa transi\u00e7\u00e3o ocorrer, a diretoria permanecer. N\u00e3o temos muita inseguran\u00e7a em rela\u00e7\u00e3o a isso&#8221;, comentou <strong>Ilan Goldfajn<\/strong>.<\/p>\n","protected":false},"excerpt":{"rendered":"<p>Em pronunciamento nesta quarta-feira (28) o atual presidente do Banco Central (BC), Ilan Goldfajn, comentou sobre o a pol\u00edtica cambial que ser\u00e1 implementada no governo de Jair Bolsonaro e sobre o per\u00edodo de transi\u00e7\u00e3o. Ilan Goldfajn defendeu que n\u00e3o devem haver mudan\u00e7as na pol\u00edtica cambial executada no pa\u00eds.\u00a0Goldfajn ainda afirmou que est\u00e1 \u00e9 uma pol\u00edtica [&hellip;]<\/p>\n","protected":false},"author":7,"featured_media":7299,"comment_status":"closed","ping_status":"closed","sticky":false,"template":"","format":"standard","meta":[],"categories":[62],"tags":[1842,326,740],"suno_strategy":[],"class_list":["post-7297","post","type-post","status-publish","format-standard","has-post-thumbnail","hentry","category-economia","tag-banco-central-bc","tag-dolar","tag-economia"],"yoast_head":"<!-- This site is optimized with the Yoast SEO plugin v24.4 - https:\/\/yoast.com\/wordpress\/plugins\/seo\/ -->\n<title>Ilan Goldfajn acredita que n\u00e3o haver\u00e1 mudan\u00e7a na pol\u00edtica cambial do pa\u00eds<\/title>\n<meta name=\"description\" content=\"Ilan Goldfajn tamb\u00e9m comentou sobre a transi\u00e7\u00e3o na presid\u00eancia do BC, cargo que ser\u00e1 ocupado por Roberto Campos Neto. Clique para saber mais.\" \/>\n<meta name=\"robots\" content=\"index, follow, max-snippet:-1, max-image-preview:large, max-video-preview:-1\" \/>\n<link rel=\"canonical\" href=\"https:\/\/www.suno.com.br\/noticias\/ilan-goldfajn-mudanca-cambial\/\" \/>\n<meta property=\"og:locale\" content=\"pt_BR\" \/>\n<meta property=\"og:type\" content=\"article\" \/>\n<meta property=\"og:title\" content=\"Ilan Goldfajn acredita que n\u00e3o haver\u00e1 mudan\u00e7a na pol\u00edtica cambial do pa\u00eds\" \/>\n<meta property=\"og:description\" content=\"Ilan Goldfajn tamb\u00e9m comentou sobre a transi\u00e7\u00e3o na presid\u00eancia do BC, cargo que ser\u00e1 ocupado por Roberto Campos Neto. Clique para saber mais.\" \/>\n<meta property=\"og:url\" content=\"https:\/\/www.suno.com.br\/noticias\/ilan-goldfajn-mudanca-cambial\/\" \/>\n<meta property=\"og:site_name\" content=\"Suno Not\u00edcias\" \/>\n<meta property=\"article:publisher\" content=\"https:\/\/facebook.com\/sunoresearch\" \/>\n<meta property=\"article:author\" content=\"https:\/\/www.linkedin.com\/in\/mateus-vasconcellos-4b3542123\/\" \/>\n<meta property=\"og:image\" content=\"https:\/\/files.sunoresearch.com.br\/n\/uploads\/2018\/11\/92773ddf-ilan-goldfajn.jpg\" \/>\n\t<meta property=\"og:image:width\" content=\"680\" \/>\n\t<meta property=\"og:image:height\" content=\"453\" \/>\n\t<meta property=\"og:image:type\" content=\"image\/jpeg\" \/>\n<meta name=\"author\" content=\"Mateus Vasconcellos\" \/>\n<meta name=\"twitter:card\" content=\"summary_large_image\" \/>\n<meta name=\"twitter:creator\" content=\"@sunoresearch\" \/>\n<meta name=\"twitter:site\" content=\"@sunoresearch\" \/>\n<meta name=\"twitter:label1\" content=\"Escrito por\" \/>\n\t<meta name=\"twitter:data1\" content=\"Mateus Vasconcellos\" \/>\n\t<meta name=\"twitter:label2\" content=\"Est. tempo de leitura\" \/>\n\t<meta name=\"twitter:data2\" content=\"2 minutos\" \/>\n<script type=\"application\/ld+json\" class=\"yoast-schema-graph\">{\"@context\":\"https:\/\/schema.org\",\"@graph\":[{\"@type\":\"NewsArticle\",\"@id\":\"https:\/\/www.suno.com.br\/noticias\/ilan-goldfajn-mudanca-cambial\/#article\",\"isPartOf\":{\"@id\":\"https:\/\/www.suno.com.br\/noticias\/ilan-goldfajn-mudanca-cambial\/\"},\"author\":{\"name\":\"Mateus Vasconcellos\",\"@id\":\"https:\/\/www.suno.com.br\/noticias\/#\/schema\/person\/ff5cc30ec6c0b55b6d3f3cfc4378b74e\"},\"headline\":\"Ilan Goldfajn acredita que n\u00e3o haver\u00e1 mudan\u00e7a na pol\u00edtica cambial do pa\u00eds\",\"datePublished\":\"2018-11-28T14:59:09+00:00\",\"dateModified\":\"2021-02-18T01:49:39+00:00\",\"mainEntityOfPage\":{\"@id\":\"https:\/\/www.suno.com.br\/noticias\/ilan-goldfajn-mudanca-cambial\/\"},\"wordCount\":412,\"publisher\":{\"@id\":\"https:\/\/www.suno.com.br\/noticias\/#organization\"},\"image\":{\"@id\":\"https:\/\/www.suno.com.br\/noticias\/ilan-goldfajn-mudanca-cambial\/#primaryimage\"},\"thumbnailUrl\":\"https:\/\/files.sunoresearch.com.br\/n\/uploads\/2018\/11\/92773ddf-ilan-goldfajn-jpg.webp\",\"keywords\":[\"Banco Central (BC)\",\"d\u00f3lar\",\"Economia\"],\"articleSection\":[\"Economia\"],\"inLanguage\":\"pt-BR\"},{\"@type\":\"WebPage\",\"@id\":\"https:\/\/www.suno.com.br\/noticias\/ilan-goldfajn-mudanca-cambial\/\",\"url\":\"https:\/\/www.suno.com.br\/noticias\/ilan-goldfajn-mudanca-cambial\/\",\"name\":\"Ilan Goldfajn acredita que n\u00e3o haver\u00e1 mudan\u00e7a na pol\u00edtica cambial do pa\u00eds\",\"isPartOf\":{\"@id\":\"https:\/\/www.suno.com.br\/noticias\/#website\"},\"primaryImageOfPage\":{\"@id\":\"https:\/\/www.suno.com.br\/noticias\/ilan-goldfajn-mudanca-cambial\/#primaryimage\"},\"image\":{\"@id\":\"https:\/\/www.suno.com.br\/noticias\/ilan-goldfajn-mudanca-cambial\/#primaryimage\"},\"thumbnailUrl\":\"https:\/\/files.sunoresearch.com.br\/n\/uploads\/2018\/11\/92773ddf-ilan-goldfajn-jpg.webp\",\"datePublished\":\"2018-11-28T14:59:09+00:00\",\"dateModified\":\"2021-02-18T01:49:39+00:00\",\"description\":\"Ilan Goldfajn tamb\u00e9m comentou sobre a transi\u00e7\u00e3o na presid\u00eancia do BC, cargo que ser\u00e1 ocupado por Roberto Campos Neto. Clique para saber mais.\",\"breadcrumb\":{\"@id\":\"https:\/\/www.suno.com.br\/noticias\/ilan-goldfajn-mudanca-cambial\/#breadcrumb\"},\"inLanguage\":\"pt-BR\",\"potentialAction\":[{\"@type\":\"ReadAction\",\"target\":[\"https:\/\/www.suno.com.br\/noticias\/ilan-goldfajn-mudanca-cambial\/\"]}]},{\"@type\":\"ImageObject\",\"inLanguage\":\"pt-BR\",\"@id\":\"https:\/\/www.suno.com.br\/noticias\/ilan-goldfajn-mudanca-cambial\/#primaryimage\",\"url\":\"https:\/\/files.sunoresearch.com.br\/n\/uploads\/2018\/11\/92773ddf-ilan-goldfajn-jpg.webp\",\"contentUrl\":\"https:\/\/files.sunoresearch.com.br\/n\/uploads\/2018\/11\/92773ddf-ilan-goldfajn-jpg.webp\",\"width\":680,\"height\":453,\"caption\":\"Ilan Goldfajn\"},{\"@type\":\"BreadcrumbList\",\"@id\":\"https:\/\/www.suno.com.br\/noticias\/ilan-goldfajn-mudanca-cambial\/#breadcrumb\",\"itemListElement\":[{\"@type\":\"ListItem\",\"position\":1,\"name\":\"Not\u00edcias\",\"item\":\"https:\/\/www.suno.com.br\/noticias\/\"},{\"@type\":\"ListItem\",\"position\":2,\"name\":\"Economia\",\"item\":\"https:\/\/www.suno.com.br\/noticias\/economia\/\"},{\"@type\":\"ListItem\",\"position\":3,\"name\":\"Ilan Goldfajn acredita que n\u00e3o haver\u00e1 mudan\u00e7a na pol\u00edtica cambial do pa\u00eds\"}]},{\"@type\":\"WebSite\",\"@id\":\"https:\/\/www.suno.com.br\/noticias\/#website\",\"url\":\"https:\/\/www.suno.com.br\/noticias\/\",\"name\":\"Suno Not\u00edcias\",\"description\":\"Seu portal de informa\u00e7\u00e3o sobre o mundo dos investimentos\",\"publisher\":{\"@id\":\"https:\/\/www.suno.com.br\/noticias\/#organization\"},\"potentialAction\":[{\"@type\":\"SearchAction\",\"target\":{\"@type\":\"EntryPoint\",\"urlTemplate\":\"https:\/\/www.suno.com.br\/noticias\/?s={search_term_string}\"},\"query-input\":{\"@type\":\"PropertyValueSpecification\",\"valueRequired\":true,\"valueName\":\"search_term_string\"}}],\"inLanguage\":\"pt-BR\"},{\"@type\":\"Organization\",\"@id\":\"https:\/\/www.suno.com.br\/noticias\/#organization\",\"name\":\"Suno Not\u00edcias\",\"url\":\"https:\/\/www.suno.com.br\/noticias\/\",\"logo\":{\"@type\":\"ImageObject\",\"inLanguage\":\"pt-BR\",\"@id\":\"https:\/\/www.suno.com.br\/noticias\/#\/schema\/logo\/image\/\",\"url\":\"https:\/\/files.sunoresearch.com.br\/n\/uploads\/2021\/09\/suno-logo.png\",\"contentUrl\":\"https:\/\/files.sunoresearch.com.br\/n\/uploads\/2021\/09\/suno-logo.png\",\"width\":180,\"height\":180,\"caption\":\"Suno Not\u00edcias\"},\"image\":{\"@id\":\"https:\/\/www.suno.com.br\/noticias\/#\/schema\/logo\/image\/\"},\"sameAs\":[\"https:\/\/facebook.com\/sunoresearch\",\"https:\/\/x.com\/sunoresearch\",\"https:\/\/www.instagram.com\/suno\",\"https:\/\/www.linkedin.com\/company\/suno-research\/\",\"https:\/\/www.youtube.com\/c\/sunoresearch\"]},{\"@type\":\"Person\",\"@id\":\"https:\/\/www.suno.com.br\/noticias\/#\/schema\/person\/ff5cc30ec6c0b55b6d3f3cfc4378b74e\",\"name\":\"Mateus Vasconcellos\",\"image\":{\"@type\":\"ImageObject\",\"inLanguage\":\"pt-BR\",\"@id\":\"https:\/\/www.suno.com.br\/noticias\/#\/schema\/person\/image\/\",\"url\":\"https:\/\/secure.gravatar.com\/avatar\/8d725238a0ef7530bdf58578a222f948?s=96&r=g\",\"contentUrl\":\"https:\/\/secure.gravatar.com\/avatar\/8d725238a0ef7530bdf58578a222f948?s=96&r=g\",\"caption\":\"Mateus Vasconcellos\"},\"description\":\"Formado em jornalismo pela Universidade Presbiteriana Mackenzie, Mateus Vasconcellos escreve sobre o mercado financeiro para o portal de not\u00edcias da Suno Research. Antes da Suno, teve passagem pelo Observat\u00f3rio do Terceiro Setor e \u00e9 vencedor do 7\u00b0 Pr\u00eamio Jovem Jornalista Fernando Pacheco Jord\u00e3o.\",\"sameAs\":[\"https:\/\/www.suno.com.br\",\"https:\/\/www.linkedin.com\/in\/mateus-vasconcellos-4b3542123\/\"],\"url\":\"https:\/\/www.suno.com.br\/noticias\/author\/mateus-vasconcellos\/\"}]}<\/script>\n<!-- \/ Yoast SEO plugin. -->","yoast_head_json":{"title":"Ilan Goldfajn acredita que n\u00e3o haver\u00e1 mudan\u00e7a na pol\u00edtica cambial do pa\u00eds","description":"Ilan Goldfajn tamb\u00e9m comentou sobre a transi\u00e7\u00e3o na presid\u00eancia do BC, cargo que ser\u00e1 ocupado por Roberto Campos Neto. Clique para saber mais.","robots":{"index":"index","follow":"follow","max-snippet":"max-snippet:-1","max-image-preview":"max-image-preview:large","max-video-preview":"max-video-preview:-1"},"canonical":"https:\/\/www.suno.com.br\/noticias\/ilan-goldfajn-mudanca-cambial\/","og_locale":"pt_BR","og_type":"article","og_title":"Ilan Goldfajn acredita que n\u00e3o haver\u00e1 mudan\u00e7a na pol\u00edtica cambial do pa\u00eds","og_description":"Ilan Goldfajn tamb\u00e9m comentou sobre a transi\u00e7\u00e3o na presid\u00eancia do BC, cargo que ser\u00e1 ocupado por Roberto Campos Neto. Clique para saber mais.","og_url":"https:\/\/www.suno.com.br\/noticias\/ilan-goldfajn-mudanca-cambial\/","og_site_name":"Suno Not\u00edcias","article_publisher":"https:\/\/facebook.com\/sunoresearch","article_author":"https:\/\/www.linkedin.com\/in\/mateus-vasconcellos-4b3542123\/","og_image":[{"width":680,"height":453,"url":"https:\/\/files.sunoresearch.com.br\/n\/uploads\/2018\/11\/92773ddf-ilan-goldfajn.jpg","type":"image\/jpeg"}],"author":"Mateus Vasconcellos","twitter_card":"summary_large_image","twitter_creator":"@sunoresearch","twitter_site":"@sunoresearch","twitter_misc":{"Escrito por":"Mateus Vasconcellos","Est. tempo de leitura":"2 minutos"},"schema":{"@context":"https:\/\/schema.org","@graph":[{"@type":"NewsArticle","@id":"https:\/\/www.suno.com.br\/noticias\/ilan-goldfajn-mudanca-cambial\/#article","isPartOf":{"@id":"https:\/\/www.suno.com.br\/noticias\/ilan-goldfajn-mudanca-cambial\/"},"author":{"name":"Mateus Vasconcellos","@id":"https:\/\/www.suno.com.br\/noticias\/#\/schema\/person\/ff5cc30ec6c0b55b6d3f3cfc4378b74e"},"headline":"Ilan Goldfajn acredita que n\u00e3o haver\u00e1 mudan\u00e7a na pol\u00edtica cambial do pa\u00eds","datePublished":"2018-11-28T14:59:09+00:00","dateModified":"2021-02-18T01:49:39+00:00","mainEntityOfPage":{"@id":"https:\/\/www.suno.com.br\/noticias\/ilan-goldfajn-mudanca-cambial\/"},"wordCount":412,"publisher":{"@id":"https:\/\/www.suno.com.br\/noticias\/#organization"},"image":{"@id":"https:\/\/www.suno.com.br\/noticias\/ilan-goldfajn-mudanca-cambial\/#primaryimage"},"thumbnailUrl":"https:\/\/files.sunoresearch.com.br\/n\/uploads\/2018\/11\/92773ddf-ilan-goldfajn-jpg.webp","keywords":["Banco Central (BC)","d\u00f3lar","Economia"],"articleSection":["Economia"],"inLanguage":"pt-BR"},{"@type":"WebPage","@id":"https:\/\/www.suno.com.br\/noticias\/ilan-goldfajn-mudanca-cambial\/","url":"https:\/\/www.suno.com.br\/noticias\/ilan-goldfajn-mudanca-cambial\/","name":"Ilan Goldfajn acredita que n\u00e3o haver\u00e1 mudan\u00e7a na pol\u00edtica cambial do pa\u00eds","isPartOf":{"@id":"https:\/\/www.suno.com.br\/noticias\/#website"},"primaryImageOfPage":{"@id":"https:\/\/www.suno.com.br\/noticias\/ilan-goldfajn-mudanca-cambial\/#primaryimage"},"image":{"@id":"https:\/\/www.suno.com.br\/noticias\/ilan-goldfajn-mudanca-cambial\/#primaryimage"},"thumbnailUrl":"https:\/\/files.sunoresearch.com.br\/n\/uploads\/2018\/11\/92773ddf-ilan-goldfajn-jpg.webp","datePublished":"2018-11-28T14:59:09+00:00","dateModified":"2021-02-18T01:49:39+00:00","description":"Ilan Goldfajn tamb\u00e9m comentou sobre a transi\u00e7\u00e3o na presid\u00eancia do BC, cargo que ser\u00e1 ocupado por Roberto Campos Neto. Clique para saber mais.","breadcrumb":{"@id":"https:\/\/www.suno.com.br\/noticias\/ilan-goldfajn-mudanca-cambial\/#breadcrumb"},"inLanguage":"pt-BR","potentialAction":[{"@type":"ReadAction","target":["https:\/\/www.suno.com.br\/noticias\/ilan-goldfajn-mudanca-cambial\/"]}]},{"@type":"ImageObject","inLanguage":"pt-BR","@id":"https:\/\/www.suno.com.br\/noticias\/ilan-goldfajn-mudanca-cambial\/#primaryimage","url":"https:\/\/files.sunoresearch.com.br\/n\/uploads\/2018\/11\/92773ddf-ilan-goldfajn-jpg.webp","contentUrl":"https:\/\/files.sunoresearch.com.br\/n\/uploads\/2018\/11\/92773ddf-ilan-goldfajn-jpg.webp","width":680,"height":453,"caption":"Ilan Goldfajn"},{"@type":"BreadcrumbList","@id":"https:\/\/www.suno.com.br\/noticias\/ilan-goldfajn-mudanca-cambial\/#breadcrumb","itemListElement":[{"@type":"ListItem","position":1,"name":"Not\u00edcias","item":"https:\/\/www.suno.com.br\/noticias\/"},{"@type":"ListItem","position":2,"name":"Economia","item":"https:\/\/www.suno.com.br\/noticias\/economia\/"},{"@type":"ListItem","position":3,"name":"Ilan Goldfajn acredita que n\u00e3o haver\u00e1 mudan\u00e7a na pol\u00edtica cambial do pa\u00eds"}]},{"@type":"WebSite","@id":"https:\/\/www.suno.com.br\/noticias\/#website","url":"https:\/\/www.suno.com.br\/noticias\/","name":"Suno Not\u00edcias","description":"Seu portal de informa\u00e7\u00e3o sobre o mundo dos investimentos","publisher":{"@id":"https:\/\/www.suno.com.br\/noticias\/#organization"},"potentialAction":[{"@type":"SearchAction","target":{"@type":"EntryPoint","urlTemplate":"https:\/\/www.suno.com.br\/noticias\/?s={search_term_string}"},"query-input":{"@type":"PropertyValueSpecification","valueRequired":true,"valueName":"search_term_string"}}],"inLanguage":"pt-BR"},{"@type":"Organization","@id":"https:\/\/www.suno.com.br\/noticias\/#organization","name":"Suno Not\u00edcias","url":"https:\/\/www.suno.com.br\/noticias\/","logo":{"@type":"ImageObject","inLanguage":"pt-BR","@id":"https:\/\/www.suno.com.br\/noticias\/#\/schema\/logo\/image\/","url":"https:\/\/files.sunoresearch.com.br\/n\/uploads\/2021\/09\/suno-logo.png","contentUrl":"https:\/\/files.sunoresearch.com.br\/n\/uploads\/2021\/09\/suno-logo.png","width":180,"height":180,"caption":"Suno Not\u00edcias"},"image":{"@id":"https:\/\/www.suno.com.br\/noticias\/#\/schema\/logo\/image\/"},"sameAs":["https:\/\/facebook.com\/sunoresearch","https:\/\/x.com\/sunoresearch","https:\/\/www.instagram.com\/suno","https:\/\/www.linkedin.com\/company\/suno-research\/","https:\/\/www.youtube.com\/c\/sunoresearch"]},{"@type":"Person","@id":"https:\/\/www.suno.com.br\/noticias\/#\/schema\/person\/ff5cc30ec6c0b55b6d3f3cfc4378b74e","name":"Mateus Vasconcellos","image":{"@type":"ImageObject","inLanguage":"pt-BR","@id":"https:\/\/www.suno.com.br\/noticias\/#\/schema\/person\/image\/","url":"https:\/\/secure.gravatar.com\/avatar\/8d725238a0ef7530bdf58578a222f948?s=96&r=g","contentUrl":"https:\/\/secure.gravatar.com\/avatar\/8d725238a0ef7530bdf58578a222f948?s=96&r=g","caption":"Mateus Vasconcellos"},"description":"Formado em jornalismo pela Universidade Presbiteriana Mackenzie, Mateus Vasconcellos escreve sobre o mercado financeiro para o portal de not\u00edcias da Suno Research. Antes da Suno, teve passagem pelo Observat\u00f3rio do Terceiro Setor e \u00e9 vencedor do 7\u00b0 Pr\u00eamio Jovem Jornalista Fernando Pacheco Jord\u00e3o.","sameAs":["https:\/\/www.suno.com.br","https:\/\/www.linkedin.com\/in\/mateus-vasconcellos-4b3542123\/"],"url":"https:\/\/www.suno.com.br\/noticias\/author\/mateus-vasconcellos\/"}]}},"default_loop_html":"<div class=\"cardsPage__listCard__boxs\"><div class=\"cardsPage__listCard__boxs__img\"><a href=\"https:\/\/www.suno.com.br\/noticias\/ilan-goldfajn-mudanca-cambial\/\"><img class=\"mask\" src=\"https:\/\/www.suno.com.br\/noticias\/wp-content\/themes\/suno\/resources\/images\/spotlight\/spotlight1img\/bg-mask.png\" alt=\"Image Mask\"\/><img src=\"https:\/\/files.sunoresearch.com.br\/n\/uploads\/2018\/11\/92773ddf-ilan-goldfajn-400x200.webp\" alt=\"Ilan Goldfajn acredita que n\u00e3o haver\u00e1 mudan\u00e7a na pol\u00edtica cambial do pa\u00eds\"\/><\/a><span class=\"spotlightCategory\"><a href=\"https:\/\/www.suno.com.br\/noticias\/economia\/\">Economia<\/a><\/span><\/div><div class=\"cardsPage__listCard__boxs__content\"><a href=\"https:\/\/www.suno.com.br\/noticias\/ilan-goldfajn-mudanca-cambial\/\"><h2 class=\"content__title\">Ilan Goldfajn acredita que n\u00e3o haver\u00e1 mudan\u00e7a na pol\u00edtica cambial do pa\u00eds<\/h2><\/a><div class=\"newsContent__article__meta\"><div class=\"newsContent__article__meta__authorBox\"><a href=\"https:\/\/www.suno.com.br\/noticias\/author\/mateus-vasconcellos\/\" class=\"authorBox__avatar noMobi\"><img src=\"https:\/\/secure.gravatar.com\/avatar\/8d725238a0ef7530bdf58578a222f948?s=96&#038;r=g\" alt=\"Mateus Vasconcellos\"><\/a><div class=\"authorBox__name\"><span>por\n\t\t\t<a href=\"https:\/\/www.suno.com.br\/noticias\/author\/mateus-vasconcellos\/\"><span itemprop=\"author\">Mateus Vasconcellos<\/span><\/a><\/span><time datetime=\"2018-11-28T12:59:09-02:00\" itemprop=\"datePublished\">28\/11\/2018 12:59<\/time><\/div><\/div><\/div><\/div><\/div>","single_layout":"posts","amp_enabled":true,"_links":{"self":[{"href":"https:\/\/www.suno.com.br\/noticias\/wp-json\/wp\/v2\/posts\/7297"}],"collection":[{"href":"https:\/\/www.suno.com.br\/noticias\/wp-json\/wp\/v2\/posts"}],"about":[{"href":"https:\/\/www.suno.com.br\/noticias\/wp-json\/wp\/v2\/types\/post"}],"author":[{"embeddable":true,"href":"https:\/\/www.suno.com.br\/noticias\/wp-json\/wp\/v2\/users\/7"}],"replies":[{"embeddable":true,"href":"https:\/\/www.suno.com.br\/noticias\/wp-json\/wp\/v2\/comments?post=7297"}],"version-history":[{"count":0,"href":"https:\/\/www.suno.com.br\/noticias\/wp-json\/wp\/v2\/posts\/7297\/revisions"}],"wp:featuredmedia":[{"embeddable":true,"href":"https:\/\/www.suno.com.br\/noticias\/wp-json\/wp\/v2\/media\/7299"}],"wp:attachment":[{"href":"https:\/\/www.suno.com.br\/noticias\/wp-json\/wp\/v2\/media?parent=7297"}],"wp:term":[{"taxonomy":"category","embeddable":true,"href":"https:\/\/www.suno.com.br\/noticias\/wp-json\/wp\/v2\/categories?post=7297"},{"taxonomy":"post_tag","embeddable":true,"href":"https:\/\/www.suno.com.br\/noticias\/wp-json\/wp\/v2\/tags?post=7297"},{"taxonomy":"suno_strategy","embeddable":true,"href":"https:\/\/www.suno.com.br\/noticias\/wp-json\/wp\/v2\/suno_strategy?post=7297"}],"curies":[{"name":"wp","href":"https:\/\/api.w.org\/{rel}","templated":true}]}}