{"id":72967,"date":"2020-07-13T20:09:04","date_gmt":"2020-07-13T23:09:04","guid":{"rendered":"https:\/\/www.suno.com.br\/noticias\/?p=72967"},"modified":"2020-07-13T20:09:04","modified_gmt":"2020-07-13T23:09:04","slug":"paulo-guedes-pede-ajuda-internacional-para-preservar-amazonia","status":"publish","type":"post","link":"https:\/\/www.suno.com.br\/noticias\/paulo-guedes-pede-ajuda-internacional-para-preservar-amazonia\/","title":{"rendered":"Paulo Guedes pede ajuda internacional para preservar Amaz\u00f4nia"},"content":{"rendered":"<p>O ministro da Economia, <a href=\"https:\/\/www.suno.com.br\/tudo-sobre\/paulo-guedes\/\">Paulo <strong>Guedes<\/strong><\/a>, afirmou nesta segunda-feira (13) que o governo se compromete com a preserva\u00e7\u00e3o da Amaz\u00f4nia. O coment\u00e1rio vem \u00e0 tona ap\u00f3s investidores internacionais pressionarem o governo brasileiro para aumentar a preserva\u00e7\u00e3o da floresta.<\/p>\t<div class=\"wrapper-featured-image\">\n\t\t<figure class=\"spotlightImg\">\n\n\t\t\t<picture>\n\t\t\t\t<source media=\"(max-width: 768px)\" srcset=\"https:\/\/files.sunoresearch.com.br\/n\/uploads\/2020\/03\/5e6c5622-economia_1202200244-400x200.webp\">\n\t\t\t\t<img loading=\"lazy\" decoding=\"async\" class=\"newsContent__article__imgCapa lazyloadDisabled newsContent__article__imgCapa--noCaption\" src=\"https:\/\/files.sunoresearch.com.br\/n\/uploads\/2020\/03\/5e6c5622-economia_1202200244-800x450.webp\" width=\"800\" height=\"450\" alt=\"Paulo Guedes pede ajuda internacional para preservar Amaz\u00f4nia\" fetchpriority=high \/>\n\t\t\t<\/picture>\n\n\t\t\t<figcaption class=\"wp-caption-text wp-caption-text--hide\">Paulo Guedes pede ajuda internacional para preservar Amaz\u00f4nia<\/figcaption>\n\t\t<\/figure>\n\t<\/div>\n\n\n\n<p>Ao participar da <a href=\"https:\/\/www.suno.com.br\/artigos\/ocde\/\"><strong>C\u00fapula Ministerial Virtual da OCDE<\/strong><\/a> sobre Inclus\u00e3o Social para a Am\u00e9rica Latina e o Caribe, Paulo Guedes real\u00e7ou a import\u00e2ncia da Amaz\u00f4nia. &#8220;Sabemos que temos que reduzir os efeitos sobre o meio ambiente. Queremos apoio e compreens\u00e3o para fazer isso melhor. O Brasil sabe da import\u00e2ncia do desenvolvimento sustent\u00e1vel n\u00e3o apenas do ponto de vista fiscal, como do ponto de vista ambiental&#8221;, indicou ele.<\/p>\n<p>O economista tamb\u00e9m utilizou o espa\u00e7o para reafirmar que o Brasil tem desenvolvido um papel fundamental na preserva\u00e7\u00e3o da floresta. &#8220;Sabemos que preservamos mais as nossas florestas e protegemos nossos povos ind\u00edgenas melhor que outros pa\u00edses, onde houve guerras de exterm\u00ednio. O Brasil alimenta o mundo preservando o seu meio ambiente&#8221;, apontou. Entretanto, Guedes pediu a compreens\u00e3o dos pa\u00edses, j\u00e1 que sozinho ser\u00e1 dif\u00edcil cumprir o objetivo de ajudar a Amaz\u00f4nia.<\/p>\n<p><a href=\"https:\/\/lp.suno.com.br\/suno-one\/\">Suno One: o primeiro passo para alcan\u00e7ar a sua independ\u00eancia financeira. Acesse agora, \u00e9 gratuito!<\/a><\/p>\n<p>Ademais, Guedes completou dizendo que &#8220;a Amaz\u00f4nia \u00e9 maior que a Europa, \u00e9 dif\u00edcil monitorar tudo. Em um pa\u00eds com car\u00eancia de educa\u00e7\u00e3o e saneamento, como policiar toda a selva Amaz\u00f4nica sem ajuda? Estamos abertos \u00e0 coopera\u00e7\u00e3o e ajuda para sa\u00edda da crise&#8221;.<\/p>\n<h2>Guedes responde \u00e0s medidas tomadas pela Europa<\/h2>\n<p>De acordo com informa\u00e7\u00f5es do jornal &#8220;O Estado de S. Paulo&#8221;, sete grandes empresas de investimento europeias afirmaram \u00e0 ag\u00eancia &#8220;Reuters&#8221; que deixar\u00e3o de investir no Brasil, caso o Pa\u00eds n\u00e3o apresente uma solu\u00e7\u00e3o para o desmatamento na <strong>Amaz\u00f4nia<\/strong>.<\/p>\n<p>O corte de investimentos, segundo o jornal, incluiria produtores de carne, operadoras de gr\u00e3os e at\u00e9 t\u00edtulos do governo brasileiro. As gigantes <strong>Nordea<\/strong> (finlandesa) e a <strong>Legal &amp; General Investment Management (LGIM)<\/strong>, que \u00e9 brit\u00e2nica, s\u00e3o algumas das empresas que est\u00e3o repudiando o que est\u00e1 acontecendo com a floresta tropical, que \u00e9 considerada por especialistas o &#8220;pulm\u00e3o do mundo&#8221;. Estes dois grupos de investidores possuem sob seus guarda-chuvas mais de US$ 2 trilh\u00f5es em ativos administrados.<\/p>\n<p><a href=\"https:\/\/www.suno.com.br\/noticias\/guedes-preve-grandes-privatizacoes-nos-proximos-3-meses\/\">Saiba mais: Guedes prev\u00ea &#8216;grandes privatiza\u00e7\u00f5es&#8217; nos pr\u00f3ximos 3 meses<\/a><\/p>\n<p>Em agosto do ano passado, Bolsonaro chegou a dizer que n\u00e3o precisava do dinheiro de pa\u00edses europeus para preservar a floresta. No entanto, nesta segunda-feira, <span style=\"font-size: 19.4286px;\">o governo travou o repasse de R$ 33 milh\u00f5es doados pela <strong>Noruega<\/strong> e <strong>Alemanha<\/strong> para o Ibama, que seriam destinados \u00e0 Amaz\u00f4nia, levando <\/span><span style=\"font-size: 1.21429rem;\"><strong>Guedes<\/strong> a pedir ajuda de outros pa\u00edses para que o governo consiga lidar com a quest\u00e3o ambiental.<\/span><\/p>\n\n","protected":false},"excerpt":{"rendered":"<p>O ministro da Economia, Paulo Guedes, afirmou nesta segunda-feira (13) que o governo se compromete com a preserva\u00e7\u00e3o da Amaz\u00f4nia. O coment\u00e1rio vem \u00e0 tona ap\u00f3s investidores internacionais pressionarem o governo brasileiro para aumentar a preserva\u00e7\u00e3o da floresta. Paulo Guedes pede ajuda internacional para preservar Amaz\u00f4nia Ao participar da C\u00fapula Ministerial Virtual da OCDE sobre [&hellip;]<\/p>\n","protected":false},"author":44,"featured_media":55942,"comment_status":"closed","ping_status":"closed","sticky":false,"template":"","format":"standard","meta":[],"categories":[62],"tags":[358,710,796],"suno_strategy":[],"class_list":["post-72967","post","type-post","status-publish","format-standard","has-post-thumbnail","hentry","category-economia","tag-amazonia","tag-europa","tag-paulo-guedes"],"yoast_head":"<!-- This site is optimized with the Yoast SEO plugin v24.4 - https:\/\/yoast.com\/wordpress\/plugins\/seo\/ -->\n<title>Paulo Guedes pede ajuda internacional para preservar Amaz\u00f4nia<\/title>\n<meta name=\"description\" content=\"Paulo Guedes informou nesta segunda-feira (13) que o governo se compromete com a preserva\u00e7\u00e3o da Amaz\u00f4nia. Clique para ver mais.\" \/>\n<meta name=\"robots\" content=\"index, follow, max-snippet:-1, max-image-preview:large, max-video-preview:-1\" \/>\n<link rel=\"canonical\" href=\"https:\/\/www.suno.com.br\/noticias\/paulo-guedes-pede-ajuda-internacional-para-preservar-amazonia\/\" \/>\n<meta property=\"og:locale\" content=\"pt_BR\" \/>\n<meta property=\"og:type\" content=\"article\" \/>\n<meta property=\"og:title\" content=\"Paulo Guedes pede ajuda internacional para preservar Amaz\u00f4nia\" \/>\n<meta property=\"og:description\" content=\"Paulo Guedes informou nesta segunda-feira (13) que o governo se compromete com a preserva\u00e7\u00e3o da Amaz\u00f4nia. Clique para ver mais.\" \/>\n<meta property=\"og:url\" content=\"https:\/\/www.suno.com.br\/noticias\/paulo-guedes-pede-ajuda-internacional-para-preservar-amazonia\/\" \/>\n<meta property=\"og:site_name\" content=\"Suno Not\u00edcias\" \/>\n<meta property=\"article:publisher\" content=\"https:\/\/facebook.com\/sunoresearch\" \/>\n<meta property=\"og:image\" content=\"https:\/\/files.sunoresearch.com.br\/n\/uploads\/2020\/03\/5e6c5622-economia_1202200244.jpg\" \/>\n\t<meta property=\"og:image:width\" content=\"1024\" \/>\n\t<meta property=\"og:image:height\" content=\"768\" \/>\n\t<meta property=\"og:image:type\" content=\"image\/jpeg\" \/>\n<meta name=\"author\" content=\"Daniel Guimar\u00e3es\" \/>\n<meta name=\"twitter:card\" content=\"summary_large_image\" \/>\n<meta name=\"twitter:creator\" content=\"@sunoresearch\" \/>\n<meta name=\"twitter:site\" content=\"@sunoresearch\" \/>\n<meta name=\"twitter:label1\" content=\"Escrito por\" \/>\n\t<meta name=\"twitter:data1\" content=\"Daniel Guimar\u00e3es\" \/>\n\t<meta name=\"twitter:label2\" content=\"Est. tempo de leitura\" \/>\n\t<meta name=\"twitter:data2\" content=\"2 minutos\" \/>\n<script type=\"application\/ld+json\" class=\"yoast-schema-graph\">{\"@context\":\"https:\/\/schema.org\",\"@graph\":[{\"@type\":\"NewsArticle\",\"@id\":\"https:\/\/www.suno.com.br\/noticias\/paulo-guedes-pede-ajuda-internacional-para-preservar-amazonia\/#article\",\"isPartOf\":{\"@id\":\"https:\/\/www.suno.com.br\/noticias\/paulo-guedes-pede-ajuda-internacional-para-preservar-amazonia\/\"},\"author\":{\"name\":\"Daniel Guimar\u00e3es\",\"@id\":\"https:\/\/www.suno.com.br\/noticias\/#\/schema\/person\/a7796c19fcf6bafd03b9a2fa1fd9ae20\"},\"headline\":\"Paulo Guedes pede ajuda internacional para preservar Amaz\u00f4nia\",\"datePublished\":\"2020-07-13T23:09:04+00:00\",\"mainEntityOfPage\":{\"@id\":\"https:\/\/www.suno.com.br\/noticias\/paulo-guedes-pede-ajuda-internacional-para-preservar-amazonia\/\"},\"wordCount\":492,\"publisher\":{\"@id\":\"https:\/\/www.suno.com.br\/noticias\/#organization\"},\"image\":{\"@id\":\"https:\/\/www.suno.com.br\/noticias\/paulo-guedes-pede-ajuda-internacional-para-preservar-amazonia\/#primaryimage\"},\"thumbnailUrl\":\"https:\/\/files.sunoresearch.com.br\/n\/uploads\/2020\/03\/5e6c5622-economia_1202200244-jpg.webp\",\"keywords\":[\"Amazonia\",\"Europa\",\"Paulo Guedes\"],\"articleSection\":[\"Economia\"],\"inLanguage\":\"pt-BR\"},{\"@type\":\"WebPage\",\"@id\":\"https:\/\/www.suno.com.br\/noticias\/paulo-guedes-pede-ajuda-internacional-para-preservar-amazonia\/\",\"url\":\"https:\/\/www.suno.com.br\/noticias\/paulo-guedes-pede-ajuda-internacional-para-preservar-amazonia\/\",\"name\":\"Paulo Guedes pede ajuda internacional para preservar Amaz\u00f4nia\",\"isPartOf\":{\"@id\":\"https:\/\/www.suno.com.br\/noticias\/#website\"},\"primaryImageOfPage\":{\"@id\":\"https:\/\/www.suno.com.br\/noticias\/paulo-guedes-pede-ajuda-internacional-para-preservar-amazonia\/#primaryimage\"},\"image\":{\"@id\":\"https:\/\/www.suno.com.br\/noticias\/paulo-guedes-pede-ajuda-internacional-para-preservar-amazonia\/#primaryimage\"},\"thumbnailUrl\":\"https:\/\/files.sunoresearch.com.br\/n\/uploads\/2020\/03\/5e6c5622-economia_1202200244-jpg.webp\",\"datePublished\":\"2020-07-13T23:09:04+00:00\",\"description\":\"Paulo Guedes informou nesta segunda-feira (13) que o governo se compromete com a preserva\u00e7\u00e3o da Amaz\u00f4nia. Clique para ver mais.\",\"breadcrumb\":{\"@id\":\"https:\/\/www.suno.com.br\/noticias\/paulo-guedes-pede-ajuda-internacional-para-preservar-amazonia\/#breadcrumb\"},\"inLanguage\":\"pt-BR\",\"potentialAction\":[{\"@type\":\"ReadAction\",\"target\":[\"https:\/\/www.suno.com.br\/noticias\/paulo-guedes-pede-ajuda-internacional-para-preservar-amazonia\/\"]}]},{\"@type\":\"ImageObject\",\"inLanguage\":\"pt-BR\",\"@id\":\"https:\/\/www.suno.com.br\/noticias\/paulo-guedes-pede-ajuda-internacional-para-preservar-amazonia\/#primaryimage\",\"url\":\"https:\/\/files.sunoresearch.com.br\/n\/uploads\/2020\/03\/5e6c5622-economia_1202200244-jpg.webp\",\"contentUrl\":\"https:\/\/files.sunoresearch.com.br\/n\/uploads\/2020\/03\/5e6c5622-economia_1202200244-jpg.webp\",\"width\":1024,\"height\":768,\"caption\":\"Paulo Guedes pede ajuda internacional para preservar Amaz\u00f4nia\"},{\"@type\":\"BreadcrumbList\",\"@id\":\"https:\/\/www.suno.com.br\/noticias\/paulo-guedes-pede-ajuda-internacional-para-preservar-amazonia\/#breadcrumb\",\"itemListElement\":[{\"@type\":\"ListItem\",\"position\":1,\"name\":\"Not\u00edcias\",\"item\":\"https:\/\/www.suno.com.br\/noticias\/\"},{\"@type\":\"ListItem\",\"position\":2,\"name\":\"Economia\",\"item\":\"https:\/\/www.suno.com.br\/noticias\/economia\/\"},{\"@type\":\"ListItem\",\"position\":3,\"name\":\"Paulo Guedes pede ajuda internacional para preservar Amaz\u00f4nia\"}]},{\"@type\":\"WebSite\",\"@id\":\"https:\/\/www.suno.com.br\/noticias\/#website\",\"url\":\"https:\/\/www.suno.com.br\/noticias\/\",\"name\":\"Suno Not\u00edcias\",\"description\":\"Seu portal de informa\u00e7\u00e3o sobre o mundo dos investimentos\",\"publisher\":{\"@id\":\"https:\/\/www.suno.com.br\/noticias\/#organization\"},\"potentialAction\":[{\"@type\":\"SearchAction\",\"target\":{\"@type\":\"EntryPoint\",\"urlTemplate\":\"https:\/\/www.suno.com.br\/noticias\/?s={search_term_string}\"},\"query-input\":{\"@type\":\"PropertyValueSpecification\",\"valueRequired\":true,\"valueName\":\"search_term_string\"}}],\"inLanguage\":\"pt-BR\"},{\"@type\":\"Organization\",\"@id\":\"https:\/\/www.suno.com.br\/noticias\/#organization\",\"name\":\"Suno Not\u00edcias\",\"url\":\"https:\/\/www.suno.com.br\/noticias\/\",\"logo\":{\"@type\":\"ImageObject\",\"inLanguage\":\"pt-BR\",\"@id\":\"https:\/\/www.suno.com.br\/noticias\/#\/schema\/logo\/image\/\",\"url\":\"https:\/\/files.sunoresearch.com.br\/n\/uploads\/2021\/09\/suno-logo.png\",\"contentUrl\":\"https:\/\/files.sunoresearch.com.br\/n\/uploads\/2021\/09\/suno-logo.png\",\"width\":180,\"height\":180,\"caption\":\"Suno Not\u00edcias\"},\"image\":{\"@id\":\"https:\/\/www.suno.com.br\/noticias\/#\/schema\/logo\/image\/\"},\"sameAs\":[\"https:\/\/facebook.com\/sunoresearch\",\"https:\/\/x.com\/sunoresearch\",\"https:\/\/www.instagram.com\/suno\",\"https:\/\/www.linkedin.com\/company\/suno-research\/\",\"https:\/\/www.youtube.com\/c\/sunoresearch\"]},{\"@type\":\"Person\",\"@id\":\"https:\/\/www.suno.com.br\/noticias\/#\/schema\/person\/a7796c19fcf6bafd03b9a2fa1fd9ae20\",\"name\":\"Daniel Guimar\u00e3es\",\"image\":{\"@type\":\"ImageObject\",\"inLanguage\":\"pt-BR\",\"@id\":\"https:\/\/www.suno.com.br\/noticias\/#\/schema\/person\/image\/\",\"url\":\"https:\/\/secure.gravatar.com\/avatar\/fb8260757609f58f0c0ac079d1b32eff?s=96&r=g\",\"contentUrl\":\"https:\/\/secure.gravatar.com\/avatar\/fb8260757609f58f0c0ac079d1b32eff?s=96&r=g\",\"caption\":\"Daniel Guimar\u00e3es\"},\"description\":\"Estagi\u00e1rio na Suno Not\u00edcias, Daniel escreve not\u00edcias que afetam o mercado financeiro brasileiro e internacional. Estuda economia na Rutgers University, em New Jersey.\",\"sameAs\":[\"suno.research\"],\"url\":\"https:\/\/www.suno.com.br\/noticias\/author\/daniel\/\"}]}<\/script>\n<!-- \/ Yoast SEO plugin. -->","yoast_head_json":{"title":"Paulo Guedes pede ajuda internacional para preservar Amaz\u00f4nia","description":"Paulo Guedes informou nesta segunda-feira (13) que o governo se compromete com a preserva\u00e7\u00e3o da Amaz\u00f4nia. Clique para ver mais.","robots":{"index":"index","follow":"follow","max-snippet":"max-snippet:-1","max-image-preview":"max-image-preview:large","max-video-preview":"max-video-preview:-1"},"canonical":"https:\/\/www.suno.com.br\/noticias\/paulo-guedes-pede-ajuda-internacional-para-preservar-amazonia\/","og_locale":"pt_BR","og_type":"article","og_title":"Paulo Guedes pede ajuda internacional para preservar Amaz\u00f4nia","og_description":"Paulo Guedes informou nesta segunda-feira (13) que o governo se compromete com a preserva\u00e7\u00e3o da Amaz\u00f4nia. Clique para ver mais.","og_url":"https:\/\/www.suno.com.br\/noticias\/paulo-guedes-pede-ajuda-internacional-para-preservar-amazonia\/","og_site_name":"Suno Not\u00edcias","article_publisher":"https:\/\/facebook.com\/sunoresearch","og_image":[{"width":1024,"height":768,"url":"https:\/\/files.sunoresearch.com.br\/n\/uploads\/2020\/03\/5e6c5622-economia_1202200244.jpg","type":"image\/jpeg"}],"author":"Daniel Guimar\u00e3es","twitter_card":"summary_large_image","twitter_creator":"@sunoresearch","twitter_site":"@sunoresearch","twitter_misc":{"Escrito por":"Daniel Guimar\u00e3es","Est. tempo de leitura":"2 minutos"},"schema":{"@context":"https:\/\/schema.org","@graph":[{"@type":"NewsArticle","@id":"https:\/\/www.suno.com.br\/noticias\/paulo-guedes-pede-ajuda-internacional-para-preservar-amazonia\/#article","isPartOf":{"@id":"https:\/\/www.suno.com.br\/noticias\/paulo-guedes-pede-ajuda-internacional-para-preservar-amazonia\/"},"author":{"name":"Daniel Guimar\u00e3es","@id":"https:\/\/www.suno.com.br\/noticias\/#\/schema\/person\/a7796c19fcf6bafd03b9a2fa1fd9ae20"},"headline":"Paulo Guedes pede ajuda internacional para preservar Amaz\u00f4nia","datePublished":"2020-07-13T23:09:04+00:00","mainEntityOfPage":{"@id":"https:\/\/www.suno.com.br\/noticias\/paulo-guedes-pede-ajuda-internacional-para-preservar-amazonia\/"},"wordCount":492,"publisher":{"@id":"https:\/\/www.suno.com.br\/noticias\/#organization"},"image":{"@id":"https:\/\/www.suno.com.br\/noticias\/paulo-guedes-pede-ajuda-internacional-para-preservar-amazonia\/#primaryimage"},"thumbnailUrl":"https:\/\/files.sunoresearch.com.br\/n\/uploads\/2020\/03\/5e6c5622-economia_1202200244-jpg.webp","keywords":["Amazonia","Europa","Paulo Guedes"],"articleSection":["Economia"],"inLanguage":"pt-BR"},{"@type":"WebPage","@id":"https:\/\/www.suno.com.br\/noticias\/paulo-guedes-pede-ajuda-internacional-para-preservar-amazonia\/","url":"https:\/\/www.suno.com.br\/noticias\/paulo-guedes-pede-ajuda-internacional-para-preservar-amazonia\/","name":"Paulo Guedes pede ajuda internacional para preservar Amaz\u00f4nia","isPartOf":{"@id":"https:\/\/www.suno.com.br\/noticias\/#website"},"primaryImageOfPage":{"@id":"https:\/\/www.suno.com.br\/noticias\/paulo-guedes-pede-ajuda-internacional-para-preservar-amazonia\/#primaryimage"},"image":{"@id":"https:\/\/www.suno.com.br\/noticias\/paulo-guedes-pede-ajuda-internacional-para-preservar-amazonia\/#primaryimage"},"thumbnailUrl":"https:\/\/files.sunoresearch.com.br\/n\/uploads\/2020\/03\/5e6c5622-economia_1202200244-jpg.webp","datePublished":"2020-07-13T23:09:04+00:00","description":"Paulo Guedes informou nesta segunda-feira (13) que o governo se compromete com a preserva\u00e7\u00e3o da Amaz\u00f4nia. Clique para ver mais.","breadcrumb":{"@id":"https:\/\/www.suno.com.br\/noticias\/paulo-guedes-pede-ajuda-internacional-para-preservar-amazonia\/#breadcrumb"},"inLanguage":"pt-BR","potentialAction":[{"@type":"ReadAction","target":["https:\/\/www.suno.com.br\/noticias\/paulo-guedes-pede-ajuda-internacional-para-preservar-amazonia\/"]}]},{"@type":"ImageObject","inLanguage":"pt-BR","@id":"https:\/\/www.suno.com.br\/noticias\/paulo-guedes-pede-ajuda-internacional-para-preservar-amazonia\/#primaryimage","url":"https:\/\/files.sunoresearch.com.br\/n\/uploads\/2020\/03\/5e6c5622-economia_1202200244-jpg.webp","contentUrl":"https:\/\/files.sunoresearch.com.br\/n\/uploads\/2020\/03\/5e6c5622-economia_1202200244-jpg.webp","width":1024,"height":768,"caption":"Paulo Guedes pede ajuda internacional para preservar Amaz\u00f4nia"},{"@type":"BreadcrumbList","@id":"https:\/\/www.suno.com.br\/noticias\/paulo-guedes-pede-ajuda-internacional-para-preservar-amazonia\/#breadcrumb","itemListElement":[{"@type":"ListItem","position":1,"name":"Not\u00edcias","item":"https:\/\/www.suno.com.br\/noticias\/"},{"@type":"ListItem","position":2,"name":"Economia","item":"https:\/\/www.suno.com.br\/noticias\/economia\/"},{"@type":"ListItem","position":3,"name":"Paulo Guedes pede ajuda internacional para preservar Amaz\u00f4nia"}]},{"@type":"WebSite","@id":"https:\/\/www.suno.com.br\/noticias\/#website","url":"https:\/\/www.suno.com.br\/noticias\/","name":"Suno Not\u00edcias","description":"Seu portal de informa\u00e7\u00e3o sobre o mundo dos investimentos","publisher":{"@id":"https:\/\/www.suno.com.br\/noticias\/#organization"},"potentialAction":[{"@type":"SearchAction","target":{"@type":"EntryPoint","urlTemplate":"https:\/\/www.suno.com.br\/noticias\/?s={search_term_string}"},"query-input":{"@type":"PropertyValueSpecification","valueRequired":true,"valueName":"search_term_string"}}],"inLanguage":"pt-BR"},{"@type":"Organization","@id":"https:\/\/www.suno.com.br\/noticias\/#organization","name":"Suno Not\u00edcias","url":"https:\/\/www.suno.com.br\/noticias\/","logo":{"@type":"ImageObject","inLanguage":"pt-BR","@id":"https:\/\/www.suno.com.br\/noticias\/#\/schema\/logo\/image\/","url":"https:\/\/files.sunoresearch.com.br\/n\/uploads\/2021\/09\/suno-logo.png","contentUrl":"https:\/\/files.sunoresearch.com.br\/n\/uploads\/2021\/09\/suno-logo.png","width":180,"height":180,"caption":"Suno Not\u00edcias"},"image":{"@id":"https:\/\/www.suno.com.br\/noticias\/#\/schema\/logo\/image\/"},"sameAs":["https:\/\/facebook.com\/sunoresearch","https:\/\/x.com\/sunoresearch","https:\/\/www.instagram.com\/suno","https:\/\/www.linkedin.com\/company\/suno-research\/","https:\/\/www.youtube.com\/c\/sunoresearch"]},{"@type":"Person","@id":"https:\/\/www.suno.com.br\/noticias\/#\/schema\/person\/a7796c19fcf6bafd03b9a2fa1fd9ae20","name":"Daniel Guimar\u00e3es","image":{"@type":"ImageObject","inLanguage":"pt-BR","@id":"https:\/\/www.suno.com.br\/noticias\/#\/schema\/person\/image\/","url":"https:\/\/secure.gravatar.com\/avatar\/fb8260757609f58f0c0ac079d1b32eff?s=96&r=g","contentUrl":"https:\/\/secure.gravatar.com\/avatar\/fb8260757609f58f0c0ac079d1b32eff?s=96&r=g","caption":"Daniel Guimar\u00e3es"},"description":"Estagi\u00e1rio na Suno Not\u00edcias, Daniel escreve not\u00edcias que afetam o mercado financeiro brasileiro e internacional. Estuda economia na Rutgers University, em New Jersey.","sameAs":["suno.research"],"url":"https:\/\/www.suno.com.br\/noticias\/author\/daniel\/"}]}},"default_loop_html":"<div class=\"cardsPage__listCard__boxs\"><div class=\"cardsPage__listCard__boxs__img\"><a href=\"https:\/\/www.suno.com.br\/noticias\/paulo-guedes-pede-ajuda-internacional-para-preservar-amazonia\/\"><img class=\"mask\" src=\"https:\/\/www.suno.com.br\/noticias\/wp-content\/themes\/suno\/resources\/images\/spotlight\/spotlight1img\/bg-mask.png\" alt=\"Image Mask\"\/><img src=\"https:\/\/files.sunoresearch.com.br\/n\/uploads\/2020\/03\/5e6c5622-economia_1202200244-400x200.webp\" alt=\"Paulo Guedes pede ajuda internacional para preservar Amaz\u00f4nia\"\/><\/a><span class=\"spotlightCategory\"><a href=\"https:\/\/www.suno.com.br\/noticias\/economia\/\">Economia<\/a><\/span><\/div><div class=\"cardsPage__listCard__boxs__content\"><a href=\"https:\/\/www.suno.com.br\/noticias\/paulo-guedes-pede-ajuda-internacional-para-preservar-amazonia\/\"><h2 class=\"content__title\">Paulo Guedes pede ajuda internacional para preservar Amaz\u00f4nia<\/h2><\/a><div class=\"newsContent__article__meta\"><div class=\"newsContent__article__meta__authorBox\"><a href=\"https:\/\/www.suno.com.br\/noticias\/author\/daniel\/\" class=\"authorBox__avatar noMobi\"><img src=\"https:\/\/files.sunoresearch.com.br\/n\/uploads\/2020\/08\/e51aadd2-whatsapp-image-2020-08-03-at-14.03.48-150x150.webp\" alt=\"Daniel Guimar\u00e3es\"><\/a><div class=\"authorBox__name\"><span>por\n\t\t\t<a href=\"https:\/\/www.suno.com.br\/noticias\/author\/daniel\/\"><span itemprop=\"author\">Daniel Guimar\u00e3es<\/span><\/a><\/span><time datetime=\"2020-07-13T20:09:04-03:00\" itemprop=\"datePublished\">13\/07\/2020 20:09<\/time><\/div><\/div><\/div><\/div><\/div>","single_layout":"posts","amp_enabled":true,"_links":{"self":[{"href":"https:\/\/www.suno.com.br\/noticias\/wp-json\/wp\/v2\/posts\/72967"}],"collection":[{"href":"https:\/\/www.suno.com.br\/noticias\/wp-json\/wp\/v2\/posts"}],"about":[{"href":"https:\/\/www.suno.com.br\/noticias\/wp-json\/wp\/v2\/types\/post"}],"author":[{"embeddable":true,"href":"https:\/\/www.suno.com.br\/noticias\/wp-json\/wp\/v2\/users\/44"}],"replies":[{"embeddable":true,"href":"https:\/\/www.suno.com.br\/noticias\/wp-json\/wp\/v2\/comments?post=72967"}],"version-history":[{"count":0,"href":"https:\/\/www.suno.com.br\/noticias\/wp-json\/wp\/v2\/posts\/72967\/revisions"}],"wp:featuredmedia":[{"embeddable":true,"href":"https:\/\/www.suno.com.br\/noticias\/wp-json\/wp\/v2\/media\/55942"}],"wp:attachment":[{"href":"https:\/\/www.suno.com.br\/noticias\/wp-json\/wp\/v2\/media?parent=72967"}],"wp:term":[{"taxonomy":"category","embeddable":true,"href":"https:\/\/www.suno.com.br\/noticias\/wp-json\/wp\/v2\/categories?post=72967"},{"taxonomy":"post_tag","embeddable":true,"href":"https:\/\/www.suno.com.br\/noticias\/wp-json\/wp\/v2\/tags?post=72967"},{"taxonomy":"suno_strategy","embeddable":true,"href":"https:\/\/www.suno.com.br\/noticias\/wp-json\/wp\/v2\/suno_strategy?post=72967"}],"curies":[{"name":"wp","href":"https:\/\/api.w.org\/{rel}","templated":true}]}}