{"id":72902,"date":"2020-07-13T15:59:57","date_gmt":"2020-07-13T18:59:57","guid":{"rendered":"https:\/\/www.suno.com.br\/noticias\/?p=72902"},"modified":"2021-05-11T20:46:00","modified_gmt":"2021-05-11T23:46:00","slug":"sp-global-projecoes-mercados-emergentes","status":"publish","type":"post","link":"https:\/\/www.suno.com.br\/noticias\/sp-global-projecoes-mercados-emergentes\/","title":{"rendered":"S&#038;P Global reduz proje\u00e7\u00f5es para mercados emergentes"},"content":{"rendered":"<p>A S&amp;P Global informou nessa segunda-feira (13) que revisou e resumiu suas proje\u00e7\u00f5es referentes as economias de mercados <strong>emergentes<\/strong>, assim, prev\u00ea que haver\u00e1 uma contra\u00e7\u00e3o m\u00e9dia de 4,7% nesse ano, frente aos impactos da <a href=\"https:\/\/www.suno.com.br\/noticias\/tags\/coronavirus\/\">pandemia do novo coronav\u00edrus (Covid-19)<\/a>. A \u00faltima proje\u00e7\u00e3o, em abril, previa uma uma retra\u00e7\u00e3o de 1,8%. Al\u00e9m disso, a <a href=\"https:\/\/www.suno.com.br\/artigos\/agencias-de-rating\/\">ag\u00eancia de classifica\u00e7\u00e3o de risco<\/a> indicou que todos os pa\u00edses devem ficar com cicatrizes permanentes.<\/p>\t<div class=\"wrapper-featured-image\">\n\t\t<figure class=\"spotlightImg\">\n\n\t\t\t<picture>\n\t\t\t\t<source media=\"(max-width: 768px)\" srcset=\"https:\/\/files.sunoresearch.com.br\/n\/uploads\/2019\/11\/1455ff4f-bolsa-400x200.webp\">\n\t\t\t\t<img loading=\"lazy\" decoding=\"async\" class=\"newsContent__article__imgCapa lazyloadDisabled newsContent__article__imgCapa--noCaption\" src=\"https:\/\/files.sunoresearch.com.br\/n\/uploads\/2019\/11\/1455ff4f-bolsa-800x450.webp\" width=\"800\" height=\"450\" alt=\"S&#038;P Global reduz proje\u00e7\u00f5es para mercados emergentes\" fetchpriority=high \/>\n\t\t\t<\/picture>\n\n\t\t\t<figcaption class=\"wp-caption-text wp-caption-text--hide\">S&amp;P Global reduz proje\u00e7\u00f5es para mercados emergentes <\/figcaption>\n\t\t<\/figure>\n\t<\/div>\n\n\n\n<p>&#8220;Projetamos que o <strong>PIB<\/strong> m\u00e9dio dos mercados emergentes (excluindo a China) caia 4,7% neste ano e cres\u00e7a 5,9% em 2021. Os riscos permanecem sobretudo do lado negativo e atrelados \u00e0 evolu\u00e7\u00e3o da <strong>pandemia<\/strong>&#8220;, explicou a <strong>S&amp;P Global<\/strong>.<\/p>\n<p>Segundo a ag\u00eancia, a reavalia\u00e7\u00e3o referente as proje\u00e7\u00f5es dos <a href=\"https:\/\/www.suno.com.br\/artigos\/pib-produto-interno-bruto\/\">Produto Interno Bruto (PIB)<\/a> s\u00e3o reflexo da piora da <strong>pandemia<\/strong> em muitos mercados emergentes, somado ao impacto no com\u00e9rcio exterior.<\/p>\n<p><a href=\"https:\/\/lp.suno.com.br\/suno-one\/\">Suno One: acesse gratuitamente eBooks, Minicursos, Artigos e Video Aulas sobre investimentos com um \u00fanico cadastro. Clique para saber mais!<\/a><\/p>\n<p>Al\u00e9m disso, de acordo com a S&amp;P, todos os mercados emergentes lidar\u00e3o com perdas permanentes de produ\u00e7\u00e3o. A<strong> S&amp;P Global<\/strong> ainda destacou que 420 a\u00e7\u00f5es negativas sobre <a href=\"https:\/\/www.suno.com.br\/artigos\/rating\/\">rating<\/a>, feitas pela pr\u00f3pria ag\u00eancia no primeiro semestre, foram em mercados emergentes.<\/p>\n<p>Por sua vez, a <strong>Am\u00e9rica Latina<\/strong> deve apresentar um resumo de 7,4% no PIB em 2020, o que,\u00a0 segundo a ag\u00eancia, \u00e9 a maior retra\u00e7\u00e3o. O PIB Brasil deve cair 7% de acordo com a previs\u00e3o.<\/p>\n<p>J\u00e1 na <strong>\u00c1sia<\/strong>, a economia indiana deve ter um resumo de 5% durante esse ano fiscal, frente as dificuldades em controlar a <strong>Covid-19<\/strong> e a fraca resposta pol\u00edtica.<\/p>\n<p>Em contrapartida, a ag\u00eancia prev\u00ea que a <strong>China<\/strong> anotar\u00e1 um avan\u00e7o de 1,2% nesse ano ao passo que o crescimento no ano que vem deva ser de 7%. Segundo a S&amp;P, reflexo dos fortes gastos com est\u00edmulos somado a gradual recupera\u00e7\u00e3o nas ind\u00fastrias de servi\u00e7os.<\/p>\n<h2>Coronav\u00edrus trar\u00e1 crise aos emergentes por at\u00e9 5 anos, diz Banco Mundial<\/h2>\n<p>Os pa\u00edses de economia de baixa renda e os <a href=\"https:\/\/www.suno.com.br\/artigos\/paises-emergentes\/\">pa\u00edses emergentes<\/a> dever\u00e3o ser impactadas pelos efeitos da pandemia do novo <strong>coronav\u00edrus<\/strong>\u00a0pelos pr\u00f3ximos 5 anos, apontou um estudo do <a href=\"https:\/\/www.suno.com.br\/artigos\/banco-mundial\/\"><strong>Banco Mundial<\/strong> (BM)<\/a> divulgado em meados de junho.<\/p>\n<p><a href=\"https:\/\/www.suno.com.br\/noticias\/emergentes-entrada-positiva-us32-iif\/\">Veja tamb\u00e9m: Emergentes registram entrada de US$ 32,9 bilh\u00f5es em junho, diz IIF<\/a><\/p>\n<p>Devido \u00e0s medidas de isolamento social, causando a paralisa\u00e7\u00e3o econ\u00f4mica de diversas na\u00e7\u00f5es, o coronav\u00edrus j\u00e1 instaurou uma grave recess\u00e3o no planeta, aponta a institui\u00e7\u00e3o. Em seu estudo, o Banco Mundial analisa quais mercados <strong>emergentes<\/strong> se recuperariam de forma mais r\u00e1pida ap\u00f3s o arrefecimento da crise nos sistemas de sa\u00fade.<\/p>\n\n","protected":false},"excerpt":{"rendered":"<p>A S&amp;P Global informou nessa segunda-feira (13) que revisou e resumiu suas proje\u00e7\u00f5es referentes as economias de mercados emergentes, assim, prev\u00ea que haver\u00e1 uma contra\u00e7\u00e3o m\u00e9dia de 4,7% nesse ano, frente aos impactos da pandemia do novo coronav\u00edrus (Covid-19). A \u00faltima proje\u00e7\u00e3o, em abril, previa uma uma retra\u00e7\u00e3o de 1,8%. Al\u00e9m disso, a ag\u00eancia de [&hellip;]<\/p>\n","protected":false},"author":39,"featured_media":46064,"comment_status":"closed","ping_status":"closed","sticky":false,"template":"","format":"standard","meta":[],"categories":[63],"tags":[20375,807,2337],"suno_strategy":[],"class_list":["post-72902","post","type-post","status-publish","format-standard","has-post-thumbnail","hentry","category-internacional","tag-paises-emergentes","tag-produto-interno-bruto-pib","tag-standard-poors-sp"],"yoast_head":"<!-- This site is optimized with the Yoast SEO plugin v24.4 - https:\/\/yoast.com\/wordpress\/plugins\/seo\/ -->\n<title>S&amp;P Global reduz proje\u00e7\u00f5es para mercados emergentes<\/title>\n<meta name=\"description\" content=\"A S&amp;P resumiu suas proje\u00e7\u00f5es sobre economias de mercados emergentes nesse ano, para uma contra\u00e7\u00e3o m\u00e9dia de 4,7%. Clique aqui para saber mais.\" \/>\n<meta name=\"robots\" content=\"index, follow, max-snippet:-1, max-image-preview:large, max-video-preview:-1\" \/>\n<link rel=\"canonical\" href=\"https:\/\/www.suno.com.br\/noticias\/sp-global-projecoes-mercados-emergentes\/\" \/>\n<meta property=\"og:locale\" content=\"pt_BR\" \/>\n<meta property=\"og:type\" content=\"article\" \/>\n<meta property=\"og:title\" content=\"S&amp;P Global reduz proje\u00e7\u00f5es para mercados emergentes\" \/>\n<meta property=\"og:description\" content=\"A S&amp;P resumiu suas proje\u00e7\u00f5es sobre economias de mercados emergentes nesse ano, para uma contra\u00e7\u00e3o m\u00e9dia de 4,7%. Clique aqui para saber mais.\" \/>\n<meta property=\"og:url\" content=\"https:\/\/www.suno.com.br\/noticias\/sp-global-projecoes-mercados-emergentes\/\" \/>\n<meta property=\"og:site_name\" content=\"Suno Not\u00edcias\" \/>\n<meta property=\"article:publisher\" content=\"https:\/\/facebook.com\/sunoresearch\" \/>\n<meta property=\"og:image\" content=\"https:\/\/files.sunoresearch.com.br\/n\/uploads\/2019\/11\/1455ff4f-bolsa.jpg\" \/>\n\t<meta property=\"og:image:width\" content=\"1200\" \/>\n\t<meta property=\"og:image:height\" content=\"900\" \/>\n\t<meta property=\"og:image:type\" content=\"image\/jpeg\" \/>\n<meta name=\"author\" content=\"Laura Moutinho\" \/>\n<meta name=\"twitter:card\" content=\"summary_large_image\" \/>\n<meta name=\"twitter:creator\" content=\"@sunoresearch\" \/>\n<meta name=\"twitter:site\" content=\"@sunoresearch\" \/>\n<meta name=\"twitter:label1\" content=\"Escrito por\" \/>\n\t<meta name=\"twitter:data1\" content=\"Laura Moutinho\" \/>\n\t<meta name=\"twitter:label2\" content=\"Est. tempo de leitura\" \/>\n\t<meta name=\"twitter:data2\" content=\"2 minutos\" \/>\n<script type=\"application\/ld+json\" class=\"yoast-schema-graph\">{\"@context\":\"https:\/\/schema.org\",\"@graph\":[{\"@type\":\"NewsArticle\",\"@id\":\"https:\/\/www.suno.com.br\/noticias\/sp-global-projecoes-mercados-emergentes\/#article\",\"isPartOf\":{\"@id\":\"https:\/\/www.suno.com.br\/noticias\/sp-global-projecoes-mercados-emergentes\/\"},\"author\":{\"name\":\"Laura Moutinho\",\"@id\":\"https:\/\/www.suno.com.br\/noticias\/#\/schema\/person\/3df0d2808748b74496efe5dbeaef2c72\"},\"headline\":\"S&#038;P Global reduz proje\u00e7\u00f5es para mercados emergentes\",\"datePublished\":\"2020-07-13T18:59:57+00:00\",\"dateModified\":\"2021-05-11T23:46:00+00:00\",\"mainEntityOfPage\":{\"@id\":\"https:\/\/www.suno.com.br\/noticias\/sp-global-projecoes-mercados-emergentes\/\"},\"wordCount\":475,\"publisher\":{\"@id\":\"https:\/\/www.suno.com.br\/noticias\/#organization\"},\"image\":{\"@id\":\"https:\/\/www.suno.com.br\/noticias\/sp-global-projecoes-mercados-emergentes\/#primaryimage\"},\"thumbnailUrl\":\"https:\/\/files.sunoresearch.com.br\/n\/uploads\/2019\/11\/1455ff4f-bolsa-jpg.webp\",\"keywords\":[\"pa\u00edses emergentes\",\"Produto Interno Bruto (PIB)\",\"Standard &amp; Poor's (S&amp;P)\"],\"articleSection\":[\"Internacional\"],\"inLanguage\":\"pt-BR\"},{\"@type\":\"WebPage\",\"@id\":\"https:\/\/www.suno.com.br\/noticias\/sp-global-projecoes-mercados-emergentes\/\",\"url\":\"https:\/\/www.suno.com.br\/noticias\/sp-global-projecoes-mercados-emergentes\/\",\"name\":\"S&P Global reduz proje\u00e7\u00f5es para mercados emergentes\",\"isPartOf\":{\"@id\":\"https:\/\/www.suno.com.br\/noticias\/#website\"},\"primaryImageOfPage\":{\"@id\":\"https:\/\/www.suno.com.br\/noticias\/sp-global-projecoes-mercados-emergentes\/#primaryimage\"},\"image\":{\"@id\":\"https:\/\/www.suno.com.br\/noticias\/sp-global-projecoes-mercados-emergentes\/#primaryimage\"},\"thumbnailUrl\":\"https:\/\/files.sunoresearch.com.br\/n\/uploads\/2019\/11\/1455ff4f-bolsa-jpg.webp\",\"datePublished\":\"2020-07-13T18:59:57+00:00\",\"dateModified\":\"2021-05-11T23:46:00+00:00\",\"description\":\"A S&P resumiu suas proje\u00e7\u00f5es sobre economias de mercados emergentes nesse ano, para uma contra\u00e7\u00e3o m\u00e9dia de 4,7%. Clique aqui para saber mais.\",\"breadcrumb\":{\"@id\":\"https:\/\/www.suno.com.br\/noticias\/sp-global-projecoes-mercados-emergentes\/#breadcrumb\"},\"inLanguage\":\"pt-BR\",\"potentialAction\":[{\"@type\":\"ReadAction\",\"target\":[\"https:\/\/www.suno.com.br\/noticias\/sp-global-projecoes-mercados-emergentes\/\"]}]},{\"@type\":\"ImageObject\",\"inLanguage\":\"pt-BR\",\"@id\":\"https:\/\/www.suno.com.br\/noticias\/sp-global-projecoes-mercados-emergentes\/#primaryimage\",\"url\":\"https:\/\/files.sunoresearch.com.br\/n\/uploads\/2019\/11\/1455ff4f-bolsa-jpg.webp\",\"contentUrl\":\"https:\/\/files.sunoresearch.com.br\/n\/uploads\/2019\/11\/1455ff4f-bolsa-jpg.webp\",\"width\":1200,\"height\":900,\"caption\":\"S&P Global reduz proje\u00e7\u00f5es para mercados emergentes\"},{\"@type\":\"BreadcrumbList\",\"@id\":\"https:\/\/www.suno.com.br\/noticias\/sp-global-projecoes-mercados-emergentes\/#breadcrumb\",\"itemListElement\":[{\"@type\":\"ListItem\",\"position\":1,\"name\":\"Not\u00edcias\",\"item\":\"https:\/\/www.suno.com.br\/noticias\/\"},{\"@type\":\"ListItem\",\"position\":2,\"name\":\"Internacional\",\"item\":\"https:\/\/www.suno.com.br\/noticias\/internacional\/\"},{\"@type\":\"ListItem\",\"position\":3,\"name\":\"S&#038;P Global reduz proje\u00e7\u00f5es para mercados emergentes\"}]},{\"@type\":\"WebSite\",\"@id\":\"https:\/\/www.suno.com.br\/noticias\/#website\",\"url\":\"https:\/\/www.suno.com.br\/noticias\/\",\"name\":\"Suno Not\u00edcias\",\"description\":\"Seu portal de informa\u00e7\u00e3o sobre o mundo dos investimentos\",\"publisher\":{\"@id\":\"https:\/\/www.suno.com.br\/noticias\/#organization\"},\"potentialAction\":[{\"@type\":\"SearchAction\",\"target\":{\"@type\":\"EntryPoint\",\"urlTemplate\":\"https:\/\/www.suno.com.br\/noticias\/?s={search_term_string}\"},\"query-input\":{\"@type\":\"PropertyValueSpecification\",\"valueRequired\":true,\"valueName\":\"search_term_string\"}}],\"inLanguage\":\"pt-BR\"},{\"@type\":\"Organization\",\"@id\":\"https:\/\/www.suno.com.br\/noticias\/#organization\",\"name\":\"Suno Not\u00edcias\",\"url\":\"https:\/\/www.suno.com.br\/noticias\/\",\"logo\":{\"@type\":\"ImageObject\",\"inLanguage\":\"pt-BR\",\"@id\":\"https:\/\/www.suno.com.br\/noticias\/#\/schema\/logo\/image\/\",\"url\":\"https:\/\/files.sunoresearch.com.br\/n\/uploads\/2021\/09\/suno-logo.png\",\"contentUrl\":\"https:\/\/files.sunoresearch.com.br\/n\/uploads\/2021\/09\/suno-logo.png\",\"width\":180,\"height\":180,\"caption\":\"Suno Not\u00edcias\"},\"image\":{\"@id\":\"https:\/\/www.suno.com.br\/noticias\/#\/schema\/logo\/image\/\"},\"sameAs\":[\"https:\/\/facebook.com\/sunoresearch\",\"https:\/\/x.com\/sunoresearch\",\"https:\/\/www.instagram.com\/suno\",\"https:\/\/www.linkedin.com\/company\/suno-research\/\",\"https:\/\/www.youtube.com\/c\/sunoresearch\"]},{\"@type\":\"Person\",\"@id\":\"https:\/\/www.suno.com.br\/noticias\/#\/schema\/person\/3df0d2808748b74496efe5dbeaef2c72\",\"name\":\"Laura Moutinho\",\"image\":{\"@type\":\"ImageObject\",\"inLanguage\":\"pt-BR\",\"@id\":\"https:\/\/www.suno.com.br\/noticias\/#\/schema\/person\/image\/\",\"url\":\"https:\/\/secure.gravatar.com\/avatar\/7571c7c8ca3a6fca5e41384ece5557ff?s=96&r=g\",\"contentUrl\":\"https:\/\/secure.gravatar.com\/avatar\/7571c7c8ca3a6fca5e41384ece5557ff?s=96&r=g\",\"caption\":\"Laura Moutinho\"},\"description\":\"Estagi\u00e1ria na Suno Not\u00edcias, escreve not\u00edcias que afetam o mercado financeiro. Estuda administra\u00e7\u00e3o na Universidade Presbiteriana Mackenzie.\",\"url\":\"https:\/\/www.suno.com.br\/noticias\/author\/laura-moutinho\/\"}]}<\/script>\n<!-- \/ Yoast SEO plugin. -->","yoast_head_json":{"title":"S&P Global reduz proje\u00e7\u00f5es para mercados emergentes","description":"A S&P resumiu suas proje\u00e7\u00f5es sobre economias de mercados emergentes nesse ano, para uma contra\u00e7\u00e3o m\u00e9dia de 4,7%. Clique aqui para saber mais.","robots":{"index":"index","follow":"follow","max-snippet":"max-snippet:-1","max-image-preview":"max-image-preview:large","max-video-preview":"max-video-preview:-1"},"canonical":"https:\/\/www.suno.com.br\/noticias\/sp-global-projecoes-mercados-emergentes\/","og_locale":"pt_BR","og_type":"article","og_title":"S&P Global reduz proje\u00e7\u00f5es para mercados emergentes","og_description":"A S&P resumiu suas proje\u00e7\u00f5es sobre economias de mercados emergentes nesse ano, para uma contra\u00e7\u00e3o m\u00e9dia de 4,7%. Clique aqui para saber mais.","og_url":"https:\/\/www.suno.com.br\/noticias\/sp-global-projecoes-mercados-emergentes\/","og_site_name":"Suno Not\u00edcias","article_publisher":"https:\/\/facebook.com\/sunoresearch","og_image":[{"width":1200,"height":900,"url":"https:\/\/files.sunoresearch.com.br\/n\/uploads\/2019\/11\/1455ff4f-bolsa.jpg","type":"image\/jpeg"}],"author":"Laura Moutinho","twitter_card":"summary_large_image","twitter_creator":"@sunoresearch","twitter_site":"@sunoresearch","twitter_misc":{"Escrito por":"Laura Moutinho","Est. tempo de leitura":"2 minutos"},"schema":{"@context":"https:\/\/schema.org","@graph":[{"@type":"NewsArticle","@id":"https:\/\/www.suno.com.br\/noticias\/sp-global-projecoes-mercados-emergentes\/#article","isPartOf":{"@id":"https:\/\/www.suno.com.br\/noticias\/sp-global-projecoes-mercados-emergentes\/"},"author":{"name":"Laura Moutinho","@id":"https:\/\/www.suno.com.br\/noticias\/#\/schema\/person\/3df0d2808748b74496efe5dbeaef2c72"},"headline":"S&#038;P Global reduz proje\u00e7\u00f5es para mercados emergentes","datePublished":"2020-07-13T18:59:57+00:00","dateModified":"2021-05-11T23:46:00+00:00","mainEntityOfPage":{"@id":"https:\/\/www.suno.com.br\/noticias\/sp-global-projecoes-mercados-emergentes\/"},"wordCount":475,"publisher":{"@id":"https:\/\/www.suno.com.br\/noticias\/#organization"},"image":{"@id":"https:\/\/www.suno.com.br\/noticias\/sp-global-projecoes-mercados-emergentes\/#primaryimage"},"thumbnailUrl":"https:\/\/files.sunoresearch.com.br\/n\/uploads\/2019\/11\/1455ff4f-bolsa-jpg.webp","keywords":["pa\u00edses emergentes","Produto Interno Bruto (PIB)","Standard &amp; Poor's (S&amp;P)"],"articleSection":["Internacional"],"inLanguage":"pt-BR"},{"@type":"WebPage","@id":"https:\/\/www.suno.com.br\/noticias\/sp-global-projecoes-mercados-emergentes\/","url":"https:\/\/www.suno.com.br\/noticias\/sp-global-projecoes-mercados-emergentes\/","name":"S&P Global reduz proje\u00e7\u00f5es para mercados emergentes","isPartOf":{"@id":"https:\/\/www.suno.com.br\/noticias\/#website"},"primaryImageOfPage":{"@id":"https:\/\/www.suno.com.br\/noticias\/sp-global-projecoes-mercados-emergentes\/#primaryimage"},"image":{"@id":"https:\/\/www.suno.com.br\/noticias\/sp-global-projecoes-mercados-emergentes\/#primaryimage"},"thumbnailUrl":"https:\/\/files.sunoresearch.com.br\/n\/uploads\/2019\/11\/1455ff4f-bolsa-jpg.webp","datePublished":"2020-07-13T18:59:57+00:00","dateModified":"2021-05-11T23:46:00+00:00","description":"A S&P resumiu suas proje\u00e7\u00f5es sobre economias de mercados emergentes nesse ano, para uma contra\u00e7\u00e3o m\u00e9dia de 4,7%. Clique aqui para saber mais.","breadcrumb":{"@id":"https:\/\/www.suno.com.br\/noticias\/sp-global-projecoes-mercados-emergentes\/#breadcrumb"},"inLanguage":"pt-BR","potentialAction":[{"@type":"ReadAction","target":["https:\/\/www.suno.com.br\/noticias\/sp-global-projecoes-mercados-emergentes\/"]}]},{"@type":"ImageObject","inLanguage":"pt-BR","@id":"https:\/\/www.suno.com.br\/noticias\/sp-global-projecoes-mercados-emergentes\/#primaryimage","url":"https:\/\/files.sunoresearch.com.br\/n\/uploads\/2019\/11\/1455ff4f-bolsa-jpg.webp","contentUrl":"https:\/\/files.sunoresearch.com.br\/n\/uploads\/2019\/11\/1455ff4f-bolsa-jpg.webp","width":1200,"height":900,"caption":"S&P Global reduz proje\u00e7\u00f5es para mercados emergentes"},{"@type":"BreadcrumbList","@id":"https:\/\/www.suno.com.br\/noticias\/sp-global-projecoes-mercados-emergentes\/#breadcrumb","itemListElement":[{"@type":"ListItem","position":1,"name":"Not\u00edcias","item":"https:\/\/www.suno.com.br\/noticias\/"},{"@type":"ListItem","position":2,"name":"Internacional","item":"https:\/\/www.suno.com.br\/noticias\/internacional\/"},{"@type":"ListItem","position":3,"name":"S&#038;P Global reduz proje\u00e7\u00f5es para mercados emergentes"}]},{"@type":"WebSite","@id":"https:\/\/www.suno.com.br\/noticias\/#website","url":"https:\/\/www.suno.com.br\/noticias\/","name":"Suno Not\u00edcias","description":"Seu portal de informa\u00e7\u00e3o sobre o mundo dos investimentos","publisher":{"@id":"https:\/\/www.suno.com.br\/noticias\/#organization"},"potentialAction":[{"@type":"SearchAction","target":{"@type":"EntryPoint","urlTemplate":"https:\/\/www.suno.com.br\/noticias\/?s={search_term_string}"},"query-input":{"@type":"PropertyValueSpecification","valueRequired":true,"valueName":"search_term_string"}}],"inLanguage":"pt-BR"},{"@type":"Organization","@id":"https:\/\/www.suno.com.br\/noticias\/#organization","name":"Suno Not\u00edcias","url":"https:\/\/www.suno.com.br\/noticias\/","logo":{"@type":"ImageObject","inLanguage":"pt-BR","@id":"https:\/\/www.suno.com.br\/noticias\/#\/schema\/logo\/image\/","url":"https:\/\/files.sunoresearch.com.br\/n\/uploads\/2021\/09\/suno-logo.png","contentUrl":"https:\/\/files.sunoresearch.com.br\/n\/uploads\/2021\/09\/suno-logo.png","width":180,"height":180,"caption":"Suno Not\u00edcias"},"image":{"@id":"https:\/\/www.suno.com.br\/noticias\/#\/schema\/logo\/image\/"},"sameAs":["https:\/\/facebook.com\/sunoresearch","https:\/\/x.com\/sunoresearch","https:\/\/www.instagram.com\/suno","https:\/\/www.linkedin.com\/company\/suno-research\/","https:\/\/www.youtube.com\/c\/sunoresearch"]},{"@type":"Person","@id":"https:\/\/www.suno.com.br\/noticias\/#\/schema\/person\/3df0d2808748b74496efe5dbeaef2c72","name":"Laura Moutinho","image":{"@type":"ImageObject","inLanguage":"pt-BR","@id":"https:\/\/www.suno.com.br\/noticias\/#\/schema\/person\/image\/","url":"https:\/\/secure.gravatar.com\/avatar\/7571c7c8ca3a6fca5e41384ece5557ff?s=96&r=g","contentUrl":"https:\/\/secure.gravatar.com\/avatar\/7571c7c8ca3a6fca5e41384ece5557ff?s=96&r=g","caption":"Laura Moutinho"},"description":"Estagi\u00e1ria na Suno Not\u00edcias, escreve not\u00edcias que afetam o mercado financeiro. Estuda administra\u00e7\u00e3o na Universidade Presbiteriana Mackenzie.","url":"https:\/\/www.suno.com.br\/noticias\/author\/laura-moutinho\/"}]}},"default_loop_html":"<div class=\"cardsPage__listCard__boxs\"><div class=\"cardsPage__listCard__boxs__img\"><a href=\"https:\/\/www.suno.com.br\/noticias\/sp-global-projecoes-mercados-emergentes\/\"><img class=\"mask\" src=\"https:\/\/www.suno.com.br\/noticias\/wp-content\/themes\/suno\/resources\/images\/spotlight\/spotlight1img\/bg-mask.png\" alt=\"Image Mask\"\/><img src=\"https:\/\/files.sunoresearch.com.br\/n\/uploads\/2019\/11\/1455ff4f-bolsa-400x200.webp\" alt=\"S&#038;P Global reduz proje\u00e7\u00f5es para mercados emergentes\"\/><\/a><span class=\"spotlightCategory\"><a href=\"https:\/\/www.suno.com.br\/noticias\/internacional\/\">Internacional<\/a><\/span><\/div><div class=\"cardsPage__listCard__boxs__content\"><a href=\"https:\/\/www.suno.com.br\/noticias\/sp-global-projecoes-mercados-emergentes\/\"><h2 class=\"content__title\">S&#038;P Global reduz proje\u00e7\u00f5es para mercados emergentes<\/h2><\/a><div class=\"newsContent__article__meta\"><div class=\"newsContent__article__meta__authorBox\"><a href=\"https:\/\/www.suno.com.br\/noticias\/author\/laura-moutinho\/\" class=\"authorBox__avatar noMobi\"><img src=\"https:\/\/files.sunoresearch.com.br\/n\/uploads\/2020\/08\/531ff69d-whatsapp-image-2020-08-03-at-14.54.38-150x150.webp\" alt=\"Laura Moutinho\"><\/a><div class=\"authorBox__name\"><span>por\n\t\t\t<a href=\"https:\/\/www.suno.com.br\/noticias\/author\/laura-moutinho\/\"><span itemprop=\"author\">Laura Moutinho<\/span><\/a><\/span><time datetime=\"2020-07-13T15:59:57-03:00\" itemprop=\"datePublished\">13\/07\/2020 15:59<\/time><\/div><\/div><\/div><\/div><\/div>","single_layout":"posts","amp_enabled":true,"_links":{"self":[{"href":"https:\/\/www.suno.com.br\/noticias\/wp-json\/wp\/v2\/posts\/72902"}],"collection":[{"href":"https:\/\/www.suno.com.br\/noticias\/wp-json\/wp\/v2\/posts"}],"about":[{"href":"https:\/\/www.suno.com.br\/noticias\/wp-json\/wp\/v2\/types\/post"}],"author":[{"embeddable":true,"href":"https:\/\/www.suno.com.br\/noticias\/wp-json\/wp\/v2\/users\/39"}],"replies":[{"embeddable":true,"href":"https:\/\/www.suno.com.br\/noticias\/wp-json\/wp\/v2\/comments?post=72902"}],"version-history":[{"count":1,"href":"https:\/\/www.suno.com.br\/noticias\/wp-json\/wp\/v2\/posts\/72902\/revisions"}],"predecessor-version":[{"id":147324,"href":"https:\/\/www.suno.com.br\/noticias\/wp-json\/wp\/v2\/posts\/72902\/revisions\/147324"}],"wp:featuredmedia":[{"embeddable":true,"href":"https:\/\/www.suno.com.br\/noticias\/wp-json\/wp\/v2\/media\/46064"}],"wp:attachment":[{"href":"https:\/\/www.suno.com.br\/noticias\/wp-json\/wp\/v2\/media?parent=72902"}],"wp:term":[{"taxonomy":"category","embeddable":true,"href":"https:\/\/www.suno.com.br\/noticias\/wp-json\/wp\/v2\/categories?post=72902"},{"taxonomy":"post_tag","embeddable":true,"href":"https:\/\/www.suno.com.br\/noticias\/wp-json\/wp\/v2\/tags?post=72902"},{"taxonomy":"suno_strategy","embeddable":true,"href":"https:\/\/www.suno.com.br\/noticias\/wp-json\/wp\/v2\/suno_strategy?post=72902"}],"curies":[{"name":"wp","href":"https:\/\/api.w.org\/{rel}","templated":true}]}}