{"id":72898,"date":"2020-07-13T14:54:29","date_gmt":"2020-07-13T17:54:29","guid":{"rendered":"https:\/\/www.suno.com.br\/noticias\/?p=72898"},"modified":"2020-07-13T14:54:29","modified_gmt":"2020-07-13T17:54:29","slug":"guedes-diz-governo-deve-gastar-melhor-nao-mais","status":"publish","type":"post","link":"https:\/\/www.suno.com.br\/noticias\/guedes-diz-governo-deve-gastar-melhor-nao-mais\/","title":{"rendered":"Guedes diz que o governo deve gastar melhor, n\u00e3o mais"},"content":{"rendered":"<p>O ministro da Economia, <a href=\"https:\/\/www.suno.com.br\/tudo-sobre\/paulo-guedes\/\">Paulo <strong>Guedes<\/strong><\/a>, informou nesta segunda-feira (13) que o governo precisa gastar melhor, n\u00e3o mais. Al\u00e9m disso, ele afirmou que o Brasil dar\u00e1 continuidade \u00e0s <a href=\"https:\/\/www.suno.com.br\/artigos\/reforma-tributaria\/\">reformas tribut\u00e1rias<\/a> e tem como prioridade integrar o pa\u00eds \u00e0 <a href=\"https:\/\/www.suno.com.br\/artigos\/ocde\/\">Organiza\u00e7\u00e3o para a Coopera\u00e7\u00e3o e Desenvolvimento Econ\u00f4mico (OCDE)<\/a>.<\/p>\t<div class=\"wrapper-featured-image\">\n\t\t<figure class=\"spotlightImg\">\n\n\t\t\t<picture>\n\t\t\t\t<source media=\"(max-width: 768px)\" srcset=\"https:\/\/files.sunoresearch.com.br\/n\/uploads\/2020\/03\/8dddd0a3-20c19e60-paulo-guedes-400x200.webp\">\n\t\t\t\t<img loading=\"lazy\" decoding=\"async\" class=\"newsContent__article__imgCapa lazyloadDisabled newsContent__article__imgCapa--noCaption\" src=\"https:\/\/files.sunoresearch.com.br\/n\/uploads\/2020\/03\/8dddd0a3-20c19e60-paulo-guedes-800x450.webp\" width=\"800\" height=\"450\" alt=\"Guedes diz que o governo deve gastar melhor, n\u00e3o mais\" fetchpriority=high \/>\n\t\t\t<\/picture>\n\n\t\t\t<figcaption class=\"wp-caption-text wp-caption-text--hide\">Guedes diz que o governo deve gastar melhor, n\u00e3o mais<\/figcaption>\n\t\t<\/figure>\n\t<\/div>\n\n\n\n<p>Ao participar da <strong>C\u00fapula Ministerial Virtual da OCDE<\/strong> sobre Inclus\u00e3o Social para a Am\u00e9rica Latina e o Caribe, Paulo Guedes explicou a import\u00e2ncia do gasto governamental eficiente. \u201cO governo tem que gastar melhor. N\u00e3o \u00e9 que o governo tenha que gastar mais. Estamos em um esfor\u00e7o de <strong>reformas estruturais<\/strong> e aceleramos a transfer\u00eancia de recursos para Estados e munic\u00edpios durante a pandemia, apesar das dificuldades fiscais do Pa\u00eds\u201d, afirmou ele.<\/p>\n<p>O economista tamb\u00e9m utilizou o espa\u00e7o para afirmar que o Brasil continua com a reforma tribut\u00e1ria e com uma maior integra\u00e7\u00e3o \u00e0 economia global. O ministro da Economia expressou um grande interesse no avan\u00e7o doo processo de ades\u00e3o do Brasil como membro pleno da OCDE.<\/p>\n<p><a href=\"https:\/\/lp.suno.com.br\/suno-one\/\">Suno One: o primeiro passo para alcan\u00e7ar a sua independ\u00eancia financeira. Acesse agora, \u00e9 gratuito!<\/a><\/p>\n<p>Ademais, Guedes completou dizendo que \u201ca ruptura de cadeias globais n\u00e3o atingiu tanto o Brasil. N\u00e3o houve impacto externo com contund\u00eancia no Brasil como em outros pa\u00edses. Na medida em que a onda da <strong>pandemia<\/strong> se afastar, vamos nos integrar mais na economia global e na economia regional\u201d<\/p>\n<h2>Guedes afirma que haver\u00e1 privatiza\u00e7\u00f5es nos pr\u00f3ximos meses<\/h2>\n<p>No \u00faltimo domingo (5), o ministro da Economia declarou que at\u00e9 os pr\u00f3ximos tr\u00eas meses o governo far\u00e1 tr\u00eas ou quatro &#8220;grandes privatiza\u00e7\u00f5es&#8221;.<\/p>\n<p>Sem detalhar quais empresas est\u00e3o no plano de desestatiza\u00e7\u00e3o, Guedes mencionou que 2020 seria um &#8220;excelente ano&#8221; para realizar uma <a href=\"https:\/\/www.suno.com.br\/artigos\/vale-pena-investir-em-um-ipo\/\">oferta p\u00fablica (IPO)<\/a> das subsidi\u00e1rias da Caixa Econ\u00f4mica Federal no valor de R$ 20 bilh\u00f5es a R$ 50 bilh\u00f5es, &#8220;bem maior at\u00e9&#8221; que uma <a href=\"https:\/\/www.suno.com.br\/acoes\/elet6\/\">Eletrobras (ELET5)<\/a>, afirmou o ministro em entrevista \u00e0 &#8220;CNN Brasil&#8221;.<\/p>\n<p><a href=\"https:\/\/www.suno.com.br\/noticias\/guedes-preve-grandes-privatizacoes-nos-proximos-3-meses\/\">Saiba mais: Guedes prev\u00ea &#8216;grandes privatiza\u00e7\u00f5es&#8217; nos pr\u00f3ximos 3 meses<\/a><\/p>\n<p>Al\u00e9m disso, Guedes acrescentou que &#8220;seguradamente&#8221; os Correios est\u00e3o na lista de privatiza\u00e7\u00f5es, no entanto, n\u00e3o afirmou quando aconteceria.\u00a0Apesar da pandemia do novo coronav\u00edrus, a equipe econ\u00f4mica, de acordo com o ministro, n\u00e3o perdeu o rumo fiscal e classificou o Brasil na fase de descentraliza\u00e7\u00e3o de recursos.<\/p>\n\n","protected":false},"excerpt":{"rendered":"<p>O ministro da Economia, Paulo Guedes, informou nesta segunda-feira (13) que o governo precisa gastar melhor, n\u00e3o mais. Al\u00e9m disso, ele afirmou que o Brasil dar\u00e1 continuidade \u00e0s reformas tribut\u00e1rias e tem como prioridade integrar o pa\u00eds \u00e0 Organiza\u00e7\u00e3o para a Coopera\u00e7\u00e3o e Desenvolvimento Econ\u00f4mico (OCDE). Guedes diz que o governo deve gastar melhor, n\u00e3o [&hellip;]<\/p>\n","protected":false},"author":44,"featured_media":58268,"comment_status":"closed","ping_status":"closed","sticky":false,"template":"","format":"standard","meta":[],"categories":[62],"tags":[2251,962,2748,796],"suno_strategy":[],"class_list":["post-72898","post","type-post","status-publish","format-standard","has-post-thumbnail","hentry","category-economia","tag-economia-brasileira","tag-ocde","tag-pandemia","tag-paulo-guedes"],"yoast_head":"<!-- This site is optimized with the Yoast SEO plugin v24.4 - https:\/\/yoast.com\/wordpress\/plugins\/seo\/ -->\n<title>Guedes diz que o governo deve gastar melhor, n\u00e3o mais<\/title>\n<meta name=\"description\" content=\"Paulo Guedes afirmou que o Brasil continuar\u00e1 com as reformas tribut\u00e1rias e tem como prioridade integrar o pa\u00eds \u00e0 OCDE. Clique para ver mais.\" \/>\n<meta name=\"robots\" content=\"index, follow, max-snippet:-1, max-image-preview:large, max-video-preview:-1\" \/>\n<link rel=\"canonical\" href=\"https:\/\/www.suno.com.br\/noticias\/guedes-diz-governo-deve-gastar-melhor-nao-mais\/\" \/>\n<meta property=\"og:locale\" content=\"pt_BR\" \/>\n<meta property=\"og:type\" content=\"article\" \/>\n<meta property=\"og:title\" content=\"Guedes diz que o governo deve gastar melhor, n\u00e3o mais\" \/>\n<meta property=\"og:description\" content=\"Paulo Guedes afirmou que o Brasil continuar\u00e1 com as reformas tribut\u00e1rias e tem como prioridade integrar o pa\u00eds \u00e0 OCDE. Clique para ver mais.\" \/>\n<meta property=\"og:url\" content=\"https:\/\/www.suno.com.br\/noticias\/guedes-diz-governo-deve-gastar-melhor-nao-mais\/\" \/>\n<meta property=\"og:site_name\" content=\"Suno Not\u00edcias\" \/>\n<meta property=\"article:publisher\" content=\"https:\/\/facebook.com\/sunoresearch\" \/>\n<meta property=\"og:image\" content=\"https:\/\/files.sunoresearch.com.br\/n\/uploads\/2020\/03\/8dddd0a3-20c19e60-paulo-guedes.jpg\" \/>\n\t<meta property=\"og:image:width\" content=\"2400\" \/>\n\t<meta property=\"og:image:height\" content=\"1600\" \/>\n\t<meta property=\"og:image:type\" content=\"image\/jpeg\" \/>\n<meta name=\"author\" content=\"Daniel Guimar\u00e3es\" \/>\n<meta name=\"twitter:card\" content=\"summary_large_image\" \/>\n<meta name=\"twitter:creator\" content=\"@sunoresearch\" \/>\n<meta name=\"twitter:site\" content=\"@sunoresearch\" \/>\n<meta name=\"twitter:label1\" content=\"Escrito por\" \/>\n\t<meta name=\"twitter:data1\" content=\"Daniel Guimar\u00e3es\" \/>\n\t<meta name=\"twitter:label2\" content=\"Est. tempo de leitura\" \/>\n\t<meta name=\"twitter:data2\" content=\"2 minutos\" \/>\n<script type=\"application\/ld+json\" class=\"yoast-schema-graph\">{\"@context\":\"https:\/\/schema.org\",\"@graph\":[{\"@type\":\"NewsArticle\",\"@id\":\"https:\/\/www.suno.com.br\/noticias\/guedes-diz-governo-deve-gastar-melhor-nao-mais\/#article\",\"isPartOf\":{\"@id\":\"https:\/\/www.suno.com.br\/noticias\/guedes-diz-governo-deve-gastar-melhor-nao-mais\/\"},\"author\":{\"name\":\"Daniel Guimar\u00e3es\",\"@id\":\"https:\/\/www.suno.com.br\/noticias\/#\/schema\/person\/a7796c19fcf6bafd03b9a2fa1fd9ae20\"},\"headline\":\"Guedes diz que o governo deve gastar melhor, n\u00e3o mais\",\"datePublished\":\"2020-07-13T17:54:29+00:00\",\"mainEntityOfPage\":{\"@id\":\"https:\/\/www.suno.com.br\/noticias\/guedes-diz-governo-deve-gastar-melhor-nao-mais\/\"},\"wordCount\":426,\"publisher\":{\"@id\":\"https:\/\/www.suno.com.br\/noticias\/#organization\"},\"image\":{\"@id\":\"https:\/\/www.suno.com.br\/noticias\/guedes-diz-governo-deve-gastar-melhor-nao-mais\/#primaryimage\"},\"thumbnailUrl\":\"https:\/\/files.sunoresearch.com.br\/n\/uploads\/2020\/03\/8dddd0a3-20c19e60-paulo-guedes-jpg.webp\",\"keywords\":[\"economia brasileira\",\"OCDE\",\"pandemia\",\"Paulo Guedes\"],\"articleSection\":[\"Economia\"],\"inLanguage\":\"pt-BR\"},{\"@type\":\"WebPage\",\"@id\":\"https:\/\/www.suno.com.br\/noticias\/guedes-diz-governo-deve-gastar-melhor-nao-mais\/\",\"url\":\"https:\/\/www.suno.com.br\/noticias\/guedes-diz-governo-deve-gastar-melhor-nao-mais\/\",\"name\":\"Guedes diz que o governo deve gastar melhor, n\u00e3o mais\",\"isPartOf\":{\"@id\":\"https:\/\/www.suno.com.br\/noticias\/#website\"},\"primaryImageOfPage\":{\"@id\":\"https:\/\/www.suno.com.br\/noticias\/guedes-diz-governo-deve-gastar-melhor-nao-mais\/#primaryimage\"},\"image\":{\"@id\":\"https:\/\/www.suno.com.br\/noticias\/guedes-diz-governo-deve-gastar-melhor-nao-mais\/#primaryimage\"},\"thumbnailUrl\":\"https:\/\/files.sunoresearch.com.br\/n\/uploads\/2020\/03\/8dddd0a3-20c19e60-paulo-guedes-jpg.webp\",\"datePublished\":\"2020-07-13T17:54:29+00:00\",\"description\":\"Paulo Guedes afirmou que o Brasil continuar\u00e1 com as reformas tribut\u00e1rias e tem como prioridade integrar o pa\u00eds \u00e0 OCDE. Clique para ver mais.\",\"breadcrumb\":{\"@id\":\"https:\/\/www.suno.com.br\/noticias\/guedes-diz-governo-deve-gastar-melhor-nao-mais\/#breadcrumb\"},\"inLanguage\":\"pt-BR\",\"potentialAction\":[{\"@type\":\"ReadAction\",\"target\":[\"https:\/\/www.suno.com.br\/noticias\/guedes-diz-governo-deve-gastar-melhor-nao-mais\/\"]}]},{\"@type\":\"ImageObject\",\"inLanguage\":\"pt-BR\",\"@id\":\"https:\/\/www.suno.com.br\/noticias\/guedes-diz-governo-deve-gastar-melhor-nao-mais\/#primaryimage\",\"url\":\"https:\/\/files.sunoresearch.com.br\/n\/uploads\/2020\/03\/8dddd0a3-20c19e60-paulo-guedes-jpg.webp\",\"contentUrl\":\"https:\/\/files.sunoresearch.com.br\/n\/uploads\/2020\/03\/8dddd0a3-20c19e60-paulo-guedes-jpg.webp\",\"width\":2400,\"height\":1600,\"caption\":\"Guedes diz que o governo deve gastar melhor, n\u00e3o mais\"},{\"@type\":\"BreadcrumbList\",\"@id\":\"https:\/\/www.suno.com.br\/noticias\/guedes-diz-governo-deve-gastar-melhor-nao-mais\/#breadcrumb\",\"itemListElement\":[{\"@type\":\"ListItem\",\"position\":1,\"name\":\"Not\u00edcias\",\"item\":\"https:\/\/www.suno.com.br\/noticias\/\"},{\"@type\":\"ListItem\",\"position\":2,\"name\":\"Economia\",\"item\":\"https:\/\/www.suno.com.br\/noticias\/economia\/\"},{\"@type\":\"ListItem\",\"position\":3,\"name\":\"Guedes diz que o governo deve gastar melhor, n\u00e3o mais\"}]},{\"@type\":\"WebSite\",\"@id\":\"https:\/\/www.suno.com.br\/noticias\/#website\",\"url\":\"https:\/\/www.suno.com.br\/noticias\/\",\"name\":\"Suno Not\u00edcias\",\"description\":\"Seu portal de informa\u00e7\u00e3o sobre o mundo dos investimentos\",\"publisher\":{\"@id\":\"https:\/\/www.suno.com.br\/noticias\/#organization\"},\"potentialAction\":[{\"@type\":\"SearchAction\",\"target\":{\"@type\":\"EntryPoint\",\"urlTemplate\":\"https:\/\/www.suno.com.br\/noticias\/?s={search_term_string}\"},\"query-input\":{\"@type\":\"PropertyValueSpecification\",\"valueRequired\":true,\"valueName\":\"search_term_string\"}}],\"inLanguage\":\"pt-BR\"},{\"@type\":\"Organization\",\"@id\":\"https:\/\/www.suno.com.br\/noticias\/#organization\",\"name\":\"Suno Not\u00edcias\",\"url\":\"https:\/\/www.suno.com.br\/noticias\/\",\"logo\":{\"@type\":\"ImageObject\",\"inLanguage\":\"pt-BR\",\"@id\":\"https:\/\/www.suno.com.br\/noticias\/#\/schema\/logo\/image\/\",\"url\":\"https:\/\/files.sunoresearch.com.br\/n\/uploads\/2021\/09\/suno-logo.png\",\"contentUrl\":\"https:\/\/files.sunoresearch.com.br\/n\/uploads\/2021\/09\/suno-logo.png\",\"width\":180,\"height\":180,\"caption\":\"Suno Not\u00edcias\"},\"image\":{\"@id\":\"https:\/\/www.suno.com.br\/noticias\/#\/schema\/logo\/image\/\"},\"sameAs\":[\"https:\/\/facebook.com\/sunoresearch\",\"https:\/\/x.com\/sunoresearch\",\"https:\/\/www.instagram.com\/suno\",\"https:\/\/www.linkedin.com\/company\/suno-research\/\",\"https:\/\/www.youtube.com\/c\/sunoresearch\"]},{\"@type\":\"Person\",\"@id\":\"https:\/\/www.suno.com.br\/noticias\/#\/schema\/person\/a7796c19fcf6bafd03b9a2fa1fd9ae20\",\"name\":\"Daniel Guimar\u00e3es\",\"image\":{\"@type\":\"ImageObject\",\"inLanguage\":\"pt-BR\",\"@id\":\"https:\/\/www.suno.com.br\/noticias\/#\/schema\/person\/image\/\",\"url\":\"https:\/\/secure.gravatar.com\/avatar\/fb8260757609f58f0c0ac079d1b32eff?s=96&r=g\",\"contentUrl\":\"https:\/\/secure.gravatar.com\/avatar\/fb8260757609f58f0c0ac079d1b32eff?s=96&r=g\",\"caption\":\"Daniel Guimar\u00e3es\"},\"description\":\"Estagi\u00e1rio na Suno Not\u00edcias, Daniel escreve not\u00edcias que afetam o mercado financeiro brasileiro e internacional. Estuda economia na Rutgers University, em New Jersey.\",\"sameAs\":[\"suno.research\"],\"url\":\"https:\/\/www.suno.com.br\/noticias\/author\/daniel\/\"}]}<\/script>\n<!-- \/ Yoast SEO plugin. -->","yoast_head_json":{"title":"Guedes diz que o governo deve gastar melhor, n\u00e3o mais","description":"Paulo Guedes afirmou que o Brasil continuar\u00e1 com as reformas tribut\u00e1rias e tem como prioridade integrar o pa\u00eds \u00e0 OCDE. Clique para ver mais.","robots":{"index":"index","follow":"follow","max-snippet":"max-snippet:-1","max-image-preview":"max-image-preview:large","max-video-preview":"max-video-preview:-1"},"canonical":"https:\/\/www.suno.com.br\/noticias\/guedes-diz-governo-deve-gastar-melhor-nao-mais\/","og_locale":"pt_BR","og_type":"article","og_title":"Guedes diz que o governo deve gastar melhor, n\u00e3o mais","og_description":"Paulo Guedes afirmou que o Brasil continuar\u00e1 com as reformas tribut\u00e1rias e tem como prioridade integrar o pa\u00eds \u00e0 OCDE. Clique para ver mais.","og_url":"https:\/\/www.suno.com.br\/noticias\/guedes-diz-governo-deve-gastar-melhor-nao-mais\/","og_site_name":"Suno Not\u00edcias","article_publisher":"https:\/\/facebook.com\/sunoresearch","og_image":[{"width":2400,"height":1600,"url":"https:\/\/files.sunoresearch.com.br\/n\/uploads\/2020\/03\/8dddd0a3-20c19e60-paulo-guedes.jpg","type":"image\/jpeg"}],"author":"Daniel Guimar\u00e3es","twitter_card":"summary_large_image","twitter_creator":"@sunoresearch","twitter_site":"@sunoresearch","twitter_misc":{"Escrito por":"Daniel Guimar\u00e3es","Est. tempo de leitura":"2 minutos"},"schema":{"@context":"https:\/\/schema.org","@graph":[{"@type":"NewsArticle","@id":"https:\/\/www.suno.com.br\/noticias\/guedes-diz-governo-deve-gastar-melhor-nao-mais\/#article","isPartOf":{"@id":"https:\/\/www.suno.com.br\/noticias\/guedes-diz-governo-deve-gastar-melhor-nao-mais\/"},"author":{"name":"Daniel Guimar\u00e3es","@id":"https:\/\/www.suno.com.br\/noticias\/#\/schema\/person\/a7796c19fcf6bafd03b9a2fa1fd9ae20"},"headline":"Guedes diz que o governo deve gastar melhor, n\u00e3o mais","datePublished":"2020-07-13T17:54:29+00:00","mainEntityOfPage":{"@id":"https:\/\/www.suno.com.br\/noticias\/guedes-diz-governo-deve-gastar-melhor-nao-mais\/"},"wordCount":426,"publisher":{"@id":"https:\/\/www.suno.com.br\/noticias\/#organization"},"image":{"@id":"https:\/\/www.suno.com.br\/noticias\/guedes-diz-governo-deve-gastar-melhor-nao-mais\/#primaryimage"},"thumbnailUrl":"https:\/\/files.sunoresearch.com.br\/n\/uploads\/2020\/03\/8dddd0a3-20c19e60-paulo-guedes-jpg.webp","keywords":["economia brasileira","OCDE","pandemia","Paulo Guedes"],"articleSection":["Economia"],"inLanguage":"pt-BR"},{"@type":"WebPage","@id":"https:\/\/www.suno.com.br\/noticias\/guedes-diz-governo-deve-gastar-melhor-nao-mais\/","url":"https:\/\/www.suno.com.br\/noticias\/guedes-diz-governo-deve-gastar-melhor-nao-mais\/","name":"Guedes diz que o governo deve gastar melhor, n\u00e3o mais","isPartOf":{"@id":"https:\/\/www.suno.com.br\/noticias\/#website"},"primaryImageOfPage":{"@id":"https:\/\/www.suno.com.br\/noticias\/guedes-diz-governo-deve-gastar-melhor-nao-mais\/#primaryimage"},"image":{"@id":"https:\/\/www.suno.com.br\/noticias\/guedes-diz-governo-deve-gastar-melhor-nao-mais\/#primaryimage"},"thumbnailUrl":"https:\/\/files.sunoresearch.com.br\/n\/uploads\/2020\/03\/8dddd0a3-20c19e60-paulo-guedes-jpg.webp","datePublished":"2020-07-13T17:54:29+00:00","description":"Paulo Guedes afirmou que o Brasil continuar\u00e1 com as reformas tribut\u00e1rias e tem como prioridade integrar o pa\u00eds \u00e0 OCDE. Clique para ver mais.","breadcrumb":{"@id":"https:\/\/www.suno.com.br\/noticias\/guedes-diz-governo-deve-gastar-melhor-nao-mais\/#breadcrumb"},"inLanguage":"pt-BR","potentialAction":[{"@type":"ReadAction","target":["https:\/\/www.suno.com.br\/noticias\/guedes-diz-governo-deve-gastar-melhor-nao-mais\/"]}]},{"@type":"ImageObject","inLanguage":"pt-BR","@id":"https:\/\/www.suno.com.br\/noticias\/guedes-diz-governo-deve-gastar-melhor-nao-mais\/#primaryimage","url":"https:\/\/files.sunoresearch.com.br\/n\/uploads\/2020\/03\/8dddd0a3-20c19e60-paulo-guedes-jpg.webp","contentUrl":"https:\/\/files.sunoresearch.com.br\/n\/uploads\/2020\/03\/8dddd0a3-20c19e60-paulo-guedes-jpg.webp","width":2400,"height":1600,"caption":"Guedes diz que o governo deve gastar melhor, n\u00e3o mais"},{"@type":"BreadcrumbList","@id":"https:\/\/www.suno.com.br\/noticias\/guedes-diz-governo-deve-gastar-melhor-nao-mais\/#breadcrumb","itemListElement":[{"@type":"ListItem","position":1,"name":"Not\u00edcias","item":"https:\/\/www.suno.com.br\/noticias\/"},{"@type":"ListItem","position":2,"name":"Economia","item":"https:\/\/www.suno.com.br\/noticias\/economia\/"},{"@type":"ListItem","position":3,"name":"Guedes diz que o governo deve gastar melhor, n\u00e3o mais"}]},{"@type":"WebSite","@id":"https:\/\/www.suno.com.br\/noticias\/#website","url":"https:\/\/www.suno.com.br\/noticias\/","name":"Suno Not\u00edcias","description":"Seu portal de informa\u00e7\u00e3o sobre o mundo dos investimentos","publisher":{"@id":"https:\/\/www.suno.com.br\/noticias\/#organization"},"potentialAction":[{"@type":"SearchAction","target":{"@type":"EntryPoint","urlTemplate":"https:\/\/www.suno.com.br\/noticias\/?s={search_term_string}"},"query-input":{"@type":"PropertyValueSpecification","valueRequired":true,"valueName":"search_term_string"}}],"inLanguage":"pt-BR"},{"@type":"Organization","@id":"https:\/\/www.suno.com.br\/noticias\/#organization","name":"Suno Not\u00edcias","url":"https:\/\/www.suno.com.br\/noticias\/","logo":{"@type":"ImageObject","inLanguage":"pt-BR","@id":"https:\/\/www.suno.com.br\/noticias\/#\/schema\/logo\/image\/","url":"https:\/\/files.sunoresearch.com.br\/n\/uploads\/2021\/09\/suno-logo.png","contentUrl":"https:\/\/files.sunoresearch.com.br\/n\/uploads\/2021\/09\/suno-logo.png","width":180,"height":180,"caption":"Suno Not\u00edcias"},"image":{"@id":"https:\/\/www.suno.com.br\/noticias\/#\/schema\/logo\/image\/"},"sameAs":["https:\/\/facebook.com\/sunoresearch","https:\/\/x.com\/sunoresearch","https:\/\/www.instagram.com\/suno","https:\/\/www.linkedin.com\/company\/suno-research\/","https:\/\/www.youtube.com\/c\/sunoresearch"]},{"@type":"Person","@id":"https:\/\/www.suno.com.br\/noticias\/#\/schema\/person\/a7796c19fcf6bafd03b9a2fa1fd9ae20","name":"Daniel Guimar\u00e3es","image":{"@type":"ImageObject","inLanguage":"pt-BR","@id":"https:\/\/www.suno.com.br\/noticias\/#\/schema\/person\/image\/","url":"https:\/\/secure.gravatar.com\/avatar\/fb8260757609f58f0c0ac079d1b32eff?s=96&r=g","contentUrl":"https:\/\/secure.gravatar.com\/avatar\/fb8260757609f58f0c0ac079d1b32eff?s=96&r=g","caption":"Daniel Guimar\u00e3es"},"description":"Estagi\u00e1rio na Suno Not\u00edcias, Daniel escreve not\u00edcias que afetam o mercado financeiro brasileiro e internacional. Estuda economia na Rutgers University, em New Jersey.","sameAs":["suno.research"],"url":"https:\/\/www.suno.com.br\/noticias\/author\/daniel\/"}]}},"default_loop_html":"<div class=\"cardsPage__listCard__boxs\"><div class=\"cardsPage__listCard__boxs__img\"><a href=\"https:\/\/www.suno.com.br\/noticias\/guedes-diz-governo-deve-gastar-melhor-nao-mais\/\"><img class=\"mask\" src=\"https:\/\/www.suno.com.br\/noticias\/wp-content\/themes\/suno\/resources\/images\/spotlight\/spotlight1img\/bg-mask.png\" alt=\"Image Mask\"\/><img src=\"https:\/\/files.sunoresearch.com.br\/n\/uploads\/2020\/03\/8dddd0a3-20c19e60-paulo-guedes-400x200.webp\" alt=\"Guedes diz que o governo deve gastar melhor, n\u00e3o mais\"\/><\/a><span class=\"spotlightCategory\"><a href=\"https:\/\/www.suno.com.br\/noticias\/economia\/\">Economia<\/a><\/span><\/div><div class=\"cardsPage__listCard__boxs__content\"><a href=\"https:\/\/www.suno.com.br\/noticias\/guedes-diz-governo-deve-gastar-melhor-nao-mais\/\"><h2 class=\"content__title\">Guedes diz que o governo deve gastar melhor, n\u00e3o mais<\/h2><\/a><div class=\"newsContent__article__meta\"><div class=\"newsContent__article__meta__authorBox\"><a href=\"https:\/\/www.suno.com.br\/noticias\/author\/daniel\/\" class=\"authorBox__avatar noMobi\"><img src=\"https:\/\/files.sunoresearch.com.br\/n\/uploads\/2020\/08\/e51aadd2-whatsapp-image-2020-08-03-at-14.03.48-150x150.webp\" alt=\"Daniel Guimar\u00e3es\"><\/a><div class=\"authorBox__name\"><span>por\n\t\t\t<a href=\"https:\/\/www.suno.com.br\/noticias\/author\/daniel\/\"><span itemprop=\"author\">Daniel Guimar\u00e3es<\/span><\/a><\/span><time datetime=\"2020-07-13T14:54:29-03:00\" itemprop=\"datePublished\">13\/07\/2020 14:54<\/time><\/div><\/div><\/div><\/div><\/div>","single_layout":"posts","amp_enabled":true,"_links":{"self":[{"href":"https:\/\/www.suno.com.br\/noticias\/wp-json\/wp\/v2\/posts\/72898"}],"collection":[{"href":"https:\/\/www.suno.com.br\/noticias\/wp-json\/wp\/v2\/posts"}],"about":[{"href":"https:\/\/www.suno.com.br\/noticias\/wp-json\/wp\/v2\/types\/post"}],"author":[{"embeddable":true,"href":"https:\/\/www.suno.com.br\/noticias\/wp-json\/wp\/v2\/users\/44"}],"replies":[{"embeddable":true,"href":"https:\/\/www.suno.com.br\/noticias\/wp-json\/wp\/v2\/comments?post=72898"}],"version-history":[{"count":0,"href":"https:\/\/www.suno.com.br\/noticias\/wp-json\/wp\/v2\/posts\/72898\/revisions"}],"wp:featuredmedia":[{"embeddable":true,"href":"https:\/\/www.suno.com.br\/noticias\/wp-json\/wp\/v2\/media\/58268"}],"wp:attachment":[{"href":"https:\/\/www.suno.com.br\/noticias\/wp-json\/wp\/v2\/media?parent=72898"}],"wp:term":[{"taxonomy":"category","embeddable":true,"href":"https:\/\/www.suno.com.br\/noticias\/wp-json\/wp\/v2\/categories?post=72898"},{"taxonomy":"post_tag","embeddable":true,"href":"https:\/\/www.suno.com.br\/noticias\/wp-json\/wp\/v2\/tags?post=72898"},{"taxonomy":"suno_strategy","embeddable":true,"href":"https:\/\/www.suno.com.br\/noticias\/wp-json\/wp\/v2\/suno_strategy?post=72898"}],"curies":[{"name":"wp","href":"https:\/\/api.w.org\/{rel}","templated":true}]}}