{"id":72770,"date":"2020-07-12T19:18:41","date_gmt":"2020-07-12T22:18:41","guid":{"rendered":"https:\/\/www.suno.com.br\/noticias\/?p=72770"},"modified":"2021-05-10T13:14:45","modified_gmt":"2021-05-10T16:14:45","slug":"hertz-cirque-du-soleil-falencia-coronavirus","status":"publish","type":"post","link":"https:\/\/www.suno.com.br\/noticias\/hertz-cirque-du-soleil-falencia-coronavirus\/","title":{"rendered":"Da Hertz ao Cirque du Soleil: veja quem quebrou por causa do coronav\u00edrus"},"content":{"rendered":"<p>A pandemia de <strong>coronav\u00edrus<\/strong> (covid-19) levou a uma s\u00e9rie de fal\u00eancias de empresas at\u00e9 poucas semanas atr\u00e1s consideradas s\u00f3lidas, ou pelo menos rent\u00e1veis.<\/p>\t<div class=\"wrapper-featured-image\">\n\t\t<figure class=\"spotlightImg\">\n\n\t\t\t<picture>\n\t\t\t\t<source media=\"(max-width: 768px)\" srcset=\"https:\/\/files.sunoresearch.com.br\/n\/uploads\/2020\/06\/8e17b7bc-hertz-2-1160x773-400x200.webp\">\n\t\t\t\t<img loading=\"lazy\" decoding=\"async\" class=\"newsContent__article__imgCapa lazyloadDisabled newsContent__article__imgCapa--noCaption\" src=\"https:\/\/files.sunoresearch.com.br\/n\/uploads\/2020\/06\/8e17b7bc-hertz-2-1160x773-800x450.webp\" width=\"800\" height=\"450\" alt=\"Da Hertz ao Cirque du Soleil: veja quem quebrou por causa do coronav\u00edrus\" fetchpriority=high \/>\n\t\t\t<\/picture>\n\n\t\t\t<figcaption class=\"wp-caption-text wp-caption-text--hide\">A pandemia de coronav\u00edrus (covid-19) levou a uma s\u00e9rie de fal\u00eancias de empresas consideradas s\u00f3lidas. Clique aqui para saber mais.<\/figcaption>\n\t\t<\/figure>\n\t<\/div>\n\n\n\n<p>Entre as marcas que fecharam as portas por causa do coronav\u00edrus est\u00e3o gigantes globais como a Hertz, o Cirque du Soleil ou at\u00e9 a Latam. E muitas outras tiveram que fazer dolorosos cortes em suas atividades, como Zara ou H&amp;M. At\u00e9 um time de futebol, os brit\u00e2nicos do Wigan, n\u00e3o resistiu a doen\u00e7a.<\/p>\n<p>Somente no Brasil, segundo uma pesquisa da Boa Visa, os pedidos de fal\u00eancia avan\u00e7aram 34,2% nos primeiros seis meses de 2020 em rela\u00e7\u00e3o ao mesmo per\u00edodo de 2019. Al\u00e9m disso, os pedidos de <a href=\"https:\/\/www.suno.com.br\/artigos\/recuperacao-judicial\/\">recupera\u00e7\u00e3o judicial<\/a> cresceram 32,8%, e as recupera\u00e7\u00f5es judiciais deferidas de 45,3%.<\/p>\n<p><a href=\"https:\/\/lp.suno.com.br\/suno-one\/\">No Suno One voc\u00ea aprende a fazer seu dinheiro para trabalhar para voc\u00ea. Cadastre-se gratuitamente agora!<\/a><\/p>\n<p>Nos Estados Unidos, muitas empresas recorreram ao chamado &#8220;Cap\u00edtulo 11&#8221;, aquela parte da lei de recupera\u00e7\u00e3o judicial local que permite uma reorganiza\u00e7\u00e3o da empresa, protegendo os credores mas tamb\u00e9m evitando a fal\u00eancia.<\/p>\n<h2>Confira quais s\u00e3o as grandes empresas que n\u00e3o resistiram a crise do coronav\u00edrus.<\/h2>\n<h2>Hertz<\/h2>\n<p>A pandemia bloqueou as viagens pelo mundo, e levou o grupo de aluguel de carros norte-americano Hertz a declarar fal\u00eancia nos Estados Unidos e no Canad\u00e1 em maio.<\/p>\n<p>A marca hist\u00f3rica fundada h\u00e1 102 anos foi a primeira grande v\u00edtima da pandemia. Em abril passado, a empresa sediada na Fl\u00f3rida n\u00e3o pagou uma d\u00edvida e, no final de maio, os credores negaram uma nova extens\u00e3o, acionando o pedido de fal\u00eancia e de prote\u00e7\u00e3o dos credores (Cap\u00edtulo 11 da lei de fal\u00eancias norte-americana).<\/p>\n<p>As d\u00edvidas chegaram a US$ 18,7 bilh\u00f5es no final de mar\u00e7o (cerca de R$ 100 bilh\u00f5es), dos quais US$ 4,3 bilh\u00f5es em t\u00edtulos e empr\u00e9stimos corporativos e US$ 14,4 em d\u00edvida lastreada em ve\u00edculos em ag\u00eancias de financiamento especiais). Enquanto a liquidez dispon\u00edvel era de apenas um bilh\u00e3o de d\u00f3lares.<\/p>\n<p><a href=\"https:\/\/www.suno.com.br\/noticias\/hertz-entra-com-pedido-de-protecao-contra-falencia-nos-eua-e-canada\/\">Saiba mais: Hertz entra com pedido de prote\u00e7\u00e3o contra fal\u00eancia nos EUA e Canad\u00e1<\/a><\/p>\n<p>A partir de meados de mar\u00e7o, a empresa zerou as receitas quando as viagens foram quase totalmente canceladas devido ao novo coronav\u00edrus.<\/p>\n<p>&#8220;O impacto do Covid-19 na demanda de viagens foi repentino e dram\u00e1tico&#8221;, explicou o grupo no pedido de fal\u00eancia, &#8220;causando uma queda acentuada na receita da empresa e em reservas futuras&#8221;.<\/p>\n<p>Herz possui 12.000 locais em todo o mundo, 40.000 funcion\u00e1rios e uma frota de carros que chega a 667.000 ve\u00edculos. Como sempre acontece nesses casos, no entanto, o coronav\u00edrus deu apenas o golpe de miseric\u00f3rdia: a empresa havia de fato acumulado US$ 17 bilh\u00f5es em d\u00edvidas antes da pandemia.<\/p>\n<h2>Franquia da Pizza Hut e da Wendy&#8217;s<\/h2>\n<p>A gigante das franquias norte-americanas <strong>NPC International,<\/strong> que controlava centenas de restaurante das marcas <strong>Pizza Hut<\/strong> e <strong>Wendy&#8217;s,<\/strong> tamb\u00e9m n\u00e3o sobreviveu a crise do coronav\u00edrus.<\/p>\n<p>Pesaram nas contas a d\u00edvida de cerca de um bilh\u00e3o de d\u00f3lares, 90% da qual somente da Pizza Hut. A NPC International emprega mais de 40 mil pessoas.<\/p>\n<p>J\u00e1 foi assinado um acordo parcial com os credores: isso deve evitar o fechamento dos restaurantes com as famosas marcas, mas ser\u00e1 necess\u00e1ria a aquisi\u00e7\u00e3o dos locais por parte de outras operadoras.<\/p>\n<h2>Zara<\/h2>\n<p>Era o come\u00e7o de junho quando as not\u00edcias foram divulgadas em todo o mundo: o fechamento de 1200 lojas entre a Europa e a \u00c1sia da gigante espanhola de roupas <strong>Zara,<\/strong> atingida pelo colapso das vendas causado pelo coronav\u00edrus.<\/p>\n<p><a href=\"https:\/\/www.suno.com.br\/noticias\/dona-zara-fechara-1200-lojas-mundo\/\">Saiba mais: Dona da Zara fechar\u00e1 1.200 lojas ao redor do mundo<\/a><\/p>\n<p>De fato, o grupo registrou uma perda de 409 milh\u00f5es de euros no primeiro trimestre de 2020, com vendas despencando 44% para 3,3 bilh\u00f5es de euros, em compara\u00e7\u00e3o com os 5,9 bilh\u00f5es de euros registrados no primeiro trimestre de 2019.<\/p>\n<p>Muito melhor, no entanto, foram as vendas on-line, tanto que o grupo Inditex, propriet\u00e1rio da marca, j\u00e1 teria investido dois bilh\u00f5es e meio de euros para fortalecer a plataforma on line e informou que estava pronto para desembolsar pelo menos tanto para aprimorar o com\u00e9rcio eletr\u00f4nico.<\/p>\n<h2>H&amp;M<\/h2>\n<p>Em meio a pandemia de coronav\u00edrus, o grupo varejista de roupa sueco <strong>H&amp;M<\/strong> fechou mais de 3.500 de suas 5.062 lojas. E o primeiro trimestre do ano fiscal de 2020 (que inclui o per\u00edodo de 1 de dezembro de 2019 a 30 de maio de 2020) registrou uma queda nas vendas globais de 23%, para um total de 83,612 bilh\u00f5es de coroas suecas.<\/p>\n<p>No segundo trimestre (per\u00edodo de mar\u00e7o a maio), o mais afetado pelos efeitos da pandemia do Covid-19, o colapso das vendas foi de 50%, chegando a 28,664 bilh\u00f5es de coroas suecas.<\/p>\n<p>Diante do fechamento global de cerca de 80% das lojas da H&amp;M em todo o mundo, as vendas online melhoraram seus desempenhos tradicionais. Nos primeiros seis meses do ano, as vendas na web apresentaram um crescimento de 40%, enquanto no segundo trimestre o crescimento nas plataformas online foi de 36%.<\/p>\n<p>No geral, o grupo encerrou os seis meses de refer\u00eancia com um lucro operacional de 6,940 bilh\u00f5es de coroas suecas, enquanto o segundo trimestre de 2020 registrou perdas de 6,188 bilh\u00f5es de coroas suecas.<\/p>\n<h2>Cirque du Soleil<\/h2>\n<p>O <strong>Cirque du Soleil<\/strong> tamb\u00e9m se rendeu \u00e0s consequ\u00eancias dos lockdowns e quarentenas, e anunciou o in\u00edcio do processo de fal\u00eancia controlado de acordo com as regras canadenses.<\/p>\n<p><a href=\"https:\/\/www.suno.com.br\/noticias\/cirque-du-soleil-entra-pedido-recuperacao-judicial-canada\/\">Saiba mais: Cirque du Soleil entra com pedido de recupera\u00e7\u00e3o judicial no Canad\u00e1<\/a><\/p>\n<p>&#8220;Nos \u00faltimos 36 anos, o Cirque du Soleil tem sido uma organiza\u00e7\u00e3o muito bem-sucedida e lucrativa &#8211; disse o presidente e <strong><a href=\"https:\/\/www.suno.com.br\/artigos\/ceo\/\">CEO<\/a> <\/strong>do renomado circo Daniel Lamarre &#8211; &#8220;mas com receita zero devido ao encerramento for\u00e7ado de todos os shows do Covid-19, a diretoria teve que agir rapidamente para proteger o futuro da empresa&#8221;.<\/p>\n<p>Ao mesmo tempo, o Cirque du Soleil assinou um acordo com seus atuais acionistas que adquirir\u00e3o quase todos os ativos em uma reorganiza\u00e7\u00e3o que incluir\u00e1 uma parcela de caixa, d\u00edvida e novo capital, al\u00e9m de dois fundos de US$ 20 milh\u00f5es para apoiar trabalhadores e fornecedores independentes.<\/p>\n<p>&#8220;Estamos ansiosos para relan\u00e7ar nossas atividades e nos reunir novamente para criar o show m\u00e1gico que o Cirque du Soleil \u00e9 para seus milh\u00f5es de f\u00e3s em todo o mundo&#8221;, acrescentou Lamarre.<\/p>\n<h2>Wirecard<\/h2>\n<p>Primeiro, o choque do rombo de 1,9 bilh\u00e3o de euros, que o fundador agora \u00e9 ex-CEO da <strong>Wirecard,<\/strong> Markus Braun, tinha justificado como resultado de um caso de fraude contra a empresa.<\/p>\n<p>Ent\u00e3o, a mesma fintech alem\u00e3 admitiu em comunicado divulgado em 22 de junho passado, que a soma &#8220;provavelmente n\u00e3o existia&#8221;. Uma admiss\u00e3o que chegou ap\u00f3s in\u00fameras desculpas e tamb\u00e9m dizer que os recursos estavam espalhados em contas correntes de pa\u00edses do Sudeste Asi\u00e1tico, onde nunca foram encontradas.<\/p>\n<p>Em menos de uma semana, a empresa que j\u00e1 foi descrita como o futuro das finan\u00e7as alem\u00e3s viu suas a\u00e7\u00f5es e t\u00edtulos desmoronarem e a diretoria foi presa pelas autoridades da Alemanha como parte de uma investiga\u00e7\u00e3o sobre uma poss\u00edvel fraude cont\u00e1bil. Nesse caso, no entanto, n\u00e3o se pode dizer que foi propriamente o coronav\u00edrus a levar a Wirecard a fal\u00eancia, mas com certeza ajudou.<\/p>\n<h2>Latam e Aeromexico<\/h2>\n<p>A companhia a\u00e9rea <strong>Latam Brasil<\/strong> apresentou um pedido de <a href=\"https:\/\/www.suno.com.br\/artigos\/recuperacao-judicial\/\">recupera\u00e7\u00e3o judicial<\/a> nos Estados Unidos. \u00c9 a primeira vez que uma empresa brasileira apresenta um pedido de ativa\u00e7\u00e3o da lei americana de reestrutura\u00e7\u00e3o de empresas e prote\u00e7\u00e3o dos credores, o &#8220;Cap\u00edtulo 11&#8221;.<\/p>\n<p><a href=\"https:\/\/www.suno.com.br\/noticias\/latam-brasil-recuperacao-judicial\/\">Saiba mais: Latam Brasil pede recupera\u00e7\u00e3o judicial nos EUA<\/a><\/p>\n<p>A Latam j\u00e1 tinha apresentado pedido de recurso ao <strong>Chapter 11<\/strong> no final de maio, mas somente no caso de sua <strong><a href=\"https:\/\/www.suno.com.br\/artigos\/holding\/\">holding<\/a>,<\/strong> al\u00e9m de suas subsidi\u00e1rias no Chile, Col\u00f4mbia, Peru e Equador. Naquela ocasi\u00e3o, as opera\u00e7\u00f5es no Brasil &#8211; que representam 50% do total do grupo e 14% das passividades &#8211; tinham ficado de fora do pedido.<\/p>\n<p>A escolha de deixar fora do pedido as opera\u00e7\u00f5es brasileiras tinha sido tomada para tentar facilitar as negocia\u00e7\u00f5es com o <a href=\"https:\/\/www.suno.com.br\/artigos\/bancos-de-desenvolvimento\/\"><strong>Banco Nacional de Desenvolvimento Econ\u00f4mico e Social (BNDES)<\/strong><\/a> para um pacote de ajuda financeira. Entretanto, a a\u00e9rea n\u00e3o conseguiu obter esses recursos do banco p\u00fablico de desenvolvimento.<\/p>\n<p>Al\u00e9m disso, as previs\u00f5es de retomada do setor a\u00e9reo tamb\u00e9m pioraram por causa da pandemia do novo <strong>coronav\u00edrus<\/strong> (covid-19), especialmente no caso dos voos internacionais, que s\u00e3o a base das opera\u00e7\u00f5es da Latam.<\/p>\n<p>Na requisi\u00e7\u00e3o do Chapter 11, a controlada brasileira da Latam tamb\u00e9m apresentou um pedido para poder honrar o pagamento de rescis\u00f5es<br \/>\ntrabalhistas e obriga\u00e7\u00f5es passadas e futuras com consumidores. O juiz da recupera\u00e7\u00e3o dever\u00e1 julgar essa solicita\u00e7\u00e3o.<\/p>\n<p>Em seu balan\u00e7o, a Latam Brasil apresenta uma d\u00edvida de R$ 7 bilh\u00f5es, grande parte com empresas de <strong>leasing<\/strong> de avi\u00f5es e bancos. Entretanto, considerando o cr\u00e9dito das passagens pagas e n\u00e3o voadas por causa da pandemia, al\u00e9m de outras provis\u00f5es, esse montante aumenta\u00a0para R$ 13 bilh\u00f5es.<\/p>\n<p>O endividamento global do grupo \u00e9 de US$ 10 bilh\u00f5es (cerca de R$ 53 bilh\u00f5es), mas que poderia chegar a US$ 17,9 bilh\u00f5es por causa das provis\u00f5es futuras.<\/p>\n<p>Por sua vez, a companhia a\u00e9rea mexicana Aeromexico, uma das principais operadoras comerciais da Am\u00e9rica Latina, iniciou pr\u00e1ticas de fal\u00eancia nos Estados Unidos citando o impacto &#8220;sem precedentes&#8221; do coronav\u00edrus.<\/p>\n<p>No entanto, o uso do &#8220;Cap\u00edtulo 11&#8221; n\u00e3o afetar\u00e1 as opera\u00e7\u00f5es da companhia a\u00e9rea, disse a companhia em nota.<\/p>\n<h2>Brooks Brothers<\/h2>\n<p>A <strong>Brooks Brothers<\/strong> entrou no come\u00e7o de julho com pedido de fal\u00eancia devido \u00e0 pandemia de Coronav\u00edrus. Um passo esperado para a renomada empresa de roupas. A empresa pediu para poder recorrer ao Cap\u00edtulo 11 no estado de Delaware.<\/p>\n<p>&#8220;No ano passado, o conselho de diretores, gerentes e consultores financeiros e jur\u00eddicos da Brooks Brothers avaliaram v\u00e1rias op\u00e7\u00f5es estrat\u00e9gicas para reposicionar a empresa para sucesso futuro, incluindo uma venda potencial&#8221;, informou um porta-voz da empresa, &#8220;Nesta revis\u00e3o estrat\u00e9gica, o Covid-19 se tornou imensamente destrutivo e pressionou nossos neg\u00f3cios. Estamos identificando o propriet\u00e1rio ou propriet\u00e1rios certos para guiar nossa ic\u00f4nica marca Brooks Brothers no futuro&#8221;.<\/p>\n<p>A Brooks Brothers &#8211; que gerou vendas de US$ 991 milh\u00f5es no ano passado &#8211; possui aproximadamente 250 lojas na Am\u00e9rica do Norte e mais de 500 lojas em todo o mundo. A empresa disse que fechar\u00e1 tr\u00eas f\u00e1bricas at\u00e9 15 de agosto pr\u00f3ximo. Anteriormente, ele j\u00e1 havia decidido fechar 51 lojas devido \u00e0 crise.<\/p>\n<p>Por mais de 200 anos, a Brooks Brothers vestiu a faixa mais elegante da popula\u00e7\u00e3o norte-americana com suas camisas. A empresa chegou a superar as duas guerras mundiais, mas n\u00e3o a pandemia de coronav\u00edrus.<\/p>\n<p>A atual crise econ\u00f4mica se demonstrou fatal. A empresa, no entanto, j\u00e1 estava com dificuldades financeiras antes da chegada da Covid-19 e precisou fechar lojas, por causa tamb\u00e9m da evolu\u00e7\u00e3o do gosto das pessoas em dire\u00e7\u00e3o a um estilo mais esportivo e menos formal.<\/p>\n<h2>Chesapeake Energy<\/h2>\n<p>A <strong>Chesapeake<\/strong>\u00a0Energy, o emblema da revolu\u00e7\u00e3o americana do xisto, tamb\u00e9m est\u00e1 enfrentando fal\u00eancia ap\u00f3s o colapso dos pre\u00e7os do petr\u00f3leo e g\u00e1s vinculados ao coronav\u00edrus.<\/p>\n<p>A empresa, fortemente endividada, teve problemas por algum tempo e a pandemia os acentuou. Com a fal\u00eancia, a Chesepeake Energy pretende se livrar de seus US$ 7 bilh\u00f5es em d\u00edvidas.<\/p>\n<h2>O time de futebol do Wigan<\/h2>\n<p>Fal\u00eancia tamb\u00e9m para o time de futebol <strong>Wigan.<\/strong> O clube gal\u00eas foi comprado por um cons\u00f3rcio sediado em Hong Kong h\u00e1 apenas um m\u00eas e atualmente \u00e9 o 14\u00ba no campeonato brit\u00e2nico, com seis jogos restantes. No ano passado, no entanto, ele reportou perdas de 9,2 milh\u00f5es de libras. E a pandemia do novo <strong>coronav\u00edrus<\/strong> acabou com a festa dos galeses.<\/p>\n\n","protected":false},"excerpt":{"rendered":"<p>A pandemia de coronav\u00edrus (covid-19) levou a uma s\u00e9rie de fal\u00eancias de empresas at\u00e9 poucas semanas atr\u00e1s consideradas s\u00f3lidas, ou pelo menos rent\u00e1veis. A pandemia de coronav\u00edrus (covid-19) levou a uma s\u00e9rie de fal\u00eancias de empresas consideradas s\u00f3lidas. Clique aqui para saber mais. Entre as marcas que fecharam as portas por causa do coronav\u00edrus est\u00e3o [&hellip;]<\/p>\n","protected":false},"author":9,"featured_media":69591,"comment_status":"closed","ping_status":"closed","sticky":false,"template":"","format":"standard","meta":[],"categories":[64],"tags":[2487,28717,739],"suno_strategy":[],"class_list":["post-72770","post","type-post","status-publish","format-standard","has-post-thumbnail","hentry","category-negocios","tag-coronavirus","tag-hertz","tag-latam"],"yoast_head":"<!-- This site is optimized with the Yoast SEO plugin v24.4 - https:\/\/yoast.com\/wordpress\/plugins\/seo\/ -->\n<title>Da Hertz ao Cirque du Soleil: veja quem quebrou por causa do coronav\u00edrus<\/title>\n<meta name=\"description\" content=\"A pandemia de coronav\u00edrus (covid-19) levou a uma s\u00e9rie de fal\u00eancias de empresas consideradas s\u00f3lidas. Clique aqui para saber mais.\" \/>\n<meta name=\"robots\" content=\"index, follow, max-snippet:-1, max-image-preview:large, max-video-preview:-1\" \/>\n<link rel=\"canonical\" href=\"https:\/\/www.suno.com.br\/noticias\/hertz-cirque-du-soleil-falencia-coronavirus\/\" \/>\n<meta property=\"og:locale\" content=\"pt_BR\" \/>\n<meta property=\"og:type\" content=\"article\" \/>\n<meta property=\"og:title\" content=\"Da Hertz ao Cirque du Soleil: veja quem quebrou por causa do coronav\u00edrus\" \/>\n<meta property=\"og:description\" content=\"A pandemia de coronav\u00edrus (covid-19) levou a uma s\u00e9rie de fal\u00eancias de empresas consideradas s\u00f3lidas. Clique aqui para saber mais.\" \/>\n<meta property=\"og:url\" content=\"https:\/\/www.suno.com.br\/noticias\/hertz-cirque-du-soleil-falencia-coronavirus\/\" \/>\n<meta property=\"og:site_name\" content=\"Suno Not\u00edcias\" \/>\n<meta property=\"article:publisher\" content=\"https:\/\/facebook.com\/sunoresearch\" \/>\n<meta property=\"og:image\" content=\"https:\/\/files.sunoresearch.com.br\/n\/uploads\/2020\/06\/8e17b7bc-hertz-2-1160x773.jpg\" \/>\n\t<meta property=\"og:image:width\" content=\"1160\" \/>\n\t<meta property=\"og:image:height\" content=\"773\" \/>\n\t<meta property=\"og:image:type\" content=\"image\/jpeg\" \/>\n<meta name=\"author\" content=\"Carlo Cauti\" \/>\n<meta name=\"twitter:card\" content=\"summary_large_image\" \/>\n<meta name=\"twitter:creator\" content=\"@sunoresearch\" \/>\n<meta name=\"twitter:site\" content=\"@sunoresearch\" \/>\n<meta name=\"twitter:label1\" content=\"Escrito por\" \/>\n\t<meta name=\"twitter:data1\" content=\"Carlo Cauti\" \/>\n\t<meta name=\"twitter:label2\" content=\"Est. tempo de leitura\" \/>\n\t<meta name=\"twitter:data2\" content=\"10 minutos\" \/>\n<script type=\"application\/ld+json\" class=\"yoast-schema-graph\">{\"@context\":\"https:\/\/schema.org\",\"@graph\":[{\"@type\":\"NewsArticle\",\"@id\":\"https:\/\/www.suno.com.br\/noticias\/hertz-cirque-du-soleil-falencia-coronavirus\/#article\",\"isPartOf\":{\"@id\":\"https:\/\/www.suno.com.br\/noticias\/hertz-cirque-du-soleil-falencia-coronavirus\/\"},\"author\":{\"name\":\"Carlo Cauti\",\"@id\":\"https:\/\/www.suno.com.br\/noticias\/#\/schema\/person\/e6e0f723cc177805027f4566c1d5e0c8\"},\"headline\":\"Da Hertz ao Cirque du Soleil: veja quem quebrou por causa do coronav\u00edrus\",\"datePublished\":\"2020-07-12T22:18:41+00:00\",\"dateModified\":\"2021-05-10T16:14:45+00:00\",\"mainEntityOfPage\":{\"@id\":\"https:\/\/www.suno.com.br\/noticias\/hertz-cirque-du-soleil-falencia-coronavirus\/\"},\"wordCount\":2057,\"publisher\":{\"@id\":\"https:\/\/www.suno.com.br\/noticias\/#organization\"},\"image\":{\"@id\":\"https:\/\/www.suno.com.br\/noticias\/hertz-cirque-du-soleil-falencia-coronavirus\/#primaryimage\"},\"thumbnailUrl\":\"https:\/\/files.sunoresearch.com.br\/n\/uploads\/2020\/06\/8e17b7bc-hertz-2-1160x773-jpg.webp\",\"keywords\":[\"coronav\u00edrus\",\"Hertz\",\"Latam\"],\"articleSection\":[\"Neg\u00f3cios\"],\"inLanguage\":\"pt-BR\"},{\"@type\":\"WebPage\",\"@id\":\"https:\/\/www.suno.com.br\/noticias\/hertz-cirque-du-soleil-falencia-coronavirus\/\",\"url\":\"https:\/\/www.suno.com.br\/noticias\/hertz-cirque-du-soleil-falencia-coronavirus\/\",\"name\":\"Da Hertz ao Cirque du Soleil: veja quem quebrou por causa do coronav\u00edrus\",\"isPartOf\":{\"@id\":\"https:\/\/www.suno.com.br\/noticias\/#website\"},\"primaryImageOfPage\":{\"@id\":\"https:\/\/www.suno.com.br\/noticias\/hertz-cirque-du-soleil-falencia-coronavirus\/#primaryimage\"},\"image\":{\"@id\":\"https:\/\/www.suno.com.br\/noticias\/hertz-cirque-du-soleil-falencia-coronavirus\/#primaryimage\"},\"thumbnailUrl\":\"https:\/\/files.sunoresearch.com.br\/n\/uploads\/2020\/06\/8e17b7bc-hertz-2-1160x773-jpg.webp\",\"datePublished\":\"2020-07-12T22:18:41+00:00\",\"dateModified\":\"2021-05-10T16:14:45+00:00\",\"description\":\"A pandemia de coronav\u00edrus (covid-19) levou a uma s\u00e9rie de fal\u00eancias de empresas consideradas s\u00f3lidas. Clique aqui para saber mais.\",\"breadcrumb\":{\"@id\":\"https:\/\/www.suno.com.br\/noticias\/hertz-cirque-du-soleil-falencia-coronavirus\/#breadcrumb\"},\"inLanguage\":\"pt-BR\",\"potentialAction\":[{\"@type\":\"ReadAction\",\"target\":[\"https:\/\/www.suno.com.br\/noticias\/hertz-cirque-du-soleil-falencia-coronavirus\/\"]}]},{\"@type\":\"ImageObject\",\"inLanguage\":\"pt-BR\",\"@id\":\"https:\/\/www.suno.com.br\/noticias\/hertz-cirque-du-soleil-falencia-coronavirus\/#primaryimage\",\"url\":\"https:\/\/files.sunoresearch.com.br\/n\/uploads\/2020\/06\/8e17b7bc-hertz-2-1160x773-jpg.webp\",\"contentUrl\":\"https:\/\/files.sunoresearch.com.br\/n\/uploads\/2020\/06\/8e17b7bc-hertz-2-1160x773-jpg.webp\",\"width\":1160,\"height\":773,\"caption\":\"A pandemia de coronav\u00edrus (covid-19) levou a uma s\u00e9rie de fal\u00eancias de empresas consideradas s\u00f3lidas. Clique aqui para saber mais.\"},{\"@type\":\"BreadcrumbList\",\"@id\":\"https:\/\/www.suno.com.br\/noticias\/hertz-cirque-du-soleil-falencia-coronavirus\/#breadcrumb\",\"itemListElement\":[{\"@type\":\"ListItem\",\"position\":1,\"name\":\"Not\u00edcias\",\"item\":\"https:\/\/www.suno.com.br\/noticias\/\"},{\"@type\":\"ListItem\",\"position\":2,\"name\":\"Neg\u00f3cios\",\"item\":\"https:\/\/www.suno.com.br\/noticias\/negocios\/\"},{\"@type\":\"ListItem\",\"position\":3,\"name\":\"Da Hertz ao Cirque du Soleil: veja quem quebrou por causa do coronav\u00edrus\"}]},{\"@type\":\"WebSite\",\"@id\":\"https:\/\/www.suno.com.br\/noticias\/#website\",\"url\":\"https:\/\/www.suno.com.br\/noticias\/\",\"name\":\"Suno Not\u00edcias\",\"description\":\"Seu portal de informa\u00e7\u00e3o sobre o mundo dos investimentos\",\"publisher\":{\"@id\":\"https:\/\/www.suno.com.br\/noticias\/#organization\"},\"potentialAction\":[{\"@type\":\"SearchAction\",\"target\":{\"@type\":\"EntryPoint\",\"urlTemplate\":\"https:\/\/www.suno.com.br\/noticias\/?s={search_term_string}\"},\"query-input\":{\"@type\":\"PropertyValueSpecification\",\"valueRequired\":true,\"valueName\":\"search_term_string\"}}],\"inLanguage\":\"pt-BR\"},{\"@type\":\"Organization\",\"@id\":\"https:\/\/www.suno.com.br\/noticias\/#organization\",\"name\":\"Suno Not\u00edcias\",\"url\":\"https:\/\/www.suno.com.br\/noticias\/\",\"logo\":{\"@type\":\"ImageObject\",\"inLanguage\":\"pt-BR\",\"@id\":\"https:\/\/www.suno.com.br\/noticias\/#\/schema\/logo\/image\/\",\"url\":\"https:\/\/files.sunoresearch.com.br\/n\/uploads\/2021\/09\/suno-logo.png\",\"contentUrl\":\"https:\/\/files.sunoresearch.com.br\/n\/uploads\/2021\/09\/suno-logo.png\",\"width\":180,\"height\":180,\"caption\":\"Suno Not\u00edcias\"},\"image\":{\"@id\":\"https:\/\/www.suno.com.br\/noticias\/#\/schema\/logo\/image\/\"},\"sameAs\":[\"https:\/\/facebook.com\/sunoresearch\",\"https:\/\/x.com\/sunoresearch\",\"https:\/\/www.instagram.com\/suno\",\"https:\/\/www.linkedin.com\/company\/suno-research\/\",\"https:\/\/www.youtube.com\/c\/sunoresearch\"]},{\"@type\":\"Person\",\"@id\":\"https:\/\/www.suno.com.br\/noticias\/#\/schema\/person\/e6e0f723cc177805027f4566c1d5e0c8\",\"name\":\"Carlo Cauti\",\"image\":{\"@type\":\"ImageObject\",\"inLanguage\":\"pt-BR\",\"@id\":\"https:\/\/www.suno.com.br\/noticias\/#\/schema\/person\/image\/\",\"url\":\"https:\/\/secure.gravatar.com\/avatar\/3ada9e0bd164c23abd4792a9606d583c?s=96&r=g\",\"contentUrl\":\"https:\/\/secure.gravatar.com\/avatar\/3ada9e0bd164c23abd4792a9606d583c?s=96&r=g\",\"caption\":\"Carlo Cauti\"},\"description\":\"Editor multim\u00eddia do SUNO Not\u00edcias. Italiano, formado em Ci\u00eancias Pol\u00edticas pela universidade LUISS G. Carli de Roma e mestre cum laude em Rela\u00e7\u00f5es Internacionais, Jornalismo Internacional e de Guerra e em Economia Internacional. Concluiu tamb\u00e9m um MBA em Finan\u00e7as na B3. No Brasil, teve passagem por ve\u00edculos como Estad\u00e3o, Globo, Veja e EXAME. e nas ag\u00eancias de not\u00edcias italianas ANSA e NOVA.\",\"url\":\"https:\/\/www.suno.com.br\/noticias\/author\/carlo-cauti\/\"}]}<\/script>\n<!-- \/ Yoast SEO plugin. -->","yoast_head_json":{"title":"Da Hertz ao Cirque du Soleil: veja quem quebrou por causa do coronav\u00edrus","description":"A pandemia de coronav\u00edrus (covid-19) levou a uma s\u00e9rie de fal\u00eancias de empresas consideradas s\u00f3lidas. Clique aqui para saber mais.","robots":{"index":"index","follow":"follow","max-snippet":"max-snippet:-1","max-image-preview":"max-image-preview:large","max-video-preview":"max-video-preview:-1"},"canonical":"https:\/\/www.suno.com.br\/noticias\/hertz-cirque-du-soleil-falencia-coronavirus\/","og_locale":"pt_BR","og_type":"article","og_title":"Da Hertz ao Cirque du Soleil: veja quem quebrou por causa do coronav\u00edrus","og_description":"A pandemia de coronav\u00edrus (covid-19) levou a uma s\u00e9rie de fal\u00eancias de empresas consideradas s\u00f3lidas. Clique aqui para saber mais.","og_url":"https:\/\/www.suno.com.br\/noticias\/hertz-cirque-du-soleil-falencia-coronavirus\/","og_site_name":"Suno Not\u00edcias","article_publisher":"https:\/\/facebook.com\/sunoresearch","og_image":[{"width":1160,"height":773,"url":"https:\/\/files.sunoresearch.com.br\/n\/uploads\/2020\/06\/8e17b7bc-hertz-2-1160x773.jpg","type":"image\/jpeg"}],"author":"Carlo Cauti","twitter_card":"summary_large_image","twitter_creator":"@sunoresearch","twitter_site":"@sunoresearch","twitter_misc":{"Escrito por":"Carlo Cauti","Est. tempo de leitura":"10 minutos"},"schema":{"@context":"https:\/\/schema.org","@graph":[{"@type":"NewsArticle","@id":"https:\/\/www.suno.com.br\/noticias\/hertz-cirque-du-soleil-falencia-coronavirus\/#article","isPartOf":{"@id":"https:\/\/www.suno.com.br\/noticias\/hertz-cirque-du-soleil-falencia-coronavirus\/"},"author":{"name":"Carlo Cauti","@id":"https:\/\/www.suno.com.br\/noticias\/#\/schema\/person\/e6e0f723cc177805027f4566c1d5e0c8"},"headline":"Da Hertz ao Cirque du Soleil: veja quem quebrou por causa do coronav\u00edrus","datePublished":"2020-07-12T22:18:41+00:00","dateModified":"2021-05-10T16:14:45+00:00","mainEntityOfPage":{"@id":"https:\/\/www.suno.com.br\/noticias\/hertz-cirque-du-soleil-falencia-coronavirus\/"},"wordCount":2057,"publisher":{"@id":"https:\/\/www.suno.com.br\/noticias\/#organization"},"image":{"@id":"https:\/\/www.suno.com.br\/noticias\/hertz-cirque-du-soleil-falencia-coronavirus\/#primaryimage"},"thumbnailUrl":"https:\/\/files.sunoresearch.com.br\/n\/uploads\/2020\/06\/8e17b7bc-hertz-2-1160x773-jpg.webp","keywords":["coronav\u00edrus","Hertz","Latam"],"articleSection":["Neg\u00f3cios"],"inLanguage":"pt-BR"},{"@type":"WebPage","@id":"https:\/\/www.suno.com.br\/noticias\/hertz-cirque-du-soleil-falencia-coronavirus\/","url":"https:\/\/www.suno.com.br\/noticias\/hertz-cirque-du-soleil-falencia-coronavirus\/","name":"Da Hertz ao Cirque du Soleil: veja quem quebrou por causa do coronav\u00edrus","isPartOf":{"@id":"https:\/\/www.suno.com.br\/noticias\/#website"},"primaryImageOfPage":{"@id":"https:\/\/www.suno.com.br\/noticias\/hertz-cirque-du-soleil-falencia-coronavirus\/#primaryimage"},"image":{"@id":"https:\/\/www.suno.com.br\/noticias\/hertz-cirque-du-soleil-falencia-coronavirus\/#primaryimage"},"thumbnailUrl":"https:\/\/files.sunoresearch.com.br\/n\/uploads\/2020\/06\/8e17b7bc-hertz-2-1160x773-jpg.webp","datePublished":"2020-07-12T22:18:41+00:00","dateModified":"2021-05-10T16:14:45+00:00","description":"A pandemia de coronav\u00edrus (covid-19) levou a uma s\u00e9rie de fal\u00eancias de empresas consideradas s\u00f3lidas. Clique aqui para saber mais.","breadcrumb":{"@id":"https:\/\/www.suno.com.br\/noticias\/hertz-cirque-du-soleil-falencia-coronavirus\/#breadcrumb"},"inLanguage":"pt-BR","potentialAction":[{"@type":"ReadAction","target":["https:\/\/www.suno.com.br\/noticias\/hertz-cirque-du-soleil-falencia-coronavirus\/"]}]},{"@type":"ImageObject","inLanguage":"pt-BR","@id":"https:\/\/www.suno.com.br\/noticias\/hertz-cirque-du-soleil-falencia-coronavirus\/#primaryimage","url":"https:\/\/files.sunoresearch.com.br\/n\/uploads\/2020\/06\/8e17b7bc-hertz-2-1160x773-jpg.webp","contentUrl":"https:\/\/files.sunoresearch.com.br\/n\/uploads\/2020\/06\/8e17b7bc-hertz-2-1160x773-jpg.webp","width":1160,"height":773,"caption":"A pandemia de coronav\u00edrus (covid-19) levou a uma s\u00e9rie de fal\u00eancias de empresas consideradas s\u00f3lidas. Clique aqui para saber mais."},{"@type":"BreadcrumbList","@id":"https:\/\/www.suno.com.br\/noticias\/hertz-cirque-du-soleil-falencia-coronavirus\/#breadcrumb","itemListElement":[{"@type":"ListItem","position":1,"name":"Not\u00edcias","item":"https:\/\/www.suno.com.br\/noticias\/"},{"@type":"ListItem","position":2,"name":"Neg\u00f3cios","item":"https:\/\/www.suno.com.br\/noticias\/negocios\/"},{"@type":"ListItem","position":3,"name":"Da Hertz ao Cirque du Soleil: veja quem quebrou por causa do coronav\u00edrus"}]},{"@type":"WebSite","@id":"https:\/\/www.suno.com.br\/noticias\/#website","url":"https:\/\/www.suno.com.br\/noticias\/","name":"Suno Not\u00edcias","description":"Seu portal de informa\u00e7\u00e3o sobre o mundo dos investimentos","publisher":{"@id":"https:\/\/www.suno.com.br\/noticias\/#organization"},"potentialAction":[{"@type":"SearchAction","target":{"@type":"EntryPoint","urlTemplate":"https:\/\/www.suno.com.br\/noticias\/?s={search_term_string}"},"query-input":{"@type":"PropertyValueSpecification","valueRequired":true,"valueName":"search_term_string"}}],"inLanguage":"pt-BR"},{"@type":"Organization","@id":"https:\/\/www.suno.com.br\/noticias\/#organization","name":"Suno Not\u00edcias","url":"https:\/\/www.suno.com.br\/noticias\/","logo":{"@type":"ImageObject","inLanguage":"pt-BR","@id":"https:\/\/www.suno.com.br\/noticias\/#\/schema\/logo\/image\/","url":"https:\/\/files.sunoresearch.com.br\/n\/uploads\/2021\/09\/suno-logo.png","contentUrl":"https:\/\/files.sunoresearch.com.br\/n\/uploads\/2021\/09\/suno-logo.png","width":180,"height":180,"caption":"Suno Not\u00edcias"},"image":{"@id":"https:\/\/www.suno.com.br\/noticias\/#\/schema\/logo\/image\/"},"sameAs":["https:\/\/facebook.com\/sunoresearch","https:\/\/x.com\/sunoresearch","https:\/\/www.instagram.com\/suno","https:\/\/www.linkedin.com\/company\/suno-research\/","https:\/\/www.youtube.com\/c\/sunoresearch"]},{"@type":"Person","@id":"https:\/\/www.suno.com.br\/noticias\/#\/schema\/person\/e6e0f723cc177805027f4566c1d5e0c8","name":"Carlo Cauti","image":{"@type":"ImageObject","inLanguage":"pt-BR","@id":"https:\/\/www.suno.com.br\/noticias\/#\/schema\/person\/image\/","url":"https:\/\/secure.gravatar.com\/avatar\/3ada9e0bd164c23abd4792a9606d583c?s=96&r=g","contentUrl":"https:\/\/secure.gravatar.com\/avatar\/3ada9e0bd164c23abd4792a9606d583c?s=96&r=g","caption":"Carlo Cauti"},"description":"Editor multim\u00eddia do SUNO Not\u00edcias. Italiano, formado em Ci\u00eancias Pol\u00edticas pela universidade LUISS G. Carli de Roma e mestre cum laude em Rela\u00e7\u00f5es Internacionais, Jornalismo Internacional e de Guerra e em Economia Internacional. Concluiu tamb\u00e9m um MBA em Finan\u00e7as na B3. No Brasil, teve passagem por ve\u00edculos como Estad\u00e3o, Globo, Veja e EXAME. e nas ag\u00eancias de not\u00edcias italianas ANSA e NOVA.","url":"https:\/\/www.suno.com.br\/noticias\/author\/carlo-cauti\/"}]}},"default_loop_html":"<div class=\"cardsPage__listCard__boxs\"><div class=\"cardsPage__listCard__boxs__img\"><a href=\"https:\/\/www.suno.com.br\/noticias\/hertz-cirque-du-soleil-falencia-coronavirus\/\"><img class=\"mask\" src=\"https:\/\/www.suno.com.br\/noticias\/wp-content\/themes\/suno\/resources\/images\/spotlight\/spotlight1img\/bg-mask.png\" alt=\"Image Mask\"\/><img src=\"https:\/\/files.sunoresearch.com.br\/n\/uploads\/2020\/06\/8e17b7bc-hertz-2-1160x773-400x200.webp\" alt=\"Da Hertz ao Cirque du Soleil: veja quem quebrou por causa do coronav\u00edrus\"\/><\/a><span class=\"spotlightCategory\"><a href=\"https:\/\/www.suno.com.br\/noticias\/negocios\/\">Neg\u00f3cios<\/a><\/span><\/div><div class=\"cardsPage__listCard__boxs__content\"><a href=\"https:\/\/www.suno.com.br\/noticias\/hertz-cirque-du-soleil-falencia-coronavirus\/\"><h2 class=\"content__title\">Da Hertz ao Cirque du Soleil: veja quem quebrou por causa do coronav\u00edrus<\/h2><\/a><div class=\"newsContent__article__meta\"><div class=\"newsContent__article__meta__authorBox\"><a href=\"https:\/\/www.suno.com.br\/noticias\/author\/carlo-cauti\/\" class=\"authorBox__avatar noMobi\"><img src=\"https:\/\/files.sunoresearch.com.br\/n\/uploads\/2020\/08\/e3745f9a-perfil-carlo-cauti-150x150.webp\" alt=\"Carlo Cauti\"><\/a><div class=\"authorBox__name\"><span>por\n\t\t\t<a href=\"https:\/\/www.suno.com.br\/noticias\/author\/carlo-cauti\/\"><span itemprop=\"author\">Carlo Cauti<\/span><\/a><\/span><time datetime=\"2020-07-12T19:18:41-03:00\" itemprop=\"datePublished\">12\/07\/2020 19:18<\/time><\/div><\/div><\/div><\/div><\/div>","single_layout":"posts","amp_enabled":true,"_links":{"self":[{"href":"https:\/\/www.suno.com.br\/noticias\/wp-json\/wp\/v2\/posts\/72770"}],"collection":[{"href":"https:\/\/www.suno.com.br\/noticias\/wp-json\/wp\/v2\/posts"}],"about":[{"href":"https:\/\/www.suno.com.br\/noticias\/wp-json\/wp\/v2\/types\/post"}],"author":[{"embeddable":true,"href":"https:\/\/www.suno.com.br\/noticias\/wp-json\/wp\/v2\/users\/9"}],"replies":[{"embeddable":true,"href":"https:\/\/www.suno.com.br\/noticias\/wp-json\/wp\/v2\/comments?post=72770"}],"version-history":[{"count":1,"href":"https:\/\/www.suno.com.br\/noticias\/wp-json\/wp\/v2\/posts\/72770\/revisions"}],"predecessor-version":[{"id":146290,"href":"https:\/\/www.suno.com.br\/noticias\/wp-json\/wp\/v2\/posts\/72770\/revisions\/146290"}],"wp:featuredmedia":[{"embeddable":true,"href":"https:\/\/www.suno.com.br\/noticias\/wp-json\/wp\/v2\/media\/69591"}],"wp:attachment":[{"href":"https:\/\/www.suno.com.br\/noticias\/wp-json\/wp\/v2\/media?parent=72770"}],"wp:term":[{"taxonomy":"category","embeddable":true,"href":"https:\/\/www.suno.com.br\/noticias\/wp-json\/wp\/v2\/categories?post=72770"},{"taxonomy":"post_tag","embeddable":true,"href":"https:\/\/www.suno.com.br\/noticias\/wp-json\/wp\/v2\/tags?post=72770"},{"taxonomy":"suno_strategy","embeddable":true,"href":"https:\/\/www.suno.com.br\/noticias\/wp-json\/wp\/v2\/suno_strategy?post=72770"}],"curies":[{"name":"wp","href":"https:\/\/api.w.org\/{rel}","templated":true}]}}