{"id":72744,"date":"2020-07-11T11:51:29","date_gmt":"2020-07-11T14:51:29","guid":{"rendered":"https:\/\/www.suno.com.br\/noticias\/?p=72744"},"modified":"2020-07-11T11:53:28","modified_gmt":"2020-07-11T14:53:28","slug":"grendene-grnd3-retomara-atividades-segunda-feira","status":"publish","type":"post","link":"https:\/\/www.suno.com.br\/noticias\/grendene-grnd3-retomara-atividades-segunda-feira\/","title":{"rendered":"Grendene (GRND3) retomar\u00e1 opera\u00e7\u00f5es em suas f\u00e1bricas a partir de 2\u00aa feira"},"content":{"rendered":"<p>A <a href=\"https:\/\/www.suno.com.br\/acoes\/grnd3\/\"><strong>Grendene<\/strong> (GRND3)<\/a> comunicou, na \u00faltima sexta-feira (10), que ir\u00e1 retomar suas opera\u00e7\u00f5es nas f\u00e1bricas, normalmente, a partir da pr\u00f3xima segunda-feira (13). A companhia estava seguindo as medidas estabelecidas para ajudar no combate ao coronav\u00edrus (Covid-19), com parte de suas unidades fechadas.<\/p>\t<div class=\"wrapper-featured-image\">\n\t\t<figure class=\"spotlightImg\">\n\n\t\t\t<picture>\n\t\t\t\t<source media=\"(max-width: 768px)\" srcset=\"https:\/\/files.sunoresearch.com.br\/n\/uploads\/2019\/08\/98b5ab2f-grendene-400x200.webp\">\n\t\t\t\t<img loading=\"lazy\" decoding=\"async\" class=\"newsContent__article__imgCapa lazyloadDisabled newsContent__article__imgCapa--noCaption\" src=\"https:\/\/files.sunoresearch.com.br\/n\/uploads\/2019\/08\/98b5ab2f-grendene-800x450.webp\" width=\"800\" height=\"450\" alt=\"Grendene (GRND3) retomar\u00e1 opera\u00e7\u00f5es em suas f\u00e1bricas a partir de 2\u00aa feira\" fetchpriority=high \/>\n\t\t\t<\/picture>\n\n\t\t\t<figcaption class=\"wp-caption-text wp-caption-text--hide\">Grendene (divulga\u00e7\u00e3o)<\/figcaption>\n\t\t<\/figure>\n\t<\/div>\n\n\n\n<p>Mesmo com a volta \u00e0s atividades, a Grendene seguir\u00e1 as regras colocadas pelo modelo de distanciamento controlado do Estado do Rio Grande do Sul. Al\u00e9m disso, a empresa tamb\u00e9m informou que adotar\u00e1 o plano de retomada respons\u00e1vel das atividades econ\u00f4micas e comportamentais do Estado do Cear\u00e1, onde det\u00e9m uma f\u00e1brica em Sobral.<\/p>\n<p>Os colaboradores ser\u00e3o obrigados a utilizar m\u00e1scaras, al\u00e9m de terem a temperatura medida antes de entrar na companhia e tamb\u00e9m durante o dia de trabalho. As medidas de distanciamento social tamb\u00e9m passar\u00e3o a valer.<\/p>\n<p><a href=\"https:\/\/lp.suno.com.br\/suno-one\/\">No Suno One voc\u00ea aprende a fazer seu dinheiro trabalhar para voc\u00ea. Cadastre-se gratuitamente agora!<\/a><\/p>\n<p>No in\u00edcio do m\u00eas de junho, a companhia comunicou a retomada parcial de suas f\u00e1bricas no Cear\u00e1, entretanto pouco tempo depois a empresa comunicou que as atividades s\u00f3 iriam voltar no dia 22 de junho. A medida atendeu a determina\u00e7\u00e3o do decreto municipal de 13 de junho.<\/p>\n<p>Mesmo com a retomada parcial em junho, a empresa havia informado que seria realizada a redu\u00e7\u00e3o da jornada e dos sal\u00e1rios em 70%, de acordo com a <strong>Medida Provis\u00f3ria<\/strong> (MP) 926 e acordo com o Sindicato dos Empregados de Sobral.<\/p>\n<h2>Queda de 61% no lucro l\u00edquido da Grendene no 1T20<\/h2>\n<p>A Grendene apresentou um <a href=\"https:\/\/www.suno.com.br\/artigos\/lucro-liquido\/\">lucro l\u00edquido<\/a> de R$ 29,7 milh\u00f5es nos primeiros tr\u00eas meses deste ano. O valor equivale a uma queda de 61,1% em rela\u00e7\u00e3o ao mesmo per\u00edodo do ano passado.<\/p>\n<p>A <a href=\"https:\/\/www.suno.com.br\/artigos\/o-que-receita-liquida\/\">receita l\u00edquida<\/a> da companhia totalizou R$ 372,2 milh\u00f5es, baixa de 12,1%.O <a href=\"https:\/\/www.suno.com.br\/artigos\/ebitda-ajustado\/\">Ebitda (lucro antes de juros, impostos, deprecia\u00e7\u00e3o e amortiza\u00e7\u00e3o)<\/a> teve queda de 21% e ficou em R$ 60,8 milh\u00f5es.<\/p>\n<p>&#8220;Com o agravamento da <a href=\"https:\/\/www.suno.com.br\/noticias\/coronavirus\/\">doen\u00e7a<\/a> e o isolamento social imposto, deixamos de faturar nos \u00faltimos dias de mar\u00e7o, per\u00edodo em que se concentra a maior parcela do nosso faturamento mensal&#8221;, informou a <strong>Grendene<\/strong>.<\/p>\n\n","protected":false},"excerpt":{"rendered":"<p>A Grendene (GRND3) comunicou, na \u00faltima sexta-feira (10), que ir\u00e1 retomar suas opera\u00e7\u00f5es nas f\u00e1bricas, normalmente, a partir da pr\u00f3xima segunda-feira (13). A companhia estava seguindo as medidas estabelecidas para ajudar no combate ao coronav\u00edrus (Covid-19), com parte de suas unidades fechadas. Grendene (divulga\u00e7\u00e3o) Mesmo com a volta \u00e0s atividades, a Grendene seguir\u00e1 as regras [&hellip;]<\/p>\n","protected":false},"author":19,"featured_media":32920,"comment_status":"closed","ping_status":"closed","sticky":false,"template":"","format":"standard","meta":[],"categories":[64],"tags":[493],"suno_strategy":[],"class_list":["post-72744","post","type-post","status-publish","format-standard","has-post-thumbnail","hentry","category-negocios","tag-grendene-grnd3"],"yoast_head":"<!-- This site is optimized with the Yoast SEO plugin v24.4 - https:\/\/yoast.com\/wordpress\/plugins\/seo\/ -->\n<title>Grendene (GRND3) retomar\u00e1 atividades em suas f\u00e1bricas na 2\u00aa feira<\/title>\n<meta name=\"description\" content=\"A Grendene (GRND3) comunicou na \u00faltima sexta (10) que ir\u00e1 retomar suas opera\u00e7\u00f5es nas f\u00e1bricas, normalmente, a partir da pr\u00f3xima 2\u00aa feira.\" \/>\n<meta name=\"robots\" content=\"index, follow, max-snippet:-1, max-image-preview:large, max-video-preview:-1\" \/>\n<link rel=\"canonical\" href=\"https:\/\/www.suno.com.br\/noticias\/grendene-grnd3-retomara-atividades-segunda-feira\/\" \/>\n<meta property=\"og:locale\" content=\"pt_BR\" \/>\n<meta property=\"og:type\" content=\"article\" \/>\n<meta property=\"og:title\" content=\"Grendene (GRND3) retomar\u00e1 atividades em suas f\u00e1bricas na 2\u00aa feira\" \/>\n<meta property=\"og:description\" content=\"A Grendene (GRND3) comunicou na \u00faltima sexta (10) que ir\u00e1 retomar suas opera\u00e7\u00f5es nas f\u00e1bricas, normalmente, a partir da pr\u00f3xima 2\u00aa feira.\" \/>\n<meta property=\"og:url\" content=\"https:\/\/www.suno.com.br\/noticias\/grendene-grnd3-retomara-atividades-segunda-feira\/\" \/>\n<meta property=\"og:site_name\" content=\"Suno Not\u00edcias\" \/>\n<meta property=\"article:publisher\" content=\"https:\/\/facebook.com\/sunoresearch\" \/>\n<meta property=\"og:image\" content=\"https:\/\/files.sunoresearch.com.br\/n\/uploads\/2019\/08\/98b5ab2f-grendene.jpg\" \/>\n\t<meta property=\"og:image:width\" content=\"1360\" \/>\n\t<meta property=\"og:image:height\" content=\"750\" \/>\n\t<meta property=\"og:image:type\" content=\"image\/jpeg\" \/>\n<meta name=\"author\" content=\"Juliano Passaro\" \/>\n<meta name=\"twitter:card\" content=\"summary_large_image\" \/>\n<meta name=\"twitter:creator\" content=\"@sunoresearch\" \/>\n<meta name=\"twitter:site\" content=\"@sunoresearch\" \/>\n<meta name=\"twitter:label1\" content=\"Escrito por\" \/>\n\t<meta name=\"twitter:data1\" content=\"Juliano Passaro\" \/>\n\t<meta name=\"twitter:label2\" content=\"Est. tempo de leitura\" \/>\n\t<meta name=\"twitter:data2\" content=\"2 minutos\" \/>\n<script type=\"application\/ld+json\" class=\"yoast-schema-graph\">{\"@context\":\"https:\/\/schema.org\",\"@graph\":[{\"@type\":\"NewsArticle\",\"@id\":\"https:\/\/www.suno.com.br\/noticias\/grendene-grnd3-retomara-atividades-segunda-feira\/#article\",\"isPartOf\":{\"@id\":\"https:\/\/www.suno.com.br\/noticias\/grendene-grnd3-retomara-atividades-segunda-feira\/\"},\"author\":{\"name\":\"Juliano Passaro\",\"@id\":\"https:\/\/www.suno.com.br\/noticias\/#\/schema\/person\/1db762f78ffd8919a648a63e425953e3\"},\"headline\":\"Grendene (GRND3) retomar\u00e1 opera\u00e7\u00f5es em suas f\u00e1bricas a partir de 2\u00aa feira\",\"datePublished\":\"2020-07-11T14:51:29+00:00\",\"dateModified\":\"2020-07-11T14:53:28+00:00\",\"mainEntityOfPage\":{\"@id\":\"https:\/\/www.suno.com.br\/noticias\/grendene-grnd3-retomara-atividades-segunda-feira\/\"},\"wordCount\":382,\"publisher\":{\"@id\":\"https:\/\/www.suno.com.br\/noticias\/#organization\"},\"image\":{\"@id\":\"https:\/\/www.suno.com.br\/noticias\/grendene-grnd3-retomara-atividades-segunda-feira\/#primaryimage\"},\"thumbnailUrl\":\"https:\/\/files.sunoresearch.com.br\/n\/uploads\/2019\/08\/98b5ab2f-grendene.jpg\",\"keywords\":[\"Grendene (GRND3)\"],\"articleSection\":[\"Neg\u00f3cios\"],\"inLanguage\":\"pt-BR\"},{\"@type\":\"WebPage\",\"@id\":\"https:\/\/www.suno.com.br\/noticias\/grendene-grnd3-retomara-atividades-segunda-feira\/\",\"url\":\"https:\/\/www.suno.com.br\/noticias\/grendene-grnd3-retomara-atividades-segunda-feira\/\",\"name\":\"Grendene (GRND3) retomar\u00e1 atividades em suas f\u00e1bricas na 2\u00aa feira\",\"isPartOf\":{\"@id\":\"https:\/\/www.suno.com.br\/noticias\/#website\"},\"primaryImageOfPage\":{\"@id\":\"https:\/\/www.suno.com.br\/noticias\/grendene-grnd3-retomara-atividades-segunda-feira\/#primaryimage\"},\"image\":{\"@id\":\"https:\/\/www.suno.com.br\/noticias\/grendene-grnd3-retomara-atividades-segunda-feira\/#primaryimage\"},\"thumbnailUrl\":\"https:\/\/files.sunoresearch.com.br\/n\/uploads\/2019\/08\/98b5ab2f-grendene.jpg\",\"datePublished\":\"2020-07-11T14:51:29+00:00\",\"dateModified\":\"2020-07-11T14:53:28+00:00\",\"description\":\"A Grendene (GRND3) comunicou na \u00faltima sexta (10) que ir\u00e1 retomar suas opera\u00e7\u00f5es nas f\u00e1bricas, normalmente, a partir da pr\u00f3xima 2\u00aa feira.\",\"breadcrumb\":{\"@id\":\"https:\/\/www.suno.com.br\/noticias\/grendene-grnd3-retomara-atividades-segunda-feira\/#breadcrumb\"},\"inLanguage\":\"pt-BR\",\"potentialAction\":[{\"@type\":\"ReadAction\",\"target\":[\"https:\/\/www.suno.com.br\/noticias\/grendene-grnd3-retomara-atividades-segunda-feira\/\"]}]},{\"@type\":\"ImageObject\",\"inLanguage\":\"pt-BR\",\"@id\":\"https:\/\/www.suno.com.br\/noticias\/grendene-grnd3-retomara-atividades-segunda-feira\/#primaryimage\",\"url\":\"https:\/\/files.sunoresearch.com.br\/n\/uploads\/2019\/08\/98b5ab2f-grendene.jpg\",\"contentUrl\":\"https:\/\/files.sunoresearch.com.br\/n\/uploads\/2019\/08\/98b5ab2f-grendene.jpg\",\"width\":1360,\"height\":750,\"caption\":\"Grendene (divulga\u00e7\u00e3o)\"},{\"@type\":\"BreadcrumbList\",\"@id\":\"https:\/\/www.suno.com.br\/noticias\/grendene-grnd3-retomara-atividades-segunda-feira\/#breadcrumb\",\"itemListElement\":[{\"@type\":\"ListItem\",\"position\":1,\"name\":\"Not\u00edcias\",\"item\":\"https:\/\/www.suno.com.br\/noticias\/\"},{\"@type\":\"ListItem\",\"position\":2,\"name\":\"Neg\u00f3cios\",\"item\":\"https:\/\/www.suno.com.br\/noticias\/negocios\/\"},{\"@type\":\"ListItem\",\"position\":3,\"name\":\"Grendene (GRND3) retomar\u00e1 opera\u00e7\u00f5es em suas f\u00e1bricas a partir de 2\u00aa feira\"}]},{\"@type\":\"WebSite\",\"@id\":\"https:\/\/www.suno.com.br\/noticias\/#website\",\"url\":\"https:\/\/www.suno.com.br\/noticias\/\",\"name\":\"Suno Not\u00edcias\",\"description\":\"Seu portal de informa\u00e7\u00e3o sobre o mundo dos investimentos\",\"publisher\":{\"@id\":\"https:\/\/www.suno.com.br\/noticias\/#organization\"},\"potentialAction\":[{\"@type\":\"SearchAction\",\"target\":{\"@type\":\"EntryPoint\",\"urlTemplate\":\"https:\/\/www.suno.com.br\/noticias\/?s={search_term_string}\"},\"query-input\":{\"@type\":\"PropertyValueSpecification\",\"valueRequired\":true,\"valueName\":\"search_term_string\"}}],\"inLanguage\":\"pt-BR\"},{\"@type\":\"Organization\",\"@id\":\"https:\/\/www.suno.com.br\/noticias\/#organization\",\"name\":\"Suno Not\u00edcias\",\"url\":\"https:\/\/www.suno.com.br\/noticias\/\",\"logo\":{\"@type\":\"ImageObject\",\"inLanguage\":\"pt-BR\",\"@id\":\"https:\/\/www.suno.com.br\/noticias\/#\/schema\/logo\/image\/\",\"url\":\"https:\/\/files.sunoresearch.com.br\/n\/uploads\/2021\/09\/suno-logo.png\",\"contentUrl\":\"https:\/\/files.sunoresearch.com.br\/n\/uploads\/2021\/09\/suno-logo.png\",\"width\":180,\"height\":180,\"caption\":\"Suno Not\u00edcias\"},\"image\":{\"@id\":\"https:\/\/www.suno.com.br\/noticias\/#\/schema\/logo\/image\/\"},\"sameAs\":[\"https:\/\/facebook.com\/sunoresearch\",\"https:\/\/x.com\/sunoresearch\",\"https:\/\/www.instagram.com\/suno\",\"https:\/\/www.linkedin.com\/company\/suno-research\/\",\"https:\/\/www.youtube.com\/c\/sunoresearch\"]},{\"@type\":\"Person\",\"@id\":\"https:\/\/www.suno.com.br\/noticias\/#\/schema\/person\/1db762f78ffd8919a648a63e425953e3\",\"name\":\"Juliano Passaro\",\"image\":{\"@type\":\"ImageObject\",\"inLanguage\":\"pt-BR\",\"@id\":\"https:\/\/www.suno.com.br\/noticias\/#\/schema\/person\/image\/\",\"url\":\"https:\/\/secure.gravatar.com\/avatar\/743d4df28eebf6dcc46b4ad03c319e92?s=96&r=g\",\"contentUrl\":\"https:\/\/secure.gravatar.com\/avatar\/743d4df28eebf6dcc46b4ad03c319e92?s=96&r=g\",\"caption\":\"Juliano Passaro\"},\"description\":\"Juliano Passaro escreve sobre pol\u00edtica, economia e neg\u00f3cios para o portal da Suno Research. Antes da Suno, trabalhou no Portal da Band. \u00c9 formado em jornalismo pela Universidade Presbiteriana Mackenzie.\",\"url\":\"https:\/\/www.suno.com.br\/noticias\/author\/juliano\/\"}]}<\/script>\n<!-- \/ Yoast SEO plugin. -->","yoast_head_json":{"title":"Grendene (GRND3) retomar\u00e1 atividades em suas f\u00e1bricas na 2\u00aa feira","description":"A Grendene (GRND3) comunicou na \u00faltima sexta (10) que ir\u00e1 retomar suas opera\u00e7\u00f5es nas f\u00e1bricas, normalmente, a partir da pr\u00f3xima 2\u00aa feira.","robots":{"index":"index","follow":"follow","max-snippet":"max-snippet:-1","max-image-preview":"max-image-preview:large","max-video-preview":"max-video-preview:-1"},"canonical":"https:\/\/www.suno.com.br\/noticias\/grendene-grnd3-retomara-atividades-segunda-feira\/","og_locale":"pt_BR","og_type":"article","og_title":"Grendene (GRND3) retomar\u00e1 atividades em suas f\u00e1bricas na 2\u00aa feira","og_description":"A Grendene (GRND3) comunicou na \u00faltima sexta (10) que ir\u00e1 retomar suas opera\u00e7\u00f5es nas f\u00e1bricas, normalmente, a partir da pr\u00f3xima 2\u00aa feira.","og_url":"https:\/\/www.suno.com.br\/noticias\/grendene-grnd3-retomara-atividades-segunda-feira\/","og_site_name":"Suno Not\u00edcias","article_publisher":"https:\/\/facebook.com\/sunoresearch","og_image":[{"width":1360,"height":750,"url":"https:\/\/files.sunoresearch.com.br\/n\/uploads\/2019\/08\/98b5ab2f-grendene.jpg","type":"image\/jpeg"}],"author":"Juliano Passaro","twitter_card":"summary_large_image","twitter_creator":"@sunoresearch","twitter_site":"@sunoresearch","twitter_misc":{"Escrito por":"Juliano Passaro","Est. tempo de leitura":"2 minutos"},"schema":{"@context":"https:\/\/schema.org","@graph":[{"@type":"NewsArticle","@id":"https:\/\/www.suno.com.br\/noticias\/grendene-grnd3-retomara-atividades-segunda-feira\/#article","isPartOf":{"@id":"https:\/\/www.suno.com.br\/noticias\/grendene-grnd3-retomara-atividades-segunda-feira\/"},"author":{"name":"Juliano Passaro","@id":"https:\/\/www.suno.com.br\/noticias\/#\/schema\/person\/1db762f78ffd8919a648a63e425953e3"},"headline":"Grendene (GRND3) retomar\u00e1 opera\u00e7\u00f5es em suas f\u00e1bricas a partir de 2\u00aa feira","datePublished":"2020-07-11T14:51:29+00:00","dateModified":"2020-07-11T14:53:28+00:00","mainEntityOfPage":{"@id":"https:\/\/www.suno.com.br\/noticias\/grendene-grnd3-retomara-atividades-segunda-feira\/"},"wordCount":382,"publisher":{"@id":"https:\/\/www.suno.com.br\/noticias\/#organization"},"image":{"@id":"https:\/\/www.suno.com.br\/noticias\/grendene-grnd3-retomara-atividades-segunda-feira\/#primaryimage"},"thumbnailUrl":"https:\/\/files.sunoresearch.com.br\/n\/uploads\/2019\/08\/98b5ab2f-grendene.jpg","keywords":["Grendene (GRND3)"],"articleSection":["Neg\u00f3cios"],"inLanguage":"pt-BR"},{"@type":"WebPage","@id":"https:\/\/www.suno.com.br\/noticias\/grendene-grnd3-retomara-atividades-segunda-feira\/","url":"https:\/\/www.suno.com.br\/noticias\/grendene-grnd3-retomara-atividades-segunda-feira\/","name":"Grendene (GRND3) retomar\u00e1 atividades em suas f\u00e1bricas na 2\u00aa feira","isPartOf":{"@id":"https:\/\/www.suno.com.br\/noticias\/#website"},"primaryImageOfPage":{"@id":"https:\/\/www.suno.com.br\/noticias\/grendene-grnd3-retomara-atividades-segunda-feira\/#primaryimage"},"image":{"@id":"https:\/\/www.suno.com.br\/noticias\/grendene-grnd3-retomara-atividades-segunda-feira\/#primaryimage"},"thumbnailUrl":"https:\/\/files.sunoresearch.com.br\/n\/uploads\/2019\/08\/98b5ab2f-grendene.jpg","datePublished":"2020-07-11T14:51:29+00:00","dateModified":"2020-07-11T14:53:28+00:00","description":"A Grendene (GRND3) comunicou na \u00faltima sexta (10) que ir\u00e1 retomar suas opera\u00e7\u00f5es nas f\u00e1bricas, normalmente, a partir da pr\u00f3xima 2\u00aa feira.","breadcrumb":{"@id":"https:\/\/www.suno.com.br\/noticias\/grendene-grnd3-retomara-atividades-segunda-feira\/#breadcrumb"},"inLanguage":"pt-BR","potentialAction":[{"@type":"ReadAction","target":["https:\/\/www.suno.com.br\/noticias\/grendene-grnd3-retomara-atividades-segunda-feira\/"]}]},{"@type":"ImageObject","inLanguage":"pt-BR","@id":"https:\/\/www.suno.com.br\/noticias\/grendene-grnd3-retomara-atividades-segunda-feira\/#primaryimage","url":"https:\/\/files.sunoresearch.com.br\/n\/uploads\/2019\/08\/98b5ab2f-grendene.jpg","contentUrl":"https:\/\/files.sunoresearch.com.br\/n\/uploads\/2019\/08\/98b5ab2f-grendene.jpg","width":1360,"height":750,"caption":"Grendene (divulga\u00e7\u00e3o)"},{"@type":"BreadcrumbList","@id":"https:\/\/www.suno.com.br\/noticias\/grendene-grnd3-retomara-atividades-segunda-feira\/#breadcrumb","itemListElement":[{"@type":"ListItem","position":1,"name":"Not\u00edcias","item":"https:\/\/www.suno.com.br\/noticias\/"},{"@type":"ListItem","position":2,"name":"Neg\u00f3cios","item":"https:\/\/www.suno.com.br\/noticias\/negocios\/"},{"@type":"ListItem","position":3,"name":"Grendene (GRND3) retomar\u00e1 opera\u00e7\u00f5es em suas f\u00e1bricas a partir de 2\u00aa feira"}]},{"@type":"WebSite","@id":"https:\/\/www.suno.com.br\/noticias\/#website","url":"https:\/\/www.suno.com.br\/noticias\/","name":"Suno Not\u00edcias","description":"Seu portal de informa\u00e7\u00e3o sobre o mundo dos investimentos","publisher":{"@id":"https:\/\/www.suno.com.br\/noticias\/#organization"},"potentialAction":[{"@type":"SearchAction","target":{"@type":"EntryPoint","urlTemplate":"https:\/\/www.suno.com.br\/noticias\/?s={search_term_string}"},"query-input":{"@type":"PropertyValueSpecification","valueRequired":true,"valueName":"search_term_string"}}],"inLanguage":"pt-BR"},{"@type":"Organization","@id":"https:\/\/www.suno.com.br\/noticias\/#organization","name":"Suno Not\u00edcias","url":"https:\/\/www.suno.com.br\/noticias\/","logo":{"@type":"ImageObject","inLanguage":"pt-BR","@id":"https:\/\/www.suno.com.br\/noticias\/#\/schema\/logo\/image\/","url":"https:\/\/files.sunoresearch.com.br\/n\/uploads\/2021\/09\/suno-logo.png","contentUrl":"https:\/\/files.sunoresearch.com.br\/n\/uploads\/2021\/09\/suno-logo.png","width":180,"height":180,"caption":"Suno Not\u00edcias"},"image":{"@id":"https:\/\/www.suno.com.br\/noticias\/#\/schema\/logo\/image\/"},"sameAs":["https:\/\/facebook.com\/sunoresearch","https:\/\/x.com\/sunoresearch","https:\/\/www.instagram.com\/suno","https:\/\/www.linkedin.com\/company\/suno-research\/","https:\/\/www.youtube.com\/c\/sunoresearch"]},{"@type":"Person","@id":"https:\/\/www.suno.com.br\/noticias\/#\/schema\/person\/1db762f78ffd8919a648a63e425953e3","name":"Juliano Passaro","image":{"@type":"ImageObject","inLanguage":"pt-BR","@id":"https:\/\/www.suno.com.br\/noticias\/#\/schema\/person\/image\/","url":"https:\/\/secure.gravatar.com\/avatar\/743d4df28eebf6dcc46b4ad03c319e92?s=96&r=g","contentUrl":"https:\/\/secure.gravatar.com\/avatar\/743d4df28eebf6dcc46b4ad03c319e92?s=96&r=g","caption":"Juliano Passaro"},"description":"Juliano Passaro escreve sobre pol\u00edtica, economia e neg\u00f3cios para o portal da Suno Research. Antes da Suno, trabalhou no Portal da Band. \u00c9 formado em jornalismo pela Universidade Presbiteriana Mackenzie.","url":"https:\/\/www.suno.com.br\/noticias\/author\/juliano\/"}]}},"default_loop_html":"<div class=\"cardsPage__listCard__boxs\"><div class=\"cardsPage__listCard__boxs__img\"><a href=\"https:\/\/www.suno.com.br\/noticias\/grendene-grnd3-retomara-atividades-segunda-feira\/\"><img class=\"mask\" src=\"https:\/\/www.suno.com.br\/noticias\/wp-content\/themes\/suno\/resources\/images\/spotlight\/spotlight1img\/bg-mask.png\" alt=\"Image Mask\"\/><img src=\"https:\/\/files.sunoresearch.com.br\/n\/uploads\/2019\/08\/98b5ab2f-grendene-400x200.webp\" alt=\"Grendene (GRND3) retomar\u00e1 opera\u00e7\u00f5es em suas f\u00e1bricas a partir de 2\u00aa feira\"\/><\/a><span class=\"spotlightCategory\"><a href=\"https:\/\/www.suno.com.br\/noticias\/negocios\/\">Neg\u00f3cios<\/a><\/span><\/div><div class=\"cardsPage__listCard__boxs__content\"><a href=\"https:\/\/www.suno.com.br\/noticias\/grendene-grnd3-retomara-atividades-segunda-feira\/\"><h2 class=\"content__title\">Grendene (GRND3) retomar\u00e1 opera\u00e7\u00f5es em suas f\u00e1bricas a partir de 2\u00aa feira<\/h2><\/a><div class=\"newsContent__article__meta\"><div class=\"newsContent__article__meta__authorBox\"><a href=\"https:\/\/www.suno.com.br\/noticias\/author\/juliano\/\" class=\"authorBox__avatar noMobi\"><img src=\"https:\/\/files.sunoresearch.com.br\/n\/uploads\/2019\/06\/7cc3efea-whatsapp-image-2019-07-18-at-21.59.33-e1563499821209-150x150.webp\" alt=\"Juliano Passaro\"><\/a><div class=\"authorBox__name\"><span>por\n\t\t\t<a href=\"https:\/\/www.suno.com.br\/noticias\/author\/juliano\/\"><span itemprop=\"author\">Juliano Passaro<\/span><\/a><\/span><time datetime=\"2020-07-11T11:51:29-03:00\" itemprop=\"datePublished\">11\/07\/2020 11:51<\/time><\/div><\/div><\/div><\/div><\/div>","single_layout":"posts","amp_enabled":true,"_links":{"self":[{"href":"https:\/\/www.suno.com.br\/noticias\/wp-json\/wp\/v2\/posts\/72744"}],"collection":[{"href":"https:\/\/www.suno.com.br\/noticias\/wp-json\/wp\/v2\/posts"}],"about":[{"href":"https:\/\/www.suno.com.br\/noticias\/wp-json\/wp\/v2\/types\/post"}],"author":[{"embeddable":true,"href":"https:\/\/www.suno.com.br\/noticias\/wp-json\/wp\/v2\/users\/19"}],"replies":[{"embeddable":true,"href":"https:\/\/www.suno.com.br\/noticias\/wp-json\/wp\/v2\/comments?post=72744"}],"version-history":[{"count":0,"href":"https:\/\/www.suno.com.br\/noticias\/wp-json\/wp\/v2\/posts\/72744\/revisions"}],"wp:featuredmedia":[{"embeddable":true,"href":"https:\/\/www.suno.com.br\/noticias\/wp-json\/wp\/v2\/media\/32920"}],"wp:attachment":[{"href":"https:\/\/www.suno.com.br\/noticias\/wp-json\/wp\/v2\/media?parent=72744"}],"wp:term":[{"taxonomy":"category","embeddable":true,"href":"https:\/\/www.suno.com.br\/noticias\/wp-json\/wp\/v2\/categories?post=72744"},{"taxonomy":"post_tag","embeddable":true,"href":"https:\/\/www.suno.com.br\/noticias\/wp-json\/wp\/v2\/tags?post=72744"},{"taxonomy":"suno_strategy","embeddable":true,"href":"https:\/\/www.suno.com.br\/noticias\/wp-json\/wp\/v2\/suno_strategy?post=72744"}],"curies":[{"name":"wp","href":"https:\/\/api.w.org\/{rel}","templated":true}]}}