{"id":72666,"date":"2020-07-10T14:50:54","date_gmt":"2020-07-10T17:50:54","guid":{"rendered":"https:\/\/www.suno.com.br\/noticias\/?p=72666"},"modified":"2021-06-13T23:36:31","modified_gmt":"2021-06-14T02:36:31","slug":"trump-diz-segunda-fase-acordo-entre-eua-china-improvavel","status":"publish","type":"post","link":"https:\/\/www.suno.com.br\/noticias\/trump-diz-segunda-fase-acordo-entre-eua-china-improvavel\/","title":{"rendered":"Trump diz que segunda fase do acordo entre EUA e China \u00e9 improv\u00e1vel"},"content":{"rendered":"<p>O presidente dos Estados Unidos, <a href=\"https:\/\/www.suno.com.br\/tudo-sobre\/donald-trump\/\"><strong>Donald Trump<\/strong><\/a>, informou nesta sexta-feira (10) que uma <span style=\"font-size: 19.4286px;\">segunda fase <\/span><span style=\"font-size: 1.21429rem;\">do acordo comercial dos EUA com a China n\u00e3o est\u00e1 sendo considerado. O presidente alega que o relacionamento entre Washington e Pequim se &#8220;deteriorou demais&#8221;.<\/span><\/p>\t<div class=\"wrapper-featured-image\">\n\t\t<figure class=\"spotlightImg\">\n\n\t\t\t<picture>\n\t\t\t\t<source media=\"(max-width: 768px)\" srcset=\"https:\/\/files.sunoresearch.com.br\/n\/uploads\/2019\/08\/e7680817-chinaeuaa-400x200.webp\">\n\t\t\t\t<img loading=\"lazy\" decoding=\"async\" class=\"newsContent__article__imgCapa lazyloadDisabled newsContent__article__imgCapa--noCaption\" src=\"https:\/\/files.sunoresearch.com.br\/n\/uploads\/2019\/08\/e7680817-chinaeuaa-800x450.webp\" width=\"800\" height=\"450\" alt=\"Trump diz que segunda fase do acordo entre EUA e China \u00e9 improv\u00e1vel\" fetchpriority=high \/>\n\t\t\t<\/picture>\n\n\t\t\t<figcaption class=\"wp-caption-text wp-caption-text--hide\">EUA e Reino Unido discutem planos de coaliz\u00e3o para resistir \u00e0 China<\/figcaption>\n\t\t<\/figure>\n\t<\/div>\n\n\n\n<p>Quando questionado sobre a possibilidade de uma segunda rodada de acordos comerciais com a <strong>China<\/strong>, Trump indicou que: &#8220;N\u00e3o penso nisso&#8221;. O presidente dos <strong>EUA<\/strong> concluiu dizendo que &#8220;o relacionamento com a China foi severamente danificado&#8221;.<\/p>\n<p>Os coment\u00e1rios de Trump foram feitos a rep\u00f3rteres a bordo do <strong>Air Force One<\/strong> a caminho da <strong>Fl\u00f3rida<\/strong> para um evento de arrecada\u00e7\u00e3o de fundos e uma visita a uma base militar. O mandat\u00e1rio indicou o colapso da rela\u00e7\u00e3o entre os dois pa\u00edses ap\u00f3s seus l\u00edderes discordarem sobre assuntos como:<\/p>\n<ul>\n<li>a pandemia do <strong>coronav\u00edrus (covid-19);<\/strong><\/li>\n<li>o <strong>com\u00e9rcio exterior<\/strong>;<\/li>\n<li>e a competi\u00e7\u00e3o pela supremacia militar no mar da <strong>China Meridional<\/strong>;<\/li>\n<\/ul>\n<p><a href=\"https:\/\/lp.suno.com.br\/suno-one\/\">Suno One: o primeiro passo para alcan\u00e7ar a sua independ\u00eancia financeira. Acesse agora, \u00e9 gratuito!<\/a><\/p>\n<p>Na primeira fase do acordo comercial assinado em 15 de janeiro em <strong>Washington<\/strong>, a China comprometeu-se a proteger sua <a href=\"https:\/\/www.suno.com.br\/artigos\/propriedade-intelectual\/\"><strong>propriedade intelectual<\/strong><\/a> e a comprar cerca de US$ 200 bilh\u00f5es (cerca de R$ 1 trilh\u00e3o) a mais em exporta\u00e7\u00f5es dos Estados Unidos nos pr\u00f3ximos dois anos. Em troca, os EUA prometerem aliviar as san\u00e7\u00f5es e impostos sobre o pa\u00eds asi\u00e1tico.<\/p>\n<p>At\u00e9 agora, a China cumpriu com a sua palavra e manteve seu plano de acelerar as importa\u00e7\u00f5es de <strong>produtos agr\u00edcolas<\/strong> norte-americanos. No entanto, quest\u00f5es importantes no relacionamento comercial permanecem, como o fato das empresas do pa\u00eds asi\u00e1tico terem recebido uma s\u00e9rie de <a href=\"https:\/\/www.suno.com.br\/artigos\/subsidios\/\">subs\u00eddios<\/a> industriais chineses que contribu\u00edram para se tornarem concorrentes globais nas \u00faltimas d\u00e9cadas.<\/p>\n<h2>Trump proibir\u00e1 Huawei de fazer neg\u00f3cios com o governo americano<\/h2>\n<p>O presidente dos Estados Unidos, <a href=\"https:\/\/www.suno.com.br\/tudo-sobre\/donald-trump\/\">Donald Trump<\/a>, est\u00e1 planejando proibir para a gigante tecnol\u00f3gica chinesa <strong>Huawei<\/strong> de fazer neg\u00f3cios com o governo norte-americano.<\/p>\n<p>O regulamento que Washington prev\u00ea finalizar ainda essa semana regulamentos que impedir\u00e3o a compra de bens ou servi\u00e7os de qualquer empresa que utilize produtos de cinco gigantes tecnol\u00f3gicas chinesas, entre as quais est\u00e3o Huawei, Hikvision, ZTE, Hytera Communications e Dahua.<\/p>\n<p><a href=\"https:\/\/www.suno.com.br\/noticias\/trump-proibira-huawei-negocios-governo\/\">Saiba mais: Trump proibir\u00e1 Huawei de fazer neg\u00f3cios com o governo americano<\/a><\/p>\n<p>A lei que prev\u00ea esse bloqueio, na verdade, existe desde 2019. Entretanto, na base da nova legisla\u00e7\u00e3o, que deveria entrar em vigor no dia 13 de agosto, as empresas que querem vender seus servi\u00e7os ao governo <strong>Trump<\/strong> precisar\u00e3o comprovar que n\u00e3o usam produtos da Huawei e das outras empresas.<\/p>\n\n","protected":false},"excerpt":{"rendered":"<p>O presidente dos Estados Unidos, Donald Trump, informou nesta sexta-feira (10) que uma segunda fase do acordo comercial dos EUA com a China n\u00e3o est\u00e1 sendo considerado. O presidente alega que o relacionamento entre Washington e Pequim se &#8220;deteriorou demais&#8221;. EUA e Reino Unido discutem planos de coaliz\u00e3o para resistir \u00e0 China Quando questionado sobre [&hellip;]<\/p>\n","protected":false},"author":44,"featured_media":33908,"comment_status":"closed","ping_status":"closed","sticky":false,"template":"","format":"standard","meta":[],"categories":[62],"tags":[1546,711,724,793],"suno_strategy":[],"class_list":["post-72666","post","type-post","status-publish","format-standard","has-post-thumbnail","hentry","category-economia","tag-acordo-comercial","tag-china","tag-donald-trump","tag-estados-unidos-eua"],"yoast_head":"<!-- This site is optimized with the Yoast SEO plugin v24.4 - https:\/\/yoast.com\/wordpress\/plugins\/seo\/ -->\n<title>Trump diz que segunda fase do acordo entre EUA e China \u00e9 improv\u00e1vel<\/title>\n<meta name=\"description\" content=\"Donald Trump informou que uma segunda fase do acordo comercial dos EUA com a China n\u00e3o est\u00e1 sendo considerado. Clique para ver mais.\" \/>\n<meta name=\"robots\" content=\"index, follow, max-snippet:-1, max-image-preview:large, max-video-preview:-1\" \/>\n<link rel=\"canonical\" href=\"https:\/\/www.suno.com.br\/noticias\/trump-diz-segunda-fase-acordo-entre-eua-china-improvavel\/\" \/>\n<meta property=\"og:locale\" content=\"pt_BR\" \/>\n<meta property=\"og:type\" content=\"article\" \/>\n<meta property=\"og:title\" content=\"Trump diz que segunda fase do acordo entre EUA e China \u00e9 improv\u00e1vel\" \/>\n<meta property=\"og:description\" content=\"Donald Trump informou que uma segunda fase do acordo comercial dos EUA com a China n\u00e3o est\u00e1 sendo considerado. Clique para ver mais.\" \/>\n<meta property=\"og:url\" content=\"https:\/\/www.suno.com.br\/noticias\/trump-diz-segunda-fase-acordo-entre-eua-china-improvavel\/\" \/>\n<meta property=\"og:site_name\" content=\"Suno Not\u00edcias\" \/>\n<meta property=\"article:publisher\" content=\"https:\/\/facebook.com\/sunoresearch\" \/>\n<meta property=\"og:image\" content=\"https:\/\/files.sunoresearch.com.br\/n\/uploads\/2019\/08\/e7680817-chinaeuaa.jpg\" \/>\n\t<meta property=\"og:image:width\" content=\"1200\" \/>\n\t<meta property=\"og:image:height\" content=\"675\" \/>\n\t<meta property=\"og:image:type\" content=\"image\/jpeg\" \/>\n<meta name=\"author\" content=\"Daniel Guimar\u00e3es\" \/>\n<meta name=\"twitter:card\" content=\"summary_large_image\" \/>\n<meta name=\"twitter:creator\" content=\"@sunoresearch\" \/>\n<meta name=\"twitter:site\" content=\"@sunoresearch\" \/>\n<meta name=\"twitter:label1\" content=\"Escrito por\" \/>\n\t<meta name=\"twitter:data1\" content=\"Daniel Guimar\u00e3es\" \/>\n\t<meta name=\"twitter:label2\" content=\"Est. tempo de leitura\" \/>\n\t<meta name=\"twitter:data2\" content=\"2 minutos\" \/>\n<script type=\"application\/ld+json\" class=\"yoast-schema-graph\">{\"@context\":\"https:\/\/schema.org\",\"@graph\":[{\"@type\":\"NewsArticle\",\"@id\":\"https:\/\/www.suno.com.br\/noticias\/trump-diz-segunda-fase-acordo-entre-eua-china-improvavel\/#article\",\"isPartOf\":{\"@id\":\"https:\/\/www.suno.com.br\/noticias\/trump-diz-segunda-fase-acordo-entre-eua-china-improvavel\/\"},\"author\":{\"name\":\"Daniel Guimar\u00e3es\",\"@id\":\"https:\/\/www.suno.com.br\/noticias\/#\/schema\/person\/a7796c19fcf6bafd03b9a2fa1fd9ae20\"},\"headline\":\"Trump diz que segunda fase do acordo entre EUA e China \u00e9 improv\u00e1vel\",\"datePublished\":\"2020-07-10T17:50:54+00:00\",\"dateModified\":\"2021-06-14T02:36:31+00:00\",\"mainEntityOfPage\":{\"@id\":\"https:\/\/www.suno.com.br\/noticias\/trump-diz-segunda-fase-acordo-entre-eua-china-improvavel\/\"},\"wordCount\":466,\"publisher\":{\"@id\":\"https:\/\/www.suno.com.br\/noticias\/#organization\"},\"image\":{\"@id\":\"https:\/\/www.suno.com.br\/noticias\/trump-diz-segunda-fase-acordo-entre-eua-china-improvavel\/#primaryimage\"},\"thumbnailUrl\":\"https:\/\/files.sunoresearch.com.br\/n\/uploads\/2019\/08\/e7680817-chinaeuaa-jpg.webp\",\"keywords\":[\"acordo comercial\",\"China\",\"Donald Trump\",\"Estados Unidos (EUA)\"],\"articleSection\":[\"Economia\"],\"inLanguage\":\"pt-BR\"},{\"@type\":\"WebPage\",\"@id\":\"https:\/\/www.suno.com.br\/noticias\/trump-diz-segunda-fase-acordo-entre-eua-china-improvavel\/\",\"url\":\"https:\/\/www.suno.com.br\/noticias\/trump-diz-segunda-fase-acordo-entre-eua-china-improvavel\/\",\"name\":\"Trump diz que segunda fase do acordo entre EUA e China \u00e9 improv\u00e1vel\",\"isPartOf\":{\"@id\":\"https:\/\/www.suno.com.br\/noticias\/#website\"},\"primaryImageOfPage\":{\"@id\":\"https:\/\/www.suno.com.br\/noticias\/trump-diz-segunda-fase-acordo-entre-eua-china-improvavel\/#primaryimage\"},\"image\":{\"@id\":\"https:\/\/www.suno.com.br\/noticias\/trump-diz-segunda-fase-acordo-entre-eua-china-improvavel\/#primaryimage\"},\"thumbnailUrl\":\"https:\/\/files.sunoresearch.com.br\/n\/uploads\/2019\/08\/e7680817-chinaeuaa-jpg.webp\",\"datePublished\":\"2020-07-10T17:50:54+00:00\",\"dateModified\":\"2021-06-14T02:36:31+00:00\",\"description\":\"Donald Trump informou que uma segunda fase do acordo comercial dos EUA com a China n\u00e3o est\u00e1 sendo considerado. Clique para ver mais.\",\"breadcrumb\":{\"@id\":\"https:\/\/www.suno.com.br\/noticias\/trump-diz-segunda-fase-acordo-entre-eua-china-improvavel\/#breadcrumb\"},\"inLanguage\":\"pt-BR\",\"potentialAction\":[{\"@type\":\"ReadAction\",\"target\":[\"https:\/\/www.suno.com.br\/noticias\/trump-diz-segunda-fase-acordo-entre-eua-china-improvavel\/\"]}]},{\"@type\":\"ImageObject\",\"inLanguage\":\"pt-BR\",\"@id\":\"https:\/\/www.suno.com.br\/noticias\/trump-diz-segunda-fase-acordo-entre-eua-china-improvavel\/#primaryimage\",\"url\":\"https:\/\/files.sunoresearch.com.br\/n\/uploads\/2019\/08\/e7680817-chinaeuaa-jpg.webp\",\"contentUrl\":\"https:\/\/files.sunoresearch.com.br\/n\/uploads\/2019\/08\/e7680817-chinaeuaa-jpg.webp\",\"width\":1200,\"height\":675,\"caption\":\"EUA e Reino Unido discutem planos de coaliz\u00e3o para resistir \u00e0 China\"},{\"@type\":\"BreadcrumbList\",\"@id\":\"https:\/\/www.suno.com.br\/noticias\/trump-diz-segunda-fase-acordo-entre-eua-china-improvavel\/#breadcrumb\",\"itemListElement\":[{\"@type\":\"ListItem\",\"position\":1,\"name\":\"Not\u00edcias\",\"item\":\"https:\/\/www.suno.com.br\/noticias\/\"},{\"@type\":\"ListItem\",\"position\":2,\"name\":\"Economia\",\"item\":\"https:\/\/www.suno.com.br\/noticias\/economia\/\"},{\"@type\":\"ListItem\",\"position\":3,\"name\":\"Trump diz que segunda fase do acordo entre EUA e China \u00e9 improv\u00e1vel\"}]},{\"@type\":\"WebSite\",\"@id\":\"https:\/\/www.suno.com.br\/noticias\/#website\",\"url\":\"https:\/\/www.suno.com.br\/noticias\/\",\"name\":\"Suno Not\u00edcias\",\"description\":\"Seu portal de informa\u00e7\u00e3o sobre o mundo dos investimentos\",\"publisher\":{\"@id\":\"https:\/\/www.suno.com.br\/noticias\/#organization\"},\"potentialAction\":[{\"@type\":\"SearchAction\",\"target\":{\"@type\":\"EntryPoint\",\"urlTemplate\":\"https:\/\/www.suno.com.br\/noticias\/?s={search_term_string}\"},\"query-input\":{\"@type\":\"PropertyValueSpecification\",\"valueRequired\":true,\"valueName\":\"search_term_string\"}}],\"inLanguage\":\"pt-BR\"},{\"@type\":\"Organization\",\"@id\":\"https:\/\/www.suno.com.br\/noticias\/#organization\",\"name\":\"Suno Not\u00edcias\",\"url\":\"https:\/\/www.suno.com.br\/noticias\/\",\"logo\":{\"@type\":\"ImageObject\",\"inLanguage\":\"pt-BR\",\"@id\":\"https:\/\/www.suno.com.br\/noticias\/#\/schema\/logo\/image\/\",\"url\":\"https:\/\/files.sunoresearch.com.br\/n\/uploads\/2021\/09\/suno-logo.png\",\"contentUrl\":\"https:\/\/files.sunoresearch.com.br\/n\/uploads\/2021\/09\/suno-logo.png\",\"width\":180,\"height\":180,\"caption\":\"Suno Not\u00edcias\"},\"image\":{\"@id\":\"https:\/\/www.suno.com.br\/noticias\/#\/schema\/logo\/image\/\"},\"sameAs\":[\"https:\/\/facebook.com\/sunoresearch\",\"https:\/\/x.com\/sunoresearch\",\"https:\/\/www.instagram.com\/suno\",\"https:\/\/www.linkedin.com\/company\/suno-research\/\",\"https:\/\/www.youtube.com\/c\/sunoresearch\"]},{\"@type\":\"Person\",\"@id\":\"https:\/\/www.suno.com.br\/noticias\/#\/schema\/person\/a7796c19fcf6bafd03b9a2fa1fd9ae20\",\"name\":\"Daniel Guimar\u00e3es\",\"image\":{\"@type\":\"ImageObject\",\"inLanguage\":\"pt-BR\",\"@id\":\"https:\/\/www.suno.com.br\/noticias\/#\/schema\/person\/image\/\",\"url\":\"https:\/\/secure.gravatar.com\/avatar\/fb8260757609f58f0c0ac079d1b32eff?s=96&r=g\",\"contentUrl\":\"https:\/\/secure.gravatar.com\/avatar\/fb8260757609f58f0c0ac079d1b32eff?s=96&r=g\",\"caption\":\"Daniel Guimar\u00e3es\"},\"description\":\"Estagi\u00e1rio na Suno Not\u00edcias, Daniel escreve not\u00edcias que afetam o mercado financeiro brasileiro e internacional. Estuda economia na Rutgers University, em New Jersey.\",\"sameAs\":[\"suno.research\"],\"url\":\"https:\/\/www.suno.com.br\/noticias\/author\/daniel\/\"}]}<\/script>\n<!-- \/ Yoast SEO plugin. -->","yoast_head_json":{"title":"Trump diz que segunda fase do acordo entre EUA e China \u00e9 improv\u00e1vel","description":"Donald Trump informou que uma segunda fase do acordo comercial dos EUA com a China n\u00e3o est\u00e1 sendo considerado. Clique para ver mais.","robots":{"index":"index","follow":"follow","max-snippet":"max-snippet:-1","max-image-preview":"max-image-preview:large","max-video-preview":"max-video-preview:-1"},"canonical":"https:\/\/www.suno.com.br\/noticias\/trump-diz-segunda-fase-acordo-entre-eua-china-improvavel\/","og_locale":"pt_BR","og_type":"article","og_title":"Trump diz que segunda fase do acordo entre EUA e China \u00e9 improv\u00e1vel","og_description":"Donald Trump informou que uma segunda fase do acordo comercial dos EUA com a China n\u00e3o est\u00e1 sendo considerado. Clique para ver mais.","og_url":"https:\/\/www.suno.com.br\/noticias\/trump-diz-segunda-fase-acordo-entre-eua-china-improvavel\/","og_site_name":"Suno Not\u00edcias","article_publisher":"https:\/\/facebook.com\/sunoresearch","og_image":[{"width":1200,"height":675,"url":"https:\/\/files.sunoresearch.com.br\/n\/uploads\/2019\/08\/e7680817-chinaeuaa.jpg","type":"image\/jpeg"}],"author":"Daniel Guimar\u00e3es","twitter_card":"summary_large_image","twitter_creator":"@sunoresearch","twitter_site":"@sunoresearch","twitter_misc":{"Escrito por":"Daniel Guimar\u00e3es","Est. tempo de leitura":"2 minutos"},"schema":{"@context":"https:\/\/schema.org","@graph":[{"@type":"NewsArticle","@id":"https:\/\/www.suno.com.br\/noticias\/trump-diz-segunda-fase-acordo-entre-eua-china-improvavel\/#article","isPartOf":{"@id":"https:\/\/www.suno.com.br\/noticias\/trump-diz-segunda-fase-acordo-entre-eua-china-improvavel\/"},"author":{"name":"Daniel Guimar\u00e3es","@id":"https:\/\/www.suno.com.br\/noticias\/#\/schema\/person\/a7796c19fcf6bafd03b9a2fa1fd9ae20"},"headline":"Trump diz que segunda fase do acordo entre EUA e China \u00e9 improv\u00e1vel","datePublished":"2020-07-10T17:50:54+00:00","dateModified":"2021-06-14T02:36:31+00:00","mainEntityOfPage":{"@id":"https:\/\/www.suno.com.br\/noticias\/trump-diz-segunda-fase-acordo-entre-eua-china-improvavel\/"},"wordCount":466,"publisher":{"@id":"https:\/\/www.suno.com.br\/noticias\/#organization"},"image":{"@id":"https:\/\/www.suno.com.br\/noticias\/trump-diz-segunda-fase-acordo-entre-eua-china-improvavel\/#primaryimage"},"thumbnailUrl":"https:\/\/files.sunoresearch.com.br\/n\/uploads\/2019\/08\/e7680817-chinaeuaa-jpg.webp","keywords":["acordo comercial","China","Donald Trump","Estados Unidos (EUA)"],"articleSection":["Economia"],"inLanguage":"pt-BR"},{"@type":"WebPage","@id":"https:\/\/www.suno.com.br\/noticias\/trump-diz-segunda-fase-acordo-entre-eua-china-improvavel\/","url":"https:\/\/www.suno.com.br\/noticias\/trump-diz-segunda-fase-acordo-entre-eua-china-improvavel\/","name":"Trump diz que segunda fase do acordo entre EUA e China \u00e9 improv\u00e1vel","isPartOf":{"@id":"https:\/\/www.suno.com.br\/noticias\/#website"},"primaryImageOfPage":{"@id":"https:\/\/www.suno.com.br\/noticias\/trump-diz-segunda-fase-acordo-entre-eua-china-improvavel\/#primaryimage"},"image":{"@id":"https:\/\/www.suno.com.br\/noticias\/trump-diz-segunda-fase-acordo-entre-eua-china-improvavel\/#primaryimage"},"thumbnailUrl":"https:\/\/files.sunoresearch.com.br\/n\/uploads\/2019\/08\/e7680817-chinaeuaa-jpg.webp","datePublished":"2020-07-10T17:50:54+00:00","dateModified":"2021-06-14T02:36:31+00:00","description":"Donald Trump informou que uma segunda fase do acordo comercial dos EUA com a China n\u00e3o est\u00e1 sendo considerado. Clique para ver mais.","breadcrumb":{"@id":"https:\/\/www.suno.com.br\/noticias\/trump-diz-segunda-fase-acordo-entre-eua-china-improvavel\/#breadcrumb"},"inLanguage":"pt-BR","potentialAction":[{"@type":"ReadAction","target":["https:\/\/www.suno.com.br\/noticias\/trump-diz-segunda-fase-acordo-entre-eua-china-improvavel\/"]}]},{"@type":"ImageObject","inLanguage":"pt-BR","@id":"https:\/\/www.suno.com.br\/noticias\/trump-diz-segunda-fase-acordo-entre-eua-china-improvavel\/#primaryimage","url":"https:\/\/files.sunoresearch.com.br\/n\/uploads\/2019\/08\/e7680817-chinaeuaa-jpg.webp","contentUrl":"https:\/\/files.sunoresearch.com.br\/n\/uploads\/2019\/08\/e7680817-chinaeuaa-jpg.webp","width":1200,"height":675,"caption":"EUA e Reino Unido discutem planos de coaliz\u00e3o para resistir \u00e0 China"},{"@type":"BreadcrumbList","@id":"https:\/\/www.suno.com.br\/noticias\/trump-diz-segunda-fase-acordo-entre-eua-china-improvavel\/#breadcrumb","itemListElement":[{"@type":"ListItem","position":1,"name":"Not\u00edcias","item":"https:\/\/www.suno.com.br\/noticias\/"},{"@type":"ListItem","position":2,"name":"Economia","item":"https:\/\/www.suno.com.br\/noticias\/economia\/"},{"@type":"ListItem","position":3,"name":"Trump diz que segunda fase do acordo entre EUA e China \u00e9 improv\u00e1vel"}]},{"@type":"WebSite","@id":"https:\/\/www.suno.com.br\/noticias\/#website","url":"https:\/\/www.suno.com.br\/noticias\/","name":"Suno Not\u00edcias","description":"Seu portal de informa\u00e7\u00e3o sobre o mundo dos investimentos","publisher":{"@id":"https:\/\/www.suno.com.br\/noticias\/#organization"},"potentialAction":[{"@type":"SearchAction","target":{"@type":"EntryPoint","urlTemplate":"https:\/\/www.suno.com.br\/noticias\/?s={search_term_string}"},"query-input":{"@type":"PropertyValueSpecification","valueRequired":true,"valueName":"search_term_string"}}],"inLanguage":"pt-BR"},{"@type":"Organization","@id":"https:\/\/www.suno.com.br\/noticias\/#organization","name":"Suno Not\u00edcias","url":"https:\/\/www.suno.com.br\/noticias\/","logo":{"@type":"ImageObject","inLanguage":"pt-BR","@id":"https:\/\/www.suno.com.br\/noticias\/#\/schema\/logo\/image\/","url":"https:\/\/files.sunoresearch.com.br\/n\/uploads\/2021\/09\/suno-logo.png","contentUrl":"https:\/\/files.sunoresearch.com.br\/n\/uploads\/2021\/09\/suno-logo.png","width":180,"height":180,"caption":"Suno Not\u00edcias"},"image":{"@id":"https:\/\/www.suno.com.br\/noticias\/#\/schema\/logo\/image\/"},"sameAs":["https:\/\/facebook.com\/sunoresearch","https:\/\/x.com\/sunoresearch","https:\/\/www.instagram.com\/suno","https:\/\/www.linkedin.com\/company\/suno-research\/","https:\/\/www.youtube.com\/c\/sunoresearch"]},{"@type":"Person","@id":"https:\/\/www.suno.com.br\/noticias\/#\/schema\/person\/a7796c19fcf6bafd03b9a2fa1fd9ae20","name":"Daniel Guimar\u00e3es","image":{"@type":"ImageObject","inLanguage":"pt-BR","@id":"https:\/\/www.suno.com.br\/noticias\/#\/schema\/person\/image\/","url":"https:\/\/secure.gravatar.com\/avatar\/fb8260757609f58f0c0ac079d1b32eff?s=96&r=g","contentUrl":"https:\/\/secure.gravatar.com\/avatar\/fb8260757609f58f0c0ac079d1b32eff?s=96&r=g","caption":"Daniel Guimar\u00e3es"},"description":"Estagi\u00e1rio na Suno Not\u00edcias, Daniel escreve not\u00edcias que afetam o mercado financeiro brasileiro e internacional. Estuda economia na Rutgers University, em New Jersey.","sameAs":["suno.research"],"url":"https:\/\/www.suno.com.br\/noticias\/author\/daniel\/"}]}},"default_loop_html":"<div class=\"cardsPage__listCard__boxs\"><div class=\"cardsPage__listCard__boxs__img\"><a href=\"https:\/\/www.suno.com.br\/noticias\/trump-diz-segunda-fase-acordo-entre-eua-china-improvavel\/\"><img class=\"mask\" src=\"https:\/\/www.suno.com.br\/noticias\/wp-content\/themes\/suno\/resources\/images\/spotlight\/spotlight1img\/bg-mask.png\" alt=\"Image Mask\"\/><img src=\"https:\/\/files.sunoresearch.com.br\/n\/uploads\/2019\/08\/e7680817-chinaeuaa-400x200.webp\" alt=\"Trump diz que segunda fase do acordo entre EUA e China \u00e9 improv\u00e1vel\"\/><\/a><span class=\"spotlightCategory\"><a href=\"https:\/\/www.suno.com.br\/noticias\/economia\/\">Economia<\/a><\/span><\/div><div class=\"cardsPage__listCard__boxs__content\"><a href=\"https:\/\/www.suno.com.br\/noticias\/trump-diz-segunda-fase-acordo-entre-eua-china-improvavel\/\"><h2 class=\"content__title\">Trump diz que segunda fase do acordo entre EUA e China \u00e9 improv\u00e1vel<\/h2><\/a><div class=\"newsContent__article__meta\"><div class=\"newsContent__article__meta__authorBox\"><a href=\"https:\/\/www.suno.com.br\/noticias\/author\/daniel\/\" class=\"authorBox__avatar noMobi\"><img src=\"https:\/\/files.sunoresearch.com.br\/n\/uploads\/2020\/08\/e51aadd2-whatsapp-image-2020-08-03-at-14.03.48-150x150.webp\" alt=\"Daniel Guimar\u00e3es\"><\/a><div class=\"authorBox__name\"><span>por\n\t\t\t<a href=\"https:\/\/www.suno.com.br\/noticias\/author\/daniel\/\"><span itemprop=\"author\">Daniel Guimar\u00e3es<\/span><\/a><\/span><time datetime=\"2020-07-10T14:50:54-03:00\" itemprop=\"datePublished\">10\/07\/2020 14:50<\/time><\/div><\/div><\/div><\/div><\/div>","single_layout":"posts","amp_enabled":true,"_links":{"self":[{"href":"https:\/\/www.suno.com.br\/noticias\/wp-json\/wp\/v2\/posts\/72666"}],"collection":[{"href":"https:\/\/www.suno.com.br\/noticias\/wp-json\/wp\/v2\/posts"}],"about":[{"href":"https:\/\/www.suno.com.br\/noticias\/wp-json\/wp\/v2\/types\/post"}],"author":[{"embeddable":true,"href":"https:\/\/www.suno.com.br\/noticias\/wp-json\/wp\/v2\/users\/44"}],"replies":[{"embeddable":true,"href":"https:\/\/www.suno.com.br\/noticias\/wp-json\/wp\/v2\/comments?post=72666"}],"version-history":[{"count":1,"href":"https:\/\/www.suno.com.br\/noticias\/wp-json\/wp\/v2\/posts\/72666\/revisions"}],"predecessor-version":[{"id":157008,"href":"https:\/\/www.suno.com.br\/noticias\/wp-json\/wp\/v2\/posts\/72666\/revisions\/157008"}],"wp:featuredmedia":[{"embeddable":true,"href":"https:\/\/www.suno.com.br\/noticias\/wp-json\/wp\/v2\/media\/33908"}],"wp:attachment":[{"href":"https:\/\/www.suno.com.br\/noticias\/wp-json\/wp\/v2\/media?parent=72666"}],"wp:term":[{"taxonomy":"category","embeddable":true,"href":"https:\/\/www.suno.com.br\/noticias\/wp-json\/wp\/v2\/categories?post=72666"},{"taxonomy":"post_tag","embeddable":true,"href":"https:\/\/www.suno.com.br\/noticias\/wp-json\/wp\/v2\/tags?post=72666"},{"taxonomy":"suno_strategy","embeddable":true,"href":"https:\/\/www.suno.com.br\/noticias\/wp-json\/wp\/v2\/suno_strategy?post=72666"}],"curies":[{"name":"wp","href":"https:\/\/api.w.org\/{rel}","templated":true}]}}