{"id":72557,"date":"2020-07-09T18:42:59","date_gmt":"2020-07-09T21:42:59","guid":{"rendered":"https:\/\/www.suno.com.br\/noticias\/?p=72557"},"modified":"2021-02-18T19:14:26","modified_gmt":"2021-02-18T22:14:26","slug":"fundador-ricardo-eletro-solto-prisao","status":"publish","type":"post","link":"https:\/\/www.suno.com.br\/noticias\/fundador-ricardo-eletro-solto-prisao\/","title":{"rendered":"Fundador da Ricardo Eletro \u00e9 solto um dia ap\u00f3s a pris\u00e3o"},"content":{"rendered":"<p>O empres\u00e1rio Ricardo Nunes, fundador do grupo varejista <strong>Ricardo<\/strong>\u00a0<strong>Eletro,<\/strong> foi solto nesta quinta-feira (9) ap\u00f3s ser preso na \u00faltima quarta-feira (8) sob a acusa\u00e7\u00e3o de sonega\u00e7\u00e3o fiscal.<\/p>\t<div class=\"wrapper-featured-image\">\n\t\t<figure class=\"spotlightImg\">\n\n\t\t\t<picture>\n\t\t\t\t<source media=\"(max-width: 768px)\" srcset=\"https:\/\/files.sunoresearch.com.br\/n\/uploads\/2020\/07\/eaa6bff0-ricardo-eletro-400x200.webp\">\n\t\t\t\t<img loading=\"lazy\" decoding=\"async\" class=\"newsContent__article__imgCapa lazyloadDisabled newsContent__article__imgCapa--noCaption\" src=\"https:\/\/files.sunoresearch.com.br\/n\/uploads\/2020\/07\/eaa6bff0-ricardo-eletro-800x450.webp\" width=\"800\" height=\"450\" alt=\"Fundador da Ricardo Eletro \u00e9 solto um dia ap\u00f3s a pris\u00e3o\" fetchpriority=high \/>\n\t\t\t<\/picture>\n\n\t\t\t<figcaption class=\"wp-caption-text wp-caption-text--hide\">O empres\u00e1rio Ricardo Nunes, fundador do grupo varejista Ricardo\u00a0Eletro, foi solto um dia ap\u00f3s a pris\u00e3o. Clique aqui e saiba mais. <\/figcaption>\n\t\t<\/figure>\n\t<\/div>\n\n\n\n<p>A informa\u00e7\u00e3o da libera\u00e7\u00e3o do empres\u00e1rio foi divulgada pelo seu defensor, o advogado Marcelo Leonardo. \u201cRicardo j\u00e1 foi posto em liberdade. Dever tributos lan\u00e7ados na contabilidade e declarados ao fisco, sem qualquer esp\u00e9cie de fraude, n\u00e3o \u00e9 crime. O entendimento recente do STF n\u00e3o pode ser aplicado retroativamente\u201d, informou o advogado do fundador da Ricardo Eletro.<\/p>\n<p>Nunes tinha sido preso pela Pol\u00edcia Civil na opera\u00e7\u00e3o \u201cDireto com o dono\u201d, que investiga acusa\u00e7\u00f5es de sonega\u00e7\u00e3o fiscal e lavagem de dinheiro na ordem de R$ 400 milh\u00f5es, deflagrada pelo Minist\u00e9rio P\u00fablico, a Secretaria de Estado de Fazenda de Minas Gerais.<\/p>\n<p><a href=\"https:\/\/lp.suno.com.br\/suno-one\/\">No Suno One voc\u00ea aprende a fazer seu dinheiro trabalhar para voc\u00ea. Cadastre-se gratuitamente agora!<\/a><\/p>\n<p>O fundador da varejista \u00e9 acusado de ocultar recursos oriundos de atividades de sonega\u00e7\u00e3o do <a href=\"https:\/\/www.suno.com.br\/artigos\/icms\/\"><strong>Imposto sobre Circula\u00e7\u00e3o de Mercadorias e Servi\u00e7os (ICMS)<\/strong><\/a>. Segundo os promotores, entre 2012 e 2018 ele teria desviado o dinheiro em empresas e contas em nome da filha, do irm\u00e3o e da m\u00e3e.<\/p>\n<p>A soltura ocorreu ap\u00f3s um pedido formal apresentado pela defesa ap\u00f3s o depoimento do empres\u00e1rio.\u00a0 Nunes tinha sido preso no Centro de Remanejamento de Presos (Ceresp) na cidade de Contagem, na Regi\u00e3o Metropolitana de Belo Horizonte.<\/p>\n<p>A filha do empres\u00e1rio, Laura Nunes, e o superintendente da Ricardo Eletro, Pedro Daniel, tamb\u00e9m foram presos durante a opera\u00e7\u00e3o. Entretanto, ambos foram liberados depois de prestar depoimento.<\/p>\n<p>A Justi\u00e7a, al\u00e9m de expedir os mandados de pris\u00e3o, determinou o sequestro de bens im\u00f3veis de Ricardo, estimados em aproximadamente R$ 60 milh\u00f5es, com o intuito de ressarcir danos causados ao estado de <strong>Minas Gerais<\/strong>.<\/p>\n<p>De acordo com a for\u00e7a-tarefa, o crescimento patrimonial do principal s\u00f3cio aconteceu na mesma \u00e9poca em que os crimes tribut\u00e1rios foram exercidos, caracterizando <a href=\"https:\/\/www.suno.com.br\/artigos\/lavagem-de-dinheiro\/#:~:text=A%20lavagem%20de%20dinheiro%20%C3%A9%20um%20crime%20financeiro%20que%20consiste,dinheiro%20oriundo%20de%20atividades%20il%C3%ADcitas.&amp;text=Este%20principio%20encoraja%20as%20institui%C3%A7%C3%B5es,perfil%20financeiro%20de%20seus%20clientes.\"><strong>lavagem de dinheiro<\/strong><\/a>.<\/p>\n<h2>Empres\u00e1rio afastado da gest\u00e3o da Ricardo Eletro<\/h2>\n<p>Ricardo Nunes n\u00e3o participa diretamente da gest\u00e3o da Ricardo Eletro desde 2015. Entretanto, ainda h\u00e1 suspeitas de que mesmo formalmente afastado, ele mantenha influ\u00eancia sobre as atividades da fam\u00edlia.<\/p>\n<p>Em 2019, a <strong>Ricardo Eletro<\/strong> apresentou seu pedido de <a href=\"https:\/\/www.suno.com.br\/artigos\/recuperacao-judicial\/\">recupera\u00e7\u00e3o judicial<\/a>, em meio \u00e0 falta de condi\u00e7\u00f5es para arcar com suas d\u00edvidas, na ordem de R$ 3 bilh\u00f5es. A varejista j\u00e1 fechou diversas lojas no Brasil e chegou a encerrar suas atividades no Mato Grosso.<\/p>\n<p>Em nota de esclarecimento, a empresa disse que o ex-executivo e seus familiares &#8220;n\u00e3o fazem parte do quadro de acionistas nem mesmo da administra\u00e7\u00e3o da companhia desde 2019, que hoje tem controle acion\u00e1rio diferente&#8221;.<\/p>\n<p><a href=\"https:\/\/www.suno.com.br\/noticias\/criador-ricardo-eletro-sonegacao-fiscal\/\">Saiba mais: Fundador da Ricardo Eletro \u00e9 preso acusado de sonega\u00e7\u00e3o fiscal<\/a><\/p>\n<p>&#8220;Vale ainda esclarecer que a opera\u00e7\u00e3o realizada hoje [&#8230;], faz parte dos processos anteriores \u00e0 gest\u00e3o atual da companhia e dizem respeito a supostos atos praticados por Ricardo Nunes e seus familiares, n\u00e3o tendo liga\u00e7\u00e3o com a companhia&#8221;, disse a <strong>Ricardo Eletro<\/strong>.<\/p>\n\n","protected":false},"excerpt":{"rendered":"<p>O empres\u00e1rio Ricardo Nunes, fundador do grupo varejista Ricardo\u00a0Eletro, foi solto nesta quinta-feira (9) ap\u00f3s ser preso na \u00faltima quarta-feira (8) sob a acusa\u00e7\u00e3o de sonega\u00e7\u00e3o fiscal. O empres\u00e1rio Ricardo Nunes, fundador do grupo varejista Ricardo\u00a0Eletro, foi solto um dia ap\u00f3s a pris\u00e3o. Clique aqui e saiba mais. A informa\u00e7\u00e3o da libera\u00e7\u00e3o do empres\u00e1rio foi [&hellip;]<\/p>\n","protected":false},"author":9,"featured_media":72277,"comment_status":"closed","ping_status":"closed","sticky":false,"template":"","format":"standard","meta":[],"categories":[64],"tags":[60117,67860],"suno_strategy":[],"class_list":["post-72557","post","type-post","status-publish","format-standard","has-post-thumbnail","hentry","category-negocios","tag-ricardo-eletro","tag-sonegacao-fiscal"],"yoast_head":"<!-- This site is optimized with the Yoast SEO plugin v24.4 - https:\/\/yoast.com\/wordpress\/plugins\/seo\/ -->\n<title>Fundador da Ricardo Eletro \u00e9 solto um dia ap\u00f3s a pris\u00e3o<\/title>\n<meta name=\"description\" content=\"O empres\u00e1rio Ricardo Nunes, fundador do grupo varejista Ricardo\u00a0Eletro, foi solto um dia ap\u00f3s a pris\u00e3o. Clique aqui e saiba mais.\" \/>\n<meta name=\"robots\" content=\"index, follow, max-snippet:-1, max-image-preview:large, max-video-preview:-1\" \/>\n<link rel=\"canonical\" href=\"https:\/\/www.suno.com.br\/noticias\/fundador-ricardo-eletro-solto-prisao\/\" \/>\n<meta property=\"og:locale\" content=\"pt_BR\" \/>\n<meta property=\"og:type\" content=\"article\" \/>\n<meta property=\"og:title\" content=\"Fundador da Ricardo Eletro \u00e9 solto um dia ap\u00f3s a pris\u00e3o\" \/>\n<meta property=\"og:description\" content=\"O empres\u00e1rio Ricardo Nunes, fundador do grupo varejista Ricardo\u00a0Eletro, foi solto um dia ap\u00f3s a pris\u00e3o. Clique aqui e saiba mais.\" \/>\n<meta property=\"og:url\" content=\"https:\/\/www.suno.com.br\/noticias\/fundador-ricardo-eletro-solto-prisao\/\" \/>\n<meta property=\"og:site_name\" content=\"Suno Not\u00edcias\" \/>\n<meta property=\"article:publisher\" content=\"https:\/\/facebook.com\/sunoresearch\" \/>\n<meta property=\"og:image\" content=\"https:\/\/files.sunoresearch.com.br\/n\/uploads\/2020\/07\/eaa6bff0-ricardo-eletro.png\" \/>\n\t<meta property=\"og:image:width\" content=\"1573\" \/>\n\t<meta property=\"og:image:height\" content=\"884\" \/>\n\t<meta property=\"og:image:type\" content=\"image\/png\" \/>\n<meta name=\"author\" content=\"Carlo Cauti\" \/>\n<meta name=\"twitter:card\" content=\"summary_large_image\" \/>\n<meta name=\"twitter:creator\" content=\"@sunoresearch\" \/>\n<meta name=\"twitter:site\" content=\"@sunoresearch\" \/>\n<meta name=\"twitter:label1\" content=\"Escrito por\" \/>\n\t<meta name=\"twitter:data1\" content=\"Carlo Cauti\" \/>\n\t<meta name=\"twitter:label2\" content=\"Est. tempo de leitura\" \/>\n\t<meta name=\"twitter:data2\" content=\"3 minutos\" \/>\n<script type=\"application\/ld+json\" class=\"yoast-schema-graph\">{\"@context\":\"https:\/\/schema.org\",\"@graph\":[{\"@type\":\"NewsArticle\",\"@id\":\"https:\/\/www.suno.com.br\/noticias\/fundador-ricardo-eletro-solto-prisao\/#article\",\"isPartOf\":{\"@id\":\"https:\/\/www.suno.com.br\/noticias\/fundador-ricardo-eletro-solto-prisao\/\"},\"author\":{\"name\":\"Carlo Cauti\",\"@id\":\"https:\/\/www.suno.com.br\/noticias\/#\/schema\/person\/e6e0f723cc177805027f4566c1d5e0c8\"},\"headline\":\"Fundador da Ricardo Eletro \u00e9 solto um dia ap\u00f3s a pris\u00e3o\",\"datePublished\":\"2020-07-09T21:42:59+00:00\",\"dateModified\":\"2021-02-18T22:14:26+00:00\",\"mainEntityOfPage\":{\"@id\":\"https:\/\/www.suno.com.br\/noticias\/fundador-ricardo-eletro-solto-prisao\/\"},\"wordCount\":543,\"publisher\":{\"@id\":\"https:\/\/www.suno.com.br\/noticias\/#organization\"},\"image\":{\"@id\":\"https:\/\/www.suno.com.br\/noticias\/fundador-ricardo-eletro-solto-prisao\/#primaryimage\"},\"thumbnailUrl\":\"https:\/\/files.sunoresearch.com.br\/n\/uploads\/2020\/07\/eaa6bff0-ricardo-eletro-png.webp\",\"keywords\":[\"Ricardo Eletro\",\"sonega\u00e7\u00e3o fiscal\"],\"articleSection\":[\"Neg\u00f3cios\"],\"inLanguage\":\"pt-BR\"},{\"@type\":\"WebPage\",\"@id\":\"https:\/\/www.suno.com.br\/noticias\/fundador-ricardo-eletro-solto-prisao\/\",\"url\":\"https:\/\/www.suno.com.br\/noticias\/fundador-ricardo-eletro-solto-prisao\/\",\"name\":\"Fundador da Ricardo Eletro \u00e9 solto um dia ap\u00f3s a pris\u00e3o\",\"isPartOf\":{\"@id\":\"https:\/\/www.suno.com.br\/noticias\/#website\"},\"primaryImageOfPage\":{\"@id\":\"https:\/\/www.suno.com.br\/noticias\/fundador-ricardo-eletro-solto-prisao\/#primaryimage\"},\"image\":{\"@id\":\"https:\/\/www.suno.com.br\/noticias\/fundador-ricardo-eletro-solto-prisao\/#primaryimage\"},\"thumbnailUrl\":\"https:\/\/files.sunoresearch.com.br\/n\/uploads\/2020\/07\/eaa6bff0-ricardo-eletro-png.webp\",\"datePublished\":\"2020-07-09T21:42:59+00:00\",\"dateModified\":\"2021-02-18T22:14:26+00:00\",\"description\":\"O empres\u00e1rio Ricardo Nunes, fundador do grupo varejista Ricardo\u00a0Eletro, foi solto um dia ap\u00f3s a pris\u00e3o. Clique aqui e saiba mais.\",\"breadcrumb\":{\"@id\":\"https:\/\/www.suno.com.br\/noticias\/fundador-ricardo-eletro-solto-prisao\/#breadcrumb\"},\"inLanguage\":\"pt-BR\",\"potentialAction\":[{\"@type\":\"ReadAction\",\"target\":[\"https:\/\/www.suno.com.br\/noticias\/fundador-ricardo-eletro-solto-prisao\/\"]}]},{\"@type\":\"ImageObject\",\"inLanguage\":\"pt-BR\",\"@id\":\"https:\/\/www.suno.com.br\/noticias\/fundador-ricardo-eletro-solto-prisao\/#primaryimage\",\"url\":\"https:\/\/files.sunoresearch.com.br\/n\/uploads\/2020\/07\/eaa6bff0-ricardo-eletro-png.webp\",\"contentUrl\":\"https:\/\/files.sunoresearch.com.br\/n\/uploads\/2020\/07\/eaa6bff0-ricardo-eletro-png.webp\",\"width\":1573,\"height\":884,\"caption\":\"O empres\u00e1rio Ricardo Nunes, fundador do grupo varejista Ricardo\u00a0Eletro, foi solto um dia ap\u00f3s a pris\u00e3o. Clique aqui e saiba mais.\"},{\"@type\":\"BreadcrumbList\",\"@id\":\"https:\/\/www.suno.com.br\/noticias\/fundador-ricardo-eletro-solto-prisao\/#breadcrumb\",\"itemListElement\":[{\"@type\":\"ListItem\",\"position\":1,\"name\":\"Not\u00edcias\",\"item\":\"https:\/\/www.suno.com.br\/noticias\/\"},{\"@type\":\"ListItem\",\"position\":2,\"name\":\"Neg\u00f3cios\",\"item\":\"https:\/\/www.suno.com.br\/noticias\/negocios\/\"},{\"@type\":\"ListItem\",\"position\":3,\"name\":\"Fundador da Ricardo Eletro \u00e9 solto um dia ap\u00f3s a pris\u00e3o\"}]},{\"@type\":\"WebSite\",\"@id\":\"https:\/\/www.suno.com.br\/noticias\/#website\",\"url\":\"https:\/\/www.suno.com.br\/noticias\/\",\"name\":\"Suno Not\u00edcias\",\"description\":\"Seu portal de informa\u00e7\u00e3o sobre o mundo dos investimentos\",\"publisher\":{\"@id\":\"https:\/\/www.suno.com.br\/noticias\/#organization\"},\"potentialAction\":[{\"@type\":\"SearchAction\",\"target\":{\"@type\":\"EntryPoint\",\"urlTemplate\":\"https:\/\/www.suno.com.br\/noticias\/?s={search_term_string}\"},\"query-input\":{\"@type\":\"PropertyValueSpecification\",\"valueRequired\":true,\"valueName\":\"search_term_string\"}}],\"inLanguage\":\"pt-BR\"},{\"@type\":\"Organization\",\"@id\":\"https:\/\/www.suno.com.br\/noticias\/#organization\",\"name\":\"Suno Not\u00edcias\",\"url\":\"https:\/\/www.suno.com.br\/noticias\/\",\"logo\":{\"@type\":\"ImageObject\",\"inLanguage\":\"pt-BR\",\"@id\":\"https:\/\/www.suno.com.br\/noticias\/#\/schema\/logo\/image\/\",\"url\":\"https:\/\/files.sunoresearch.com.br\/n\/uploads\/2021\/09\/suno-logo.png\",\"contentUrl\":\"https:\/\/files.sunoresearch.com.br\/n\/uploads\/2021\/09\/suno-logo.png\",\"width\":180,\"height\":180,\"caption\":\"Suno Not\u00edcias\"},\"image\":{\"@id\":\"https:\/\/www.suno.com.br\/noticias\/#\/schema\/logo\/image\/\"},\"sameAs\":[\"https:\/\/facebook.com\/sunoresearch\",\"https:\/\/x.com\/sunoresearch\",\"https:\/\/www.instagram.com\/suno\",\"https:\/\/www.linkedin.com\/company\/suno-research\/\",\"https:\/\/www.youtube.com\/c\/sunoresearch\"]},{\"@type\":\"Person\",\"@id\":\"https:\/\/www.suno.com.br\/noticias\/#\/schema\/person\/e6e0f723cc177805027f4566c1d5e0c8\",\"name\":\"Carlo Cauti\",\"image\":{\"@type\":\"ImageObject\",\"inLanguage\":\"pt-BR\",\"@id\":\"https:\/\/www.suno.com.br\/noticias\/#\/schema\/person\/image\/\",\"url\":\"https:\/\/secure.gravatar.com\/avatar\/3ada9e0bd164c23abd4792a9606d583c?s=96&r=g\",\"contentUrl\":\"https:\/\/secure.gravatar.com\/avatar\/3ada9e0bd164c23abd4792a9606d583c?s=96&r=g\",\"caption\":\"Carlo Cauti\"},\"description\":\"Editor multim\u00eddia do SUNO Not\u00edcias. Italiano, formado em Ci\u00eancias Pol\u00edticas pela universidade LUISS G. Carli de Roma e mestre cum laude em Rela\u00e7\u00f5es Internacionais, Jornalismo Internacional e de Guerra e em Economia Internacional. Concluiu tamb\u00e9m um MBA em Finan\u00e7as na B3. No Brasil, teve passagem por ve\u00edculos como Estad\u00e3o, Globo, Veja e EXAME. e nas ag\u00eancias de not\u00edcias italianas ANSA e NOVA.\",\"url\":\"https:\/\/www.suno.com.br\/noticias\/author\/carlo-cauti\/\"}]}<\/script>\n<!-- \/ Yoast SEO plugin. -->","yoast_head_json":{"title":"Fundador da Ricardo Eletro \u00e9 solto um dia ap\u00f3s a pris\u00e3o","description":"O empres\u00e1rio Ricardo Nunes, fundador do grupo varejista Ricardo\u00a0Eletro, foi solto um dia ap\u00f3s a pris\u00e3o. Clique aqui e saiba mais.","robots":{"index":"index","follow":"follow","max-snippet":"max-snippet:-1","max-image-preview":"max-image-preview:large","max-video-preview":"max-video-preview:-1"},"canonical":"https:\/\/www.suno.com.br\/noticias\/fundador-ricardo-eletro-solto-prisao\/","og_locale":"pt_BR","og_type":"article","og_title":"Fundador da Ricardo Eletro \u00e9 solto um dia ap\u00f3s a pris\u00e3o","og_description":"O empres\u00e1rio Ricardo Nunes, fundador do grupo varejista Ricardo\u00a0Eletro, foi solto um dia ap\u00f3s a pris\u00e3o. Clique aqui e saiba mais.","og_url":"https:\/\/www.suno.com.br\/noticias\/fundador-ricardo-eletro-solto-prisao\/","og_site_name":"Suno Not\u00edcias","article_publisher":"https:\/\/facebook.com\/sunoresearch","og_image":[{"width":1573,"height":884,"url":"https:\/\/files.sunoresearch.com.br\/n\/uploads\/2020\/07\/eaa6bff0-ricardo-eletro.png","type":"image\/png"}],"author":"Carlo Cauti","twitter_card":"summary_large_image","twitter_creator":"@sunoresearch","twitter_site":"@sunoresearch","twitter_misc":{"Escrito por":"Carlo Cauti","Est. tempo de leitura":"3 minutos"},"schema":{"@context":"https:\/\/schema.org","@graph":[{"@type":"NewsArticle","@id":"https:\/\/www.suno.com.br\/noticias\/fundador-ricardo-eletro-solto-prisao\/#article","isPartOf":{"@id":"https:\/\/www.suno.com.br\/noticias\/fundador-ricardo-eletro-solto-prisao\/"},"author":{"name":"Carlo Cauti","@id":"https:\/\/www.suno.com.br\/noticias\/#\/schema\/person\/e6e0f723cc177805027f4566c1d5e0c8"},"headline":"Fundador da Ricardo Eletro \u00e9 solto um dia ap\u00f3s a pris\u00e3o","datePublished":"2020-07-09T21:42:59+00:00","dateModified":"2021-02-18T22:14:26+00:00","mainEntityOfPage":{"@id":"https:\/\/www.suno.com.br\/noticias\/fundador-ricardo-eletro-solto-prisao\/"},"wordCount":543,"publisher":{"@id":"https:\/\/www.suno.com.br\/noticias\/#organization"},"image":{"@id":"https:\/\/www.suno.com.br\/noticias\/fundador-ricardo-eletro-solto-prisao\/#primaryimage"},"thumbnailUrl":"https:\/\/files.sunoresearch.com.br\/n\/uploads\/2020\/07\/eaa6bff0-ricardo-eletro-png.webp","keywords":["Ricardo Eletro","sonega\u00e7\u00e3o fiscal"],"articleSection":["Neg\u00f3cios"],"inLanguage":"pt-BR"},{"@type":"WebPage","@id":"https:\/\/www.suno.com.br\/noticias\/fundador-ricardo-eletro-solto-prisao\/","url":"https:\/\/www.suno.com.br\/noticias\/fundador-ricardo-eletro-solto-prisao\/","name":"Fundador da Ricardo Eletro \u00e9 solto um dia ap\u00f3s a pris\u00e3o","isPartOf":{"@id":"https:\/\/www.suno.com.br\/noticias\/#website"},"primaryImageOfPage":{"@id":"https:\/\/www.suno.com.br\/noticias\/fundador-ricardo-eletro-solto-prisao\/#primaryimage"},"image":{"@id":"https:\/\/www.suno.com.br\/noticias\/fundador-ricardo-eletro-solto-prisao\/#primaryimage"},"thumbnailUrl":"https:\/\/files.sunoresearch.com.br\/n\/uploads\/2020\/07\/eaa6bff0-ricardo-eletro-png.webp","datePublished":"2020-07-09T21:42:59+00:00","dateModified":"2021-02-18T22:14:26+00:00","description":"O empres\u00e1rio Ricardo Nunes, fundador do grupo varejista Ricardo\u00a0Eletro, foi solto um dia ap\u00f3s a pris\u00e3o. Clique aqui e saiba mais.","breadcrumb":{"@id":"https:\/\/www.suno.com.br\/noticias\/fundador-ricardo-eletro-solto-prisao\/#breadcrumb"},"inLanguage":"pt-BR","potentialAction":[{"@type":"ReadAction","target":["https:\/\/www.suno.com.br\/noticias\/fundador-ricardo-eletro-solto-prisao\/"]}]},{"@type":"ImageObject","inLanguage":"pt-BR","@id":"https:\/\/www.suno.com.br\/noticias\/fundador-ricardo-eletro-solto-prisao\/#primaryimage","url":"https:\/\/files.sunoresearch.com.br\/n\/uploads\/2020\/07\/eaa6bff0-ricardo-eletro-png.webp","contentUrl":"https:\/\/files.sunoresearch.com.br\/n\/uploads\/2020\/07\/eaa6bff0-ricardo-eletro-png.webp","width":1573,"height":884,"caption":"O empres\u00e1rio Ricardo Nunes, fundador do grupo varejista Ricardo\u00a0Eletro, foi solto um dia ap\u00f3s a pris\u00e3o. Clique aqui e saiba mais."},{"@type":"BreadcrumbList","@id":"https:\/\/www.suno.com.br\/noticias\/fundador-ricardo-eletro-solto-prisao\/#breadcrumb","itemListElement":[{"@type":"ListItem","position":1,"name":"Not\u00edcias","item":"https:\/\/www.suno.com.br\/noticias\/"},{"@type":"ListItem","position":2,"name":"Neg\u00f3cios","item":"https:\/\/www.suno.com.br\/noticias\/negocios\/"},{"@type":"ListItem","position":3,"name":"Fundador da Ricardo Eletro \u00e9 solto um dia ap\u00f3s a pris\u00e3o"}]},{"@type":"WebSite","@id":"https:\/\/www.suno.com.br\/noticias\/#website","url":"https:\/\/www.suno.com.br\/noticias\/","name":"Suno Not\u00edcias","description":"Seu portal de informa\u00e7\u00e3o sobre o mundo dos investimentos","publisher":{"@id":"https:\/\/www.suno.com.br\/noticias\/#organization"},"potentialAction":[{"@type":"SearchAction","target":{"@type":"EntryPoint","urlTemplate":"https:\/\/www.suno.com.br\/noticias\/?s={search_term_string}"},"query-input":{"@type":"PropertyValueSpecification","valueRequired":true,"valueName":"search_term_string"}}],"inLanguage":"pt-BR"},{"@type":"Organization","@id":"https:\/\/www.suno.com.br\/noticias\/#organization","name":"Suno Not\u00edcias","url":"https:\/\/www.suno.com.br\/noticias\/","logo":{"@type":"ImageObject","inLanguage":"pt-BR","@id":"https:\/\/www.suno.com.br\/noticias\/#\/schema\/logo\/image\/","url":"https:\/\/files.sunoresearch.com.br\/n\/uploads\/2021\/09\/suno-logo.png","contentUrl":"https:\/\/files.sunoresearch.com.br\/n\/uploads\/2021\/09\/suno-logo.png","width":180,"height":180,"caption":"Suno Not\u00edcias"},"image":{"@id":"https:\/\/www.suno.com.br\/noticias\/#\/schema\/logo\/image\/"},"sameAs":["https:\/\/facebook.com\/sunoresearch","https:\/\/x.com\/sunoresearch","https:\/\/www.instagram.com\/suno","https:\/\/www.linkedin.com\/company\/suno-research\/","https:\/\/www.youtube.com\/c\/sunoresearch"]},{"@type":"Person","@id":"https:\/\/www.suno.com.br\/noticias\/#\/schema\/person\/e6e0f723cc177805027f4566c1d5e0c8","name":"Carlo Cauti","image":{"@type":"ImageObject","inLanguage":"pt-BR","@id":"https:\/\/www.suno.com.br\/noticias\/#\/schema\/person\/image\/","url":"https:\/\/secure.gravatar.com\/avatar\/3ada9e0bd164c23abd4792a9606d583c?s=96&r=g","contentUrl":"https:\/\/secure.gravatar.com\/avatar\/3ada9e0bd164c23abd4792a9606d583c?s=96&r=g","caption":"Carlo Cauti"},"description":"Editor multim\u00eddia do SUNO Not\u00edcias. Italiano, formado em Ci\u00eancias Pol\u00edticas pela universidade LUISS G. Carli de Roma e mestre cum laude em Rela\u00e7\u00f5es Internacionais, Jornalismo Internacional e de Guerra e em Economia Internacional. Concluiu tamb\u00e9m um MBA em Finan\u00e7as na B3. No Brasil, teve passagem por ve\u00edculos como Estad\u00e3o, Globo, Veja e EXAME. e nas ag\u00eancias de not\u00edcias italianas ANSA e NOVA.","url":"https:\/\/www.suno.com.br\/noticias\/author\/carlo-cauti\/"}]}},"default_loop_html":"<div class=\"cardsPage__listCard__boxs\"><div class=\"cardsPage__listCard__boxs__img\"><a href=\"https:\/\/www.suno.com.br\/noticias\/fundador-ricardo-eletro-solto-prisao\/\"><img class=\"mask\" src=\"https:\/\/www.suno.com.br\/noticias\/wp-content\/themes\/suno\/resources\/images\/spotlight\/spotlight1img\/bg-mask.png\" alt=\"Image Mask\"\/><img src=\"https:\/\/files.sunoresearch.com.br\/n\/uploads\/2020\/07\/eaa6bff0-ricardo-eletro-400x200.webp\" alt=\"Fundador da Ricardo Eletro \u00e9 solto um dia ap\u00f3s a pris\u00e3o\"\/><\/a><span class=\"spotlightCategory\"><a href=\"https:\/\/www.suno.com.br\/noticias\/negocios\/\">Neg\u00f3cios<\/a><\/span><\/div><div class=\"cardsPage__listCard__boxs__content\"><a href=\"https:\/\/www.suno.com.br\/noticias\/fundador-ricardo-eletro-solto-prisao\/\"><h2 class=\"content__title\">Fundador da Ricardo Eletro \u00e9 solto um dia ap\u00f3s a pris\u00e3o<\/h2><\/a><div class=\"newsContent__article__meta\"><div class=\"newsContent__article__meta__authorBox\"><a href=\"https:\/\/www.suno.com.br\/noticias\/author\/carlo-cauti\/\" class=\"authorBox__avatar noMobi\"><img src=\"https:\/\/files.sunoresearch.com.br\/n\/uploads\/2020\/08\/e3745f9a-perfil-carlo-cauti-150x150.webp\" alt=\"Carlo Cauti\"><\/a><div class=\"authorBox__name\"><span>por\n\t\t\t<a href=\"https:\/\/www.suno.com.br\/noticias\/author\/carlo-cauti\/\"><span itemprop=\"author\">Carlo Cauti<\/span><\/a><\/span><time datetime=\"2020-07-09T18:42:59-03:00\" itemprop=\"datePublished\">09\/07\/2020 18:42<\/time><\/div><\/div><\/div><\/div><\/div>","single_layout":"posts","amp_enabled":true,"_links":{"self":[{"href":"https:\/\/www.suno.com.br\/noticias\/wp-json\/wp\/v2\/posts\/72557"}],"collection":[{"href":"https:\/\/www.suno.com.br\/noticias\/wp-json\/wp\/v2\/posts"}],"about":[{"href":"https:\/\/www.suno.com.br\/noticias\/wp-json\/wp\/v2\/types\/post"}],"author":[{"embeddable":true,"href":"https:\/\/www.suno.com.br\/noticias\/wp-json\/wp\/v2\/users\/9"}],"replies":[{"embeddable":true,"href":"https:\/\/www.suno.com.br\/noticias\/wp-json\/wp\/v2\/comments?post=72557"}],"version-history":[{"count":0,"href":"https:\/\/www.suno.com.br\/noticias\/wp-json\/wp\/v2\/posts\/72557\/revisions"}],"wp:featuredmedia":[{"embeddable":true,"href":"https:\/\/www.suno.com.br\/noticias\/wp-json\/wp\/v2\/media\/72277"}],"wp:attachment":[{"href":"https:\/\/www.suno.com.br\/noticias\/wp-json\/wp\/v2\/media?parent=72557"}],"wp:term":[{"taxonomy":"category","embeddable":true,"href":"https:\/\/www.suno.com.br\/noticias\/wp-json\/wp\/v2\/categories?post=72557"},{"taxonomy":"post_tag","embeddable":true,"href":"https:\/\/www.suno.com.br\/noticias\/wp-json\/wp\/v2\/tags?post=72557"},{"taxonomy":"suno_strategy","embeddable":true,"href":"https:\/\/www.suno.com.br\/noticias\/wp-json\/wp\/v2\/suno_strategy?post=72557"}],"curies":[{"name":"wp","href":"https:\/\/api.w.org\/{rel}","templated":true}]}}