{"id":72525,"date":"2020-07-09T14:54:31","date_gmt":"2020-07-09T17:54:31","guid":{"rendered":"https:\/\/www.suno.com.br\/noticias\/?p=72525"},"modified":"2020-07-09T14:54:31","modified_gmt":"2020-07-09T17:54:31","slug":"coronavoucher-tcu-nega-pedido-para-interromper-repasse-de-auxilio","status":"publish","type":"post","link":"https:\/\/www.suno.com.br\/noticias\/coronavoucher-tcu-nega-pedido-para-interromper-repasse-de-auxilio\/","title":{"rendered":"Coronavoucher: TCU nega pedido para interromper repasse de aux\u00edlio"},"content":{"rendered":"<p>O <a href=\"https:\/\/www.suno.com.br\/noticias\/tags\/tcu\/\">Tribunal de Contas da Uni\u00e3o (TCU)<\/a> rejeitou nesta quinta-feira (9) o pedido do Minist\u00e9rio P\u00fablico para que fossem suspensos novos repasses do aux\u00edlio emergencial de R$ 600, tamb\u00e9m conhecido popularmente como <strong><a href=\"https:\/\/www.suno.com.br\/noticias\/tags\/coronavoucher\/\">coronavoucher<\/a><\/strong>.<\/p>\t<div class=\"wrapper-featured-image\">\n\t\t<figure class=\"spotlightImg\">\n\n\t\t\t<picture>\n\t\t\t\t<source media=\"(max-width: 768px)\" srcset=\"https:\/\/files.sunoresearch.com.br\/n\/uploads\/2020\/07\/134a128d-auxilio-emergencial-400x200.webp\">\n\t\t\t\t<img loading=\"lazy\" decoding=\"async\" class=\"newsContent__article__imgCapa lazyloadDisabled newsContent__article__imgCapa--noCaption\" src=\"https:\/\/files.sunoresearch.com.br\/n\/uploads\/2020\/07\/134a128d-auxilio-emergencial-800x450.webp\" width=\"800\" height=\"450\" alt=\"Coronavoucher: TCU nega pedido para interromper repasse de aux\u00edlio\" fetchpriority=high \/>\n\t\t\t<\/picture>\n\n\t\t\t<figcaption class=\"wp-caption-text wp-caption-text--hide\">O governo vai verificar mensalmente a situa\u00e7\u00e3o empregat\u00edcia dos benefici\u00e1rios do coronavoucher e cancelar o aux\u00edlio se necess\u00e1rio.<\/figcaption>\n\t\t<\/figure>\n\t<\/div>\n\n\n\n<p>O MP at\u00e9 que o governo apresentasse estudos sobre o impacto da medida do coronavoucher no equil\u00edbrio fiscal do Brasil. Segundo informa\u00e7\u00f5es do jornal &#8220;O Estado de S. Paulo&#8221;, a\u00a0decis\u00e3o foi tomada pelo ministro Bruno Dantas.<\/p>\n<p>O ministro afirmou que o pedido do MP ser\u00e1 juntada a outro processo de acompanhamento de medidas do governo relacionadas ao impacto do coronav\u00edrus.<\/p>\n<p><a href=\"https:\/\/lp.suno.com.br\/suno-one\/\">Suno One: acesse gratuitamente eBooks, Minicursos, Artigos e Video Aulas sobre investimentos com um \u00fanico cadastro. Clique para saber mais!<\/a><\/p>\n<p>\u201cN\u00e3o se pode perder de vista que o aux\u00edlio emergencial, como o pr\u00f3prio nome diz, \u00e9 um gasto eminentemente social implementado em car\u00e1ter de urg\u00eancia para garantir a sobreviv\u00eancia de dezenas de milh\u00f5es de pessoas que foram abruptamente surpreendidas pelas medidas de isolamento social adotadas na tentativa de conter a propaga\u00e7\u00e3o do novo coronav\u00edrus\u201d, comenta Bruno Dantas, em sua decis\u00e3o, segundo o &#8220;Estado de S. Paulo&#8221;.<\/p>\n<h2>Coronavoucher: &#8216;n\u00e3o \u00e9 dinheiro que est\u00e1 sobrando&#8217;, diz Bolsonaro<\/h2>\n<p>O coronavoucher vem sendo tema de discuss\u00f5es sobre sua viabilidade e impactos or\u00e7ament\u00e1rios. O presidente da Rep\u00fablica, <a href=\"https:\/\/www.suno.com.br\/noticias\/tags\/bolsonaro\/\">Jair Bolsonaro<\/a> (sem partido) declarou que o Brasil est\u00e1 se endividando com <a href=\"https:\/\/www.suno.com.br\/noticias\/tags\/coronavoucher\/\">aux\u00edlio emergencial de R$ 600, apelidado de <strong>coronav<\/strong><strong>oucher<\/strong><\/a>. A declara\u00e7\u00e3o ocorreu durante uma live do mandat\u00e1rio em seu perfil do Facebook na \u00faltima semana.<\/p>\n<p><a class=\"LinkSuggestion__Link-sc-1mdih4x-2 jZPuuT\" href=\"https:\/\/www.suno.com.br\/noticias\/coronavoucher-bolsonaro-novas-parcelas-auxilio\/\" target=\"_blank\" rel=\"noopener noreferrer\">Veja tamb\u00e9m: Coronavoucher: Bolsonaro diz que definiu novas parcelas do aux\u00edlio<\/a><\/p>\n<p>No v\u00eddeo, <strong>Bolsonaro<\/strong> comenta que assinou o decreto naquela semana para prorrogar o coronavoucher por mais duas parcelas de R$ 600 que, como ele destacou, &#8220;v\u00e3o cobrir o m\u00eas de julho e agosto&#8221;.<\/p>\n<p>Entretanto, o mandat\u00e1rio salientou, sobre o <strong>coronavoucher<\/strong>, que &#8220;a gente n\u00e3o pode continuar por muito tempo, como disse o Pedro aqui da Caixa Econ\u00f4mica [o presidente da Caixa, <a href=\"https:\/\/www.suno.com.br\/tudo-sobre\/pedro-guimaraes\/\">Pedro Guimar\u00e3es<\/a>], s\u00e3o R$ 50 bilh\u00f5es por m\u00eas. N\u00e3o \u00e9 dinheiro que est\u00e1 sobrando, n\u00f3s estamos nos endividando com isso da\u00ed&#8221;.<\/p>\n\n","protected":false},"excerpt":{"rendered":"<p>O Tribunal de Contas da Uni\u00e3o (TCU) rejeitou nesta quinta-feira (9) o pedido do Minist\u00e9rio P\u00fablico para que fossem suspensos novos repasses do aux\u00edlio emergencial de R$ 600, tamb\u00e9m conhecido popularmente como coronavoucher. O governo vai verificar mensalmente a situa\u00e7\u00e3o empregat\u00edcia dos benefici\u00e1rios do coronavoucher e cancelar o aux\u00edlio se necess\u00e1rio. O MP at\u00e9 que [&hellip;]<\/p>\n","protected":false},"author":27,"featured_media":71312,"comment_status":"closed","ping_status":"closed","sticky":false,"template":"","format":"standard","meta":[],"categories":[62],"tags":[17139,12737,69171],"suno_strategy":[],"class_list":["post-72525","post","type-post","status-publish","format-standard","has-post-thumbnail","hentry","category-economia","tag-auxilio-emergencial","tag-coronavoucher","tag-renda-basica"],"yoast_head":"<!-- This site is optimized with the Yoast SEO plugin v24.4 - https:\/\/yoast.com\/wordpress\/plugins\/seo\/ -->\n<title>Coronavoucher: TCU nega pedido para interromper repasse de aux\u00edlio<\/title>\n<meta name=\"description\" content=\"MP entrou com pedido para que TCU suspendesse pagamento do coronavoucher at\u00e9 entendimento sobre impacto or\u00e7ament\u00e1rio. Clique para ler mais.\" \/>\n<meta name=\"robots\" content=\"index, follow, max-snippet:-1, max-image-preview:large, max-video-preview:-1\" \/>\n<link rel=\"canonical\" href=\"https:\/\/www.suno.com.br\/noticias\/coronavoucher-tcu-nega-pedido-para-interromper-repasse-de-auxilio\/\" \/>\n<meta property=\"og:locale\" content=\"pt_BR\" \/>\n<meta property=\"og:type\" content=\"article\" \/>\n<meta property=\"og:title\" content=\"Coronavoucher: TCU nega pedido para interromper repasse de aux\u00edlio\" \/>\n<meta property=\"og:description\" content=\"MP entrou com pedido para que TCU suspendesse pagamento do coronavoucher at\u00e9 entendimento sobre impacto or\u00e7ament\u00e1rio. Clique para ler mais.\" \/>\n<meta property=\"og:url\" content=\"https:\/\/www.suno.com.br\/noticias\/coronavoucher-tcu-nega-pedido-para-interromper-repasse-de-auxilio\/\" \/>\n<meta property=\"og:site_name\" content=\"Suno Not\u00edcias\" \/>\n<meta property=\"article:publisher\" content=\"https:\/\/facebook.com\/sunoresearch\" \/>\n<meta property=\"og:image\" content=\"https:\/\/files.sunoresearch.com.br\/n\/uploads\/2020\/07\/134a128d-auxilio-emergencial.jpg\" \/>\n\t<meta property=\"og:image:width\" content=\"1920\" \/>\n\t<meta property=\"og:image:height\" content=\"1281\" \/>\n\t<meta property=\"og:image:type\" content=\"image\/jpeg\" \/>\n<meta name=\"author\" content=\"Vinicius Pereira\" \/>\n<meta name=\"twitter:card\" content=\"summary_large_image\" \/>\n<meta name=\"twitter:creator\" content=\"@https:\/\/twitter.com\/viniciuspjornal\" \/>\n<meta name=\"twitter:site\" content=\"@sunoresearch\" \/>\n<meta name=\"twitter:label1\" content=\"Escrito por\" \/>\n\t<meta name=\"twitter:data1\" content=\"Vinicius Pereira\" \/>\n\t<meta name=\"twitter:label2\" content=\"Est. tempo de leitura\" \/>\n\t<meta name=\"twitter:data2\" content=\"2 minutos\" \/>\n<script type=\"application\/ld+json\" class=\"yoast-schema-graph\">{\"@context\":\"https:\/\/schema.org\",\"@graph\":[{\"@type\":\"NewsArticle\",\"@id\":\"https:\/\/www.suno.com.br\/noticias\/coronavoucher-tcu-nega-pedido-para-interromper-repasse-de-auxilio\/#article\",\"isPartOf\":{\"@id\":\"https:\/\/www.suno.com.br\/noticias\/coronavoucher-tcu-nega-pedido-para-interromper-repasse-de-auxilio\/\"},\"author\":{\"name\":\"Vinicius Pereira\",\"@id\":\"https:\/\/www.suno.com.br\/noticias\/#\/schema\/person\/a20761b96e4df7eb57f1f9e41be1dbf3\"},\"headline\":\"Coronavoucher: TCU nega pedido para interromper repasse de aux\u00edlio\",\"datePublished\":\"2020-07-09T17:54:31+00:00\",\"mainEntityOfPage\":{\"@id\":\"https:\/\/www.suno.com.br\/noticias\/coronavoucher-tcu-nega-pedido-para-interromper-repasse-de-auxilio\/\"},\"wordCount\":387,\"publisher\":{\"@id\":\"https:\/\/www.suno.com.br\/noticias\/#organization\"},\"image\":{\"@id\":\"https:\/\/www.suno.com.br\/noticias\/coronavoucher-tcu-nega-pedido-para-interromper-repasse-de-auxilio\/#primaryimage\"},\"thumbnailUrl\":\"https:\/\/files.sunoresearch.com.br\/n\/uploads\/2020\/07\/134a128d-auxilio-emergencial-jpg.webp\",\"keywords\":[\"aux\u00edlio emergencial\",\"coronavoucher\",\"renda b\u00e1sica\"],\"articleSection\":[\"Economia\"],\"inLanguage\":\"pt-BR\"},{\"@type\":\"WebPage\",\"@id\":\"https:\/\/www.suno.com.br\/noticias\/coronavoucher-tcu-nega-pedido-para-interromper-repasse-de-auxilio\/\",\"url\":\"https:\/\/www.suno.com.br\/noticias\/coronavoucher-tcu-nega-pedido-para-interromper-repasse-de-auxilio\/\",\"name\":\"Coronavoucher: TCU nega pedido para interromper repasse de aux\u00edlio\",\"isPartOf\":{\"@id\":\"https:\/\/www.suno.com.br\/noticias\/#website\"},\"primaryImageOfPage\":{\"@id\":\"https:\/\/www.suno.com.br\/noticias\/coronavoucher-tcu-nega-pedido-para-interromper-repasse-de-auxilio\/#primaryimage\"},\"image\":{\"@id\":\"https:\/\/www.suno.com.br\/noticias\/coronavoucher-tcu-nega-pedido-para-interromper-repasse-de-auxilio\/#primaryimage\"},\"thumbnailUrl\":\"https:\/\/files.sunoresearch.com.br\/n\/uploads\/2020\/07\/134a128d-auxilio-emergencial-jpg.webp\",\"datePublished\":\"2020-07-09T17:54:31+00:00\",\"description\":\"MP entrou com pedido para que TCU suspendesse pagamento do coronavoucher at\u00e9 entendimento sobre impacto or\u00e7ament\u00e1rio. Clique para ler mais.\",\"breadcrumb\":{\"@id\":\"https:\/\/www.suno.com.br\/noticias\/coronavoucher-tcu-nega-pedido-para-interromper-repasse-de-auxilio\/#breadcrumb\"},\"inLanguage\":\"pt-BR\",\"potentialAction\":[{\"@type\":\"ReadAction\",\"target\":[\"https:\/\/www.suno.com.br\/noticias\/coronavoucher-tcu-nega-pedido-para-interromper-repasse-de-auxilio\/\"]}]},{\"@type\":\"ImageObject\",\"inLanguage\":\"pt-BR\",\"@id\":\"https:\/\/www.suno.com.br\/noticias\/coronavoucher-tcu-nega-pedido-para-interromper-repasse-de-auxilio\/#primaryimage\",\"url\":\"https:\/\/files.sunoresearch.com.br\/n\/uploads\/2020\/07\/134a128d-auxilio-emergencial-jpg.webp\",\"contentUrl\":\"https:\/\/files.sunoresearch.com.br\/n\/uploads\/2020\/07\/134a128d-auxilio-emergencial-jpg.webp\",\"width\":1920,\"height\":1281,\"caption\":\"O governo vai verificar mensalmente a situa\u00e7\u00e3o empregat\u00edcia dos benefici\u00e1rios do coronavoucher e cancelar o aux\u00edlio se necess\u00e1rio.\"},{\"@type\":\"BreadcrumbList\",\"@id\":\"https:\/\/www.suno.com.br\/noticias\/coronavoucher-tcu-nega-pedido-para-interromper-repasse-de-auxilio\/#breadcrumb\",\"itemListElement\":[{\"@type\":\"ListItem\",\"position\":1,\"name\":\"Not\u00edcias\",\"item\":\"https:\/\/www.suno.com.br\/noticias\/\"},{\"@type\":\"ListItem\",\"position\":2,\"name\":\"Economia\",\"item\":\"https:\/\/www.suno.com.br\/noticias\/economia\/\"},{\"@type\":\"ListItem\",\"position\":3,\"name\":\"Coronavoucher: TCU nega pedido para interromper repasse de aux\u00edlio\"}]},{\"@type\":\"WebSite\",\"@id\":\"https:\/\/www.suno.com.br\/noticias\/#website\",\"url\":\"https:\/\/www.suno.com.br\/noticias\/\",\"name\":\"Suno Not\u00edcias\",\"description\":\"Seu portal de informa\u00e7\u00e3o sobre o mundo dos investimentos\",\"publisher\":{\"@id\":\"https:\/\/www.suno.com.br\/noticias\/#organization\"},\"potentialAction\":[{\"@type\":\"SearchAction\",\"target\":{\"@type\":\"EntryPoint\",\"urlTemplate\":\"https:\/\/www.suno.com.br\/noticias\/?s={search_term_string}\"},\"query-input\":{\"@type\":\"PropertyValueSpecification\",\"valueRequired\":true,\"valueName\":\"search_term_string\"}}],\"inLanguage\":\"pt-BR\"},{\"@type\":\"Organization\",\"@id\":\"https:\/\/www.suno.com.br\/noticias\/#organization\",\"name\":\"Suno Not\u00edcias\",\"url\":\"https:\/\/www.suno.com.br\/noticias\/\",\"logo\":{\"@type\":\"ImageObject\",\"inLanguage\":\"pt-BR\",\"@id\":\"https:\/\/www.suno.com.br\/noticias\/#\/schema\/logo\/image\/\",\"url\":\"https:\/\/files.sunoresearch.com.br\/n\/uploads\/2021\/09\/suno-logo.png\",\"contentUrl\":\"https:\/\/files.sunoresearch.com.br\/n\/uploads\/2021\/09\/suno-logo.png\",\"width\":180,\"height\":180,\"caption\":\"Suno Not\u00edcias\"},\"image\":{\"@id\":\"https:\/\/www.suno.com.br\/noticias\/#\/schema\/logo\/image\/\"},\"sameAs\":[\"https:\/\/facebook.com\/sunoresearch\",\"https:\/\/x.com\/sunoresearch\",\"https:\/\/www.instagram.com\/suno\",\"https:\/\/www.linkedin.com\/company\/suno-research\/\",\"https:\/\/www.youtube.com\/c\/sunoresearch\"]},{\"@type\":\"Person\",\"@id\":\"https:\/\/www.suno.com.br\/noticias\/#\/schema\/person\/a20761b96e4df7eb57f1f9e41be1dbf3\",\"name\":\"Vinicius Pereira\",\"image\":{\"@type\":\"ImageObject\",\"inLanguage\":\"pt-BR\",\"@id\":\"https:\/\/www.suno.com.br\/noticias\/#\/schema\/person\/image\/\",\"url\":\"https:\/\/secure.gravatar.com\/avatar\/783866b933198f5cc4c5d03fcc8b1301?s=96&r=g\",\"contentUrl\":\"https:\/\/secure.gravatar.com\/avatar\/783866b933198f5cc4c5d03fcc8b1301?s=96&r=g\",\"caption\":\"Vinicius Pereira\"},\"description\":\"Vinicius Pereira foi rep\u00f3rter de economia da Folha de S.Paulo, stringer do jornal no Canad\u00e1 e colaborador de VEJA. J\u00e1 escreveu tamb\u00e9m para BBC Brasil, The Intercept Brasil e UOL. Tem MBA em Informa\u00e7\u00f5es Econ\u00f4mico-Financeiras e Mercado de Capitais pela FIA\/B3.\",\"sameAs\":[\"https:\/\/x.com\/https:\/\/twitter.com\/viniciuspjornal\"],\"url\":\"https:\/\/www.suno.com.br\/noticias\/author\/vinicius-pereira\/\"}]}<\/script>\n<!-- \/ Yoast SEO plugin. -->","yoast_head_json":{"title":"Coronavoucher: TCU nega pedido para interromper repasse de aux\u00edlio","description":"MP entrou com pedido para que TCU suspendesse pagamento do coronavoucher at\u00e9 entendimento sobre impacto or\u00e7ament\u00e1rio. Clique para ler mais.","robots":{"index":"index","follow":"follow","max-snippet":"max-snippet:-1","max-image-preview":"max-image-preview:large","max-video-preview":"max-video-preview:-1"},"canonical":"https:\/\/www.suno.com.br\/noticias\/coronavoucher-tcu-nega-pedido-para-interromper-repasse-de-auxilio\/","og_locale":"pt_BR","og_type":"article","og_title":"Coronavoucher: TCU nega pedido para interromper repasse de aux\u00edlio","og_description":"MP entrou com pedido para que TCU suspendesse pagamento do coronavoucher at\u00e9 entendimento sobre impacto or\u00e7ament\u00e1rio. Clique para ler mais.","og_url":"https:\/\/www.suno.com.br\/noticias\/coronavoucher-tcu-nega-pedido-para-interromper-repasse-de-auxilio\/","og_site_name":"Suno Not\u00edcias","article_publisher":"https:\/\/facebook.com\/sunoresearch","og_image":[{"width":1920,"height":1281,"url":"https:\/\/files.sunoresearch.com.br\/n\/uploads\/2020\/07\/134a128d-auxilio-emergencial.jpg","type":"image\/jpeg"}],"author":"Vinicius Pereira","twitter_card":"summary_large_image","twitter_creator":"@https:\/\/twitter.com\/viniciuspjornal","twitter_site":"@sunoresearch","twitter_misc":{"Escrito por":"Vinicius Pereira","Est. tempo de leitura":"2 minutos"},"schema":{"@context":"https:\/\/schema.org","@graph":[{"@type":"NewsArticle","@id":"https:\/\/www.suno.com.br\/noticias\/coronavoucher-tcu-nega-pedido-para-interromper-repasse-de-auxilio\/#article","isPartOf":{"@id":"https:\/\/www.suno.com.br\/noticias\/coronavoucher-tcu-nega-pedido-para-interromper-repasse-de-auxilio\/"},"author":{"name":"Vinicius Pereira","@id":"https:\/\/www.suno.com.br\/noticias\/#\/schema\/person\/a20761b96e4df7eb57f1f9e41be1dbf3"},"headline":"Coronavoucher: TCU nega pedido para interromper repasse de aux\u00edlio","datePublished":"2020-07-09T17:54:31+00:00","mainEntityOfPage":{"@id":"https:\/\/www.suno.com.br\/noticias\/coronavoucher-tcu-nega-pedido-para-interromper-repasse-de-auxilio\/"},"wordCount":387,"publisher":{"@id":"https:\/\/www.suno.com.br\/noticias\/#organization"},"image":{"@id":"https:\/\/www.suno.com.br\/noticias\/coronavoucher-tcu-nega-pedido-para-interromper-repasse-de-auxilio\/#primaryimage"},"thumbnailUrl":"https:\/\/files.sunoresearch.com.br\/n\/uploads\/2020\/07\/134a128d-auxilio-emergencial-jpg.webp","keywords":["aux\u00edlio emergencial","coronavoucher","renda b\u00e1sica"],"articleSection":["Economia"],"inLanguage":"pt-BR"},{"@type":"WebPage","@id":"https:\/\/www.suno.com.br\/noticias\/coronavoucher-tcu-nega-pedido-para-interromper-repasse-de-auxilio\/","url":"https:\/\/www.suno.com.br\/noticias\/coronavoucher-tcu-nega-pedido-para-interromper-repasse-de-auxilio\/","name":"Coronavoucher: TCU nega pedido para interromper repasse de aux\u00edlio","isPartOf":{"@id":"https:\/\/www.suno.com.br\/noticias\/#website"},"primaryImageOfPage":{"@id":"https:\/\/www.suno.com.br\/noticias\/coronavoucher-tcu-nega-pedido-para-interromper-repasse-de-auxilio\/#primaryimage"},"image":{"@id":"https:\/\/www.suno.com.br\/noticias\/coronavoucher-tcu-nega-pedido-para-interromper-repasse-de-auxilio\/#primaryimage"},"thumbnailUrl":"https:\/\/files.sunoresearch.com.br\/n\/uploads\/2020\/07\/134a128d-auxilio-emergencial-jpg.webp","datePublished":"2020-07-09T17:54:31+00:00","description":"MP entrou com pedido para que TCU suspendesse pagamento do coronavoucher at\u00e9 entendimento sobre impacto or\u00e7ament\u00e1rio. Clique para ler mais.","breadcrumb":{"@id":"https:\/\/www.suno.com.br\/noticias\/coronavoucher-tcu-nega-pedido-para-interromper-repasse-de-auxilio\/#breadcrumb"},"inLanguage":"pt-BR","potentialAction":[{"@type":"ReadAction","target":["https:\/\/www.suno.com.br\/noticias\/coronavoucher-tcu-nega-pedido-para-interromper-repasse-de-auxilio\/"]}]},{"@type":"ImageObject","inLanguage":"pt-BR","@id":"https:\/\/www.suno.com.br\/noticias\/coronavoucher-tcu-nega-pedido-para-interromper-repasse-de-auxilio\/#primaryimage","url":"https:\/\/files.sunoresearch.com.br\/n\/uploads\/2020\/07\/134a128d-auxilio-emergencial-jpg.webp","contentUrl":"https:\/\/files.sunoresearch.com.br\/n\/uploads\/2020\/07\/134a128d-auxilio-emergencial-jpg.webp","width":1920,"height":1281,"caption":"O governo vai verificar mensalmente a situa\u00e7\u00e3o empregat\u00edcia dos benefici\u00e1rios do coronavoucher e cancelar o aux\u00edlio se necess\u00e1rio."},{"@type":"BreadcrumbList","@id":"https:\/\/www.suno.com.br\/noticias\/coronavoucher-tcu-nega-pedido-para-interromper-repasse-de-auxilio\/#breadcrumb","itemListElement":[{"@type":"ListItem","position":1,"name":"Not\u00edcias","item":"https:\/\/www.suno.com.br\/noticias\/"},{"@type":"ListItem","position":2,"name":"Economia","item":"https:\/\/www.suno.com.br\/noticias\/economia\/"},{"@type":"ListItem","position":3,"name":"Coronavoucher: TCU nega pedido para interromper repasse de aux\u00edlio"}]},{"@type":"WebSite","@id":"https:\/\/www.suno.com.br\/noticias\/#website","url":"https:\/\/www.suno.com.br\/noticias\/","name":"Suno Not\u00edcias","description":"Seu portal de informa\u00e7\u00e3o sobre o mundo dos investimentos","publisher":{"@id":"https:\/\/www.suno.com.br\/noticias\/#organization"},"potentialAction":[{"@type":"SearchAction","target":{"@type":"EntryPoint","urlTemplate":"https:\/\/www.suno.com.br\/noticias\/?s={search_term_string}"},"query-input":{"@type":"PropertyValueSpecification","valueRequired":true,"valueName":"search_term_string"}}],"inLanguage":"pt-BR"},{"@type":"Organization","@id":"https:\/\/www.suno.com.br\/noticias\/#organization","name":"Suno Not\u00edcias","url":"https:\/\/www.suno.com.br\/noticias\/","logo":{"@type":"ImageObject","inLanguage":"pt-BR","@id":"https:\/\/www.suno.com.br\/noticias\/#\/schema\/logo\/image\/","url":"https:\/\/files.sunoresearch.com.br\/n\/uploads\/2021\/09\/suno-logo.png","contentUrl":"https:\/\/files.sunoresearch.com.br\/n\/uploads\/2021\/09\/suno-logo.png","width":180,"height":180,"caption":"Suno Not\u00edcias"},"image":{"@id":"https:\/\/www.suno.com.br\/noticias\/#\/schema\/logo\/image\/"},"sameAs":["https:\/\/facebook.com\/sunoresearch","https:\/\/x.com\/sunoresearch","https:\/\/www.instagram.com\/suno","https:\/\/www.linkedin.com\/company\/suno-research\/","https:\/\/www.youtube.com\/c\/sunoresearch"]},{"@type":"Person","@id":"https:\/\/www.suno.com.br\/noticias\/#\/schema\/person\/a20761b96e4df7eb57f1f9e41be1dbf3","name":"Vinicius Pereira","image":{"@type":"ImageObject","inLanguage":"pt-BR","@id":"https:\/\/www.suno.com.br\/noticias\/#\/schema\/person\/image\/","url":"https:\/\/secure.gravatar.com\/avatar\/783866b933198f5cc4c5d03fcc8b1301?s=96&r=g","contentUrl":"https:\/\/secure.gravatar.com\/avatar\/783866b933198f5cc4c5d03fcc8b1301?s=96&r=g","caption":"Vinicius Pereira"},"description":"Vinicius Pereira foi rep\u00f3rter de economia da Folha de S.Paulo, stringer do jornal no Canad\u00e1 e colaborador de VEJA. J\u00e1 escreveu tamb\u00e9m para BBC Brasil, The Intercept Brasil e UOL. Tem MBA em Informa\u00e7\u00f5es Econ\u00f4mico-Financeiras e Mercado de Capitais pela FIA\/B3.","sameAs":["https:\/\/x.com\/https:\/\/twitter.com\/viniciuspjornal"],"url":"https:\/\/www.suno.com.br\/noticias\/author\/vinicius-pereira\/"}]}},"default_loop_html":"<div class=\"cardsPage__listCard__boxs\"><div class=\"cardsPage__listCard__boxs__img\"><a href=\"https:\/\/www.suno.com.br\/noticias\/coronavoucher-tcu-nega-pedido-para-interromper-repasse-de-auxilio\/\"><img class=\"mask\" src=\"https:\/\/www.suno.com.br\/noticias\/wp-content\/themes\/suno\/resources\/images\/spotlight\/spotlight1img\/bg-mask.png\" alt=\"Image Mask\"\/><img src=\"https:\/\/files.sunoresearch.com.br\/n\/uploads\/2020\/07\/134a128d-auxilio-emergencial-400x200.webp\" alt=\"Coronavoucher: TCU nega pedido para interromper repasse de aux\u00edlio\"\/><\/a><span class=\"spotlightCategory\"><a href=\"https:\/\/www.suno.com.br\/noticias\/economia\/\">Economia<\/a><\/span><\/div><div class=\"cardsPage__listCard__boxs__content\"><a href=\"https:\/\/www.suno.com.br\/noticias\/coronavoucher-tcu-nega-pedido-para-interromper-repasse-de-auxilio\/\"><h2 class=\"content__title\">Coronavoucher: TCU nega pedido para interromper repasse de aux\u00edlio<\/h2><\/a><div class=\"newsContent__article__meta\"><div class=\"newsContent__article__meta__authorBox\"><a href=\"https:\/\/www.suno.com.br\/noticias\/author\/vinicius-pereira\/\" class=\"authorBox__avatar noMobi\"><img src=\"https:\/\/files.sunoresearch.com.br\/n\/uploads\/2020\/08\/77510613-whatsapp-image-2020-08-03-at-13.40.40-150x150.webp\" alt=\"Vinicius Pereira\"><\/a><div class=\"authorBox__name\"><span>por\n\t\t\t<a href=\"https:\/\/www.suno.com.br\/noticias\/author\/vinicius-pereira\/\"><span itemprop=\"author\">Vinicius Pereira<\/span><\/a><\/span><time datetime=\"2020-07-09T14:54:31-03:00\" itemprop=\"datePublished\">09\/07\/2020 14:54<\/time><\/div><\/div><\/div><\/div><\/div>","single_layout":"posts","amp_enabled":true,"_links":{"self":[{"href":"https:\/\/www.suno.com.br\/noticias\/wp-json\/wp\/v2\/posts\/72525"}],"collection":[{"href":"https:\/\/www.suno.com.br\/noticias\/wp-json\/wp\/v2\/posts"}],"about":[{"href":"https:\/\/www.suno.com.br\/noticias\/wp-json\/wp\/v2\/types\/post"}],"author":[{"embeddable":true,"href":"https:\/\/www.suno.com.br\/noticias\/wp-json\/wp\/v2\/users\/27"}],"replies":[{"embeddable":true,"href":"https:\/\/www.suno.com.br\/noticias\/wp-json\/wp\/v2\/comments?post=72525"}],"version-history":[{"count":0,"href":"https:\/\/www.suno.com.br\/noticias\/wp-json\/wp\/v2\/posts\/72525\/revisions"}],"wp:featuredmedia":[{"embeddable":true,"href":"https:\/\/www.suno.com.br\/noticias\/wp-json\/wp\/v2\/media\/71312"}],"wp:attachment":[{"href":"https:\/\/www.suno.com.br\/noticias\/wp-json\/wp\/v2\/media?parent=72525"}],"wp:term":[{"taxonomy":"category","embeddable":true,"href":"https:\/\/www.suno.com.br\/noticias\/wp-json\/wp\/v2\/categories?post=72525"},{"taxonomy":"post_tag","embeddable":true,"href":"https:\/\/www.suno.com.br\/noticias\/wp-json\/wp\/v2\/tags?post=72525"},{"taxonomy":"suno_strategy","embeddable":true,"href":"https:\/\/www.suno.com.br\/noticias\/wp-json\/wp\/v2\/suno_strategy?post=72525"}],"curies":[{"name":"wp","href":"https:\/\/api.w.org\/{rel}","templated":true}]}}