{"id":72372,"date":"2020-07-08T16:04:59","date_gmt":"2020-07-08T19:04:59","guid":{"rendered":"https:\/\/www.suno.com.br\/noticias\/?p=72372"},"modified":"2021-06-21T05:49:35","modified_gmt":"2021-06-21T08:49:35","slug":"fmi-teme-endividamento-pede-reforma-fiscal","status":"publish","type":"post","link":"https:\/\/www.suno.com.br\/noticias\/fmi-teme-endividamento-pede-reforma-fiscal\/","title":{"rendered":"FMI teme aumento da d\u00edvida e pede reforma fiscal global ap\u00f3s crise"},"content":{"rendered":"<p>O vice-diretor gerente do <a href=\"https:\/\/www.suno.com.br\/artigos\/fmi\/\">Fundo Monet\u00e1rio Internacional (<strong>FMI<\/strong>)<\/a>, Mitsuhiro Furusawa, afirmou nesta quarta-feira (8) que a entidade est\u00e1 preocupada com o crescimento da d\u00edvida nas <a href=\"https:\/\/www.suno.com.br\/artigos\/paises-emergentes\/\">economias emergentes<\/a> e pedir\u00e1 uma reforma fiscal ap\u00f3s pandemia.<\/p>\t<div class=\"wrapper-featured-image\">\n\t\t<figure class=\"spotlightImg\">\n\n\t\t\t<picture>\n\t\t\t\t<source media=\"(max-width: 768px)\" srcset=\"https:\/\/files.sunoresearch.com.br\/n\/uploads\/2018\/11\/89819848-fundo-monet\u00e1rio-internacional-400x200.webp\">\n\t\t\t\t<img loading=\"lazy\" decoding=\"async\" class=\"newsContent__article__imgCapa lazyloadDisabled newsContent__article__imgCapa--noCaption\" src=\"https:\/\/files.sunoresearch.com.br\/n\/uploads\/2018\/11\/89819848-fundo-monet\u00e1rio-internacional-800x450.webp\" width=\"800\" height=\"450\" alt=\"FMI teme aumento da d\u00edvida e pede reforma fiscal global ap\u00f3s crise\" fetchpriority=high \/>\n\t\t\t<\/picture>\n\n\t\t\t<figcaption class=\"wp-caption-text wp-caption-text--hide\">FMI teme aumento da d\u00edvida e pede reforma fiscal global ap\u00f3s crise<\/figcaption>\n\t\t<\/figure>\n\t<\/div>\n\n\n\n<p>Furusawa chamou aten\u00e7\u00e3o para a escalada da d\u00edvida nesses pa\u00edses em raz\u00e3o dos gastos com est\u00edmulos para enfrentar a crise do novo coronav\u00edrus. Segundo o diretor do FMI, pela primeira vez na hist\u00f3ria, a <a href=\"https:\/\/www.suno.com.br\/artigos\/divida-publica\/\">d\u00edvida p\u00fablica global<\/a> deve ultrapassar o patamar de 100% do <a href=\"https:\/\/www.suno.com.br\/artigos\/pib-produto-interno-bruto\/\">Produto Interno Bruto (PIB)<\/a>, ap\u00f3s as respostas dos governos para a pandemia.<\/p>\n<p>&#8220;Quando a economia voltar aos trilhos, \u00e9 necess\u00e1rio criar uma estrutura fiscal de m\u00e9dio a longo prazo para gerenciar as finan\u00e7as p\u00fablicas adequadamente&#8221;, salientou Furusawa, durante painel de discuss\u00e3o virtual.<\/p>\n<p><a href=\"https:\/\/lp.suno.com.br\/suno-one\/\">Suno One: o primeiro passo para alcan\u00e7ar a sua independ\u00eancia financeira. Acesse agora, \u00e9 gratuito!<\/a><\/p>\n<p>&#8220;Isso estar\u00e1 entre as principais prioridades de nossas recomenda\u00e7\u00f5es de pol\u00edtica fiscal&#8221;, complementou o vice-diretor.<\/p>\n<h2>FMI precisa de&#8221;ajuste fino&#8221; nos instrumentos de empr\u00e9stimo, diz Georgieva<\/h2>\n<p>A diretora-gerente do Fundo, Kristalina Georgieva, tamb\u00e9m afirmou nesta quarta-feira que o FMI deve aperfei\u00e7oar os instrumentos de empr\u00e9stimo para pa\u00edses de baixa renda.<\/p>\n<p>Georgieva informou que mercados emergentes s\u00f3lidos emitiram US$ 124 bilh\u00f5es (cerca de R$ 662 bilh\u00f5es) no primeiro trimestre de 2020. Por outro lado, outros com fundamentos mais fr\u00e1geis n\u00e3o obtiveram f\u00e1cil acesso ao mercado de capitais.<\/p>\n<p><a href=\"https:\/\/www.suno.com.br\/noticias\/fmi-indica-muitos-paises-podem-precisar-reestruturacao-divida\/\">Saiba mais: FMI indica que muitos pa\u00edses podem precisar de reestrutura\u00e7\u00e3o da d\u00edvida<\/a><\/p>\n<p>A economista afirmou que o FMI trabalha com as economias mais desenvolvidas para transferir alguns Direitos Especiais de Saque (<strong>SDRs<\/strong>, na sigla em ingl\u00eas), a moeda especial da institui\u00e7\u00e3o internacional, para pa\u00edses mais pobres.<\/p>\n<p>Os SDRs podem ser trocados por moedas de membros do FMI, enquanto seu valor \u00e9 baseado em uma cesta de cinco dessas d\u00edvidas, incluindo o d\u00f3lar.<\/p>\n<p>O plano inicial de Georgieva foi pedir aos Estados membros que considerassem a emiss\u00e3o de novos SDRs. A medida se assemelharia com um banco central imprimindo dinheiro. O movimento foi apoiado pelo Secret\u00e1rio Geral da Organiza\u00e7\u00e3o das Na\u00e7\u00f5es Unidas (ONU), Ant\u00f3nio Guterres, bem como por outros l\u00edderes mundiais.<\/p>\n<p>Os Estados Unidos e outros pa\u00edses, entretanto, instaram a entidade a se concentrar em liberar seu US$ 1 trilh\u00e3o em empr\u00e9stimos, antes de tomar a decis\u00e3o para a medida.<\/p>\n<p>Os empr\u00e9stimos do <strong>FMI\u00a0<\/strong>s\u00e3o voltados para dar suporte aos pa\u00edses membros na resolu\u00e7\u00e3o de problemas da balan\u00e7a de pagamentos, assim como estabiliza\u00e7\u00e3o e restaura\u00e7\u00e3o do crescimento. De acordo com a economista, 72 dessas na\u00e7\u00f5es receberam financiamentos de emerg\u00eancia oferecidos pela institui\u00e7\u00e3o internacional em meio \u00e0 pandemia.<\/p>\n\n","protected":false},"excerpt":{"rendered":"<p>O vice-diretor gerente do Fundo Monet\u00e1rio Internacional (FMI), Mitsuhiro Furusawa, afirmou nesta quarta-feira (8) que a entidade est\u00e1 preocupada com o crescimento da d\u00edvida nas economias emergentes e pedir\u00e1 uma reforma fiscal ap\u00f3s pandemia. FMI teme aumento da d\u00edvida e pede reforma fiscal global ap\u00f3s crise Furusawa chamou aten\u00e7\u00e3o para a escalada da d\u00edvida nesses [&hellip;]<\/p>\n","protected":false},"author":35,"featured_media":7637,"comment_status":"closed","ping_status":"closed","sticky":false,"template":"","format":"standard","meta":[],"categories":[63],"tags":[1265,806,20375,807],"suno_strategy":[],"class_list":["post-72372","post","type-post","status-publish","format-standard","has-post-thumbnail","hentry","category-internacional","tag-divida-publica-federal","tag-fundo-monetario-internacional-fmi","tag-paises-emergentes","tag-produto-interno-bruto-pib"],"yoast_head":"<!-- This site is optimized with the Yoast SEO plugin v24.4 - https:\/\/yoast.com\/wordpress\/plugins\/seo\/ -->\n<title>FMI teme aumento da d\u00edvida e pede reforma fiscal global ap\u00f3s crise<\/title>\n<meta name=\"description\" content=\"FMI comunicou que est\u00e1 preocupado com o crescimento da d\u00edvida e pedir\u00e1 uma reforma fiscal ap\u00f3s pandemia. Clique para saber mais\" \/>\n<meta name=\"robots\" content=\"index, follow, max-snippet:-1, max-image-preview:large, max-video-preview:-1\" \/>\n<link rel=\"canonical\" href=\"https:\/\/www.suno.com.br\/noticias\/fmi-teme-endividamento-pede-reforma-fiscal\/\" \/>\n<meta property=\"og:locale\" content=\"pt_BR\" \/>\n<meta property=\"og:type\" content=\"article\" \/>\n<meta property=\"og:title\" content=\"FMI teme aumento da d\u00edvida e pede reforma fiscal global ap\u00f3s crise\" \/>\n<meta property=\"og:description\" content=\"FMI comunicou que est\u00e1 preocupado com o crescimento da d\u00edvida e pedir\u00e1 uma reforma fiscal ap\u00f3s pandemia. Clique para saber mais\" \/>\n<meta property=\"og:url\" content=\"https:\/\/www.suno.com.br\/noticias\/fmi-teme-endividamento-pede-reforma-fiscal\/\" \/>\n<meta property=\"og:site_name\" content=\"Suno Not\u00edcias\" \/>\n<meta property=\"article:publisher\" content=\"https:\/\/facebook.com\/sunoresearch\" \/>\n<meta property=\"og:image\" content=\"https:\/\/files.sunoresearch.com.br\/n\/uploads\/2018\/11\/89819848-fundo-monet\u00e1rio-internacional.jpeg\" \/>\n\t<meta property=\"og:image:width\" content=\"980\" \/>\n\t<meta property=\"og:image:height\" content=\"590\" \/>\n\t<meta property=\"og:image:type\" content=\"image\/jpeg\" \/>\n<meta name=\"author\" content=\"Arthur Guimar\u00e3es\" \/>\n<meta name=\"twitter:card\" content=\"summary_large_image\" \/>\n<meta name=\"twitter:creator\" content=\"@sunoresearch\" \/>\n<meta name=\"twitter:site\" content=\"@sunoresearch\" \/>\n<meta name=\"twitter:label1\" content=\"Escrito por\" \/>\n\t<meta name=\"twitter:data1\" content=\"Arthur Guimar\u00e3es\" \/>\n\t<meta name=\"twitter:label2\" content=\"Est. tempo de leitura\" \/>\n\t<meta name=\"twitter:data2\" content=\"2 minutos\" \/>\n<script type=\"application\/ld+json\" class=\"yoast-schema-graph\">{\"@context\":\"https:\/\/schema.org\",\"@graph\":[{\"@type\":\"NewsArticle\",\"@id\":\"https:\/\/www.suno.com.br\/noticias\/fmi-teme-endividamento-pede-reforma-fiscal\/#article\",\"isPartOf\":{\"@id\":\"https:\/\/www.suno.com.br\/noticias\/fmi-teme-endividamento-pede-reforma-fiscal\/\"},\"author\":{\"name\":\"Arthur Guimar\u00e3es\",\"@id\":\"https:\/\/www.suno.com.br\/noticias\/#\/schema\/person\/053a750a709a263919a20f976caae91c\"},\"headline\":\"FMI teme aumento da d\u00edvida e pede reforma fiscal global ap\u00f3s crise\",\"datePublished\":\"2020-07-08T19:04:59+00:00\",\"dateModified\":\"2021-06-21T08:49:35+00:00\",\"mainEntityOfPage\":{\"@id\":\"https:\/\/www.suno.com.br\/noticias\/fmi-teme-endividamento-pede-reforma-fiscal\/\"},\"wordCount\":490,\"publisher\":{\"@id\":\"https:\/\/www.suno.com.br\/noticias\/#organization\"},\"image\":{\"@id\":\"https:\/\/www.suno.com.br\/noticias\/fmi-teme-endividamento-pede-reforma-fiscal\/#primaryimage\"},\"thumbnailUrl\":\"https:\/\/files.sunoresearch.com.br\/n\/uploads\/2018\/11\/89819848-fundo-monet\u00e1rio-internacional-jpeg.webp\",\"keywords\":[\"D\u00edvida P\u00fablica Federal\",\"Fundo Monet\u00e1rio Internacional (FMI)\",\"pa\u00edses emergentes\",\"Produto Interno Bruto (PIB)\"],\"articleSection\":[\"Internacional\"],\"inLanguage\":\"pt-BR\"},{\"@type\":\"WebPage\",\"@id\":\"https:\/\/www.suno.com.br\/noticias\/fmi-teme-endividamento-pede-reforma-fiscal\/\",\"url\":\"https:\/\/www.suno.com.br\/noticias\/fmi-teme-endividamento-pede-reforma-fiscal\/\",\"name\":\"FMI teme aumento da d\u00edvida e pede reforma fiscal global ap\u00f3s crise\",\"isPartOf\":{\"@id\":\"https:\/\/www.suno.com.br\/noticias\/#website\"},\"primaryImageOfPage\":{\"@id\":\"https:\/\/www.suno.com.br\/noticias\/fmi-teme-endividamento-pede-reforma-fiscal\/#primaryimage\"},\"image\":{\"@id\":\"https:\/\/www.suno.com.br\/noticias\/fmi-teme-endividamento-pede-reforma-fiscal\/#primaryimage\"},\"thumbnailUrl\":\"https:\/\/files.sunoresearch.com.br\/n\/uploads\/2018\/11\/89819848-fundo-monet\u00e1rio-internacional-jpeg.webp\",\"datePublished\":\"2020-07-08T19:04:59+00:00\",\"dateModified\":\"2021-06-21T08:49:35+00:00\",\"description\":\"FMI comunicou que est\u00e1 preocupado com o crescimento da d\u00edvida e pedir\u00e1 uma reforma fiscal ap\u00f3s pandemia. Clique para saber mais\",\"breadcrumb\":{\"@id\":\"https:\/\/www.suno.com.br\/noticias\/fmi-teme-endividamento-pede-reforma-fiscal\/#breadcrumb\"},\"inLanguage\":\"pt-BR\",\"potentialAction\":[{\"@type\":\"ReadAction\",\"target\":[\"https:\/\/www.suno.com.br\/noticias\/fmi-teme-endividamento-pede-reforma-fiscal\/\"]}]},{\"@type\":\"ImageObject\",\"inLanguage\":\"pt-BR\",\"@id\":\"https:\/\/www.suno.com.br\/noticias\/fmi-teme-endividamento-pede-reforma-fiscal\/#primaryimage\",\"url\":\"https:\/\/files.sunoresearch.com.br\/n\/uploads\/2018\/11\/89819848-fundo-monet\u00e1rio-internacional-jpeg.webp\",\"contentUrl\":\"https:\/\/files.sunoresearch.com.br\/n\/uploads\/2018\/11\/89819848-fundo-monet\u00e1rio-internacional-jpeg.webp\",\"width\":980,\"height\":590,\"caption\":\"FMI teme aumento da d\u00edvida e pede reforma fiscal global ap\u00f3s crise\"},{\"@type\":\"BreadcrumbList\",\"@id\":\"https:\/\/www.suno.com.br\/noticias\/fmi-teme-endividamento-pede-reforma-fiscal\/#breadcrumb\",\"itemListElement\":[{\"@type\":\"ListItem\",\"position\":1,\"name\":\"Not\u00edcias\",\"item\":\"https:\/\/www.suno.com.br\/noticias\/\"},{\"@type\":\"ListItem\",\"position\":2,\"name\":\"Internacional\",\"item\":\"https:\/\/www.suno.com.br\/noticias\/internacional\/\"},{\"@type\":\"ListItem\",\"position\":3,\"name\":\"FMI teme aumento da d\u00edvida e pede reforma fiscal global ap\u00f3s crise\"}]},{\"@type\":\"WebSite\",\"@id\":\"https:\/\/www.suno.com.br\/noticias\/#website\",\"url\":\"https:\/\/www.suno.com.br\/noticias\/\",\"name\":\"Suno Not\u00edcias\",\"description\":\"Seu portal de informa\u00e7\u00e3o sobre o mundo dos investimentos\",\"publisher\":{\"@id\":\"https:\/\/www.suno.com.br\/noticias\/#organization\"},\"potentialAction\":[{\"@type\":\"SearchAction\",\"target\":{\"@type\":\"EntryPoint\",\"urlTemplate\":\"https:\/\/www.suno.com.br\/noticias\/?s={search_term_string}\"},\"query-input\":{\"@type\":\"PropertyValueSpecification\",\"valueRequired\":true,\"valueName\":\"search_term_string\"}}],\"inLanguage\":\"pt-BR\"},{\"@type\":\"Organization\",\"@id\":\"https:\/\/www.suno.com.br\/noticias\/#organization\",\"name\":\"Suno Not\u00edcias\",\"url\":\"https:\/\/www.suno.com.br\/noticias\/\",\"logo\":{\"@type\":\"ImageObject\",\"inLanguage\":\"pt-BR\",\"@id\":\"https:\/\/www.suno.com.br\/noticias\/#\/schema\/logo\/image\/\",\"url\":\"https:\/\/files.sunoresearch.com.br\/n\/uploads\/2021\/09\/suno-logo.png\",\"contentUrl\":\"https:\/\/files.sunoresearch.com.br\/n\/uploads\/2021\/09\/suno-logo.png\",\"width\":180,\"height\":180,\"caption\":\"Suno Not\u00edcias\"},\"image\":{\"@id\":\"https:\/\/www.suno.com.br\/noticias\/#\/schema\/logo\/image\/\"},\"sameAs\":[\"https:\/\/facebook.com\/sunoresearch\",\"https:\/\/x.com\/sunoresearch\",\"https:\/\/www.instagram.com\/suno\",\"https:\/\/www.linkedin.com\/company\/suno-research\/\",\"https:\/\/www.youtube.com\/c\/sunoresearch\"]},{\"@type\":\"Person\",\"@id\":\"https:\/\/www.suno.com.br\/noticias\/#\/schema\/person\/053a750a709a263919a20f976caae91c\",\"name\":\"Arthur Guimar\u00e3es\",\"image\":{\"@type\":\"ImageObject\",\"inLanguage\":\"pt-BR\",\"@id\":\"https:\/\/www.suno.com.br\/noticias\/#\/schema\/person\/image\/\",\"url\":\"https:\/\/secure.gravatar.com\/avatar\/1affd86a11209ae09eb6dd3bcad3e96c?s=96&r=g\",\"contentUrl\":\"https:\/\/secure.gravatar.com\/avatar\/1affd86a11209ae09eb6dd3bcad3e96c?s=96&r=g\",\"caption\":\"Arthur Guimar\u00e3es\"},\"description\":\"Arthur Guimar\u00e3es escreve sobre pol\u00edtica, economia e neg\u00f3cios para o portal de not\u00edcias da Suno Research. Atualmente, \u00e9 estudante de jornalismo pela Faculdade C\u00e1sper L\u00edbero.\",\"url\":\"https:\/\/www.suno.com.br\/noticias\/author\/arthur-guimaraes\/\"}]}<\/script>\n<!-- \/ Yoast SEO plugin. -->","yoast_head_json":{"title":"FMI teme aumento da d\u00edvida e pede reforma fiscal global ap\u00f3s crise","description":"FMI comunicou que est\u00e1 preocupado com o crescimento da d\u00edvida e pedir\u00e1 uma reforma fiscal ap\u00f3s pandemia. Clique para saber mais","robots":{"index":"index","follow":"follow","max-snippet":"max-snippet:-1","max-image-preview":"max-image-preview:large","max-video-preview":"max-video-preview:-1"},"canonical":"https:\/\/www.suno.com.br\/noticias\/fmi-teme-endividamento-pede-reforma-fiscal\/","og_locale":"pt_BR","og_type":"article","og_title":"FMI teme aumento da d\u00edvida e pede reforma fiscal global ap\u00f3s crise","og_description":"FMI comunicou que est\u00e1 preocupado com o crescimento da d\u00edvida e pedir\u00e1 uma reforma fiscal ap\u00f3s pandemia. Clique para saber mais","og_url":"https:\/\/www.suno.com.br\/noticias\/fmi-teme-endividamento-pede-reforma-fiscal\/","og_site_name":"Suno Not\u00edcias","article_publisher":"https:\/\/facebook.com\/sunoresearch","og_image":[{"width":980,"height":590,"url":"https:\/\/files.sunoresearch.com.br\/n\/uploads\/2018\/11\/89819848-fundo-monet\u00e1rio-internacional.jpeg","type":"image\/jpeg"}],"author":"Arthur Guimar\u00e3es","twitter_card":"summary_large_image","twitter_creator":"@sunoresearch","twitter_site":"@sunoresearch","twitter_misc":{"Escrito por":"Arthur Guimar\u00e3es","Est. tempo de leitura":"2 minutos"},"schema":{"@context":"https:\/\/schema.org","@graph":[{"@type":"NewsArticle","@id":"https:\/\/www.suno.com.br\/noticias\/fmi-teme-endividamento-pede-reforma-fiscal\/#article","isPartOf":{"@id":"https:\/\/www.suno.com.br\/noticias\/fmi-teme-endividamento-pede-reforma-fiscal\/"},"author":{"name":"Arthur Guimar\u00e3es","@id":"https:\/\/www.suno.com.br\/noticias\/#\/schema\/person\/053a750a709a263919a20f976caae91c"},"headline":"FMI teme aumento da d\u00edvida e pede reforma fiscal global ap\u00f3s crise","datePublished":"2020-07-08T19:04:59+00:00","dateModified":"2021-06-21T08:49:35+00:00","mainEntityOfPage":{"@id":"https:\/\/www.suno.com.br\/noticias\/fmi-teme-endividamento-pede-reforma-fiscal\/"},"wordCount":490,"publisher":{"@id":"https:\/\/www.suno.com.br\/noticias\/#organization"},"image":{"@id":"https:\/\/www.suno.com.br\/noticias\/fmi-teme-endividamento-pede-reforma-fiscal\/#primaryimage"},"thumbnailUrl":"https:\/\/files.sunoresearch.com.br\/n\/uploads\/2018\/11\/89819848-fundo-monet\u00e1rio-internacional-jpeg.webp","keywords":["D\u00edvida P\u00fablica Federal","Fundo Monet\u00e1rio Internacional (FMI)","pa\u00edses emergentes","Produto Interno Bruto (PIB)"],"articleSection":["Internacional"],"inLanguage":"pt-BR"},{"@type":"WebPage","@id":"https:\/\/www.suno.com.br\/noticias\/fmi-teme-endividamento-pede-reforma-fiscal\/","url":"https:\/\/www.suno.com.br\/noticias\/fmi-teme-endividamento-pede-reforma-fiscal\/","name":"FMI teme aumento da d\u00edvida e pede reforma fiscal global ap\u00f3s crise","isPartOf":{"@id":"https:\/\/www.suno.com.br\/noticias\/#website"},"primaryImageOfPage":{"@id":"https:\/\/www.suno.com.br\/noticias\/fmi-teme-endividamento-pede-reforma-fiscal\/#primaryimage"},"image":{"@id":"https:\/\/www.suno.com.br\/noticias\/fmi-teme-endividamento-pede-reforma-fiscal\/#primaryimage"},"thumbnailUrl":"https:\/\/files.sunoresearch.com.br\/n\/uploads\/2018\/11\/89819848-fundo-monet\u00e1rio-internacional-jpeg.webp","datePublished":"2020-07-08T19:04:59+00:00","dateModified":"2021-06-21T08:49:35+00:00","description":"FMI comunicou que est\u00e1 preocupado com o crescimento da d\u00edvida e pedir\u00e1 uma reforma fiscal ap\u00f3s pandemia. Clique para saber mais","breadcrumb":{"@id":"https:\/\/www.suno.com.br\/noticias\/fmi-teme-endividamento-pede-reforma-fiscal\/#breadcrumb"},"inLanguage":"pt-BR","potentialAction":[{"@type":"ReadAction","target":["https:\/\/www.suno.com.br\/noticias\/fmi-teme-endividamento-pede-reforma-fiscal\/"]}]},{"@type":"ImageObject","inLanguage":"pt-BR","@id":"https:\/\/www.suno.com.br\/noticias\/fmi-teme-endividamento-pede-reforma-fiscal\/#primaryimage","url":"https:\/\/files.sunoresearch.com.br\/n\/uploads\/2018\/11\/89819848-fundo-monet\u00e1rio-internacional-jpeg.webp","contentUrl":"https:\/\/files.sunoresearch.com.br\/n\/uploads\/2018\/11\/89819848-fundo-monet\u00e1rio-internacional-jpeg.webp","width":980,"height":590,"caption":"FMI teme aumento da d\u00edvida e pede reforma fiscal global ap\u00f3s crise"},{"@type":"BreadcrumbList","@id":"https:\/\/www.suno.com.br\/noticias\/fmi-teme-endividamento-pede-reforma-fiscal\/#breadcrumb","itemListElement":[{"@type":"ListItem","position":1,"name":"Not\u00edcias","item":"https:\/\/www.suno.com.br\/noticias\/"},{"@type":"ListItem","position":2,"name":"Internacional","item":"https:\/\/www.suno.com.br\/noticias\/internacional\/"},{"@type":"ListItem","position":3,"name":"FMI teme aumento da d\u00edvida e pede reforma fiscal global ap\u00f3s crise"}]},{"@type":"WebSite","@id":"https:\/\/www.suno.com.br\/noticias\/#website","url":"https:\/\/www.suno.com.br\/noticias\/","name":"Suno Not\u00edcias","description":"Seu portal de informa\u00e7\u00e3o sobre o mundo dos investimentos","publisher":{"@id":"https:\/\/www.suno.com.br\/noticias\/#organization"},"potentialAction":[{"@type":"SearchAction","target":{"@type":"EntryPoint","urlTemplate":"https:\/\/www.suno.com.br\/noticias\/?s={search_term_string}"},"query-input":{"@type":"PropertyValueSpecification","valueRequired":true,"valueName":"search_term_string"}}],"inLanguage":"pt-BR"},{"@type":"Organization","@id":"https:\/\/www.suno.com.br\/noticias\/#organization","name":"Suno Not\u00edcias","url":"https:\/\/www.suno.com.br\/noticias\/","logo":{"@type":"ImageObject","inLanguage":"pt-BR","@id":"https:\/\/www.suno.com.br\/noticias\/#\/schema\/logo\/image\/","url":"https:\/\/files.sunoresearch.com.br\/n\/uploads\/2021\/09\/suno-logo.png","contentUrl":"https:\/\/files.sunoresearch.com.br\/n\/uploads\/2021\/09\/suno-logo.png","width":180,"height":180,"caption":"Suno Not\u00edcias"},"image":{"@id":"https:\/\/www.suno.com.br\/noticias\/#\/schema\/logo\/image\/"},"sameAs":["https:\/\/facebook.com\/sunoresearch","https:\/\/x.com\/sunoresearch","https:\/\/www.instagram.com\/suno","https:\/\/www.linkedin.com\/company\/suno-research\/","https:\/\/www.youtube.com\/c\/sunoresearch"]},{"@type":"Person","@id":"https:\/\/www.suno.com.br\/noticias\/#\/schema\/person\/053a750a709a263919a20f976caae91c","name":"Arthur Guimar\u00e3es","image":{"@type":"ImageObject","inLanguage":"pt-BR","@id":"https:\/\/www.suno.com.br\/noticias\/#\/schema\/person\/image\/","url":"https:\/\/secure.gravatar.com\/avatar\/1affd86a11209ae09eb6dd3bcad3e96c?s=96&r=g","contentUrl":"https:\/\/secure.gravatar.com\/avatar\/1affd86a11209ae09eb6dd3bcad3e96c?s=96&r=g","caption":"Arthur Guimar\u00e3es"},"description":"Arthur Guimar\u00e3es escreve sobre pol\u00edtica, economia e neg\u00f3cios para o portal de not\u00edcias da Suno Research. Atualmente, \u00e9 estudante de jornalismo pela Faculdade C\u00e1sper L\u00edbero.","url":"https:\/\/www.suno.com.br\/noticias\/author\/arthur-guimaraes\/"}]}},"default_loop_html":"<div class=\"cardsPage__listCard__boxs\"><div class=\"cardsPage__listCard__boxs__img\"><a href=\"https:\/\/www.suno.com.br\/noticias\/fmi-teme-endividamento-pede-reforma-fiscal\/\"><img class=\"mask\" src=\"https:\/\/www.suno.com.br\/noticias\/wp-content\/themes\/suno\/resources\/images\/spotlight\/spotlight1img\/bg-mask.png\" alt=\"Image Mask\"\/><img src=\"https:\/\/files.sunoresearch.com.br\/n\/uploads\/2018\/11\/89819848-fundo-monet\u00e1rio-internacional-400x200.webp\" alt=\"FMI teme aumento da d\u00edvida e pede reforma fiscal global ap\u00f3s crise\"\/><\/a><span class=\"spotlightCategory\"><a href=\"https:\/\/www.suno.com.br\/noticias\/internacional\/\">Internacional<\/a><\/span><\/div><div class=\"cardsPage__listCard__boxs__content\"><a href=\"https:\/\/www.suno.com.br\/noticias\/fmi-teme-endividamento-pede-reforma-fiscal\/\"><h2 class=\"content__title\">FMI teme aumento da d\u00edvida e pede reforma fiscal global ap\u00f3s crise<\/h2><\/a><div class=\"newsContent__article__meta\"><div class=\"newsContent__article__meta__authorBox\"><a href=\"https:\/\/www.suno.com.br\/noticias\/author\/arthur-guimaraes\/\" class=\"authorBox__avatar noMobi\"><img src=\"https:\/\/files.sunoresearch.com.br\/n\/uploads\/2020\/02\/dfb40897-eu-150x150.webp\" alt=\"Arthur Guimar\u00e3es\"><\/a><div class=\"authorBox__name\"><span>por\n\t\t\t<a href=\"https:\/\/www.suno.com.br\/noticias\/author\/arthur-guimaraes\/\"><span itemprop=\"author\">Arthur Guimar\u00e3es<\/span><\/a><\/span><time datetime=\"2020-07-08T16:04:59-03:00\" itemprop=\"datePublished\">08\/07\/2020 16:04<\/time><\/div><\/div><\/div><\/div><\/div>","single_layout":"posts","amp_enabled":true,"_links":{"self":[{"href":"https:\/\/www.suno.com.br\/noticias\/wp-json\/wp\/v2\/posts\/72372"}],"collection":[{"href":"https:\/\/www.suno.com.br\/noticias\/wp-json\/wp\/v2\/posts"}],"about":[{"href":"https:\/\/www.suno.com.br\/noticias\/wp-json\/wp\/v2\/types\/post"}],"author":[{"embeddable":true,"href":"https:\/\/www.suno.com.br\/noticias\/wp-json\/wp\/v2\/users\/35"}],"replies":[{"embeddable":true,"href":"https:\/\/www.suno.com.br\/noticias\/wp-json\/wp\/v2\/comments?post=72372"}],"version-history":[{"count":1,"href":"https:\/\/www.suno.com.br\/noticias\/wp-json\/wp\/v2\/posts\/72372\/revisions"}],"predecessor-version":[{"id":159636,"href":"https:\/\/www.suno.com.br\/noticias\/wp-json\/wp\/v2\/posts\/72372\/revisions\/159636"}],"wp:featuredmedia":[{"embeddable":true,"href":"https:\/\/www.suno.com.br\/noticias\/wp-json\/wp\/v2\/media\/7637"}],"wp:attachment":[{"href":"https:\/\/www.suno.com.br\/noticias\/wp-json\/wp\/v2\/media?parent=72372"}],"wp:term":[{"taxonomy":"category","embeddable":true,"href":"https:\/\/www.suno.com.br\/noticias\/wp-json\/wp\/v2\/categories?post=72372"},{"taxonomy":"post_tag","embeddable":true,"href":"https:\/\/www.suno.com.br\/noticias\/wp-json\/wp\/v2\/tags?post=72372"},{"taxonomy":"suno_strategy","embeddable":true,"href":"https:\/\/www.suno.com.br\/noticias\/wp-json\/wp\/v2\/suno_strategy?post=72372"}],"curies":[{"name":"wp","href":"https:\/\/api.w.org\/{rel}","templated":true}]}}