{"id":72281,"date":"2020-07-08T09:01:47","date_gmt":"2020-07-08T12:01:47","guid":{"rendered":"https:\/\/www.suno.com.br\/noticias\/?p=72281"},"modified":"2020-07-08T09:53:12","modified_gmt":"2020-07-08T12:53:12","slug":"vendas-no-varejo-maio-ibge","status":"publish","type":"post","link":"https:\/\/www.suno.com.br\/noticias\/vendas-no-varejo-maio-ibge\/","title":{"rendered":"Vendas no Varejo avan\u00e7am 13,9% em maio, diz IBGE"},"content":{"rendered":"<p>O com\u00e9rcio varejista registrou uma alta no volume de vendas em maio frente ao m\u00eas de abril. O avan\u00e7o nas <strong>vendas no varejo<\/strong> foi de 13,9% em rela\u00e7\u00e3o ao m\u00eas anterior. Esta foi a maior alta da s\u00e9rie hist\u00f3rica da pesquisa, iniciada em janeiro de 2000. O crescimento acontece ap\u00f3s o m\u00eas de abril registrar um recuo recorde de 16,3% em compara\u00e7\u00e3o a mar\u00e7o. Os dados foram divulgados nesta quarta-feira (8) pelo Instituto Brasileiro de Geografia e Estat\u00edstica (IBGE).<\/p>\t<div class=\"wrapper-featured-image\">\n\t\t<figure class=\"spotlightImg\">\n\n\t\t\t<picture>\n\t\t\t\t<source media=\"(max-width: 768px)\" srcset=\"https:\/\/files.sunoresearch.com.br\/n\/uploads\/2020\/05\/9b51fb46-varejo-400x200.webp\">\n\t\t\t\t<img loading=\"lazy\" decoding=\"async\" class=\"newsContent__article__imgCapa lazyloadDisabled newsContent__article__imgCapa--noCaption\" src=\"https:\/\/files.sunoresearch.com.br\/n\/uploads\/2020\/05\/9b51fb46-varejo-800x450.webp\" width=\"800\" height=\"450\" alt=\"Vendas no Varejo avan\u00e7am 13,9% em maio, diz IBGE\" fetchpriority=high \/>\n\t\t\t<\/picture>\n\n\t\t\t<figcaption class=\"wp-caption-text wp-caption-text--hide\"> Um estudo aponta que grande parte das empresas est\u00e1 otimista em rela\u00e7\u00e3o a vendas na Black Friday.<\/figcaption>\n\t\t<\/figure>\n\t<\/div>\n\n\n\n<p>Na s\u00e9rie sem ajuste sazonal, em rela\u00e7\u00e3o a maio de 2019, o com\u00e9rcio varejista registrou uma queda de 7,2%. No acumulado do ano, as vendas no varejo tiveram queda de 3,9%. O acumulado nos \u00faltimos 12 meses, entretanto, permanece est\u00e1vel em 0,0%.<\/p>\n<p>O avan\u00e7o em maio indicou uma recupera\u00e7\u00e3o do <strong>com\u00e9rcio varejista<\/strong> depois de dois meses de queda por conta da pandemia de coronav\u00edrus e o isolamento social iniciado em mar\u00e7o de 2020. O m\u00eas em quest\u00e3o apresentou taxas positivas em todas as oito atividades pesquisadas.<\/p>\n<p><a href=\"https:\/\/lp.suno.com.br\/suno-one\/\">No Suno One voc\u00ea aprende a fazer seu dinheiro trabalhar para voc\u00ea. Cadastre-se gratuitamente agora!<\/a><\/p>\n<p>No com\u00e9rcio varejista ampliado, que inclui ve\u00edculos, motos, partes e pe\u00e7as e material de constru\u00e7\u00e3o, o volume de vendas avan\u00e7ou 19,6% em rela\u00e7\u00e3o a abril. Em compara\u00e7\u00e3o a maio do ano passado, o com\u00e9rcio varejista ampliado recuou 14,9%. O acumulado em 2020 teve queda de 8,6%, contra recuo de 6,9% no m\u00eas anterior. O acumulado nos \u00faltimos 12 meses foi de -1%.<\/p>\n<p>Todas as oito atividades pesquisadas, na s\u00e9rie com ajuste sazonal, de abril a maio tiveram alta nas vendas no varejo:<\/p>\n<ul>\n<li>Tecidos, vestu\u00e1rio e cal\u00e7ados (100,6%)<\/li>\n<li>M\u00f3veis e eletrodom\u00e9sticos (47,5%)<\/li>\n<li>Outros artigos de uso pessoal e dom\u00e9stico (45,2%)<\/li>\n<li>Livros, jornais, revistas e papelaria (18,5%)<\/li>\n<li>Equipamentos e material para escrit\u00f3rio, inform\u00e1tica e comunica\u00e7\u00e3o (16,6%)<\/li>\n<li>Artigos farmac\u00eauticos, m\u00e9dicos, ortop\u00e9dicos, de perfumaria e cosm\u00e9ticos (10,3%)<\/li>\n<li>Hipermercados, supermercados, produtos aliment\u00edcios, bebidas e fumo (7,1%)<\/li>\n<li>Combust\u00edveis e lubrificantes (5,9%).<\/li>\n<\/ul>\n<p><a href=\"https:\/\/www.suno.com.br\/noticias\/investimentos-brasil-crescem-maio\/\">Veja tamb\u00e9m: Investimentos no Brasil t\u00eam alta de 28,2% em maio, aponta Ipea<\/a><\/p>\n<p>Em rela\u00e7\u00e3o ao avan\u00e7o por regi\u00e3o nas <strong>vendas no varejo<\/strong>, as 27 Unidades da Federa\u00e7\u00e3o apresentaram alta. As regi\u00f5es de mais destaque foram: Rond\u00f4nia (36,8%), Paran\u00e1 (20,0%) e Goi\u00e1s (19,4%).<\/p>\n\n","protected":false},"excerpt":{"rendered":"<p>O com\u00e9rcio varejista registrou uma alta no volume de vendas em maio frente ao m\u00eas de abril. O avan\u00e7o nas vendas no varejo foi de 13,9% em rela\u00e7\u00e3o ao m\u00eas anterior. Esta foi a maior alta da s\u00e9rie hist\u00f3rica da pesquisa, iniciada em janeiro de 2000. O crescimento acontece ap\u00f3s o m\u00eas de abril registrar [&hellip;]<\/p>\n","protected":false},"author":19,"featured_media":65144,"comment_status":"closed","ping_status":"closed","sticky":false,"template":"","format":"standard","meta":[],"categories":[62],"tags":[803],"suno_strategy":[],"class_list":["post-72281","post","type-post","status-publish","format-standard","has-post-thumbnail","hentry","category-economia","tag-varejo"],"yoast_head":"<!-- This site is optimized with the Yoast SEO plugin v24.4 - https:\/\/yoast.com\/wordpress\/plugins\/seo\/ -->\n<title>Vendas no Varejo avan\u00e7am 13,9% em maio, diz IBGE<\/title>\n<meta name=\"description\" content=\"O com\u00e9rcio varejista registrou uma alta no volume de vendas no varejo em maio, de 13,9%, frente ao m\u00eas de abril. Clique e saiba mais.\" \/>\n<meta name=\"robots\" content=\"index, follow, max-snippet:-1, max-image-preview:large, max-video-preview:-1\" \/>\n<link rel=\"canonical\" href=\"https:\/\/www.suno.com.br\/noticias\/vendas-no-varejo-maio-ibge\/\" \/>\n<meta property=\"og:locale\" content=\"pt_BR\" \/>\n<meta property=\"og:type\" content=\"article\" \/>\n<meta property=\"og:title\" content=\"Vendas no Varejo avan\u00e7am 13,9% em maio, diz IBGE\" \/>\n<meta property=\"og:description\" content=\"O com\u00e9rcio varejista registrou uma alta no volume de vendas no varejo em maio, de 13,9%, frente ao m\u00eas de abril. Clique e saiba mais.\" \/>\n<meta property=\"og:url\" content=\"https:\/\/www.suno.com.br\/noticias\/vendas-no-varejo-maio-ibge\/\" \/>\n<meta property=\"og:site_name\" content=\"Suno Not\u00edcias\" \/>\n<meta property=\"article:publisher\" content=\"https:\/\/facebook.com\/sunoresearch\" \/>\n<meta property=\"og:image\" content=\"https:\/\/files.sunoresearch.com.br\/n\/uploads\/2020\/05\/9b51fb46-varejo.jpg\" \/>\n\t<meta property=\"og:image:width\" content=\"1200\" \/>\n\t<meta property=\"og:image:height\" content=\"800\" \/>\n\t<meta property=\"og:image:type\" content=\"image\/jpeg\" \/>\n<meta name=\"author\" content=\"Juliano Passaro\" \/>\n<meta name=\"twitter:card\" content=\"summary_large_image\" \/>\n<meta name=\"twitter:creator\" content=\"@sunoresearch\" \/>\n<meta name=\"twitter:site\" content=\"@sunoresearch\" \/>\n<meta name=\"twitter:label1\" content=\"Escrito por\" \/>\n\t<meta name=\"twitter:data1\" content=\"Juliano Passaro\" \/>\n\t<meta name=\"twitter:label2\" content=\"Est. tempo de leitura\" \/>\n\t<meta name=\"twitter:data2\" content=\"2 minutos\" \/>\n<script type=\"application\/ld+json\" class=\"yoast-schema-graph\">{\"@context\":\"https:\/\/schema.org\",\"@graph\":[{\"@type\":\"NewsArticle\",\"@id\":\"https:\/\/www.suno.com.br\/noticias\/vendas-no-varejo-maio-ibge\/#article\",\"isPartOf\":{\"@id\":\"https:\/\/www.suno.com.br\/noticias\/vendas-no-varejo-maio-ibge\/\"},\"author\":{\"name\":\"Juliano Passaro\",\"@id\":\"https:\/\/www.suno.com.br\/noticias\/#\/schema\/person\/1db762f78ffd8919a648a63e425953e3\"},\"headline\":\"Vendas no Varejo avan\u00e7am 13,9% em maio, diz IBGE\",\"datePublished\":\"2020-07-08T12:01:47+00:00\",\"dateModified\":\"2020-07-08T12:53:12+00:00\",\"mainEntityOfPage\":{\"@id\":\"https:\/\/www.suno.com.br\/noticias\/vendas-no-varejo-maio-ibge\/\"},\"wordCount\":402,\"publisher\":{\"@id\":\"https:\/\/www.suno.com.br\/noticias\/#organization\"},\"image\":{\"@id\":\"https:\/\/www.suno.com.br\/noticias\/vendas-no-varejo-maio-ibge\/#primaryimage\"},\"thumbnailUrl\":\"https:\/\/files.sunoresearch.com.br\/n\/uploads\/2020\/05\/9b51fb46-varejo-jpg.webp\",\"keywords\":[\"varejo\"],\"articleSection\":[\"Economia\"],\"inLanguage\":\"pt-BR\"},{\"@type\":\"WebPage\",\"@id\":\"https:\/\/www.suno.com.br\/noticias\/vendas-no-varejo-maio-ibge\/\",\"url\":\"https:\/\/www.suno.com.br\/noticias\/vendas-no-varejo-maio-ibge\/\",\"name\":\"Vendas no Varejo avan\u00e7am 13,9% em maio, diz IBGE\",\"isPartOf\":{\"@id\":\"https:\/\/www.suno.com.br\/noticias\/#website\"},\"primaryImageOfPage\":{\"@id\":\"https:\/\/www.suno.com.br\/noticias\/vendas-no-varejo-maio-ibge\/#primaryimage\"},\"image\":{\"@id\":\"https:\/\/www.suno.com.br\/noticias\/vendas-no-varejo-maio-ibge\/#primaryimage\"},\"thumbnailUrl\":\"https:\/\/files.sunoresearch.com.br\/n\/uploads\/2020\/05\/9b51fb46-varejo-jpg.webp\",\"datePublished\":\"2020-07-08T12:01:47+00:00\",\"dateModified\":\"2020-07-08T12:53:12+00:00\",\"description\":\"O com\u00e9rcio varejista registrou uma alta no volume de vendas no varejo em maio, de 13,9%, frente ao m\u00eas de abril. Clique e saiba mais.\",\"breadcrumb\":{\"@id\":\"https:\/\/www.suno.com.br\/noticias\/vendas-no-varejo-maio-ibge\/#breadcrumb\"},\"inLanguage\":\"pt-BR\",\"potentialAction\":[{\"@type\":\"ReadAction\",\"target\":[\"https:\/\/www.suno.com.br\/noticias\/vendas-no-varejo-maio-ibge\/\"]}]},{\"@type\":\"ImageObject\",\"inLanguage\":\"pt-BR\",\"@id\":\"https:\/\/www.suno.com.br\/noticias\/vendas-no-varejo-maio-ibge\/#primaryimage\",\"url\":\"https:\/\/files.sunoresearch.com.br\/n\/uploads\/2020\/05\/9b51fb46-varejo-jpg.webp\",\"contentUrl\":\"https:\/\/files.sunoresearch.com.br\/n\/uploads\/2020\/05\/9b51fb46-varejo-jpg.webp\",\"width\":1200,\"height\":800,\"caption\":\"Um estudo aponta que grande parte das empresas est\u00e1 otimista em rela\u00e7\u00e3o a vendas na Black Friday.\"},{\"@type\":\"BreadcrumbList\",\"@id\":\"https:\/\/www.suno.com.br\/noticias\/vendas-no-varejo-maio-ibge\/#breadcrumb\",\"itemListElement\":[{\"@type\":\"ListItem\",\"position\":1,\"name\":\"Not\u00edcias\",\"item\":\"https:\/\/www.suno.com.br\/noticias\/\"},{\"@type\":\"ListItem\",\"position\":2,\"name\":\"Economia\",\"item\":\"https:\/\/www.suno.com.br\/noticias\/economia\/\"},{\"@type\":\"ListItem\",\"position\":3,\"name\":\"Vendas no Varejo avan\u00e7am 13,9% em maio, diz IBGE\"}]},{\"@type\":\"WebSite\",\"@id\":\"https:\/\/www.suno.com.br\/noticias\/#website\",\"url\":\"https:\/\/www.suno.com.br\/noticias\/\",\"name\":\"Suno Not\u00edcias\",\"description\":\"Seu portal de informa\u00e7\u00e3o sobre o mundo dos investimentos\",\"publisher\":{\"@id\":\"https:\/\/www.suno.com.br\/noticias\/#organization\"},\"potentialAction\":[{\"@type\":\"SearchAction\",\"target\":{\"@type\":\"EntryPoint\",\"urlTemplate\":\"https:\/\/www.suno.com.br\/noticias\/?s={search_term_string}\"},\"query-input\":{\"@type\":\"PropertyValueSpecification\",\"valueRequired\":true,\"valueName\":\"search_term_string\"}}],\"inLanguage\":\"pt-BR\"},{\"@type\":\"Organization\",\"@id\":\"https:\/\/www.suno.com.br\/noticias\/#organization\",\"name\":\"Suno Not\u00edcias\",\"url\":\"https:\/\/www.suno.com.br\/noticias\/\",\"logo\":{\"@type\":\"ImageObject\",\"inLanguage\":\"pt-BR\",\"@id\":\"https:\/\/www.suno.com.br\/noticias\/#\/schema\/logo\/image\/\",\"url\":\"https:\/\/files.sunoresearch.com.br\/n\/uploads\/2021\/09\/suno-logo.png\",\"contentUrl\":\"https:\/\/files.sunoresearch.com.br\/n\/uploads\/2021\/09\/suno-logo.png\",\"width\":180,\"height\":180,\"caption\":\"Suno Not\u00edcias\"},\"image\":{\"@id\":\"https:\/\/www.suno.com.br\/noticias\/#\/schema\/logo\/image\/\"},\"sameAs\":[\"https:\/\/facebook.com\/sunoresearch\",\"https:\/\/x.com\/sunoresearch\",\"https:\/\/www.instagram.com\/suno\",\"https:\/\/www.linkedin.com\/company\/suno-research\/\",\"https:\/\/www.youtube.com\/c\/sunoresearch\"]},{\"@type\":\"Person\",\"@id\":\"https:\/\/www.suno.com.br\/noticias\/#\/schema\/person\/1db762f78ffd8919a648a63e425953e3\",\"name\":\"Juliano Passaro\",\"image\":{\"@type\":\"ImageObject\",\"inLanguage\":\"pt-BR\",\"@id\":\"https:\/\/www.suno.com.br\/noticias\/#\/schema\/person\/image\/\",\"url\":\"https:\/\/secure.gravatar.com\/avatar\/743d4df28eebf6dcc46b4ad03c319e92?s=96&r=g\",\"contentUrl\":\"https:\/\/secure.gravatar.com\/avatar\/743d4df28eebf6dcc46b4ad03c319e92?s=96&r=g\",\"caption\":\"Juliano Passaro\"},\"description\":\"Juliano Passaro escreve sobre pol\u00edtica, economia e neg\u00f3cios para o portal da Suno Research. Antes da Suno, trabalhou no Portal da Band. \u00c9 formado em jornalismo pela Universidade Presbiteriana Mackenzie.\",\"url\":\"https:\/\/www.suno.com.br\/noticias\/author\/juliano\/\"}]}<\/script>\n<!-- \/ Yoast SEO plugin. -->","yoast_head_json":{"title":"Vendas no Varejo avan\u00e7am 13,9% em maio, diz IBGE","description":"O com\u00e9rcio varejista registrou uma alta no volume de vendas no varejo em maio, de 13,9%, frente ao m\u00eas de abril. Clique e saiba mais.","robots":{"index":"index","follow":"follow","max-snippet":"max-snippet:-1","max-image-preview":"max-image-preview:large","max-video-preview":"max-video-preview:-1"},"canonical":"https:\/\/www.suno.com.br\/noticias\/vendas-no-varejo-maio-ibge\/","og_locale":"pt_BR","og_type":"article","og_title":"Vendas no Varejo avan\u00e7am 13,9% em maio, diz IBGE","og_description":"O com\u00e9rcio varejista registrou uma alta no volume de vendas no varejo em maio, de 13,9%, frente ao m\u00eas de abril. Clique e saiba mais.","og_url":"https:\/\/www.suno.com.br\/noticias\/vendas-no-varejo-maio-ibge\/","og_site_name":"Suno Not\u00edcias","article_publisher":"https:\/\/facebook.com\/sunoresearch","og_image":[{"width":1200,"height":800,"url":"https:\/\/files.sunoresearch.com.br\/n\/uploads\/2020\/05\/9b51fb46-varejo.jpg","type":"image\/jpeg"}],"author":"Juliano Passaro","twitter_card":"summary_large_image","twitter_creator":"@sunoresearch","twitter_site":"@sunoresearch","twitter_misc":{"Escrito por":"Juliano Passaro","Est. tempo de leitura":"2 minutos"},"schema":{"@context":"https:\/\/schema.org","@graph":[{"@type":"NewsArticle","@id":"https:\/\/www.suno.com.br\/noticias\/vendas-no-varejo-maio-ibge\/#article","isPartOf":{"@id":"https:\/\/www.suno.com.br\/noticias\/vendas-no-varejo-maio-ibge\/"},"author":{"name":"Juliano Passaro","@id":"https:\/\/www.suno.com.br\/noticias\/#\/schema\/person\/1db762f78ffd8919a648a63e425953e3"},"headline":"Vendas no Varejo avan\u00e7am 13,9% em maio, diz IBGE","datePublished":"2020-07-08T12:01:47+00:00","dateModified":"2020-07-08T12:53:12+00:00","mainEntityOfPage":{"@id":"https:\/\/www.suno.com.br\/noticias\/vendas-no-varejo-maio-ibge\/"},"wordCount":402,"publisher":{"@id":"https:\/\/www.suno.com.br\/noticias\/#organization"},"image":{"@id":"https:\/\/www.suno.com.br\/noticias\/vendas-no-varejo-maio-ibge\/#primaryimage"},"thumbnailUrl":"https:\/\/files.sunoresearch.com.br\/n\/uploads\/2020\/05\/9b51fb46-varejo-jpg.webp","keywords":["varejo"],"articleSection":["Economia"],"inLanguage":"pt-BR"},{"@type":"WebPage","@id":"https:\/\/www.suno.com.br\/noticias\/vendas-no-varejo-maio-ibge\/","url":"https:\/\/www.suno.com.br\/noticias\/vendas-no-varejo-maio-ibge\/","name":"Vendas no Varejo avan\u00e7am 13,9% em maio, diz IBGE","isPartOf":{"@id":"https:\/\/www.suno.com.br\/noticias\/#website"},"primaryImageOfPage":{"@id":"https:\/\/www.suno.com.br\/noticias\/vendas-no-varejo-maio-ibge\/#primaryimage"},"image":{"@id":"https:\/\/www.suno.com.br\/noticias\/vendas-no-varejo-maio-ibge\/#primaryimage"},"thumbnailUrl":"https:\/\/files.sunoresearch.com.br\/n\/uploads\/2020\/05\/9b51fb46-varejo-jpg.webp","datePublished":"2020-07-08T12:01:47+00:00","dateModified":"2020-07-08T12:53:12+00:00","description":"O com\u00e9rcio varejista registrou uma alta no volume de vendas no varejo em maio, de 13,9%, frente ao m\u00eas de abril. Clique e saiba mais.","breadcrumb":{"@id":"https:\/\/www.suno.com.br\/noticias\/vendas-no-varejo-maio-ibge\/#breadcrumb"},"inLanguage":"pt-BR","potentialAction":[{"@type":"ReadAction","target":["https:\/\/www.suno.com.br\/noticias\/vendas-no-varejo-maio-ibge\/"]}]},{"@type":"ImageObject","inLanguage":"pt-BR","@id":"https:\/\/www.suno.com.br\/noticias\/vendas-no-varejo-maio-ibge\/#primaryimage","url":"https:\/\/files.sunoresearch.com.br\/n\/uploads\/2020\/05\/9b51fb46-varejo-jpg.webp","contentUrl":"https:\/\/files.sunoresearch.com.br\/n\/uploads\/2020\/05\/9b51fb46-varejo-jpg.webp","width":1200,"height":800,"caption":"Um estudo aponta que grande parte das empresas est\u00e1 otimista em rela\u00e7\u00e3o a vendas na Black Friday."},{"@type":"BreadcrumbList","@id":"https:\/\/www.suno.com.br\/noticias\/vendas-no-varejo-maio-ibge\/#breadcrumb","itemListElement":[{"@type":"ListItem","position":1,"name":"Not\u00edcias","item":"https:\/\/www.suno.com.br\/noticias\/"},{"@type":"ListItem","position":2,"name":"Economia","item":"https:\/\/www.suno.com.br\/noticias\/economia\/"},{"@type":"ListItem","position":3,"name":"Vendas no Varejo avan\u00e7am 13,9% em maio, diz IBGE"}]},{"@type":"WebSite","@id":"https:\/\/www.suno.com.br\/noticias\/#website","url":"https:\/\/www.suno.com.br\/noticias\/","name":"Suno Not\u00edcias","description":"Seu portal de informa\u00e7\u00e3o sobre o mundo dos investimentos","publisher":{"@id":"https:\/\/www.suno.com.br\/noticias\/#organization"},"potentialAction":[{"@type":"SearchAction","target":{"@type":"EntryPoint","urlTemplate":"https:\/\/www.suno.com.br\/noticias\/?s={search_term_string}"},"query-input":{"@type":"PropertyValueSpecification","valueRequired":true,"valueName":"search_term_string"}}],"inLanguage":"pt-BR"},{"@type":"Organization","@id":"https:\/\/www.suno.com.br\/noticias\/#organization","name":"Suno Not\u00edcias","url":"https:\/\/www.suno.com.br\/noticias\/","logo":{"@type":"ImageObject","inLanguage":"pt-BR","@id":"https:\/\/www.suno.com.br\/noticias\/#\/schema\/logo\/image\/","url":"https:\/\/files.sunoresearch.com.br\/n\/uploads\/2021\/09\/suno-logo.png","contentUrl":"https:\/\/files.sunoresearch.com.br\/n\/uploads\/2021\/09\/suno-logo.png","width":180,"height":180,"caption":"Suno Not\u00edcias"},"image":{"@id":"https:\/\/www.suno.com.br\/noticias\/#\/schema\/logo\/image\/"},"sameAs":["https:\/\/facebook.com\/sunoresearch","https:\/\/x.com\/sunoresearch","https:\/\/www.instagram.com\/suno","https:\/\/www.linkedin.com\/company\/suno-research\/","https:\/\/www.youtube.com\/c\/sunoresearch"]},{"@type":"Person","@id":"https:\/\/www.suno.com.br\/noticias\/#\/schema\/person\/1db762f78ffd8919a648a63e425953e3","name":"Juliano Passaro","image":{"@type":"ImageObject","inLanguage":"pt-BR","@id":"https:\/\/www.suno.com.br\/noticias\/#\/schema\/person\/image\/","url":"https:\/\/secure.gravatar.com\/avatar\/743d4df28eebf6dcc46b4ad03c319e92?s=96&r=g","contentUrl":"https:\/\/secure.gravatar.com\/avatar\/743d4df28eebf6dcc46b4ad03c319e92?s=96&r=g","caption":"Juliano Passaro"},"description":"Juliano Passaro escreve sobre pol\u00edtica, economia e neg\u00f3cios para o portal da Suno Research. Antes da Suno, trabalhou no Portal da Band. \u00c9 formado em jornalismo pela Universidade Presbiteriana Mackenzie.","url":"https:\/\/www.suno.com.br\/noticias\/author\/juliano\/"}]}},"default_loop_html":"<div class=\"cardsPage__listCard__boxs\"><div class=\"cardsPage__listCard__boxs__img\"><a href=\"https:\/\/www.suno.com.br\/noticias\/vendas-no-varejo-maio-ibge\/\"><img class=\"mask\" src=\"https:\/\/www.suno.com.br\/noticias\/wp-content\/themes\/suno\/resources\/images\/spotlight\/spotlight1img\/bg-mask.png\" alt=\"Image Mask\"\/><img src=\"https:\/\/files.sunoresearch.com.br\/n\/uploads\/2020\/05\/9b51fb46-varejo-400x200.webp\" alt=\"Vendas no Varejo avan\u00e7am 13,9% em maio, diz IBGE\"\/><\/a><span class=\"spotlightCategory\"><a href=\"https:\/\/www.suno.com.br\/noticias\/economia\/\">Economia<\/a><\/span><\/div><div class=\"cardsPage__listCard__boxs__content\"><a href=\"https:\/\/www.suno.com.br\/noticias\/vendas-no-varejo-maio-ibge\/\"><h2 class=\"content__title\">Vendas no Varejo avan\u00e7am 13,9% em maio, diz IBGE<\/h2><\/a><div class=\"newsContent__article__meta\"><div class=\"newsContent__article__meta__authorBox\"><a href=\"https:\/\/www.suno.com.br\/noticias\/author\/juliano\/\" class=\"authorBox__avatar noMobi\"><img src=\"https:\/\/files.sunoresearch.com.br\/n\/uploads\/2019\/06\/7cc3efea-whatsapp-image-2019-07-18-at-21.59.33-e1563499821209-150x150.webp\" alt=\"Juliano Passaro\"><\/a><div class=\"authorBox__name\"><span>por\n\t\t\t<a href=\"https:\/\/www.suno.com.br\/noticias\/author\/juliano\/\"><span itemprop=\"author\">Juliano Passaro<\/span><\/a><\/span><time datetime=\"2020-07-08T09:01:47-03:00\" itemprop=\"datePublished\">08\/07\/2020 09:01<\/time><\/div><\/div><\/div><\/div><\/div>","single_layout":"posts","amp_enabled":true,"_links":{"self":[{"href":"https:\/\/www.suno.com.br\/noticias\/wp-json\/wp\/v2\/posts\/72281"}],"collection":[{"href":"https:\/\/www.suno.com.br\/noticias\/wp-json\/wp\/v2\/posts"}],"about":[{"href":"https:\/\/www.suno.com.br\/noticias\/wp-json\/wp\/v2\/types\/post"}],"author":[{"embeddable":true,"href":"https:\/\/www.suno.com.br\/noticias\/wp-json\/wp\/v2\/users\/19"}],"replies":[{"embeddable":true,"href":"https:\/\/www.suno.com.br\/noticias\/wp-json\/wp\/v2\/comments?post=72281"}],"version-history":[{"count":0,"href":"https:\/\/www.suno.com.br\/noticias\/wp-json\/wp\/v2\/posts\/72281\/revisions"}],"wp:featuredmedia":[{"embeddable":true,"href":"https:\/\/www.suno.com.br\/noticias\/wp-json\/wp\/v2\/media\/65144"}],"wp:attachment":[{"href":"https:\/\/www.suno.com.br\/noticias\/wp-json\/wp\/v2\/media?parent=72281"}],"wp:term":[{"taxonomy":"category","embeddable":true,"href":"https:\/\/www.suno.com.br\/noticias\/wp-json\/wp\/v2\/categories?post=72281"},{"taxonomy":"post_tag","embeddable":true,"href":"https:\/\/www.suno.com.br\/noticias\/wp-json\/wp\/v2\/tags?post=72281"},{"taxonomy":"suno_strategy","embeddable":true,"href":"https:\/\/www.suno.com.br\/noticias\/wp-json\/wp\/v2\/suno_strategy?post=72281"}],"curies":[{"name":"wp","href":"https:\/\/api.w.org\/{rel}","templated":true}]}}