{"id":72262,"date":"2020-07-08T07:55:40","date_gmt":"2020-07-08T10:55:40","guid":{"rendered":"https:\/\/www.suno.com.br\/noticias\/?p=72262"},"modified":"2020-07-08T07:55:40","modified_gmt":"2020-07-08T10:55:40","slug":"coronavoucher-caixa-libera-saque-do-auxilio-para-nascidos-em-marco","status":"publish","type":"post","link":"https:\/\/www.suno.com.br\/noticias\/coronavoucher-caixa-libera-saque-do-auxilio-para-nascidos-em-marco\/","title":{"rendered":"Coronavoucher: Caixa libera saque do aux\u00edlio para nascidos em mar\u00e7o"},"content":{"rendered":"<p>A Caixa Econ\u00f4mica Federal libera nesta quarta-feira (8) o saque da primeira parcela do aux\u00edlio emergencial de R$ 600, conhecido como <strong>coronavoucher<\/strong>, para os trabalhadores nascidos em mar\u00e7o que tiveram o benef\u00edcio depositado na poupan\u00e7a digital em 16 de junho.<\/p>\t<div class=\"wrapper-featured-image\">\n\t\t<figure class=\"spotlightImg\">\n\n\t\t\t<picture>\n\t\t\t\t<source media=\"(max-width: 768px)\" srcset=\"https:\/\/files.sunoresearch.com.br\/n\/uploads\/2019\/06\/56cd1610-real-400x200.webp\">\n\t\t\t\t<img loading=\"lazy\" decoding=\"async\" class=\"newsContent__article__imgCapa lazyloadDisabled newsContent__article__imgCapa--noCaption\" src=\"https:\/\/files.sunoresearch.com.br\/n\/uploads\/2019\/06\/56cd1610-real-800x450.webp\" width=\"800\" height=\"450\" alt=\"Coronavoucher: Caixa libera saque do aux\u00edlio para nascidos em mar\u00e7o\" fetchpriority=high \/>\n\t\t\t<\/picture>\n\n\t\t\t<figcaption class=\"wp-caption-text wp-caption-text--hide\">Nesta quinta, os trabalhadores nascidos em julho podem sacar o coronavoucher da 4\u00aa, 3\u00aa ou a 1\u00aa parcela, conforme a data que tiveram o cadastro aprovado.<\/figcaption>\n\t\t<\/figure>\n\t<\/div>\n\n\n\n<p>S\u00e3o dois calend\u00e1rios para o pagamento do coronavoucher, ambos com base na data de anivers\u00e1rio dos trabalhadores. O primeiro \u00e9 para dep\u00f3sito na poupan\u00e7a digital da Caixa, o segundo \u00e9 para o saque do aux\u00edlio em dinheiro nas ag\u00eancias do banco.<\/p>\n<p>Os nascidos em fevereiro que tiveram o dep\u00f3sito no dia 16, est\u00e3o liberados para sacar desde a \u00faltima ter\u00e7a-feira (7). Ao todo, s\u00e3o 4,9 milh\u00f5es de benefici\u00e1rios neste lote. Na pr\u00f3xima quinta, ser\u00e3o contemplados os nascidos em abril.<\/p>\n<p><a href=\"https:\/\/lp.suno.com.br\/suno-one\/\">Suno One: o primeiro passo para alcan\u00e7ar a sua independ\u00eancia financeira. Acesse agora, \u00e9 gratuito!<\/a><\/p>\n<h2>Confira calend\u00e1rio da 3\u00aa parcela do coronavoucher<\/h2>\n<p>O governo federal publicou, em junho, no Di\u00e1rio Oficial da Uni\u00e3o (DOU) o calend\u00e1rio para a terceira parcela do aux\u00edlio emergencial.<\/p>\n<p>De acordo com o documento, a terceira parcela do coronavoucher come\u00e7ou a ser depositada no s\u00e1bado dia 27 do m\u00eas passado. Os benefici\u00e1rios que receber\u00e3o s\u00e3o aqueles j\u00e1 cadastrados no aplicativo ou no site da Caixa Econ\u00f4mica Federal ou no Cadastro \u00danico, mas n\u00e3o recebem Bolsa Fam\u00edlia.<\/p>\n<h6>Conta digital:<\/h6>\n<ul>\n<li>27 de junho para os nascidos em janeiro e fevereiro<\/li>\n<li>30 de junho para os nascidos em mar\u00e7o e abril<\/li>\n<li>1 de julho para os nascidos em maio e junho<\/li>\n<li>2 de julho para os nascidos em julho e agosto<\/li>\n<li>3 de julho para os nascidos em setembro e outubro<\/li>\n<li>4 de julho para os nascidos em novembro e dezembro<\/li>\n<\/ul>\n<p><a href=\"https:\/\/www.suno.com.br\/noticias\/coronavoucher-prorroga-auxilio-emergencial-2-meses\/\">Veja Tamb\u00e9m: Coronavoucher: governo prorroga aux\u00edlio emergencial por mais 2 meses<\/a><\/p>\n<h6>Saque em dinheiro:<\/h6>\n<ul>\n<li>18 de julho para os nascidos em janeiro<\/li>\n<li>25 de julho para os nascidos em fevereiro<\/li>\n<li>1 de agosto para os nascidos em mar\u00e7o<\/li>\n<li>15 de agosto para os nascidos em maio<\/li>\n<li>29 de agosto para os nascidos em junho<\/li>\n<li>1 de setembro para os nascidos em julho<\/li>\n<li>8 de setembro para os nascidos em agosto<\/li>\n<li>10 de setembro para os nascidos em setembro<\/li>\n<li>12 de setembro para os nascidos em outubro<\/li>\n<li>15 de setembro para os nascidos em novembro<\/li>\n<li>19 de setembro para os nascidos em dezembro<\/li>\n<\/ul>\n<p>De acordo com a portaria, a organiza\u00e7\u00e3o das datas do <strong>coronavoucher<\/strong> tem como objetivo evitar aglomera\u00e7\u00f5es nas ag\u00eancias.<\/p>\n\n","protected":false},"excerpt":{"rendered":"<p>A Caixa Econ\u00f4mica Federal libera nesta quarta-feira (8) o saque da primeira parcela do aux\u00edlio emergencial de R$ 600, conhecido como coronavoucher, para os trabalhadores nascidos em mar\u00e7o que tiveram o benef\u00edcio depositado na poupan\u00e7a digital em 16 de junho. Nesta quinta, os trabalhadores nascidos em julho podem sacar o coronavoucher da 4\u00aa, 3\u00aa ou [&hellip;]<\/p>\n","protected":false},"author":15,"featured_media":29260,"comment_status":"closed","ping_status":"closed","sticky":false,"template":"","format":"standard","meta":[],"categories":[65],"tags":[17139,1199,12737],"suno_strategy":[],"class_list":["post-72262","post","type-post","status-publish","format-standard","has-post-thumbnail","hentry","category-financas-pessoais","tag-auxilio-emergencial","tag-caixa-economica-federal-cef","tag-coronavoucher"],"yoast_head":"<!-- This site is optimized with the Yoast SEO plugin v24.4 - https:\/\/yoast.com\/wordpress\/plugins\/seo\/ -->\n<title>Coronavoucher: Caixa libera saque do aux\u00edlio para nascidos em mar\u00e7o<\/title>\n<meta name=\"description\" content=\"A Caixal libera nesta quarta (8) o saque da primeira parcela do coronavoucher para os trabalhadores nascidos em mar\u00e7o. Clique aqui\" \/>\n<meta name=\"robots\" content=\"index, follow, max-snippet:-1, max-image-preview:large, max-video-preview:-1\" \/>\n<link rel=\"canonical\" href=\"https:\/\/www.suno.com.br\/noticias\/coronavoucher-caixa-libera-saque-do-auxilio-para-nascidos-em-marco\/\" \/>\n<meta property=\"og:locale\" content=\"pt_BR\" \/>\n<meta property=\"og:type\" content=\"article\" \/>\n<meta property=\"og:title\" content=\"Coronavoucher: Caixa libera saque do aux\u00edlio para nascidos em mar\u00e7o\" \/>\n<meta property=\"og:description\" content=\"A Caixal libera nesta quarta (8) o saque da primeira parcela do coronavoucher para os trabalhadores nascidos em mar\u00e7o. Clique aqui\" \/>\n<meta property=\"og:url\" content=\"https:\/\/www.suno.com.br\/noticias\/coronavoucher-caixa-libera-saque-do-auxilio-para-nascidos-em-marco\/\" \/>\n<meta property=\"og:site_name\" content=\"Suno Not\u00edcias\" \/>\n<meta property=\"article:publisher\" content=\"https:\/\/facebook.com\/sunoresearch\" \/>\n<meta property=\"og:image\" content=\"https:\/\/files.sunoresearch.com.br\/n\/uploads\/2019\/06\/56cd1610-real.jpg\" \/>\n\t<meta property=\"og:image:width\" content=\"945\" \/>\n\t<meta property=\"og:image:height\" content=\"567\" \/>\n\t<meta property=\"og:image:type\" content=\"image\/jpeg\" \/>\n<meta name=\"author\" content=\"Poliana Santos\" \/>\n<meta name=\"twitter:card\" content=\"summary_large_image\" \/>\n<meta name=\"twitter:creator\" content=\"@sunoresearch\" \/>\n<meta name=\"twitter:site\" content=\"@sunoresearch\" \/>\n<meta name=\"twitter:label1\" content=\"Escrito por\" \/>\n\t<meta name=\"twitter:data1\" content=\"Poliana Santos\" \/>\n\t<meta name=\"twitter:label2\" content=\"Est. tempo de leitura\" \/>\n\t<meta name=\"twitter:data2\" content=\"2 minutos\" \/>\n<script type=\"application\/ld+json\" class=\"yoast-schema-graph\">{\"@context\":\"https:\/\/schema.org\",\"@graph\":[{\"@type\":\"NewsArticle\",\"@id\":\"https:\/\/www.suno.com.br\/noticias\/coronavoucher-caixa-libera-saque-do-auxilio-para-nascidos-em-marco\/#article\",\"isPartOf\":{\"@id\":\"https:\/\/www.suno.com.br\/noticias\/coronavoucher-caixa-libera-saque-do-auxilio-para-nascidos-em-marco\/\"},\"author\":{\"name\":\"Poliana Santos\",\"@id\":\"https:\/\/www.suno.com.br\/noticias\/#\/schema\/person\/02ec1f752758247878a2bf4abee1aeda\"},\"headline\":\"Coronavoucher: Caixa libera saque do aux\u00edlio para nascidos em mar\u00e7o\",\"datePublished\":\"2020-07-08T10:55:40+00:00\",\"mainEntityOfPage\":{\"@id\":\"https:\/\/www.suno.com.br\/noticias\/coronavoucher-caixa-libera-saque-do-auxilio-para-nascidos-em-marco\/\"},\"wordCount\":425,\"publisher\":{\"@id\":\"https:\/\/www.suno.com.br\/noticias\/#organization\"},\"image\":{\"@id\":\"https:\/\/www.suno.com.br\/noticias\/coronavoucher-caixa-libera-saque-do-auxilio-para-nascidos-em-marco\/#primaryimage\"},\"thumbnailUrl\":\"https:\/\/files.sunoresearch.com.br\/n\/uploads\/2019\/06\/56cd1610-real.jpg\",\"keywords\":[\"aux\u00edlio emergencial\",\"Caixa Econ\u00f4mica Federal (CEF)\",\"coronavoucher\"],\"articleSection\":[\"Finan\u00e7as Pessoais\"],\"inLanguage\":\"pt-BR\"},{\"@type\":\"WebPage\",\"@id\":\"https:\/\/www.suno.com.br\/noticias\/coronavoucher-caixa-libera-saque-do-auxilio-para-nascidos-em-marco\/\",\"url\":\"https:\/\/www.suno.com.br\/noticias\/coronavoucher-caixa-libera-saque-do-auxilio-para-nascidos-em-marco\/\",\"name\":\"Coronavoucher: Caixa libera saque do aux\u00edlio para nascidos em mar\u00e7o\",\"isPartOf\":{\"@id\":\"https:\/\/www.suno.com.br\/noticias\/#website\"},\"primaryImageOfPage\":{\"@id\":\"https:\/\/www.suno.com.br\/noticias\/coronavoucher-caixa-libera-saque-do-auxilio-para-nascidos-em-marco\/#primaryimage\"},\"image\":{\"@id\":\"https:\/\/www.suno.com.br\/noticias\/coronavoucher-caixa-libera-saque-do-auxilio-para-nascidos-em-marco\/#primaryimage\"},\"thumbnailUrl\":\"https:\/\/files.sunoresearch.com.br\/n\/uploads\/2019\/06\/56cd1610-real.jpg\",\"datePublished\":\"2020-07-08T10:55:40+00:00\",\"description\":\"A Caixal libera nesta quarta (8) o saque da primeira parcela do coronavoucher para os trabalhadores nascidos em mar\u00e7o. Clique aqui\",\"breadcrumb\":{\"@id\":\"https:\/\/www.suno.com.br\/noticias\/coronavoucher-caixa-libera-saque-do-auxilio-para-nascidos-em-marco\/#breadcrumb\"},\"inLanguage\":\"pt-BR\",\"potentialAction\":[{\"@type\":\"ReadAction\",\"target\":[\"https:\/\/www.suno.com.br\/noticias\/coronavoucher-caixa-libera-saque-do-auxilio-para-nascidos-em-marco\/\"]}]},{\"@type\":\"ImageObject\",\"inLanguage\":\"pt-BR\",\"@id\":\"https:\/\/www.suno.com.br\/noticias\/coronavoucher-caixa-libera-saque-do-auxilio-para-nascidos-em-marco\/#primaryimage\",\"url\":\"https:\/\/files.sunoresearch.com.br\/n\/uploads\/2019\/06\/56cd1610-real.jpg\",\"contentUrl\":\"https:\/\/files.sunoresearch.com.br\/n\/uploads\/2019\/06\/56cd1610-real.jpg\",\"width\":945,\"height\":567,\"caption\":\"Nesta quinta, os trabalhadores nascidos em julho podem sacar o coronavoucher da 4\u00aa, 3\u00aa ou a 1\u00aa parcela, conforme a data que tiveram o cadastro aprovado.\"},{\"@type\":\"BreadcrumbList\",\"@id\":\"https:\/\/www.suno.com.br\/noticias\/coronavoucher-caixa-libera-saque-do-auxilio-para-nascidos-em-marco\/#breadcrumb\",\"itemListElement\":[{\"@type\":\"ListItem\",\"position\":1,\"name\":\"Not\u00edcias\",\"item\":\"https:\/\/www.suno.com.br\/noticias\/\"},{\"@type\":\"ListItem\",\"position\":2,\"name\":\"Finan\u00e7as Pessoais\",\"item\":\"https:\/\/www.suno.com.br\/noticias\/financas-pessoais\/\"},{\"@type\":\"ListItem\",\"position\":3,\"name\":\"Coronavoucher: Caixa libera saque do aux\u00edlio para nascidos em mar\u00e7o\"}]},{\"@type\":\"WebSite\",\"@id\":\"https:\/\/www.suno.com.br\/noticias\/#website\",\"url\":\"https:\/\/www.suno.com.br\/noticias\/\",\"name\":\"Suno Not\u00edcias\",\"description\":\"Seu portal de informa\u00e7\u00e3o sobre o mundo dos investimentos\",\"publisher\":{\"@id\":\"https:\/\/www.suno.com.br\/noticias\/#organization\"},\"potentialAction\":[{\"@type\":\"SearchAction\",\"target\":{\"@type\":\"EntryPoint\",\"urlTemplate\":\"https:\/\/www.suno.com.br\/noticias\/?s={search_term_string}\"},\"query-input\":{\"@type\":\"PropertyValueSpecification\",\"valueRequired\":true,\"valueName\":\"search_term_string\"}}],\"inLanguage\":\"pt-BR\"},{\"@type\":\"Organization\",\"@id\":\"https:\/\/www.suno.com.br\/noticias\/#organization\",\"name\":\"Suno Not\u00edcias\",\"url\":\"https:\/\/www.suno.com.br\/noticias\/\",\"logo\":{\"@type\":\"ImageObject\",\"inLanguage\":\"pt-BR\",\"@id\":\"https:\/\/www.suno.com.br\/noticias\/#\/schema\/logo\/image\/\",\"url\":\"https:\/\/files.sunoresearch.com.br\/n\/uploads\/2021\/09\/suno-logo.png\",\"contentUrl\":\"https:\/\/files.sunoresearch.com.br\/n\/uploads\/2021\/09\/suno-logo.png\",\"width\":180,\"height\":180,\"caption\":\"Suno Not\u00edcias\"},\"image\":{\"@id\":\"https:\/\/www.suno.com.br\/noticias\/#\/schema\/logo\/image\/\"},\"sameAs\":[\"https:\/\/facebook.com\/sunoresearch\",\"https:\/\/x.com\/sunoresearch\",\"https:\/\/www.instagram.com\/suno\",\"https:\/\/www.linkedin.com\/company\/suno-research\/\",\"https:\/\/www.youtube.com\/c\/sunoresearch\"]},{\"@type\":\"Person\",\"@id\":\"https:\/\/www.suno.com.br\/noticias\/#\/schema\/person\/02ec1f752758247878a2bf4abee1aeda\",\"name\":\"Poliana Santos\",\"image\":{\"@type\":\"ImageObject\",\"inLanguage\":\"pt-BR\",\"@id\":\"https:\/\/www.suno.com.br\/noticias\/#\/schema\/person\/image\/\",\"url\":\"https:\/\/secure.gravatar.com\/avatar\/0645bd32f23d87b2130f2b2dff1d3f8d?s=96&r=g\",\"contentUrl\":\"https:\/\/secure.gravatar.com\/avatar\/0645bd32f23d87b2130f2b2dff1d3f8d?s=96&r=g\",\"caption\":\"Poliana Santos\"},\"description\":\"Rep\u00f3rter no Suno Not\u00edcias, com cobertura em mercado financeiro, economia, finan\u00e7as pessoais, renda fixa e varejo. Jornalista formada pela Faculdade C\u00e1sper L\u00edbero e possui passagem na R\u00e1dio Gazeta AM com a produ\u00e7\u00e3o de conte\u00fado sobre economia, pol\u00edtica, sa\u00fade, moda e m\u00fasica. Possui certificado de conclus\u00e3o do curso de An\u00e1lise de Balan\u00e7os pela Funda\u00e7\u00e3o Bradesco, Agenda Brasil pela FAAP, Educa\u00e7\u00e3o Pol\u00edtica por Alexandre Garcia e do Tesouro Direto e Mercado de A\u00e7\u00f5es pela B3.\",\"url\":\"https:\/\/www.suno.com.br\/noticias\/author\/poliana-santos\/\"}]}<\/script>\n<!-- \/ Yoast SEO plugin. -->","yoast_head_json":{"title":"Coronavoucher: Caixa libera saque do aux\u00edlio para nascidos em mar\u00e7o","description":"A Caixal libera nesta quarta (8) o saque da primeira parcela do coronavoucher para os trabalhadores nascidos em mar\u00e7o. Clique aqui","robots":{"index":"index","follow":"follow","max-snippet":"max-snippet:-1","max-image-preview":"max-image-preview:large","max-video-preview":"max-video-preview:-1"},"canonical":"https:\/\/www.suno.com.br\/noticias\/coronavoucher-caixa-libera-saque-do-auxilio-para-nascidos-em-marco\/","og_locale":"pt_BR","og_type":"article","og_title":"Coronavoucher: Caixa libera saque do aux\u00edlio para nascidos em mar\u00e7o","og_description":"A Caixal libera nesta quarta (8) o saque da primeira parcela do coronavoucher para os trabalhadores nascidos em mar\u00e7o. Clique aqui","og_url":"https:\/\/www.suno.com.br\/noticias\/coronavoucher-caixa-libera-saque-do-auxilio-para-nascidos-em-marco\/","og_site_name":"Suno Not\u00edcias","article_publisher":"https:\/\/facebook.com\/sunoresearch","og_image":[{"width":945,"height":567,"url":"https:\/\/files.sunoresearch.com.br\/n\/uploads\/2019\/06\/56cd1610-real.jpg","type":"image\/jpeg"}],"author":"Poliana Santos","twitter_card":"summary_large_image","twitter_creator":"@sunoresearch","twitter_site":"@sunoresearch","twitter_misc":{"Escrito por":"Poliana Santos","Est. tempo de leitura":"2 minutos"},"schema":{"@context":"https:\/\/schema.org","@graph":[{"@type":"NewsArticle","@id":"https:\/\/www.suno.com.br\/noticias\/coronavoucher-caixa-libera-saque-do-auxilio-para-nascidos-em-marco\/#article","isPartOf":{"@id":"https:\/\/www.suno.com.br\/noticias\/coronavoucher-caixa-libera-saque-do-auxilio-para-nascidos-em-marco\/"},"author":{"name":"Poliana Santos","@id":"https:\/\/www.suno.com.br\/noticias\/#\/schema\/person\/02ec1f752758247878a2bf4abee1aeda"},"headline":"Coronavoucher: Caixa libera saque do aux\u00edlio para nascidos em mar\u00e7o","datePublished":"2020-07-08T10:55:40+00:00","mainEntityOfPage":{"@id":"https:\/\/www.suno.com.br\/noticias\/coronavoucher-caixa-libera-saque-do-auxilio-para-nascidos-em-marco\/"},"wordCount":425,"publisher":{"@id":"https:\/\/www.suno.com.br\/noticias\/#organization"},"image":{"@id":"https:\/\/www.suno.com.br\/noticias\/coronavoucher-caixa-libera-saque-do-auxilio-para-nascidos-em-marco\/#primaryimage"},"thumbnailUrl":"https:\/\/files.sunoresearch.com.br\/n\/uploads\/2019\/06\/56cd1610-real.jpg","keywords":["aux\u00edlio emergencial","Caixa Econ\u00f4mica Federal (CEF)","coronavoucher"],"articleSection":["Finan\u00e7as Pessoais"],"inLanguage":"pt-BR"},{"@type":"WebPage","@id":"https:\/\/www.suno.com.br\/noticias\/coronavoucher-caixa-libera-saque-do-auxilio-para-nascidos-em-marco\/","url":"https:\/\/www.suno.com.br\/noticias\/coronavoucher-caixa-libera-saque-do-auxilio-para-nascidos-em-marco\/","name":"Coronavoucher: Caixa libera saque do aux\u00edlio para nascidos em mar\u00e7o","isPartOf":{"@id":"https:\/\/www.suno.com.br\/noticias\/#website"},"primaryImageOfPage":{"@id":"https:\/\/www.suno.com.br\/noticias\/coronavoucher-caixa-libera-saque-do-auxilio-para-nascidos-em-marco\/#primaryimage"},"image":{"@id":"https:\/\/www.suno.com.br\/noticias\/coronavoucher-caixa-libera-saque-do-auxilio-para-nascidos-em-marco\/#primaryimage"},"thumbnailUrl":"https:\/\/files.sunoresearch.com.br\/n\/uploads\/2019\/06\/56cd1610-real.jpg","datePublished":"2020-07-08T10:55:40+00:00","description":"A Caixal libera nesta quarta (8) o saque da primeira parcela do coronavoucher para os trabalhadores nascidos em mar\u00e7o. Clique aqui","breadcrumb":{"@id":"https:\/\/www.suno.com.br\/noticias\/coronavoucher-caixa-libera-saque-do-auxilio-para-nascidos-em-marco\/#breadcrumb"},"inLanguage":"pt-BR","potentialAction":[{"@type":"ReadAction","target":["https:\/\/www.suno.com.br\/noticias\/coronavoucher-caixa-libera-saque-do-auxilio-para-nascidos-em-marco\/"]}]},{"@type":"ImageObject","inLanguage":"pt-BR","@id":"https:\/\/www.suno.com.br\/noticias\/coronavoucher-caixa-libera-saque-do-auxilio-para-nascidos-em-marco\/#primaryimage","url":"https:\/\/files.sunoresearch.com.br\/n\/uploads\/2019\/06\/56cd1610-real.jpg","contentUrl":"https:\/\/files.sunoresearch.com.br\/n\/uploads\/2019\/06\/56cd1610-real.jpg","width":945,"height":567,"caption":"Nesta quinta, os trabalhadores nascidos em julho podem sacar o coronavoucher da 4\u00aa, 3\u00aa ou a 1\u00aa parcela, conforme a data que tiveram o cadastro aprovado."},{"@type":"BreadcrumbList","@id":"https:\/\/www.suno.com.br\/noticias\/coronavoucher-caixa-libera-saque-do-auxilio-para-nascidos-em-marco\/#breadcrumb","itemListElement":[{"@type":"ListItem","position":1,"name":"Not\u00edcias","item":"https:\/\/www.suno.com.br\/noticias\/"},{"@type":"ListItem","position":2,"name":"Finan\u00e7as Pessoais","item":"https:\/\/www.suno.com.br\/noticias\/financas-pessoais\/"},{"@type":"ListItem","position":3,"name":"Coronavoucher: Caixa libera saque do aux\u00edlio para nascidos em mar\u00e7o"}]},{"@type":"WebSite","@id":"https:\/\/www.suno.com.br\/noticias\/#website","url":"https:\/\/www.suno.com.br\/noticias\/","name":"Suno Not\u00edcias","description":"Seu portal de informa\u00e7\u00e3o sobre o mundo dos investimentos","publisher":{"@id":"https:\/\/www.suno.com.br\/noticias\/#organization"},"potentialAction":[{"@type":"SearchAction","target":{"@type":"EntryPoint","urlTemplate":"https:\/\/www.suno.com.br\/noticias\/?s={search_term_string}"},"query-input":{"@type":"PropertyValueSpecification","valueRequired":true,"valueName":"search_term_string"}}],"inLanguage":"pt-BR"},{"@type":"Organization","@id":"https:\/\/www.suno.com.br\/noticias\/#organization","name":"Suno Not\u00edcias","url":"https:\/\/www.suno.com.br\/noticias\/","logo":{"@type":"ImageObject","inLanguage":"pt-BR","@id":"https:\/\/www.suno.com.br\/noticias\/#\/schema\/logo\/image\/","url":"https:\/\/files.sunoresearch.com.br\/n\/uploads\/2021\/09\/suno-logo.png","contentUrl":"https:\/\/files.sunoresearch.com.br\/n\/uploads\/2021\/09\/suno-logo.png","width":180,"height":180,"caption":"Suno Not\u00edcias"},"image":{"@id":"https:\/\/www.suno.com.br\/noticias\/#\/schema\/logo\/image\/"},"sameAs":["https:\/\/facebook.com\/sunoresearch","https:\/\/x.com\/sunoresearch","https:\/\/www.instagram.com\/suno","https:\/\/www.linkedin.com\/company\/suno-research\/","https:\/\/www.youtube.com\/c\/sunoresearch"]},{"@type":"Person","@id":"https:\/\/www.suno.com.br\/noticias\/#\/schema\/person\/02ec1f752758247878a2bf4abee1aeda","name":"Poliana Santos","image":{"@type":"ImageObject","inLanguage":"pt-BR","@id":"https:\/\/www.suno.com.br\/noticias\/#\/schema\/person\/image\/","url":"https:\/\/secure.gravatar.com\/avatar\/0645bd32f23d87b2130f2b2dff1d3f8d?s=96&r=g","contentUrl":"https:\/\/secure.gravatar.com\/avatar\/0645bd32f23d87b2130f2b2dff1d3f8d?s=96&r=g","caption":"Poliana Santos"},"description":"Rep\u00f3rter no Suno Not\u00edcias, com cobertura em mercado financeiro, economia, finan\u00e7as pessoais, renda fixa e varejo. Jornalista formada pela Faculdade C\u00e1sper L\u00edbero e possui passagem na R\u00e1dio Gazeta AM com a produ\u00e7\u00e3o de conte\u00fado sobre economia, pol\u00edtica, sa\u00fade, moda e m\u00fasica. Possui certificado de conclus\u00e3o do curso de An\u00e1lise de Balan\u00e7os pela Funda\u00e7\u00e3o Bradesco, Agenda Brasil pela FAAP, Educa\u00e7\u00e3o Pol\u00edtica por Alexandre Garcia e do Tesouro Direto e Mercado de A\u00e7\u00f5es pela B3.","url":"https:\/\/www.suno.com.br\/noticias\/author\/poliana-santos\/"}]}},"default_loop_html":"<div class=\"cardsPage__listCard__boxs\"><div class=\"cardsPage__listCard__boxs__img\"><a href=\"https:\/\/www.suno.com.br\/noticias\/coronavoucher-caixa-libera-saque-do-auxilio-para-nascidos-em-marco\/\"><img class=\"mask\" src=\"https:\/\/www.suno.com.br\/noticias\/wp-content\/themes\/suno\/resources\/images\/spotlight\/spotlight1img\/bg-mask.png\" alt=\"Image Mask\"\/><img src=\"https:\/\/files.sunoresearch.com.br\/n\/uploads\/2019\/06\/56cd1610-real-400x200.webp\" alt=\"Coronavoucher: Caixa libera saque do aux\u00edlio para nascidos em mar\u00e7o\"\/><\/a><span class=\"spotlightCategory\"><a href=\"https:\/\/www.suno.com.br\/noticias\/financas-pessoais\/\">Finan\u00e7as Pessoais<\/a><\/span><\/div><div class=\"cardsPage__listCard__boxs__content\"><a href=\"https:\/\/www.suno.com.br\/noticias\/coronavoucher-caixa-libera-saque-do-auxilio-para-nascidos-em-marco\/\"><h2 class=\"content__title\">Coronavoucher: Caixa libera saque do aux\u00edlio para nascidos em mar\u00e7o<\/h2><\/a><div class=\"newsContent__article__meta\"><div class=\"newsContent__article__meta__authorBox\"><a href=\"https:\/\/www.suno.com.br\/noticias\/author\/poliana-santos\/\" class=\"authorBox__avatar noMobi\"><img src=\"https:\/\/files.sunoresearch.com.br\/n\/uploads\/2020\/08\/7ef34026-whatsapp-image-2020-08-03-at-12.37.57-150x150.webp\" alt=\"Poliana Santos\"><\/a><div class=\"authorBox__name\"><span>por\n\t\t\t<a href=\"https:\/\/www.suno.com.br\/noticias\/author\/poliana-santos\/\"><span itemprop=\"author\">Poliana Santos<\/span><\/a><\/span><time datetime=\"2020-07-08T07:55:40-03:00\" itemprop=\"datePublished\">08\/07\/2020 07:55<\/time><\/div><\/div><\/div><\/div><\/div>","single_layout":"posts","amp_enabled":true,"_links":{"self":[{"href":"https:\/\/www.suno.com.br\/noticias\/wp-json\/wp\/v2\/posts\/72262"}],"collection":[{"href":"https:\/\/www.suno.com.br\/noticias\/wp-json\/wp\/v2\/posts"}],"about":[{"href":"https:\/\/www.suno.com.br\/noticias\/wp-json\/wp\/v2\/types\/post"}],"author":[{"embeddable":true,"href":"https:\/\/www.suno.com.br\/noticias\/wp-json\/wp\/v2\/users\/15"}],"replies":[{"embeddable":true,"href":"https:\/\/www.suno.com.br\/noticias\/wp-json\/wp\/v2\/comments?post=72262"}],"version-history":[{"count":0,"href":"https:\/\/www.suno.com.br\/noticias\/wp-json\/wp\/v2\/posts\/72262\/revisions"}],"wp:featuredmedia":[{"embeddable":true,"href":"https:\/\/www.suno.com.br\/noticias\/wp-json\/wp\/v2\/media\/29260"}],"wp:attachment":[{"href":"https:\/\/www.suno.com.br\/noticias\/wp-json\/wp\/v2\/media?parent=72262"}],"wp:term":[{"taxonomy":"category","embeddable":true,"href":"https:\/\/www.suno.com.br\/noticias\/wp-json\/wp\/v2\/categories?post=72262"},{"taxonomy":"post_tag","embeddable":true,"href":"https:\/\/www.suno.com.br\/noticias\/wp-json\/wp\/v2\/tags?post=72262"},{"taxonomy":"suno_strategy","embeddable":true,"href":"https:\/\/www.suno.com.br\/noticias\/wp-json\/wp\/v2\/suno_strategy?post=72262"}],"curies":[{"name":"wp","href":"https:\/\/api.w.org\/{rel}","templated":true}]}}