{"id":72079,"date":"2020-07-07T10:08:40","date_gmt":"2020-07-07T13:08:40","guid":{"rendered":"https:\/\/www.suno.com.br\/noticias\/?p=72079"},"modified":"2020-07-07T10:08:40","modified_gmt":"2020-07-07T13:08:40","slug":"ue-preve-recessao-economica-de-87-para-a-zona-do-euro-em-2020","status":"publish","type":"post","link":"https:\/\/www.suno.com.br\/noticias\/ue-preve-recessao-economica-de-87-para-a-zona-do-euro-em-2020\/","title":{"rendered":"UE prev\u00ea recess\u00e3o econ\u00f4mica de 8,7% para a zona do euro em 2020"},"content":{"rendered":"<p>A <a href=\"https:\/\/www.suno.com.br\/artigos\/uniao-europeia\/\">Comiss\u00e3o Europeia<\/a> prev\u00ea uma contra\u00e7\u00e3o de 8,7% na economia da <strong><a href=\"https:\/\/www.suno.com.br\/artigos\/zona-do-euro\/\">zona do euro<\/a><\/strong> em 2020. A expectativa \u00e9 de que a Fran\u00e7a, It\u00e1lia e Espanha apresentem maior dificuldade na recupera\u00e7\u00e3o diante da <a href=\"https:\/\/www.suno.com.br\/noticias\/?s=coronav%C3%ADrus\">pandemia do novo coronav\u00edrus (covid-19)<\/a>.<\/p>\t<div class=\"wrapper-featured-image\">\n\t\t<figure class=\"spotlightImg\">\n\n\t\t\t<picture>\n\t\t\t\t<source media=\"(max-width: 768px)\" srcset=\"https:\/\/files.sunoresearch.com.br\/n\/uploads\/2020\/03\/4d6634f3-uni\u00e3o-europeia-400x200.webp\">\n\t\t\t\t<img loading=\"lazy\" decoding=\"async\" class=\"newsContent__article__imgCapa lazyloadDisabled newsContent__article__imgCapa--noCaption\" src=\"https:\/\/files.sunoresearch.com.br\/n\/uploads\/2020\/03\/4d6634f3-uni\u00e3o-europeia-jpg.webp\" width=\"800\" height=\"450\" alt=\"UE prev\u00ea recess\u00e3o econ\u00f4mica de 8,7% para a zona do euro em 2020\" fetchpriority=high \/>\n\t\t\t<\/picture>\n\n\t\t\t<figcaption class=\"wp-caption-text wp-caption-text--hide\">Zona do Euro<\/figcaption>\n\t\t<\/figure>\n\t<\/div>\n\n\n\n<p>De acordo com a comiss\u00e3o, os 19 pa\u00edses pertencentes da zona do euro v\u00e3o sofrer retra\u00e7\u00e3o recorde de 8,7% este ano, antes de crescer 6,1% em 2021. Em maio, a Uni\u00e3o Europeia (UE) projetava recuo de 7,7% em 2020 e crescimento de 6,3% no pr\u00f3ximo ano.<\/p>\n<p>A revis\u00e3o das expectativas \u00e9 devida a suspens\u00e3o de medidas de conten\u00e7\u00e3o do coronav\u00edrus nos pa\u00edses que, segundo a comiss\u00e3o, est\u00e1 acontecendo com menos rapidez do que se previa. &#8220;O alcance e a dura\u00e7\u00e3o da pandemia e das futuras poss\u00edveis medidas de reclus\u00e3o necess\u00e1rias continuam sendo inc\u00f3gnitas&#8221;, afirmou a UE.<\/p>\n<p><a href=\"https:\/\/lp.suno.com.br\/suno-one\/\">Suno One: o primeiro passo para alcan\u00e7ar a sua independ\u00eancia financeira. Acesse agora, \u00e9 gratuito!<\/a><\/p>\n<p>O Produto Interno Bruto (PIB) da Fran\u00e7a, It\u00e1lia e Espanha, principais economias do bloco depois da Alemanha, deve superar dois d\u00edgitos em 2020, a 10,6%, 11,2% e 10,9% respectivamente.\u00a0Na Alemanha, a queda no PIB deve ser 6,3% no ano de 2020.<\/p>\n<h2>Zona do euro: vendas no varejo superam expectativas do mercado<\/h2>\n<p>As vendas no varejo da zona do euro mostraram uma forte recupera\u00e7\u00e3o em maio, quando as medidas de combate \u00e0 pandemia do novo coronav\u00edrus foram mitigadas. Segundo a Eurostat, ag\u00eancia de estat\u00edsticas da Uni\u00e3o Europeia, o volume de vendas no setor foi 17,8% maior em compara\u00e7\u00e3o a abril deste ano. A informa\u00e7\u00e3o foi divulgada na \u00faltima segunda-feira (6).<\/p>\n<p>A expectativa dos economistas era de um avan\u00e7o menor, de 14%. No entanto, o forte desempenho do varejo da zona do euro ainda n\u00e3o foi suficiente para atingir o patamar imediatamente anterior \u00e0 pandemia, em fevereiro, mantendo-se 7,4% abaixo &#8212; em raz\u00e3o das fortes baixas de mar\u00e7o e abril.<\/p>\n<p><a href=\"https:\/\/www.suno.com.br\/noticias\/taxa-de-desemprego-da-zona-do-euro-sobe-para-74-em-maio-2020\/\">Veja Tamb\u00e9m: Taxa de desemprego da zona do euro sobe para 7,4% em maio<\/a><\/p>\n<p>Como destaque, no segmento de vestu\u00e1rio, as vendas em maio foram 147% superiores a abril, depois de serem registradas quedas de 54,7% e 55,5% nos dois meses anteriores, respectivamente.<\/p>\n\n","protected":false},"excerpt":{"rendered":"<p>A Comiss\u00e3o Europeia prev\u00ea uma contra\u00e7\u00e3o de 8,7% na economia da zona do euro em 2020. A expectativa \u00e9 de que a Fran\u00e7a, It\u00e1lia e Espanha apresentem maior dificuldade na recupera\u00e7\u00e3o diante da pandemia do novo coronav\u00edrus (covid-19). Zona do Euro De acordo com a comiss\u00e3o, os 19 pa\u00edses pertencentes da zona do euro v\u00e3o [&hellip;]<\/p>\n","protected":false},"author":15,"featured_media":55895,"comment_status":"closed","ping_status":"closed","sticky":false,"template":"","format":"standard","meta":[],"categories":[63],"tags":[856,807,991],"suno_strategy":[],"class_list":["post-72079","post","type-post","status-publish","format-standard","has-post-thumbnail","hentry","category-internacional","tag-alemanha","tag-produto-interno-bruto-pib","tag-zona-do-euro"],"yoast_head":"<!-- This site is optimized with the Yoast SEO plugin v24.4 - https:\/\/yoast.com\/wordpress\/plugins\/seo\/ -->\n<title>UE prev\u00ea recess\u00e3o econ\u00f4mica de 8,7% para a zona do euro em 2020<\/title>\n<meta name=\"description\" content=\"A Comiss\u00e3o Europeia prev\u00ea uma contra\u00e7\u00e3o de 8,7% na economia da zona do euro em 2020, por causa da pandemia do coronav\u00edrus. Clique aqui\" \/>\n<meta name=\"robots\" content=\"index, follow, max-snippet:-1, max-image-preview:large, max-video-preview:-1\" \/>\n<link rel=\"canonical\" href=\"https:\/\/www.suno.com.br\/noticias\/ue-preve-recessao-economica-de-87-para-a-zona-do-euro-em-2020\/\" \/>\n<meta property=\"og:locale\" content=\"pt_BR\" \/>\n<meta property=\"og:type\" content=\"article\" \/>\n<meta property=\"og:title\" content=\"UE prev\u00ea recess\u00e3o econ\u00f4mica de 8,7% para a zona do euro em 2020\" \/>\n<meta property=\"og:description\" content=\"A Comiss\u00e3o Europeia prev\u00ea uma contra\u00e7\u00e3o de 8,7% na economia da zona do euro em 2020, por causa da pandemia do coronav\u00edrus. Clique aqui\" \/>\n<meta property=\"og:url\" content=\"https:\/\/www.suno.com.br\/noticias\/ue-preve-recessao-economica-de-87-para-a-zona-do-euro-em-2020\/\" \/>\n<meta property=\"og:site_name\" content=\"Suno Not\u00edcias\" \/>\n<meta property=\"article:publisher\" content=\"https:\/\/facebook.com\/sunoresearch\" \/>\n<meta property=\"og:image\" content=\"https:\/\/files.sunoresearch.com.br\/n\/uploads\/2020\/03\/4d6634f3-uni\u00e3o-europeia.jpg\" \/>\n\t<meta property=\"og:image:width\" content=\"615\" \/>\n\t<meta property=\"og:image:height\" content=\"410\" \/>\n\t<meta property=\"og:image:type\" content=\"image\/jpeg\" \/>\n<meta name=\"author\" content=\"Poliana Santos\" \/>\n<meta name=\"twitter:card\" content=\"summary_large_image\" \/>\n<meta name=\"twitter:creator\" content=\"@sunoresearch\" \/>\n<meta name=\"twitter:site\" content=\"@sunoresearch\" \/>\n<meta name=\"twitter:label1\" content=\"Escrito por\" \/>\n\t<meta name=\"twitter:data1\" content=\"Poliana Santos\" \/>\n\t<meta name=\"twitter:label2\" content=\"Est. tempo de leitura\" \/>\n\t<meta name=\"twitter:data2\" content=\"2 minutos\" \/>\n<script type=\"application\/ld+json\" class=\"yoast-schema-graph\">{\"@context\":\"https:\/\/schema.org\",\"@graph\":[{\"@type\":\"NewsArticle\",\"@id\":\"https:\/\/www.suno.com.br\/noticias\/ue-preve-recessao-economica-de-87-para-a-zona-do-euro-em-2020\/#article\",\"isPartOf\":{\"@id\":\"https:\/\/www.suno.com.br\/noticias\/ue-preve-recessao-economica-de-87-para-a-zona-do-euro-em-2020\/\"},\"author\":{\"name\":\"Poliana Santos\",\"@id\":\"https:\/\/www.suno.com.br\/noticias\/#\/schema\/person\/02ec1f752758247878a2bf4abee1aeda\"},\"headline\":\"UE prev\u00ea recess\u00e3o econ\u00f4mica de 8,7% para a zona do euro em 2020\",\"datePublished\":\"2020-07-07T13:08:40+00:00\",\"mainEntityOfPage\":{\"@id\":\"https:\/\/www.suno.com.br\/noticias\/ue-preve-recessao-economica-de-87-para-a-zona-do-euro-em-2020\/\"},\"wordCount\":385,\"publisher\":{\"@id\":\"https:\/\/www.suno.com.br\/noticias\/#organization\"},\"image\":{\"@id\":\"https:\/\/www.suno.com.br\/noticias\/ue-preve-recessao-economica-de-87-para-a-zona-do-euro-em-2020\/#primaryimage\"},\"thumbnailUrl\":\"https:\/\/files.sunoresearch.com.br\/n\/uploads\/2020\/03\/4d6634f3-uni\u00e3o-europeia-jpg.webp\",\"keywords\":[\"Alemanha\",\"Produto Interno Bruto (PIB)\",\"zona do euro\"],\"articleSection\":[\"Internacional\"],\"inLanguage\":\"pt-BR\"},{\"@type\":\"WebPage\",\"@id\":\"https:\/\/www.suno.com.br\/noticias\/ue-preve-recessao-economica-de-87-para-a-zona-do-euro-em-2020\/\",\"url\":\"https:\/\/www.suno.com.br\/noticias\/ue-preve-recessao-economica-de-87-para-a-zona-do-euro-em-2020\/\",\"name\":\"UE prev\u00ea recess\u00e3o econ\u00f4mica de 8,7% para a zona do euro em 2020\",\"isPartOf\":{\"@id\":\"https:\/\/www.suno.com.br\/noticias\/#website\"},\"primaryImageOfPage\":{\"@id\":\"https:\/\/www.suno.com.br\/noticias\/ue-preve-recessao-economica-de-87-para-a-zona-do-euro-em-2020\/#primaryimage\"},\"image\":{\"@id\":\"https:\/\/www.suno.com.br\/noticias\/ue-preve-recessao-economica-de-87-para-a-zona-do-euro-em-2020\/#primaryimage\"},\"thumbnailUrl\":\"https:\/\/files.sunoresearch.com.br\/n\/uploads\/2020\/03\/4d6634f3-uni\u00e3o-europeia-jpg.webp\",\"datePublished\":\"2020-07-07T13:08:40+00:00\",\"description\":\"A Comiss\u00e3o Europeia prev\u00ea uma contra\u00e7\u00e3o de 8,7% na economia da zona do euro em 2020, por causa da pandemia do coronav\u00edrus. Clique aqui\",\"breadcrumb\":{\"@id\":\"https:\/\/www.suno.com.br\/noticias\/ue-preve-recessao-economica-de-87-para-a-zona-do-euro-em-2020\/#breadcrumb\"},\"inLanguage\":\"pt-BR\",\"potentialAction\":[{\"@type\":\"ReadAction\",\"target\":[\"https:\/\/www.suno.com.br\/noticias\/ue-preve-recessao-economica-de-87-para-a-zona-do-euro-em-2020\/\"]}]},{\"@type\":\"ImageObject\",\"inLanguage\":\"pt-BR\",\"@id\":\"https:\/\/www.suno.com.br\/noticias\/ue-preve-recessao-economica-de-87-para-a-zona-do-euro-em-2020\/#primaryimage\",\"url\":\"https:\/\/files.sunoresearch.com.br\/n\/uploads\/2020\/03\/4d6634f3-uni\u00e3o-europeia-jpg.webp\",\"contentUrl\":\"https:\/\/files.sunoresearch.com.br\/n\/uploads\/2020\/03\/4d6634f3-uni\u00e3o-europeia-jpg.webp\",\"width\":615,\"height\":410,\"caption\":\"Zona do Euro\"},{\"@type\":\"BreadcrumbList\",\"@id\":\"https:\/\/www.suno.com.br\/noticias\/ue-preve-recessao-economica-de-87-para-a-zona-do-euro-em-2020\/#breadcrumb\",\"itemListElement\":[{\"@type\":\"ListItem\",\"position\":1,\"name\":\"Not\u00edcias\",\"item\":\"https:\/\/www.suno.com.br\/noticias\/\"},{\"@type\":\"ListItem\",\"position\":2,\"name\":\"Internacional\",\"item\":\"https:\/\/www.suno.com.br\/noticias\/internacional\/\"},{\"@type\":\"ListItem\",\"position\":3,\"name\":\"UE prev\u00ea recess\u00e3o econ\u00f4mica de 8,7% para a zona do euro em 2020\"}]},{\"@type\":\"WebSite\",\"@id\":\"https:\/\/www.suno.com.br\/noticias\/#website\",\"url\":\"https:\/\/www.suno.com.br\/noticias\/\",\"name\":\"Suno Not\u00edcias\",\"description\":\"Seu portal de informa\u00e7\u00e3o sobre o mundo dos investimentos\",\"publisher\":{\"@id\":\"https:\/\/www.suno.com.br\/noticias\/#organization\"},\"potentialAction\":[{\"@type\":\"SearchAction\",\"target\":{\"@type\":\"EntryPoint\",\"urlTemplate\":\"https:\/\/www.suno.com.br\/noticias\/?s={search_term_string}\"},\"query-input\":{\"@type\":\"PropertyValueSpecification\",\"valueRequired\":true,\"valueName\":\"search_term_string\"}}],\"inLanguage\":\"pt-BR\"},{\"@type\":\"Organization\",\"@id\":\"https:\/\/www.suno.com.br\/noticias\/#organization\",\"name\":\"Suno Not\u00edcias\",\"url\":\"https:\/\/www.suno.com.br\/noticias\/\",\"logo\":{\"@type\":\"ImageObject\",\"inLanguage\":\"pt-BR\",\"@id\":\"https:\/\/www.suno.com.br\/noticias\/#\/schema\/logo\/image\/\",\"url\":\"https:\/\/files.sunoresearch.com.br\/n\/uploads\/2021\/09\/suno-logo.png\",\"contentUrl\":\"https:\/\/files.sunoresearch.com.br\/n\/uploads\/2021\/09\/suno-logo.png\",\"width\":180,\"height\":180,\"caption\":\"Suno Not\u00edcias\"},\"image\":{\"@id\":\"https:\/\/www.suno.com.br\/noticias\/#\/schema\/logo\/image\/\"},\"sameAs\":[\"https:\/\/facebook.com\/sunoresearch\",\"https:\/\/x.com\/sunoresearch\",\"https:\/\/www.instagram.com\/suno\",\"https:\/\/www.linkedin.com\/company\/suno-research\/\",\"https:\/\/www.youtube.com\/c\/sunoresearch\"]},{\"@type\":\"Person\",\"@id\":\"https:\/\/www.suno.com.br\/noticias\/#\/schema\/person\/02ec1f752758247878a2bf4abee1aeda\",\"name\":\"Poliana Santos\",\"image\":{\"@type\":\"ImageObject\",\"inLanguage\":\"pt-BR\",\"@id\":\"https:\/\/www.suno.com.br\/noticias\/#\/schema\/person\/image\/\",\"url\":\"https:\/\/secure.gravatar.com\/avatar\/0645bd32f23d87b2130f2b2dff1d3f8d?s=96&r=g\",\"contentUrl\":\"https:\/\/secure.gravatar.com\/avatar\/0645bd32f23d87b2130f2b2dff1d3f8d?s=96&r=g\",\"caption\":\"Poliana Santos\"},\"description\":\"Rep\u00f3rter no Suno Not\u00edcias, com cobertura em mercado financeiro, economia, finan\u00e7as pessoais, renda fixa e varejo. Jornalista formada pela Faculdade C\u00e1sper L\u00edbero e possui passagem na R\u00e1dio Gazeta AM com a produ\u00e7\u00e3o de conte\u00fado sobre economia, pol\u00edtica, sa\u00fade, moda e m\u00fasica. Possui certificado de conclus\u00e3o do curso de An\u00e1lise de Balan\u00e7os pela Funda\u00e7\u00e3o Bradesco, Agenda Brasil pela FAAP, Educa\u00e7\u00e3o Pol\u00edtica por Alexandre Garcia e do Tesouro Direto e Mercado de A\u00e7\u00f5es pela B3.\",\"url\":\"https:\/\/www.suno.com.br\/noticias\/author\/poliana-santos\/\"}]}<\/script>\n<!-- \/ Yoast SEO plugin. -->","yoast_head_json":{"title":"UE prev\u00ea recess\u00e3o econ\u00f4mica de 8,7% para a zona do euro em 2020","description":"A Comiss\u00e3o Europeia prev\u00ea uma contra\u00e7\u00e3o de 8,7% na economia da zona do euro em 2020, por causa da pandemia do coronav\u00edrus. Clique aqui","robots":{"index":"index","follow":"follow","max-snippet":"max-snippet:-1","max-image-preview":"max-image-preview:large","max-video-preview":"max-video-preview:-1"},"canonical":"https:\/\/www.suno.com.br\/noticias\/ue-preve-recessao-economica-de-87-para-a-zona-do-euro-em-2020\/","og_locale":"pt_BR","og_type":"article","og_title":"UE prev\u00ea recess\u00e3o econ\u00f4mica de 8,7% para a zona do euro em 2020","og_description":"A Comiss\u00e3o Europeia prev\u00ea uma contra\u00e7\u00e3o de 8,7% na economia da zona do euro em 2020, por causa da pandemia do coronav\u00edrus. Clique aqui","og_url":"https:\/\/www.suno.com.br\/noticias\/ue-preve-recessao-economica-de-87-para-a-zona-do-euro-em-2020\/","og_site_name":"Suno Not\u00edcias","article_publisher":"https:\/\/facebook.com\/sunoresearch","og_image":[{"width":615,"height":410,"url":"https:\/\/files.sunoresearch.com.br\/n\/uploads\/2020\/03\/4d6634f3-uni\u00e3o-europeia.jpg","type":"image\/jpeg"}],"author":"Poliana Santos","twitter_card":"summary_large_image","twitter_creator":"@sunoresearch","twitter_site":"@sunoresearch","twitter_misc":{"Escrito por":"Poliana Santos","Est. tempo de leitura":"2 minutos"},"schema":{"@context":"https:\/\/schema.org","@graph":[{"@type":"NewsArticle","@id":"https:\/\/www.suno.com.br\/noticias\/ue-preve-recessao-economica-de-87-para-a-zona-do-euro-em-2020\/#article","isPartOf":{"@id":"https:\/\/www.suno.com.br\/noticias\/ue-preve-recessao-economica-de-87-para-a-zona-do-euro-em-2020\/"},"author":{"name":"Poliana Santos","@id":"https:\/\/www.suno.com.br\/noticias\/#\/schema\/person\/02ec1f752758247878a2bf4abee1aeda"},"headline":"UE prev\u00ea recess\u00e3o econ\u00f4mica de 8,7% para a zona do euro em 2020","datePublished":"2020-07-07T13:08:40+00:00","mainEntityOfPage":{"@id":"https:\/\/www.suno.com.br\/noticias\/ue-preve-recessao-economica-de-87-para-a-zona-do-euro-em-2020\/"},"wordCount":385,"publisher":{"@id":"https:\/\/www.suno.com.br\/noticias\/#organization"},"image":{"@id":"https:\/\/www.suno.com.br\/noticias\/ue-preve-recessao-economica-de-87-para-a-zona-do-euro-em-2020\/#primaryimage"},"thumbnailUrl":"https:\/\/files.sunoresearch.com.br\/n\/uploads\/2020\/03\/4d6634f3-uni\u00e3o-europeia-jpg.webp","keywords":["Alemanha","Produto Interno Bruto (PIB)","zona do euro"],"articleSection":["Internacional"],"inLanguage":"pt-BR"},{"@type":"WebPage","@id":"https:\/\/www.suno.com.br\/noticias\/ue-preve-recessao-economica-de-87-para-a-zona-do-euro-em-2020\/","url":"https:\/\/www.suno.com.br\/noticias\/ue-preve-recessao-economica-de-87-para-a-zona-do-euro-em-2020\/","name":"UE prev\u00ea recess\u00e3o econ\u00f4mica de 8,7% para a zona do euro em 2020","isPartOf":{"@id":"https:\/\/www.suno.com.br\/noticias\/#website"},"primaryImageOfPage":{"@id":"https:\/\/www.suno.com.br\/noticias\/ue-preve-recessao-economica-de-87-para-a-zona-do-euro-em-2020\/#primaryimage"},"image":{"@id":"https:\/\/www.suno.com.br\/noticias\/ue-preve-recessao-economica-de-87-para-a-zona-do-euro-em-2020\/#primaryimage"},"thumbnailUrl":"https:\/\/files.sunoresearch.com.br\/n\/uploads\/2020\/03\/4d6634f3-uni\u00e3o-europeia-jpg.webp","datePublished":"2020-07-07T13:08:40+00:00","description":"A Comiss\u00e3o Europeia prev\u00ea uma contra\u00e7\u00e3o de 8,7% na economia da zona do euro em 2020, por causa da pandemia do coronav\u00edrus. Clique aqui","breadcrumb":{"@id":"https:\/\/www.suno.com.br\/noticias\/ue-preve-recessao-economica-de-87-para-a-zona-do-euro-em-2020\/#breadcrumb"},"inLanguage":"pt-BR","potentialAction":[{"@type":"ReadAction","target":["https:\/\/www.suno.com.br\/noticias\/ue-preve-recessao-economica-de-87-para-a-zona-do-euro-em-2020\/"]}]},{"@type":"ImageObject","inLanguage":"pt-BR","@id":"https:\/\/www.suno.com.br\/noticias\/ue-preve-recessao-economica-de-87-para-a-zona-do-euro-em-2020\/#primaryimage","url":"https:\/\/files.sunoresearch.com.br\/n\/uploads\/2020\/03\/4d6634f3-uni\u00e3o-europeia-jpg.webp","contentUrl":"https:\/\/files.sunoresearch.com.br\/n\/uploads\/2020\/03\/4d6634f3-uni\u00e3o-europeia-jpg.webp","width":615,"height":410,"caption":"Zona do Euro"},{"@type":"BreadcrumbList","@id":"https:\/\/www.suno.com.br\/noticias\/ue-preve-recessao-economica-de-87-para-a-zona-do-euro-em-2020\/#breadcrumb","itemListElement":[{"@type":"ListItem","position":1,"name":"Not\u00edcias","item":"https:\/\/www.suno.com.br\/noticias\/"},{"@type":"ListItem","position":2,"name":"Internacional","item":"https:\/\/www.suno.com.br\/noticias\/internacional\/"},{"@type":"ListItem","position":3,"name":"UE prev\u00ea recess\u00e3o econ\u00f4mica de 8,7% para a zona do euro em 2020"}]},{"@type":"WebSite","@id":"https:\/\/www.suno.com.br\/noticias\/#website","url":"https:\/\/www.suno.com.br\/noticias\/","name":"Suno Not\u00edcias","description":"Seu portal de informa\u00e7\u00e3o sobre o mundo dos investimentos","publisher":{"@id":"https:\/\/www.suno.com.br\/noticias\/#organization"},"potentialAction":[{"@type":"SearchAction","target":{"@type":"EntryPoint","urlTemplate":"https:\/\/www.suno.com.br\/noticias\/?s={search_term_string}"},"query-input":{"@type":"PropertyValueSpecification","valueRequired":true,"valueName":"search_term_string"}}],"inLanguage":"pt-BR"},{"@type":"Organization","@id":"https:\/\/www.suno.com.br\/noticias\/#organization","name":"Suno Not\u00edcias","url":"https:\/\/www.suno.com.br\/noticias\/","logo":{"@type":"ImageObject","inLanguage":"pt-BR","@id":"https:\/\/www.suno.com.br\/noticias\/#\/schema\/logo\/image\/","url":"https:\/\/files.sunoresearch.com.br\/n\/uploads\/2021\/09\/suno-logo.png","contentUrl":"https:\/\/files.sunoresearch.com.br\/n\/uploads\/2021\/09\/suno-logo.png","width":180,"height":180,"caption":"Suno Not\u00edcias"},"image":{"@id":"https:\/\/www.suno.com.br\/noticias\/#\/schema\/logo\/image\/"},"sameAs":["https:\/\/facebook.com\/sunoresearch","https:\/\/x.com\/sunoresearch","https:\/\/www.instagram.com\/suno","https:\/\/www.linkedin.com\/company\/suno-research\/","https:\/\/www.youtube.com\/c\/sunoresearch"]},{"@type":"Person","@id":"https:\/\/www.suno.com.br\/noticias\/#\/schema\/person\/02ec1f752758247878a2bf4abee1aeda","name":"Poliana Santos","image":{"@type":"ImageObject","inLanguage":"pt-BR","@id":"https:\/\/www.suno.com.br\/noticias\/#\/schema\/person\/image\/","url":"https:\/\/secure.gravatar.com\/avatar\/0645bd32f23d87b2130f2b2dff1d3f8d?s=96&r=g","contentUrl":"https:\/\/secure.gravatar.com\/avatar\/0645bd32f23d87b2130f2b2dff1d3f8d?s=96&r=g","caption":"Poliana Santos"},"description":"Rep\u00f3rter no Suno Not\u00edcias, com cobertura em mercado financeiro, economia, finan\u00e7as pessoais, renda fixa e varejo. Jornalista formada pela Faculdade C\u00e1sper L\u00edbero e possui passagem na R\u00e1dio Gazeta AM com a produ\u00e7\u00e3o de conte\u00fado sobre economia, pol\u00edtica, sa\u00fade, moda e m\u00fasica. Possui certificado de conclus\u00e3o do curso de An\u00e1lise de Balan\u00e7os pela Funda\u00e7\u00e3o Bradesco, Agenda Brasil pela FAAP, Educa\u00e7\u00e3o Pol\u00edtica por Alexandre Garcia e do Tesouro Direto e Mercado de A\u00e7\u00f5es pela B3.","url":"https:\/\/www.suno.com.br\/noticias\/author\/poliana-santos\/"}]}},"default_loop_html":"<div class=\"cardsPage__listCard__boxs\"><div class=\"cardsPage__listCard__boxs__img\"><a href=\"https:\/\/www.suno.com.br\/noticias\/ue-preve-recessao-economica-de-87-para-a-zona-do-euro-em-2020\/\"><img class=\"mask\" src=\"https:\/\/www.suno.com.br\/noticias\/wp-content\/themes\/suno\/resources\/images\/spotlight\/spotlight1img\/bg-mask.png\" alt=\"Image Mask\"\/><img src=\"https:\/\/files.sunoresearch.com.br\/n\/uploads\/2020\/03\/4d6634f3-uni\u00e3o-europeia-400x200.webp\" alt=\"UE prev\u00ea recess\u00e3o econ\u00f4mica de 8,7% para a zona do euro em 2020\"\/><\/a><span class=\"spotlightCategory\"><a href=\"https:\/\/www.suno.com.br\/noticias\/internacional\/\">Internacional<\/a><\/span><\/div><div class=\"cardsPage__listCard__boxs__content\"><a href=\"https:\/\/www.suno.com.br\/noticias\/ue-preve-recessao-economica-de-87-para-a-zona-do-euro-em-2020\/\"><h2 class=\"content__title\">UE prev\u00ea recess\u00e3o econ\u00f4mica de 8,7% para a zona do euro em 2020<\/h2><\/a><div class=\"newsContent__article__meta\"><div class=\"newsContent__article__meta__authorBox\"><a href=\"https:\/\/www.suno.com.br\/noticias\/author\/poliana-santos\/\" class=\"authorBox__avatar noMobi\"><img src=\"https:\/\/files.sunoresearch.com.br\/n\/uploads\/2020\/08\/7ef34026-whatsapp-image-2020-08-03-at-12.37.57-150x150.webp\" alt=\"Poliana Santos\"><\/a><div class=\"authorBox__name\"><span>por\n\t\t\t<a href=\"https:\/\/www.suno.com.br\/noticias\/author\/poliana-santos\/\"><span itemprop=\"author\">Poliana Santos<\/span><\/a><\/span><time datetime=\"2020-07-07T10:08:40-03:00\" itemprop=\"datePublished\">07\/07\/2020 10:08<\/time><\/div><\/div><\/div><\/div><\/div>","single_layout":"posts","amp_enabled":true,"_links":{"self":[{"href":"https:\/\/www.suno.com.br\/noticias\/wp-json\/wp\/v2\/posts\/72079"}],"collection":[{"href":"https:\/\/www.suno.com.br\/noticias\/wp-json\/wp\/v2\/posts"}],"about":[{"href":"https:\/\/www.suno.com.br\/noticias\/wp-json\/wp\/v2\/types\/post"}],"author":[{"embeddable":true,"href":"https:\/\/www.suno.com.br\/noticias\/wp-json\/wp\/v2\/users\/15"}],"replies":[{"embeddable":true,"href":"https:\/\/www.suno.com.br\/noticias\/wp-json\/wp\/v2\/comments?post=72079"}],"version-history":[{"count":0,"href":"https:\/\/www.suno.com.br\/noticias\/wp-json\/wp\/v2\/posts\/72079\/revisions"}],"wp:featuredmedia":[{"embeddable":true,"href":"https:\/\/www.suno.com.br\/noticias\/wp-json\/wp\/v2\/media\/55895"}],"wp:attachment":[{"href":"https:\/\/www.suno.com.br\/noticias\/wp-json\/wp\/v2\/media?parent=72079"}],"wp:term":[{"taxonomy":"category","embeddable":true,"href":"https:\/\/www.suno.com.br\/noticias\/wp-json\/wp\/v2\/categories?post=72079"},{"taxonomy":"post_tag","embeddable":true,"href":"https:\/\/www.suno.com.br\/noticias\/wp-json\/wp\/v2\/tags?post=72079"},{"taxonomy":"suno_strategy","embeddable":true,"href":"https:\/\/www.suno.com.br\/noticias\/wp-json\/wp\/v2\/suno_strategy?post=72079"}],"curies":[{"name":"wp","href":"https:\/\/api.w.org\/{rel}","templated":true}]}}