{"id":7205,"date":"2018-11-27T17:24:28","date_gmt":"2018-11-27T19:24:28","guid":{"rendered":"https:\/\/www.suno.com.br\/noticias\/?p=7205"},"modified":"2021-02-17T23:07:08","modified_gmt":"2021-02-18T02:07:08","slug":"bolsonaro-tarcisio-gomes-ministro-infraestrutura","status":"publish","type":"post","link":"https:\/\/www.suno.com.br\/noticias\/bolsonaro-tarcisio-gomes-ministro-infraestrutura\/","title":{"rendered":"Bolsonaro anuncia Tarc\u00edsio Gomes de Freitas como novo ministro da Infraestrutura"},"content":{"rendered":"<p>O presidente eleito Jair Bolsonaro anunciou nesta ter\u00e7a-feira (27) o nome do futuro ministro da Infraestrutura, Tarc\u00edsio Gomes de Freitas.<\/p>\t<div class=\"wrapper-featured-image\">\n\t\t<figure class=\"spotlightImg\">\n\n\t\t\t<picture>\n\t\t\t\t<source media=\"(max-width: 768px)\" srcset=\"https:\/\/files.sunoresearch.com.br\/n\/uploads\/2018\/11\/6498cef2-tarc\u00edsio-gomes-400x200.webp\">\n\t\t\t\t<img loading=\"lazy\" decoding=\"async\" class=\"newsContent__article__imgCapa lazyloadDisabled newsContent__article__imgCapa--noCaption\" src=\"https:\/\/files.sunoresearch.com.br\/n\/uploads\/2018\/11\/6498cef2-tarc\u00edsio-gomes-800x450.webp\" width=\"800\" height=\"450\" alt=\"Bolsonaro anuncia Tarc\u00edsio Gomes de Freitas como novo ministro da Infraestrutura\" fetchpriority=high \/>\n\t\t\t<\/picture>\n\n\t\t\t<figcaption class=\"wp-caption-text wp-caption-text--hide\">O ministro da Infraestrutura disse que uma das metas do governo \u00e9 atrair mais de R$ 40 bilh\u00f5es em investimentos privados no sistema ferrovi\u00e1rio<\/figcaption>\n\t\t<\/figure>\n\t<\/div>\n\n\n<p>Gomes, ex-diretor do Departamento Nacional de Infraestrutura de Transportes (Dnit), assumir\u00e1 o <strong>Minist\u00e9rio da Infraestrutura<\/strong> a partir de janeiro.<\/p>\n<p>O novo ministro \u00e9 formado pelo Instituto Militar de Engenharia e foi Consultor Legislativo da C\u00e2mara dos Deputados.<\/p>\n<p><a href=\"https:\/\/www.suno.com.br\/noticias\/bolsonaro-formacao-governo-final-mes\/\">Saiba Mais:\u00a0Bolsonaro: espero ter formado o governo at\u00e9 o final do m\u00eas<\/a><\/p>\n<p><strong>Bolsonaro<\/strong> anunciou o nome de <strong>Tarc\u00edsio Gomes de Freitas<\/strong> em seu perfil no Twitter.<\/p>\n<div class=\"mc-column content-text active-extra-styles \" data-block-type=\"unstyled\" data-block-weight=\"22\" data-block-id=\"12\">\n<p class=\"content-text__container \" data-track-category=\"Link no Texto\" data-track-links=\"\">O futuro ministro declarou que pretende &#8220;intensificar&#8221; parcerias com o setor privado. A &#8220;recomenda\u00e7\u00e3o&#8221; no minist\u00e9rio ser\u00e1 &#8220;resolver problemas de log\u00edstica&#8221; para gerar empregos.<\/p>\n<\/div>\n<div class=\"mc-column content-text active-extra-styles \" data-block-type=\"unstyled\" data-block-weight=\"32\" data-block-id=\"13\">\n<p class=\"content-text__container \" data-track-category=\"Link no Texto\" data-track-links=\"\">\u201cVamos intensificar as parcerias em rodovias, ferrovias e aeroportos, tal qual est\u00e1 sendo feito hoje. Isso vai ser intensificado. A ideia \u00e9 trazer o setor privado para a \u00e1rea de infraestrutura\u201d, declarou de Freitas.<\/p>\n<div class=\"mc-column content-text active-extra-styles \" data-block-type=\"unstyled\" data-block-weight=\"55\" data-block-id=\"7\">\n<p class=\"content-text__container \" data-track-category=\"Link no Texto\" data-track-links=\"\">O futuro ministro \u00e9 engenheiro civil formado pelo Instituto Militar de Engenharia. Ele tamb\u00e9m concluiu uma p\u00f3s-gradua\u00e7\u00e3o em gerenciamento de projetos e engenharia de transportes.<\/p>\n<p class=\"content-text__container \" data-track-category=\"Link no Texto\" data-track-links=\"\">Sua carreira iniciou no Ex\u00e9rcito e posteriormente ingressou por concurso no quadro de auditores da CGU.<\/p>\n<p class=\"content-text__container \" data-track-category=\"Link no Texto\" data-track-links=\"\">De Freitas tamb\u00e9m atuou como engenheiro da Companhia de Engenharia Brasileira na Miss\u00e3o de Paz no Haiti.<\/p>\n<\/div>\n<div class=\"mc-column content-text active-extra-styles \" data-block-type=\"unstyled\" data-block-weight=\"40\" data-block-id=\"8\">\n<p class=\"content-text__container \" data-track-category=\"Link no Texto\" data-track-links=\"\">O primeiro nome cotado por Bolsonaro para chefiar a pasta de Infraestrutura foi o do general da reserva do Ex\u00e9rcito Oswaldo Ferreira.<\/p>\n<p class=\"content-text__container \" data-track-category=\"Link no Texto\" data-track-links=\"\">O militar trabalhou na campanha de Bolsonaro e atua na equipe de transi\u00e7\u00e3o.<\/p>\n<p class=\"content-text__container \" data-track-category=\"Link no Texto\" data-track-links=\"\">Entretanto, ele optou por n\u00e3o assumir a pasta.<\/p>\n<\/div>\n<\/div>\n<p>O <strong>minist\u00e9rio da Infraestrutura<\/strong> n\u00e3o existe atualmente. A nova pasta absorver\u00e1 o atual Minist\u00e9rio dos Transportes.<\/p>\n<p>&nbsp;<\/p>\n","protected":false},"excerpt":{"rendered":"<p>O presidente eleito Jair Bolsonaro anunciou nesta ter\u00e7a-feira (27) o nome do futuro ministro da Infraestrutura, Tarc\u00edsio Gomes de Freitas. O ministro da Infraestrutura disse que uma das metas do governo \u00e9 atrair mais de R$ 40 bilh\u00f5es em investimentos privados no sistema ferrovi\u00e1rio Gomes, ex-diretor do Departamento Nacional de Infraestrutura de Transportes (Dnit), assumir\u00e1 [&hellip;]<\/p>\n","protected":false},"author":9,"featured_media":7207,"comment_status":"closed","ping_status":"closed","sticky":false,"template":"","format":"standard","meta":[],"categories":[61],"tags":[719],"suno_strategy":[],"class_list":["post-7205","post","type-post","status-publish","format-standard","has-post-thumbnail","hentry","category-politica","tag-jair-bolsonaro"],"yoast_head":"<!-- This site is optimized with the Yoast SEO plugin v24.4 - https:\/\/yoast.com\/wordpress\/plugins\/seo\/ -->\n<title>Bolsonaro anuncia Tarc\u00edsio Gomes como novo ministro da Infraestrutura<\/title>\n<meta name=\"description\" content=\"O minist\u00e9rio da Infraestrutura n\u00e3o existe atualmente. A nova pasta absorver\u00e1 o atual Minist\u00e9rio dos Transportes.\u00a0Clique aqui para saber mais.\" \/>\n<meta name=\"robots\" content=\"index, follow, max-snippet:-1, max-image-preview:large, max-video-preview:-1\" \/>\n<link rel=\"canonical\" href=\"https:\/\/www.suno.com.br\/noticias\/bolsonaro-tarcisio-gomes-ministro-infraestrutura\/\" \/>\n<meta property=\"og:locale\" content=\"pt_BR\" \/>\n<meta property=\"og:type\" content=\"article\" \/>\n<meta property=\"og:title\" content=\"Bolsonaro anuncia Tarc\u00edsio Gomes como novo ministro da Infraestrutura\" \/>\n<meta property=\"og:description\" content=\"O minist\u00e9rio da Infraestrutura n\u00e3o existe atualmente. A nova pasta absorver\u00e1 o atual Minist\u00e9rio dos Transportes.\u00a0Clique aqui para saber mais.\" \/>\n<meta property=\"og:url\" content=\"https:\/\/www.suno.com.br\/noticias\/bolsonaro-tarcisio-gomes-ministro-infraestrutura\/\" \/>\n<meta property=\"og:site_name\" content=\"Suno Not\u00edcias\" \/>\n<meta property=\"article:publisher\" content=\"https:\/\/facebook.com\/sunoresearch\" \/>\n<meta property=\"og:image\" content=\"https:\/\/files.sunoresearch.com.br\/n\/uploads\/2018\/11\/6498cef2-tarc\u00edsio-gomes.jpeg\" \/>\n\t<meta property=\"og:image:width\" content=\"840\" \/>\n\t<meta property=\"og:image:height\" content=\"558\" \/>\n\t<meta property=\"og:image:type\" content=\"image\/jpeg\" \/>\n<meta name=\"author\" content=\"Carlo Cauti\" \/>\n<meta name=\"twitter:card\" content=\"summary_large_image\" \/>\n<meta name=\"twitter:creator\" content=\"@sunoresearch\" \/>\n<meta name=\"twitter:site\" content=\"@sunoresearch\" \/>\n<meta name=\"twitter:label1\" content=\"Escrito por\" \/>\n\t<meta name=\"twitter:data1\" content=\"Carlo Cauti\" \/>\n\t<meta name=\"twitter:label2\" content=\"Est. tempo de leitura\" \/>\n\t<meta name=\"twitter:data2\" content=\"1 minuto\" \/>\n<script type=\"application\/ld+json\" class=\"yoast-schema-graph\">{\"@context\":\"https:\/\/schema.org\",\"@graph\":[{\"@type\":\"NewsArticle\",\"@id\":\"https:\/\/www.suno.com.br\/noticias\/bolsonaro-tarcisio-gomes-ministro-infraestrutura\/#article\",\"isPartOf\":{\"@id\":\"https:\/\/www.suno.com.br\/noticias\/bolsonaro-tarcisio-gomes-ministro-infraestrutura\/\"},\"author\":{\"name\":\"Carlo Cauti\",\"@id\":\"https:\/\/www.suno.com.br\/noticias\/#\/schema\/person\/e6e0f723cc177805027f4566c1d5e0c8\"},\"headline\":\"Bolsonaro anuncia Tarc\u00edsio Gomes de Freitas como novo ministro da Infraestrutura\",\"datePublished\":\"2018-11-27T19:24:28+00:00\",\"dateModified\":\"2021-02-18T02:07:08+00:00\",\"mainEntityOfPage\":{\"@id\":\"https:\/\/www.suno.com.br\/noticias\/bolsonaro-tarcisio-gomes-ministro-infraestrutura\/\"},\"wordCount\":289,\"publisher\":{\"@id\":\"https:\/\/www.suno.com.br\/noticias\/#organization\"},\"image\":{\"@id\":\"https:\/\/www.suno.com.br\/noticias\/bolsonaro-tarcisio-gomes-ministro-infraestrutura\/#primaryimage\"},\"thumbnailUrl\":\"https:\/\/files.sunoresearch.com.br\/n\/uploads\/2018\/11\/6498cef2-tarc\u00edsio-gomes-jpeg.webp\",\"keywords\":[\"Jair Bolsonaro\"],\"articleSection\":[\"Pol\u00edtica\"],\"inLanguage\":\"pt-BR\"},{\"@type\":\"WebPage\",\"@id\":\"https:\/\/www.suno.com.br\/noticias\/bolsonaro-tarcisio-gomes-ministro-infraestrutura\/\",\"url\":\"https:\/\/www.suno.com.br\/noticias\/bolsonaro-tarcisio-gomes-ministro-infraestrutura\/\",\"name\":\"Bolsonaro anuncia Tarc\u00edsio Gomes como novo ministro da Infraestrutura\",\"isPartOf\":{\"@id\":\"https:\/\/www.suno.com.br\/noticias\/#website\"},\"primaryImageOfPage\":{\"@id\":\"https:\/\/www.suno.com.br\/noticias\/bolsonaro-tarcisio-gomes-ministro-infraestrutura\/#primaryimage\"},\"image\":{\"@id\":\"https:\/\/www.suno.com.br\/noticias\/bolsonaro-tarcisio-gomes-ministro-infraestrutura\/#primaryimage\"},\"thumbnailUrl\":\"https:\/\/files.sunoresearch.com.br\/n\/uploads\/2018\/11\/6498cef2-tarc\u00edsio-gomes-jpeg.webp\",\"datePublished\":\"2018-11-27T19:24:28+00:00\",\"dateModified\":\"2021-02-18T02:07:08+00:00\",\"description\":\"O minist\u00e9rio da Infraestrutura n\u00e3o existe atualmente. A nova pasta absorver\u00e1 o atual Minist\u00e9rio dos Transportes.\u00a0Clique aqui para saber mais.\",\"breadcrumb\":{\"@id\":\"https:\/\/www.suno.com.br\/noticias\/bolsonaro-tarcisio-gomes-ministro-infraestrutura\/#breadcrumb\"},\"inLanguage\":\"pt-BR\",\"potentialAction\":[{\"@type\":\"ReadAction\",\"target\":[\"https:\/\/www.suno.com.br\/noticias\/bolsonaro-tarcisio-gomes-ministro-infraestrutura\/\"]}]},{\"@type\":\"ImageObject\",\"inLanguage\":\"pt-BR\",\"@id\":\"https:\/\/www.suno.com.br\/noticias\/bolsonaro-tarcisio-gomes-ministro-infraestrutura\/#primaryimage\",\"url\":\"https:\/\/files.sunoresearch.com.br\/n\/uploads\/2018\/11\/6498cef2-tarc\u00edsio-gomes-jpeg.webp\",\"contentUrl\":\"https:\/\/files.sunoresearch.com.br\/n\/uploads\/2018\/11\/6498cef2-tarc\u00edsio-gomes-jpeg.webp\",\"width\":840,\"height\":558,\"caption\":\"O ministro da Infraestrutura disse que uma das metas do governo \u00e9 atrair mais de R$ 40 bilh\u00f5es em investimentos privados no sistema ferrovi\u00e1rio\"},{\"@type\":\"BreadcrumbList\",\"@id\":\"https:\/\/www.suno.com.br\/noticias\/bolsonaro-tarcisio-gomes-ministro-infraestrutura\/#breadcrumb\",\"itemListElement\":[{\"@type\":\"ListItem\",\"position\":1,\"name\":\"Not\u00edcias\",\"item\":\"https:\/\/www.suno.com.br\/noticias\/\"},{\"@type\":\"ListItem\",\"position\":2,\"name\":\"Pol\u00edtica\",\"item\":\"https:\/\/www.suno.com.br\/noticias\/politica\/\"},{\"@type\":\"ListItem\",\"position\":3,\"name\":\"Bolsonaro anuncia Tarc\u00edsio Gomes de Freitas como novo ministro da Infraestrutura\"}]},{\"@type\":\"WebSite\",\"@id\":\"https:\/\/www.suno.com.br\/noticias\/#website\",\"url\":\"https:\/\/www.suno.com.br\/noticias\/\",\"name\":\"Suno Not\u00edcias\",\"description\":\"Seu portal de informa\u00e7\u00e3o sobre o mundo dos investimentos\",\"publisher\":{\"@id\":\"https:\/\/www.suno.com.br\/noticias\/#organization\"},\"potentialAction\":[{\"@type\":\"SearchAction\",\"target\":{\"@type\":\"EntryPoint\",\"urlTemplate\":\"https:\/\/www.suno.com.br\/noticias\/?s={search_term_string}\"},\"query-input\":{\"@type\":\"PropertyValueSpecification\",\"valueRequired\":true,\"valueName\":\"search_term_string\"}}],\"inLanguage\":\"pt-BR\"},{\"@type\":\"Organization\",\"@id\":\"https:\/\/www.suno.com.br\/noticias\/#organization\",\"name\":\"Suno Not\u00edcias\",\"url\":\"https:\/\/www.suno.com.br\/noticias\/\",\"logo\":{\"@type\":\"ImageObject\",\"inLanguage\":\"pt-BR\",\"@id\":\"https:\/\/www.suno.com.br\/noticias\/#\/schema\/logo\/image\/\",\"url\":\"https:\/\/files.sunoresearch.com.br\/n\/uploads\/2021\/09\/suno-logo.png\",\"contentUrl\":\"https:\/\/files.sunoresearch.com.br\/n\/uploads\/2021\/09\/suno-logo.png\",\"width\":180,\"height\":180,\"caption\":\"Suno Not\u00edcias\"},\"image\":{\"@id\":\"https:\/\/www.suno.com.br\/noticias\/#\/schema\/logo\/image\/\"},\"sameAs\":[\"https:\/\/facebook.com\/sunoresearch\",\"https:\/\/x.com\/sunoresearch\",\"https:\/\/www.instagram.com\/suno\",\"https:\/\/www.linkedin.com\/company\/suno-research\/\",\"https:\/\/www.youtube.com\/c\/sunoresearch\"]},{\"@type\":\"Person\",\"@id\":\"https:\/\/www.suno.com.br\/noticias\/#\/schema\/person\/e6e0f723cc177805027f4566c1d5e0c8\",\"name\":\"Carlo Cauti\",\"image\":{\"@type\":\"ImageObject\",\"inLanguage\":\"pt-BR\",\"@id\":\"https:\/\/www.suno.com.br\/noticias\/#\/schema\/person\/image\/\",\"url\":\"https:\/\/secure.gravatar.com\/avatar\/3ada9e0bd164c23abd4792a9606d583c?s=96&r=g\",\"contentUrl\":\"https:\/\/secure.gravatar.com\/avatar\/3ada9e0bd164c23abd4792a9606d583c?s=96&r=g\",\"caption\":\"Carlo Cauti\"},\"description\":\"Editor multim\u00eddia do SUNO Not\u00edcias. Italiano, formado em Ci\u00eancias Pol\u00edticas pela universidade LUISS G. Carli de Roma e mestre cum laude em Rela\u00e7\u00f5es Internacionais, Jornalismo Internacional e de Guerra e em Economia Internacional. Concluiu tamb\u00e9m um MBA em Finan\u00e7as na B3. No Brasil, teve passagem por ve\u00edculos como Estad\u00e3o, Globo, Veja e EXAME. e nas ag\u00eancias de not\u00edcias italianas ANSA e NOVA.\",\"url\":\"https:\/\/www.suno.com.br\/noticias\/author\/carlo-cauti\/\"}]}<\/script>\n<!-- \/ Yoast SEO plugin. -->","yoast_head_json":{"title":"Bolsonaro anuncia Tarc\u00edsio Gomes como novo ministro da Infraestrutura","description":"O minist\u00e9rio da Infraestrutura n\u00e3o existe atualmente. A nova pasta absorver\u00e1 o atual Minist\u00e9rio dos Transportes.\u00a0Clique aqui para saber mais.","robots":{"index":"index","follow":"follow","max-snippet":"max-snippet:-1","max-image-preview":"max-image-preview:large","max-video-preview":"max-video-preview:-1"},"canonical":"https:\/\/www.suno.com.br\/noticias\/bolsonaro-tarcisio-gomes-ministro-infraestrutura\/","og_locale":"pt_BR","og_type":"article","og_title":"Bolsonaro anuncia Tarc\u00edsio Gomes como novo ministro da Infraestrutura","og_description":"O minist\u00e9rio da Infraestrutura n\u00e3o existe atualmente. A nova pasta absorver\u00e1 o atual Minist\u00e9rio dos Transportes.\u00a0Clique aqui para saber mais.","og_url":"https:\/\/www.suno.com.br\/noticias\/bolsonaro-tarcisio-gomes-ministro-infraestrutura\/","og_site_name":"Suno Not\u00edcias","article_publisher":"https:\/\/facebook.com\/sunoresearch","og_image":[{"width":840,"height":558,"url":"https:\/\/files.sunoresearch.com.br\/n\/uploads\/2018\/11\/6498cef2-tarc\u00edsio-gomes.jpeg","type":"image\/jpeg"}],"author":"Carlo Cauti","twitter_card":"summary_large_image","twitter_creator":"@sunoresearch","twitter_site":"@sunoresearch","twitter_misc":{"Escrito por":"Carlo Cauti","Est. tempo de leitura":"1 minuto"},"schema":{"@context":"https:\/\/schema.org","@graph":[{"@type":"NewsArticle","@id":"https:\/\/www.suno.com.br\/noticias\/bolsonaro-tarcisio-gomes-ministro-infraestrutura\/#article","isPartOf":{"@id":"https:\/\/www.suno.com.br\/noticias\/bolsonaro-tarcisio-gomes-ministro-infraestrutura\/"},"author":{"name":"Carlo Cauti","@id":"https:\/\/www.suno.com.br\/noticias\/#\/schema\/person\/e6e0f723cc177805027f4566c1d5e0c8"},"headline":"Bolsonaro anuncia Tarc\u00edsio Gomes de Freitas como novo ministro da Infraestrutura","datePublished":"2018-11-27T19:24:28+00:00","dateModified":"2021-02-18T02:07:08+00:00","mainEntityOfPage":{"@id":"https:\/\/www.suno.com.br\/noticias\/bolsonaro-tarcisio-gomes-ministro-infraestrutura\/"},"wordCount":289,"publisher":{"@id":"https:\/\/www.suno.com.br\/noticias\/#organization"},"image":{"@id":"https:\/\/www.suno.com.br\/noticias\/bolsonaro-tarcisio-gomes-ministro-infraestrutura\/#primaryimage"},"thumbnailUrl":"https:\/\/files.sunoresearch.com.br\/n\/uploads\/2018\/11\/6498cef2-tarc\u00edsio-gomes-jpeg.webp","keywords":["Jair Bolsonaro"],"articleSection":["Pol\u00edtica"],"inLanguage":"pt-BR"},{"@type":"WebPage","@id":"https:\/\/www.suno.com.br\/noticias\/bolsonaro-tarcisio-gomes-ministro-infraestrutura\/","url":"https:\/\/www.suno.com.br\/noticias\/bolsonaro-tarcisio-gomes-ministro-infraestrutura\/","name":"Bolsonaro anuncia Tarc\u00edsio Gomes como novo ministro da Infraestrutura","isPartOf":{"@id":"https:\/\/www.suno.com.br\/noticias\/#website"},"primaryImageOfPage":{"@id":"https:\/\/www.suno.com.br\/noticias\/bolsonaro-tarcisio-gomes-ministro-infraestrutura\/#primaryimage"},"image":{"@id":"https:\/\/www.suno.com.br\/noticias\/bolsonaro-tarcisio-gomes-ministro-infraestrutura\/#primaryimage"},"thumbnailUrl":"https:\/\/files.sunoresearch.com.br\/n\/uploads\/2018\/11\/6498cef2-tarc\u00edsio-gomes-jpeg.webp","datePublished":"2018-11-27T19:24:28+00:00","dateModified":"2021-02-18T02:07:08+00:00","description":"O minist\u00e9rio da Infraestrutura n\u00e3o existe atualmente. A nova pasta absorver\u00e1 o atual Minist\u00e9rio dos Transportes.\u00a0Clique aqui para saber mais.","breadcrumb":{"@id":"https:\/\/www.suno.com.br\/noticias\/bolsonaro-tarcisio-gomes-ministro-infraestrutura\/#breadcrumb"},"inLanguage":"pt-BR","potentialAction":[{"@type":"ReadAction","target":["https:\/\/www.suno.com.br\/noticias\/bolsonaro-tarcisio-gomes-ministro-infraestrutura\/"]}]},{"@type":"ImageObject","inLanguage":"pt-BR","@id":"https:\/\/www.suno.com.br\/noticias\/bolsonaro-tarcisio-gomes-ministro-infraestrutura\/#primaryimage","url":"https:\/\/files.sunoresearch.com.br\/n\/uploads\/2018\/11\/6498cef2-tarc\u00edsio-gomes-jpeg.webp","contentUrl":"https:\/\/files.sunoresearch.com.br\/n\/uploads\/2018\/11\/6498cef2-tarc\u00edsio-gomes-jpeg.webp","width":840,"height":558,"caption":"O ministro da Infraestrutura disse que uma das metas do governo \u00e9 atrair mais de R$ 40 bilh\u00f5es em investimentos privados no sistema ferrovi\u00e1rio"},{"@type":"BreadcrumbList","@id":"https:\/\/www.suno.com.br\/noticias\/bolsonaro-tarcisio-gomes-ministro-infraestrutura\/#breadcrumb","itemListElement":[{"@type":"ListItem","position":1,"name":"Not\u00edcias","item":"https:\/\/www.suno.com.br\/noticias\/"},{"@type":"ListItem","position":2,"name":"Pol\u00edtica","item":"https:\/\/www.suno.com.br\/noticias\/politica\/"},{"@type":"ListItem","position":3,"name":"Bolsonaro anuncia Tarc\u00edsio Gomes de Freitas como novo ministro da Infraestrutura"}]},{"@type":"WebSite","@id":"https:\/\/www.suno.com.br\/noticias\/#website","url":"https:\/\/www.suno.com.br\/noticias\/","name":"Suno Not\u00edcias","description":"Seu portal de informa\u00e7\u00e3o sobre o mundo dos investimentos","publisher":{"@id":"https:\/\/www.suno.com.br\/noticias\/#organization"},"potentialAction":[{"@type":"SearchAction","target":{"@type":"EntryPoint","urlTemplate":"https:\/\/www.suno.com.br\/noticias\/?s={search_term_string}"},"query-input":{"@type":"PropertyValueSpecification","valueRequired":true,"valueName":"search_term_string"}}],"inLanguage":"pt-BR"},{"@type":"Organization","@id":"https:\/\/www.suno.com.br\/noticias\/#organization","name":"Suno Not\u00edcias","url":"https:\/\/www.suno.com.br\/noticias\/","logo":{"@type":"ImageObject","inLanguage":"pt-BR","@id":"https:\/\/www.suno.com.br\/noticias\/#\/schema\/logo\/image\/","url":"https:\/\/files.sunoresearch.com.br\/n\/uploads\/2021\/09\/suno-logo.png","contentUrl":"https:\/\/files.sunoresearch.com.br\/n\/uploads\/2021\/09\/suno-logo.png","width":180,"height":180,"caption":"Suno Not\u00edcias"},"image":{"@id":"https:\/\/www.suno.com.br\/noticias\/#\/schema\/logo\/image\/"},"sameAs":["https:\/\/facebook.com\/sunoresearch","https:\/\/x.com\/sunoresearch","https:\/\/www.instagram.com\/suno","https:\/\/www.linkedin.com\/company\/suno-research\/","https:\/\/www.youtube.com\/c\/sunoresearch"]},{"@type":"Person","@id":"https:\/\/www.suno.com.br\/noticias\/#\/schema\/person\/e6e0f723cc177805027f4566c1d5e0c8","name":"Carlo Cauti","image":{"@type":"ImageObject","inLanguage":"pt-BR","@id":"https:\/\/www.suno.com.br\/noticias\/#\/schema\/person\/image\/","url":"https:\/\/secure.gravatar.com\/avatar\/3ada9e0bd164c23abd4792a9606d583c?s=96&r=g","contentUrl":"https:\/\/secure.gravatar.com\/avatar\/3ada9e0bd164c23abd4792a9606d583c?s=96&r=g","caption":"Carlo Cauti"},"description":"Editor multim\u00eddia do SUNO Not\u00edcias. Italiano, formado em Ci\u00eancias Pol\u00edticas pela universidade LUISS G. Carli de Roma e mestre cum laude em Rela\u00e7\u00f5es Internacionais, Jornalismo Internacional e de Guerra e em Economia Internacional. Concluiu tamb\u00e9m um MBA em Finan\u00e7as na B3. No Brasil, teve passagem por ve\u00edculos como Estad\u00e3o, Globo, Veja e EXAME. e nas ag\u00eancias de not\u00edcias italianas ANSA e NOVA.","url":"https:\/\/www.suno.com.br\/noticias\/author\/carlo-cauti\/"}]}},"default_loop_html":"<div class=\"cardsPage__listCard__boxs\"><div class=\"cardsPage__listCard__boxs__img\"><a href=\"https:\/\/www.suno.com.br\/noticias\/bolsonaro-tarcisio-gomes-ministro-infraestrutura\/\"><img class=\"mask\" src=\"https:\/\/www.suno.com.br\/noticias\/wp-content\/themes\/suno\/resources\/images\/spotlight\/spotlight1img\/bg-mask.png\" alt=\"Image Mask\"\/><img src=\"https:\/\/files.sunoresearch.com.br\/n\/uploads\/2018\/11\/6498cef2-tarc\u00edsio-gomes-400x200.webp\" alt=\"Bolsonaro anuncia Tarc\u00edsio Gomes de Freitas como novo ministro da Infraestrutura\"\/><\/a><span class=\"spotlightCategory\"><a href=\"https:\/\/www.suno.com.br\/noticias\/politica\/\">Pol\u00edtica<\/a><\/span><\/div><div class=\"cardsPage__listCard__boxs__content\"><a href=\"https:\/\/www.suno.com.br\/noticias\/bolsonaro-tarcisio-gomes-ministro-infraestrutura\/\"><h2 class=\"content__title\">Bolsonaro anuncia Tarc\u00edsio Gomes de Freitas como novo ministro da Infraestrutura<\/h2><\/a><div class=\"newsContent__article__meta\"><div class=\"newsContent__article__meta__authorBox\"><a href=\"https:\/\/www.suno.com.br\/noticias\/author\/carlo-cauti\/\" class=\"authorBox__avatar noMobi\"><img src=\"https:\/\/files.sunoresearch.com.br\/n\/uploads\/2020\/08\/e3745f9a-perfil-carlo-cauti-150x150.webp\" alt=\"Carlo Cauti\"><\/a><div class=\"authorBox__name\"><span>por\n\t\t\t<a href=\"https:\/\/www.suno.com.br\/noticias\/author\/carlo-cauti\/\"><span itemprop=\"author\">Carlo Cauti<\/span><\/a><\/span><time datetime=\"2018-11-27T17:24:28-02:00\" itemprop=\"datePublished\">27\/11\/2018 17:24<\/time><\/div><\/div><\/div><\/div><\/div>","single_layout":"posts","amp_enabled":true,"_links":{"self":[{"href":"https:\/\/www.suno.com.br\/noticias\/wp-json\/wp\/v2\/posts\/7205"}],"collection":[{"href":"https:\/\/www.suno.com.br\/noticias\/wp-json\/wp\/v2\/posts"}],"about":[{"href":"https:\/\/www.suno.com.br\/noticias\/wp-json\/wp\/v2\/types\/post"}],"author":[{"embeddable":true,"href":"https:\/\/www.suno.com.br\/noticias\/wp-json\/wp\/v2\/users\/9"}],"replies":[{"embeddable":true,"href":"https:\/\/www.suno.com.br\/noticias\/wp-json\/wp\/v2\/comments?post=7205"}],"version-history":[{"count":0,"href":"https:\/\/www.suno.com.br\/noticias\/wp-json\/wp\/v2\/posts\/7205\/revisions"}],"wp:featuredmedia":[{"embeddable":true,"href":"https:\/\/www.suno.com.br\/noticias\/wp-json\/wp\/v2\/media\/7207"}],"wp:attachment":[{"href":"https:\/\/www.suno.com.br\/noticias\/wp-json\/wp\/v2\/media?parent=7205"}],"wp:term":[{"taxonomy":"category","embeddable":true,"href":"https:\/\/www.suno.com.br\/noticias\/wp-json\/wp\/v2\/categories?post=7205"},{"taxonomy":"post_tag","embeddable":true,"href":"https:\/\/www.suno.com.br\/noticias\/wp-json\/wp\/v2\/tags?post=7205"},{"taxonomy":"suno_strategy","embeddable":true,"href":"https:\/\/www.suno.com.br\/noticias\/wp-json\/wp\/v2\/suno_strategy?post=7205"}],"curies":[{"name":"wp","href":"https:\/\/api.w.org\/{rel}","templated":true}]}}