{"id":7203,"date":"2018-11-27T17:54:03","date_gmt":"2018-11-27T19:54:03","guid":{"rendered":"https:\/\/www.suno.com.br\/noticias\/?p=7203"},"modified":"2018-11-27T17:58:00","modified_gmt":"2018-11-27T19:58:00","slug":"industria-maquinas-cresce-77","status":"publish","type":"post","link":"https:\/\/www.suno.com.br\/noticias\/industria-maquinas-cresce-77\/","title":{"rendered":"Ind\u00fastria de m\u00e1quinas e equipamentos cresce 7,7%"},"content":{"rendered":"<p>A ind\u00fastria de m\u00e1quinas e equipamentos encerra outubro com faturamento de R$ 65,1 bilh\u00f5es no acumulado do ano. Conforme dados divulgados nesta ter\u00e7a-feira (27) pela Associa\u00e7\u00e3o Brasileira de Ind\u00fastria de M\u00e1quinas e Equipamentos (Abimaq), a alta foi puxada pela alta das exporta\u00e7\u00f5es.<\/p>\t<div class=\"wrapper-featured-image\">\n\t\t<figure class=\"spotlightImg\">\n\n\t\t\t<picture>\n\t\t\t\t<source media=\"(max-width: 768px)\" srcset=\"https:\/\/files.sunoresearch.com.br\/n\/uploads\/2018\/11\/04dfaa4b-ind\u00fastria-400x200.webp\">\n\t\t\t\t<img loading=\"lazy\" decoding=\"async\" class=\"newsContent__article__imgCapa lazyloadDisabled newsContent__article__imgCapa--noCaption\" src=\"https:\/\/files.sunoresearch.com.br\/n\/uploads\/2018\/11\/04dfaa4b-ind\u00fastria-800x450.webp\" width=\"800\" height=\"450\" alt=\"Ind\u00fastria de m\u00e1quinas e equipamentos cresce 7,7%\" fetchpriority=high \/>\n\t\t\t<\/picture>\n\n\t\t\t<figcaption class=\"wp-caption-text wp-caption-text--hide\">Ind\u00fastria - Produ\u00e7\u00e3o Industrial<\/figcaption>\n\t\t<\/figure>\n\t<\/div>\n\n\n<p>De acordo com a associa\u00e7\u00e3o da <strong>ind\u00fastria<\/strong>, o crescimento alavancado pelas <strong>exporta\u00e7\u00f5es<\/strong>\u00a0\u00e9 de 7,7% em rela\u00e7\u00e3o aos dez primeiros meses de 2017. Al\u00e9m disso, s\u00e3o registrados alta de 14,4% sobre o outubro do ano passado, e 1,9% de alta em compara\u00e7\u00e3o ao \u00faltimo m\u00eas.<\/p>\n<p>Conforme dados da <strong>Abimaq<\/strong>, a <a href=\"https:\/\/www.suno.com.br\/artigos\/morning-call-exportacoes-brasileiras-cupula-do-pacifico-e-black-week\/\">exporta\u00e7\u00e3o apontou uma eleva\u00e7\u00e3o<\/a> de 10,3%, somando US$ 8,1 bilh\u00f5es. O m\u00eas de outubro registrou alta de 29,1%, adicionando mais US$ 96 milh\u00f5es em rela\u00e7\u00e3o a setembro.<\/p>\n<p>De acordo com a entidade, a crise econ\u00f4mica na Argentina acarretou em um recuo de 11,9% dos neg\u00f3cios no Mercosul. Em contrapartida, as vendas para Estados Unidos e Europa aumentaram<\/p>\n<ul>\n<li><strong>Estados Unidos<\/strong>: + 28,8%<\/li>\n<li><strong>Europa<\/strong>: + 44,6%<\/li>\n<li><strong>Mercosul<\/strong>: &#8211; 11,9%<\/li>\n<\/ul>\n<p>No acumulado do ano, as vendas do mercado interno ca\u00edram 0,7%. Mas foram 13,2% maiores comparando ao mesmo m\u00eas do ano passado.<\/p>\n<p><a href=\"https:\/\/www.suno.com.br\/noticias\/investimento-estrangeiro-bate-recorde\/\">Saiba mais:\u00a0Investimento estrangeiro no Brasil bate recorde, diz BC<\/a><\/p>\n<h2>Importa\u00e7\u00e3o<\/h2>\n<p>Conforme a Abimaq, outubro teve aumento de 23,4% em rela\u00e7\u00e3o a setembro, no consumo de m\u00e1quinas e equipamentos importados. Os dados ainda apontam um crescimento de 23% comparado a outubro do ano passado.<\/p>\n<p>De acordo com os dados, a importa\u00e7\u00e3o foi realizada dos seguintes pa\u00edses:<\/p>\n<ol>\n<li><strong>China<\/strong>: 18,5<\/li>\n<li><strong>Estados Unidos<\/strong>: 17%<\/li>\n<li><strong>Alemanha<\/strong>: 15,8%<\/li>\n<\/ol>\n<p>No acumulado do ano, as importa\u00e7\u00f5es tiveram uma alta de 16,4%, atingindo US$ 12,3 bilh\u00f5es.<\/p>\n<p>A alta atingiu tamb\u00e9m a base de empregados no setor, que chegou a\u00a0302,6 mil pessoas. Desta forma, entre setembro e outubro o aumento foi de 0,3%. Entre outubro de 2017 e 2018, a alta foi de 4,2%. At\u00e9 o momento foram criadas 13,5 mil vagas.<\/p>\n<h3>Ind\u00fastria eletr\u00f4nica<\/h3>\n<p>De acordo com levantamento divulgado hoje (27) pela Confedera\u00e7\u00e3o Nacional da Ind\u00fastria (<strong>CNI)<\/strong>, junto com a Associa\u00e7\u00e3o Brasileira da Ind\u00fastria El\u00e9trica e Eletr\u00f4nica (<strong>Abinee<\/strong>), a confian\u00e7a dos empres\u00e1rios do setor cresceu.<\/p>\n<p>Conforme o levantamento, o indicador subiu de 53,8 pontos em outubro para 65,2 pontos atuais. Maior patamar registrados nos \u00faltimos dois anos. Para a Abinne, os n\u00fameros mostram a confian\u00e7a dos empres\u00e1rios do setor em terminar o ano de forma positiva.<\/p>\n<p>Esse \u00edndice calculado varia de 0 a 100 pontos. Desta forma, valores maiores que 50 pontos indicam confian\u00e7a e abaixo de 50 pontos desconfian\u00e7a dos empres\u00e1rios do setor de m\u00e1quinas e equipamentos.<\/p>\n<p>Segundo a Abimaq, em alta nas <strong>exporta\u00e7\u00f5es<\/strong>, as\u00a0bombas e v\u00e1lvulas s\u00e3o os componentes da <strong>ind\u00fastria<\/strong> mais vendidos.<\/p>\n<p>&nbsp;<\/p>\n","protected":false},"excerpt":{"rendered":"<p>A ind\u00fastria de m\u00e1quinas e equipamentos encerra outubro com faturamento de R$ 65,1 bilh\u00f5es no acumulado do ano. Conforme dados divulgados nesta ter\u00e7a-feira (27) pela Associa\u00e7\u00e3o Brasileira de Ind\u00fastria de M\u00e1quinas e Equipamentos (Abimaq), a alta foi puxada pela alta das exporta\u00e7\u00f5es. Ind\u00fastria &#8211; Produ\u00e7\u00e3o Industrial De acordo com a associa\u00e7\u00e3o da ind\u00fastria, o crescimento [&hellip;]<\/p>\n","protected":false},"author":11,"featured_media":7213,"comment_status":"closed","ping_status":"closed","sticky":false,"template":"","format":"standard","meta":[],"categories":[64],"tags":[707,706],"suno_strategy":[],"class_list":["post-7203","post","type-post","status-publish","format-standard","has-post-thumbnail","hentry","category-negocios","tag-exportacoes","tag-importacoes"],"yoast_head":"<!-- This site is optimized with the Yoast SEO plugin v24.4 - https:\/\/yoast.com\/wordpress\/plugins\/seo\/ -->\n<title>Ind\u00fastria de m\u00e1quinas e equipamentos cresce 7,7% - Suno Not\u00edcias<\/title>\n<meta name=\"description\" content=\"Ind\u00fastria de m\u00e1quinas e equipamentes cresce 7,7%, diz Abimaq; Alta \u00e9 puxada por bom desempenho da exporta\u00e7\u00e3o. Clique para saber mais.\" \/>\n<meta name=\"robots\" content=\"index, follow, max-snippet:-1, max-image-preview:large, max-video-preview:-1\" \/>\n<link rel=\"canonical\" href=\"https:\/\/www.suno.com.br\/noticias\/industria-maquinas-cresce-77\/\" \/>\n<meta property=\"og:locale\" content=\"pt_BR\" \/>\n<meta property=\"og:type\" content=\"article\" \/>\n<meta property=\"og:title\" content=\"Ind\u00fastria de m\u00e1quinas e equipamentos cresce 7,7% - Suno Not\u00edcias\" \/>\n<meta property=\"og:description\" content=\"Ind\u00fastria de m\u00e1quinas e equipamentes cresce 7,7%, diz Abimaq; Alta \u00e9 puxada por bom desempenho da exporta\u00e7\u00e3o. Clique para saber mais.\" \/>\n<meta property=\"og:url\" content=\"https:\/\/www.suno.com.br\/noticias\/industria-maquinas-cresce-77\/\" \/>\n<meta property=\"og:site_name\" content=\"Suno Not\u00edcias\" \/>\n<meta property=\"article:publisher\" content=\"https:\/\/facebook.com\/sunoresearch\" \/>\n<meta property=\"og:image\" content=\"https:\/\/files.sunoresearch.com.br\/n\/uploads\/2018\/11\/04dfaa4b-ind\u00fastria.jpg\" \/>\n\t<meta property=\"og:image:width\" content=\"1140\" \/>\n\t<meta property=\"og:image:height\" content=\"760\" \/>\n\t<meta property=\"og:image:type\" content=\"image\/jpeg\" \/>\n<meta name=\"author\" content=\"Renan Bandeira\" \/>\n<meta name=\"twitter:card\" content=\"summary_large_image\" \/>\n<meta name=\"twitter:creator\" content=\"@sunoresearch\" \/>\n<meta name=\"twitter:site\" content=\"@sunoresearch\" \/>\n<meta name=\"twitter:label1\" content=\"Escrito por\" \/>\n\t<meta name=\"twitter:data1\" content=\"Renan Bandeira\" \/>\n\t<meta name=\"twitter:label2\" content=\"Est. tempo de leitura\" \/>\n\t<meta name=\"twitter:data2\" content=\"2 minutos\" \/>\n<script type=\"application\/ld+json\" class=\"yoast-schema-graph\">{\"@context\":\"https:\/\/schema.org\",\"@graph\":[{\"@type\":\"NewsArticle\",\"@id\":\"https:\/\/www.suno.com.br\/noticias\/industria-maquinas-cresce-77\/#article\",\"isPartOf\":{\"@id\":\"https:\/\/www.suno.com.br\/noticias\/industria-maquinas-cresce-77\/\"},\"author\":{\"name\":\"Renan Bandeira\",\"@id\":\"https:\/\/www.suno.com.br\/noticias\/#\/schema\/person\/fc144a1c6108bd1dcd43784e88a3c138\"},\"headline\":\"Ind\u00fastria de m\u00e1quinas e equipamentos cresce 7,7%\",\"datePublished\":\"2018-11-27T19:54:03+00:00\",\"dateModified\":\"2018-11-27T19:58:00+00:00\",\"mainEntityOfPage\":{\"@id\":\"https:\/\/www.suno.com.br\/noticias\/industria-maquinas-cresce-77\/\"},\"wordCount\":454,\"publisher\":{\"@id\":\"https:\/\/www.suno.com.br\/noticias\/#organization\"},\"image\":{\"@id\":\"https:\/\/www.suno.com.br\/noticias\/industria-maquinas-cresce-77\/#primaryimage\"},\"thumbnailUrl\":\"https:\/\/files.sunoresearch.com.br\/n\/uploads\/2018\/11\/04dfaa4b-ind\u00fastria-jpg.webp\",\"keywords\":[\"exporta\u00e7\u00f5es\",\"importa\u00e7\u00f5es\"],\"articleSection\":[\"Neg\u00f3cios\"],\"inLanguage\":\"pt-BR\"},{\"@type\":\"WebPage\",\"@id\":\"https:\/\/www.suno.com.br\/noticias\/industria-maquinas-cresce-77\/\",\"url\":\"https:\/\/www.suno.com.br\/noticias\/industria-maquinas-cresce-77\/\",\"name\":\"Ind\u00fastria de m\u00e1quinas e equipamentos cresce 7,7% - Suno Not\u00edcias\",\"isPartOf\":{\"@id\":\"https:\/\/www.suno.com.br\/noticias\/#website\"},\"primaryImageOfPage\":{\"@id\":\"https:\/\/www.suno.com.br\/noticias\/industria-maquinas-cresce-77\/#primaryimage\"},\"image\":{\"@id\":\"https:\/\/www.suno.com.br\/noticias\/industria-maquinas-cresce-77\/#primaryimage\"},\"thumbnailUrl\":\"https:\/\/files.sunoresearch.com.br\/n\/uploads\/2018\/11\/04dfaa4b-ind\u00fastria-jpg.webp\",\"datePublished\":\"2018-11-27T19:54:03+00:00\",\"dateModified\":\"2018-11-27T19:58:00+00:00\",\"description\":\"Ind\u00fastria de m\u00e1quinas e equipamentes cresce 7,7%, diz Abimaq; Alta \u00e9 puxada por bom desempenho da exporta\u00e7\u00e3o. Clique para saber mais.\",\"breadcrumb\":{\"@id\":\"https:\/\/www.suno.com.br\/noticias\/industria-maquinas-cresce-77\/#breadcrumb\"},\"inLanguage\":\"pt-BR\",\"potentialAction\":[{\"@type\":\"ReadAction\",\"target\":[\"https:\/\/www.suno.com.br\/noticias\/industria-maquinas-cresce-77\/\"]}]},{\"@type\":\"ImageObject\",\"inLanguage\":\"pt-BR\",\"@id\":\"https:\/\/www.suno.com.br\/noticias\/industria-maquinas-cresce-77\/#primaryimage\",\"url\":\"https:\/\/files.sunoresearch.com.br\/n\/uploads\/2018\/11\/04dfaa4b-ind\u00fastria-jpg.webp\",\"contentUrl\":\"https:\/\/files.sunoresearch.com.br\/n\/uploads\/2018\/11\/04dfaa4b-ind\u00fastria-jpg.webp\",\"width\":1140,\"height\":760,\"caption\":\"Ind\u00fastria - Produ\u00e7\u00e3o Industrial\"},{\"@type\":\"BreadcrumbList\",\"@id\":\"https:\/\/www.suno.com.br\/noticias\/industria-maquinas-cresce-77\/#breadcrumb\",\"itemListElement\":[{\"@type\":\"ListItem\",\"position\":1,\"name\":\"Not\u00edcias\",\"item\":\"https:\/\/www.suno.com.br\/noticias\/\"},{\"@type\":\"ListItem\",\"position\":2,\"name\":\"Neg\u00f3cios\",\"item\":\"https:\/\/www.suno.com.br\/noticias\/negocios\/\"},{\"@type\":\"ListItem\",\"position\":3,\"name\":\"Ind\u00fastria de m\u00e1quinas e equipamentos cresce 7,7%\"}]},{\"@type\":\"WebSite\",\"@id\":\"https:\/\/www.suno.com.br\/noticias\/#website\",\"url\":\"https:\/\/www.suno.com.br\/noticias\/\",\"name\":\"Suno Not\u00edcias\",\"description\":\"Seu portal de informa\u00e7\u00e3o sobre o mundo dos investimentos\",\"publisher\":{\"@id\":\"https:\/\/www.suno.com.br\/noticias\/#organization\"},\"potentialAction\":[{\"@type\":\"SearchAction\",\"target\":{\"@type\":\"EntryPoint\",\"urlTemplate\":\"https:\/\/www.suno.com.br\/noticias\/?s={search_term_string}\"},\"query-input\":{\"@type\":\"PropertyValueSpecification\",\"valueRequired\":true,\"valueName\":\"search_term_string\"}}],\"inLanguage\":\"pt-BR\"},{\"@type\":\"Organization\",\"@id\":\"https:\/\/www.suno.com.br\/noticias\/#organization\",\"name\":\"Suno Not\u00edcias\",\"url\":\"https:\/\/www.suno.com.br\/noticias\/\",\"logo\":{\"@type\":\"ImageObject\",\"inLanguage\":\"pt-BR\",\"@id\":\"https:\/\/www.suno.com.br\/noticias\/#\/schema\/logo\/image\/\",\"url\":\"https:\/\/files.sunoresearch.com.br\/n\/uploads\/2021\/09\/suno-logo.png\",\"contentUrl\":\"https:\/\/files.sunoresearch.com.br\/n\/uploads\/2021\/09\/suno-logo.png\",\"width\":180,\"height\":180,\"caption\":\"Suno Not\u00edcias\"},\"image\":{\"@id\":\"https:\/\/www.suno.com.br\/noticias\/#\/schema\/logo\/image\/\"},\"sameAs\":[\"https:\/\/facebook.com\/sunoresearch\",\"https:\/\/x.com\/sunoresearch\",\"https:\/\/www.instagram.com\/suno\",\"https:\/\/www.linkedin.com\/company\/suno-research\/\",\"https:\/\/www.youtube.com\/c\/sunoresearch\"]},{\"@type\":\"Person\",\"@id\":\"https:\/\/www.suno.com.br\/noticias\/#\/schema\/person\/fc144a1c6108bd1dcd43784e88a3c138\",\"name\":\"Renan Bandeira\",\"image\":{\"@type\":\"ImageObject\",\"inLanguage\":\"pt-BR\",\"@id\":\"https:\/\/www.suno.com.br\/noticias\/#\/schema\/person\/image\/\",\"url\":\"https:\/\/secure.gravatar.com\/avatar\/68359cdb608f14f11bbefcb78f3fc747?s=96&r=g\",\"contentUrl\":\"https:\/\/secure.gravatar.com\/avatar\/68359cdb608f14f11bbefcb78f3fc747?s=96&r=g\",\"caption\":\"Renan Bandeira\"},\"description\":\"Renan Bandeira escreve sobre pol\u00edtica e economia para o portal da Suno Research. Antes da Suno, trabalhou em uma rede de televis\u00e3o, onde fazia reportagens sobre os mesmos temas. Estuda na Universidade Metodista de S\u00e3o Paulo.\",\"url\":\"https:\/\/www.suno.com.br\/noticias\/author\/renan-bandeira\/\"}]}<\/script>\n<!-- \/ Yoast SEO plugin. -->","yoast_head_json":{"title":"Ind\u00fastria de m\u00e1quinas e equipamentos cresce 7,7% - Suno Not\u00edcias","description":"Ind\u00fastria de m\u00e1quinas e equipamentes cresce 7,7%, diz Abimaq; Alta \u00e9 puxada por bom desempenho da exporta\u00e7\u00e3o. Clique para saber mais.","robots":{"index":"index","follow":"follow","max-snippet":"max-snippet:-1","max-image-preview":"max-image-preview:large","max-video-preview":"max-video-preview:-1"},"canonical":"https:\/\/www.suno.com.br\/noticias\/industria-maquinas-cresce-77\/","og_locale":"pt_BR","og_type":"article","og_title":"Ind\u00fastria de m\u00e1quinas e equipamentos cresce 7,7% - Suno Not\u00edcias","og_description":"Ind\u00fastria de m\u00e1quinas e equipamentes cresce 7,7%, diz Abimaq; Alta \u00e9 puxada por bom desempenho da exporta\u00e7\u00e3o. Clique para saber mais.","og_url":"https:\/\/www.suno.com.br\/noticias\/industria-maquinas-cresce-77\/","og_site_name":"Suno Not\u00edcias","article_publisher":"https:\/\/facebook.com\/sunoresearch","og_image":[{"width":1140,"height":760,"url":"https:\/\/files.sunoresearch.com.br\/n\/uploads\/2018\/11\/04dfaa4b-ind\u00fastria.jpg","type":"image\/jpeg"}],"author":"Renan Bandeira","twitter_card":"summary_large_image","twitter_creator":"@sunoresearch","twitter_site":"@sunoresearch","twitter_misc":{"Escrito por":"Renan Bandeira","Est. tempo de leitura":"2 minutos"},"schema":{"@context":"https:\/\/schema.org","@graph":[{"@type":"NewsArticle","@id":"https:\/\/www.suno.com.br\/noticias\/industria-maquinas-cresce-77\/#article","isPartOf":{"@id":"https:\/\/www.suno.com.br\/noticias\/industria-maquinas-cresce-77\/"},"author":{"name":"Renan Bandeira","@id":"https:\/\/www.suno.com.br\/noticias\/#\/schema\/person\/fc144a1c6108bd1dcd43784e88a3c138"},"headline":"Ind\u00fastria de m\u00e1quinas e equipamentos cresce 7,7%","datePublished":"2018-11-27T19:54:03+00:00","dateModified":"2018-11-27T19:58:00+00:00","mainEntityOfPage":{"@id":"https:\/\/www.suno.com.br\/noticias\/industria-maquinas-cresce-77\/"},"wordCount":454,"publisher":{"@id":"https:\/\/www.suno.com.br\/noticias\/#organization"},"image":{"@id":"https:\/\/www.suno.com.br\/noticias\/industria-maquinas-cresce-77\/#primaryimage"},"thumbnailUrl":"https:\/\/files.sunoresearch.com.br\/n\/uploads\/2018\/11\/04dfaa4b-ind\u00fastria-jpg.webp","keywords":["exporta\u00e7\u00f5es","importa\u00e7\u00f5es"],"articleSection":["Neg\u00f3cios"],"inLanguage":"pt-BR"},{"@type":"WebPage","@id":"https:\/\/www.suno.com.br\/noticias\/industria-maquinas-cresce-77\/","url":"https:\/\/www.suno.com.br\/noticias\/industria-maquinas-cresce-77\/","name":"Ind\u00fastria de m\u00e1quinas e equipamentos cresce 7,7% - Suno Not\u00edcias","isPartOf":{"@id":"https:\/\/www.suno.com.br\/noticias\/#website"},"primaryImageOfPage":{"@id":"https:\/\/www.suno.com.br\/noticias\/industria-maquinas-cresce-77\/#primaryimage"},"image":{"@id":"https:\/\/www.suno.com.br\/noticias\/industria-maquinas-cresce-77\/#primaryimage"},"thumbnailUrl":"https:\/\/files.sunoresearch.com.br\/n\/uploads\/2018\/11\/04dfaa4b-ind\u00fastria-jpg.webp","datePublished":"2018-11-27T19:54:03+00:00","dateModified":"2018-11-27T19:58:00+00:00","description":"Ind\u00fastria de m\u00e1quinas e equipamentes cresce 7,7%, diz Abimaq; Alta \u00e9 puxada por bom desempenho da exporta\u00e7\u00e3o. Clique para saber mais.","breadcrumb":{"@id":"https:\/\/www.suno.com.br\/noticias\/industria-maquinas-cresce-77\/#breadcrumb"},"inLanguage":"pt-BR","potentialAction":[{"@type":"ReadAction","target":["https:\/\/www.suno.com.br\/noticias\/industria-maquinas-cresce-77\/"]}]},{"@type":"ImageObject","inLanguage":"pt-BR","@id":"https:\/\/www.suno.com.br\/noticias\/industria-maquinas-cresce-77\/#primaryimage","url":"https:\/\/files.sunoresearch.com.br\/n\/uploads\/2018\/11\/04dfaa4b-ind\u00fastria-jpg.webp","contentUrl":"https:\/\/files.sunoresearch.com.br\/n\/uploads\/2018\/11\/04dfaa4b-ind\u00fastria-jpg.webp","width":1140,"height":760,"caption":"Ind\u00fastria - Produ\u00e7\u00e3o Industrial"},{"@type":"BreadcrumbList","@id":"https:\/\/www.suno.com.br\/noticias\/industria-maquinas-cresce-77\/#breadcrumb","itemListElement":[{"@type":"ListItem","position":1,"name":"Not\u00edcias","item":"https:\/\/www.suno.com.br\/noticias\/"},{"@type":"ListItem","position":2,"name":"Neg\u00f3cios","item":"https:\/\/www.suno.com.br\/noticias\/negocios\/"},{"@type":"ListItem","position":3,"name":"Ind\u00fastria de m\u00e1quinas e equipamentos cresce 7,7%"}]},{"@type":"WebSite","@id":"https:\/\/www.suno.com.br\/noticias\/#website","url":"https:\/\/www.suno.com.br\/noticias\/","name":"Suno Not\u00edcias","description":"Seu portal de informa\u00e7\u00e3o sobre o mundo dos investimentos","publisher":{"@id":"https:\/\/www.suno.com.br\/noticias\/#organization"},"potentialAction":[{"@type":"SearchAction","target":{"@type":"EntryPoint","urlTemplate":"https:\/\/www.suno.com.br\/noticias\/?s={search_term_string}"},"query-input":{"@type":"PropertyValueSpecification","valueRequired":true,"valueName":"search_term_string"}}],"inLanguage":"pt-BR"},{"@type":"Organization","@id":"https:\/\/www.suno.com.br\/noticias\/#organization","name":"Suno Not\u00edcias","url":"https:\/\/www.suno.com.br\/noticias\/","logo":{"@type":"ImageObject","inLanguage":"pt-BR","@id":"https:\/\/www.suno.com.br\/noticias\/#\/schema\/logo\/image\/","url":"https:\/\/files.sunoresearch.com.br\/n\/uploads\/2021\/09\/suno-logo.png","contentUrl":"https:\/\/files.sunoresearch.com.br\/n\/uploads\/2021\/09\/suno-logo.png","width":180,"height":180,"caption":"Suno Not\u00edcias"},"image":{"@id":"https:\/\/www.suno.com.br\/noticias\/#\/schema\/logo\/image\/"},"sameAs":["https:\/\/facebook.com\/sunoresearch","https:\/\/x.com\/sunoresearch","https:\/\/www.instagram.com\/suno","https:\/\/www.linkedin.com\/company\/suno-research\/","https:\/\/www.youtube.com\/c\/sunoresearch"]},{"@type":"Person","@id":"https:\/\/www.suno.com.br\/noticias\/#\/schema\/person\/fc144a1c6108bd1dcd43784e88a3c138","name":"Renan Bandeira","image":{"@type":"ImageObject","inLanguage":"pt-BR","@id":"https:\/\/www.suno.com.br\/noticias\/#\/schema\/person\/image\/","url":"https:\/\/secure.gravatar.com\/avatar\/68359cdb608f14f11bbefcb78f3fc747?s=96&r=g","contentUrl":"https:\/\/secure.gravatar.com\/avatar\/68359cdb608f14f11bbefcb78f3fc747?s=96&r=g","caption":"Renan Bandeira"},"description":"Renan Bandeira escreve sobre pol\u00edtica e economia para o portal da Suno Research. Antes da Suno, trabalhou em uma rede de televis\u00e3o, onde fazia reportagens sobre os mesmos temas. Estuda na Universidade Metodista de S\u00e3o Paulo.","url":"https:\/\/www.suno.com.br\/noticias\/author\/renan-bandeira\/"}]}},"default_loop_html":"<div class=\"cardsPage__listCard__boxs\"><div class=\"cardsPage__listCard__boxs__img\"><a href=\"https:\/\/www.suno.com.br\/noticias\/industria-maquinas-cresce-77\/\"><img class=\"mask\" src=\"https:\/\/www.suno.com.br\/noticias\/wp-content\/themes\/suno\/resources\/images\/spotlight\/spotlight1img\/bg-mask.png\" alt=\"Image Mask\"\/><img src=\"https:\/\/files.sunoresearch.com.br\/n\/uploads\/2018\/11\/04dfaa4b-ind\u00fastria-400x200.webp\" alt=\"Ind\u00fastria de m\u00e1quinas e equipamentos cresce 7,7%\"\/><\/a><span class=\"spotlightCategory\"><a href=\"https:\/\/www.suno.com.br\/noticias\/negocios\/\">Neg\u00f3cios<\/a><\/span><\/div><div class=\"cardsPage__listCard__boxs__content\"><a href=\"https:\/\/www.suno.com.br\/noticias\/industria-maquinas-cresce-77\/\"><h2 class=\"content__title\">Ind\u00fastria de m\u00e1quinas e equipamentos cresce 7,7%<\/h2><\/a><div class=\"newsContent__article__meta\"><div class=\"newsContent__article__meta__authorBox\"><a href=\"https:\/\/www.suno.com.br\/noticias\/author\/renan-bandeira\/\" class=\"authorBox__avatar noMobi\"><img src=\"https:\/\/secure.gravatar.com\/avatar\/68359cdb608f14f11bbefcb78f3fc747?s=96&#038;r=g\" alt=\"Renan Bandeira\"><\/a><div class=\"authorBox__name\"><span>por\n\t\t\t<a href=\"https:\/\/www.suno.com.br\/noticias\/author\/renan-bandeira\/\"><span itemprop=\"author\">Renan Bandeira<\/span><\/a><\/span><time datetime=\"2018-11-27T17:54:03-02:00\" itemprop=\"datePublished\">27\/11\/2018 17:54<\/time><\/div><\/div><\/div><\/div><\/div>","single_layout":"posts","amp_enabled":true,"_links":{"self":[{"href":"https:\/\/www.suno.com.br\/noticias\/wp-json\/wp\/v2\/posts\/7203"}],"collection":[{"href":"https:\/\/www.suno.com.br\/noticias\/wp-json\/wp\/v2\/posts"}],"about":[{"href":"https:\/\/www.suno.com.br\/noticias\/wp-json\/wp\/v2\/types\/post"}],"author":[{"embeddable":true,"href":"https:\/\/www.suno.com.br\/noticias\/wp-json\/wp\/v2\/users\/11"}],"replies":[{"embeddable":true,"href":"https:\/\/www.suno.com.br\/noticias\/wp-json\/wp\/v2\/comments?post=7203"}],"version-history":[{"count":0,"href":"https:\/\/www.suno.com.br\/noticias\/wp-json\/wp\/v2\/posts\/7203\/revisions"}],"wp:featuredmedia":[{"embeddable":true,"href":"https:\/\/www.suno.com.br\/noticias\/wp-json\/wp\/v2\/media\/7213"}],"wp:attachment":[{"href":"https:\/\/www.suno.com.br\/noticias\/wp-json\/wp\/v2\/media?parent=7203"}],"wp:term":[{"taxonomy":"category","embeddable":true,"href":"https:\/\/www.suno.com.br\/noticias\/wp-json\/wp\/v2\/categories?post=7203"},{"taxonomy":"post_tag","embeddable":true,"href":"https:\/\/www.suno.com.br\/noticias\/wp-json\/wp\/v2\/tags?post=7203"},{"taxonomy":"suno_strategy","embeddable":true,"href":"https:\/\/www.suno.com.br\/noticias\/wp-json\/wp\/v2\/suno_strategy?post=7203"}],"curies":[{"name":"wp","href":"https:\/\/api.w.org\/{rel}","templated":true}]}}