{"id":72011,"date":"2020-07-06T19:30:22","date_gmt":"2020-07-06T22:30:22","guid":{"rendered":"https:\/\/www.suno.com.br\/noticias\/?p=72011"},"modified":"2020-07-06T19:51:00","modified_gmt":"2020-07-06T22:51:00","slug":"bolsonaro-sanciona-mp-reducao-salarios-jornada","status":"publish","type":"post","link":"https:\/\/www.suno.com.br\/noticias\/bolsonaro-sanciona-mp-reducao-salarios-jornada\/","title":{"rendered":"Bolsonaro sanciona MP que permite a redu\u00e7\u00e3o sal\u00e1rios e jornadas"},"content":{"rendered":"<p>O presidente da Rep\u00fablica, Jair <strong>Bolsonaro<\/strong>, sancionou nesta segunda-feira (6) a Medida Provis\u00f3ria (MP) 936, que permite \u00e0s empresas reduzir e cortar sal\u00e1rios de seus funcion\u00e1rios durante a pandemia do novo coronav\u00edrus.<\/p>\t<div class=\"wrapper-featured-image\">\n\t\t<figure class=\"spotlightImg\">\n\n\t\t\t<picture>\n\t\t\t\t<source media=\"(max-width: 768px)\" srcset=\"https:\/\/files.sunoresearch.com.br\/n\/uploads\/2020\/07\/d0b29adb-jair-bolsonaro-400x200.webp\">\n\t\t\t\t<img loading=\"lazy\" decoding=\"async\" class=\"newsContent__article__imgCapa lazyloadDisabled newsContent__article__imgCapa--noCaption\" src=\"https:\/\/files.sunoresearch.com.br\/n\/uploads\/2020\/07\/d0b29adb-jair-bolsonaro-800x450.webp\" width=\"800\" height=\"450\" alt=\"Bolsonaro sanciona MP que permite a redu\u00e7\u00e3o sal\u00e1rios e jornadas\" fetchpriority=high \/>\n\t\t\t<\/picture>\n\n\t\t\t<figcaption class=\"wp-caption-text wp-caption-text--hide\">O presidente da Rep\u00fablica, Jair Bolsonaro. <\/figcaption>\n\t\t<\/figure>\n\t<\/div>\n\n\n\n<p>O mandat\u00e1rio realizou o an\u00fancio h\u00e1 poucos minutos por meio de sua conta no Twitter. Bolsonaro n\u00e3o informou, no entanto, se houve vetos a trechos da proposta aprovada pelo Congresso Nacional. <a href=\"https:\/\/www.suno.com.br\/noticias\/senado-aprova-mp-936\/\">O texto foi aprovado pelo Senado no \u00faltimo dia 16 de junho<\/a>.<\/p>\n<p>&#8220;Sancionada hoje a lei que instituiu o Programa Emergencial de Manuten\u00e7\u00e3o do Emprego e da Renda (MP 936). Todos os benef\u00edcios ser\u00e3o custeados com recursos da Uni\u00e3o, operacionalizado e pago pelo Minist\u00e9rio da Economia diretamente ao empregado&#8221;, publicou o presidente em sua rede social.<\/p>\n<p class=\"twitter-tweet\">\n<p dir=\"ltr\" lang=\"pt\">&#8211; Sancionada hoje a Lei que instituiu o Programa Emergencial de Manuten\u00e7\u00e3o do Emprego e da Renda (MP-936)<\/p>\n<p>&#8211; Todos os benef\u00edcios ser\u00e3o custeados com recursos da Uni\u00e3o, operacionalizado e pago pelo <a href=\"https:\/\/twitter.com\/MinEconomia?ref_src=twsrc%5Etfw\">@MinEconomia<\/a> diretamente ao empregado.<\/p>\n<p>\u2014 Jair M. Bolsonaro (@jairbolsonaro) <a href=\"https:\/\/twitter.com\/jairbolsonaro\/status\/1280246062347927552?ref_src=twsrc%5Etfw\">July 6, 2020<\/a><\/p>\n<p><script async src=\"https:\/\/platform.twitter.com\/widgets.js\" charset=\"utf-8\"><\/script><\/p>\n<p>A MP criou o Programa Emergencial de Manuten\u00e7\u00e3o do Emprego e da Renda, que prev\u00ea a garantia do pagamento pelo governo federal de uma parte do seguro-desemprego por at\u00e9 60 dias ao trabalhador com contrato suspenso ou por at\u00e9 90 para o caso de redu\u00e7\u00e3o do sal\u00e1rio e da jornada.<\/p>\n<p><a href=\"https:\/\/lp.suno.com.br\/suno-one\/\">Suno One: acesse gratuitamente eBooks, Minicursos, Artigos e Video Aulas sobre investimentos com um \u00fanico cadastro. Clique para saber mais!<\/a><\/p>\n<p>O texto tamb\u00e9m determina que os sal\u00e1rios n\u00e3o podem ser cortados para um n\u00edvel inferior ao atual <a href=\"https:\/\/www.suno.com.br\/artigos\/salario-minimo\/\">sal\u00e1rio m\u00ednimo<\/a>, no momento na casa dos R$ 1.045.<\/p>\n<h2>MP sancionada por Bolsonaro visa preservar empregos e renda<\/h2>\n<p>O objetivo da medida provis\u00f3ria, editada pelo governo federal no m\u00eas de abril, \u00e9 preservar empregos, assim como a renda, em meio \u00e0 crise causada pela pandemia da covid-19.<\/p>\n<p>A MP permite, dessa forma, \u00e0s empresas reduzirem a jornada de trabalho com a diminui\u00e7\u00e3o proporcional de sal\u00e1rios. O texto ainda possibilidade a suspens\u00e3o tempor\u00e1ria dos contratos de trabalho.<\/p>\n<p><a href=\"https:\/\/www.suno.com.br\/noticias\/coronavoucher-bolsonaro-valor-mais-baixo-parcelas-extras\/\">Saiba mais: Coronavoucher: Bolsonaro negocia &#8216;valor mais baixo&#8217; para parcelas extras<\/a><\/p>\n<p>O Programa Emergencial de Manuten\u00e7\u00e3o do Emprego e da Renda j\u00e1 conservou mais de 10 milh\u00f5es de postos de trabalho at\u00e9 meados de junho, segundo informa\u00e7\u00f5es do Minist\u00e9rio da Economia.<\/p>\n<p>Apesar de sancionada nesta segunda-feira, as regras j\u00e1 estavam em vigor desde a edi\u00e7\u00e3o da MP. Com a aprova\u00e7\u00e3o do Congresso e a san\u00e7\u00e3o do presidente <strong>Bolsonaro<\/strong>, o texto foi transformado em lei.<\/p>\n\n","protected":false},"excerpt":{"rendered":"<p>O presidente da Rep\u00fablica, Jair Bolsonaro, sancionou nesta segunda-feira (6) a Medida Provis\u00f3ria (MP) 936, que permite \u00e0s empresas reduzir e cortar sal\u00e1rios de seus funcion\u00e1rios durante a pandemia do novo coronav\u00edrus. O presidente da Rep\u00fablica, Jair Bolsonaro. O mandat\u00e1rio realizou o an\u00fancio h\u00e1 poucos minutos por meio de sua conta no Twitter. Bolsonaro n\u00e3o [&hellip;]<\/p>\n","protected":false},"author":35,"featured_media":72018,"comment_status":"closed","ping_status":"closed","sticky":false,"template":"","format":"standard","meta":[],"categories":[61],"tags":[2487,719,1836],"suno_strategy":[],"class_list":["post-72011","post","type-post","status-publish","format-standard","has-post-thumbnail","hentry","category-politica","tag-coronavirus","tag-jair-bolsonaro","tag-medida-provisoria"],"yoast_head":"<!-- This site is optimized with the Yoast SEO plugin v24.4 - https:\/\/yoast.com\/wordpress\/plugins\/seo\/ -->\n<title>Bolsonaro sanciona MP que permite a redu\u00e7\u00e3o sal\u00e1rios e jornadas<\/title>\n<meta name=\"description\" content=\"O presidente Jair Bolsonaro sancionou a MP 936, que permite reduzir jornadas e sal\u00e1rios durante a pandemia. Clique para saber mais\" \/>\n<meta name=\"robots\" content=\"index, follow, max-snippet:-1, max-image-preview:large, max-video-preview:-1\" \/>\n<link rel=\"canonical\" href=\"https:\/\/www.suno.com.br\/noticias\/bolsonaro-sanciona-mp-reducao-salarios-jornada\/\" \/>\n<meta property=\"og:locale\" content=\"pt_BR\" \/>\n<meta property=\"og:type\" content=\"article\" \/>\n<meta property=\"og:title\" content=\"Bolsonaro sanciona MP que permite a redu\u00e7\u00e3o sal\u00e1rios e jornadas\" \/>\n<meta property=\"og:description\" content=\"O presidente Jair Bolsonaro sancionou a MP 936, que permite reduzir jornadas e sal\u00e1rios durante a pandemia. Clique para saber mais\" \/>\n<meta property=\"og:url\" content=\"https:\/\/www.suno.com.br\/noticias\/bolsonaro-sanciona-mp-reducao-salarios-jornada\/\" \/>\n<meta property=\"og:site_name\" content=\"Suno Not\u00edcias\" \/>\n<meta property=\"article:publisher\" content=\"https:\/\/facebook.com\/sunoresearch\" \/>\n<meta property=\"og:image\" content=\"https:\/\/files.sunoresearch.com.br\/n\/uploads\/2020\/07\/d0b29adb-jair-bolsonaro.jpg\" \/>\n\t<meta property=\"og:image:width\" content=\"1024\" \/>\n\t<meta property=\"og:image:height\" content=\"683\" \/>\n\t<meta property=\"og:image:type\" content=\"image\/jpeg\" \/>\n<meta name=\"author\" content=\"Arthur Guimar\u00e3es\" \/>\n<meta name=\"twitter:card\" content=\"summary_large_image\" \/>\n<meta name=\"twitter:creator\" content=\"@sunoresearch\" \/>\n<meta name=\"twitter:site\" content=\"@sunoresearch\" \/>\n<meta name=\"twitter:label1\" content=\"Escrito por\" \/>\n\t<meta name=\"twitter:data1\" content=\"Arthur Guimar\u00e3es\" \/>\n\t<meta name=\"twitter:label2\" content=\"Est. tempo de leitura\" \/>\n\t<meta name=\"twitter:data2\" content=\"2 minutos\" \/>\n<script type=\"application\/ld+json\" class=\"yoast-schema-graph\">{\"@context\":\"https:\/\/schema.org\",\"@graph\":[{\"@type\":\"NewsArticle\",\"@id\":\"https:\/\/www.suno.com.br\/noticias\/bolsonaro-sanciona-mp-reducao-salarios-jornada\/#article\",\"isPartOf\":{\"@id\":\"https:\/\/www.suno.com.br\/noticias\/bolsonaro-sanciona-mp-reducao-salarios-jornada\/\"},\"author\":{\"name\":\"Arthur Guimar\u00e3es\",\"@id\":\"https:\/\/www.suno.com.br\/noticias\/#\/schema\/person\/053a750a709a263919a20f976caae91c\"},\"headline\":\"Bolsonaro sanciona MP que permite a redu\u00e7\u00e3o sal\u00e1rios e jornadas\",\"datePublished\":\"2020-07-06T22:30:22+00:00\",\"dateModified\":\"2020-07-06T22:51:00+00:00\",\"mainEntityOfPage\":{\"@id\":\"https:\/\/www.suno.com.br\/noticias\/bolsonaro-sanciona-mp-reducao-salarios-jornada\/\"},\"wordCount\":446,\"publisher\":{\"@id\":\"https:\/\/www.suno.com.br\/noticias\/#organization\"},\"image\":{\"@id\":\"https:\/\/www.suno.com.br\/noticias\/bolsonaro-sanciona-mp-reducao-salarios-jornada\/#primaryimage\"},\"thumbnailUrl\":\"https:\/\/files.sunoresearch.com.br\/n\/uploads\/2020\/07\/d0b29adb-jair-bolsonaro-jpg.webp\",\"keywords\":[\"coronav\u00edrus\",\"Jair Bolsonaro\",\"medida provis\u00f3ria\"],\"articleSection\":[\"Pol\u00edtica\"],\"inLanguage\":\"pt-BR\"},{\"@type\":\"WebPage\",\"@id\":\"https:\/\/www.suno.com.br\/noticias\/bolsonaro-sanciona-mp-reducao-salarios-jornada\/\",\"url\":\"https:\/\/www.suno.com.br\/noticias\/bolsonaro-sanciona-mp-reducao-salarios-jornada\/\",\"name\":\"Bolsonaro sanciona MP que permite a redu\u00e7\u00e3o sal\u00e1rios e jornadas\",\"isPartOf\":{\"@id\":\"https:\/\/www.suno.com.br\/noticias\/#website\"},\"primaryImageOfPage\":{\"@id\":\"https:\/\/www.suno.com.br\/noticias\/bolsonaro-sanciona-mp-reducao-salarios-jornada\/#primaryimage\"},\"image\":{\"@id\":\"https:\/\/www.suno.com.br\/noticias\/bolsonaro-sanciona-mp-reducao-salarios-jornada\/#primaryimage\"},\"thumbnailUrl\":\"https:\/\/files.sunoresearch.com.br\/n\/uploads\/2020\/07\/d0b29adb-jair-bolsonaro-jpg.webp\",\"datePublished\":\"2020-07-06T22:30:22+00:00\",\"dateModified\":\"2020-07-06T22:51:00+00:00\",\"description\":\"O presidente Jair Bolsonaro sancionou a MP 936, que permite reduzir jornadas e sal\u00e1rios durante a pandemia. Clique para saber mais\",\"breadcrumb\":{\"@id\":\"https:\/\/www.suno.com.br\/noticias\/bolsonaro-sanciona-mp-reducao-salarios-jornada\/#breadcrumb\"},\"inLanguage\":\"pt-BR\",\"potentialAction\":[{\"@type\":\"ReadAction\",\"target\":[\"https:\/\/www.suno.com.br\/noticias\/bolsonaro-sanciona-mp-reducao-salarios-jornada\/\"]}]},{\"@type\":\"ImageObject\",\"inLanguage\":\"pt-BR\",\"@id\":\"https:\/\/www.suno.com.br\/noticias\/bolsonaro-sanciona-mp-reducao-salarios-jornada\/#primaryimage\",\"url\":\"https:\/\/files.sunoresearch.com.br\/n\/uploads\/2020\/07\/d0b29adb-jair-bolsonaro-jpg.webp\",\"contentUrl\":\"https:\/\/files.sunoresearch.com.br\/n\/uploads\/2020\/07\/d0b29adb-jair-bolsonaro-jpg.webp\",\"width\":1024,\"height\":683,\"caption\":\"O presidente da Rep\u00fablica, Jair Bolsonaro.\"},{\"@type\":\"BreadcrumbList\",\"@id\":\"https:\/\/www.suno.com.br\/noticias\/bolsonaro-sanciona-mp-reducao-salarios-jornada\/#breadcrumb\",\"itemListElement\":[{\"@type\":\"ListItem\",\"position\":1,\"name\":\"Not\u00edcias\",\"item\":\"https:\/\/www.suno.com.br\/noticias\/\"},{\"@type\":\"ListItem\",\"position\":2,\"name\":\"Pol\u00edtica\",\"item\":\"https:\/\/www.suno.com.br\/noticias\/politica\/\"},{\"@type\":\"ListItem\",\"position\":3,\"name\":\"Bolsonaro sanciona MP que permite a redu\u00e7\u00e3o sal\u00e1rios e jornadas\"}]},{\"@type\":\"WebSite\",\"@id\":\"https:\/\/www.suno.com.br\/noticias\/#website\",\"url\":\"https:\/\/www.suno.com.br\/noticias\/\",\"name\":\"Suno Not\u00edcias\",\"description\":\"Seu portal de informa\u00e7\u00e3o sobre o mundo dos investimentos\",\"publisher\":{\"@id\":\"https:\/\/www.suno.com.br\/noticias\/#organization\"},\"potentialAction\":[{\"@type\":\"SearchAction\",\"target\":{\"@type\":\"EntryPoint\",\"urlTemplate\":\"https:\/\/www.suno.com.br\/noticias\/?s={search_term_string}\"},\"query-input\":{\"@type\":\"PropertyValueSpecification\",\"valueRequired\":true,\"valueName\":\"search_term_string\"}}],\"inLanguage\":\"pt-BR\"},{\"@type\":\"Organization\",\"@id\":\"https:\/\/www.suno.com.br\/noticias\/#organization\",\"name\":\"Suno Not\u00edcias\",\"url\":\"https:\/\/www.suno.com.br\/noticias\/\",\"logo\":{\"@type\":\"ImageObject\",\"inLanguage\":\"pt-BR\",\"@id\":\"https:\/\/www.suno.com.br\/noticias\/#\/schema\/logo\/image\/\",\"url\":\"https:\/\/files.sunoresearch.com.br\/n\/uploads\/2021\/09\/suno-logo.png\",\"contentUrl\":\"https:\/\/files.sunoresearch.com.br\/n\/uploads\/2021\/09\/suno-logo.png\",\"width\":180,\"height\":180,\"caption\":\"Suno Not\u00edcias\"},\"image\":{\"@id\":\"https:\/\/www.suno.com.br\/noticias\/#\/schema\/logo\/image\/\"},\"sameAs\":[\"https:\/\/facebook.com\/sunoresearch\",\"https:\/\/x.com\/sunoresearch\",\"https:\/\/www.instagram.com\/suno\",\"https:\/\/www.linkedin.com\/company\/suno-research\/\",\"https:\/\/www.youtube.com\/c\/sunoresearch\"]},{\"@type\":\"Person\",\"@id\":\"https:\/\/www.suno.com.br\/noticias\/#\/schema\/person\/053a750a709a263919a20f976caae91c\",\"name\":\"Arthur Guimar\u00e3es\",\"image\":{\"@type\":\"ImageObject\",\"inLanguage\":\"pt-BR\",\"@id\":\"https:\/\/www.suno.com.br\/noticias\/#\/schema\/person\/image\/\",\"url\":\"https:\/\/secure.gravatar.com\/avatar\/1affd86a11209ae09eb6dd3bcad3e96c?s=96&r=g\",\"contentUrl\":\"https:\/\/secure.gravatar.com\/avatar\/1affd86a11209ae09eb6dd3bcad3e96c?s=96&r=g\",\"caption\":\"Arthur Guimar\u00e3es\"},\"description\":\"Arthur Guimar\u00e3es escreve sobre pol\u00edtica, economia e neg\u00f3cios para o portal de not\u00edcias da Suno Research. Atualmente, \u00e9 estudante de jornalismo pela Faculdade C\u00e1sper L\u00edbero.\",\"url\":\"https:\/\/www.suno.com.br\/noticias\/author\/arthur-guimaraes\/\"}]}<\/script>\n<!-- \/ Yoast SEO plugin. -->","yoast_head_json":{"title":"Bolsonaro sanciona MP que permite a redu\u00e7\u00e3o sal\u00e1rios e jornadas","description":"O presidente Jair Bolsonaro sancionou a MP 936, que permite reduzir jornadas e sal\u00e1rios durante a pandemia. Clique para saber mais","robots":{"index":"index","follow":"follow","max-snippet":"max-snippet:-1","max-image-preview":"max-image-preview:large","max-video-preview":"max-video-preview:-1"},"canonical":"https:\/\/www.suno.com.br\/noticias\/bolsonaro-sanciona-mp-reducao-salarios-jornada\/","og_locale":"pt_BR","og_type":"article","og_title":"Bolsonaro sanciona MP que permite a redu\u00e7\u00e3o sal\u00e1rios e jornadas","og_description":"O presidente Jair Bolsonaro sancionou a MP 936, que permite reduzir jornadas e sal\u00e1rios durante a pandemia. Clique para saber mais","og_url":"https:\/\/www.suno.com.br\/noticias\/bolsonaro-sanciona-mp-reducao-salarios-jornada\/","og_site_name":"Suno Not\u00edcias","article_publisher":"https:\/\/facebook.com\/sunoresearch","og_image":[{"width":1024,"height":683,"url":"https:\/\/files.sunoresearch.com.br\/n\/uploads\/2020\/07\/d0b29adb-jair-bolsonaro.jpg","type":"image\/jpeg"}],"author":"Arthur Guimar\u00e3es","twitter_card":"summary_large_image","twitter_creator":"@sunoresearch","twitter_site":"@sunoresearch","twitter_misc":{"Escrito por":"Arthur Guimar\u00e3es","Est. tempo de leitura":"2 minutos"},"schema":{"@context":"https:\/\/schema.org","@graph":[{"@type":"NewsArticle","@id":"https:\/\/www.suno.com.br\/noticias\/bolsonaro-sanciona-mp-reducao-salarios-jornada\/#article","isPartOf":{"@id":"https:\/\/www.suno.com.br\/noticias\/bolsonaro-sanciona-mp-reducao-salarios-jornada\/"},"author":{"name":"Arthur Guimar\u00e3es","@id":"https:\/\/www.suno.com.br\/noticias\/#\/schema\/person\/053a750a709a263919a20f976caae91c"},"headline":"Bolsonaro sanciona MP que permite a redu\u00e7\u00e3o sal\u00e1rios e jornadas","datePublished":"2020-07-06T22:30:22+00:00","dateModified":"2020-07-06T22:51:00+00:00","mainEntityOfPage":{"@id":"https:\/\/www.suno.com.br\/noticias\/bolsonaro-sanciona-mp-reducao-salarios-jornada\/"},"wordCount":446,"publisher":{"@id":"https:\/\/www.suno.com.br\/noticias\/#organization"},"image":{"@id":"https:\/\/www.suno.com.br\/noticias\/bolsonaro-sanciona-mp-reducao-salarios-jornada\/#primaryimage"},"thumbnailUrl":"https:\/\/files.sunoresearch.com.br\/n\/uploads\/2020\/07\/d0b29adb-jair-bolsonaro-jpg.webp","keywords":["coronav\u00edrus","Jair Bolsonaro","medida provis\u00f3ria"],"articleSection":["Pol\u00edtica"],"inLanguage":"pt-BR"},{"@type":"WebPage","@id":"https:\/\/www.suno.com.br\/noticias\/bolsonaro-sanciona-mp-reducao-salarios-jornada\/","url":"https:\/\/www.suno.com.br\/noticias\/bolsonaro-sanciona-mp-reducao-salarios-jornada\/","name":"Bolsonaro sanciona MP que permite a redu\u00e7\u00e3o sal\u00e1rios e jornadas","isPartOf":{"@id":"https:\/\/www.suno.com.br\/noticias\/#website"},"primaryImageOfPage":{"@id":"https:\/\/www.suno.com.br\/noticias\/bolsonaro-sanciona-mp-reducao-salarios-jornada\/#primaryimage"},"image":{"@id":"https:\/\/www.suno.com.br\/noticias\/bolsonaro-sanciona-mp-reducao-salarios-jornada\/#primaryimage"},"thumbnailUrl":"https:\/\/files.sunoresearch.com.br\/n\/uploads\/2020\/07\/d0b29adb-jair-bolsonaro-jpg.webp","datePublished":"2020-07-06T22:30:22+00:00","dateModified":"2020-07-06T22:51:00+00:00","description":"O presidente Jair Bolsonaro sancionou a MP 936, que permite reduzir jornadas e sal\u00e1rios durante a pandemia. Clique para saber mais","breadcrumb":{"@id":"https:\/\/www.suno.com.br\/noticias\/bolsonaro-sanciona-mp-reducao-salarios-jornada\/#breadcrumb"},"inLanguage":"pt-BR","potentialAction":[{"@type":"ReadAction","target":["https:\/\/www.suno.com.br\/noticias\/bolsonaro-sanciona-mp-reducao-salarios-jornada\/"]}]},{"@type":"ImageObject","inLanguage":"pt-BR","@id":"https:\/\/www.suno.com.br\/noticias\/bolsonaro-sanciona-mp-reducao-salarios-jornada\/#primaryimage","url":"https:\/\/files.sunoresearch.com.br\/n\/uploads\/2020\/07\/d0b29adb-jair-bolsonaro-jpg.webp","contentUrl":"https:\/\/files.sunoresearch.com.br\/n\/uploads\/2020\/07\/d0b29adb-jair-bolsonaro-jpg.webp","width":1024,"height":683,"caption":"O presidente da Rep\u00fablica, Jair Bolsonaro."},{"@type":"BreadcrumbList","@id":"https:\/\/www.suno.com.br\/noticias\/bolsonaro-sanciona-mp-reducao-salarios-jornada\/#breadcrumb","itemListElement":[{"@type":"ListItem","position":1,"name":"Not\u00edcias","item":"https:\/\/www.suno.com.br\/noticias\/"},{"@type":"ListItem","position":2,"name":"Pol\u00edtica","item":"https:\/\/www.suno.com.br\/noticias\/politica\/"},{"@type":"ListItem","position":3,"name":"Bolsonaro sanciona MP que permite a redu\u00e7\u00e3o sal\u00e1rios e jornadas"}]},{"@type":"WebSite","@id":"https:\/\/www.suno.com.br\/noticias\/#website","url":"https:\/\/www.suno.com.br\/noticias\/","name":"Suno Not\u00edcias","description":"Seu portal de informa\u00e7\u00e3o sobre o mundo dos investimentos","publisher":{"@id":"https:\/\/www.suno.com.br\/noticias\/#organization"},"potentialAction":[{"@type":"SearchAction","target":{"@type":"EntryPoint","urlTemplate":"https:\/\/www.suno.com.br\/noticias\/?s={search_term_string}"},"query-input":{"@type":"PropertyValueSpecification","valueRequired":true,"valueName":"search_term_string"}}],"inLanguage":"pt-BR"},{"@type":"Organization","@id":"https:\/\/www.suno.com.br\/noticias\/#organization","name":"Suno Not\u00edcias","url":"https:\/\/www.suno.com.br\/noticias\/","logo":{"@type":"ImageObject","inLanguage":"pt-BR","@id":"https:\/\/www.suno.com.br\/noticias\/#\/schema\/logo\/image\/","url":"https:\/\/files.sunoresearch.com.br\/n\/uploads\/2021\/09\/suno-logo.png","contentUrl":"https:\/\/files.sunoresearch.com.br\/n\/uploads\/2021\/09\/suno-logo.png","width":180,"height":180,"caption":"Suno Not\u00edcias"},"image":{"@id":"https:\/\/www.suno.com.br\/noticias\/#\/schema\/logo\/image\/"},"sameAs":["https:\/\/facebook.com\/sunoresearch","https:\/\/x.com\/sunoresearch","https:\/\/www.instagram.com\/suno","https:\/\/www.linkedin.com\/company\/suno-research\/","https:\/\/www.youtube.com\/c\/sunoresearch"]},{"@type":"Person","@id":"https:\/\/www.suno.com.br\/noticias\/#\/schema\/person\/053a750a709a263919a20f976caae91c","name":"Arthur Guimar\u00e3es","image":{"@type":"ImageObject","inLanguage":"pt-BR","@id":"https:\/\/www.suno.com.br\/noticias\/#\/schema\/person\/image\/","url":"https:\/\/secure.gravatar.com\/avatar\/1affd86a11209ae09eb6dd3bcad3e96c?s=96&r=g","contentUrl":"https:\/\/secure.gravatar.com\/avatar\/1affd86a11209ae09eb6dd3bcad3e96c?s=96&r=g","caption":"Arthur Guimar\u00e3es"},"description":"Arthur Guimar\u00e3es escreve sobre pol\u00edtica, economia e neg\u00f3cios para o portal de not\u00edcias da Suno Research. Atualmente, \u00e9 estudante de jornalismo pela Faculdade C\u00e1sper L\u00edbero.","url":"https:\/\/www.suno.com.br\/noticias\/author\/arthur-guimaraes\/"}]}},"default_loop_html":"<div class=\"cardsPage__listCard__boxs\"><div class=\"cardsPage__listCard__boxs__img\"><a href=\"https:\/\/www.suno.com.br\/noticias\/bolsonaro-sanciona-mp-reducao-salarios-jornada\/\"><img class=\"mask\" src=\"https:\/\/www.suno.com.br\/noticias\/wp-content\/themes\/suno\/resources\/images\/spotlight\/spotlight1img\/bg-mask.png\" alt=\"Image Mask\"\/><img src=\"https:\/\/files.sunoresearch.com.br\/n\/uploads\/2020\/07\/d0b29adb-jair-bolsonaro-400x200.webp\" alt=\"Bolsonaro sanciona MP que permite a redu\u00e7\u00e3o sal\u00e1rios e jornadas\"\/><\/a><span class=\"spotlightCategory\"><a href=\"https:\/\/www.suno.com.br\/noticias\/politica\/\">Pol\u00edtica<\/a><\/span><\/div><div class=\"cardsPage__listCard__boxs__content\"><a href=\"https:\/\/www.suno.com.br\/noticias\/bolsonaro-sanciona-mp-reducao-salarios-jornada\/\"><h2 class=\"content__title\">Bolsonaro sanciona MP que permite a redu\u00e7\u00e3o sal\u00e1rios e jornadas<\/h2><\/a><div class=\"newsContent__article__meta\"><div class=\"newsContent__article__meta__authorBox\"><a href=\"https:\/\/www.suno.com.br\/noticias\/author\/arthur-guimaraes\/\" class=\"authorBox__avatar noMobi\"><img src=\"https:\/\/files.sunoresearch.com.br\/n\/uploads\/2020\/02\/dfb40897-eu-150x150.webp\" alt=\"Arthur Guimar\u00e3es\"><\/a><div class=\"authorBox__name\"><span>por\n\t\t\t<a href=\"https:\/\/www.suno.com.br\/noticias\/author\/arthur-guimaraes\/\"><span itemprop=\"author\">Arthur Guimar\u00e3es<\/span><\/a><\/span><time datetime=\"2020-07-06T19:30:22-03:00\" itemprop=\"datePublished\">06\/07\/2020 19:30<\/time><\/div><\/div><\/div><\/div><\/div>","single_layout":"posts","amp_enabled":true,"_links":{"self":[{"href":"https:\/\/www.suno.com.br\/noticias\/wp-json\/wp\/v2\/posts\/72011"}],"collection":[{"href":"https:\/\/www.suno.com.br\/noticias\/wp-json\/wp\/v2\/posts"}],"about":[{"href":"https:\/\/www.suno.com.br\/noticias\/wp-json\/wp\/v2\/types\/post"}],"author":[{"embeddable":true,"href":"https:\/\/www.suno.com.br\/noticias\/wp-json\/wp\/v2\/users\/35"}],"replies":[{"embeddable":true,"href":"https:\/\/www.suno.com.br\/noticias\/wp-json\/wp\/v2\/comments?post=72011"}],"version-history":[{"count":0,"href":"https:\/\/www.suno.com.br\/noticias\/wp-json\/wp\/v2\/posts\/72011\/revisions"}],"wp:featuredmedia":[{"embeddable":true,"href":"https:\/\/www.suno.com.br\/noticias\/wp-json\/wp\/v2\/media\/72018"}],"wp:attachment":[{"href":"https:\/\/www.suno.com.br\/noticias\/wp-json\/wp\/v2\/media?parent=72011"}],"wp:term":[{"taxonomy":"category","embeddable":true,"href":"https:\/\/www.suno.com.br\/noticias\/wp-json\/wp\/v2\/categories?post=72011"},{"taxonomy":"post_tag","embeddable":true,"href":"https:\/\/www.suno.com.br\/noticias\/wp-json\/wp\/v2\/tags?post=72011"},{"taxonomy":"suno_strategy","embeddable":true,"href":"https:\/\/www.suno.com.br\/noticias\/wp-json\/wp\/v2\/suno_strategy?post=72011"}],"curies":[{"name":"wp","href":"https:\/\/api.w.org\/{rel}","templated":true}]}}