{"id":71882,"date":"2020-07-06T08:49:28","date_gmt":"2020-07-06T11:49:28","guid":{"rendered":"https:\/\/www.suno.com.br\/noticias\/?p=71882"},"modified":"2020-07-06T10:26:30","modified_gmt":"2020-07-06T13:26:30","slug":"guedes-preve-grandes-privatizacoes-nos-proximos-3-meses","status":"publish","type":"post","link":"https:\/\/www.suno.com.br\/noticias\/guedes-preve-grandes-privatizacoes-nos-proximos-3-meses\/","title":{"rendered":"Guedes prev\u00ea &#8216;grandes privatiza\u00e7\u00f5es&#8217; nos pr\u00f3ximos 3 meses"},"content":{"rendered":"<p>O ministro da Economia, <a href=\"https:\/\/www.suno.com.br\/tudo-sobre\/paulo-guedes\/\">Paulo <strong>Guedes<\/strong><\/a>, disse no \u00faltimo domingo (5) que at\u00e9 os pr\u00f3ximos tr\u00eas meses o governo far\u00e1 tr\u00eas ou quatro &#8220;grandes privatiza\u00e7\u00f5es&#8221;.<\/p>\t<div class=\"wrapper-featured-image\">\n\t\t<figure class=\"spotlightImg\">\n\n\t\t\t<picture>\n\t\t\t\t<source media=\"(max-width: 768px)\" srcset=\"https:\/\/files.sunoresearch.com.br\/n\/uploads\/2019\/04\/e38145ac-ibovespa-400x200.webp\">\n\t\t\t\t<img loading=\"lazy\" decoding=\"async\" class=\"newsContent__article__imgCapa lazyloadDisabled newsContent__article__imgCapa--noCaption\" src=\"https:\/\/files.sunoresearch.com.br\/n\/uploads\/2019\/04\/e38145ac-ibovespa-800x450.webp\" width=\"800\" height=\"450\" alt=\"Guedes prev\u00ea &#8216;grandes privatiza\u00e7\u00f5es&#8217; nos pr\u00f3ximos 3 meses\" fetchpriority=high \/>\n\t\t\t<\/picture>\n\n\t\t\t<figcaption class=\"wp-caption-text wp-caption-text--hide\">Guedes<\/figcaption>\n\t\t<\/figure>\n\t<\/div>\n\n\n\n<p>Sem detalhar quais empresas est\u00e3o no plano de desestatiza\u00e7\u00e3o, Guedes mencionou que 2020 seria um &#8220;excelente ano&#8221; para realizar uma <a href=\"https:\/\/www.suno.com.br\/artigos\/vale-pena-investir-em-um-ipo\/\">oferta p\u00fablica (IPO)<\/a> das subsidi\u00e1rias da Caixa Econ\u00f4mica Federal no valor de R$ 20 bilh\u00f5es a R$ 50 bilh\u00f5es, &#8220;bem maior at\u00e9&#8221; que uma <a href=\"https:\/\/www.suno.com.br\/acoes\/elet6\/\">Eletrobras (ELET5)<\/a>, afirmou o ministro em entrevista \u00e0 &#8220;CNN Brasil&#8221;.<\/p>\n<p>Al\u00e9m disso, Guedes acrescentou que &#8220;seguradamente&#8221; os Correios est\u00e3o na lista de privatiza\u00e7\u00f5es, no entanto, n\u00e3o afirmou quando aconteceria.\u00a0Apesar da pandemia do novo coronav\u00edrus, a equipe econ\u00f4mica, de acordo com o ministro, n\u00e3o perdeu o rumo fiscal e classificou o Brasil na fase de descentraliza\u00e7\u00e3o de recursos.<\/p>\n<p><a href=\"https:\/\/lp.suno.com.br\/suno-one\/\">Suno One: o primeiro passo para alcan\u00e7ar a sua independ\u00eancia financeira. Acesse agora, \u00e9 gratuito!<\/a><\/p>\n<p>Ademais, o ministro comentou que a reforma tribut\u00e1ria ser\u00e1 enviada ao Congresso neste ano. Guedes permanece defendendo a tributa\u00e7\u00e3o sobre dividendos e transa\u00e7\u00f5es digitais.<\/p>\n<p>Para o l\u00edder da pasta econ\u00f4mica o Brasil ainda vai surpreender os investidores estrangeiros com projetos nas \u00e1reas de saneamento, cabotagem, el\u00e9trica, concess\u00f5es e privatiza\u00e7\u00f5es.<\/p>\n<h2>Vamos entrar com aumento de impostos sobre dividendos, diz Guedes<\/h2>\n<p>Na \u00faltima sexta-feira (3), o ministro da Economia declarou\u00a0que o governo est\u00e1 &#8220;entrando com um aumento de imposto sobre <a href=\"https:\/\/www.suno.com.br\/dividendos\/\">dividendos<\/a>&#8220;.<\/p>\n<p>O economista participou de <em>live<\/em> promovida pela Associa\u00e7\u00e3o Brasileira da Infraestrutura e Ind\u00fastrias de Base (Abdib) e sinalizou a medida quando detalhava mudan\u00e7as tribut\u00e1rias previstas pelo governo. O ministro afirmou que a proposta inclui um <a href=\"https:\/\/www.suno.com.br\/artigos\/iva-imposto-sobre-valor-agregado\/\">IVA (imposto sobre valor agregado)<\/a>, que iria substituir os atuais PIS-Cofins, um imposto sobre transa\u00e7\u00f5es digitais ou pagamentos e taxa\u00e7\u00e3o de dividendos.<\/p>\n<p><a href=\"https:\/\/www.suno.com.br\/noticias\/paulo-guedes-bc-pode-emitir-moeda\/\">Saiba mais: Paulo Guedes: BC pode emitir moeda em caso de depress\u00e3o econ\u00f4mica<\/a><\/p>\n<p>O ministro voltou a defender uma ampla reforma tribut\u00e1ria para reduzir os impostos cobrados sobre a folha de pagamento, por\u00e9m n\u00e3o deu maiores detalhes para o envio do texto ao Congresso.<\/p>\n<p>No mesmo sentido, <strong>Guedes<\/strong> assegurou que a reforma administrativa continua em pauta e que a pasta ir\u00e1 voltar ao tema ainda neste mandato.<\/p>\n\n","protected":false},"excerpt":{"rendered":"<p>O ministro da Economia, Paulo Guedes, disse no \u00faltimo domingo (5) que at\u00e9 os pr\u00f3ximos tr\u00eas meses o governo far\u00e1 tr\u00eas ou quatro &#8220;grandes privatiza\u00e7\u00f5es&#8221;. Guedes Sem detalhar quais empresas est\u00e3o no plano de desestatiza\u00e7\u00e3o, Guedes mencionou que 2020 seria um &#8220;excelente ano&#8221; para realizar uma oferta p\u00fablica (IPO) das subsidi\u00e1rias da Caixa Econ\u00f4mica Federal [&hellip;]<\/p>\n","protected":false},"author":15,"featured_media":19823,"comment_status":"closed","ping_status":"closed","sticky":false,"template":"","format":"standard","meta":[],"categories":[62],"tags":[1199,700,909,796],"suno_strategy":[],"class_list":["post-71882","post","type-post","status-publish","format-standard","has-post-thumbnail","hentry","category-economia","tag-caixa-economica-federal-cef","tag-correios","tag-ministerio-da-economia","tag-paulo-guedes"],"yoast_head":"<!-- This site is optimized with the Yoast SEO plugin v24.4 - https:\/\/yoast.com\/wordpress\/plugins\/seo\/ -->\n<title>Guedes prev\u00ea &#039;grandes privatiza\u00e7\u00f5es&#039; nos pr\u00f3ximos 3 meses<\/title>\n<meta name=\"description\" content=\"O ministro da Economia,Guedes, disse no \u00faltimo domingo (6) que at\u00e9 os pr\u00f3ximos tr\u00eas meses o governo far\u00e1 &quot;grandes privatiza\u00e7\u00f5es&quot;. Clique aqui\" \/>\n<meta name=\"robots\" content=\"index, follow, max-snippet:-1, max-image-preview:large, max-video-preview:-1\" \/>\n<link rel=\"canonical\" href=\"https:\/\/www.suno.com.br\/noticias\/guedes-preve-grandes-privatizacoes-nos-proximos-3-meses\/\" \/>\n<meta property=\"og:locale\" content=\"pt_BR\" \/>\n<meta property=\"og:type\" content=\"article\" \/>\n<meta property=\"og:title\" content=\"Guedes prev\u00ea &#039;grandes privatiza\u00e7\u00f5es&#039; nos pr\u00f3ximos 3 meses\" \/>\n<meta property=\"og:description\" content=\"O ministro da Economia,Guedes, disse no \u00faltimo domingo (6) que at\u00e9 os pr\u00f3ximos tr\u00eas meses o governo far\u00e1 &quot;grandes privatiza\u00e7\u00f5es&quot;. Clique aqui\" \/>\n<meta property=\"og:url\" content=\"https:\/\/www.suno.com.br\/noticias\/guedes-preve-grandes-privatizacoes-nos-proximos-3-meses\/\" \/>\n<meta property=\"og:site_name\" content=\"Suno Not\u00edcias\" \/>\n<meta property=\"article:publisher\" content=\"https:\/\/facebook.com\/sunoresearch\" \/>\n<meta property=\"og:image\" content=\"https:\/\/files.sunoresearch.com.br\/n\/uploads\/2019\/04\/e38145ac-ibovespa.jpg\" \/>\n\t<meta property=\"og:image:width\" content=\"1140\" \/>\n\t<meta property=\"og:image:height\" content=\"760\" \/>\n\t<meta property=\"og:image:type\" content=\"image\/jpeg\" \/>\n<meta name=\"author\" content=\"Poliana Santos\" \/>\n<meta name=\"twitter:card\" content=\"summary_large_image\" \/>\n<meta name=\"twitter:creator\" content=\"@sunoresearch\" \/>\n<meta name=\"twitter:site\" content=\"@sunoresearch\" \/>\n<meta name=\"twitter:label1\" content=\"Escrito por\" \/>\n\t<meta name=\"twitter:data1\" content=\"Poliana Santos\" \/>\n\t<meta name=\"twitter:label2\" content=\"Est. tempo de leitura\" \/>\n\t<meta name=\"twitter:data2\" content=\"2 minutos\" \/>\n<script type=\"application\/ld+json\" class=\"yoast-schema-graph\">{\"@context\":\"https:\/\/schema.org\",\"@graph\":[{\"@type\":\"NewsArticle\",\"@id\":\"https:\/\/www.suno.com.br\/noticias\/guedes-preve-grandes-privatizacoes-nos-proximos-3-meses\/#article\",\"isPartOf\":{\"@id\":\"https:\/\/www.suno.com.br\/noticias\/guedes-preve-grandes-privatizacoes-nos-proximos-3-meses\/\"},\"author\":{\"name\":\"Poliana Santos\",\"@id\":\"https:\/\/www.suno.com.br\/noticias\/#\/schema\/person\/02ec1f752758247878a2bf4abee1aeda\"},\"headline\":\"Guedes prev\u00ea &#8216;grandes privatiza\u00e7\u00f5es&#8217; nos pr\u00f3ximos 3 meses\",\"datePublished\":\"2020-07-06T11:49:28+00:00\",\"dateModified\":\"2020-07-06T13:26:30+00:00\",\"mainEntityOfPage\":{\"@id\":\"https:\/\/www.suno.com.br\/noticias\/guedes-preve-grandes-privatizacoes-nos-proximos-3-meses\/\"},\"wordCount\":396,\"publisher\":{\"@id\":\"https:\/\/www.suno.com.br\/noticias\/#organization\"},\"image\":{\"@id\":\"https:\/\/www.suno.com.br\/noticias\/guedes-preve-grandes-privatizacoes-nos-proximos-3-meses\/#primaryimage\"},\"thumbnailUrl\":\"https:\/\/files.sunoresearch.com.br\/n\/uploads\/2019\/04\/e38145ac-ibovespa-jpg.webp\",\"keywords\":[\"Caixa Econ\u00f4mica Federal (CEF)\",\"Correios\",\"Minist\u00e9rio da Economia\",\"Paulo Guedes\"],\"articleSection\":[\"Economia\"],\"inLanguage\":\"pt-BR\"},{\"@type\":\"WebPage\",\"@id\":\"https:\/\/www.suno.com.br\/noticias\/guedes-preve-grandes-privatizacoes-nos-proximos-3-meses\/\",\"url\":\"https:\/\/www.suno.com.br\/noticias\/guedes-preve-grandes-privatizacoes-nos-proximos-3-meses\/\",\"name\":\"Guedes prev\u00ea 'grandes privatiza\u00e7\u00f5es' nos pr\u00f3ximos 3 meses\",\"isPartOf\":{\"@id\":\"https:\/\/www.suno.com.br\/noticias\/#website\"},\"primaryImageOfPage\":{\"@id\":\"https:\/\/www.suno.com.br\/noticias\/guedes-preve-grandes-privatizacoes-nos-proximos-3-meses\/#primaryimage\"},\"image\":{\"@id\":\"https:\/\/www.suno.com.br\/noticias\/guedes-preve-grandes-privatizacoes-nos-proximos-3-meses\/#primaryimage\"},\"thumbnailUrl\":\"https:\/\/files.sunoresearch.com.br\/n\/uploads\/2019\/04\/e38145ac-ibovespa-jpg.webp\",\"datePublished\":\"2020-07-06T11:49:28+00:00\",\"dateModified\":\"2020-07-06T13:26:30+00:00\",\"description\":\"O ministro da Economia,Guedes, disse no \u00faltimo domingo (6) que at\u00e9 os pr\u00f3ximos tr\u00eas meses o governo far\u00e1 \\\"grandes privatiza\u00e7\u00f5es\\\". Clique aqui\",\"breadcrumb\":{\"@id\":\"https:\/\/www.suno.com.br\/noticias\/guedes-preve-grandes-privatizacoes-nos-proximos-3-meses\/#breadcrumb\"},\"inLanguage\":\"pt-BR\",\"potentialAction\":[{\"@type\":\"ReadAction\",\"target\":[\"https:\/\/www.suno.com.br\/noticias\/guedes-preve-grandes-privatizacoes-nos-proximos-3-meses\/\"]}]},{\"@type\":\"ImageObject\",\"inLanguage\":\"pt-BR\",\"@id\":\"https:\/\/www.suno.com.br\/noticias\/guedes-preve-grandes-privatizacoes-nos-proximos-3-meses\/#primaryimage\",\"url\":\"https:\/\/files.sunoresearch.com.br\/n\/uploads\/2019\/04\/e38145ac-ibovespa-jpg.webp\",\"contentUrl\":\"https:\/\/files.sunoresearch.com.br\/n\/uploads\/2019\/04\/e38145ac-ibovespa-jpg.webp\",\"width\":1140,\"height\":760,\"caption\":\"Guedes\"},{\"@type\":\"BreadcrumbList\",\"@id\":\"https:\/\/www.suno.com.br\/noticias\/guedes-preve-grandes-privatizacoes-nos-proximos-3-meses\/#breadcrumb\",\"itemListElement\":[{\"@type\":\"ListItem\",\"position\":1,\"name\":\"Not\u00edcias\",\"item\":\"https:\/\/www.suno.com.br\/noticias\/\"},{\"@type\":\"ListItem\",\"position\":2,\"name\":\"Economia\",\"item\":\"https:\/\/www.suno.com.br\/noticias\/economia\/\"},{\"@type\":\"ListItem\",\"position\":3,\"name\":\"Guedes prev\u00ea &#8216;grandes privatiza\u00e7\u00f5es&#8217; nos pr\u00f3ximos 3 meses\"}]},{\"@type\":\"WebSite\",\"@id\":\"https:\/\/www.suno.com.br\/noticias\/#website\",\"url\":\"https:\/\/www.suno.com.br\/noticias\/\",\"name\":\"Suno Not\u00edcias\",\"description\":\"Seu portal de informa\u00e7\u00e3o sobre o mundo dos investimentos\",\"publisher\":{\"@id\":\"https:\/\/www.suno.com.br\/noticias\/#organization\"},\"potentialAction\":[{\"@type\":\"SearchAction\",\"target\":{\"@type\":\"EntryPoint\",\"urlTemplate\":\"https:\/\/www.suno.com.br\/noticias\/?s={search_term_string}\"},\"query-input\":{\"@type\":\"PropertyValueSpecification\",\"valueRequired\":true,\"valueName\":\"search_term_string\"}}],\"inLanguage\":\"pt-BR\"},{\"@type\":\"Organization\",\"@id\":\"https:\/\/www.suno.com.br\/noticias\/#organization\",\"name\":\"Suno Not\u00edcias\",\"url\":\"https:\/\/www.suno.com.br\/noticias\/\",\"logo\":{\"@type\":\"ImageObject\",\"inLanguage\":\"pt-BR\",\"@id\":\"https:\/\/www.suno.com.br\/noticias\/#\/schema\/logo\/image\/\",\"url\":\"https:\/\/files.sunoresearch.com.br\/n\/uploads\/2021\/09\/suno-logo.png\",\"contentUrl\":\"https:\/\/files.sunoresearch.com.br\/n\/uploads\/2021\/09\/suno-logo.png\",\"width\":180,\"height\":180,\"caption\":\"Suno Not\u00edcias\"},\"image\":{\"@id\":\"https:\/\/www.suno.com.br\/noticias\/#\/schema\/logo\/image\/\"},\"sameAs\":[\"https:\/\/facebook.com\/sunoresearch\",\"https:\/\/x.com\/sunoresearch\",\"https:\/\/www.instagram.com\/suno\",\"https:\/\/www.linkedin.com\/company\/suno-research\/\",\"https:\/\/www.youtube.com\/c\/sunoresearch\"]},{\"@type\":\"Person\",\"@id\":\"https:\/\/www.suno.com.br\/noticias\/#\/schema\/person\/02ec1f752758247878a2bf4abee1aeda\",\"name\":\"Poliana Santos\",\"image\":{\"@type\":\"ImageObject\",\"inLanguage\":\"pt-BR\",\"@id\":\"https:\/\/www.suno.com.br\/noticias\/#\/schema\/person\/image\/\",\"url\":\"https:\/\/secure.gravatar.com\/avatar\/0645bd32f23d87b2130f2b2dff1d3f8d?s=96&r=g\",\"contentUrl\":\"https:\/\/secure.gravatar.com\/avatar\/0645bd32f23d87b2130f2b2dff1d3f8d?s=96&r=g\",\"caption\":\"Poliana Santos\"},\"description\":\"Rep\u00f3rter no Suno Not\u00edcias, com cobertura em mercado financeiro, economia, finan\u00e7as pessoais, renda fixa e varejo. Jornalista formada pela Faculdade C\u00e1sper L\u00edbero e possui passagem na R\u00e1dio Gazeta AM com a produ\u00e7\u00e3o de conte\u00fado sobre economia, pol\u00edtica, sa\u00fade, moda e m\u00fasica. Possui certificado de conclus\u00e3o do curso de An\u00e1lise de Balan\u00e7os pela Funda\u00e7\u00e3o Bradesco, Agenda Brasil pela FAAP, Educa\u00e7\u00e3o Pol\u00edtica por Alexandre Garcia e do Tesouro Direto e Mercado de A\u00e7\u00f5es pela B3.\",\"url\":\"https:\/\/www.suno.com.br\/noticias\/author\/poliana-santos\/\"}]}<\/script>\n<!-- \/ Yoast SEO plugin. -->","yoast_head_json":{"title":"Guedes prev\u00ea 'grandes privatiza\u00e7\u00f5es' nos pr\u00f3ximos 3 meses","description":"O ministro da Economia,Guedes, disse no \u00faltimo domingo (6) que at\u00e9 os pr\u00f3ximos tr\u00eas meses o governo far\u00e1 \"grandes privatiza\u00e7\u00f5es\". Clique aqui","robots":{"index":"index","follow":"follow","max-snippet":"max-snippet:-1","max-image-preview":"max-image-preview:large","max-video-preview":"max-video-preview:-1"},"canonical":"https:\/\/www.suno.com.br\/noticias\/guedes-preve-grandes-privatizacoes-nos-proximos-3-meses\/","og_locale":"pt_BR","og_type":"article","og_title":"Guedes prev\u00ea 'grandes privatiza\u00e7\u00f5es' nos pr\u00f3ximos 3 meses","og_description":"O ministro da Economia,Guedes, disse no \u00faltimo domingo (6) que at\u00e9 os pr\u00f3ximos tr\u00eas meses o governo far\u00e1 \"grandes privatiza\u00e7\u00f5es\". Clique aqui","og_url":"https:\/\/www.suno.com.br\/noticias\/guedes-preve-grandes-privatizacoes-nos-proximos-3-meses\/","og_site_name":"Suno Not\u00edcias","article_publisher":"https:\/\/facebook.com\/sunoresearch","og_image":[{"width":1140,"height":760,"url":"https:\/\/files.sunoresearch.com.br\/n\/uploads\/2019\/04\/e38145ac-ibovespa.jpg","type":"image\/jpeg"}],"author":"Poliana Santos","twitter_card":"summary_large_image","twitter_creator":"@sunoresearch","twitter_site":"@sunoresearch","twitter_misc":{"Escrito por":"Poliana Santos","Est. tempo de leitura":"2 minutos"},"schema":{"@context":"https:\/\/schema.org","@graph":[{"@type":"NewsArticle","@id":"https:\/\/www.suno.com.br\/noticias\/guedes-preve-grandes-privatizacoes-nos-proximos-3-meses\/#article","isPartOf":{"@id":"https:\/\/www.suno.com.br\/noticias\/guedes-preve-grandes-privatizacoes-nos-proximos-3-meses\/"},"author":{"name":"Poliana Santos","@id":"https:\/\/www.suno.com.br\/noticias\/#\/schema\/person\/02ec1f752758247878a2bf4abee1aeda"},"headline":"Guedes prev\u00ea &#8216;grandes privatiza\u00e7\u00f5es&#8217; nos pr\u00f3ximos 3 meses","datePublished":"2020-07-06T11:49:28+00:00","dateModified":"2020-07-06T13:26:30+00:00","mainEntityOfPage":{"@id":"https:\/\/www.suno.com.br\/noticias\/guedes-preve-grandes-privatizacoes-nos-proximos-3-meses\/"},"wordCount":396,"publisher":{"@id":"https:\/\/www.suno.com.br\/noticias\/#organization"},"image":{"@id":"https:\/\/www.suno.com.br\/noticias\/guedes-preve-grandes-privatizacoes-nos-proximos-3-meses\/#primaryimage"},"thumbnailUrl":"https:\/\/files.sunoresearch.com.br\/n\/uploads\/2019\/04\/e38145ac-ibovespa-jpg.webp","keywords":["Caixa Econ\u00f4mica Federal (CEF)","Correios","Minist\u00e9rio da Economia","Paulo Guedes"],"articleSection":["Economia"],"inLanguage":"pt-BR"},{"@type":"WebPage","@id":"https:\/\/www.suno.com.br\/noticias\/guedes-preve-grandes-privatizacoes-nos-proximos-3-meses\/","url":"https:\/\/www.suno.com.br\/noticias\/guedes-preve-grandes-privatizacoes-nos-proximos-3-meses\/","name":"Guedes prev\u00ea 'grandes privatiza\u00e7\u00f5es' nos pr\u00f3ximos 3 meses","isPartOf":{"@id":"https:\/\/www.suno.com.br\/noticias\/#website"},"primaryImageOfPage":{"@id":"https:\/\/www.suno.com.br\/noticias\/guedes-preve-grandes-privatizacoes-nos-proximos-3-meses\/#primaryimage"},"image":{"@id":"https:\/\/www.suno.com.br\/noticias\/guedes-preve-grandes-privatizacoes-nos-proximos-3-meses\/#primaryimage"},"thumbnailUrl":"https:\/\/files.sunoresearch.com.br\/n\/uploads\/2019\/04\/e38145ac-ibovespa-jpg.webp","datePublished":"2020-07-06T11:49:28+00:00","dateModified":"2020-07-06T13:26:30+00:00","description":"O ministro da Economia,Guedes, disse no \u00faltimo domingo (6) que at\u00e9 os pr\u00f3ximos tr\u00eas meses o governo far\u00e1 \"grandes privatiza\u00e7\u00f5es\". Clique aqui","breadcrumb":{"@id":"https:\/\/www.suno.com.br\/noticias\/guedes-preve-grandes-privatizacoes-nos-proximos-3-meses\/#breadcrumb"},"inLanguage":"pt-BR","potentialAction":[{"@type":"ReadAction","target":["https:\/\/www.suno.com.br\/noticias\/guedes-preve-grandes-privatizacoes-nos-proximos-3-meses\/"]}]},{"@type":"ImageObject","inLanguage":"pt-BR","@id":"https:\/\/www.suno.com.br\/noticias\/guedes-preve-grandes-privatizacoes-nos-proximos-3-meses\/#primaryimage","url":"https:\/\/files.sunoresearch.com.br\/n\/uploads\/2019\/04\/e38145ac-ibovespa-jpg.webp","contentUrl":"https:\/\/files.sunoresearch.com.br\/n\/uploads\/2019\/04\/e38145ac-ibovespa-jpg.webp","width":1140,"height":760,"caption":"Guedes"},{"@type":"BreadcrumbList","@id":"https:\/\/www.suno.com.br\/noticias\/guedes-preve-grandes-privatizacoes-nos-proximos-3-meses\/#breadcrumb","itemListElement":[{"@type":"ListItem","position":1,"name":"Not\u00edcias","item":"https:\/\/www.suno.com.br\/noticias\/"},{"@type":"ListItem","position":2,"name":"Economia","item":"https:\/\/www.suno.com.br\/noticias\/economia\/"},{"@type":"ListItem","position":3,"name":"Guedes prev\u00ea &#8216;grandes privatiza\u00e7\u00f5es&#8217; nos pr\u00f3ximos 3 meses"}]},{"@type":"WebSite","@id":"https:\/\/www.suno.com.br\/noticias\/#website","url":"https:\/\/www.suno.com.br\/noticias\/","name":"Suno Not\u00edcias","description":"Seu portal de informa\u00e7\u00e3o sobre o mundo dos investimentos","publisher":{"@id":"https:\/\/www.suno.com.br\/noticias\/#organization"},"potentialAction":[{"@type":"SearchAction","target":{"@type":"EntryPoint","urlTemplate":"https:\/\/www.suno.com.br\/noticias\/?s={search_term_string}"},"query-input":{"@type":"PropertyValueSpecification","valueRequired":true,"valueName":"search_term_string"}}],"inLanguage":"pt-BR"},{"@type":"Organization","@id":"https:\/\/www.suno.com.br\/noticias\/#organization","name":"Suno Not\u00edcias","url":"https:\/\/www.suno.com.br\/noticias\/","logo":{"@type":"ImageObject","inLanguage":"pt-BR","@id":"https:\/\/www.suno.com.br\/noticias\/#\/schema\/logo\/image\/","url":"https:\/\/files.sunoresearch.com.br\/n\/uploads\/2021\/09\/suno-logo.png","contentUrl":"https:\/\/files.sunoresearch.com.br\/n\/uploads\/2021\/09\/suno-logo.png","width":180,"height":180,"caption":"Suno Not\u00edcias"},"image":{"@id":"https:\/\/www.suno.com.br\/noticias\/#\/schema\/logo\/image\/"},"sameAs":["https:\/\/facebook.com\/sunoresearch","https:\/\/x.com\/sunoresearch","https:\/\/www.instagram.com\/suno","https:\/\/www.linkedin.com\/company\/suno-research\/","https:\/\/www.youtube.com\/c\/sunoresearch"]},{"@type":"Person","@id":"https:\/\/www.suno.com.br\/noticias\/#\/schema\/person\/02ec1f752758247878a2bf4abee1aeda","name":"Poliana Santos","image":{"@type":"ImageObject","inLanguage":"pt-BR","@id":"https:\/\/www.suno.com.br\/noticias\/#\/schema\/person\/image\/","url":"https:\/\/secure.gravatar.com\/avatar\/0645bd32f23d87b2130f2b2dff1d3f8d?s=96&r=g","contentUrl":"https:\/\/secure.gravatar.com\/avatar\/0645bd32f23d87b2130f2b2dff1d3f8d?s=96&r=g","caption":"Poliana Santos"},"description":"Rep\u00f3rter no Suno Not\u00edcias, com cobertura em mercado financeiro, economia, finan\u00e7as pessoais, renda fixa e varejo. Jornalista formada pela Faculdade C\u00e1sper L\u00edbero e possui passagem na R\u00e1dio Gazeta AM com a produ\u00e7\u00e3o de conte\u00fado sobre economia, pol\u00edtica, sa\u00fade, moda e m\u00fasica. Possui certificado de conclus\u00e3o do curso de An\u00e1lise de Balan\u00e7os pela Funda\u00e7\u00e3o Bradesco, Agenda Brasil pela FAAP, Educa\u00e7\u00e3o Pol\u00edtica por Alexandre Garcia e do Tesouro Direto e Mercado de A\u00e7\u00f5es pela B3.","url":"https:\/\/www.suno.com.br\/noticias\/author\/poliana-santos\/"}]}},"default_loop_html":"<div class=\"cardsPage__listCard__boxs\"><div class=\"cardsPage__listCard__boxs__img\"><a href=\"https:\/\/www.suno.com.br\/noticias\/guedes-preve-grandes-privatizacoes-nos-proximos-3-meses\/\"><img class=\"mask\" src=\"https:\/\/www.suno.com.br\/noticias\/wp-content\/themes\/suno\/resources\/images\/spotlight\/spotlight1img\/bg-mask.png\" alt=\"Image Mask\"\/><img src=\"https:\/\/files.sunoresearch.com.br\/n\/uploads\/2019\/04\/e38145ac-ibovespa-400x200.webp\" alt=\"Guedes prev\u00ea &#8216;grandes privatiza\u00e7\u00f5es&#8217; nos pr\u00f3ximos 3 meses\"\/><\/a><span class=\"spotlightCategory\"><a href=\"https:\/\/www.suno.com.br\/noticias\/economia\/\">Economia<\/a><\/span><\/div><div class=\"cardsPage__listCard__boxs__content\"><a href=\"https:\/\/www.suno.com.br\/noticias\/guedes-preve-grandes-privatizacoes-nos-proximos-3-meses\/\"><h2 class=\"content__title\">Guedes prev\u00ea &#8216;grandes privatiza\u00e7\u00f5es&#8217; nos pr\u00f3ximos 3 meses<\/h2><\/a><div class=\"newsContent__article__meta\"><div class=\"newsContent__article__meta__authorBox\"><a href=\"https:\/\/www.suno.com.br\/noticias\/author\/poliana-santos\/\" class=\"authorBox__avatar noMobi\"><img src=\"https:\/\/files.sunoresearch.com.br\/n\/uploads\/2020\/08\/7ef34026-whatsapp-image-2020-08-03-at-12.37.57-150x150.webp\" alt=\"Poliana Santos\"><\/a><div class=\"authorBox__name\"><span>por\n\t\t\t<a href=\"https:\/\/www.suno.com.br\/noticias\/author\/poliana-santos\/\"><span itemprop=\"author\">Poliana Santos<\/span><\/a><\/span><time datetime=\"2020-07-06T08:49:28-03:00\" itemprop=\"datePublished\">06\/07\/2020 08:49<\/time><\/div><\/div><\/div><\/div><\/div>","single_layout":"posts","amp_enabled":true,"_links":{"self":[{"href":"https:\/\/www.suno.com.br\/noticias\/wp-json\/wp\/v2\/posts\/71882"}],"collection":[{"href":"https:\/\/www.suno.com.br\/noticias\/wp-json\/wp\/v2\/posts"}],"about":[{"href":"https:\/\/www.suno.com.br\/noticias\/wp-json\/wp\/v2\/types\/post"}],"author":[{"embeddable":true,"href":"https:\/\/www.suno.com.br\/noticias\/wp-json\/wp\/v2\/users\/15"}],"replies":[{"embeddable":true,"href":"https:\/\/www.suno.com.br\/noticias\/wp-json\/wp\/v2\/comments?post=71882"}],"version-history":[{"count":0,"href":"https:\/\/www.suno.com.br\/noticias\/wp-json\/wp\/v2\/posts\/71882\/revisions"}],"wp:featuredmedia":[{"embeddable":true,"href":"https:\/\/www.suno.com.br\/noticias\/wp-json\/wp\/v2\/media\/19823"}],"wp:attachment":[{"href":"https:\/\/www.suno.com.br\/noticias\/wp-json\/wp\/v2\/media?parent=71882"}],"wp:term":[{"taxonomy":"category","embeddable":true,"href":"https:\/\/www.suno.com.br\/noticias\/wp-json\/wp\/v2\/categories?post=71882"},{"taxonomy":"post_tag","embeddable":true,"href":"https:\/\/www.suno.com.br\/noticias\/wp-json\/wp\/v2\/tags?post=71882"},{"taxonomy":"suno_strategy","embeddable":true,"href":"https:\/\/www.suno.com.br\/noticias\/wp-json\/wp\/v2\/suno_strategy?post=71882"}],"curies":[{"name":"wp","href":"https:\/\/api.w.org\/{rel}","templated":true}]}}