{"id":71749,"date":"2020-07-03T18:12:29","date_gmt":"2020-07-03T21:12:29","guid":{"rendered":"https:\/\/www.suno.com.br\/noticias\/?p=71749"},"modified":"2021-02-17T20:01:05","modified_gmt":"2021-02-17T23:01:05","slug":"mcdonalds-burger-king-mercado-pago-multados-procon-sp","status":"publish","type":"post","link":"https:\/\/www.suno.com.br\/noticias\/mcdonalds-burger-king-mercado-pago-multados-procon-sp\/","title":{"rendered":"McDonald&#8217;s, Burger King e Mercado Pago s\u00e3o multados pelo Procon-SP"},"content":{"rendered":"<p>O Procon-SP informou nessa sexta-feira (3) que multou a companhia Mercado Pago e tamb\u00e9m as redes de fast food <strong>McDonald&#8217;s<\/strong> e Burger King em R$ 25 milh\u00f5es, visto que n\u00e3o cumpriram uma promessa de desconto feita aos consumidores em novembro de 2019, na Black Friday.<\/p>\t<div class=\"wrapper-featured-image\">\n\t\t<figure class=\"spotlightImg\">\n\n\t\t\t<picture>\n\t\t\t\t<source media=\"(max-width: 768px)\" srcset=\"https:\/\/files.sunoresearch.com.br\/n\/uploads\/2020\/06\/ac51e161-mcdonalds-400x200.webp\">\n\t\t\t\t<img loading=\"lazy\" decoding=\"async\" class=\"newsContent__article__imgCapa lazyloadDisabled newsContent__article__imgCapa--noCaption\" src=\"https:\/\/files.sunoresearch.com.br\/n\/uploads\/2020\/06\/ac51e161-mcdonalds-jpg.webp\" width=\"800\" height=\"450\" alt=\"McDonald&#8217;s, Burger King e Mercado Pago s\u00e3o multados pelo Procon-SP\" fetchpriority=high \/>\n\t\t\t<\/picture>\n\n\t\t\t<figcaption class=\"wp-caption-text wp-caption-text--hide\">McDonald&#039;s, Burger King e Mercado Pago s\u00e3o multados pelo Procon-SP<\/figcaption>\n\t\t<\/figure>\n\t<\/div>\n\n\n\n<p>O <strong>Procon<\/strong>-SP declarou que o McDonald&#8217;s dever\u00e1 arcar com uma multa no valor de R$ 10,2 milh\u00f5es, assim como o <strong>Mercado pago<\/strong>, ao passo que o <strong>Burger<\/strong> <strong>King<\/strong> pagar\u00e1 R$ 5,2 milh\u00f5es.<\/p>\n<p>A promessa das companhias era de um desconto para os clientes que comprassem os lanches usando o aplicativo do Mercado Pago e pagassem usando um QR code que seria gerado no pr\u00f3prio app.<\/p>\n<p><a href=\"https:\/\/lp.suno.com.br\/suno-one\/\">Suno One: acesse gratuitamente eBooks, Minicursos, Artigos e Video Aulas sobre investimentos com um \u00fanico cadastro. Clique para saber mais!<\/a><\/p>\n<p>Contudo, a plataforma da empresa de pagamentos ficou indispon\u00edvel em v\u00e1rias unidades das redes de fast food, e isso acabou impedindo que diversos clientes participassem da promo\u00e7\u00e3o.<\/p>\n<p><iframe loading=\"lazy\" src=\"https:\/\/www.youtube.com\/embed\/0HqM6h_wtJU\" width=\"560\" height=\"315\" frameborder=\"0\" allowfullscreen=\"allowfullscreen\"><\/iframe><br \/>\nAdemais, o Procon afirmou que o aplicativo do McDonald&#8217;s tamb\u00e9m apresentou instabilidade. O app era necess\u00e1rio para que os consumidores obtivessem descontos nos lanches da companhia.<\/p>\n<p>Entretanto, o Mercado Pago afirmou, em nota, que apresentar\u00e1 defesa junto ao Procon, &#8220;para demonstrar que n\u00e3o houve infra\u00e7\u00e3o \u00e0s normas de defesa do consumidor&#8221;, e completou dizendo que &#8220;aproximadamente 85% das transa\u00e7\u00f5es foram conclu\u00eddas e aprovadas durante a Black Friday e o per\u00edodo promocional&#8221;.<\/p>\n<p>J\u00e1 o Burger King salientou que &#8220;est\u00e1 analisando o conte\u00fado recebido para tomar as medidas cab\u00edveis&#8221;, em rela\u00e7\u00e3o a notifica\u00e7\u00e3o do Procon.<\/p>\n<h2><strong>McDonald&#8217;s<\/strong> recebeu com surpresa a autua\u00e7\u00e3o<\/h2>\n<p>Por sua vez, a Arcos Dourados, operadora do <strong>McDonald&#8217;s<\/strong> destacou que &#8220;recebeu com surpresa a autua\u00e7\u00e3o do Procon-SP&#8221; e completou dizendo que tomar\u00e1 todas as medidas necess\u00e1rias para questionar a multa.<\/p>\n<p><a href=\"https:\/\/www.suno.com.br\/noticias\/mcdonalds-faz-acordo-com-mercado-pago-para-pagamento-com-qr-code\/\">Saiba mais: McDonald&#8217;s faz acordo com Mercado Pago para pagamento com QR Code<\/a><\/p>\n<p>Al\u00e9m disso, o <strong>McDonald&#8217;s<\/strong> destacou que &#8220;na ocasi\u00e3o, a rede atuou prontamente para mitigar os impactos negativos na experi\u00eancia do consumidor e os problemas pontuais relatados pelos clientes foram devidamente tratados, assegurando os benef\u00edcios anunciados&#8221;.<\/p>\n\n","protected":false},"excerpt":{"rendered":"<p>O Procon-SP informou nessa sexta-feira (3) que multou a companhia Mercado Pago e tamb\u00e9m as redes de fast food McDonald&#8217;s e Burger King em R$ 25 milh\u00f5es, visto que n\u00e3o cumpriram uma promessa de desconto feita aos consumidores em novembro de 2019, na Black Friday. McDonald&#039;s, Burger King e Mercado Pago s\u00e3o multados pelo Procon-SP [&hellip;]<\/p>\n","protected":false},"author":39,"featured_media":69747,"comment_status":"closed","ping_status":"closed","sticky":false,"template":"","format":"standard","meta":[],"categories":[64],"tags":[383,985,1873,1280],"suno_strategy":[],"class_list":["post-71749","post","type-post","status-publish","format-standard","has-post-thumbnail","hentry","category-negocios","tag-burger-king-brasil-bkbr3","tag-mcdonalds-mcdc34","tag-mercado-pago","tag-procon"],"yoast_head":"<!-- This site is optimized with the Yoast SEO plugin v24.4 - https:\/\/yoast.com\/wordpress\/plugins\/seo\/ -->\n<title>McDonald&#039;s, Burger King e Mercado Pago s\u00e3o multados pelo Procon-SP<\/title>\n<meta name=\"description\" content=\"O Procon-SP informou nessa sexta-feira que multou o Mercado Pago, McDonald&#039;s e Burger King em R$ 25 milh\u00f5es. Clique aqui para saber mais.\" \/>\n<meta name=\"robots\" content=\"index, follow, max-snippet:-1, max-image-preview:large, max-video-preview:-1\" \/>\n<link rel=\"canonical\" href=\"https:\/\/www.suno.com.br\/noticias\/mcdonalds-burger-king-mercado-pago-multados-procon-sp\/\" \/>\n<meta property=\"og:locale\" content=\"pt_BR\" \/>\n<meta property=\"og:type\" content=\"article\" \/>\n<meta property=\"og:title\" content=\"McDonald&#039;s, Burger King e Mercado Pago s\u00e3o multados pelo Procon-SP\" \/>\n<meta property=\"og:description\" content=\"O Procon-SP informou nessa sexta-feira que multou o Mercado Pago, McDonald&#039;s e Burger King em R$ 25 milh\u00f5es. Clique aqui para saber mais.\" \/>\n<meta property=\"og:url\" content=\"https:\/\/www.suno.com.br\/noticias\/mcdonalds-burger-king-mercado-pago-multados-procon-sp\/\" \/>\n<meta property=\"og:site_name\" content=\"Suno Not\u00edcias\" \/>\n<meta property=\"article:publisher\" content=\"https:\/\/facebook.com\/sunoresearch\" \/>\n<meta property=\"og:image\" content=\"https:\/\/files.sunoresearch.com.br\/n\/uploads\/2020\/06\/ac51e161-mcdonalds.jpg\" \/>\n\t<meta property=\"og:image:width\" content=\"640\" \/>\n\t<meta property=\"og:image:height\" content=\"480\" \/>\n\t<meta property=\"og:image:type\" content=\"image\/jpeg\" \/>\n<meta name=\"author\" content=\"Laura Moutinho\" \/>\n<meta name=\"twitter:card\" content=\"summary_large_image\" \/>\n<meta name=\"twitter:creator\" content=\"@sunoresearch\" \/>\n<meta name=\"twitter:site\" content=\"@sunoresearch\" \/>\n<meta name=\"twitter:label1\" content=\"Escrito por\" \/>\n\t<meta name=\"twitter:data1\" content=\"Laura Moutinho\" \/>\n\t<meta name=\"twitter:label2\" content=\"Est. tempo de leitura\" \/>\n\t<meta name=\"twitter:data2\" content=\"2 minutos\" \/>\n<script type=\"application\/ld+json\" class=\"yoast-schema-graph\">{\"@context\":\"https:\/\/schema.org\",\"@graph\":[{\"@type\":\"NewsArticle\",\"@id\":\"https:\/\/www.suno.com.br\/noticias\/mcdonalds-burger-king-mercado-pago-multados-procon-sp\/#article\",\"isPartOf\":{\"@id\":\"https:\/\/www.suno.com.br\/noticias\/mcdonalds-burger-king-mercado-pago-multados-procon-sp\/\"},\"author\":{\"name\":\"Laura Moutinho\",\"@id\":\"https:\/\/www.suno.com.br\/noticias\/#\/schema\/person\/3df0d2808748b74496efe5dbeaef2c72\"},\"headline\":\"McDonald&#8217;s, Burger King e Mercado Pago s\u00e3o multados pelo Procon-SP\",\"datePublished\":\"2020-07-03T21:12:29+00:00\",\"dateModified\":\"2021-02-17T23:01:05+00:00\",\"mainEntityOfPage\":{\"@id\":\"https:\/\/www.suno.com.br\/noticias\/mcdonalds-burger-king-mercado-pago-multados-procon-sp\/\"},\"wordCount\":383,\"publisher\":{\"@id\":\"https:\/\/www.suno.com.br\/noticias\/#organization\"},\"image\":{\"@id\":\"https:\/\/www.suno.com.br\/noticias\/mcdonalds-burger-king-mercado-pago-multados-procon-sp\/#primaryimage\"},\"thumbnailUrl\":\"https:\/\/files.sunoresearch.com.br\/n\/uploads\/2020\/06\/ac51e161-mcdonalds-jpg.webp\",\"keywords\":[\"Burger King Brasil (BKBR3)\",\"McDonald's (MCDC34)\",\"Mercado Pago\",\"Procon\"],\"articleSection\":[\"Neg\u00f3cios\"],\"inLanguage\":\"pt-BR\"},{\"@type\":\"WebPage\",\"@id\":\"https:\/\/www.suno.com.br\/noticias\/mcdonalds-burger-king-mercado-pago-multados-procon-sp\/\",\"url\":\"https:\/\/www.suno.com.br\/noticias\/mcdonalds-burger-king-mercado-pago-multados-procon-sp\/\",\"name\":\"McDonald's, Burger King e Mercado Pago s\u00e3o multados pelo Procon-SP\",\"isPartOf\":{\"@id\":\"https:\/\/www.suno.com.br\/noticias\/#website\"},\"primaryImageOfPage\":{\"@id\":\"https:\/\/www.suno.com.br\/noticias\/mcdonalds-burger-king-mercado-pago-multados-procon-sp\/#primaryimage\"},\"image\":{\"@id\":\"https:\/\/www.suno.com.br\/noticias\/mcdonalds-burger-king-mercado-pago-multados-procon-sp\/#primaryimage\"},\"thumbnailUrl\":\"https:\/\/files.sunoresearch.com.br\/n\/uploads\/2020\/06\/ac51e161-mcdonalds-jpg.webp\",\"datePublished\":\"2020-07-03T21:12:29+00:00\",\"dateModified\":\"2021-02-17T23:01:05+00:00\",\"description\":\"O Procon-SP informou nessa sexta-feira que multou o Mercado Pago, McDonald's e Burger King em R$ 25 milh\u00f5es. Clique aqui para saber mais.\",\"breadcrumb\":{\"@id\":\"https:\/\/www.suno.com.br\/noticias\/mcdonalds-burger-king-mercado-pago-multados-procon-sp\/#breadcrumb\"},\"inLanguage\":\"pt-BR\",\"potentialAction\":[{\"@type\":\"ReadAction\",\"target\":[\"https:\/\/www.suno.com.br\/noticias\/mcdonalds-burger-king-mercado-pago-multados-procon-sp\/\"]}]},{\"@type\":\"ImageObject\",\"inLanguage\":\"pt-BR\",\"@id\":\"https:\/\/www.suno.com.br\/noticias\/mcdonalds-burger-king-mercado-pago-multados-procon-sp\/#primaryimage\",\"url\":\"https:\/\/files.sunoresearch.com.br\/n\/uploads\/2020\/06\/ac51e161-mcdonalds-jpg.webp\",\"contentUrl\":\"https:\/\/files.sunoresearch.com.br\/n\/uploads\/2020\/06\/ac51e161-mcdonalds-jpg.webp\",\"width\":640,\"height\":480,\"caption\":\"McDonald's, Burger King e Mercado Pago s\u00e3o multados pelo Procon-SP\"},{\"@type\":\"BreadcrumbList\",\"@id\":\"https:\/\/www.suno.com.br\/noticias\/mcdonalds-burger-king-mercado-pago-multados-procon-sp\/#breadcrumb\",\"itemListElement\":[{\"@type\":\"ListItem\",\"position\":1,\"name\":\"Not\u00edcias\",\"item\":\"https:\/\/www.suno.com.br\/noticias\/\"},{\"@type\":\"ListItem\",\"position\":2,\"name\":\"Neg\u00f3cios\",\"item\":\"https:\/\/www.suno.com.br\/noticias\/negocios\/\"},{\"@type\":\"ListItem\",\"position\":3,\"name\":\"McDonald&#8217;s, Burger King e Mercado Pago s\u00e3o multados pelo Procon-SP\"}]},{\"@type\":\"WebSite\",\"@id\":\"https:\/\/www.suno.com.br\/noticias\/#website\",\"url\":\"https:\/\/www.suno.com.br\/noticias\/\",\"name\":\"Suno Not\u00edcias\",\"description\":\"Seu portal de informa\u00e7\u00e3o sobre o mundo dos investimentos\",\"publisher\":{\"@id\":\"https:\/\/www.suno.com.br\/noticias\/#organization\"},\"potentialAction\":[{\"@type\":\"SearchAction\",\"target\":{\"@type\":\"EntryPoint\",\"urlTemplate\":\"https:\/\/www.suno.com.br\/noticias\/?s={search_term_string}\"},\"query-input\":{\"@type\":\"PropertyValueSpecification\",\"valueRequired\":true,\"valueName\":\"search_term_string\"}}],\"inLanguage\":\"pt-BR\"},{\"@type\":\"Organization\",\"@id\":\"https:\/\/www.suno.com.br\/noticias\/#organization\",\"name\":\"Suno Not\u00edcias\",\"url\":\"https:\/\/www.suno.com.br\/noticias\/\",\"logo\":{\"@type\":\"ImageObject\",\"inLanguage\":\"pt-BR\",\"@id\":\"https:\/\/www.suno.com.br\/noticias\/#\/schema\/logo\/image\/\",\"url\":\"https:\/\/files.sunoresearch.com.br\/n\/uploads\/2021\/09\/suno-logo.png\",\"contentUrl\":\"https:\/\/files.sunoresearch.com.br\/n\/uploads\/2021\/09\/suno-logo.png\",\"width\":180,\"height\":180,\"caption\":\"Suno Not\u00edcias\"},\"image\":{\"@id\":\"https:\/\/www.suno.com.br\/noticias\/#\/schema\/logo\/image\/\"},\"sameAs\":[\"https:\/\/facebook.com\/sunoresearch\",\"https:\/\/x.com\/sunoresearch\",\"https:\/\/www.instagram.com\/suno\",\"https:\/\/www.linkedin.com\/company\/suno-research\/\",\"https:\/\/www.youtube.com\/c\/sunoresearch\"]},{\"@type\":\"Person\",\"@id\":\"https:\/\/www.suno.com.br\/noticias\/#\/schema\/person\/3df0d2808748b74496efe5dbeaef2c72\",\"name\":\"Laura Moutinho\",\"image\":{\"@type\":\"ImageObject\",\"inLanguage\":\"pt-BR\",\"@id\":\"https:\/\/www.suno.com.br\/noticias\/#\/schema\/person\/image\/\",\"url\":\"https:\/\/secure.gravatar.com\/avatar\/7571c7c8ca3a6fca5e41384ece5557ff?s=96&r=g\",\"contentUrl\":\"https:\/\/secure.gravatar.com\/avatar\/7571c7c8ca3a6fca5e41384ece5557ff?s=96&r=g\",\"caption\":\"Laura Moutinho\"},\"description\":\"Estagi\u00e1ria na Suno Not\u00edcias, escreve not\u00edcias que afetam o mercado financeiro. Estuda administra\u00e7\u00e3o na Universidade Presbiteriana Mackenzie.\",\"url\":\"https:\/\/www.suno.com.br\/noticias\/author\/laura-moutinho\/\"}]}<\/script>\n<!-- \/ Yoast SEO plugin. -->","yoast_head_json":{"title":"McDonald's, Burger King e Mercado Pago s\u00e3o multados pelo Procon-SP","description":"O Procon-SP informou nessa sexta-feira que multou o Mercado Pago, McDonald's e Burger King em R$ 25 milh\u00f5es. Clique aqui para saber mais.","robots":{"index":"index","follow":"follow","max-snippet":"max-snippet:-1","max-image-preview":"max-image-preview:large","max-video-preview":"max-video-preview:-1"},"canonical":"https:\/\/www.suno.com.br\/noticias\/mcdonalds-burger-king-mercado-pago-multados-procon-sp\/","og_locale":"pt_BR","og_type":"article","og_title":"McDonald's, Burger King e Mercado Pago s\u00e3o multados pelo Procon-SP","og_description":"O Procon-SP informou nessa sexta-feira que multou o Mercado Pago, McDonald's e Burger King em R$ 25 milh\u00f5es. Clique aqui para saber mais.","og_url":"https:\/\/www.suno.com.br\/noticias\/mcdonalds-burger-king-mercado-pago-multados-procon-sp\/","og_site_name":"Suno Not\u00edcias","article_publisher":"https:\/\/facebook.com\/sunoresearch","og_image":[{"width":640,"height":480,"url":"https:\/\/files.sunoresearch.com.br\/n\/uploads\/2020\/06\/ac51e161-mcdonalds.jpg","type":"image\/jpeg"}],"author":"Laura Moutinho","twitter_card":"summary_large_image","twitter_creator":"@sunoresearch","twitter_site":"@sunoresearch","twitter_misc":{"Escrito por":"Laura Moutinho","Est. tempo de leitura":"2 minutos"},"schema":{"@context":"https:\/\/schema.org","@graph":[{"@type":"NewsArticle","@id":"https:\/\/www.suno.com.br\/noticias\/mcdonalds-burger-king-mercado-pago-multados-procon-sp\/#article","isPartOf":{"@id":"https:\/\/www.suno.com.br\/noticias\/mcdonalds-burger-king-mercado-pago-multados-procon-sp\/"},"author":{"name":"Laura Moutinho","@id":"https:\/\/www.suno.com.br\/noticias\/#\/schema\/person\/3df0d2808748b74496efe5dbeaef2c72"},"headline":"McDonald&#8217;s, Burger King e Mercado Pago s\u00e3o multados pelo Procon-SP","datePublished":"2020-07-03T21:12:29+00:00","dateModified":"2021-02-17T23:01:05+00:00","mainEntityOfPage":{"@id":"https:\/\/www.suno.com.br\/noticias\/mcdonalds-burger-king-mercado-pago-multados-procon-sp\/"},"wordCount":383,"publisher":{"@id":"https:\/\/www.suno.com.br\/noticias\/#organization"},"image":{"@id":"https:\/\/www.suno.com.br\/noticias\/mcdonalds-burger-king-mercado-pago-multados-procon-sp\/#primaryimage"},"thumbnailUrl":"https:\/\/files.sunoresearch.com.br\/n\/uploads\/2020\/06\/ac51e161-mcdonalds-jpg.webp","keywords":["Burger King Brasil (BKBR3)","McDonald's (MCDC34)","Mercado Pago","Procon"],"articleSection":["Neg\u00f3cios"],"inLanguage":"pt-BR"},{"@type":"WebPage","@id":"https:\/\/www.suno.com.br\/noticias\/mcdonalds-burger-king-mercado-pago-multados-procon-sp\/","url":"https:\/\/www.suno.com.br\/noticias\/mcdonalds-burger-king-mercado-pago-multados-procon-sp\/","name":"McDonald's, Burger King e Mercado Pago s\u00e3o multados pelo Procon-SP","isPartOf":{"@id":"https:\/\/www.suno.com.br\/noticias\/#website"},"primaryImageOfPage":{"@id":"https:\/\/www.suno.com.br\/noticias\/mcdonalds-burger-king-mercado-pago-multados-procon-sp\/#primaryimage"},"image":{"@id":"https:\/\/www.suno.com.br\/noticias\/mcdonalds-burger-king-mercado-pago-multados-procon-sp\/#primaryimage"},"thumbnailUrl":"https:\/\/files.sunoresearch.com.br\/n\/uploads\/2020\/06\/ac51e161-mcdonalds-jpg.webp","datePublished":"2020-07-03T21:12:29+00:00","dateModified":"2021-02-17T23:01:05+00:00","description":"O Procon-SP informou nessa sexta-feira que multou o Mercado Pago, McDonald's e Burger King em R$ 25 milh\u00f5es. Clique aqui para saber mais.","breadcrumb":{"@id":"https:\/\/www.suno.com.br\/noticias\/mcdonalds-burger-king-mercado-pago-multados-procon-sp\/#breadcrumb"},"inLanguage":"pt-BR","potentialAction":[{"@type":"ReadAction","target":["https:\/\/www.suno.com.br\/noticias\/mcdonalds-burger-king-mercado-pago-multados-procon-sp\/"]}]},{"@type":"ImageObject","inLanguage":"pt-BR","@id":"https:\/\/www.suno.com.br\/noticias\/mcdonalds-burger-king-mercado-pago-multados-procon-sp\/#primaryimage","url":"https:\/\/files.sunoresearch.com.br\/n\/uploads\/2020\/06\/ac51e161-mcdonalds-jpg.webp","contentUrl":"https:\/\/files.sunoresearch.com.br\/n\/uploads\/2020\/06\/ac51e161-mcdonalds-jpg.webp","width":640,"height":480,"caption":"McDonald's, Burger King e Mercado Pago s\u00e3o multados pelo Procon-SP"},{"@type":"BreadcrumbList","@id":"https:\/\/www.suno.com.br\/noticias\/mcdonalds-burger-king-mercado-pago-multados-procon-sp\/#breadcrumb","itemListElement":[{"@type":"ListItem","position":1,"name":"Not\u00edcias","item":"https:\/\/www.suno.com.br\/noticias\/"},{"@type":"ListItem","position":2,"name":"Neg\u00f3cios","item":"https:\/\/www.suno.com.br\/noticias\/negocios\/"},{"@type":"ListItem","position":3,"name":"McDonald&#8217;s, Burger King e Mercado Pago s\u00e3o multados pelo Procon-SP"}]},{"@type":"WebSite","@id":"https:\/\/www.suno.com.br\/noticias\/#website","url":"https:\/\/www.suno.com.br\/noticias\/","name":"Suno Not\u00edcias","description":"Seu portal de informa\u00e7\u00e3o sobre o mundo dos investimentos","publisher":{"@id":"https:\/\/www.suno.com.br\/noticias\/#organization"},"potentialAction":[{"@type":"SearchAction","target":{"@type":"EntryPoint","urlTemplate":"https:\/\/www.suno.com.br\/noticias\/?s={search_term_string}"},"query-input":{"@type":"PropertyValueSpecification","valueRequired":true,"valueName":"search_term_string"}}],"inLanguage":"pt-BR"},{"@type":"Organization","@id":"https:\/\/www.suno.com.br\/noticias\/#organization","name":"Suno Not\u00edcias","url":"https:\/\/www.suno.com.br\/noticias\/","logo":{"@type":"ImageObject","inLanguage":"pt-BR","@id":"https:\/\/www.suno.com.br\/noticias\/#\/schema\/logo\/image\/","url":"https:\/\/files.sunoresearch.com.br\/n\/uploads\/2021\/09\/suno-logo.png","contentUrl":"https:\/\/files.sunoresearch.com.br\/n\/uploads\/2021\/09\/suno-logo.png","width":180,"height":180,"caption":"Suno Not\u00edcias"},"image":{"@id":"https:\/\/www.suno.com.br\/noticias\/#\/schema\/logo\/image\/"},"sameAs":["https:\/\/facebook.com\/sunoresearch","https:\/\/x.com\/sunoresearch","https:\/\/www.instagram.com\/suno","https:\/\/www.linkedin.com\/company\/suno-research\/","https:\/\/www.youtube.com\/c\/sunoresearch"]},{"@type":"Person","@id":"https:\/\/www.suno.com.br\/noticias\/#\/schema\/person\/3df0d2808748b74496efe5dbeaef2c72","name":"Laura Moutinho","image":{"@type":"ImageObject","inLanguage":"pt-BR","@id":"https:\/\/www.suno.com.br\/noticias\/#\/schema\/person\/image\/","url":"https:\/\/secure.gravatar.com\/avatar\/7571c7c8ca3a6fca5e41384ece5557ff?s=96&r=g","contentUrl":"https:\/\/secure.gravatar.com\/avatar\/7571c7c8ca3a6fca5e41384ece5557ff?s=96&r=g","caption":"Laura Moutinho"},"description":"Estagi\u00e1ria na Suno Not\u00edcias, escreve not\u00edcias que afetam o mercado financeiro. Estuda administra\u00e7\u00e3o na Universidade Presbiteriana Mackenzie.","url":"https:\/\/www.suno.com.br\/noticias\/author\/laura-moutinho\/"}]}},"default_loop_html":"<div class=\"cardsPage__listCard__boxs\"><div class=\"cardsPage__listCard__boxs__img\"><a href=\"https:\/\/www.suno.com.br\/noticias\/mcdonalds-burger-king-mercado-pago-multados-procon-sp\/\"><img class=\"mask\" src=\"https:\/\/www.suno.com.br\/noticias\/wp-content\/themes\/suno\/resources\/images\/spotlight\/spotlight1img\/bg-mask.png\" alt=\"Image Mask\"\/><img src=\"https:\/\/files.sunoresearch.com.br\/n\/uploads\/2020\/06\/ac51e161-mcdonalds-400x200.webp\" alt=\"McDonald&#8217;s, Burger King e Mercado Pago s\u00e3o multados pelo Procon-SP\"\/><\/a><span class=\"spotlightCategory\"><a href=\"https:\/\/www.suno.com.br\/noticias\/negocios\/\">Neg\u00f3cios<\/a><\/span><\/div><div class=\"cardsPage__listCard__boxs__content\"><a href=\"https:\/\/www.suno.com.br\/noticias\/mcdonalds-burger-king-mercado-pago-multados-procon-sp\/\"><h2 class=\"content__title\">McDonald&#8217;s, Burger King e Mercado Pago s\u00e3o multados pelo Procon-SP<\/h2><\/a><div class=\"newsContent__article__meta\"><div class=\"newsContent__article__meta__authorBox\"><a href=\"https:\/\/www.suno.com.br\/noticias\/author\/laura-moutinho\/\" class=\"authorBox__avatar noMobi\"><img src=\"https:\/\/files.sunoresearch.com.br\/n\/uploads\/2020\/08\/531ff69d-whatsapp-image-2020-08-03-at-14.54.38-150x150.webp\" alt=\"Laura Moutinho\"><\/a><div class=\"authorBox__name\"><span>por\n\t\t\t<a href=\"https:\/\/www.suno.com.br\/noticias\/author\/laura-moutinho\/\"><span itemprop=\"author\">Laura Moutinho<\/span><\/a><\/span><time datetime=\"2020-07-03T18:12:29-03:00\" itemprop=\"datePublished\">03\/07\/2020 18:12<\/time><\/div><\/div><\/div><\/div><\/div>","single_layout":"posts","amp_enabled":true,"_links":{"self":[{"href":"https:\/\/www.suno.com.br\/noticias\/wp-json\/wp\/v2\/posts\/71749"}],"collection":[{"href":"https:\/\/www.suno.com.br\/noticias\/wp-json\/wp\/v2\/posts"}],"about":[{"href":"https:\/\/www.suno.com.br\/noticias\/wp-json\/wp\/v2\/types\/post"}],"author":[{"embeddable":true,"href":"https:\/\/www.suno.com.br\/noticias\/wp-json\/wp\/v2\/users\/39"}],"replies":[{"embeddable":true,"href":"https:\/\/www.suno.com.br\/noticias\/wp-json\/wp\/v2\/comments?post=71749"}],"version-history":[{"count":0,"href":"https:\/\/www.suno.com.br\/noticias\/wp-json\/wp\/v2\/posts\/71749\/revisions"}],"wp:featuredmedia":[{"embeddable":true,"href":"https:\/\/www.suno.com.br\/noticias\/wp-json\/wp\/v2\/media\/69747"}],"wp:attachment":[{"href":"https:\/\/www.suno.com.br\/noticias\/wp-json\/wp\/v2\/media?parent=71749"}],"wp:term":[{"taxonomy":"category","embeddable":true,"href":"https:\/\/www.suno.com.br\/noticias\/wp-json\/wp\/v2\/categories?post=71749"},{"taxonomy":"post_tag","embeddable":true,"href":"https:\/\/www.suno.com.br\/noticias\/wp-json\/wp\/v2\/tags?post=71749"},{"taxonomy":"suno_strategy","embeddable":true,"href":"https:\/\/www.suno.com.br\/noticias\/wp-json\/wp\/v2\/suno_strategy?post=71749"}],"curies":[{"name":"wp","href":"https:\/\/api.w.org\/{rel}","templated":true}]}}