{"id":71670,"date":"2020-07-05T10:23:03","date_gmt":"2020-07-05T13:23:03","guid":{"rendered":"https:\/\/www.suno.com.br\/noticias\/?p=71670"},"modified":"2021-02-17T22:30:01","modified_gmt":"2021-02-18T01:30:01","slug":"gpa-diretor-e-commerce-afirma-2-tri-gigante","status":"publish","type":"post","link":"https:\/\/www.suno.com.br\/noticias\/gpa-diretor-e-commerce-afirma-2-tri-gigante\/","title":{"rendered":"GPA: 2\u00ba tri &#8220;foi gigante&#8221;, diz diretor de e-commerce"},"content":{"rendered":"<p>Com a chegada da pandemia de <a href=\"https:\/\/www.suno.com.br\/noticias\/tags\/covid-19\/\">coronav\u00edrus (Covid-19)<\/a> no Brasil, a partir de mar\u00e7o, muitas medidas preventivas foram anunciadas pelo Governo Federal. Entre elas, o distanciamento social, por meio de um per\u00edodo de quarentena, fez com que muitas pessoas optassem por fazer compras atrav\u00e9s do com\u00e9rcio eletr\u00f4nico. Com isso, \u00e9 natural que companhias que investem no setor h\u00e1 um longo tempo se sobressaiam. Este \u00e9 o caso do <a href=\"https:\/\/www.suno.com.br\/acoes\/pcar3\/\"><strong>GPA <\/strong>(PCAR3)<\/a>, controlador do Extra e do P\u00e3o de A\u00e7\u00facar. Segundo o diretor de e-commerce do grupo, Rodrigo Pimentel, o segundo trimestre da empresa &#8220;foi gigante&#8221;. A fala foi dita em entrevista ao <em>SUNO Not\u00edcias<\/em>.<\/p>\t<div class=\"wrapper-featured-image\">\n\t\t<figure class=\"spotlightImg\">\n\n\t\t\t<picture>\n\t\t\t\t<source media=\"(max-width: 768px)\" srcset=\"https:\/\/files.sunoresearch.com.br\/n\/uploads\/2020\/07\/6a2d8230-ydray-gpa_115-400x200.webp\">\n\t\t\t\t<img loading=\"lazy\" decoding=\"async\" class=\"newsContent__article__imgCapa lazyloadDisabled newsContent__article__imgCapa--noCaption\" src=\"https:\/\/files.sunoresearch.com.br\/n\/uploads\/2020\/07\/6a2d8230-ydray-gpa_115-800x450.webp\" width=\"800\" height=\"450\" alt=\"GPA: 2\u00ba tri &#8220;foi gigante&#8221;, diz diretor de e-commerce\" fetchpriority=high \/>\n\t\t\t<\/picture>\n\n\t\t\t<figcaption class=\"wp-caption-text wp-caption-text--hide\">GPA (divulga\u00e7\u00e3o)<\/figcaption>\n\t\t<\/figure>\n\t<\/div>\n\n\n\n<p>&#8220;Estamos para publicar os n\u00fameros do 2T20, mas posso te adiantar o seguinte: as vendas de abril foram maiores do que as de mar\u00e7o, as de maio maiores que as de abril e junho maior que maio. Ou seja, o nosso T2 (2\u00batrimestre) foi gigante, gigante. E julho, mesmo com s\u00f3 dois dias contabilizados, est\u00e1 seguindo a mesma tend\u00eancia&#8221;, afirmou Pimentel.<\/p>\n<p>No primeiro trimestre de 2020, o GPA j\u00e1 tinha registrado um aumento consider\u00e1vel nas vendas pelo e-commerce. Entre janeiro e mar\u00e7o, o crescimento foi de 82%, em rela\u00e7\u00e3o ao mesmo per\u00edodo de 2019. Para o segundo trimestre, a expectativa \u00e9 ainda maior.<\/p>\n<p><a href=\"https:\/\/lp.suno.com.br\/suno-one\/\">Suno One: acesse gratuitamente eBooks, Minicursos, Artigos e Video Aulas sobre investimentos com um \u00fanico cadastro. Clique para saber mais!<\/a><\/p>\n<p>Perguntado sobre o &#8220;p\u00f3s-pandemia&#8221;, quando as pessoas voltarem as suas rotinas &#8216;normais&#8217; (a parcela que ainda n\u00e3o est\u00e1 nessa), Pimentel afirmou que esta tend\u00eancia de utiliza\u00e7\u00e3o do com\u00e9rcio eletr\u00f4nico deve permanecer por um bom tempo. &#8220;Quando voc\u00ea pega um crescimento de 40% em dois anos seguidos, voc\u00ea v\u00ea que tem uma tend\u00eancia do crescimento desse canal, e a\u00ed investe. Se o cliente optar por canais digitais, estaremos prontos. Se optarem pela loja, tamb\u00e9m estaremos prontos. Eu, Pimentel, que vejo as vendas de hora em hora, acredito que esse advento de vendas online n\u00e3o vai passar. Os consumidores, na minha opini\u00e3o, descobriram o supermercado online. Como tem muita gente usando, est\u00e1 tendo um &#8216;boca a boca&#8217; gigante do mercado online. Na nossa vis\u00e3o, \u00e9 um comportamento que veio pra ficar e eu diria crescente&#8221;, disse o executivo do GPA.<\/p>\n<figure id=\"attachment_71733\" aria-describedby=\"caption-attachment-71733\" style=\"width: 893px\" class=\"wp-caption alignnone\"><img loading=\"lazy\" decoding=\"async\" class=\"wp-image-71733 size-large\" src=\"https:\/\/storage.googleapis.com\/wp-noticias\/2020\/07\/7a9858b7-rodrigo-pimentel-e1593804621697-893x1024.jpg\" alt=\"GPA - Rodrigo Pimentel\" width=\"893\" height=\"1024\" \/><figcaption id=\"caption-attachment-71733\" class=\"wp-caption-text\">Rodrigo Pimentel &#8211; Diretor de e-commerce do GPA. (Foto: divulga\u00e7\u00e3o)<\/figcaption><\/figure>\n<h2>Planejamento durante a pandemia<\/h2>\n<p>O diretor de ecommerce explicou ao Suno Not\u00edcias como aconteceu o planejamento durante o in\u00edcio da pandemia para lidar com o aumento da demanda no e-commerce e destacou que tudo aconteceu rapidamente porque j\u00e1 estava nos planos do grupo. Dessa forma, o que mudou, segundo ele, foi apenas o prazo para entregar as novidades.<\/p>\n<p>&#8220;Todo final de ano a gente come\u00e7a a discutir o que ser\u00e1 feito nos pr\u00f3ximos dois anos. No final de 2019, decidimos que ter\u00edamos um investimento ainda maior no e-commerce para 2020 porque os \u00faltimos dois anos deram sinais de crescimento. Ent\u00e3o colocamos no <a style=\"font-size: 1.21429rem;\" href=\"https:\/\/www.suno.com.br\/artigos\/capex\/\">capex<\/a><span style=\"font-size: 1.21429rem;\"> aumentar a capacidade operacional e tamb\u00e9m melhorar nossa plataforma de tecnologia. Em mar\u00e7o, aconteceu a pandemia. A partir do dia 15 de mar\u00e7o, houve uma procura por ecommerce gigante e muito r\u00e1pida. Precis\u00e1vamos agir r\u00e1pido e ent\u00e3o come\u00e7amos a fazer o que estava planejado para ser feito nos pr\u00f3ximos dois anos&#8221;, disse o executivo.<\/span><\/p>\n<p>A quantidade de lojas Extra e P\u00e3o de A\u00e7\u00facar adaptadas para opera\u00e7\u00f5es de entrega &#8220;express&#8221; no delivery saltou de 125 para 228, em um m\u00eas, um aumento de 82% e o equivalente a dois anos de planejamento. &#8220;Contratamos mais de 1000 pessoas adicionais para essas opera\u00e7\u00f5es. Para voc\u00ea ter uma ideia de como a coisa foi r\u00e1pida, n\u00f3s rod\u00e1vamos com cerca de 200\/250 ve\u00edculos, e agora estamos com mais de 1000 por dia&#8221;, acrescentou Pimentel.<\/p>\n<p>H\u00e1 cinco anos na lideran\u00e7a do ecommerce do GPA, Pimentel afirmou que a empresa busca sempre inova\u00e7\u00e3o dentro de seu segmento de atua\u00e7\u00e3o. &#8220;A gente j\u00e1 faz isso [delivery] h\u00e1 muito tempo. Fazemos isso h\u00e1 20 anos. Somos uma empresa que sempre inovamos dentro da nossa ind\u00fastria, a de alimentos. Nos \u00faltimos dois anos, tivemos um crescimento consecutivo no e-commerce, de 40%, de 2018 para 2019 e de 2019 para 2020. Quando pegamos essa taxa de crescimento, isso significa que tem comportamento sendo confirmado. As pessoas est\u00e3o aderindo mais ao com\u00e9rcio online&#8221;, afirmou.<\/p>\n<p>Pimentel tamb\u00e9m afirmou que o GPA investiu valores relevantes para conseguir lidar com a nova demanda do e-commerce, mas que o valor &#8220;fez sentido porque tivemos um incremento de venda muito superior&#8221;. O executivo, no entanto, n\u00e3o revelou os valores. &#8220;Acredito que teremos um black friday como jamais visto e estaremos preparados para isso. Em alimentos, as lojas venderam muito e o ecommerce tamb\u00e9m. A soma, para o GPA [no ramo de alimentos], \u00e9 positiva no online e positiva no offline&#8221;, salientou Pimentel.<\/p>\n<h2>Aquisi\u00e7\u00f5es do GPA e concorr\u00eancia<\/h2>\n<p>O GPA anunciou recentemente a aquisi\u00e7\u00e3o da &#8220;ChefTime&#8221;, uma startup do ramo de alimentos. O diretor de e-commerce do grupo disse que a empresa sempre est\u00e1 atenta a novas oportunidades de mercado. &#8220;Este \u00e9 um mundo de parcerias. A James e a ChefTime s\u00e3o exemplo de startups que colocamos para dentro nos \u00faltimos anos. Estamos abertos a este tipo de discuss\u00e3o na companhia o tempo todo&#8221;, pontuou o executivo ap\u00f3s ser perguntado sobre potenciais novas aquisi\u00e7\u00f5es.<\/p>\n<p><a href=\"https:\/\/www.suno.com.br\/noticias\/cheftime-startup-dark-kitchens-gpa\/\">Saiba mais: ChefTime: Conhe\u00e7a a startup por tr\u00e1s das novas &#8216;dark kitchens&#8217; do GPA<\/a><\/p>\n<p>Por fim, Pimentel assegurou que o <strong>GPA<\/strong> est\u00e1 a frente de seus concorrentes no varejo alimentar. &#8220;Em se tratando de concorrentes do varejo alimentar, estamos muito a frente da concorr\u00eancia&#8221;, salientou.<\/p>\n\n","protected":false},"excerpt":{"rendered":"<p>Com a chegada da pandemia de coronav\u00edrus (Covid-19) no Brasil, a partir de mar\u00e7o, muitas medidas preventivas foram anunciadas pelo Governo Federal. Entre elas, o distanciamento social, por meio de um per\u00edodo de quarentena, fez com que muitas pessoas optassem por fazer compras atrav\u00e9s do com\u00e9rcio eletr\u00f4nico. Com isso, \u00e9 natural que companhias que investem [&hellip;]<\/p>\n","protected":false},"author":19,"featured_media":71714,"comment_status":"closed","ping_status":"closed","sticky":false,"template":"","format":"standard","meta":[],"categories":[64],"tags":[1964],"suno_strategy":[],"class_list":["post-71670","post","type-post","status-publish","format-standard","has-post-thumbnail","hentry","category-negocios","tag-grupo-pao-de-acucar-pcar3-pcar4"],"yoast_head":"<!-- This site is optimized with the Yoast SEO plugin v24.4 - https:\/\/yoast.com\/wordpress\/plugins\/seo\/ -->\n<title>GPA: Diretor de e-commerce afirma que 2\u00ba tri &quot;foi gigante&quot;<\/title>\n<meta name=\"description\" content=\"Em entrevista ao Suno Not\u00edcias, o diretor de e-commerce do GPA, Rodrigo Pimentel, afirmou que o 2\u00ba tri da empresa &quot;foi gigante&quot;. Saiba mais.\" \/>\n<meta name=\"robots\" content=\"index, follow, max-snippet:-1, max-image-preview:large, max-video-preview:-1\" \/>\n<link rel=\"canonical\" href=\"https:\/\/www.suno.com.br\/noticias\/gpa-diretor-e-commerce-afirma-2-tri-gigante\/\" \/>\n<meta property=\"og:locale\" content=\"pt_BR\" \/>\n<meta property=\"og:type\" content=\"article\" \/>\n<meta property=\"og:title\" content=\"GPA: Diretor de e-commerce afirma que 2\u00ba tri &quot;foi gigante&quot;\" \/>\n<meta property=\"og:description\" content=\"Em entrevista ao Suno Not\u00edcias, o diretor de e-commerce do GPA, Rodrigo Pimentel, afirmou que o 2\u00ba tri da empresa &quot;foi gigante&quot;. Saiba mais.\" \/>\n<meta property=\"og:url\" content=\"https:\/\/www.suno.com.br\/noticias\/gpa-diretor-e-commerce-afirma-2-tri-gigante\/\" \/>\n<meta property=\"og:site_name\" content=\"Suno Not\u00edcias\" \/>\n<meta property=\"article:publisher\" content=\"https:\/\/facebook.com\/sunoresearch\" \/>\n<meta property=\"og:image\" content=\"https:\/\/files.sunoresearch.com.br\/n\/uploads\/2020\/07\/6a2d8230-ydray-gpa_115.jpg\" \/>\n\t<meta property=\"og:image:width\" content=\"1200\" \/>\n\t<meta property=\"og:image:height\" content=\"800\" \/>\n\t<meta property=\"og:image:type\" content=\"image\/jpeg\" \/>\n<meta name=\"author\" content=\"Juliano Passaro\" \/>\n<meta name=\"twitter:card\" content=\"summary_large_image\" \/>\n<meta name=\"twitter:creator\" content=\"@sunoresearch\" \/>\n<meta name=\"twitter:site\" content=\"@sunoresearch\" \/>\n<meta name=\"twitter:label1\" content=\"Escrito por\" \/>\n\t<meta name=\"twitter:data1\" content=\"Juliano Passaro\" \/>\n\t<meta name=\"twitter:label2\" content=\"Est. tempo de leitura\" \/>\n\t<meta name=\"twitter:data2\" content=\"5 minutos\" \/>\n<script type=\"application\/ld+json\" class=\"yoast-schema-graph\">{\"@context\":\"https:\/\/schema.org\",\"@graph\":[{\"@type\":\"NewsArticle\",\"@id\":\"https:\/\/www.suno.com.br\/noticias\/gpa-diretor-e-commerce-afirma-2-tri-gigante\/#article\",\"isPartOf\":{\"@id\":\"https:\/\/www.suno.com.br\/noticias\/gpa-diretor-e-commerce-afirma-2-tri-gigante\/\"},\"author\":{\"name\":\"Juliano Passaro\",\"@id\":\"https:\/\/www.suno.com.br\/noticias\/#\/schema\/person\/1db762f78ffd8919a648a63e425953e3\"},\"headline\":\"GPA: 2\u00ba tri &#8220;foi gigante&#8221;, diz diretor de e-commerce\",\"datePublished\":\"2020-07-05T13:23:03+00:00\",\"dateModified\":\"2021-02-18T01:30:01+00:00\",\"mainEntityOfPage\":{\"@id\":\"https:\/\/www.suno.com.br\/noticias\/gpa-diretor-e-commerce-afirma-2-tri-gigante\/\"},\"wordCount\":977,\"publisher\":{\"@id\":\"https:\/\/www.suno.com.br\/noticias\/#organization\"},\"image\":{\"@id\":\"https:\/\/www.suno.com.br\/noticias\/gpa-diretor-e-commerce-afirma-2-tri-gigante\/#primaryimage\"},\"thumbnailUrl\":\"https:\/\/files.sunoresearch.com.br\/n\/uploads\/2020\/07\/6a2d8230-ydray-gpa_115-jpg.webp\",\"keywords\":[\"Grupo P\u00e3o de A\u00e7\u00facar (PCAR3\/PCAR4)\"],\"articleSection\":[\"Neg\u00f3cios\"],\"inLanguage\":\"pt-BR\"},{\"@type\":\"WebPage\",\"@id\":\"https:\/\/www.suno.com.br\/noticias\/gpa-diretor-e-commerce-afirma-2-tri-gigante\/\",\"url\":\"https:\/\/www.suno.com.br\/noticias\/gpa-diretor-e-commerce-afirma-2-tri-gigante\/\",\"name\":\"GPA: Diretor de e-commerce afirma que 2\u00ba tri \\\"foi gigante\\\"\",\"isPartOf\":{\"@id\":\"https:\/\/www.suno.com.br\/noticias\/#website\"},\"primaryImageOfPage\":{\"@id\":\"https:\/\/www.suno.com.br\/noticias\/gpa-diretor-e-commerce-afirma-2-tri-gigante\/#primaryimage\"},\"image\":{\"@id\":\"https:\/\/www.suno.com.br\/noticias\/gpa-diretor-e-commerce-afirma-2-tri-gigante\/#primaryimage\"},\"thumbnailUrl\":\"https:\/\/files.sunoresearch.com.br\/n\/uploads\/2020\/07\/6a2d8230-ydray-gpa_115-jpg.webp\",\"datePublished\":\"2020-07-05T13:23:03+00:00\",\"dateModified\":\"2021-02-18T01:30:01+00:00\",\"description\":\"Em entrevista ao Suno Not\u00edcias, o diretor de e-commerce do GPA, Rodrigo Pimentel, afirmou que o 2\u00ba tri da empresa \\\"foi gigante\\\". Saiba mais.\",\"breadcrumb\":{\"@id\":\"https:\/\/www.suno.com.br\/noticias\/gpa-diretor-e-commerce-afirma-2-tri-gigante\/#breadcrumb\"},\"inLanguage\":\"pt-BR\",\"potentialAction\":[{\"@type\":\"ReadAction\",\"target\":[\"https:\/\/www.suno.com.br\/noticias\/gpa-diretor-e-commerce-afirma-2-tri-gigante\/\"]}]},{\"@type\":\"ImageObject\",\"inLanguage\":\"pt-BR\",\"@id\":\"https:\/\/www.suno.com.br\/noticias\/gpa-diretor-e-commerce-afirma-2-tri-gigante\/#primaryimage\",\"url\":\"https:\/\/files.sunoresearch.com.br\/n\/uploads\/2020\/07\/6a2d8230-ydray-gpa_115-jpg.webp\",\"contentUrl\":\"https:\/\/files.sunoresearch.com.br\/n\/uploads\/2020\/07\/6a2d8230-ydray-gpa_115-jpg.webp\",\"width\":1200,\"height\":800,\"caption\":\"GPA (divulga\u00e7\u00e3o)\"},{\"@type\":\"BreadcrumbList\",\"@id\":\"https:\/\/www.suno.com.br\/noticias\/gpa-diretor-e-commerce-afirma-2-tri-gigante\/#breadcrumb\",\"itemListElement\":[{\"@type\":\"ListItem\",\"position\":1,\"name\":\"Not\u00edcias\",\"item\":\"https:\/\/www.suno.com.br\/noticias\/\"},{\"@type\":\"ListItem\",\"position\":2,\"name\":\"Neg\u00f3cios\",\"item\":\"https:\/\/www.suno.com.br\/noticias\/negocios\/\"},{\"@type\":\"ListItem\",\"position\":3,\"name\":\"GPA: 2\u00ba tri &#8220;foi gigante&#8221;, diz diretor de e-commerce\"}]},{\"@type\":\"WebSite\",\"@id\":\"https:\/\/www.suno.com.br\/noticias\/#website\",\"url\":\"https:\/\/www.suno.com.br\/noticias\/\",\"name\":\"Suno Not\u00edcias\",\"description\":\"Seu portal de informa\u00e7\u00e3o sobre o mundo dos investimentos\",\"publisher\":{\"@id\":\"https:\/\/www.suno.com.br\/noticias\/#organization\"},\"potentialAction\":[{\"@type\":\"SearchAction\",\"target\":{\"@type\":\"EntryPoint\",\"urlTemplate\":\"https:\/\/www.suno.com.br\/noticias\/?s={search_term_string}\"},\"query-input\":{\"@type\":\"PropertyValueSpecification\",\"valueRequired\":true,\"valueName\":\"search_term_string\"}}],\"inLanguage\":\"pt-BR\"},{\"@type\":\"Organization\",\"@id\":\"https:\/\/www.suno.com.br\/noticias\/#organization\",\"name\":\"Suno Not\u00edcias\",\"url\":\"https:\/\/www.suno.com.br\/noticias\/\",\"logo\":{\"@type\":\"ImageObject\",\"inLanguage\":\"pt-BR\",\"@id\":\"https:\/\/www.suno.com.br\/noticias\/#\/schema\/logo\/image\/\",\"url\":\"https:\/\/files.sunoresearch.com.br\/n\/uploads\/2021\/09\/suno-logo.png\",\"contentUrl\":\"https:\/\/files.sunoresearch.com.br\/n\/uploads\/2021\/09\/suno-logo.png\",\"width\":180,\"height\":180,\"caption\":\"Suno Not\u00edcias\"},\"image\":{\"@id\":\"https:\/\/www.suno.com.br\/noticias\/#\/schema\/logo\/image\/\"},\"sameAs\":[\"https:\/\/facebook.com\/sunoresearch\",\"https:\/\/x.com\/sunoresearch\",\"https:\/\/www.instagram.com\/suno\",\"https:\/\/www.linkedin.com\/company\/suno-research\/\",\"https:\/\/www.youtube.com\/c\/sunoresearch\"]},{\"@type\":\"Person\",\"@id\":\"https:\/\/www.suno.com.br\/noticias\/#\/schema\/person\/1db762f78ffd8919a648a63e425953e3\",\"name\":\"Juliano Passaro\",\"image\":{\"@type\":\"ImageObject\",\"inLanguage\":\"pt-BR\",\"@id\":\"https:\/\/www.suno.com.br\/noticias\/#\/schema\/person\/image\/\",\"url\":\"https:\/\/secure.gravatar.com\/avatar\/743d4df28eebf6dcc46b4ad03c319e92?s=96&r=g\",\"contentUrl\":\"https:\/\/secure.gravatar.com\/avatar\/743d4df28eebf6dcc46b4ad03c319e92?s=96&r=g\",\"caption\":\"Juliano Passaro\"},\"description\":\"Juliano Passaro escreve sobre pol\u00edtica, economia e neg\u00f3cios para o portal da Suno Research. Antes da Suno, trabalhou no Portal da Band. \u00c9 formado em jornalismo pela Universidade Presbiteriana Mackenzie.\",\"url\":\"https:\/\/www.suno.com.br\/noticias\/author\/juliano\/\"}]}<\/script>\n<!-- \/ Yoast SEO plugin. -->","yoast_head_json":{"title":"GPA: Diretor de e-commerce afirma que 2\u00ba tri \"foi gigante\"","description":"Em entrevista ao Suno Not\u00edcias, o diretor de e-commerce do GPA, Rodrigo Pimentel, afirmou que o 2\u00ba tri da empresa \"foi gigante\". Saiba mais.","robots":{"index":"index","follow":"follow","max-snippet":"max-snippet:-1","max-image-preview":"max-image-preview:large","max-video-preview":"max-video-preview:-1"},"canonical":"https:\/\/www.suno.com.br\/noticias\/gpa-diretor-e-commerce-afirma-2-tri-gigante\/","og_locale":"pt_BR","og_type":"article","og_title":"GPA: Diretor de e-commerce afirma que 2\u00ba tri \"foi gigante\"","og_description":"Em entrevista ao Suno Not\u00edcias, o diretor de e-commerce do GPA, Rodrigo Pimentel, afirmou que o 2\u00ba tri da empresa \"foi gigante\". Saiba mais.","og_url":"https:\/\/www.suno.com.br\/noticias\/gpa-diretor-e-commerce-afirma-2-tri-gigante\/","og_site_name":"Suno Not\u00edcias","article_publisher":"https:\/\/facebook.com\/sunoresearch","og_image":[{"width":1200,"height":800,"url":"https:\/\/files.sunoresearch.com.br\/n\/uploads\/2020\/07\/6a2d8230-ydray-gpa_115.jpg","type":"image\/jpeg"}],"author":"Juliano Passaro","twitter_card":"summary_large_image","twitter_creator":"@sunoresearch","twitter_site":"@sunoresearch","twitter_misc":{"Escrito por":"Juliano Passaro","Est. tempo de leitura":"5 minutos"},"schema":{"@context":"https:\/\/schema.org","@graph":[{"@type":"NewsArticle","@id":"https:\/\/www.suno.com.br\/noticias\/gpa-diretor-e-commerce-afirma-2-tri-gigante\/#article","isPartOf":{"@id":"https:\/\/www.suno.com.br\/noticias\/gpa-diretor-e-commerce-afirma-2-tri-gigante\/"},"author":{"name":"Juliano Passaro","@id":"https:\/\/www.suno.com.br\/noticias\/#\/schema\/person\/1db762f78ffd8919a648a63e425953e3"},"headline":"GPA: 2\u00ba tri &#8220;foi gigante&#8221;, diz diretor de e-commerce","datePublished":"2020-07-05T13:23:03+00:00","dateModified":"2021-02-18T01:30:01+00:00","mainEntityOfPage":{"@id":"https:\/\/www.suno.com.br\/noticias\/gpa-diretor-e-commerce-afirma-2-tri-gigante\/"},"wordCount":977,"publisher":{"@id":"https:\/\/www.suno.com.br\/noticias\/#organization"},"image":{"@id":"https:\/\/www.suno.com.br\/noticias\/gpa-diretor-e-commerce-afirma-2-tri-gigante\/#primaryimage"},"thumbnailUrl":"https:\/\/files.sunoresearch.com.br\/n\/uploads\/2020\/07\/6a2d8230-ydray-gpa_115-jpg.webp","keywords":["Grupo P\u00e3o de A\u00e7\u00facar (PCAR3\/PCAR4)"],"articleSection":["Neg\u00f3cios"],"inLanguage":"pt-BR"},{"@type":"WebPage","@id":"https:\/\/www.suno.com.br\/noticias\/gpa-diretor-e-commerce-afirma-2-tri-gigante\/","url":"https:\/\/www.suno.com.br\/noticias\/gpa-diretor-e-commerce-afirma-2-tri-gigante\/","name":"GPA: Diretor de e-commerce afirma que 2\u00ba tri \"foi gigante\"","isPartOf":{"@id":"https:\/\/www.suno.com.br\/noticias\/#website"},"primaryImageOfPage":{"@id":"https:\/\/www.suno.com.br\/noticias\/gpa-diretor-e-commerce-afirma-2-tri-gigante\/#primaryimage"},"image":{"@id":"https:\/\/www.suno.com.br\/noticias\/gpa-diretor-e-commerce-afirma-2-tri-gigante\/#primaryimage"},"thumbnailUrl":"https:\/\/files.sunoresearch.com.br\/n\/uploads\/2020\/07\/6a2d8230-ydray-gpa_115-jpg.webp","datePublished":"2020-07-05T13:23:03+00:00","dateModified":"2021-02-18T01:30:01+00:00","description":"Em entrevista ao Suno Not\u00edcias, o diretor de e-commerce do GPA, Rodrigo Pimentel, afirmou que o 2\u00ba tri da empresa \"foi gigante\". Saiba mais.","breadcrumb":{"@id":"https:\/\/www.suno.com.br\/noticias\/gpa-diretor-e-commerce-afirma-2-tri-gigante\/#breadcrumb"},"inLanguage":"pt-BR","potentialAction":[{"@type":"ReadAction","target":["https:\/\/www.suno.com.br\/noticias\/gpa-diretor-e-commerce-afirma-2-tri-gigante\/"]}]},{"@type":"ImageObject","inLanguage":"pt-BR","@id":"https:\/\/www.suno.com.br\/noticias\/gpa-diretor-e-commerce-afirma-2-tri-gigante\/#primaryimage","url":"https:\/\/files.sunoresearch.com.br\/n\/uploads\/2020\/07\/6a2d8230-ydray-gpa_115-jpg.webp","contentUrl":"https:\/\/files.sunoresearch.com.br\/n\/uploads\/2020\/07\/6a2d8230-ydray-gpa_115-jpg.webp","width":1200,"height":800,"caption":"GPA (divulga\u00e7\u00e3o)"},{"@type":"BreadcrumbList","@id":"https:\/\/www.suno.com.br\/noticias\/gpa-diretor-e-commerce-afirma-2-tri-gigante\/#breadcrumb","itemListElement":[{"@type":"ListItem","position":1,"name":"Not\u00edcias","item":"https:\/\/www.suno.com.br\/noticias\/"},{"@type":"ListItem","position":2,"name":"Neg\u00f3cios","item":"https:\/\/www.suno.com.br\/noticias\/negocios\/"},{"@type":"ListItem","position":3,"name":"GPA: 2\u00ba tri &#8220;foi gigante&#8221;, diz diretor de e-commerce"}]},{"@type":"WebSite","@id":"https:\/\/www.suno.com.br\/noticias\/#website","url":"https:\/\/www.suno.com.br\/noticias\/","name":"Suno Not\u00edcias","description":"Seu portal de informa\u00e7\u00e3o sobre o mundo dos investimentos","publisher":{"@id":"https:\/\/www.suno.com.br\/noticias\/#organization"},"potentialAction":[{"@type":"SearchAction","target":{"@type":"EntryPoint","urlTemplate":"https:\/\/www.suno.com.br\/noticias\/?s={search_term_string}"},"query-input":{"@type":"PropertyValueSpecification","valueRequired":true,"valueName":"search_term_string"}}],"inLanguage":"pt-BR"},{"@type":"Organization","@id":"https:\/\/www.suno.com.br\/noticias\/#organization","name":"Suno Not\u00edcias","url":"https:\/\/www.suno.com.br\/noticias\/","logo":{"@type":"ImageObject","inLanguage":"pt-BR","@id":"https:\/\/www.suno.com.br\/noticias\/#\/schema\/logo\/image\/","url":"https:\/\/files.sunoresearch.com.br\/n\/uploads\/2021\/09\/suno-logo.png","contentUrl":"https:\/\/files.sunoresearch.com.br\/n\/uploads\/2021\/09\/suno-logo.png","width":180,"height":180,"caption":"Suno Not\u00edcias"},"image":{"@id":"https:\/\/www.suno.com.br\/noticias\/#\/schema\/logo\/image\/"},"sameAs":["https:\/\/facebook.com\/sunoresearch","https:\/\/x.com\/sunoresearch","https:\/\/www.instagram.com\/suno","https:\/\/www.linkedin.com\/company\/suno-research\/","https:\/\/www.youtube.com\/c\/sunoresearch"]},{"@type":"Person","@id":"https:\/\/www.suno.com.br\/noticias\/#\/schema\/person\/1db762f78ffd8919a648a63e425953e3","name":"Juliano Passaro","image":{"@type":"ImageObject","inLanguage":"pt-BR","@id":"https:\/\/www.suno.com.br\/noticias\/#\/schema\/person\/image\/","url":"https:\/\/secure.gravatar.com\/avatar\/743d4df28eebf6dcc46b4ad03c319e92?s=96&r=g","contentUrl":"https:\/\/secure.gravatar.com\/avatar\/743d4df28eebf6dcc46b4ad03c319e92?s=96&r=g","caption":"Juliano Passaro"},"description":"Juliano Passaro escreve sobre pol\u00edtica, economia e neg\u00f3cios para o portal da Suno Research. Antes da Suno, trabalhou no Portal da Band. \u00c9 formado em jornalismo pela Universidade Presbiteriana Mackenzie.","url":"https:\/\/www.suno.com.br\/noticias\/author\/juliano\/"}]}},"default_loop_html":"<div class=\"cardsPage__listCard__boxs\"><div class=\"cardsPage__listCard__boxs__img\"><a href=\"https:\/\/www.suno.com.br\/noticias\/gpa-diretor-e-commerce-afirma-2-tri-gigante\/\"><img class=\"mask\" src=\"https:\/\/www.suno.com.br\/noticias\/wp-content\/themes\/suno\/resources\/images\/spotlight\/spotlight1img\/bg-mask.png\" alt=\"Image Mask\"\/><img src=\"https:\/\/files.sunoresearch.com.br\/n\/uploads\/2020\/07\/6a2d8230-ydray-gpa_115-400x200.webp\" alt=\"GPA: 2\u00ba tri &#8220;foi gigante&#8221;, diz diretor de e-commerce\"\/><\/a><span class=\"spotlightCategory\"><a href=\"https:\/\/www.suno.com.br\/noticias\/negocios\/\">Neg\u00f3cios<\/a><\/span><\/div><div class=\"cardsPage__listCard__boxs__content\"><a href=\"https:\/\/www.suno.com.br\/noticias\/gpa-diretor-e-commerce-afirma-2-tri-gigante\/\"><h2 class=\"content__title\">GPA: 2\u00ba tri &#8220;foi gigante&#8221;, diz diretor de e-commerce<\/h2><\/a><div class=\"newsContent__article__meta\"><div class=\"newsContent__article__meta__authorBox\"><a href=\"https:\/\/www.suno.com.br\/noticias\/author\/juliano\/\" class=\"authorBox__avatar noMobi\"><img src=\"https:\/\/files.sunoresearch.com.br\/n\/uploads\/2019\/06\/7cc3efea-whatsapp-image-2019-07-18-at-21.59.33-e1563499821209-150x150.webp\" alt=\"Juliano Passaro\"><\/a><div class=\"authorBox__name\"><span>por\n\t\t\t<a href=\"https:\/\/www.suno.com.br\/noticias\/author\/juliano\/\"><span itemprop=\"author\">Juliano Passaro<\/span><\/a><\/span><time datetime=\"2020-07-05T10:23:03-03:00\" itemprop=\"datePublished\">05\/07\/2020 10:23<\/time><\/div><\/div><\/div><\/div><\/div>","single_layout":"posts","amp_enabled":true,"_links":{"self":[{"href":"https:\/\/www.suno.com.br\/noticias\/wp-json\/wp\/v2\/posts\/71670"}],"collection":[{"href":"https:\/\/www.suno.com.br\/noticias\/wp-json\/wp\/v2\/posts"}],"about":[{"href":"https:\/\/www.suno.com.br\/noticias\/wp-json\/wp\/v2\/types\/post"}],"author":[{"embeddable":true,"href":"https:\/\/www.suno.com.br\/noticias\/wp-json\/wp\/v2\/users\/19"}],"replies":[{"embeddable":true,"href":"https:\/\/www.suno.com.br\/noticias\/wp-json\/wp\/v2\/comments?post=71670"}],"version-history":[{"count":0,"href":"https:\/\/www.suno.com.br\/noticias\/wp-json\/wp\/v2\/posts\/71670\/revisions"}],"wp:featuredmedia":[{"embeddable":true,"href":"https:\/\/www.suno.com.br\/noticias\/wp-json\/wp\/v2\/media\/71714"}],"wp:attachment":[{"href":"https:\/\/www.suno.com.br\/noticias\/wp-json\/wp\/v2\/media?parent=71670"}],"wp:term":[{"taxonomy":"category","embeddable":true,"href":"https:\/\/www.suno.com.br\/noticias\/wp-json\/wp\/v2\/categories?post=71670"},{"taxonomy":"post_tag","embeddable":true,"href":"https:\/\/www.suno.com.br\/noticias\/wp-json\/wp\/v2\/tags?post=71670"},{"taxonomy":"suno_strategy","embeddable":true,"href":"https:\/\/www.suno.com.br\/noticias\/wp-json\/wp\/v2\/suno_strategy?post=71670"}],"curies":[{"name":"wp","href":"https:\/\/api.w.org\/{rel}","templated":true}]}}