{"id":71654,"date":"2020-07-03T10:10:03","date_gmt":"2020-07-03T13:10:03","guid":{"rendered":"https:\/\/www.suno.com.br\/noticias\/?p=71654"},"modified":"2020-07-03T10:55:08","modified_gmt":"2020-07-03T13:55:08","slug":"azul-azul4-acordo-governo-portugues-venda-tap","status":"publish","type":"post","link":"https:\/\/www.suno.com.br\/noticias\/azul-azul4-acordo-governo-portugues-venda-tap\/","title":{"rendered":"Azul (AZUL4) fecha acordo com governo portugu\u00eas para venda de participa\u00e7\u00e3o na TAP"},"content":{"rendered":"<p>A <a href=\"https:\/\/www.suno.com.br\/acoes\/azul4\/\"><strong>Azul<\/strong> S.A. (AZUL4)<\/a> anunciou, nesta sexta-feira (3), que chegou a um acordo com o governo portugu\u00eas para permitir uma inje\u00e7\u00e3o de capital na TAP SGPS (TAP). Com isso, a a\u00e9rea vender\u00e1 sua participa\u00e7\u00e3o indireta de 6% na TAP, pelo valor de cerca de R$ 65 milh\u00f5es. <span style=\"font-size: 1.1429rem;\">O neg\u00f3cio \u00e9 parte de um processo de re-nacionaliza\u00e7\u00e3o da TAP pelo governo de Portugal.<\/span><\/p>\t<div class=\"wrapper-featured-image\">\n\t\t<figure class=\"spotlightImg\">\n\n\t\t\t<picture>\n\t\t\t\t<source media=\"(max-width: 768px)\" srcset=\"https:\/\/files.sunoresearch.com.br\/n\/uploads\/2020\/04\/ac0c1ea4-azul-400x200.webp\">\n\t\t\t\t<img loading=\"lazy\" decoding=\"async\" class=\"newsContent__article__imgCapa lazyloadDisabled newsContent__article__imgCapa--noCaption\" src=\"https:\/\/files.sunoresearch.com.br\/n\/uploads\/2020\/04\/ac0c1ea4-azul-800x450.webp\" width=\"800\" height=\"450\" alt=\"Azul (AZUL4) fecha acordo com governo portugu\u00eas para venda de participa\u00e7\u00e3o na TAP\" fetchpriority=high \/>\n\t\t\t<\/picture>\n\n\t\t\t<figcaption class=\"wp-caption-text wp-caption-text--hide\">A Agenda do Dia desta segunda destaca mais um dia cheio de resultados corporativos do terceiro trimestre, al\u00e9m da estreia do Pix.<\/figcaption>\n\t\t<\/figure>\n\t<\/div>\n\n\n\n<p>O acordo tamb\u00e9m prev\u00ea a elimina\u00e7\u00e3o do direito de convers\u00e3o dos b\u00f4nus seniores detidos pela Azul de \u20ac 90 milh\u00f5es (R$ 541 milh\u00f5es) com vencimento em 2026. &#8220;Al\u00e9m disso, todas as demais condi\u00e7\u00f5es contratuais dos b\u00f4nus seniores ser\u00e3o mantidas, incluindo o status de credor s\u00eanior, taxa de juros anual de 7,5% e o direito \u00e0 constitui\u00e7\u00e3o das garantias previstas nos respetivos termos e condi\u00e7\u00f5es, como o programa de fidelidade da TAP&#8221;, informou a a\u00e9rea.<\/p>\n<p>A Azul informou que o valor de face mais juros acumulados do t\u00edtulo \u00e9 de cerca de R$ 680 milh\u00f5es. A opera\u00e7\u00e3o ainda depende de aprova\u00e7\u00f5es corporativas exigidas pela a\u00e9rea, o que inclui a dos acionistas em <a href=\"https:\/\/www.suno.com.br\/artigos\/assembleia-geral-extraordinaria\/\">assembleia geral extraordin\u00e1ria (AGE)<\/a>.<\/p>\n<p><a href=\"https:\/\/lp.suno.com.br\/suno-one\/\">Suno One: acesse gratuitamente eBooks, Minicursos, Artigos e Video Aulas sobre investimentos com um \u00fanico cadastro. Clique para saber mais!<\/a><\/p>\n<p>No comunicado ao mercado, o CEO da Azul, John Rodgerson, afirmou que \u201ccomo muitas outras companhias a\u00e9reas em todo o mundo, a TAP foi severamente impactada pela crise da pandemia de Covid-19. Com a ajuda fornecida pelo governo portugu\u00eas, seremos capazes de garantir a continua\u00e7\u00e3o da TAP, e tamb\u00e9m manter a integridade de nosso investimento\u201d.<\/p>\n<p>A Tap \u00e9 uma companhia de transporte a\u00e9reo de Portugal com sede em Lisboa. A empresa iniciou suas opera\u00e7\u00f5es em 1945.<\/p>\n<h2>Azul retomar\u00e1 voos dom\u00e9sticos no aeroporto de Guarulhos<\/h2>\n<p>A <strong>Azul <\/strong>informou, por meio de um comunicado, no dia 26 de junho, que ir\u00e1 retomar os voos dom\u00e9sticos a partir do aeroporto Internacional de Guarulhos no dia 6 de julho. A retomada das atividades vem ap\u00f3s uma paralisa\u00e7\u00e3o de grande parte das suas opera\u00e7\u00f5es desde mar\u00e7o deste ano, por conta das restri\u00e7\u00f5es para diminuir os impactos da <a href=\"https:\/\/www.suno.com.br\/noticias\/tags\/coronavirus\/\">pandemia do novo coronav\u00edrus (Covid-19).<\/a><\/p>\n\n","protected":false},"excerpt":{"rendered":"<p>A Azul S.A. (AZUL4) anunciou, nesta sexta-feira (3), que chegou a um acordo com o governo portugu\u00eas para permitir uma inje\u00e7\u00e3o de capital na TAP SGPS (TAP). Com isso, a a\u00e9rea vender\u00e1 sua participa\u00e7\u00e3o indireta de 6% na TAP, pelo valor de cerca de R$ 65 milh\u00f5es. O neg\u00f3cio \u00e9 parte de um processo de [&hellip;]<\/p>\n","protected":false},"author":19,"featured_media":61324,"comment_status":"closed","ping_status":"closed","sticky":false,"template":"","format":"standard","meta":[],"categories":[64],"tags":[106932],"suno_strategy":[],"class_list":["post-71654","post","type-post","status-publish","format-standard","has-post-thumbnail","hentry","category-negocios","tag-azul-azul4"],"yoast_head":"<!-- This site is optimized with the Yoast SEO plugin v24.4 - https:\/\/yoast.com\/wordpress\/plugins\/seo\/ -->\n<title>Azul (AZUL4) fecha acordo para venda de participa\u00e7\u00e3o na TAP<\/title>\n<meta name=\"description\" content=\"A Azul (AZUL4) anunciou que chegou a um acordo com o governo portugu\u00eas para permitir uma inje\u00e7\u00e3o de capital na TAP SGPS (TAP).\" \/>\n<meta name=\"robots\" content=\"index, follow, max-snippet:-1, max-image-preview:large, max-video-preview:-1\" \/>\n<link rel=\"canonical\" href=\"https:\/\/www.suno.com.br\/noticias\/azul-azul4-acordo-governo-portugues-venda-tap\/\" \/>\n<meta property=\"og:locale\" content=\"pt_BR\" \/>\n<meta property=\"og:type\" content=\"article\" \/>\n<meta property=\"og:title\" content=\"Azul (AZUL4) fecha acordo para venda de participa\u00e7\u00e3o na TAP\" \/>\n<meta property=\"og:description\" content=\"A Azul (AZUL4) anunciou que chegou a um acordo com o governo portugu\u00eas para permitir uma inje\u00e7\u00e3o de capital na TAP SGPS (TAP).\" \/>\n<meta property=\"og:url\" content=\"https:\/\/www.suno.com.br\/noticias\/azul-azul4-acordo-governo-portugues-venda-tap\/\" \/>\n<meta property=\"og:site_name\" content=\"Suno Not\u00edcias\" \/>\n<meta property=\"article:publisher\" content=\"https:\/\/facebook.com\/sunoresearch\" \/>\n<meta property=\"og:image\" content=\"https:\/\/files.sunoresearch.com.br\/n\/uploads\/2020\/04\/ac0c1ea4-azul.jpg\" \/>\n\t<meta property=\"og:image:width\" content=\"1200\" \/>\n\t<meta property=\"og:image:height\" content=\"800\" \/>\n\t<meta property=\"og:image:type\" content=\"image\/jpeg\" \/>\n<meta name=\"author\" content=\"Juliano Passaro\" \/>\n<meta name=\"twitter:card\" content=\"summary_large_image\" \/>\n<meta name=\"twitter:creator\" content=\"@sunoresearch\" \/>\n<meta name=\"twitter:site\" content=\"@sunoresearch\" \/>\n<meta name=\"twitter:label1\" content=\"Escrito por\" \/>\n\t<meta name=\"twitter:data1\" content=\"Juliano Passaro\" \/>\n\t<meta name=\"twitter:label2\" content=\"Est. tempo de leitura\" \/>\n\t<meta name=\"twitter:data2\" content=\"2 minutos\" \/>\n<script type=\"application\/ld+json\" class=\"yoast-schema-graph\">{\"@context\":\"https:\/\/schema.org\",\"@graph\":[{\"@type\":\"NewsArticle\",\"@id\":\"https:\/\/www.suno.com.br\/noticias\/azul-azul4-acordo-governo-portugues-venda-tap\/#article\",\"isPartOf\":{\"@id\":\"https:\/\/www.suno.com.br\/noticias\/azul-azul4-acordo-governo-portugues-venda-tap\/\"},\"author\":{\"name\":\"Juliano Passaro\",\"@id\":\"https:\/\/www.suno.com.br\/noticias\/#\/schema\/person\/1db762f78ffd8919a648a63e425953e3\"},\"headline\":\"Azul (AZUL4) fecha acordo com governo portugu\u00eas para venda de participa\u00e7\u00e3o na TAP\",\"datePublished\":\"2020-07-03T13:10:03+00:00\",\"dateModified\":\"2020-07-03T13:55:08+00:00\",\"mainEntityOfPage\":{\"@id\":\"https:\/\/www.suno.com.br\/noticias\/azul-azul4-acordo-governo-portugues-venda-tap\/\"},\"wordCount\":393,\"publisher\":{\"@id\":\"https:\/\/www.suno.com.br\/noticias\/#organization\"},\"image\":{\"@id\":\"https:\/\/www.suno.com.br\/noticias\/azul-azul4-acordo-governo-portugues-venda-tap\/#primaryimage\"},\"thumbnailUrl\":\"https:\/\/files.sunoresearch.com.br\/n\/uploads\/2020\/04\/ac0c1ea4-azul-jpg.webp\",\"keywords\":[\"Azul (AZUL4)\"],\"articleSection\":[\"Neg\u00f3cios\"],\"inLanguage\":\"pt-BR\"},{\"@type\":\"WebPage\",\"@id\":\"https:\/\/www.suno.com.br\/noticias\/azul-azul4-acordo-governo-portugues-venda-tap\/\",\"url\":\"https:\/\/www.suno.com.br\/noticias\/azul-azul4-acordo-governo-portugues-venda-tap\/\",\"name\":\"Azul (AZUL4) fecha acordo para venda de participa\u00e7\u00e3o na TAP\",\"isPartOf\":{\"@id\":\"https:\/\/www.suno.com.br\/noticias\/#website\"},\"primaryImageOfPage\":{\"@id\":\"https:\/\/www.suno.com.br\/noticias\/azul-azul4-acordo-governo-portugues-venda-tap\/#primaryimage\"},\"image\":{\"@id\":\"https:\/\/www.suno.com.br\/noticias\/azul-azul4-acordo-governo-portugues-venda-tap\/#primaryimage\"},\"thumbnailUrl\":\"https:\/\/files.sunoresearch.com.br\/n\/uploads\/2020\/04\/ac0c1ea4-azul-jpg.webp\",\"datePublished\":\"2020-07-03T13:10:03+00:00\",\"dateModified\":\"2020-07-03T13:55:08+00:00\",\"description\":\"A Azul (AZUL4) anunciou que chegou a um acordo com o governo portugu\u00eas para permitir uma inje\u00e7\u00e3o de capital na TAP SGPS (TAP).\",\"breadcrumb\":{\"@id\":\"https:\/\/www.suno.com.br\/noticias\/azul-azul4-acordo-governo-portugues-venda-tap\/#breadcrumb\"},\"inLanguage\":\"pt-BR\",\"potentialAction\":[{\"@type\":\"ReadAction\",\"target\":[\"https:\/\/www.suno.com.br\/noticias\/azul-azul4-acordo-governo-portugues-venda-tap\/\"]}]},{\"@type\":\"ImageObject\",\"inLanguage\":\"pt-BR\",\"@id\":\"https:\/\/www.suno.com.br\/noticias\/azul-azul4-acordo-governo-portugues-venda-tap\/#primaryimage\",\"url\":\"https:\/\/files.sunoresearch.com.br\/n\/uploads\/2020\/04\/ac0c1ea4-azul-jpg.webp\",\"contentUrl\":\"https:\/\/files.sunoresearch.com.br\/n\/uploads\/2020\/04\/ac0c1ea4-azul-jpg.webp\",\"width\":1200,\"height\":800,\"caption\":\"A Agenda do Dia desta segunda destaca mais um dia cheio de resultados corporativos do terceiro trimestre, al\u00e9m da estreia do Pix.\"},{\"@type\":\"BreadcrumbList\",\"@id\":\"https:\/\/www.suno.com.br\/noticias\/azul-azul4-acordo-governo-portugues-venda-tap\/#breadcrumb\",\"itemListElement\":[{\"@type\":\"ListItem\",\"position\":1,\"name\":\"Not\u00edcias\",\"item\":\"https:\/\/www.suno.com.br\/noticias\/\"},{\"@type\":\"ListItem\",\"position\":2,\"name\":\"Neg\u00f3cios\",\"item\":\"https:\/\/www.suno.com.br\/noticias\/negocios\/\"},{\"@type\":\"ListItem\",\"position\":3,\"name\":\"Azul (AZUL4) fecha acordo com governo portugu\u00eas para venda de participa\u00e7\u00e3o na TAP\"}]},{\"@type\":\"WebSite\",\"@id\":\"https:\/\/www.suno.com.br\/noticias\/#website\",\"url\":\"https:\/\/www.suno.com.br\/noticias\/\",\"name\":\"Suno Not\u00edcias\",\"description\":\"Seu portal de informa\u00e7\u00e3o sobre o mundo dos investimentos\",\"publisher\":{\"@id\":\"https:\/\/www.suno.com.br\/noticias\/#organization\"},\"potentialAction\":[{\"@type\":\"SearchAction\",\"target\":{\"@type\":\"EntryPoint\",\"urlTemplate\":\"https:\/\/www.suno.com.br\/noticias\/?s={search_term_string}\"},\"query-input\":{\"@type\":\"PropertyValueSpecification\",\"valueRequired\":true,\"valueName\":\"search_term_string\"}}],\"inLanguage\":\"pt-BR\"},{\"@type\":\"Organization\",\"@id\":\"https:\/\/www.suno.com.br\/noticias\/#organization\",\"name\":\"Suno Not\u00edcias\",\"url\":\"https:\/\/www.suno.com.br\/noticias\/\",\"logo\":{\"@type\":\"ImageObject\",\"inLanguage\":\"pt-BR\",\"@id\":\"https:\/\/www.suno.com.br\/noticias\/#\/schema\/logo\/image\/\",\"url\":\"https:\/\/files.sunoresearch.com.br\/n\/uploads\/2021\/09\/suno-logo.png\",\"contentUrl\":\"https:\/\/files.sunoresearch.com.br\/n\/uploads\/2021\/09\/suno-logo.png\",\"width\":180,\"height\":180,\"caption\":\"Suno Not\u00edcias\"},\"image\":{\"@id\":\"https:\/\/www.suno.com.br\/noticias\/#\/schema\/logo\/image\/\"},\"sameAs\":[\"https:\/\/facebook.com\/sunoresearch\",\"https:\/\/x.com\/sunoresearch\",\"https:\/\/www.instagram.com\/suno\",\"https:\/\/www.linkedin.com\/company\/suno-research\/\",\"https:\/\/www.youtube.com\/c\/sunoresearch\"]},{\"@type\":\"Person\",\"@id\":\"https:\/\/www.suno.com.br\/noticias\/#\/schema\/person\/1db762f78ffd8919a648a63e425953e3\",\"name\":\"Juliano Passaro\",\"image\":{\"@type\":\"ImageObject\",\"inLanguage\":\"pt-BR\",\"@id\":\"https:\/\/www.suno.com.br\/noticias\/#\/schema\/person\/image\/\",\"url\":\"https:\/\/secure.gravatar.com\/avatar\/743d4df28eebf6dcc46b4ad03c319e92?s=96&r=g\",\"contentUrl\":\"https:\/\/secure.gravatar.com\/avatar\/743d4df28eebf6dcc46b4ad03c319e92?s=96&r=g\",\"caption\":\"Juliano Passaro\"},\"description\":\"Juliano Passaro escreve sobre pol\u00edtica, economia e neg\u00f3cios para o portal da Suno Research. Antes da Suno, trabalhou no Portal da Band. \u00c9 formado em jornalismo pela Universidade Presbiteriana Mackenzie.\",\"url\":\"https:\/\/www.suno.com.br\/noticias\/author\/juliano\/\"}]}<\/script>\n<!-- \/ Yoast SEO plugin. -->","yoast_head_json":{"title":"Azul (AZUL4) fecha acordo para venda de participa\u00e7\u00e3o na TAP","description":"A Azul (AZUL4) anunciou que chegou a um acordo com o governo portugu\u00eas para permitir uma inje\u00e7\u00e3o de capital na TAP SGPS (TAP).","robots":{"index":"index","follow":"follow","max-snippet":"max-snippet:-1","max-image-preview":"max-image-preview:large","max-video-preview":"max-video-preview:-1"},"canonical":"https:\/\/www.suno.com.br\/noticias\/azul-azul4-acordo-governo-portugues-venda-tap\/","og_locale":"pt_BR","og_type":"article","og_title":"Azul (AZUL4) fecha acordo para venda de participa\u00e7\u00e3o na TAP","og_description":"A Azul (AZUL4) anunciou que chegou a um acordo com o governo portugu\u00eas para permitir uma inje\u00e7\u00e3o de capital na TAP SGPS (TAP).","og_url":"https:\/\/www.suno.com.br\/noticias\/azul-azul4-acordo-governo-portugues-venda-tap\/","og_site_name":"Suno Not\u00edcias","article_publisher":"https:\/\/facebook.com\/sunoresearch","og_image":[{"width":1200,"height":800,"url":"https:\/\/files.sunoresearch.com.br\/n\/uploads\/2020\/04\/ac0c1ea4-azul.jpg","type":"image\/jpeg"}],"author":"Juliano Passaro","twitter_card":"summary_large_image","twitter_creator":"@sunoresearch","twitter_site":"@sunoresearch","twitter_misc":{"Escrito por":"Juliano Passaro","Est. tempo de leitura":"2 minutos"},"schema":{"@context":"https:\/\/schema.org","@graph":[{"@type":"NewsArticle","@id":"https:\/\/www.suno.com.br\/noticias\/azul-azul4-acordo-governo-portugues-venda-tap\/#article","isPartOf":{"@id":"https:\/\/www.suno.com.br\/noticias\/azul-azul4-acordo-governo-portugues-venda-tap\/"},"author":{"name":"Juliano Passaro","@id":"https:\/\/www.suno.com.br\/noticias\/#\/schema\/person\/1db762f78ffd8919a648a63e425953e3"},"headline":"Azul (AZUL4) fecha acordo com governo portugu\u00eas para venda de participa\u00e7\u00e3o na TAP","datePublished":"2020-07-03T13:10:03+00:00","dateModified":"2020-07-03T13:55:08+00:00","mainEntityOfPage":{"@id":"https:\/\/www.suno.com.br\/noticias\/azul-azul4-acordo-governo-portugues-venda-tap\/"},"wordCount":393,"publisher":{"@id":"https:\/\/www.suno.com.br\/noticias\/#organization"},"image":{"@id":"https:\/\/www.suno.com.br\/noticias\/azul-azul4-acordo-governo-portugues-venda-tap\/#primaryimage"},"thumbnailUrl":"https:\/\/files.sunoresearch.com.br\/n\/uploads\/2020\/04\/ac0c1ea4-azul-jpg.webp","keywords":["Azul (AZUL4)"],"articleSection":["Neg\u00f3cios"],"inLanguage":"pt-BR"},{"@type":"WebPage","@id":"https:\/\/www.suno.com.br\/noticias\/azul-azul4-acordo-governo-portugues-venda-tap\/","url":"https:\/\/www.suno.com.br\/noticias\/azul-azul4-acordo-governo-portugues-venda-tap\/","name":"Azul (AZUL4) fecha acordo para venda de participa\u00e7\u00e3o na TAP","isPartOf":{"@id":"https:\/\/www.suno.com.br\/noticias\/#website"},"primaryImageOfPage":{"@id":"https:\/\/www.suno.com.br\/noticias\/azul-azul4-acordo-governo-portugues-venda-tap\/#primaryimage"},"image":{"@id":"https:\/\/www.suno.com.br\/noticias\/azul-azul4-acordo-governo-portugues-venda-tap\/#primaryimage"},"thumbnailUrl":"https:\/\/files.sunoresearch.com.br\/n\/uploads\/2020\/04\/ac0c1ea4-azul-jpg.webp","datePublished":"2020-07-03T13:10:03+00:00","dateModified":"2020-07-03T13:55:08+00:00","description":"A Azul (AZUL4) anunciou que chegou a um acordo com o governo portugu\u00eas para permitir uma inje\u00e7\u00e3o de capital na TAP SGPS (TAP).","breadcrumb":{"@id":"https:\/\/www.suno.com.br\/noticias\/azul-azul4-acordo-governo-portugues-venda-tap\/#breadcrumb"},"inLanguage":"pt-BR","potentialAction":[{"@type":"ReadAction","target":["https:\/\/www.suno.com.br\/noticias\/azul-azul4-acordo-governo-portugues-venda-tap\/"]}]},{"@type":"ImageObject","inLanguage":"pt-BR","@id":"https:\/\/www.suno.com.br\/noticias\/azul-azul4-acordo-governo-portugues-venda-tap\/#primaryimage","url":"https:\/\/files.sunoresearch.com.br\/n\/uploads\/2020\/04\/ac0c1ea4-azul-jpg.webp","contentUrl":"https:\/\/files.sunoresearch.com.br\/n\/uploads\/2020\/04\/ac0c1ea4-azul-jpg.webp","width":1200,"height":800,"caption":"A Agenda do Dia desta segunda destaca mais um dia cheio de resultados corporativos do terceiro trimestre, al\u00e9m da estreia do Pix."},{"@type":"BreadcrumbList","@id":"https:\/\/www.suno.com.br\/noticias\/azul-azul4-acordo-governo-portugues-venda-tap\/#breadcrumb","itemListElement":[{"@type":"ListItem","position":1,"name":"Not\u00edcias","item":"https:\/\/www.suno.com.br\/noticias\/"},{"@type":"ListItem","position":2,"name":"Neg\u00f3cios","item":"https:\/\/www.suno.com.br\/noticias\/negocios\/"},{"@type":"ListItem","position":3,"name":"Azul (AZUL4) fecha acordo com governo portugu\u00eas para venda de participa\u00e7\u00e3o na TAP"}]},{"@type":"WebSite","@id":"https:\/\/www.suno.com.br\/noticias\/#website","url":"https:\/\/www.suno.com.br\/noticias\/","name":"Suno Not\u00edcias","description":"Seu portal de informa\u00e7\u00e3o sobre o mundo dos investimentos","publisher":{"@id":"https:\/\/www.suno.com.br\/noticias\/#organization"},"potentialAction":[{"@type":"SearchAction","target":{"@type":"EntryPoint","urlTemplate":"https:\/\/www.suno.com.br\/noticias\/?s={search_term_string}"},"query-input":{"@type":"PropertyValueSpecification","valueRequired":true,"valueName":"search_term_string"}}],"inLanguage":"pt-BR"},{"@type":"Organization","@id":"https:\/\/www.suno.com.br\/noticias\/#organization","name":"Suno Not\u00edcias","url":"https:\/\/www.suno.com.br\/noticias\/","logo":{"@type":"ImageObject","inLanguage":"pt-BR","@id":"https:\/\/www.suno.com.br\/noticias\/#\/schema\/logo\/image\/","url":"https:\/\/files.sunoresearch.com.br\/n\/uploads\/2021\/09\/suno-logo.png","contentUrl":"https:\/\/files.sunoresearch.com.br\/n\/uploads\/2021\/09\/suno-logo.png","width":180,"height":180,"caption":"Suno Not\u00edcias"},"image":{"@id":"https:\/\/www.suno.com.br\/noticias\/#\/schema\/logo\/image\/"},"sameAs":["https:\/\/facebook.com\/sunoresearch","https:\/\/x.com\/sunoresearch","https:\/\/www.instagram.com\/suno","https:\/\/www.linkedin.com\/company\/suno-research\/","https:\/\/www.youtube.com\/c\/sunoresearch"]},{"@type":"Person","@id":"https:\/\/www.suno.com.br\/noticias\/#\/schema\/person\/1db762f78ffd8919a648a63e425953e3","name":"Juliano Passaro","image":{"@type":"ImageObject","inLanguage":"pt-BR","@id":"https:\/\/www.suno.com.br\/noticias\/#\/schema\/person\/image\/","url":"https:\/\/secure.gravatar.com\/avatar\/743d4df28eebf6dcc46b4ad03c319e92?s=96&r=g","contentUrl":"https:\/\/secure.gravatar.com\/avatar\/743d4df28eebf6dcc46b4ad03c319e92?s=96&r=g","caption":"Juliano Passaro"},"description":"Juliano Passaro escreve sobre pol\u00edtica, economia e neg\u00f3cios para o portal da Suno Research. Antes da Suno, trabalhou no Portal da Band. \u00c9 formado em jornalismo pela Universidade Presbiteriana Mackenzie.","url":"https:\/\/www.suno.com.br\/noticias\/author\/juliano\/"}]}},"default_loop_html":"<div class=\"cardsPage__listCard__boxs\"><div class=\"cardsPage__listCard__boxs__img\"><a href=\"https:\/\/www.suno.com.br\/noticias\/azul-azul4-acordo-governo-portugues-venda-tap\/\"><img class=\"mask\" src=\"https:\/\/www.suno.com.br\/noticias\/wp-content\/themes\/suno\/resources\/images\/spotlight\/spotlight1img\/bg-mask.png\" alt=\"Image Mask\"\/><img src=\"https:\/\/files.sunoresearch.com.br\/n\/uploads\/2020\/04\/ac0c1ea4-azul-400x200.webp\" alt=\"Azul (AZUL4) fecha acordo com governo portugu\u00eas para venda de participa\u00e7\u00e3o na TAP\"\/><\/a><span class=\"spotlightCategory\"><a href=\"https:\/\/www.suno.com.br\/noticias\/negocios\/\">Neg\u00f3cios<\/a><\/span><\/div><div class=\"cardsPage__listCard__boxs__content\"><a href=\"https:\/\/www.suno.com.br\/noticias\/azul-azul4-acordo-governo-portugues-venda-tap\/\"><h2 class=\"content__title\">Azul (AZUL4) fecha acordo com governo portugu\u00eas para venda de participa\u00e7\u00e3o na TAP<\/h2><\/a><div class=\"newsContent__article__meta\"><div class=\"newsContent__article__meta__authorBox\"><a href=\"https:\/\/www.suno.com.br\/noticias\/author\/juliano\/\" class=\"authorBox__avatar noMobi\"><img src=\"https:\/\/files.sunoresearch.com.br\/n\/uploads\/2019\/06\/7cc3efea-whatsapp-image-2019-07-18-at-21.59.33-e1563499821209-150x150.webp\" alt=\"Juliano Passaro\"><\/a><div class=\"authorBox__name\"><span>por\n\t\t\t<a href=\"https:\/\/www.suno.com.br\/noticias\/author\/juliano\/\"><span itemprop=\"author\">Juliano Passaro<\/span><\/a><\/span><time datetime=\"2020-07-03T10:10:03-03:00\" itemprop=\"datePublished\">03\/07\/2020 10:10<\/time><\/div><\/div><\/div><\/div><\/div>","single_layout":"posts","amp_enabled":true,"_links":{"self":[{"href":"https:\/\/www.suno.com.br\/noticias\/wp-json\/wp\/v2\/posts\/71654"}],"collection":[{"href":"https:\/\/www.suno.com.br\/noticias\/wp-json\/wp\/v2\/posts"}],"about":[{"href":"https:\/\/www.suno.com.br\/noticias\/wp-json\/wp\/v2\/types\/post"}],"author":[{"embeddable":true,"href":"https:\/\/www.suno.com.br\/noticias\/wp-json\/wp\/v2\/users\/19"}],"replies":[{"embeddable":true,"href":"https:\/\/www.suno.com.br\/noticias\/wp-json\/wp\/v2\/comments?post=71654"}],"version-history":[{"count":0,"href":"https:\/\/www.suno.com.br\/noticias\/wp-json\/wp\/v2\/posts\/71654\/revisions"}],"wp:featuredmedia":[{"embeddable":true,"href":"https:\/\/www.suno.com.br\/noticias\/wp-json\/wp\/v2\/media\/61324"}],"wp:attachment":[{"href":"https:\/\/www.suno.com.br\/noticias\/wp-json\/wp\/v2\/media?parent=71654"}],"wp:term":[{"taxonomy":"category","embeddable":true,"href":"https:\/\/www.suno.com.br\/noticias\/wp-json\/wp\/v2\/categories?post=71654"},{"taxonomy":"post_tag","embeddable":true,"href":"https:\/\/www.suno.com.br\/noticias\/wp-json\/wp\/v2\/tags?post=71654"},{"taxonomy":"suno_strategy","embeddable":true,"href":"https:\/\/www.suno.com.br\/noticias\/wp-json\/wp\/v2\/suno_strategy?post=71654"}],"curies":[{"name":"wp","href":"https:\/\/api.w.org\/{rel}","templated":true}]}}