{"id":71609,"date":"2020-07-02T20:18:12","date_gmt":"2020-07-02T23:18:12","guid":{"rendered":"https:\/\/www.suno.com.br\/noticias\/?p=71609"},"modified":"2021-06-01T22:03:05","modified_gmt":"2021-06-02T01:03:05","slug":"emprego-governo-marco-do-trabalho-contratacao","status":"publish","type":"post","link":"https:\/\/www.suno.com.br\/noticias\/emprego-governo-marco-do-trabalho-contratacao\/","title":{"rendered":"Emprego: governo estuda novo marco do trabalho, segundo secret\u00e1rio"},"content":{"rendered":"<p>O secret\u00e1rio especial de Fazenda do Minist\u00e9rio da Economia, Waldery Rodrigues, afirmou nessa quinta-feira (2) durante uma coletiva virtual que o governo j\u00e1 est\u00e1 estudando um novo marco do trabalho, com custos para contrata\u00e7\u00e3o resumidos. A declara\u00e7\u00e3o veio ap\u00f3s o ministro da Economia, <a href=\"https:\/\/www.suno.com.br\/tudo-sobre\/paulo-guedes\/\">Paulo Guedes<\/a>, dizer que &#8220;medidas para o <strong>emprego<\/strong> ainda est\u00e3o sendo desenhadas e ser\u00e3o comunicadas brevemente&#8221;.<\/p>\t<div class=\"wrapper-featured-image\">\n\t\t<figure class=\"spotlightImg\">\n\n\t\t\t<picture>\n\t\t\t\t<source media=\"(max-width: 768px)\" srcset=\"https:\/\/files.sunoresearch.com.br\/n\/uploads\/2019\/08\/7258062f-carteira-de-trabalhooo-400x200.webp\">\n\t\t\t\t<img loading=\"lazy\" decoding=\"async\" class=\"newsContent__article__imgCapa lazyloadDisabled newsContent__article__imgCapa--noCaption\" src=\"https:\/\/files.sunoresearch.com.br\/n\/uploads\/2019\/08\/7258062f-carteira-de-trabalhooo-jpg.webp\" width=\"800\" height=\"450\" alt=\"Emprego: governo estuda novo marco do trabalho, segundo secret\u00e1rio\" fetchpriority=high \/>\n\t\t\t<\/picture>\n\n\t\t\t<figcaption class=\"wp-caption-text wp-caption-text--hide\">Brasil cria 131 mil vagas de trabalho em julho, mostra Caged<\/figcaption>\n\t\t<\/figure>\n\t<\/div>\n\n\n\n<p>Sobre as medidas para emprego, <strong>Guedes<\/strong> ainda indicou que pretendia retomar o projeto conhecido como &#8216;Carteira Verde e Amarela&#8217;. J\u00e1 o Rodrigues afirmou que o governo ir\u00e1 prosseguir com a agenda de reformas quando a pandemia do novo <strong>coronav\u00edrus<\/strong> (Covid-19), estiver mais branda.<\/p>\n<p>Rodrigues ainda apontou que o governo estuda uma reforma tribut\u00e1ria menos complexa, enquanto decide sobre a prorroga\u00e7\u00e3o do benef\u00edcio emergencial que permitiu a redu\u00e7\u00e3o de sal\u00e1rios e a suspens\u00e3o de contratos durante a pandemia.<\/p>\n<p><a href=\"https:\/\/lp.suno.com.br\/suno-one\/\">Conhe\u00e7a o Suno One, a central gratuita de informa\u00e7\u00f5es da Suno para quem quer aprender a investir. Acesse clicando aqui.<\/a><\/p>\n<h2>Benef\u00edcio emergencial teria preservado emprego de 11,7 mi de brasileiros<\/h2>\n<p>A Secretaria Especial de Previd\u00eancia e Trabalho do <a href=\"https:\/\/www.suno.com.br\/noticias\/tags\/ministerio-da-economia\/\">Minist\u00e9rio da Economia<\/a> informou nessa segunda-feira (29) que o programa de redu\u00e7\u00e3o tempor\u00e1ria de sal\u00e1rios e suspens\u00e3o de contratos de trabalho, criado para reduzir as <a href=\"https:\/\/www.suno.com.br\/noticias\/tags\/demissoes\/\">demiss\u00f5es<\/a> durante a<a href=\"https:\/\/www.suno.com.br\/noticias\/tags\/coronavirus\/\"> pandemia de coronav\u00edrus<\/a>, teria preservado cerca de 11.698.243 <strong>empregos<\/strong> no Brasil, at\u00e9 a \u00faltima sexta-feira (26).<\/p>\n<p>De acordo com a Secretaria, o total pago como complementa\u00e7\u00e3o chegou a R$ 17,4 bilh\u00f5es, ao passo que 1.348.733 de empregadores adotaram ao programa para manter empregos durante a <strong>pandemia<\/strong>.<\/p>\n<p>O \u00f3rg\u00e3o ainda destacou que\u00a0<a href=\"https:\/\/www.suno.com.br\/artigos\/microempresa\/\">micro<\/a> e pequenas empresas, cujo faturamento anual chega a at\u00e9 R$ 4,8 milh\u00f5es, foram respons\u00e1veis por 50,4% do total de acordos. Assim, cerca de 46,3% dos acordos aconteceram por parte de empresas de m\u00e9dio e grande porte, enquanto empregados dom\u00e9sticos e trabalhadores intermitentes representaram 3,3% do total de acordos fechados.<\/p>\n<p><a href=\"https:\/\/www.suno.com.br\/noticias\/eua-criaram-48-milhoes-de-empregos-no-mes-de-junho-2020\/\">Veja tamb\u00e9m: EUA criaram 4,8 milh\u00f5es de empregos no m\u00eas de junho<\/a><\/p>\n<p>Apesar das medidas adotadas pelo governo para tentar evitar demiss\u00f5es, frente a crise causada pela pandemia de coronav\u00edrus, o Brasil registrou o fechamento de 860.503 vagas de <strong>emprego<\/strong> formal em abril, segundo dados do <a href=\"https:\/\/www.suno.com.br\/artigos\/caged\/\">Cadastro Geral de Empregados e Desempregados (Caged)<\/a>. Foi o primeiro m\u00eas completo sob restri\u00e7\u00e3o de funcionamento de empresas para conter o avan\u00e7o do <strong>coronav\u00edrus<\/strong>.<\/p>\n\n","protected":false},"excerpt":{"rendered":"<p>O secret\u00e1rio especial de Fazenda do Minist\u00e9rio da Economia, Waldery Rodrigues, afirmou nessa quinta-feira (2) durante uma coletiva virtual que o governo j\u00e1 est\u00e1 estudando um novo marco do trabalho, com custos para contrata\u00e7\u00e3o resumidos. A declara\u00e7\u00e3o veio ap\u00f3s o ministro da Economia, Paulo Guedes, dizer que &#8220;medidas para o emprego ainda est\u00e3o sendo desenhadas [&hellip;]<\/p>\n","protected":false},"author":39,"featured_media":35981,"comment_status":"closed","ping_status":"closed","sticky":false,"template":"","format":"standard","meta":[],"categories":[62],"tags":[1796,909,796],"suno_strategy":[],"class_list":["post-71609","post","type-post","status-publish","format-standard","has-post-thumbnail","hentry","category-economia","tag-emprego","tag-ministerio-da-economia","tag-paulo-guedes"],"yoast_head":"<!-- This site is optimized with the Yoast SEO plugin v24.4 - https:\/\/yoast.com\/wordpress\/plugins\/seo\/ -->\n<title>Emprego: governo estuda novo marco do trabalho, segundo secret\u00e1rio<\/title>\n<meta name=\"description\" content=\"Governo estuda novo marco do trabalho e Guedes diz que medidas para emprego ser\u00e3o comunicadas em breve. Clique aqui para saber mais.\" \/>\n<meta name=\"robots\" content=\"index, follow, max-snippet:-1, max-image-preview:large, max-video-preview:-1\" \/>\n<link rel=\"canonical\" href=\"https:\/\/www.suno.com.br\/noticias\/emprego-governo-marco-do-trabalho-contratacao\/\" \/>\n<meta property=\"og:locale\" content=\"pt_BR\" \/>\n<meta property=\"og:type\" content=\"article\" \/>\n<meta property=\"og:title\" content=\"Emprego: governo estuda novo marco do trabalho, segundo secret\u00e1rio\" \/>\n<meta property=\"og:description\" content=\"Governo estuda novo marco do trabalho e Guedes diz que medidas para emprego ser\u00e3o comunicadas em breve. Clique aqui para saber mais.\" \/>\n<meta property=\"og:url\" content=\"https:\/\/www.suno.com.br\/noticias\/emprego-governo-marco-do-trabalho-contratacao\/\" \/>\n<meta property=\"og:site_name\" content=\"Suno Not\u00edcias\" \/>\n<meta property=\"article:publisher\" content=\"https:\/\/facebook.com\/sunoresearch\" \/>\n<meta property=\"og:image\" content=\"https:\/\/files.sunoresearch.com.br\/n\/uploads\/2019\/08\/7258062f-carteira-de-trabalhooo.jpg\" \/>\n\t<meta property=\"og:image:width\" content=\"750\" \/>\n\t<meta property=\"og:image:height\" content=\"507\" \/>\n\t<meta property=\"og:image:type\" content=\"image\/jpeg\" \/>\n<meta name=\"author\" content=\"Laura Moutinho\" \/>\n<meta name=\"twitter:card\" content=\"summary_large_image\" \/>\n<meta name=\"twitter:creator\" content=\"@sunoresearch\" \/>\n<meta name=\"twitter:site\" content=\"@sunoresearch\" \/>\n<meta name=\"twitter:label1\" content=\"Escrito por\" \/>\n\t<meta name=\"twitter:data1\" content=\"Laura Moutinho\" \/>\n\t<meta name=\"twitter:label2\" content=\"Est. tempo de leitura\" \/>\n\t<meta name=\"twitter:data2\" content=\"2 minutos\" \/>\n<script type=\"application\/ld+json\" class=\"yoast-schema-graph\">{\"@context\":\"https:\/\/schema.org\",\"@graph\":[{\"@type\":\"NewsArticle\",\"@id\":\"https:\/\/www.suno.com.br\/noticias\/emprego-governo-marco-do-trabalho-contratacao\/#article\",\"isPartOf\":{\"@id\":\"https:\/\/www.suno.com.br\/noticias\/emprego-governo-marco-do-trabalho-contratacao\/\"},\"author\":{\"name\":\"Laura Moutinho\",\"@id\":\"https:\/\/www.suno.com.br\/noticias\/#\/schema\/person\/3df0d2808748b74496efe5dbeaef2c72\"},\"headline\":\"Emprego: governo estuda novo marco do trabalho, segundo secret\u00e1rio\",\"datePublished\":\"2020-07-02T23:18:12+00:00\",\"dateModified\":\"2021-06-02T01:03:05+00:00\",\"mainEntityOfPage\":{\"@id\":\"https:\/\/www.suno.com.br\/noticias\/emprego-governo-marco-do-trabalho-contratacao\/\"},\"wordCount\":419,\"publisher\":{\"@id\":\"https:\/\/www.suno.com.br\/noticias\/#organization\"},\"image\":{\"@id\":\"https:\/\/www.suno.com.br\/noticias\/emprego-governo-marco-do-trabalho-contratacao\/#primaryimage\"},\"thumbnailUrl\":\"https:\/\/files.sunoresearch.com.br\/n\/uploads\/2019\/08\/7258062f-carteira-de-trabalhooo-jpg.webp\",\"keywords\":[\"Emprego\",\"Minist\u00e9rio da Economia\",\"Paulo Guedes\"],\"articleSection\":[\"Economia\"],\"inLanguage\":\"pt-BR\"},{\"@type\":\"WebPage\",\"@id\":\"https:\/\/www.suno.com.br\/noticias\/emprego-governo-marco-do-trabalho-contratacao\/\",\"url\":\"https:\/\/www.suno.com.br\/noticias\/emprego-governo-marco-do-trabalho-contratacao\/\",\"name\":\"Emprego: governo estuda novo marco do trabalho, segundo secret\u00e1rio\",\"isPartOf\":{\"@id\":\"https:\/\/www.suno.com.br\/noticias\/#website\"},\"primaryImageOfPage\":{\"@id\":\"https:\/\/www.suno.com.br\/noticias\/emprego-governo-marco-do-trabalho-contratacao\/#primaryimage\"},\"image\":{\"@id\":\"https:\/\/www.suno.com.br\/noticias\/emprego-governo-marco-do-trabalho-contratacao\/#primaryimage\"},\"thumbnailUrl\":\"https:\/\/files.sunoresearch.com.br\/n\/uploads\/2019\/08\/7258062f-carteira-de-trabalhooo-jpg.webp\",\"datePublished\":\"2020-07-02T23:18:12+00:00\",\"dateModified\":\"2021-06-02T01:03:05+00:00\",\"description\":\"Governo estuda novo marco do trabalho e Guedes diz que medidas para emprego ser\u00e3o comunicadas em breve. Clique aqui para saber mais.\",\"breadcrumb\":{\"@id\":\"https:\/\/www.suno.com.br\/noticias\/emprego-governo-marco-do-trabalho-contratacao\/#breadcrumb\"},\"inLanguage\":\"pt-BR\",\"potentialAction\":[{\"@type\":\"ReadAction\",\"target\":[\"https:\/\/www.suno.com.br\/noticias\/emprego-governo-marco-do-trabalho-contratacao\/\"]}]},{\"@type\":\"ImageObject\",\"inLanguage\":\"pt-BR\",\"@id\":\"https:\/\/www.suno.com.br\/noticias\/emprego-governo-marco-do-trabalho-contratacao\/#primaryimage\",\"url\":\"https:\/\/files.sunoresearch.com.br\/n\/uploads\/2019\/08\/7258062f-carteira-de-trabalhooo-jpg.webp\",\"contentUrl\":\"https:\/\/files.sunoresearch.com.br\/n\/uploads\/2019\/08\/7258062f-carteira-de-trabalhooo-jpg.webp\",\"width\":750,\"height\":507,\"caption\":\"Brasil cria 131 mil vagas de trabalho em julho, mostra Caged\"},{\"@type\":\"BreadcrumbList\",\"@id\":\"https:\/\/www.suno.com.br\/noticias\/emprego-governo-marco-do-trabalho-contratacao\/#breadcrumb\",\"itemListElement\":[{\"@type\":\"ListItem\",\"position\":1,\"name\":\"Not\u00edcias\",\"item\":\"https:\/\/www.suno.com.br\/noticias\/\"},{\"@type\":\"ListItem\",\"position\":2,\"name\":\"Economia\",\"item\":\"https:\/\/www.suno.com.br\/noticias\/economia\/\"},{\"@type\":\"ListItem\",\"position\":3,\"name\":\"Emprego: governo estuda novo marco do trabalho, segundo secret\u00e1rio\"}]},{\"@type\":\"WebSite\",\"@id\":\"https:\/\/www.suno.com.br\/noticias\/#website\",\"url\":\"https:\/\/www.suno.com.br\/noticias\/\",\"name\":\"Suno Not\u00edcias\",\"description\":\"Seu portal de informa\u00e7\u00e3o sobre o mundo dos investimentos\",\"publisher\":{\"@id\":\"https:\/\/www.suno.com.br\/noticias\/#organization\"},\"potentialAction\":[{\"@type\":\"SearchAction\",\"target\":{\"@type\":\"EntryPoint\",\"urlTemplate\":\"https:\/\/www.suno.com.br\/noticias\/?s={search_term_string}\"},\"query-input\":{\"@type\":\"PropertyValueSpecification\",\"valueRequired\":true,\"valueName\":\"search_term_string\"}}],\"inLanguage\":\"pt-BR\"},{\"@type\":\"Organization\",\"@id\":\"https:\/\/www.suno.com.br\/noticias\/#organization\",\"name\":\"Suno Not\u00edcias\",\"url\":\"https:\/\/www.suno.com.br\/noticias\/\",\"logo\":{\"@type\":\"ImageObject\",\"inLanguage\":\"pt-BR\",\"@id\":\"https:\/\/www.suno.com.br\/noticias\/#\/schema\/logo\/image\/\",\"url\":\"https:\/\/files.sunoresearch.com.br\/n\/uploads\/2021\/09\/suno-logo.png\",\"contentUrl\":\"https:\/\/files.sunoresearch.com.br\/n\/uploads\/2021\/09\/suno-logo.png\",\"width\":180,\"height\":180,\"caption\":\"Suno Not\u00edcias\"},\"image\":{\"@id\":\"https:\/\/www.suno.com.br\/noticias\/#\/schema\/logo\/image\/\"},\"sameAs\":[\"https:\/\/facebook.com\/sunoresearch\",\"https:\/\/x.com\/sunoresearch\",\"https:\/\/www.instagram.com\/suno\",\"https:\/\/www.linkedin.com\/company\/suno-research\/\",\"https:\/\/www.youtube.com\/c\/sunoresearch\"]},{\"@type\":\"Person\",\"@id\":\"https:\/\/www.suno.com.br\/noticias\/#\/schema\/person\/3df0d2808748b74496efe5dbeaef2c72\",\"name\":\"Laura Moutinho\",\"image\":{\"@type\":\"ImageObject\",\"inLanguage\":\"pt-BR\",\"@id\":\"https:\/\/www.suno.com.br\/noticias\/#\/schema\/person\/image\/\",\"url\":\"https:\/\/secure.gravatar.com\/avatar\/7571c7c8ca3a6fca5e41384ece5557ff?s=96&r=g\",\"contentUrl\":\"https:\/\/secure.gravatar.com\/avatar\/7571c7c8ca3a6fca5e41384ece5557ff?s=96&r=g\",\"caption\":\"Laura Moutinho\"},\"description\":\"Estagi\u00e1ria na Suno Not\u00edcias, escreve not\u00edcias que afetam o mercado financeiro. Estuda administra\u00e7\u00e3o na Universidade Presbiteriana Mackenzie.\",\"url\":\"https:\/\/www.suno.com.br\/noticias\/author\/laura-moutinho\/\"}]}<\/script>\n<!-- \/ Yoast SEO plugin. -->","yoast_head_json":{"title":"Emprego: governo estuda novo marco do trabalho, segundo secret\u00e1rio","description":"Governo estuda novo marco do trabalho e Guedes diz que medidas para emprego ser\u00e3o comunicadas em breve. Clique aqui para saber mais.","robots":{"index":"index","follow":"follow","max-snippet":"max-snippet:-1","max-image-preview":"max-image-preview:large","max-video-preview":"max-video-preview:-1"},"canonical":"https:\/\/www.suno.com.br\/noticias\/emprego-governo-marco-do-trabalho-contratacao\/","og_locale":"pt_BR","og_type":"article","og_title":"Emprego: governo estuda novo marco do trabalho, segundo secret\u00e1rio","og_description":"Governo estuda novo marco do trabalho e Guedes diz que medidas para emprego ser\u00e3o comunicadas em breve. Clique aqui para saber mais.","og_url":"https:\/\/www.suno.com.br\/noticias\/emprego-governo-marco-do-trabalho-contratacao\/","og_site_name":"Suno Not\u00edcias","article_publisher":"https:\/\/facebook.com\/sunoresearch","og_image":[{"width":750,"height":507,"url":"https:\/\/files.sunoresearch.com.br\/n\/uploads\/2019\/08\/7258062f-carteira-de-trabalhooo.jpg","type":"image\/jpeg"}],"author":"Laura Moutinho","twitter_card":"summary_large_image","twitter_creator":"@sunoresearch","twitter_site":"@sunoresearch","twitter_misc":{"Escrito por":"Laura Moutinho","Est. tempo de leitura":"2 minutos"},"schema":{"@context":"https:\/\/schema.org","@graph":[{"@type":"NewsArticle","@id":"https:\/\/www.suno.com.br\/noticias\/emprego-governo-marco-do-trabalho-contratacao\/#article","isPartOf":{"@id":"https:\/\/www.suno.com.br\/noticias\/emprego-governo-marco-do-trabalho-contratacao\/"},"author":{"name":"Laura Moutinho","@id":"https:\/\/www.suno.com.br\/noticias\/#\/schema\/person\/3df0d2808748b74496efe5dbeaef2c72"},"headline":"Emprego: governo estuda novo marco do trabalho, segundo secret\u00e1rio","datePublished":"2020-07-02T23:18:12+00:00","dateModified":"2021-06-02T01:03:05+00:00","mainEntityOfPage":{"@id":"https:\/\/www.suno.com.br\/noticias\/emprego-governo-marco-do-trabalho-contratacao\/"},"wordCount":419,"publisher":{"@id":"https:\/\/www.suno.com.br\/noticias\/#organization"},"image":{"@id":"https:\/\/www.suno.com.br\/noticias\/emprego-governo-marco-do-trabalho-contratacao\/#primaryimage"},"thumbnailUrl":"https:\/\/files.sunoresearch.com.br\/n\/uploads\/2019\/08\/7258062f-carteira-de-trabalhooo-jpg.webp","keywords":["Emprego","Minist\u00e9rio da Economia","Paulo Guedes"],"articleSection":["Economia"],"inLanguage":"pt-BR"},{"@type":"WebPage","@id":"https:\/\/www.suno.com.br\/noticias\/emprego-governo-marco-do-trabalho-contratacao\/","url":"https:\/\/www.suno.com.br\/noticias\/emprego-governo-marco-do-trabalho-contratacao\/","name":"Emprego: governo estuda novo marco do trabalho, segundo secret\u00e1rio","isPartOf":{"@id":"https:\/\/www.suno.com.br\/noticias\/#website"},"primaryImageOfPage":{"@id":"https:\/\/www.suno.com.br\/noticias\/emprego-governo-marco-do-trabalho-contratacao\/#primaryimage"},"image":{"@id":"https:\/\/www.suno.com.br\/noticias\/emprego-governo-marco-do-trabalho-contratacao\/#primaryimage"},"thumbnailUrl":"https:\/\/files.sunoresearch.com.br\/n\/uploads\/2019\/08\/7258062f-carteira-de-trabalhooo-jpg.webp","datePublished":"2020-07-02T23:18:12+00:00","dateModified":"2021-06-02T01:03:05+00:00","description":"Governo estuda novo marco do trabalho e Guedes diz que medidas para emprego ser\u00e3o comunicadas em breve. Clique aqui para saber mais.","breadcrumb":{"@id":"https:\/\/www.suno.com.br\/noticias\/emprego-governo-marco-do-trabalho-contratacao\/#breadcrumb"},"inLanguage":"pt-BR","potentialAction":[{"@type":"ReadAction","target":["https:\/\/www.suno.com.br\/noticias\/emprego-governo-marco-do-trabalho-contratacao\/"]}]},{"@type":"ImageObject","inLanguage":"pt-BR","@id":"https:\/\/www.suno.com.br\/noticias\/emprego-governo-marco-do-trabalho-contratacao\/#primaryimage","url":"https:\/\/files.sunoresearch.com.br\/n\/uploads\/2019\/08\/7258062f-carteira-de-trabalhooo-jpg.webp","contentUrl":"https:\/\/files.sunoresearch.com.br\/n\/uploads\/2019\/08\/7258062f-carteira-de-trabalhooo-jpg.webp","width":750,"height":507,"caption":"Brasil cria 131 mil vagas de trabalho em julho, mostra Caged"},{"@type":"BreadcrumbList","@id":"https:\/\/www.suno.com.br\/noticias\/emprego-governo-marco-do-trabalho-contratacao\/#breadcrumb","itemListElement":[{"@type":"ListItem","position":1,"name":"Not\u00edcias","item":"https:\/\/www.suno.com.br\/noticias\/"},{"@type":"ListItem","position":2,"name":"Economia","item":"https:\/\/www.suno.com.br\/noticias\/economia\/"},{"@type":"ListItem","position":3,"name":"Emprego: governo estuda novo marco do trabalho, segundo secret\u00e1rio"}]},{"@type":"WebSite","@id":"https:\/\/www.suno.com.br\/noticias\/#website","url":"https:\/\/www.suno.com.br\/noticias\/","name":"Suno Not\u00edcias","description":"Seu portal de informa\u00e7\u00e3o sobre o mundo dos investimentos","publisher":{"@id":"https:\/\/www.suno.com.br\/noticias\/#organization"},"potentialAction":[{"@type":"SearchAction","target":{"@type":"EntryPoint","urlTemplate":"https:\/\/www.suno.com.br\/noticias\/?s={search_term_string}"},"query-input":{"@type":"PropertyValueSpecification","valueRequired":true,"valueName":"search_term_string"}}],"inLanguage":"pt-BR"},{"@type":"Organization","@id":"https:\/\/www.suno.com.br\/noticias\/#organization","name":"Suno Not\u00edcias","url":"https:\/\/www.suno.com.br\/noticias\/","logo":{"@type":"ImageObject","inLanguage":"pt-BR","@id":"https:\/\/www.suno.com.br\/noticias\/#\/schema\/logo\/image\/","url":"https:\/\/files.sunoresearch.com.br\/n\/uploads\/2021\/09\/suno-logo.png","contentUrl":"https:\/\/files.sunoresearch.com.br\/n\/uploads\/2021\/09\/suno-logo.png","width":180,"height":180,"caption":"Suno Not\u00edcias"},"image":{"@id":"https:\/\/www.suno.com.br\/noticias\/#\/schema\/logo\/image\/"},"sameAs":["https:\/\/facebook.com\/sunoresearch","https:\/\/x.com\/sunoresearch","https:\/\/www.instagram.com\/suno","https:\/\/www.linkedin.com\/company\/suno-research\/","https:\/\/www.youtube.com\/c\/sunoresearch"]},{"@type":"Person","@id":"https:\/\/www.suno.com.br\/noticias\/#\/schema\/person\/3df0d2808748b74496efe5dbeaef2c72","name":"Laura Moutinho","image":{"@type":"ImageObject","inLanguage":"pt-BR","@id":"https:\/\/www.suno.com.br\/noticias\/#\/schema\/person\/image\/","url":"https:\/\/secure.gravatar.com\/avatar\/7571c7c8ca3a6fca5e41384ece5557ff?s=96&r=g","contentUrl":"https:\/\/secure.gravatar.com\/avatar\/7571c7c8ca3a6fca5e41384ece5557ff?s=96&r=g","caption":"Laura Moutinho"},"description":"Estagi\u00e1ria na Suno Not\u00edcias, escreve not\u00edcias que afetam o mercado financeiro. Estuda administra\u00e7\u00e3o na Universidade Presbiteriana Mackenzie.","url":"https:\/\/www.suno.com.br\/noticias\/author\/laura-moutinho\/"}]}},"default_loop_html":"<div class=\"cardsPage__listCard__boxs\"><div class=\"cardsPage__listCard__boxs__img\"><a href=\"https:\/\/www.suno.com.br\/noticias\/emprego-governo-marco-do-trabalho-contratacao\/\"><img class=\"mask\" src=\"https:\/\/www.suno.com.br\/noticias\/wp-content\/themes\/suno\/resources\/images\/spotlight\/spotlight1img\/bg-mask.png\" alt=\"Image Mask\"\/><img src=\"https:\/\/files.sunoresearch.com.br\/n\/uploads\/2019\/08\/7258062f-carteira-de-trabalhooo-400x200.webp\" alt=\"Emprego: governo estuda novo marco do trabalho, segundo secret\u00e1rio\"\/><\/a><span class=\"spotlightCategory\"><a href=\"https:\/\/www.suno.com.br\/noticias\/economia\/\">Economia<\/a><\/span><\/div><div class=\"cardsPage__listCard__boxs__content\"><a href=\"https:\/\/www.suno.com.br\/noticias\/emprego-governo-marco-do-trabalho-contratacao\/\"><h2 class=\"content__title\">Emprego: governo estuda novo marco do trabalho, segundo secret\u00e1rio<\/h2><\/a><div class=\"newsContent__article__meta\"><div class=\"newsContent__article__meta__authorBox\"><a href=\"https:\/\/www.suno.com.br\/noticias\/author\/laura-moutinho\/\" class=\"authorBox__avatar noMobi\"><img src=\"https:\/\/files.sunoresearch.com.br\/n\/uploads\/2020\/08\/531ff69d-whatsapp-image-2020-08-03-at-14.54.38-150x150.webp\" alt=\"Laura Moutinho\"><\/a><div class=\"authorBox__name\"><span>por\n\t\t\t<a href=\"https:\/\/www.suno.com.br\/noticias\/author\/laura-moutinho\/\"><span itemprop=\"author\">Laura Moutinho<\/span><\/a><\/span><time datetime=\"2020-07-02T20:18:12-03:00\" itemprop=\"datePublished\">02\/07\/2020 20:18<\/time><\/div><\/div><\/div><\/div><\/div>","single_layout":"posts","amp_enabled":true,"_links":{"self":[{"href":"https:\/\/www.suno.com.br\/noticias\/wp-json\/wp\/v2\/posts\/71609"}],"collection":[{"href":"https:\/\/www.suno.com.br\/noticias\/wp-json\/wp\/v2\/posts"}],"about":[{"href":"https:\/\/www.suno.com.br\/noticias\/wp-json\/wp\/v2\/types\/post"}],"author":[{"embeddable":true,"href":"https:\/\/www.suno.com.br\/noticias\/wp-json\/wp\/v2\/users\/39"}],"replies":[{"embeddable":true,"href":"https:\/\/www.suno.com.br\/noticias\/wp-json\/wp\/v2\/comments?post=71609"}],"version-history":[{"count":1,"href":"https:\/\/www.suno.com.br\/noticias\/wp-json\/wp\/v2\/posts\/71609\/revisions"}],"predecessor-version":[{"id":153872,"href":"https:\/\/www.suno.com.br\/noticias\/wp-json\/wp\/v2\/posts\/71609\/revisions\/153872"}],"wp:featuredmedia":[{"embeddable":true,"href":"https:\/\/www.suno.com.br\/noticias\/wp-json\/wp\/v2\/media\/35981"}],"wp:attachment":[{"href":"https:\/\/www.suno.com.br\/noticias\/wp-json\/wp\/v2\/media?parent=71609"}],"wp:term":[{"taxonomy":"category","embeddable":true,"href":"https:\/\/www.suno.com.br\/noticias\/wp-json\/wp\/v2\/categories?post=71609"},{"taxonomy":"post_tag","embeddable":true,"href":"https:\/\/www.suno.com.br\/noticias\/wp-json\/wp\/v2\/tags?post=71609"},{"taxonomy":"suno_strategy","embeddable":true,"href":"https:\/\/www.suno.com.br\/noticias\/wp-json\/wp\/v2\/suno_strategy?post=71609"}],"curies":[{"name":"wp","href":"https:\/\/api.w.org\/{rel}","templated":true}]}}