{"id":71567,"date":"2020-07-03T19:41:38","date_gmt":"2020-07-03T22:41:38","guid":{"rendered":"https:\/\/www.suno.com.br\/noticias\/?p=71567"},"modified":"2020-07-06T11:49:26","modified_gmt":"2020-07-06T14:49:26","slug":"small-caps-valorizacao-junho-2020","status":"publish","type":"post","link":"https:\/\/www.suno.com.br\/noticias\/small-caps-valorizacao-junho-2020\/","title":{"rendered":"Veja as small caps que mais valorizaram em junho"},"content":{"rendered":"<p>Junho foi um m\u00eas de grande otimismo no mercado acion\u00e1rio brasileiro. Sobretudo nas primeiras semanas de preg\u00e3o, o <a href=\"https:\/\/www.suno.com.br\/artigos\/ibovespa\/\">Ibovespa<\/a> apresentou forte alta, acarretando em um avan\u00e7o de 8,76% ap\u00f3s os 21 dias de negocia\u00e7\u00f5es, e com as <a href=\"https:\/\/www.suno.com.br\/nossas-assinaturas\/suno-small-caps\/\"><strong>small caps<\/strong><\/a> n\u00e3o foi diferente.<\/p>\t<div class=\"wrapper-featured-image\">\n\t\t<figure class=\"spotlightImg\">\n\n\t\t\t<picture>\n\t\t\t\t<source media=\"(max-width: 768px)\" srcset=\"https:\/\/files.sunoresearch.com.br\/n\/uploads\/2018\/10\/1215868e-ibovespa-1-400x200.webp\">\n\t\t\t\t<img loading=\"lazy\" decoding=\"async\" class=\"newsContent__article__imgCapa lazyloadDisabled newsContent__article__imgCapa--noCaption\" src=\"https:\/\/files.sunoresearch.com.br\/n\/uploads\/2018\/10\/1215868e-ibovespa-1-800x450.webp\" width=\"800\" height=\"450\" alt=\"Veja as small caps que mais valorizaram em junho\" fetchpriority=high \/>\n\t\t\t<\/picture>\n\n\t\t\t<figcaption class=\"wp-caption-text wp-caption-text--hide\">Veja as small caps que mais valorizaram em junho<\/figcaption>\n\t\t<\/figure>\n\t<\/div>\n\n\n\n<p>Algumas das small caps decolaram no m\u00eas encerrado na \u00faltima ter\u00e7a-feira (30), mesmo em meio \u00e0s incertezas econ\u00f4micas em fun\u00e7\u00e3o da pandemia do <a href=\"https:\/\/www.suno.com.br\/noticias\/?s=coronavirus\">novo <strong>coronav\u00edrus<\/strong> (Covid-19)<\/a>.<\/p>\n<p>O <a href=\"https:\/\/www.suno.com.br\/artigos\/smal11\/\"><strong>SMAL11<\/strong>, ETF que replica a carteira te\u00f3rica de small caps do mercado<\/a>, subiu 13,89% em junho. Apresentando um desempenho acima do \u00edndice, seguindo seus crit\u00e9rios metodol\u00f3gicos, confira quais foram as quatro a\u00e7\u00f5es que mais valorizaram desde o primeiro dia do m\u00eas, salientando que esta mat\u00e9ria <strong>n\u00e3o \u00e9 uma recomenda\u00e7\u00e3o de investimento<\/strong>.<\/p>\n<p><a href=\"https:\/\/lp.suno.com.br\/suno-one\/\">No Suno One voc\u00ea aprende a fazer seu dinheiro trabalhar para voc\u00ea. Cadastre-se gratuitamente agora!<\/a><\/p>\n<h2>Tecnisa<\/h2>\n<p>Fundada em 1977, a <a href=\"https:\/\/www.suno.com.br\/acoes\/tcsa3\/\"><strong>Tecnisa<\/strong> (TCSA3)<\/a> iniciou suas atividades por meio de seu escrit\u00f3rio de engenharia por mais de uma d\u00e9cada. Atualmente, mais de 40 anos depois, \u00e9 conhecida por ter vencido diversos pr\u00eamios de atendimento ao cliente, al\u00e9m de ter sido uma das primeiras contrutoras a ter aberto capital na <a href=\"https:\/\/www.suno.com.br\/artigos\/b3\/\">Bolsa de Valores de S\u00e3o Paulo (<strong>B3<\/strong>)<\/a>, em 2007. Entretanto, a companhia passa por um momento de turbul\u00eancia.<\/p>\n<p>Segundo o especialista em renda vari\u00e1vel da <a href=\"https:\/\/www.suno.com.br\/\"><strong>SUNO Research<\/strong><\/a>, Evandro Medeiros, &#8220;a companhia fez um bom trabalho na reestrutura\u00e7\u00e3o da sua d\u00edvida, que passou de um custo m\u00e9dio de 12% a.a. no primeiro trimestre de 2019, para 7% a.a. no mesmo trimestre deste ano&#8221;.<\/p>\n<p>&#8220;No ano passado, a Tecnsa realizou um aumento de capital que a permitiu adquirir novos terrenos, mas isso n\u00e3o se traduziu em melhorias operacionais. A Tecnisa ainda \u00e9 menos eficiente que seus pares que operam no mercado de S\u00e3o Paulo e precisa cortar custos para alcan\u00e7ar seu <strong>turnaround<\/strong>.<\/p>\n<p>Em junho, os pap\u00e9is da Tecnisa subiram 68,13%, terminando o m\u00eas sendo cotados a R$ 12,61. Nos \u00faltimos 12 meses, no entanto, as a\u00e7\u00f5es da construtora ainda apresentam uma desvaloriza\u00e7\u00e3o de 3,48%.<\/p>\n<h2>Direcional<\/h2>\n<p>A mineira <a href=\"https:\/\/www.suno.com.br\/acoes\/dirr3\/\"><strong>Direcional<\/strong> (DIRR3)<\/a>, fundada em 1981, passou a desbravar o Brasil, expandindo suas opera\u00e7\u00f5es, somente em 1992. A companhia passou a ser listada na bolsa brasileira em 2008. Desde 2018, a companhia \u00e9 centrada em tr\u00eas pilares que guiam seus neg\u00f3cios:<\/p>\n<ul>\n<li>Ado\u00e7\u00e3o de um modelo industrializado de baixo custo;<\/li>\n<li>Repasse dos clientes simultaneamente \u00e0s vendas, o que reduz a chance de distratos e emprego de capital pr\u00f3prio nos empreendimentos;<\/li>\n<li>Funding proveniente do <strong>FGTS<\/strong>, que possui recursos para financiar a habita\u00e7\u00e3o popular onde concentra a maior demanda por unidades.<\/li>\n<\/ul>\n<p>&#8220;Em linha com as outras construtoras, a Direcional planeja reduzir os lan\u00e7amentos por conta da <strong>pandemia<\/strong>. Os distratos subiram 27,7% e d\u00edvida caiu quase pela metade quando comparado ao primeiro trimestre do ano passado&#8221;, diz Medeiros.<\/p>\n<p><a href=\"https:\/\/www.suno.com.br\/noticias\/tesla-vendas-segundo-trimestre-surpreendem\/\">Veja tamb\u00e9m: Tesla vende mais do que o esperado no 2T20; a\u00e7\u00f5es sobem 7%<\/a><\/p>\n<p>&#8220;Sua exposi\u00e7\u00e3o ao segmento de baixa renda \u00e9 um fator de risco, 79% do estoque em VGV \u00e9 Minha Casa Minha Vida, e somente 21% representa M\u00e9dio-Alto Padr\u00e3o. Quase metade dos lan\u00e7amentos foi no RJ, e cerca de \u00bc em MG e outro \u00bc no DF, e essas geografias embutem maior risco que o mercado paulistano&#8221;, salientou o especialista.<\/p>\n<p>No m\u00eas passado, a empresa fechou o m\u00eas com um avan\u00e7o de 64,26%, sendo negociadas a R$ 15,72. Dessa forma, a Direcional possui um <a href=\"https:\/\/www.suno.com.br\/artigos\/valor-de-mercado\/#:~:text=O%20Valor%20de%20Mercado%20%C3%A9,o%20patrim%C3%B4nio%20l%C3%ADquido%20da%20empresa.\">valor de mercado<\/a> de R$ 2,46 bilh\u00f5es.<\/p>\n<h2>Helbor<\/h2>\n<p>A <a href=\"https:\/\/www.suno.com.br\/acoes\/hbor3\/\"><strong>Helbor<\/strong> (HBOR3)<\/a> \u00e9 mais uma das construtoras que apresentou um \u00f3timo desempenho acion\u00e1rio em junho. <a href=\"https:\/\/www.suno.com.br\/noticias\/economia-recuperacao-inicial-v-campos-neto\/\">As expectativas pela recupera\u00e7\u00e3o da economia, no per\u00edodo p\u00f3s-crise<\/a>, fizeram com que as a\u00e7\u00f5es da empresa encerrassem o m\u00eas com uma alta de 62,09%.<\/p>\n<p>Ao longo de seus 42 anos de hist\u00f3ria, a companhia diz ter desenvolvido &#8220;expertise significativa na \u00e1rea de incorpora\u00e7\u00e3o de empreendimentos imobili\u00e1rios com o desenvolvimento de mais de 240 projetos&#8221;.<\/p>\n<p>Medeiros disse que, para a Helbor, &#8220;as obras n\u00e3o foram paralisadas e o ritmo permanece normal. Os distratos observaram queda de 18,71% frente ao primeiro trimestre do ano passado e \u00e9 importante observar como se comportar\u00e3o ao longo de 2020&#8221;.<\/p>\n<p>&#8220;A <strong>d\u00edvida<\/strong> \u00e9 relativamente alta, representando 55,2% do patrim\u00f4nio l\u00edquido, apesar da queda 81,40 pontos percentuais em compara\u00e7\u00e3o ao mesmo per\u00eddo de 2019, muito por conta do aumento de capital do ano passado&#8221;, disse.<\/p>\n<p>Os pap\u00e9is da Helbor encerraram o m\u00eas passado sendo negociadas a R$ 2,95. Nos \u00faltimos 12 meses, as a\u00e7\u00f5es da companhia apresentaram uma expressiva valoriza\u00e7\u00e3o de 80,81%.<\/p>\n<h2>Banco Pan<\/h2>\n<p>O <a href=\"https:\/\/www.suno.com.br\/acoes\/bpan4\/\"><strong>Banco Pan<\/strong> (BPAN4)<\/a> \u00e9 um banco m\u00e9dio focado em atender a Pessoa F\u00edsica, sobretudo ofertando cr\u00e9dito consignado (empr\u00e9stimo e cart\u00e3o de cr\u00e9dito), financiamento de ve\u00edculos, seguros, entre outros.<\/p>\n<p>O <a href=\"https:\/\/www.suno.com.br\/acoes\/bpac11\/\"><strong>BTG Pactual<\/strong> (BPAC11)<\/a> e a Caixa Econ\u00f4mica Federal det\u00eam participa\u00e7\u00f5es de 41,2% e 34,3%, respectivamente, na empresa. O <a href=\"https:\/\/www.suno.com.br\/artigos\/free-float\/#:~:text=Esse%20%C3%A9%20um%20termo%20comum,Free%20quer%20dizer%20%E2%80%9Clivre%E2%80%9D.&amp;text=A%C3%A7%C3%B5es%20detidas%20por%20administradores%20da%20companhia\"><em>free float<\/em><\/a> das a\u00e7\u00f5es, segundo informa\u00e7\u00f5es da institui\u00e7\u00e3o financeira, \u00e9 de 24,5%.<\/p>\n<p><a href=\"https:\/\/www.suno.com.br\/noticias\/lemonade-startup-softbank-nyse-ipo\/\">Saiba mais: Lemonade, startup apoiada por SoftBank, abre capital na Nyse<\/a><\/p>\n<p>&#8220;O banco encerrou o primeiro trimestre com um \u00cdndice de Basileia confort\u00e1vel, de 15,7%. O consignado representa mais de 50% da carteira, que \u00e9 uma modalidade de cr\u00e9dito com baixo risco, por outro lado, 37% da carteira \u00e9 composta por cr\u00e9dito de ve\u00edculos, que tem perfil mais arrojado e \u00e9 preciso ficar atento com a evolu\u00e7\u00e3o da inadimpl\u00eancia&#8221;, disse Medeiros.<\/p>\n<p>O Pan encerrou encerrou junho com um aumento de 57,32% em suas a\u00e7\u00f5es, sendo a quarta empresa dentre as <strong>small caps<\/strong> que melhor desempenharam no m\u00eas. O valor de mercado do banco, dessa forma, atingiu R$ 11,002 bilh\u00f5es. Os pap\u00e9is estavam cotados a R$ 9,13.<\/p>\n\n","protected":false},"excerpt":{"rendered":"<p>Junho foi um m\u00eas de grande otimismo no mercado acion\u00e1rio brasileiro. Sobretudo nas primeiras semanas de preg\u00e3o, o Ibovespa apresentou forte alta, acarretando em um avan\u00e7o de 8,76% ap\u00f3s os 21 dias de negocia\u00e7\u00f5es, e com as small caps n\u00e3o foi diferente. Veja as small caps que mais valorizaram em junho Algumas das small caps [&hellip;]<\/p>\n","protected":false},"author":24,"featured_media":4683,"comment_status":"closed","ping_status":"closed","sticky":false,"template":"","format":"standard","meta":[],"categories":[60],"tags":[370,446,498,304,652],"suno_strategy":[],"class_list":["post-71567","post","type-post","status-publish","format-standard","has-post-thumbnail","hentry","category-mercado","tag-banco-pan-bpan4","tag-direcional-dirr3","tag-helbor-hbor3","tag-small-caps","tag-tecnisa-tcsa3"],"yoast_head":"<!-- This site is optimized with the Yoast SEO plugin v24.4 - https:\/\/yoast.com\/wordpress\/plugins\/seo\/ -->\n<title>Small caps: veja as que mais valorizaram em junho<\/title>\n<meta name=\"description\" content=\"O Ibovespa fechou junho de forma positiva, a exemplo do desempenho de maio, assim como as small caps. Clique aqui e saiba mais.\" \/>\n<meta name=\"robots\" content=\"index, follow, max-snippet:-1, max-image-preview:large, max-video-preview:-1\" \/>\n<link rel=\"canonical\" href=\"https:\/\/www.suno.com.br\/noticias\/small-caps-valorizacao-junho-2020\/\" \/>\n<meta property=\"og:locale\" content=\"pt_BR\" \/>\n<meta property=\"og:type\" content=\"article\" \/>\n<meta property=\"og:title\" content=\"Small caps: veja as que mais valorizaram em junho\" \/>\n<meta property=\"og:description\" content=\"O Ibovespa fechou junho de forma positiva, a exemplo do desempenho de maio, assim como as small caps. Clique aqui e saiba mais.\" \/>\n<meta property=\"og:url\" content=\"https:\/\/www.suno.com.br\/noticias\/small-caps-valorizacao-junho-2020\/\" \/>\n<meta property=\"og:site_name\" content=\"Suno Not\u00edcias\" \/>\n<meta property=\"article:publisher\" content=\"https:\/\/facebook.com\/sunoresearch\" \/>\n<meta property=\"og:image\" content=\"https:\/\/files.sunoresearch.com.br\/n\/uploads\/2018\/10\/1215868e-ibovespa-1.jpg\" \/>\n\t<meta property=\"og:image:width\" content=\"1920\" \/>\n\t<meta property=\"og:image:height\" content=\"1357\" \/>\n\t<meta property=\"og:image:type\" content=\"image\/jpeg\" \/>\n<meta name=\"author\" content=\"Jader Lazarini\" \/>\n<meta name=\"twitter:card\" content=\"summary_large_image\" \/>\n<meta name=\"twitter:creator\" content=\"@sunoresearch\" \/>\n<meta name=\"twitter:site\" content=\"@sunoresearch\" \/>\n<meta name=\"twitter:label1\" content=\"Escrito por\" \/>\n\t<meta name=\"twitter:data1\" content=\"Jader Lazarini\" \/>\n\t<meta name=\"twitter:label2\" content=\"Est. tempo de leitura\" \/>\n\t<meta name=\"twitter:data2\" content=\"5 minutos\" \/>\n<script type=\"application\/ld+json\" class=\"yoast-schema-graph\">{\"@context\":\"https:\/\/schema.org\",\"@graph\":[{\"@type\":\"NewsArticle\",\"@id\":\"https:\/\/www.suno.com.br\/noticias\/small-caps-valorizacao-junho-2020\/#article\",\"isPartOf\":{\"@id\":\"https:\/\/www.suno.com.br\/noticias\/small-caps-valorizacao-junho-2020\/\"},\"author\":{\"name\":\"Jader Lazarini\",\"@id\":\"https:\/\/www.suno.com.br\/noticias\/#\/schema\/person\/918d79de1f0281f01599b93f9ea6e23f\"},\"headline\":\"Veja as small caps que mais valorizaram em junho\",\"datePublished\":\"2020-07-03T22:41:38+00:00\",\"dateModified\":\"2020-07-06T14:49:26+00:00\",\"mainEntityOfPage\":{\"@id\":\"https:\/\/www.suno.com.br\/noticias\/small-caps-valorizacao-junho-2020\/\"},\"wordCount\":965,\"publisher\":{\"@id\":\"https:\/\/www.suno.com.br\/noticias\/#organization\"},\"image\":{\"@id\":\"https:\/\/www.suno.com.br\/noticias\/small-caps-valorizacao-junho-2020\/#primaryimage\"},\"thumbnailUrl\":\"https:\/\/files.sunoresearch.com.br\/n\/uploads\/2018\/10\/1215868e-ibovespa-1-jpg.webp\",\"keywords\":[\"Banco Pan (BPAN4)\",\"Direcional (DIRR3)\",\"Helbor (HBOR3)\",\"Small Caps\",\"Tecnisa (TCSA3)\"],\"articleSection\":[\"Mercado\"],\"inLanguage\":\"pt-BR\"},{\"@type\":\"WebPage\",\"@id\":\"https:\/\/www.suno.com.br\/noticias\/small-caps-valorizacao-junho-2020\/\",\"url\":\"https:\/\/www.suno.com.br\/noticias\/small-caps-valorizacao-junho-2020\/\",\"name\":\"Small caps: veja as que mais valorizaram em junho\",\"isPartOf\":{\"@id\":\"https:\/\/www.suno.com.br\/noticias\/#website\"},\"primaryImageOfPage\":{\"@id\":\"https:\/\/www.suno.com.br\/noticias\/small-caps-valorizacao-junho-2020\/#primaryimage\"},\"image\":{\"@id\":\"https:\/\/www.suno.com.br\/noticias\/small-caps-valorizacao-junho-2020\/#primaryimage\"},\"thumbnailUrl\":\"https:\/\/files.sunoresearch.com.br\/n\/uploads\/2018\/10\/1215868e-ibovespa-1-jpg.webp\",\"datePublished\":\"2020-07-03T22:41:38+00:00\",\"dateModified\":\"2020-07-06T14:49:26+00:00\",\"description\":\"O Ibovespa fechou junho de forma positiva, a exemplo do desempenho de maio, assim como as small caps. Clique aqui e saiba mais.\",\"breadcrumb\":{\"@id\":\"https:\/\/www.suno.com.br\/noticias\/small-caps-valorizacao-junho-2020\/#breadcrumb\"},\"inLanguage\":\"pt-BR\",\"potentialAction\":[{\"@type\":\"ReadAction\",\"target\":[\"https:\/\/www.suno.com.br\/noticias\/small-caps-valorizacao-junho-2020\/\"]}]},{\"@type\":\"ImageObject\",\"inLanguage\":\"pt-BR\",\"@id\":\"https:\/\/www.suno.com.br\/noticias\/small-caps-valorizacao-junho-2020\/#primaryimage\",\"url\":\"https:\/\/files.sunoresearch.com.br\/n\/uploads\/2018\/10\/1215868e-ibovespa-1-jpg.webp\",\"contentUrl\":\"https:\/\/files.sunoresearch.com.br\/n\/uploads\/2018\/10\/1215868e-ibovespa-1-jpg.webp\",\"width\":1920,\"height\":1357,\"caption\":\"Veja as small caps que mais valorizaram em junho\"},{\"@type\":\"BreadcrumbList\",\"@id\":\"https:\/\/www.suno.com.br\/noticias\/small-caps-valorizacao-junho-2020\/#breadcrumb\",\"itemListElement\":[{\"@type\":\"ListItem\",\"position\":1,\"name\":\"Not\u00edcias\",\"item\":\"https:\/\/www.suno.com.br\/noticias\/\"},{\"@type\":\"ListItem\",\"position\":2,\"name\":\"Mercado\",\"item\":\"https:\/\/www.suno.com.br\/noticias\/mercado\/\"},{\"@type\":\"ListItem\",\"position\":3,\"name\":\"Veja as small caps que mais valorizaram em junho\"}]},{\"@type\":\"WebSite\",\"@id\":\"https:\/\/www.suno.com.br\/noticias\/#website\",\"url\":\"https:\/\/www.suno.com.br\/noticias\/\",\"name\":\"Suno Not\u00edcias\",\"description\":\"Seu portal de informa\u00e7\u00e3o sobre o mundo dos investimentos\",\"publisher\":{\"@id\":\"https:\/\/www.suno.com.br\/noticias\/#organization\"},\"potentialAction\":[{\"@type\":\"SearchAction\",\"target\":{\"@type\":\"EntryPoint\",\"urlTemplate\":\"https:\/\/www.suno.com.br\/noticias\/?s={search_term_string}\"},\"query-input\":{\"@type\":\"PropertyValueSpecification\",\"valueRequired\":true,\"valueName\":\"search_term_string\"}}],\"inLanguage\":\"pt-BR\"},{\"@type\":\"Organization\",\"@id\":\"https:\/\/www.suno.com.br\/noticias\/#organization\",\"name\":\"Suno Not\u00edcias\",\"url\":\"https:\/\/www.suno.com.br\/noticias\/\",\"logo\":{\"@type\":\"ImageObject\",\"inLanguage\":\"pt-BR\",\"@id\":\"https:\/\/www.suno.com.br\/noticias\/#\/schema\/logo\/image\/\",\"url\":\"https:\/\/files.sunoresearch.com.br\/n\/uploads\/2021\/09\/suno-logo.png\",\"contentUrl\":\"https:\/\/files.sunoresearch.com.br\/n\/uploads\/2021\/09\/suno-logo.png\",\"width\":180,\"height\":180,\"caption\":\"Suno Not\u00edcias\"},\"image\":{\"@id\":\"https:\/\/www.suno.com.br\/noticias\/#\/schema\/logo\/image\/\"},\"sameAs\":[\"https:\/\/facebook.com\/sunoresearch\",\"https:\/\/x.com\/sunoresearch\",\"https:\/\/www.instagram.com\/suno\",\"https:\/\/www.linkedin.com\/company\/suno-research\/\",\"https:\/\/www.youtube.com\/c\/sunoresearch\"]},{\"@type\":\"Person\",\"@id\":\"https:\/\/www.suno.com.br\/noticias\/#\/schema\/person\/918d79de1f0281f01599b93f9ea6e23f\",\"name\":\"Jader Lazarini\",\"image\":{\"@type\":\"ImageObject\",\"inLanguage\":\"pt-BR\",\"@id\":\"https:\/\/www.suno.com.br\/noticias\/#\/schema\/person\/image\/\",\"url\":\"https:\/\/secure.gravatar.com\/avatar\/3c1ad8caa51589841baeb923fcddea97?s=96&r=g\",\"contentUrl\":\"https:\/\/secure.gravatar.com\/avatar\/3c1ad8caa51589841baeb923fcddea97?s=96&r=g\",\"caption\":\"Jader Lazarini\"},\"description\":\"Jader Lazarini escreve sobre investimentos, finan\u00e7as, economia e neg\u00f3cios. \u00c9 bacharel em Rela\u00e7\u00f5es Internacionais e analista CNPI (2619).\",\"url\":\"https:\/\/www.suno.com.br\/noticias\/author\/jader-lazarini\/\"}]}<\/script>\n<!-- \/ Yoast SEO plugin. -->","yoast_head_json":{"title":"Small caps: veja as que mais valorizaram em junho","description":"O Ibovespa fechou junho de forma positiva, a exemplo do desempenho de maio, assim como as small caps. Clique aqui e saiba mais.","robots":{"index":"index","follow":"follow","max-snippet":"max-snippet:-1","max-image-preview":"max-image-preview:large","max-video-preview":"max-video-preview:-1"},"canonical":"https:\/\/www.suno.com.br\/noticias\/small-caps-valorizacao-junho-2020\/","og_locale":"pt_BR","og_type":"article","og_title":"Small caps: veja as que mais valorizaram em junho","og_description":"O Ibovespa fechou junho de forma positiva, a exemplo do desempenho de maio, assim como as small caps. Clique aqui e saiba mais.","og_url":"https:\/\/www.suno.com.br\/noticias\/small-caps-valorizacao-junho-2020\/","og_site_name":"Suno Not\u00edcias","article_publisher":"https:\/\/facebook.com\/sunoresearch","og_image":[{"width":1920,"height":1357,"url":"https:\/\/files.sunoresearch.com.br\/n\/uploads\/2018\/10\/1215868e-ibovespa-1.jpg","type":"image\/jpeg"}],"author":"Jader Lazarini","twitter_card":"summary_large_image","twitter_creator":"@sunoresearch","twitter_site":"@sunoresearch","twitter_misc":{"Escrito por":"Jader Lazarini","Est. tempo de leitura":"5 minutos"},"schema":{"@context":"https:\/\/schema.org","@graph":[{"@type":"NewsArticle","@id":"https:\/\/www.suno.com.br\/noticias\/small-caps-valorizacao-junho-2020\/#article","isPartOf":{"@id":"https:\/\/www.suno.com.br\/noticias\/small-caps-valorizacao-junho-2020\/"},"author":{"name":"Jader Lazarini","@id":"https:\/\/www.suno.com.br\/noticias\/#\/schema\/person\/918d79de1f0281f01599b93f9ea6e23f"},"headline":"Veja as small caps que mais valorizaram em junho","datePublished":"2020-07-03T22:41:38+00:00","dateModified":"2020-07-06T14:49:26+00:00","mainEntityOfPage":{"@id":"https:\/\/www.suno.com.br\/noticias\/small-caps-valorizacao-junho-2020\/"},"wordCount":965,"publisher":{"@id":"https:\/\/www.suno.com.br\/noticias\/#organization"},"image":{"@id":"https:\/\/www.suno.com.br\/noticias\/small-caps-valorizacao-junho-2020\/#primaryimage"},"thumbnailUrl":"https:\/\/files.sunoresearch.com.br\/n\/uploads\/2018\/10\/1215868e-ibovespa-1-jpg.webp","keywords":["Banco Pan (BPAN4)","Direcional (DIRR3)","Helbor (HBOR3)","Small Caps","Tecnisa (TCSA3)"],"articleSection":["Mercado"],"inLanguage":"pt-BR"},{"@type":"WebPage","@id":"https:\/\/www.suno.com.br\/noticias\/small-caps-valorizacao-junho-2020\/","url":"https:\/\/www.suno.com.br\/noticias\/small-caps-valorizacao-junho-2020\/","name":"Small caps: veja as que mais valorizaram em junho","isPartOf":{"@id":"https:\/\/www.suno.com.br\/noticias\/#website"},"primaryImageOfPage":{"@id":"https:\/\/www.suno.com.br\/noticias\/small-caps-valorizacao-junho-2020\/#primaryimage"},"image":{"@id":"https:\/\/www.suno.com.br\/noticias\/small-caps-valorizacao-junho-2020\/#primaryimage"},"thumbnailUrl":"https:\/\/files.sunoresearch.com.br\/n\/uploads\/2018\/10\/1215868e-ibovespa-1-jpg.webp","datePublished":"2020-07-03T22:41:38+00:00","dateModified":"2020-07-06T14:49:26+00:00","description":"O Ibovespa fechou junho de forma positiva, a exemplo do desempenho de maio, assim como as small caps. Clique aqui e saiba mais.","breadcrumb":{"@id":"https:\/\/www.suno.com.br\/noticias\/small-caps-valorizacao-junho-2020\/#breadcrumb"},"inLanguage":"pt-BR","potentialAction":[{"@type":"ReadAction","target":["https:\/\/www.suno.com.br\/noticias\/small-caps-valorizacao-junho-2020\/"]}]},{"@type":"ImageObject","inLanguage":"pt-BR","@id":"https:\/\/www.suno.com.br\/noticias\/small-caps-valorizacao-junho-2020\/#primaryimage","url":"https:\/\/files.sunoresearch.com.br\/n\/uploads\/2018\/10\/1215868e-ibovespa-1-jpg.webp","contentUrl":"https:\/\/files.sunoresearch.com.br\/n\/uploads\/2018\/10\/1215868e-ibovespa-1-jpg.webp","width":1920,"height":1357,"caption":"Veja as small caps que mais valorizaram em junho"},{"@type":"BreadcrumbList","@id":"https:\/\/www.suno.com.br\/noticias\/small-caps-valorizacao-junho-2020\/#breadcrumb","itemListElement":[{"@type":"ListItem","position":1,"name":"Not\u00edcias","item":"https:\/\/www.suno.com.br\/noticias\/"},{"@type":"ListItem","position":2,"name":"Mercado","item":"https:\/\/www.suno.com.br\/noticias\/mercado\/"},{"@type":"ListItem","position":3,"name":"Veja as small caps que mais valorizaram em junho"}]},{"@type":"WebSite","@id":"https:\/\/www.suno.com.br\/noticias\/#website","url":"https:\/\/www.suno.com.br\/noticias\/","name":"Suno Not\u00edcias","description":"Seu portal de informa\u00e7\u00e3o sobre o mundo dos investimentos","publisher":{"@id":"https:\/\/www.suno.com.br\/noticias\/#organization"},"potentialAction":[{"@type":"SearchAction","target":{"@type":"EntryPoint","urlTemplate":"https:\/\/www.suno.com.br\/noticias\/?s={search_term_string}"},"query-input":{"@type":"PropertyValueSpecification","valueRequired":true,"valueName":"search_term_string"}}],"inLanguage":"pt-BR"},{"@type":"Organization","@id":"https:\/\/www.suno.com.br\/noticias\/#organization","name":"Suno Not\u00edcias","url":"https:\/\/www.suno.com.br\/noticias\/","logo":{"@type":"ImageObject","inLanguage":"pt-BR","@id":"https:\/\/www.suno.com.br\/noticias\/#\/schema\/logo\/image\/","url":"https:\/\/files.sunoresearch.com.br\/n\/uploads\/2021\/09\/suno-logo.png","contentUrl":"https:\/\/files.sunoresearch.com.br\/n\/uploads\/2021\/09\/suno-logo.png","width":180,"height":180,"caption":"Suno Not\u00edcias"},"image":{"@id":"https:\/\/www.suno.com.br\/noticias\/#\/schema\/logo\/image\/"},"sameAs":["https:\/\/facebook.com\/sunoresearch","https:\/\/x.com\/sunoresearch","https:\/\/www.instagram.com\/suno","https:\/\/www.linkedin.com\/company\/suno-research\/","https:\/\/www.youtube.com\/c\/sunoresearch"]},{"@type":"Person","@id":"https:\/\/www.suno.com.br\/noticias\/#\/schema\/person\/918d79de1f0281f01599b93f9ea6e23f","name":"Jader Lazarini","image":{"@type":"ImageObject","inLanguage":"pt-BR","@id":"https:\/\/www.suno.com.br\/noticias\/#\/schema\/person\/image\/","url":"https:\/\/secure.gravatar.com\/avatar\/3c1ad8caa51589841baeb923fcddea97?s=96&r=g","contentUrl":"https:\/\/secure.gravatar.com\/avatar\/3c1ad8caa51589841baeb923fcddea97?s=96&r=g","caption":"Jader Lazarini"},"description":"Jader Lazarini escreve sobre investimentos, finan\u00e7as, economia e neg\u00f3cios. \u00c9 bacharel em Rela\u00e7\u00f5es Internacionais e analista CNPI (2619).","url":"https:\/\/www.suno.com.br\/noticias\/author\/jader-lazarini\/"}]}},"default_loop_html":"<div class=\"cardsPage__listCard__boxs\"><div class=\"cardsPage__listCard__boxs__img\"><a href=\"https:\/\/www.suno.com.br\/noticias\/small-caps-valorizacao-junho-2020\/\"><img class=\"mask\" src=\"https:\/\/www.suno.com.br\/noticias\/wp-content\/themes\/suno\/resources\/images\/spotlight\/spotlight1img\/bg-mask.png\" alt=\"Image Mask\"\/><img src=\"https:\/\/files.sunoresearch.com.br\/n\/uploads\/2018\/10\/1215868e-ibovespa-1-400x200.webp\" alt=\"Veja as small caps que mais valorizaram em junho\"\/><\/a><span class=\"spotlightCategory\"><a href=\"https:\/\/www.suno.com.br\/noticias\/mercado\/\">Mercado<\/a><\/span><\/div><div class=\"cardsPage__listCard__boxs__content\"><a href=\"https:\/\/www.suno.com.br\/noticias\/small-caps-valorizacao-junho-2020\/\"><h2 class=\"content__title\">Veja as small caps que mais valorizaram em junho<\/h2><\/a><div class=\"newsContent__article__meta\"><div class=\"newsContent__article__meta__authorBox\"><a href=\"https:\/\/www.suno.com.br\/noticias\/author\/jader-lazarini\/\" class=\"authorBox__avatar noMobi\"><img src=\"https:\/\/files.sunoresearch.com.br\/n\/uploads\/2021\/01\/178e6598-foto-perfil-2-150x150.jpg\" alt=\"Jader Lazarini\"><\/a><div class=\"authorBox__name\"><span>por\n\t\t\t<a href=\"https:\/\/www.suno.com.br\/noticias\/author\/jader-lazarini\/\"><span itemprop=\"author\">Jader Lazarini<\/span><\/a><\/span><time datetime=\"2020-07-03T19:41:38-03:00\" itemprop=\"datePublished\">03\/07\/2020 19:41<\/time><\/div><\/div><\/div><\/div><\/div>","single_layout":"posts","amp_enabled":true,"_links":{"self":[{"href":"https:\/\/www.suno.com.br\/noticias\/wp-json\/wp\/v2\/posts\/71567"}],"collection":[{"href":"https:\/\/www.suno.com.br\/noticias\/wp-json\/wp\/v2\/posts"}],"about":[{"href":"https:\/\/www.suno.com.br\/noticias\/wp-json\/wp\/v2\/types\/post"}],"author":[{"embeddable":true,"href":"https:\/\/www.suno.com.br\/noticias\/wp-json\/wp\/v2\/users\/24"}],"replies":[{"embeddable":true,"href":"https:\/\/www.suno.com.br\/noticias\/wp-json\/wp\/v2\/comments?post=71567"}],"version-history":[{"count":0,"href":"https:\/\/www.suno.com.br\/noticias\/wp-json\/wp\/v2\/posts\/71567\/revisions"}],"wp:featuredmedia":[{"embeddable":true,"href":"https:\/\/www.suno.com.br\/noticias\/wp-json\/wp\/v2\/media\/4683"}],"wp:attachment":[{"href":"https:\/\/www.suno.com.br\/noticias\/wp-json\/wp\/v2\/media?parent=71567"}],"wp:term":[{"taxonomy":"category","embeddable":true,"href":"https:\/\/www.suno.com.br\/noticias\/wp-json\/wp\/v2\/categories?post=71567"},{"taxonomy":"post_tag","embeddable":true,"href":"https:\/\/www.suno.com.br\/noticias\/wp-json\/wp\/v2\/tags?post=71567"},{"taxonomy":"suno_strategy","embeddable":true,"href":"https:\/\/www.suno.com.br\/noticias\/wp-json\/wp\/v2\/suno_strategy?post=71567"}],"curies":[{"name":"wp","href":"https:\/\/api.w.org\/{rel}","templated":true}]}}