{"id":71563,"date":"2020-07-02T17:50:29","date_gmt":"2020-07-02T20:50:29","guid":{"rendered":"https:\/\/www.suno.com.br\/noticias\/?p=71563"},"modified":"2021-06-24T16:45:49","modified_gmt":"2021-06-24T19:45:49","slug":"carteira-recomendada-corretoras-alteram-acoes-indicadas-para-julho","status":"publish","type":"post","link":"https:\/\/www.suno.com.br\/noticias\/carteira-recomendada-corretoras-alteram-acoes-indicadas-para-julho\/","title":{"rendered":"Carteira recomendada: corretoras alteram a\u00e7\u00f5es indicadas para julho"},"content":{"rendered":"<p>Corretoras e gestoras do Brasil divulgaram nesta semana as novas a\u00e7\u00f5es indicadas para compor a <a href=\"https:\/\/www.suno.com.br\/nossas-assinaturas\/suno-start\/\"><strong>carteira recomendada<\/strong><\/a> mensal de cada institui\u00e7\u00e3o para o m\u00eas de julho. A crise causada pelo <a href=\"https:\/\/www.suno.com.br\/noticias\/tags\/coronavirus\/\">coronav\u00edrus (covid-19<\/a>) ainda d\u00e1 o tom das indica\u00e7\u00f5es e das preocupa\u00e7\u00f5es dos agentes do mercado.<\/p>\t<div class=\"wrapper-featured-image\">\n\t\t<figure class=\"spotlightImg\">\n\n\t\t\t<picture>\n\t\t\t\t<source media=\"(max-width: 768px)\" srcset=\"https:\/\/files.sunoresearch.com.br\/n\/uploads\/2018\/09\/fa20779a-ibovespa-dolar-400x200.webp\">\n\t\t\t\t<img loading=\"lazy\" decoding=\"async\" class=\"newsContent__article__imgCapa lazyloadDisabled newsContent__article__imgCapa--noCaption\" src=\"https:\/\/files.sunoresearch.com.br\/n\/uploads\/2018\/09\/fa20779a-ibovespa-dolar-800x450.webp\" width=\"800\" height=\"450\" alt=\"Carteira recomendada: corretoras alteram a\u00e7\u00f5es indicadas para julho\" fetchpriority=high \/>\n\t\t\t<\/picture>\n\n\t\t\t<figcaption class=\"wp-caption-text wp-caption-text--hide\">infla\u00e7\u00e3o na Am\u00e9rica Latina deve bater as metas apenas em 2024<\/figcaption>\n\t\t<\/figure>\n\t<\/div>\n\n\n\n<p>As carteiras recomendas s\u00e3o portf\u00f3lios criados por corretoras e gestoras com a\u00e7\u00f5es com um alto potencial de valoriza\u00e7\u00e3o durante um per\u00edodo.\u00a0Dentre as corretoras que indicaram novos pap\u00e9is aos investidores est\u00e3o Guide, Mirae e XP. Confira:<\/p>\n<h2>Mirae troca apenas JBS por Banco Inter<\/h2>\n<p>A Mirae Asset realizou apenas uma troca em sua carteira recomendada mensal para julho. A gestora informou que optou por trocar as a\u00e7\u00f5es da JBS (JBSS3) por Banco Inter (BIDI11).<\/p>\n<p>De acordo com os analistas da Mirae, o mercado ir\u00e1 voltar as aten\u00e7\u00f5es para uma poss\u00edvel segunda onda de cont\u00e1gio causado pelo novo coronav\u00edrus (covid-19) que pode afetar a economia global.<\/p>\n<p>A carteira conta com Banco do Brasil (BBAS3), Banco Inter (BIDI4), BRF (BRFS3), Magazine Luiza (MGLU3), MRV (MRVE3), Petrobras (PETR4), Randon (RAPT4), Rumo (RAIL3), Vale (VALE3) e Via Varejo (VVAR3).<\/p>\n<h2>Guide faz cinco trocas em carteira<\/h2>\n<p>A Guide informou que realizou cinco trocas para a carteira recomendada de julho. A corretora afirmou que, no momento, o foco \u00e9 comprar companhias que estejam correspondendo de forma positiva a crise causada pelo coronav\u00edrus (covid-19).<\/p>\n<p><a href=\"https:\/\/www.suno.com.br\/noticias\/cvm-investiga-harrison-crime\/\">Veja Tamb\u00e9m: CVM investiga Harrison Investimentos por crime contra sistema financeiro<\/a><\/p>\n<p>A corretora optou por retirar as a\u00e7\u00f5es do Bradesco (BBDC4), BRF (BRFS3), Centauro (CNTO3), Sanepar (SAPR11) e Totvs (TOTS3).<\/p>\n<p>No lugar, a Guide opta, para julho, pelas a\u00e7\u00f5es da B2W (BTOW3), BTG Pactual (BPAC11), Cyrela (CYRE3), Locaweb (LWSA3) e Sabesp (SBSP3).<\/p>\n<h2>XP altera duas a\u00e7\u00f5es em carteira recomendada<\/h2>\n<p>A <strong>XP<\/strong> Inc. (<a href=\"https:\/\/www.suno.com.br\/artigos\/nasdaq\/\">NASDAQ<\/a>: XP) alterou duas a\u00e7\u00f5es em sua carteira recomendada mensal em rela\u00e7\u00e3o ao m\u00eas de junho. A empresa retirou as a\u00e7\u00f5es da JBS (JBSS3) e da Suzano (SUZB3) e incluiu os pap\u00e9is da Gerdau (GGBR4) e B3 (B3SA3).<\/p>\n<p>De acordo com a XP, a Gerdau sofreu menos durante a crise e, como a atividade civil \u00e9 considerada atividade essencial, deve ter uma boa recupera\u00e7\u00e3o.<\/p>\n<p>J\u00e1 a B3 deve surfar a continuidade da chegada de novos investidores gra\u00e7as a queda da <a href=\"https:\/\/www.suno.com.br\/artigos\/taxa-selic\/\">taxa b\u00e1sica de juros (Selic)<\/a> a n\u00edveis historicamente baixos.<\/p>\n<p>Neste ano, a carteira mensal da XP acumula queda de -33,%, enquanto que o Ibovespa, principal \u00edndice acion\u00e1rio da B3, a Bolsa de Valores de S\u00e3o Paulo, registra queda de -17,8%.<\/p>\n<p>A <strong>carteira recomendada mensa<\/strong>l da XP agora conta com os pap\u00e9is da BBAS3, CESP6, GGBR4, IGTA3, EZTC3, LAME4, RENT3, VALE3 e VIVA3.<\/p>\n\n","protected":false},"excerpt":{"rendered":"<p>Corretoras e gestoras do Brasil divulgaram nesta semana as novas a\u00e7\u00f5es indicadas para compor a carteira recomendada mensal de cada institui\u00e7\u00e3o para o m\u00eas de julho. A crise causada pelo coronav\u00edrus (covid-19) ainda d\u00e1 o tom das indica\u00e7\u00f5es e das preocupa\u00e7\u00f5es dos agentes do mercado. infla\u00e7\u00e3o na Am\u00e9rica Latina deve bater as metas apenas em [&hellip;]<\/p>\n","protected":false},"author":27,"featured_media":3757,"comment_status":"closed","ping_status":"closed","sticky":false,"template":"","format":"standard","meta":[],"categories":[60],"tags":[399,2465,2354,2396,888],"suno_strategy":[],"class_list":["post-71563","post","type-post","status-publish","format-standard","has-post-thumbnail","hentry","category-mercado","tag-btg-pactual-bpac11-bpac3-bpac5","tag-carteiras-recomendadas","tag-guide-investimentos","tag-mirae","tag-xp-investimentos"],"yoast_head":"<!-- This site is optimized with the Yoast SEO plugin v24.4 - https:\/\/yoast.com\/wordpress\/plugins\/seo\/ -->\n<title>Carteira recomendada: corretoras alteram a\u00e7\u00f5es indicadas para julho<\/title>\n<meta name=\"description\" content=\"Empresas indicam a\u00e7\u00f5es para carteira recomendada mensal do m\u00eas de julho. Coronav\u00edrus ainda d\u00e1 o tom das indica\u00e7\u00f5es. Clique aqui para ler.\" \/>\n<meta name=\"robots\" content=\"index, follow, max-snippet:-1, max-image-preview:large, max-video-preview:-1\" \/>\n<link rel=\"canonical\" href=\"https:\/\/www.suno.com.br\/noticias\/carteira-recomendada-corretoras-alteram-acoes-indicadas-para-julho\/\" \/>\n<meta property=\"og:locale\" content=\"pt_BR\" \/>\n<meta property=\"og:type\" content=\"article\" \/>\n<meta property=\"og:title\" content=\"Carteira recomendada: corretoras alteram a\u00e7\u00f5es indicadas para julho\" \/>\n<meta property=\"og:description\" content=\"Empresas indicam a\u00e7\u00f5es para carteira recomendada mensal do m\u00eas de julho. Coronav\u00edrus ainda d\u00e1 o tom das indica\u00e7\u00f5es. Clique aqui para ler.\" \/>\n<meta property=\"og:url\" content=\"https:\/\/www.suno.com.br\/noticias\/carteira-recomendada-corretoras-alteram-acoes-indicadas-para-julho\/\" \/>\n<meta property=\"og:site_name\" content=\"Suno Not\u00edcias\" \/>\n<meta property=\"article:publisher\" content=\"https:\/\/facebook.com\/sunoresearch\" \/>\n<meta property=\"og:image\" content=\"https:\/\/files.sunoresearch.com.br\/n\/uploads\/2018\/09\/fa20779a-ibovespa-dolar.jpg\" \/>\n\t<meta property=\"og:image:width\" content=\"1920\" \/>\n\t<meta property=\"og:image:height\" content=\"1280\" \/>\n\t<meta property=\"og:image:type\" content=\"image\/jpeg\" \/>\n<meta name=\"author\" content=\"Vinicius Pereira\" \/>\n<meta name=\"twitter:card\" content=\"summary_large_image\" \/>\n<meta name=\"twitter:creator\" content=\"@https:\/\/twitter.com\/viniciuspjornal\" \/>\n<meta name=\"twitter:site\" content=\"@sunoresearch\" \/>\n<meta name=\"twitter:label1\" content=\"Escrito por\" \/>\n\t<meta name=\"twitter:data1\" content=\"Vinicius Pereira\" \/>\n\t<meta name=\"twitter:label2\" content=\"Est. tempo de leitura\" \/>\n\t<meta name=\"twitter:data2\" content=\"2 minutos\" \/>\n<script type=\"application\/ld+json\" class=\"yoast-schema-graph\">{\"@context\":\"https:\/\/schema.org\",\"@graph\":[{\"@type\":\"NewsArticle\",\"@id\":\"https:\/\/www.suno.com.br\/noticias\/carteira-recomendada-corretoras-alteram-acoes-indicadas-para-julho\/#article\",\"isPartOf\":{\"@id\":\"https:\/\/www.suno.com.br\/noticias\/carteira-recomendada-corretoras-alteram-acoes-indicadas-para-julho\/\"},\"author\":{\"name\":\"Vinicius Pereira\",\"@id\":\"https:\/\/www.suno.com.br\/noticias\/#\/schema\/person\/a20761b96e4df7eb57f1f9e41be1dbf3\"},\"headline\":\"Carteira recomendada: corretoras alteram a\u00e7\u00f5es indicadas para julho\",\"datePublished\":\"2020-07-02T20:50:29+00:00\",\"dateModified\":\"2021-06-24T19:45:49+00:00\",\"mainEntityOfPage\":{\"@id\":\"https:\/\/www.suno.com.br\/noticias\/carteira-recomendada-corretoras-alteram-acoes-indicadas-para-julho\/\"},\"wordCount\":477,\"publisher\":{\"@id\":\"https:\/\/www.suno.com.br\/noticias\/#organization\"},\"image\":{\"@id\":\"https:\/\/www.suno.com.br\/noticias\/carteira-recomendada-corretoras-alteram-acoes-indicadas-para-julho\/#primaryimage\"},\"thumbnailUrl\":\"https:\/\/files.sunoresearch.com.br\/n\/uploads\/2018\/09\/fa20779a-ibovespa-dolar-jpg.webp\",\"keywords\":[\"BTG Pactual (BPAC11\/BPAC3\/BPAC5)\",\"Carteiras recomendadas\",\"Guide Investimentos\",\"Mirae\",\"XP Investimentos\"],\"articleSection\":[\"Mercado\"],\"inLanguage\":\"pt-BR\"},{\"@type\":\"WebPage\",\"@id\":\"https:\/\/www.suno.com.br\/noticias\/carteira-recomendada-corretoras-alteram-acoes-indicadas-para-julho\/\",\"url\":\"https:\/\/www.suno.com.br\/noticias\/carteira-recomendada-corretoras-alteram-acoes-indicadas-para-julho\/\",\"name\":\"Carteira recomendada: corretoras alteram a\u00e7\u00f5es indicadas para julho\",\"isPartOf\":{\"@id\":\"https:\/\/www.suno.com.br\/noticias\/#website\"},\"primaryImageOfPage\":{\"@id\":\"https:\/\/www.suno.com.br\/noticias\/carteira-recomendada-corretoras-alteram-acoes-indicadas-para-julho\/#primaryimage\"},\"image\":{\"@id\":\"https:\/\/www.suno.com.br\/noticias\/carteira-recomendada-corretoras-alteram-acoes-indicadas-para-julho\/#primaryimage\"},\"thumbnailUrl\":\"https:\/\/files.sunoresearch.com.br\/n\/uploads\/2018\/09\/fa20779a-ibovespa-dolar-jpg.webp\",\"datePublished\":\"2020-07-02T20:50:29+00:00\",\"dateModified\":\"2021-06-24T19:45:49+00:00\",\"description\":\"Empresas indicam a\u00e7\u00f5es para carteira recomendada mensal do m\u00eas de julho. Coronav\u00edrus ainda d\u00e1 o tom das indica\u00e7\u00f5es. Clique aqui para ler.\",\"breadcrumb\":{\"@id\":\"https:\/\/www.suno.com.br\/noticias\/carteira-recomendada-corretoras-alteram-acoes-indicadas-para-julho\/#breadcrumb\"},\"inLanguage\":\"pt-BR\",\"potentialAction\":[{\"@type\":\"ReadAction\",\"target\":[\"https:\/\/www.suno.com.br\/noticias\/carteira-recomendada-corretoras-alteram-acoes-indicadas-para-julho\/\"]}]},{\"@type\":\"ImageObject\",\"inLanguage\":\"pt-BR\",\"@id\":\"https:\/\/www.suno.com.br\/noticias\/carteira-recomendada-corretoras-alteram-acoes-indicadas-para-julho\/#primaryimage\",\"url\":\"https:\/\/files.sunoresearch.com.br\/n\/uploads\/2018\/09\/fa20779a-ibovespa-dolar-jpg.webp\",\"contentUrl\":\"https:\/\/files.sunoresearch.com.br\/n\/uploads\/2018\/09\/fa20779a-ibovespa-dolar-jpg.webp\",\"width\":1920,\"height\":1280,\"caption\":\"infla\u00e7\u00e3o na Am\u00e9rica Latina deve bater as metas apenas em 2024\"},{\"@type\":\"BreadcrumbList\",\"@id\":\"https:\/\/www.suno.com.br\/noticias\/carteira-recomendada-corretoras-alteram-acoes-indicadas-para-julho\/#breadcrumb\",\"itemListElement\":[{\"@type\":\"ListItem\",\"position\":1,\"name\":\"Not\u00edcias\",\"item\":\"https:\/\/www.suno.com.br\/noticias\/\"},{\"@type\":\"ListItem\",\"position\":2,\"name\":\"Mercado\",\"item\":\"https:\/\/www.suno.com.br\/noticias\/mercado\/\"},{\"@type\":\"ListItem\",\"position\":3,\"name\":\"Carteira recomendada: corretoras alteram a\u00e7\u00f5es indicadas para julho\"}]},{\"@type\":\"WebSite\",\"@id\":\"https:\/\/www.suno.com.br\/noticias\/#website\",\"url\":\"https:\/\/www.suno.com.br\/noticias\/\",\"name\":\"Suno Not\u00edcias\",\"description\":\"Seu portal de informa\u00e7\u00e3o sobre o mundo dos investimentos\",\"publisher\":{\"@id\":\"https:\/\/www.suno.com.br\/noticias\/#organization\"},\"potentialAction\":[{\"@type\":\"SearchAction\",\"target\":{\"@type\":\"EntryPoint\",\"urlTemplate\":\"https:\/\/www.suno.com.br\/noticias\/?s={search_term_string}\"},\"query-input\":{\"@type\":\"PropertyValueSpecification\",\"valueRequired\":true,\"valueName\":\"search_term_string\"}}],\"inLanguage\":\"pt-BR\"},{\"@type\":\"Organization\",\"@id\":\"https:\/\/www.suno.com.br\/noticias\/#organization\",\"name\":\"Suno Not\u00edcias\",\"url\":\"https:\/\/www.suno.com.br\/noticias\/\",\"logo\":{\"@type\":\"ImageObject\",\"inLanguage\":\"pt-BR\",\"@id\":\"https:\/\/www.suno.com.br\/noticias\/#\/schema\/logo\/image\/\",\"url\":\"https:\/\/files.sunoresearch.com.br\/n\/uploads\/2021\/09\/suno-logo.png\",\"contentUrl\":\"https:\/\/files.sunoresearch.com.br\/n\/uploads\/2021\/09\/suno-logo.png\",\"width\":180,\"height\":180,\"caption\":\"Suno Not\u00edcias\"},\"image\":{\"@id\":\"https:\/\/www.suno.com.br\/noticias\/#\/schema\/logo\/image\/\"},\"sameAs\":[\"https:\/\/facebook.com\/sunoresearch\",\"https:\/\/x.com\/sunoresearch\",\"https:\/\/www.instagram.com\/suno\",\"https:\/\/www.linkedin.com\/company\/suno-research\/\",\"https:\/\/www.youtube.com\/c\/sunoresearch\"]},{\"@type\":\"Person\",\"@id\":\"https:\/\/www.suno.com.br\/noticias\/#\/schema\/person\/a20761b96e4df7eb57f1f9e41be1dbf3\",\"name\":\"Vinicius Pereira\",\"image\":{\"@type\":\"ImageObject\",\"inLanguage\":\"pt-BR\",\"@id\":\"https:\/\/www.suno.com.br\/noticias\/#\/schema\/person\/image\/\",\"url\":\"https:\/\/secure.gravatar.com\/avatar\/783866b933198f5cc4c5d03fcc8b1301?s=96&r=g\",\"contentUrl\":\"https:\/\/secure.gravatar.com\/avatar\/783866b933198f5cc4c5d03fcc8b1301?s=96&r=g\",\"caption\":\"Vinicius Pereira\"},\"description\":\"Vinicius Pereira foi rep\u00f3rter de economia da Folha de S.Paulo, stringer do jornal no Canad\u00e1 e colaborador de VEJA. J\u00e1 escreveu tamb\u00e9m para BBC Brasil, The Intercept Brasil e UOL. Tem MBA em Informa\u00e7\u00f5es Econ\u00f4mico-Financeiras e Mercado de Capitais pela FIA\/B3.\",\"sameAs\":[\"https:\/\/x.com\/https:\/\/twitter.com\/viniciuspjornal\"],\"url\":\"https:\/\/www.suno.com.br\/noticias\/author\/vinicius-pereira\/\"}]}<\/script>\n<!-- \/ Yoast SEO plugin. -->","yoast_head_json":{"title":"Carteira recomendada: corretoras alteram a\u00e7\u00f5es indicadas para julho","description":"Empresas indicam a\u00e7\u00f5es para carteira recomendada mensal do m\u00eas de julho. Coronav\u00edrus ainda d\u00e1 o tom das indica\u00e7\u00f5es. Clique aqui para ler.","robots":{"index":"index","follow":"follow","max-snippet":"max-snippet:-1","max-image-preview":"max-image-preview:large","max-video-preview":"max-video-preview:-1"},"canonical":"https:\/\/www.suno.com.br\/noticias\/carteira-recomendada-corretoras-alteram-acoes-indicadas-para-julho\/","og_locale":"pt_BR","og_type":"article","og_title":"Carteira recomendada: corretoras alteram a\u00e7\u00f5es indicadas para julho","og_description":"Empresas indicam a\u00e7\u00f5es para carteira recomendada mensal do m\u00eas de julho. Coronav\u00edrus ainda d\u00e1 o tom das indica\u00e7\u00f5es. Clique aqui para ler.","og_url":"https:\/\/www.suno.com.br\/noticias\/carteira-recomendada-corretoras-alteram-acoes-indicadas-para-julho\/","og_site_name":"Suno Not\u00edcias","article_publisher":"https:\/\/facebook.com\/sunoresearch","og_image":[{"width":1920,"height":1280,"url":"https:\/\/files.sunoresearch.com.br\/n\/uploads\/2018\/09\/fa20779a-ibovespa-dolar.jpg","type":"image\/jpeg"}],"author":"Vinicius Pereira","twitter_card":"summary_large_image","twitter_creator":"@https:\/\/twitter.com\/viniciuspjornal","twitter_site":"@sunoresearch","twitter_misc":{"Escrito por":"Vinicius Pereira","Est. tempo de leitura":"2 minutos"},"schema":{"@context":"https:\/\/schema.org","@graph":[{"@type":"NewsArticle","@id":"https:\/\/www.suno.com.br\/noticias\/carteira-recomendada-corretoras-alteram-acoes-indicadas-para-julho\/#article","isPartOf":{"@id":"https:\/\/www.suno.com.br\/noticias\/carteira-recomendada-corretoras-alteram-acoes-indicadas-para-julho\/"},"author":{"name":"Vinicius Pereira","@id":"https:\/\/www.suno.com.br\/noticias\/#\/schema\/person\/a20761b96e4df7eb57f1f9e41be1dbf3"},"headline":"Carteira recomendada: corretoras alteram a\u00e7\u00f5es indicadas para julho","datePublished":"2020-07-02T20:50:29+00:00","dateModified":"2021-06-24T19:45:49+00:00","mainEntityOfPage":{"@id":"https:\/\/www.suno.com.br\/noticias\/carteira-recomendada-corretoras-alteram-acoes-indicadas-para-julho\/"},"wordCount":477,"publisher":{"@id":"https:\/\/www.suno.com.br\/noticias\/#organization"},"image":{"@id":"https:\/\/www.suno.com.br\/noticias\/carteira-recomendada-corretoras-alteram-acoes-indicadas-para-julho\/#primaryimage"},"thumbnailUrl":"https:\/\/files.sunoresearch.com.br\/n\/uploads\/2018\/09\/fa20779a-ibovespa-dolar-jpg.webp","keywords":["BTG Pactual (BPAC11\/BPAC3\/BPAC5)","Carteiras recomendadas","Guide Investimentos","Mirae","XP Investimentos"],"articleSection":["Mercado"],"inLanguage":"pt-BR"},{"@type":"WebPage","@id":"https:\/\/www.suno.com.br\/noticias\/carteira-recomendada-corretoras-alteram-acoes-indicadas-para-julho\/","url":"https:\/\/www.suno.com.br\/noticias\/carteira-recomendada-corretoras-alteram-acoes-indicadas-para-julho\/","name":"Carteira recomendada: corretoras alteram a\u00e7\u00f5es indicadas para julho","isPartOf":{"@id":"https:\/\/www.suno.com.br\/noticias\/#website"},"primaryImageOfPage":{"@id":"https:\/\/www.suno.com.br\/noticias\/carteira-recomendada-corretoras-alteram-acoes-indicadas-para-julho\/#primaryimage"},"image":{"@id":"https:\/\/www.suno.com.br\/noticias\/carteira-recomendada-corretoras-alteram-acoes-indicadas-para-julho\/#primaryimage"},"thumbnailUrl":"https:\/\/files.sunoresearch.com.br\/n\/uploads\/2018\/09\/fa20779a-ibovespa-dolar-jpg.webp","datePublished":"2020-07-02T20:50:29+00:00","dateModified":"2021-06-24T19:45:49+00:00","description":"Empresas indicam a\u00e7\u00f5es para carteira recomendada mensal do m\u00eas de julho. Coronav\u00edrus ainda d\u00e1 o tom das indica\u00e7\u00f5es. Clique aqui para ler.","breadcrumb":{"@id":"https:\/\/www.suno.com.br\/noticias\/carteira-recomendada-corretoras-alteram-acoes-indicadas-para-julho\/#breadcrumb"},"inLanguage":"pt-BR","potentialAction":[{"@type":"ReadAction","target":["https:\/\/www.suno.com.br\/noticias\/carteira-recomendada-corretoras-alteram-acoes-indicadas-para-julho\/"]}]},{"@type":"ImageObject","inLanguage":"pt-BR","@id":"https:\/\/www.suno.com.br\/noticias\/carteira-recomendada-corretoras-alteram-acoes-indicadas-para-julho\/#primaryimage","url":"https:\/\/files.sunoresearch.com.br\/n\/uploads\/2018\/09\/fa20779a-ibovespa-dolar-jpg.webp","contentUrl":"https:\/\/files.sunoresearch.com.br\/n\/uploads\/2018\/09\/fa20779a-ibovespa-dolar-jpg.webp","width":1920,"height":1280,"caption":"infla\u00e7\u00e3o na Am\u00e9rica Latina deve bater as metas apenas em 2024"},{"@type":"BreadcrumbList","@id":"https:\/\/www.suno.com.br\/noticias\/carteira-recomendada-corretoras-alteram-acoes-indicadas-para-julho\/#breadcrumb","itemListElement":[{"@type":"ListItem","position":1,"name":"Not\u00edcias","item":"https:\/\/www.suno.com.br\/noticias\/"},{"@type":"ListItem","position":2,"name":"Mercado","item":"https:\/\/www.suno.com.br\/noticias\/mercado\/"},{"@type":"ListItem","position":3,"name":"Carteira recomendada: corretoras alteram a\u00e7\u00f5es indicadas para julho"}]},{"@type":"WebSite","@id":"https:\/\/www.suno.com.br\/noticias\/#website","url":"https:\/\/www.suno.com.br\/noticias\/","name":"Suno Not\u00edcias","description":"Seu portal de informa\u00e7\u00e3o sobre o mundo dos investimentos","publisher":{"@id":"https:\/\/www.suno.com.br\/noticias\/#organization"},"potentialAction":[{"@type":"SearchAction","target":{"@type":"EntryPoint","urlTemplate":"https:\/\/www.suno.com.br\/noticias\/?s={search_term_string}"},"query-input":{"@type":"PropertyValueSpecification","valueRequired":true,"valueName":"search_term_string"}}],"inLanguage":"pt-BR"},{"@type":"Organization","@id":"https:\/\/www.suno.com.br\/noticias\/#organization","name":"Suno Not\u00edcias","url":"https:\/\/www.suno.com.br\/noticias\/","logo":{"@type":"ImageObject","inLanguage":"pt-BR","@id":"https:\/\/www.suno.com.br\/noticias\/#\/schema\/logo\/image\/","url":"https:\/\/files.sunoresearch.com.br\/n\/uploads\/2021\/09\/suno-logo.png","contentUrl":"https:\/\/files.sunoresearch.com.br\/n\/uploads\/2021\/09\/suno-logo.png","width":180,"height":180,"caption":"Suno Not\u00edcias"},"image":{"@id":"https:\/\/www.suno.com.br\/noticias\/#\/schema\/logo\/image\/"},"sameAs":["https:\/\/facebook.com\/sunoresearch","https:\/\/x.com\/sunoresearch","https:\/\/www.instagram.com\/suno","https:\/\/www.linkedin.com\/company\/suno-research\/","https:\/\/www.youtube.com\/c\/sunoresearch"]},{"@type":"Person","@id":"https:\/\/www.suno.com.br\/noticias\/#\/schema\/person\/a20761b96e4df7eb57f1f9e41be1dbf3","name":"Vinicius Pereira","image":{"@type":"ImageObject","inLanguage":"pt-BR","@id":"https:\/\/www.suno.com.br\/noticias\/#\/schema\/person\/image\/","url":"https:\/\/secure.gravatar.com\/avatar\/783866b933198f5cc4c5d03fcc8b1301?s=96&r=g","contentUrl":"https:\/\/secure.gravatar.com\/avatar\/783866b933198f5cc4c5d03fcc8b1301?s=96&r=g","caption":"Vinicius Pereira"},"description":"Vinicius Pereira foi rep\u00f3rter de economia da Folha de S.Paulo, stringer do jornal no Canad\u00e1 e colaborador de VEJA. J\u00e1 escreveu tamb\u00e9m para BBC Brasil, The Intercept Brasil e UOL. Tem MBA em Informa\u00e7\u00f5es Econ\u00f4mico-Financeiras e Mercado de Capitais pela FIA\/B3.","sameAs":["https:\/\/x.com\/https:\/\/twitter.com\/viniciuspjornal"],"url":"https:\/\/www.suno.com.br\/noticias\/author\/vinicius-pereira\/"}]}},"default_loop_html":"<div class=\"cardsPage__listCard__boxs\"><div class=\"cardsPage__listCard__boxs__img\"><a href=\"https:\/\/www.suno.com.br\/noticias\/carteira-recomendada-corretoras-alteram-acoes-indicadas-para-julho\/\"><img class=\"mask\" src=\"https:\/\/www.suno.com.br\/noticias\/wp-content\/themes\/suno\/resources\/images\/spotlight\/spotlight1img\/bg-mask.png\" alt=\"Image Mask\"\/><img src=\"https:\/\/files.sunoresearch.com.br\/n\/uploads\/2018\/09\/fa20779a-ibovespa-dolar-400x200.webp\" alt=\"Carteira recomendada: corretoras alteram a\u00e7\u00f5es indicadas para julho\"\/><\/a><span class=\"spotlightCategory\"><a href=\"https:\/\/www.suno.com.br\/noticias\/mercado\/\">Mercado<\/a><\/span><\/div><div class=\"cardsPage__listCard__boxs__content\"><a href=\"https:\/\/www.suno.com.br\/noticias\/carteira-recomendada-corretoras-alteram-acoes-indicadas-para-julho\/\"><h2 class=\"content__title\">Carteira recomendada: corretoras alteram a\u00e7\u00f5es indicadas para julho<\/h2><\/a><div class=\"newsContent__article__meta\"><div class=\"newsContent__article__meta__authorBox\"><a href=\"https:\/\/www.suno.com.br\/noticias\/author\/vinicius-pereira\/\" class=\"authorBox__avatar noMobi\"><img src=\"https:\/\/files.sunoresearch.com.br\/n\/uploads\/2020\/08\/77510613-whatsapp-image-2020-08-03-at-13.40.40-150x150.webp\" alt=\"Vinicius Pereira\"><\/a><div class=\"authorBox__name\"><span>por\n\t\t\t<a href=\"https:\/\/www.suno.com.br\/noticias\/author\/vinicius-pereira\/\"><span itemprop=\"author\">Vinicius Pereira<\/span><\/a><\/span><time datetime=\"2020-07-02T17:50:29-03:00\" itemprop=\"datePublished\">02\/07\/2020 17:50<\/time><\/div><\/div><\/div><\/div><\/div>","single_layout":"posts","amp_enabled":true,"_links":{"self":[{"href":"https:\/\/www.suno.com.br\/noticias\/wp-json\/wp\/v2\/posts\/71563"}],"collection":[{"href":"https:\/\/www.suno.com.br\/noticias\/wp-json\/wp\/v2\/posts"}],"about":[{"href":"https:\/\/www.suno.com.br\/noticias\/wp-json\/wp\/v2\/types\/post"}],"author":[{"embeddable":true,"href":"https:\/\/www.suno.com.br\/noticias\/wp-json\/wp\/v2\/users\/27"}],"replies":[{"embeddable":true,"href":"https:\/\/www.suno.com.br\/noticias\/wp-json\/wp\/v2\/comments?post=71563"}],"version-history":[{"count":1,"href":"https:\/\/www.suno.com.br\/noticias\/wp-json\/wp\/v2\/posts\/71563\/revisions"}],"predecessor-version":[{"id":145509,"href":"https:\/\/www.suno.com.br\/noticias\/wp-json\/wp\/v2\/posts\/71563\/revisions\/145509"}],"wp:featuredmedia":[{"embeddable":true,"href":"https:\/\/www.suno.com.br\/noticias\/wp-json\/wp\/v2\/media\/3757"}],"wp:attachment":[{"href":"https:\/\/www.suno.com.br\/noticias\/wp-json\/wp\/v2\/media?parent=71563"}],"wp:term":[{"taxonomy":"category","embeddable":true,"href":"https:\/\/www.suno.com.br\/noticias\/wp-json\/wp\/v2\/categories?post=71563"},{"taxonomy":"post_tag","embeddable":true,"href":"https:\/\/www.suno.com.br\/noticias\/wp-json\/wp\/v2\/tags?post=71563"},{"taxonomy":"suno_strategy","embeddable":true,"href":"https:\/\/www.suno.com.br\/noticias\/wp-json\/wp\/v2\/suno_strategy?post=71563"}],"curies":[{"name":"wp","href":"https:\/\/api.w.org\/{rel}","templated":true}]}}