{"id":71308,"date":"2020-07-01T13:19:32","date_gmt":"2020-07-01T16:19:32","guid":{"rendered":"https:\/\/www.suno.com.br\/noticias\/?p=71308"},"modified":"2020-07-01T13:19:32","modified_gmt":"2020-07-01T16:19:32","slug":"coronavoucher-mp-aprova-101-bilhoes-auxilio","status":"publish","type":"post","link":"https:\/\/www.suno.com.br\/noticias\/coronavoucher-mp-aprova-101-bilhoes-auxilio\/","title":{"rendered":"Coronavoucher: MP aprova mais R$ 101,6 bi para aux\u00edlio emergencial"},"content":{"rendered":"<p>A Medida Provis\u00f3ria (MP) 988\/20, que destina um cr\u00e9dito extraordin\u00e1rio de R$ 101,6 bilh\u00f5es ao Minist\u00e9rio da Cidadania, foi publicada pelo Poder Executivo nesta quarta-feira (1). Os recursos ser\u00e3o utilizados para o pagamento do <strong>coronavoucher<\/strong>, como ficou conhecido o aux\u00edlio emergencial.<\/p>\t<div class=\"wrapper-featured-image\">\n\t\t<figure class=\"spotlightImg\">\n\n\t\t\t<picture>\n\t\t\t\t<source media=\"(max-width: 768px)\" srcset=\"https:\/\/files.sunoresearch.com.br\/n\/uploads\/2020\/07\/134a128d-auxilio-emergencial-400x200.webp\">\n\t\t\t\t<img loading=\"lazy\" decoding=\"async\" class=\"newsContent__article__imgCapa lazyloadDisabled newsContent__article__imgCapa--noCaption\" src=\"https:\/\/files.sunoresearch.com.br\/n\/uploads\/2020\/07\/134a128d-auxilio-emergencial-800x450.webp\" width=\"800\" height=\"450\" alt=\"Coronavoucher: MP aprova mais R$ 101,6 bi para aux\u00edlio emergencial\" fetchpriority=high \/>\n\t\t\t<\/picture>\n\n\t\t\t<figcaption class=\"wp-caption-text wp-caption-text--hide\">O governo vai verificar mensalmente a situa\u00e7\u00e3o empregat\u00edcia dos benefici\u00e1rios do coronavoucher e cancelar o aux\u00edlio se necess\u00e1rio.<\/figcaption>\n\t\t<\/figure>\n\t<\/div>\n\n\n\n<p>O montante, oriundo de opera\u00e7\u00f5es de cr\u00e9dito (emiss\u00e3o de <a href=\"https:\/\/www.suno.com.br\/artigos\/titulos-publicos\/#:~:text=Desse%20modo%2C%20podemos%20dizer%20que,governo%20em%20troca%20de%20juros.\"><strong>t\u00edtulos p\u00fablicos<\/strong><\/a>) ser\u00e1 destinado para as demais parcelas do coronavoucher, o qual foi prorrogado na \u00faltima ter\u00e7a-feira (30) pelo governo.<\/p>\n<p>O presidente Jair Bolsonaro assinou, durante uma cerim\u00f4nia no Pal\u00e1cio do Planalto, um decreto referente a prorroga\u00e7\u00e3o do aux\u00edlio.<\/p>\n<p><a href=\"https:\/\/lp.suno.com.br\/suno-one\/\">No Suno One voc\u00ea aprende a fazer seu dinheiro trabalhar para voc\u00ea. Cadastre-se gratuitamente agora!<\/a><\/p>\n<p>Na mesma cerim\u00f4nia, o ministro da Economia, <a href=\"https:\/\/www.suno.com.br\/tudo-sobre\/paulo-guedes\/\">Paulo Guedes<\/a>, afirmou que a proposta \u00e9 que sejam pagas mais quatro parcelas do coronovoucher, s\u00f3 que em apenas dois meses. Contudo, a soma das parcelas totalizar\u00e1 R$ 600 por m\u00eas.<\/p>\n<p>O chefe da pasta econ\u00f4mica explicou que o pagamento deve acontecer da seguinte forma:<\/p>\n<ul>\n<li>R$ 500 pagos no in\u00edcio do primeiro m\u00eas extra;<\/li>\n<li>R$ 100 pagos no fim do primeiro m\u00eas;<\/li>\n<li>R$ 300 pagos no in\u00edcio do segundo m\u00eas;<\/li>\n<li>R$ 300 no fim do segundo m\u00eas.<\/li>\n<\/ul>\n<p>O <strong>Minist\u00e9rio da Economia<\/strong> gasta, por m\u00eas, cerca de R$ 51 bilh\u00f5es com o aux\u00edlio. O valor previsto equivale a dois meses desta despesa, mas o n\u00famero e o valor das novas parcelas n\u00e3o foi especificado na MP.<\/p>\n<p>O coronavoucher foi criado para mitigar os efeitos da crise econ\u00f4mica gerada pela pandemia do <a href=\"https:\/\/www.suno.com.br\/noticias\/tags\/coronavirus\/\">novo <strong>coronav\u00edrus<\/strong> (Covid-19)<\/a>. De acordo com o <strong>Tesouro Nacional<\/strong>, j\u00e1 foram gastos R$ 121,6 bilh\u00f5es beneficiando cerca de 57 milh\u00f5es de pessoas, mais de 25% da popula\u00e7\u00e3o &#8212; o custo total estimado inicialmente era de R$ 15 bilh\u00f5es.<\/p>\n<h2>Prazo de solicita\u00e7\u00e3o do coronavoucher termina amanh\u00e3<\/h2>\n<p>As pessoas que possuem direito ao aux\u00edlio emergencial de R$ 600 tem at\u00e9 a pr\u00f3xima quinta-feira (02) para solicitar o benef\u00edcio ao governo.<\/p>\n<p>De acordo com o Minist\u00e9rio da Cidadania, &#8220;no dia 2 de julho \u00e9 encerrado o prazo para novos cadastramentos, mas ap\u00f3s esse per\u00edodo, os canais hoje usados continuar\u00e3o dispon\u00edveis para informa\u00e7\u00f5es aos cidad\u00e3os e aceitar contesta\u00e7\u00f5es&#8221;. No entanto, a pasta n\u00e3o informou sobre aqueles que tiveram o pedido de aux\u00edlio negado.<\/p>\n<p><a href=\"https:\/\/www.suno.com.br\/noticias\/coronavoucher-caixa-inicia-pagamento-para-nascidos-em-maio-e-junho\/\">Veja tamb\u00e9m: Coronavoucher: Caixa inicia pagamento para nascidos em maio e junho<\/a><\/p>\n<p>Os trabalhadores que t\u00eam interesse e s\u00e3o aptos a receber o coronavoucher dever\u00e3o solicitar o aux\u00edlio pelo aplicativo (dispon\u00edvel em <a href=\"https:\/\/apps.apple.com\/br\/app\/caixa-aux%C3%ADlio-emergencial\/id1506494331\">iOS<\/a> e <a href=\"https:\/\/play.google.com\/store\/apps\/details?id=br.gov.caixa.auxilio\">Android<\/a>) ou <a href=\"https:\/\/auxilio.caixa.gov.br\/#\/inicio\">site<\/a> da <strong>Caixa Econ\u00f4mica Federal<\/strong>.<\/p>\n<h2>Quem tem direito?<\/h2>\n<p>Confira abaixo quais os requisitos para receber o benef\u00edcio emergencial criado para auxiliar trabalhadores informais durante a pandemia:<\/p>\n<ul>\n<li>Ter mais de 18 anos;<\/li>\n<li>N\u00e3o receber outros benef\u00edcios previdenci\u00e1rios, assistenciais, seguro-desemprego, ou de outro programa do governo federal &#8211; exceto o Bolsa Fam\u00edlia;<\/li>\n<li>N\u00e3o ter emprego formal, podendo ser aut\u00f4nomo ou <a href=\"https:\/\/www.suno.com.br\/noticias\/mei-microempreendedor-individual\/\">microempreendedor individual (MEI)<\/a>;<\/li>\n<li>Ter renda familiar total de no m\u00e1ximo tr\u00eas sal\u00e1rios m\u00ednimos (R$ 3.135) ou renda mensal familiar per capita de at\u00e9 meio sal\u00e1rio m\u00ednimo (R$ 522,50);<\/li>\n<li>N\u00e3o ter recebido rendimentos tribut\u00e1veis acima de R$ 28.559,70 em 2018.<\/li>\n<\/ul>\n<p>Al\u00e9m disso, as mulheres que possuem empregos informais e que s\u00e3o chefes de fam\u00edlia t\u00eam direito a duas cotas do <strong>coronavoucher<\/strong>, totalizando R$ 1.200.<\/p>\n\n","protected":false},"excerpt":{"rendered":"<p>A Medida Provis\u00f3ria (MP) 988\/20, que destina um cr\u00e9dito extraordin\u00e1rio de R$ 101,6 bilh\u00f5es ao Minist\u00e9rio da Cidadania, foi publicada pelo Poder Executivo nesta quarta-feira (1). Os recursos ser\u00e3o utilizados para o pagamento do coronavoucher, como ficou conhecido o aux\u00edlio emergencial. O governo vai verificar mensalmente a situa\u00e7\u00e3o empregat\u00edcia dos benefici\u00e1rios do coronavoucher e cancelar [&hellip;]<\/p>\n","protected":false},"author":24,"featured_media":71312,"comment_status":"closed","ping_status":"closed","sticky":false,"template":"","format":"standard","meta":[],"categories":[62],"tags":[2487,12737,1836,909],"suno_strategy":[],"class_list":["post-71308","post","type-post","status-publish","format-standard","has-post-thumbnail","hentry","category-economia","tag-coronavirus","tag-coronavoucher","tag-medida-provisoria","tag-ministerio-da-economia"],"yoast_head":"<!-- This site is optimized with the Yoast SEO plugin v24.4 - https:\/\/yoast.com\/wordpress\/plugins\/seo\/ -->\n<title>Coronavoucher: MP aprova mais R$ 101,6 bi para aux\u00edlio emergencial<\/title>\n<meta name=\"description\" content=\"A MP 988\/20, que destina um cr\u00e9dito extraordin\u00e1rio de R$ 101,6 bilh\u00f5es para o coronavoucher, foi publicado pelo Poder Executivo. Saiba mais.\" \/>\n<meta name=\"robots\" content=\"index, follow, max-snippet:-1, max-image-preview:large, max-video-preview:-1\" \/>\n<link rel=\"canonical\" href=\"https:\/\/www.suno.com.br\/noticias\/coronavoucher-mp-aprova-101-bilhoes-auxilio\/\" \/>\n<meta property=\"og:locale\" content=\"pt_BR\" \/>\n<meta property=\"og:type\" content=\"article\" \/>\n<meta property=\"og:title\" content=\"Coronavoucher: MP aprova mais R$ 101,6 bi para aux\u00edlio emergencial\" \/>\n<meta property=\"og:description\" content=\"A MP 988\/20, que destina um cr\u00e9dito extraordin\u00e1rio de R$ 101,6 bilh\u00f5es para o coronavoucher, foi publicado pelo Poder Executivo. Saiba mais.\" \/>\n<meta property=\"og:url\" content=\"https:\/\/www.suno.com.br\/noticias\/coronavoucher-mp-aprova-101-bilhoes-auxilio\/\" \/>\n<meta property=\"og:site_name\" content=\"Suno Not\u00edcias\" \/>\n<meta property=\"article:publisher\" content=\"https:\/\/facebook.com\/sunoresearch\" \/>\n<meta property=\"og:image\" content=\"https:\/\/files.sunoresearch.com.br\/n\/uploads\/2020\/07\/134a128d-auxilio-emergencial.jpg\" \/>\n\t<meta property=\"og:image:width\" content=\"1920\" \/>\n\t<meta property=\"og:image:height\" content=\"1281\" \/>\n\t<meta property=\"og:image:type\" content=\"image\/jpeg\" \/>\n<meta name=\"author\" content=\"Jader Lazarini\" \/>\n<meta name=\"twitter:card\" content=\"summary_large_image\" \/>\n<meta name=\"twitter:creator\" content=\"@sunoresearch\" \/>\n<meta name=\"twitter:site\" content=\"@sunoresearch\" \/>\n<meta name=\"twitter:label1\" content=\"Escrito por\" \/>\n\t<meta name=\"twitter:data1\" content=\"Jader Lazarini\" \/>\n\t<meta name=\"twitter:label2\" content=\"Est. tempo de leitura\" \/>\n\t<meta name=\"twitter:data2\" content=\"3 minutos\" \/>\n<script type=\"application\/ld+json\" class=\"yoast-schema-graph\">{\"@context\":\"https:\/\/schema.org\",\"@graph\":[{\"@type\":\"NewsArticle\",\"@id\":\"https:\/\/www.suno.com.br\/noticias\/coronavoucher-mp-aprova-101-bilhoes-auxilio\/#article\",\"isPartOf\":{\"@id\":\"https:\/\/www.suno.com.br\/noticias\/coronavoucher-mp-aprova-101-bilhoes-auxilio\/\"},\"author\":{\"name\":\"Jader Lazarini\",\"@id\":\"https:\/\/www.suno.com.br\/noticias\/#\/schema\/person\/918d79de1f0281f01599b93f9ea6e23f\"},\"headline\":\"Coronavoucher: MP aprova mais R$ 101,6 bi para aux\u00edlio emergencial\",\"datePublished\":\"2020-07-01T16:19:32+00:00\",\"mainEntityOfPage\":{\"@id\":\"https:\/\/www.suno.com.br\/noticias\/coronavoucher-mp-aprova-101-bilhoes-auxilio\/\"},\"wordCount\":588,\"publisher\":{\"@id\":\"https:\/\/www.suno.com.br\/noticias\/#organization\"},\"image\":{\"@id\":\"https:\/\/www.suno.com.br\/noticias\/coronavoucher-mp-aprova-101-bilhoes-auxilio\/#primaryimage\"},\"thumbnailUrl\":\"https:\/\/files.sunoresearch.com.br\/n\/uploads\/2020\/07\/134a128d-auxilio-emergencial-jpg.webp\",\"keywords\":[\"coronav\u00edrus\",\"coronavoucher\",\"medida provis\u00f3ria\",\"Minist\u00e9rio da Economia\"],\"articleSection\":[\"Economia\"],\"inLanguage\":\"pt-BR\"},{\"@type\":\"WebPage\",\"@id\":\"https:\/\/www.suno.com.br\/noticias\/coronavoucher-mp-aprova-101-bilhoes-auxilio\/\",\"url\":\"https:\/\/www.suno.com.br\/noticias\/coronavoucher-mp-aprova-101-bilhoes-auxilio\/\",\"name\":\"Coronavoucher: MP aprova mais R$ 101,6 bi para aux\u00edlio emergencial\",\"isPartOf\":{\"@id\":\"https:\/\/www.suno.com.br\/noticias\/#website\"},\"primaryImageOfPage\":{\"@id\":\"https:\/\/www.suno.com.br\/noticias\/coronavoucher-mp-aprova-101-bilhoes-auxilio\/#primaryimage\"},\"image\":{\"@id\":\"https:\/\/www.suno.com.br\/noticias\/coronavoucher-mp-aprova-101-bilhoes-auxilio\/#primaryimage\"},\"thumbnailUrl\":\"https:\/\/files.sunoresearch.com.br\/n\/uploads\/2020\/07\/134a128d-auxilio-emergencial-jpg.webp\",\"datePublished\":\"2020-07-01T16:19:32+00:00\",\"description\":\"A MP 988\/20, que destina um cr\u00e9dito extraordin\u00e1rio de R$ 101,6 bilh\u00f5es para o coronavoucher, foi publicado pelo Poder Executivo. Saiba mais.\",\"breadcrumb\":{\"@id\":\"https:\/\/www.suno.com.br\/noticias\/coronavoucher-mp-aprova-101-bilhoes-auxilio\/#breadcrumb\"},\"inLanguage\":\"pt-BR\",\"potentialAction\":[{\"@type\":\"ReadAction\",\"target\":[\"https:\/\/www.suno.com.br\/noticias\/coronavoucher-mp-aprova-101-bilhoes-auxilio\/\"]}]},{\"@type\":\"ImageObject\",\"inLanguage\":\"pt-BR\",\"@id\":\"https:\/\/www.suno.com.br\/noticias\/coronavoucher-mp-aprova-101-bilhoes-auxilio\/#primaryimage\",\"url\":\"https:\/\/files.sunoresearch.com.br\/n\/uploads\/2020\/07\/134a128d-auxilio-emergencial-jpg.webp\",\"contentUrl\":\"https:\/\/files.sunoresearch.com.br\/n\/uploads\/2020\/07\/134a128d-auxilio-emergencial-jpg.webp\",\"width\":1920,\"height\":1281,\"caption\":\"O governo vai verificar mensalmente a situa\u00e7\u00e3o empregat\u00edcia dos benefici\u00e1rios do coronavoucher e cancelar o aux\u00edlio se necess\u00e1rio.\"},{\"@type\":\"BreadcrumbList\",\"@id\":\"https:\/\/www.suno.com.br\/noticias\/coronavoucher-mp-aprova-101-bilhoes-auxilio\/#breadcrumb\",\"itemListElement\":[{\"@type\":\"ListItem\",\"position\":1,\"name\":\"Not\u00edcias\",\"item\":\"https:\/\/www.suno.com.br\/noticias\/\"},{\"@type\":\"ListItem\",\"position\":2,\"name\":\"Economia\",\"item\":\"https:\/\/www.suno.com.br\/noticias\/economia\/\"},{\"@type\":\"ListItem\",\"position\":3,\"name\":\"Coronavoucher: MP aprova mais R$ 101,6 bi para aux\u00edlio emergencial\"}]},{\"@type\":\"WebSite\",\"@id\":\"https:\/\/www.suno.com.br\/noticias\/#website\",\"url\":\"https:\/\/www.suno.com.br\/noticias\/\",\"name\":\"Suno Not\u00edcias\",\"description\":\"Seu portal de informa\u00e7\u00e3o sobre o mundo dos investimentos\",\"publisher\":{\"@id\":\"https:\/\/www.suno.com.br\/noticias\/#organization\"},\"potentialAction\":[{\"@type\":\"SearchAction\",\"target\":{\"@type\":\"EntryPoint\",\"urlTemplate\":\"https:\/\/www.suno.com.br\/noticias\/?s={search_term_string}\"},\"query-input\":{\"@type\":\"PropertyValueSpecification\",\"valueRequired\":true,\"valueName\":\"search_term_string\"}}],\"inLanguage\":\"pt-BR\"},{\"@type\":\"Organization\",\"@id\":\"https:\/\/www.suno.com.br\/noticias\/#organization\",\"name\":\"Suno Not\u00edcias\",\"url\":\"https:\/\/www.suno.com.br\/noticias\/\",\"logo\":{\"@type\":\"ImageObject\",\"inLanguage\":\"pt-BR\",\"@id\":\"https:\/\/www.suno.com.br\/noticias\/#\/schema\/logo\/image\/\",\"url\":\"https:\/\/files.sunoresearch.com.br\/n\/uploads\/2021\/09\/suno-logo.png\",\"contentUrl\":\"https:\/\/files.sunoresearch.com.br\/n\/uploads\/2021\/09\/suno-logo.png\",\"width\":180,\"height\":180,\"caption\":\"Suno Not\u00edcias\"},\"image\":{\"@id\":\"https:\/\/www.suno.com.br\/noticias\/#\/schema\/logo\/image\/\"},\"sameAs\":[\"https:\/\/facebook.com\/sunoresearch\",\"https:\/\/x.com\/sunoresearch\",\"https:\/\/www.instagram.com\/suno\",\"https:\/\/www.linkedin.com\/company\/suno-research\/\",\"https:\/\/www.youtube.com\/c\/sunoresearch\"]},{\"@type\":\"Person\",\"@id\":\"https:\/\/www.suno.com.br\/noticias\/#\/schema\/person\/918d79de1f0281f01599b93f9ea6e23f\",\"name\":\"Jader Lazarini\",\"image\":{\"@type\":\"ImageObject\",\"inLanguage\":\"pt-BR\",\"@id\":\"https:\/\/www.suno.com.br\/noticias\/#\/schema\/person\/image\/\",\"url\":\"https:\/\/secure.gravatar.com\/avatar\/3c1ad8caa51589841baeb923fcddea97?s=96&r=g\",\"contentUrl\":\"https:\/\/secure.gravatar.com\/avatar\/3c1ad8caa51589841baeb923fcddea97?s=96&r=g\",\"caption\":\"Jader Lazarini\"},\"description\":\"Jader Lazarini escreve sobre investimentos, finan\u00e7as, economia e neg\u00f3cios. \u00c9 bacharel em Rela\u00e7\u00f5es Internacionais e analista CNPI (2619).\",\"url\":\"https:\/\/www.suno.com.br\/noticias\/author\/jader-lazarini\/\"}]}<\/script>\n<!-- \/ Yoast SEO plugin. -->","yoast_head_json":{"title":"Coronavoucher: MP aprova mais R$ 101,6 bi para aux\u00edlio emergencial","description":"A MP 988\/20, que destina um cr\u00e9dito extraordin\u00e1rio de R$ 101,6 bilh\u00f5es para o coronavoucher, foi publicado pelo Poder Executivo. Saiba mais.","robots":{"index":"index","follow":"follow","max-snippet":"max-snippet:-1","max-image-preview":"max-image-preview:large","max-video-preview":"max-video-preview:-1"},"canonical":"https:\/\/www.suno.com.br\/noticias\/coronavoucher-mp-aprova-101-bilhoes-auxilio\/","og_locale":"pt_BR","og_type":"article","og_title":"Coronavoucher: MP aprova mais R$ 101,6 bi para aux\u00edlio emergencial","og_description":"A MP 988\/20, que destina um cr\u00e9dito extraordin\u00e1rio de R$ 101,6 bilh\u00f5es para o coronavoucher, foi publicado pelo Poder Executivo. Saiba mais.","og_url":"https:\/\/www.suno.com.br\/noticias\/coronavoucher-mp-aprova-101-bilhoes-auxilio\/","og_site_name":"Suno Not\u00edcias","article_publisher":"https:\/\/facebook.com\/sunoresearch","og_image":[{"width":1920,"height":1281,"url":"https:\/\/files.sunoresearch.com.br\/n\/uploads\/2020\/07\/134a128d-auxilio-emergencial.jpg","type":"image\/jpeg"}],"author":"Jader Lazarini","twitter_card":"summary_large_image","twitter_creator":"@sunoresearch","twitter_site":"@sunoresearch","twitter_misc":{"Escrito por":"Jader Lazarini","Est. tempo de leitura":"3 minutos"},"schema":{"@context":"https:\/\/schema.org","@graph":[{"@type":"NewsArticle","@id":"https:\/\/www.suno.com.br\/noticias\/coronavoucher-mp-aprova-101-bilhoes-auxilio\/#article","isPartOf":{"@id":"https:\/\/www.suno.com.br\/noticias\/coronavoucher-mp-aprova-101-bilhoes-auxilio\/"},"author":{"name":"Jader Lazarini","@id":"https:\/\/www.suno.com.br\/noticias\/#\/schema\/person\/918d79de1f0281f01599b93f9ea6e23f"},"headline":"Coronavoucher: MP aprova mais R$ 101,6 bi para aux\u00edlio emergencial","datePublished":"2020-07-01T16:19:32+00:00","mainEntityOfPage":{"@id":"https:\/\/www.suno.com.br\/noticias\/coronavoucher-mp-aprova-101-bilhoes-auxilio\/"},"wordCount":588,"publisher":{"@id":"https:\/\/www.suno.com.br\/noticias\/#organization"},"image":{"@id":"https:\/\/www.suno.com.br\/noticias\/coronavoucher-mp-aprova-101-bilhoes-auxilio\/#primaryimage"},"thumbnailUrl":"https:\/\/files.sunoresearch.com.br\/n\/uploads\/2020\/07\/134a128d-auxilio-emergencial-jpg.webp","keywords":["coronav\u00edrus","coronavoucher","medida provis\u00f3ria","Minist\u00e9rio da Economia"],"articleSection":["Economia"],"inLanguage":"pt-BR"},{"@type":"WebPage","@id":"https:\/\/www.suno.com.br\/noticias\/coronavoucher-mp-aprova-101-bilhoes-auxilio\/","url":"https:\/\/www.suno.com.br\/noticias\/coronavoucher-mp-aprova-101-bilhoes-auxilio\/","name":"Coronavoucher: MP aprova mais R$ 101,6 bi para aux\u00edlio emergencial","isPartOf":{"@id":"https:\/\/www.suno.com.br\/noticias\/#website"},"primaryImageOfPage":{"@id":"https:\/\/www.suno.com.br\/noticias\/coronavoucher-mp-aprova-101-bilhoes-auxilio\/#primaryimage"},"image":{"@id":"https:\/\/www.suno.com.br\/noticias\/coronavoucher-mp-aprova-101-bilhoes-auxilio\/#primaryimage"},"thumbnailUrl":"https:\/\/files.sunoresearch.com.br\/n\/uploads\/2020\/07\/134a128d-auxilio-emergencial-jpg.webp","datePublished":"2020-07-01T16:19:32+00:00","description":"A MP 988\/20, que destina um cr\u00e9dito extraordin\u00e1rio de R$ 101,6 bilh\u00f5es para o coronavoucher, foi publicado pelo Poder Executivo. Saiba mais.","breadcrumb":{"@id":"https:\/\/www.suno.com.br\/noticias\/coronavoucher-mp-aprova-101-bilhoes-auxilio\/#breadcrumb"},"inLanguage":"pt-BR","potentialAction":[{"@type":"ReadAction","target":["https:\/\/www.suno.com.br\/noticias\/coronavoucher-mp-aprova-101-bilhoes-auxilio\/"]}]},{"@type":"ImageObject","inLanguage":"pt-BR","@id":"https:\/\/www.suno.com.br\/noticias\/coronavoucher-mp-aprova-101-bilhoes-auxilio\/#primaryimage","url":"https:\/\/files.sunoresearch.com.br\/n\/uploads\/2020\/07\/134a128d-auxilio-emergencial-jpg.webp","contentUrl":"https:\/\/files.sunoresearch.com.br\/n\/uploads\/2020\/07\/134a128d-auxilio-emergencial-jpg.webp","width":1920,"height":1281,"caption":"O governo vai verificar mensalmente a situa\u00e7\u00e3o empregat\u00edcia dos benefici\u00e1rios do coronavoucher e cancelar o aux\u00edlio se necess\u00e1rio."},{"@type":"BreadcrumbList","@id":"https:\/\/www.suno.com.br\/noticias\/coronavoucher-mp-aprova-101-bilhoes-auxilio\/#breadcrumb","itemListElement":[{"@type":"ListItem","position":1,"name":"Not\u00edcias","item":"https:\/\/www.suno.com.br\/noticias\/"},{"@type":"ListItem","position":2,"name":"Economia","item":"https:\/\/www.suno.com.br\/noticias\/economia\/"},{"@type":"ListItem","position":3,"name":"Coronavoucher: MP aprova mais R$ 101,6 bi para aux\u00edlio emergencial"}]},{"@type":"WebSite","@id":"https:\/\/www.suno.com.br\/noticias\/#website","url":"https:\/\/www.suno.com.br\/noticias\/","name":"Suno Not\u00edcias","description":"Seu portal de informa\u00e7\u00e3o sobre o mundo dos investimentos","publisher":{"@id":"https:\/\/www.suno.com.br\/noticias\/#organization"},"potentialAction":[{"@type":"SearchAction","target":{"@type":"EntryPoint","urlTemplate":"https:\/\/www.suno.com.br\/noticias\/?s={search_term_string}"},"query-input":{"@type":"PropertyValueSpecification","valueRequired":true,"valueName":"search_term_string"}}],"inLanguage":"pt-BR"},{"@type":"Organization","@id":"https:\/\/www.suno.com.br\/noticias\/#organization","name":"Suno Not\u00edcias","url":"https:\/\/www.suno.com.br\/noticias\/","logo":{"@type":"ImageObject","inLanguage":"pt-BR","@id":"https:\/\/www.suno.com.br\/noticias\/#\/schema\/logo\/image\/","url":"https:\/\/files.sunoresearch.com.br\/n\/uploads\/2021\/09\/suno-logo.png","contentUrl":"https:\/\/files.sunoresearch.com.br\/n\/uploads\/2021\/09\/suno-logo.png","width":180,"height":180,"caption":"Suno Not\u00edcias"},"image":{"@id":"https:\/\/www.suno.com.br\/noticias\/#\/schema\/logo\/image\/"},"sameAs":["https:\/\/facebook.com\/sunoresearch","https:\/\/x.com\/sunoresearch","https:\/\/www.instagram.com\/suno","https:\/\/www.linkedin.com\/company\/suno-research\/","https:\/\/www.youtube.com\/c\/sunoresearch"]},{"@type":"Person","@id":"https:\/\/www.suno.com.br\/noticias\/#\/schema\/person\/918d79de1f0281f01599b93f9ea6e23f","name":"Jader Lazarini","image":{"@type":"ImageObject","inLanguage":"pt-BR","@id":"https:\/\/www.suno.com.br\/noticias\/#\/schema\/person\/image\/","url":"https:\/\/secure.gravatar.com\/avatar\/3c1ad8caa51589841baeb923fcddea97?s=96&r=g","contentUrl":"https:\/\/secure.gravatar.com\/avatar\/3c1ad8caa51589841baeb923fcddea97?s=96&r=g","caption":"Jader Lazarini"},"description":"Jader Lazarini escreve sobre investimentos, finan\u00e7as, economia e neg\u00f3cios. \u00c9 bacharel em Rela\u00e7\u00f5es Internacionais e analista CNPI (2619).","url":"https:\/\/www.suno.com.br\/noticias\/author\/jader-lazarini\/"}]}},"default_loop_html":"<div class=\"cardsPage__listCard__boxs\"><div class=\"cardsPage__listCard__boxs__img\"><a href=\"https:\/\/www.suno.com.br\/noticias\/coronavoucher-mp-aprova-101-bilhoes-auxilio\/\"><img class=\"mask\" src=\"https:\/\/www.suno.com.br\/noticias\/wp-content\/themes\/suno\/resources\/images\/spotlight\/spotlight1img\/bg-mask.png\" alt=\"Image Mask\"\/><img src=\"https:\/\/files.sunoresearch.com.br\/n\/uploads\/2020\/07\/134a128d-auxilio-emergencial-400x200.webp\" alt=\"Coronavoucher: MP aprova mais R$ 101,6 bi para aux\u00edlio emergencial\"\/><\/a><span class=\"spotlightCategory\"><a href=\"https:\/\/www.suno.com.br\/noticias\/economia\/\">Economia<\/a><\/span><\/div><div class=\"cardsPage__listCard__boxs__content\"><a href=\"https:\/\/www.suno.com.br\/noticias\/coronavoucher-mp-aprova-101-bilhoes-auxilio\/\"><h2 class=\"content__title\">Coronavoucher: MP aprova mais R$ 101,6 bi para aux\u00edlio emergencial<\/h2><\/a><div class=\"newsContent__article__meta\"><div class=\"newsContent__article__meta__authorBox\"><a href=\"https:\/\/www.suno.com.br\/noticias\/author\/jader-lazarini\/\" class=\"authorBox__avatar noMobi\"><img src=\"https:\/\/files.sunoresearch.com.br\/n\/uploads\/2021\/01\/178e6598-foto-perfil-2-150x150.jpg\" alt=\"Jader Lazarini\"><\/a><div class=\"authorBox__name\"><span>por\n\t\t\t<a href=\"https:\/\/www.suno.com.br\/noticias\/author\/jader-lazarini\/\"><span itemprop=\"author\">Jader Lazarini<\/span><\/a><\/span><time datetime=\"2020-07-01T13:19:32-03:00\" itemprop=\"datePublished\">01\/07\/2020 13:19<\/time><\/div><\/div><\/div><\/div><\/div>","single_layout":"posts","amp_enabled":true,"_links":{"self":[{"href":"https:\/\/www.suno.com.br\/noticias\/wp-json\/wp\/v2\/posts\/71308"}],"collection":[{"href":"https:\/\/www.suno.com.br\/noticias\/wp-json\/wp\/v2\/posts"}],"about":[{"href":"https:\/\/www.suno.com.br\/noticias\/wp-json\/wp\/v2\/types\/post"}],"author":[{"embeddable":true,"href":"https:\/\/www.suno.com.br\/noticias\/wp-json\/wp\/v2\/users\/24"}],"replies":[{"embeddable":true,"href":"https:\/\/www.suno.com.br\/noticias\/wp-json\/wp\/v2\/comments?post=71308"}],"version-history":[{"count":0,"href":"https:\/\/www.suno.com.br\/noticias\/wp-json\/wp\/v2\/posts\/71308\/revisions"}],"wp:featuredmedia":[{"embeddable":true,"href":"https:\/\/www.suno.com.br\/noticias\/wp-json\/wp\/v2\/media\/71312"}],"wp:attachment":[{"href":"https:\/\/www.suno.com.br\/noticias\/wp-json\/wp\/v2\/media?parent=71308"}],"wp:term":[{"taxonomy":"category","embeddable":true,"href":"https:\/\/www.suno.com.br\/noticias\/wp-json\/wp\/v2\/categories?post=71308"},{"taxonomy":"post_tag","embeddable":true,"href":"https:\/\/www.suno.com.br\/noticias\/wp-json\/wp\/v2\/tags?post=71308"},{"taxonomy":"suno_strategy","embeddable":true,"href":"https:\/\/www.suno.com.br\/noticias\/wp-json\/wp\/v2\/suno_strategy?post=71308"}],"curies":[{"name":"wp","href":"https:\/\/api.w.org\/{rel}","templated":true}]}}