{"id":71157,"date":"2020-06-30T18:54:34","date_gmt":"2020-06-30T21:54:34","guid":{"rendered":"https:\/\/www.suno.com.br\/noticias\/?p=71157"},"modified":"2021-02-17T22:26:30","modified_gmt":"2021-02-18T01:26:30","slug":"coronavoucher-prorroga-auxilio-emergencial-2-meses","status":"publish","type":"post","link":"https:\/\/www.suno.com.br\/noticias\/coronavoucher-prorroga-auxilio-emergencial-2-meses\/","title":{"rendered":"Coronavoucher: governo prorroga aux\u00edlio emergencial por mais 2 meses"},"content":{"rendered":"<p>O Presidente da Rep\u00fablica, Jair Bolsonaro (sem partido), assinou nessa ter\u00e7a-feira (30) durante uma cerim\u00f4nia no Pal\u00e1cio do Planalto um decreto referente a prorroga\u00e7\u00e3o do pagamento do <a href=\"https:\/\/www.suno.com.br\/noticias\/tags\/auxilio-emergencial\/\">aux\u00edlio emergencial<\/a> de R$ 600, conhecido como <strong>coronavoucher<\/strong>.<\/p>\t<div class=\"wrapper-featured-image\">\n\t\t<figure class=\"spotlightImg\">\n\n\t\t\t<picture>\n\t\t\t\t<source media=\"(max-width: 768px)\" srcset=\"https:\/\/files.sunoresearch.com.br\/n\/uploads\/2020\/05\/2d0f3d24-coronavoucher-400x200.webp\">\n\t\t\t\t<img loading=\"lazy\" decoding=\"async\" class=\"newsContent__article__imgCapa lazyloadDisabled newsContent__article__imgCapa--noCaption\" src=\"https:\/\/files.sunoresearch.com.br\/n\/uploads\/2020\/05\/2d0f3d24-coronavoucher-800x450.webp\" width=\"800\" height=\"450\" alt=\"Coronavoucher: governo prorroga aux\u00edlio emergencial por mais 2 meses\" fetchpriority=high \/>\n\t\t\t<\/picture>\n\n\t\t\t<figcaption class=\"wp-caption-text wp-caption-text--hide\">Inicialmente, o coronavoucher ser\u00e1 pago por meio de poupan\u00e7a social digital<\/figcaption>\n\t\t<\/figure>\n\t<\/div>\n\n\n\n<p>Na mesma cerim\u00f4nia, o ministro da Economia, <a href=\"https:\/\/www.suno.com.br\/tudo-sobre\/paulo-guedes\/\">Paulo Guedes<\/a>, afirmou que a proposta \u00e9 que sejam pagas mais quatro parcelas do coronovoucher, s\u00f3 que em apenas dois meses. Contudo, o a soma das parcelas totalizar\u00e1 R$ 600 por m\u00eas.<\/p>\n<p>Guedes explicou que o pagamento deve acontecer da seguinte forma:<\/p>\n<ul>\n<li>R$ 500 pagos no in\u00edcio do primeiro m\u00eas extra;<\/li>\n<li>R$ 100 pagos no fim do primeiro m\u00eas;<\/li>\n<li>R$ 300 pagos no in\u00edcio do segundo m\u00eas;<\/li>\n<li>R$ 300 no fim do segundo m\u00eas.<\/li>\n<\/ul>\n<p><a href=\"https:\/\/lp.suno.com.br\/suno-one\/\">Suno One: o primeiro passo para alcan\u00e7ar a sua independ\u00eancia financeira. Acesse agora, \u00e9 gratuito!<\/a><\/p>\n<p>Sobre o cronograma de pagamentos, o presidente da Caixa Econ\u00f4mica Federal,<a href=\"https:\/\/www.suno.com.br\/tudo-sobre\/pedro-guimaraes\/\"> Pedro Guimar\u00e3es<\/a>, informou que o calend\u00e1rio j\u00e1 est\u00e1 pronto. Entretanto, Guedes tem que autorizar a divulga\u00e7\u00e3o.<\/p>\n<p>J\u00e1 em rela\u00e7\u00e3o ao parcelamento, Guedes afirmou que foi pensado para fazer uma &#8220;aterrissagem inteligente&#8221; do benef\u00edcio e destacou que o governo dever\u00e1 trabalhar no programa &#8220;Renda Brasil&#8221; a seguir.<\/p>\n<p>&#8220;O <strong>Bolsa Fam\u00edlia<\/strong> foi a jun\u00e7\u00e3o de dois ou tr\u00eas programas. Vamos fazer o mesmo. Juntar dois ou tr\u00eas programas e criar o Renda Brasil, Renda Cidadania. Acima desse n\u00edvel que est\u00e1 a\u00ed&#8221;, salientou o ministro.<\/p>\n<p>De acordo com o Minist\u00e9rio da Economia, cada parcela do <strong>aux\u00edlio emergencial<\/strong> custa R$ 50 bilh\u00f5es por m\u00eas para o governo.<\/p>\n<p>Al\u00e9m disso, enquanto assinava o decreto, Bolsonaro comentou sobre o valor pago aos benefici\u00e1rios e destacou que embora seja &#8220;pouco&#8221;,\u00a0 \u00e9 &#8220;muito para quem n\u00e3o tem nada&#8221;.<\/p>\n<p>&#8220;Esse trabalho, esta maneira de buscar recursos no momento que a p\u00e1tria necessitava \u00e9 que faz com que n\u00f3s nos orgulhemos de poder ajudar e dispender meios para atender a estes necessitados&#8221;, disse o presidente.<\/p>\n<h2>Quem tem direito ao coronavoucher?<\/h2>\n<p>Confira abaixo quais os requisitos para receber o benef\u00edcio emergencial criado para auxiliar trabalhadores informais durante a <a href=\"https:\/\/www.suno.com.br\/noticias\/tags\/coronavirus\/\">pandemia do novo <strong>coronav\u00edrus<\/strong> (Covid-19)<\/a>:<\/p>\n<ul>\n<li>Ter mais de 18 anos;<\/li>\n<li>N\u00e3o receber outros benef\u00edcios previdenci\u00e1rios, assistenciais, seguro-desemprego, ou de outro programa do governo federal &#8211; exceto o Bolsa Fam\u00edlia;<\/li>\n<li>N\u00e3o ter emprego formal, podendo ser aut\u00f4nomo ou <a href=\"https:\/\/www.suno.com.br\/noticias\/mei-microempreendedor-individual\/\">microempreendedor individual (MEI)<\/a>;<\/li>\n<li>Ter renda familiar total de no m\u00e1ximo tr\u00eas sal\u00e1rios m\u00ednimos (R$ 3.135) ou renda mensal familiar per capita de at\u00e9 meio sal\u00e1rio m\u00ednimo (R$ 522,50);<\/li>\n<li>N\u00e3o ter recebido rendimentos tribut\u00e1veis acima de R$ 28.559,70 em 2018.<\/li>\n<\/ul>\n<p>Al\u00e9m disso, as mulheres que possuem empregos informais e que s\u00e3o chefes de fam\u00edlia t\u00eam direito a duas cotas do <strong>coronavoucher<\/strong>, totalizando R$ 1.200.<\/p>\n\n","protected":false},"excerpt":{"rendered":"<p>O Presidente da Rep\u00fablica, Jair Bolsonaro (sem partido), assinou nessa ter\u00e7a-feira (30) durante uma cerim\u00f4nia no Pal\u00e1cio do Planalto um decreto referente a prorroga\u00e7\u00e3o do pagamento do aux\u00edlio emergencial de R$ 600, conhecido como coronavoucher. Inicialmente, o coronavoucher ser\u00e1 pago por meio de poupan\u00e7a social digital Na mesma cerim\u00f4nia, o ministro da Economia, Paulo Guedes, [&hellip;]<\/p>\n","protected":false},"author":39,"featured_media":66288,"comment_status":"closed","ping_status":"closed","sticky":false,"template":"","format":"standard","meta":[],"categories":[65],"tags":[17139,12737,5255,719,796],"suno_strategy":[],"class_list":["post-71157","post","type-post","status-publish","format-standard","has-post-thumbnail","hentry","category-financas-pessoais","tag-auxilio-emergencial","tag-coronavoucher","tag-covid-19","tag-jair-bolsonaro","tag-paulo-guedes"],"yoast_head":"<!-- This site is optimized with the Yoast SEO plugin v24.4 - https:\/\/yoast.com\/wordpress\/plugins\/seo\/ -->\n<title>Coronavoucher: governo prorroga aux\u00edlio emergencial por mais 2 meses<\/title>\n<meta name=\"description\" content=\"Jair Bolsonaro assinou um decreto referente a prorroga\u00e7\u00e3o do pagamento coronavoucher por mais dois meses. Clique aqui para saber mais.\" \/>\n<meta name=\"robots\" content=\"index, follow, max-snippet:-1, max-image-preview:large, max-video-preview:-1\" \/>\n<link rel=\"canonical\" href=\"https:\/\/www.suno.com.br\/noticias\/coronavoucher-prorroga-auxilio-emergencial-2-meses\/\" \/>\n<meta property=\"og:locale\" content=\"pt_BR\" \/>\n<meta property=\"og:type\" content=\"article\" \/>\n<meta property=\"og:title\" content=\"Coronavoucher: governo prorroga aux\u00edlio emergencial por mais 2 meses\" \/>\n<meta property=\"og:description\" content=\"Jair Bolsonaro assinou um decreto referente a prorroga\u00e7\u00e3o do pagamento coronavoucher por mais dois meses. Clique aqui para saber mais.\" \/>\n<meta property=\"og:url\" content=\"https:\/\/www.suno.com.br\/noticias\/coronavoucher-prorroga-auxilio-emergencial-2-meses\/\" \/>\n<meta property=\"og:site_name\" content=\"Suno Not\u00edcias\" \/>\n<meta property=\"article:publisher\" content=\"https:\/\/facebook.com\/sunoresearch\" \/>\n<meta property=\"og:image\" content=\"https:\/\/files.sunoresearch.com.br\/n\/uploads\/2020\/05\/2d0f3d24-coronavoucher.jpg\" \/>\n\t<meta property=\"og:image:width\" content=\"1200\" \/>\n\t<meta property=\"og:image:height\" content=\"675\" \/>\n\t<meta property=\"og:image:type\" content=\"image\/jpeg\" \/>\n<meta name=\"author\" content=\"Laura Moutinho\" \/>\n<meta name=\"twitter:card\" content=\"summary_large_image\" \/>\n<meta name=\"twitter:creator\" content=\"@sunoresearch\" \/>\n<meta name=\"twitter:site\" content=\"@sunoresearch\" \/>\n<meta name=\"twitter:label1\" content=\"Escrito por\" \/>\n\t<meta name=\"twitter:data1\" content=\"Laura Moutinho\" \/>\n\t<meta name=\"twitter:label2\" content=\"Est. tempo de leitura\" \/>\n\t<meta name=\"twitter:data2\" content=\"2 minutos\" \/>\n<script type=\"application\/ld+json\" class=\"yoast-schema-graph\">{\"@context\":\"https:\/\/schema.org\",\"@graph\":[{\"@type\":\"NewsArticle\",\"@id\":\"https:\/\/www.suno.com.br\/noticias\/coronavoucher-prorroga-auxilio-emergencial-2-meses\/#article\",\"isPartOf\":{\"@id\":\"https:\/\/www.suno.com.br\/noticias\/coronavoucher-prorroga-auxilio-emergencial-2-meses\/\"},\"author\":{\"name\":\"Laura Moutinho\",\"@id\":\"https:\/\/www.suno.com.br\/noticias\/#\/schema\/person\/3df0d2808748b74496efe5dbeaef2c72\"},\"headline\":\"Coronavoucher: governo prorroga aux\u00edlio emergencial por mais 2 meses\",\"datePublished\":\"2020-06-30T21:54:34+00:00\",\"dateModified\":\"2021-02-18T01:26:30+00:00\",\"mainEntityOfPage\":{\"@id\":\"https:\/\/www.suno.com.br\/noticias\/coronavoucher-prorroga-auxilio-emergencial-2-meses\/\"},\"wordCount\":484,\"publisher\":{\"@id\":\"https:\/\/www.suno.com.br\/noticias\/#organization\"},\"image\":{\"@id\":\"https:\/\/www.suno.com.br\/noticias\/coronavoucher-prorroga-auxilio-emergencial-2-meses\/#primaryimage\"},\"thumbnailUrl\":\"https:\/\/files.sunoresearch.com.br\/n\/uploads\/2020\/05\/2d0f3d24-coronavoucher-jpg.webp\",\"keywords\":[\"aux\u00edlio emergencial\",\"coronavoucher\",\"covid-19\",\"Jair Bolsonaro\",\"Paulo Guedes\"],\"articleSection\":[\"Finan\u00e7as Pessoais\"],\"inLanguage\":\"pt-BR\"},{\"@type\":\"WebPage\",\"@id\":\"https:\/\/www.suno.com.br\/noticias\/coronavoucher-prorroga-auxilio-emergencial-2-meses\/\",\"url\":\"https:\/\/www.suno.com.br\/noticias\/coronavoucher-prorroga-auxilio-emergencial-2-meses\/\",\"name\":\"Coronavoucher: governo prorroga aux\u00edlio emergencial por mais 2 meses\",\"isPartOf\":{\"@id\":\"https:\/\/www.suno.com.br\/noticias\/#website\"},\"primaryImageOfPage\":{\"@id\":\"https:\/\/www.suno.com.br\/noticias\/coronavoucher-prorroga-auxilio-emergencial-2-meses\/#primaryimage\"},\"image\":{\"@id\":\"https:\/\/www.suno.com.br\/noticias\/coronavoucher-prorroga-auxilio-emergencial-2-meses\/#primaryimage\"},\"thumbnailUrl\":\"https:\/\/files.sunoresearch.com.br\/n\/uploads\/2020\/05\/2d0f3d24-coronavoucher-jpg.webp\",\"datePublished\":\"2020-06-30T21:54:34+00:00\",\"dateModified\":\"2021-02-18T01:26:30+00:00\",\"description\":\"Jair Bolsonaro assinou um decreto referente a prorroga\u00e7\u00e3o do pagamento coronavoucher por mais dois meses. Clique aqui para saber mais.\",\"breadcrumb\":{\"@id\":\"https:\/\/www.suno.com.br\/noticias\/coronavoucher-prorroga-auxilio-emergencial-2-meses\/#breadcrumb\"},\"inLanguage\":\"pt-BR\",\"potentialAction\":[{\"@type\":\"ReadAction\",\"target\":[\"https:\/\/www.suno.com.br\/noticias\/coronavoucher-prorroga-auxilio-emergencial-2-meses\/\"]}]},{\"@type\":\"ImageObject\",\"inLanguage\":\"pt-BR\",\"@id\":\"https:\/\/www.suno.com.br\/noticias\/coronavoucher-prorroga-auxilio-emergencial-2-meses\/#primaryimage\",\"url\":\"https:\/\/files.sunoresearch.com.br\/n\/uploads\/2020\/05\/2d0f3d24-coronavoucher-jpg.webp\",\"contentUrl\":\"https:\/\/files.sunoresearch.com.br\/n\/uploads\/2020\/05\/2d0f3d24-coronavoucher-jpg.webp\",\"width\":1200,\"height\":675,\"caption\":\"Inicialmente, o coronavoucher ser\u00e1 pago por meio de poupan\u00e7a social digital\"},{\"@type\":\"BreadcrumbList\",\"@id\":\"https:\/\/www.suno.com.br\/noticias\/coronavoucher-prorroga-auxilio-emergencial-2-meses\/#breadcrumb\",\"itemListElement\":[{\"@type\":\"ListItem\",\"position\":1,\"name\":\"Not\u00edcias\",\"item\":\"https:\/\/www.suno.com.br\/noticias\/\"},{\"@type\":\"ListItem\",\"position\":2,\"name\":\"Finan\u00e7as Pessoais\",\"item\":\"https:\/\/www.suno.com.br\/noticias\/financas-pessoais\/\"},{\"@type\":\"ListItem\",\"position\":3,\"name\":\"Coronavoucher: governo prorroga aux\u00edlio emergencial por mais 2 meses\"}]},{\"@type\":\"WebSite\",\"@id\":\"https:\/\/www.suno.com.br\/noticias\/#website\",\"url\":\"https:\/\/www.suno.com.br\/noticias\/\",\"name\":\"Suno Not\u00edcias\",\"description\":\"Seu portal de informa\u00e7\u00e3o sobre o mundo dos investimentos\",\"publisher\":{\"@id\":\"https:\/\/www.suno.com.br\/noticias\/#organization\"},\"potentialAction\":[{\"@type\":\"SearchAction\",\"target\":{\"@type\":\"EntryPoint\",\"urlTemplate\":\"https:\/\/www.suno.com.br\/noticias\/?s={search_term_string}\"},\"query-input\":{\"@type\":\"PropertyValueSpecification\",\"valueRequired\":true,\"valueName\":\"search_term_string\"}}],\"inLanguage\":\"pt-BR\"},{\"@type\":\"Organization\",\"@id\":\"https:\/\/www.suno.com.br\/noticias\/#organization\",\"name\":\"Suno Not\u00edcias\",\"url\":\"https:\/\/www.suno.com.br\/noticias\/\",\"logo\":{\"@type\":\"ImageObject\",\"inLanguage\":\"pt-BR\",\"@id\":\"https:\/\/www.suno.com.br\/noticias\/#\/schema\/logo\/image\/\",\"url\":\"https:\/\/files.sunoresearch.com.br\/n\/uploads\/2021\/09\/suno-logo.png\",\"contentUrl\":\"https:\/\/files.sunoresearch.com.br\/n\/uploads\/2021\/09\/suno-logo.png\",\"width\":180,\"height\":180,\"caption\":\"Suno Not\u00edcias\"},\"image\":{\"@id\":\"https:\/\/www.suno.com.br\/noticias\/#\/schema\/logo\/image\/\"},\"sameAs\":[\"https:\/\/facebook.com\/sunoresearch\",\"https:\/\/x.com\/sunoresearch\",\"https:\/\/www.instagram.com\/suno\",\"https:\/\/www.linkedin.com\/company\/suno-research\/\",\"https:\/\/www.youtube.com\/c\/sunoresearch\"]},{\"@type\":\"Person\",\"@id\":\"https:\/\/www.suno.com.br\/noticias\/#\/schema\/person\/3df0d2808748b74496efe5dbeaef2c72\",\"name\":\"Laura Moutinho\",\"image\":{\"@type\":\"ImageObject\",\"inLanguage\":\"pt-BR\",\"@id\":\"https:\/\/www.suno.com.br\/noticias\/#\/schema\/person\/image\/\",\"url\":\"https:\/\/secure.gravatar.com\/avatar\/7571c7c8ca3a6fca5e41384ece5557ff?s=96&r=g\",\"contentUrl\":\"https:\/\/secure.gravatar.com\/avatar\/7571c7c8ca3a6fca5e41384ece5557ff?s=96&r=g\",\"caption\":\"Laura Moutinho\"},\"description\":\"Estagi\u00e1ria na Suno Not\u00edcias, escreve not\u00edcias que afetam o mercado financeiro. Estuda administra\u00e7\u00e3o na Universidade Presbiteriana Mackenzie.\",\"url\":\"https:\/\/www.suno.com.br\/noticias\/author\/laura-moutinho\/\"}]}<\/script>\n<!-- \/ Yoast SEO plugin. -->","yoast_head_json":{"title":"Coronavoucher: governo prorroga aux\u00edlio emergencial por mais 2 meses","description":"Jair Bolsonaro assinou um decreto referente a prorroga\u00e7\u00e3o do pagamento coronavoucher por mais dois meses. Clique aqui para saber mais.","robots":{"index":"index","follow":"follow","max-snippet":"max-snippet:-1","max-image-preview":"max-image-preview:large","max-video-preview":"max-video-preview:-1"},"canonical":"https:\/\/www.suno.com.br\/noticias\/coronavoucher-prorroga-auxilio-emergencial-2-meses\/","og_locale":"pt_BR","og_type":"article","og_title":"Coronavoucher: governo prorroga aux\u00edlio emergencial por mais 2 meses","og_description":"Jair Bolsonaro assinou um decreto referente a prorroga\u00e7\u00e3o do pagamento coronavoucher por mais dois meses. Clique aqui para saber mais.","og_url":"https:\/\/www.suno.com.br\/noticias\/coronavoucher-prorroga-auxilio-emergencial-2-meses\/","og_site_name":"Suno Not\u00edcias","article_publisher":"https:\/\/facebook.com\/sunoresearch","og_image":[{"width":1200,"height":675,"url":"https:\/\/files.sunoresearch.com.br\/n\/uploads\/2020\/05\/2d0f3d24-coronavoucher.jpg","type":"image\/jpeg"}],"author":"Laura Moutinho","twitter_card":"summary_large_image","twitter_creator":"@sunoresearch","twitter_site":"@sunoresearch","twitter_misc":{"Escrito por":"Laura Moutinho","Est. tempo de leitura":"2 minutos"},"schema":{"@context":"https:\/\/schema.org","@graph":[{"@type":"NewsArticle","@id":"https:\/\/www.suno.com.br\/noticias\/coronavoucher-prorroga-auxilio-emergencial-2-meses\/#article","isPartOf":{"@id":"https:\/\/www.suno.com.br\/noticias\/coronavoucher-prorroga-auxilio-emergencial-2-meses\/"},"author":{"name":"Laura Moutinho","@id":"https:\/\/www.suno.com.br\/noticias\/#\/schema\/person\/3df0d2808748b74496efe5dbeaef2c72"},"headline":"Coronavoucher: governo prorroga aux\u00edlio emergencial por mais 2 meses","datePublished":"2020-06-30T21:54:34+00:00","dateModified":"2021-02-18T01:26:30+00:00","mainEntityOfPage":{"@id":"https:\/\/www.suno.com.br\/noticias\/coronavoucher-prorroga-auxilio-emergencial-2-meses\/"},"wordCount":484,"publisher":{"@id":"https:\/\/www.suno.com.br\/noticias\/#organization"},"image":{"@id":"https:\/\/www.suno.com.br\/noticias\/coronavoucher-prorroga-auxilio-emergencial-2-meses\/#primaryimage"},"thumbnailUrl":"https:\/\/files.sunoresearch.com.br\/n\/uploads\/2020\/05\/2d0f3d24-coronavoucher-jpg.webp","keywords":["aux\u00edlio emergencial","coronavoucher","covid-19","Jair Bolsonaro","Paulo Guedes"],"articleSection":["Finan\u00e7as Pessoais"],"inLanguage":"pt-BR"},{"@type":"WebPage","@id":"https:\/\/www.suno.com.br\/noticias\/coronavoucher-prorroga-auxilio-emergencial-2-meses\/","url":"https:\/\/www.suno.com.br\/noticias\/coronavoucher-prorroga-auxilio-emergencial-2-meses\/","name":"Coronavoucher: governo prorroga aux\u00edlio emergencial por mais 2 meses","isPartOf":{"@id":"https:\/\/www.suno.com.br\/noticias\/#website"},"primaryImageOfPage":{"@id":"https:\/\/www.suno.com.br\/noticias\/coronavoucher-prorroga-auxilio-emergencial-2-meses\/#primaryimage"},"image":{"@id":"https:\/\/www.suno.com.br\/noticias\/coronavoucher-prorroga-auxilio-emergencial-2-meses\/#primaryimage"},"thumbnailUrl":"https:\/\/files.sunoresearch.com.br\/n\/uploads\/2020\/05\/2d0f3d24-coronavoucher-jpg.webp","datePublished":"2020-06-30T21:54:34+00:00","dateModified":"2021-02-18T01:26:30+00:00","description":"Jair Bolsonaro assinou um decreto referente a prorroga\u00e7\u00e3o do pagamento coronavoucher por mais dois meses. Clique aqui para saber mais.","breadcrumb":{"@id":"https:\/\/www.suno.com.br\/noticias\/coronavoucher-prorroga-auxilio-emergencial-2-meses\/#breadcrumb"},"inLanguage":"pt-BR","potentialAction":[{"@type":"ReadAction","target":["https:\/\/www.suno.com.br\/noticias\/coronavoucher-prorroga-auxilio-emergencial-2-meses\/"]}]},{"@type":"ImageObject","inLanguage":"pt-BR","@id":"https:\/\/www.suno.com.br\/noticias\/coronavoucher-prorroga-auxilio-emergencial-2-meses\/#primaryimage","url":"https:\/\/files.sunoresearch.com.br\/n\/uploads\/2020\/05\/2d0f3d24-coronavoucher-jpg.webp","contentUrl":"https:\/\/files.sunoresearch.com.br\/n\/uploads\/2020\/05\/2d0f3d24-coronavoucher-jpg.webp","width":1200,"height":675,"caption":"Inicialmente, o coronavoucher ser\u00e1 pago por meio de poupan\u00e7a social digital"},{"@type":"BreadcrumbList","@id":"https:\/\/www.suno.com.br\/noticias\/coronavoucher-prorroga-auxilio-emergencial-2-meses\/#breadcrumb","itemListElement":[{"@type":"ListItem","position":1,"name":"Not\u00edcias","item":"https:\/\/www.suno.com.br\/noticias\/"},{"@type":"ListItem","position":2,"name":"Finan\u00e7as Pessoais","item":"https:\/\/www.suno.com.br\/noticias\/financas-pessoais\/"},{"@type":"ListItem","position":3,"name":"Coronavoucher: governo prorroga aux\u00edlio emergencial por mais 2 meses"}]},{"@type":"WebSite","@id":"https:\/\/www.suno.com.br\/noticias\/#website","url":"https:\/\/www.suno.com.br\/noticias\/","name":"Suno Not\u00edcias","description":"Seu portal de informa\u00e7\u00e3o sobre o mundo dos investimentos","publisher":{"@id":"https:\/\/www.suno.com.br\/noticias\/#organization"},"potentialAction":[{"@type":"SearchAction","target":{"@type":"EntryPoint","urlTemplate":"https:\/\/www.suno.com.br\/noticias\/?s={search_term_string}"},"query-input":{"@type":"PropertyValueSpecification","valueRequired":true,"valueName":"search_term_string"}}],"inLanguage":"pt-BR"},{"@type":"Organization","@id":"https:\/\/www.suno.com.br\/noticias\/#organization","name":"Suno Not\u00edcias","url":"https:\/\/www.suno.com.br\/noticias\/","logo":{"@type":"ImageObject","inLanguage":"pt-BR","@id":"https:\/\/www.suno.com.br\/noticias\/#\/schema\/logo\/image\/","url":"https:\/\/files.sunoresearch.com.br\/n\/uploads\/2021\/09\/suno-logo.png","contentUrl":"https:\/\/files.sunoresearch.com.br\/n\/uploads\/2021\/09\/suno-logo.png","width":180,"height":180,"caption":"Suno Not\u00edcias"},"image":{"@id":"https:\/\/www.suno.com.br\/noticias\/#\/schema\/logo\/image\/"},"sameAs":["https:\/\/facebook.com\/sunoresearch","https:\/\/x.com\/sunoresearch","https:\/\/www.instagram.com\/suno","https:\/\/www.linkedin.com\/company\/suno-research\/","https:\/\/www.youtube.com\/c\/sunoresearch"]},{"@type":"Person","@id":"https:\/\/www.suno.com.br\/noticias\/#\/schema\/person\/3df0d2808748b74496efe5dbeaef2c72","name":"Laura Moutinho","image":{"@type":"ImageObject","inLanguage":"pt-BR","@id":"https:\/\/www.suno.com.br\/noticias\/#\/schema\/person\/image\/","url":"https:\/\/secure.gravatar.com\/avatar\/7571c7c8ca3a6fca5e41384ece5557ff?s=96&r=g","contentUrl":"https:\/\/secure.gravatar.com\/avatar\/7571c7c8ca3a6fca5e41384ece5557ff?s=96&r=g","caption":"Laura Moutinho"},"description":"Estagi\u00e1ria na Suno Not\u00edcias, escreve not\u00edcias que afetam o mercado financeiro. Estuda administra\u00e7\u00e3o na Universidade Presbiteriana Mackenzie.","url":"https:\/\/www.suno.com.br\/noticias\/author\/laura-moutinho\/"}]}},"default_loop_html":"<div class=\"cardsPage__listCard__boxs\"><div class=\"cardsPage__listCard__boxs__img\"><a href=\"https:\/\/www.suno.com.br\/noticias\/coronavoucher-prorroga-auxilio-emergencial-2-meses\/\"><img class=\"mask\" src=\"https:\/\/www.suno.com.br\/noticias\/wp-content\/themes\/suno\/resources\/images\/spotlight\/spotlight1img\/bg-mask.png\" alt=\"Image Mask\"\/><img src=\"https:\/\/files.sunoresearch.com.br\/n\/uploads\/2020\/05\/2d0f3d24-coronavoucher-400x200.webp\" alt=\"Coronavoucher: governo prorroga aux\u00edlio emergencial por mais 2 meses\"\/><\/a><span class=\"spotlightCategory\"><a href=\"https:\/\/www.suno.com.br\/noticias\/financas-pessoais\/\">Finan\u00e7as Pessoais<\/a><\/span><\/div><div class=\"cardsPage__listCard__boxs__content\"><a href=\"https:\/\/www.suno.com.br\/noticias\/coronavoucher-prorroga-auxilio-emergencial-2-meses\/\"><h2 class=\"content__title\">Coronavoucher: governo prorroga aux\u00edlio emergencial por mais 2 meses<\/h2><\/a><div class=\"newsContent__article__meta\"><div class=\"newsContent__article__meta__authorBox\"><a href=\"https:\/\/www.suno.com.br\/noticias\/author\/laura-moutinho\/\" class=\"authorBox__avatar noMobi\"><img src=\"https:\/\/files.sunoresearch.com.br\/n\/uploads\/2020\/08\/531ff69d-whatsapp-image-2020-08-03-at-14.54.38-150x150.webp\" alt=\"Laura Moutinho\"><\/a><div class=\"authorBox__name\"><span>por\n\t\t\t<a href=\"https:\/\/www.suno.com.br\/noticias\/author\/laura-moutinho\/\"><span itemprop=\"author\">Laura Moutinho<\/span><\/a><\/span><time datetime=\"2020-06-30T18:54:34-03:00\" itemprop=\"datePublished\">30\/06\/2020 18:54<\/time><\/div><\/div><\/div><\/div><\/div>","single_layout":"posts","amp_enabled":true,"_links":{"self":[{"href":"https:\/\/www.suno.com.br\/noticias\/wp-json\/wp\/v2\/posts\/71157"}],"collection":[{"href":"https:\/\/www.suno.com.br\/noticias\/wp-json\/wp\/v2\/posts"}],"about":[{"href":"https:\/\/www.suno.com.br\/noticias\/wp-json\/wp\/v2\/types\/post"}],"author":[{"embeddable":true,"href":"https:\/\/www.suno.com.br\/noticias\/wp-json\/wp\/v2\/users\/39"}],"replies":[{"embeddable":true,"href":"https:\/\/www.suno.com.br\/noticias\/wp-json\/wp\/v2\/comments?post=71157"}],"version-history":[{"count":0,"href":"https:\/\/www.suno.com.br\/noticias\/wp-json\/wp\/v2\/posts\/71157\/revisions"}],"wp:featuredmedia":[{"embeddable":true,"href":"https:\/\/www.suno.com.br\/noticias\/wp-json\/wp\/v2\/media\/66288"}],"wp:attachment":[{"href":"https:\/\/www.suno.com.br\/noticias\/wp-json\/wp\/v2\/media?parent=71157"}],"wp:term":[{"taxonomy":"category","embeddable":true,"href":"https:\/\/www.suno.com.br\/noticias\/wp-json\/wp\/v2\/categories?post=71157"},{"taxonomy":"post_tag","embeddable":true,"href":"https:\/\/www.suno.com.br\/noticias\/wp-json\/wp\/v2\/tags?post=71157"},{"taxonomy":"suno_strategy","embeddable":true,"href":"https:\/\/www.suno.com.br\/noticias\/wp-json\/wp\/v2\/suno_strategy?post=71157"}],"curies":[{"name":"wp","href":"https:\/\/api.w.org\/{rel}","templated":true}]}}