{"id":70886,"date":"2020-06-29T14:14:42","date_gmt":"2020-06-29T17:14:42","guid":{"rendered":"https:\/\/www.suno.com.br\/noticias\/?p=70886"},"modified":"2021-06-24T16:45:51","modified_gmt":"2021-06-24T19:45:51","slug":"mirae-troca-industrias-romi-romi3-por-braskem-brkm5-em-carteira","status":"publish","type":"post","link":"https:\/\/www.suno.com.br\/noticias\/mirae-troca-industrias-romi-romi3-por-braskem-brkm5-em-carteira\/","title":{"rendered":"Mirae troca Ind\u00fastrias Romi (ROMI3) por Braskem (BRKM5) em carteira"},"content":{"rendered":"<p>A <strong>Mirae Asset<\/strong> divulgou nesta segunda-feira (29) apenas uma altera\u00e7\u00e3o na carteira recomendada semanal de a\u00e7\u00f5es do Ibovespa, o principal \u00edndice acion\u00e1rio da <a href=\"https:\/\/www.suno.com.br\/artigos\/b3\/\">bolsa de valores de S\u00e3o Paulo (B3) <\/a>para a pr\u00f3xima semana. A gestora trocou as\u00a0a\u00e7\u00f5es das <a href=\"https:\/\/www.suno.com.br\/acoes\/romi3\/\">Ind\u00fastrias Romi (ROMI3) <\/a>pelos pap\u00e9is da <a href=\"https:\/\/www.suno.com.br\/acoes\/brkm5\/\">Braskem (BRKM5)<\/a>.<\/p>\t<div class=\"wrapper-featured-image\">\n\t\t<figure class=\"spotlightImg\">\n\n\t\t\t<picture>\n\t\t\t\t<source media=\"(max-width: 768px)\" srcset=\"https:\/\/files.sunoresearch.com.br\/n\/uploads\/2019\/07\/b9a19225-a\u00e7\u00f5es-400x200.webp\">\n\t\t\t\t<img loading=\"lazy\" decoding=\"async\" class=\"newsContent__article__imgCapa lazyloadDisabled newsContent__article__imgCapa--noCaption\" src=\"https:\/\/files.sunoresearch.com.br\/n\/uploads\/2019\/07\/b9a19225-a\u00e7\u00f5es-800x450.webp\" width=\"800\" height=\"450\" alt=\"Mirae troca Ind\u00fastrias Romi (ROMI3) por Braskem (BRKM5) em carteira\" fetchpriority=high \/>\n\t\t\t<\/picture>\n\n\t\t\t<figcaption class=\"wp-caption-text wp-caption-text--hide\">Mirae trocou tr\u00eas a\u00e7\u00f5es de sua carteira recomendada de dezembro<\/figcaption>\n\t\t<\/figure>\n\t<\/div>\n\n\n\n<p>De acordo com a Mirae Asset, a altera\u00e7\u00e3o visa diminuir os riscos em um momento de grande volatilidade dos mercados acion\u00e1rios mundiais em meio a crise causada pelo<a href=\"https:\/\/www.suno.com.br\/noticias\/tags\/coronavirus\/\"> coronav\u00edrus (covid-19)<\/a>.<\/p>\n<p>&#8220;As aten\u00e7\u00f5es estar\u00e3o voltadas para not\u00edcias sobre a propaga\u00e7\u00e3o do covid-19 no mundo e pelo esfor\u00e7o global para conseguir uma receita ou vacina para o covid-19. Continuamos vivendo em um per\u00edodo de grandes incertezas, o que tende a gerar volatilidade no mercado acion\u00e1rio e cambial&#8221;, disse Pedro Galdi, analista da asset, em nota.<\/p>\n<p><a href=\"https:\/\/lp.suno.com.br\/suno-one\/\">No Suno One voc\u00ea aprende a fazer seu dinheiro trabalhar para voc\u00ea. Cadastre-se gratuitamente agora!<\/a><\/p>\n<p>J\u00e1 em rela\u00e7\u00e3o a op\u00e7\u00e3o pelas a\u00e7\u00f5es da Braskem, a Mirae afirma que os <a href=\"https:\/\/www.suno.com.br\/noticias\/braskem-prejuizo-r-3-6-bilhoes-1t20\/\">resultados do primeiro trimestre<\/a> foram positivos, apesar da queda de 3%, a R$ 12,625 bilh\u00f5es, na receita l\u00edquida ante o mesmo per\u00edodo do ano passado.<\/p>\n<p>&#8220;No Brasil, as vendas de resinas ca\u00edram 5%, mas j\u00e1 aumentaram<br \/>\n4% em rela\u00e7\u00e3o ao 4T19, em virtude da retomada na demanda dos setores da constru\u00e7\u00e3o civil, bens de consumo, embalagens e agroneg\u00f3cio&#8221;, informou a asset.<\/p>\n<p>A previs\u00e3o para o futuro da companhia, contudo, \u00e9 de uma melhora nos resultados que devem ocorrer baseados na alta dos pre\u00e7os de commodities importantes \u00e0 empresa, como o petr\u00f3leo, al\u00e9m da <a href=\"https:\/\/www.suno.com.br\/noticias\/petrobras-quer-vender-fatia-na-braskem-em-ate-um-ano-segundo-ceo\/\">possibilidade de venda do controle<\/a>.<\/p>\n<p>&#8220;Para o m\u00eas de junho e para os pr\u00f3ximos trimestres, esperamos uma melhora na utiliza\u00e7\u00e3o da capacidade, do aumento do pre\u00e7o do petr\u00f3leo e dos spreads no mercado internacional. A empresa continua sendo alvo de aquisi\u00e7\u00e3o em algum momento&#8221;, informou a empresa <strong>Mirae<\/strong>, em nota.<\/p>\n\n","protected":false},"excerpt":{"rendered":"<p>A Mirae Asset divulgou nesta segunda-feira (29) apenas uma altera\u00e7\u00e3o na carteira recomendada semanal de a\u00e7\u00f5es do Ibovespa, o principal \u00edndice acion\u00e1rio da bolsa de valores de S\u00e3o Paulo (B3) para a pr\u00f3xima semana. A gestora trocou as\u00a0a\u00e7\u00f5es das Ind\u00fastrias Romi (ROMI3) pelos pap\u00e9is da Braskem (BRKM5). Mirae trocou tr\u00eas a\u00e7\u00f5es de sua carteira recomendada [&hellip;]<\/p>\n","protected":false},"author":27,"featured_media":30219,"comment_status":"closed","ping_status":"closed","sticky":false,"template":"","format":"standard","meta":[],"categories":[60],"tags":[395,2465,509,2396],"suno_strategy":[],"class_list":["post-70886","post","type-post","status-publish","format-standard","has-post-thumbnail","hentry","category-mercado","tag-braskem-brkm3-brkm5-brkm6","tag-carteiras-recomendadas","tag-industrias-romi-romi3","tag-mirae"],"yoast_head":"<!-- This site is optimized with the Yoast SEO plugin v24.4 - https:\/\/yoast.com\/wordpress\/plugins\/seo\/ -->\n<title>Mirae troca Ind\u00fastrias Romi (ROMI3) por Braskem (BRKM5) em carteira<\/title>\n<meta name=\"description\" content=\"A gestora Mirae informou que realizou apenas uma altera\u00e7\u00e3o na carteira semanal recomendada em meio a crise. Clique para ler mais.\" \/>\n<meta name=\"robots\" content=\"index, follow, max-snippet:-1, max-image-preview:large, max-video-preview:-1\" \/>\n<link rel=\"canonical\" href=\"https:\/\/www.suno.com.br\/noticias\/mirae-troca-industrias-romi-romi3-por-braskem-brkm5-em-carteira\/\" \/>\n<meta property=\"og:locale\" content=\"pt_BR\" \/>\n<meta property=\"og:type\" content=\"article\" \/>\n<meta property=\"og:title\" content=\"Mirae troca Ind\u00fastrias Romi (ROMI3) por Braskem (BRKM5) em carteira\" \/>\n<meta property=\"og:description\" content=\"A gestora Mirae informou que realizou apenas uma altera\u00e7\u00e3o na carteira semanal recomendada em meio a crise. Clique para ler mais.\" \/>\n<meta property=\"og:url\" content=\"https:\/\/www.suno.com.br\/noticias\/mirae-troca-industrias-romi-romi3-por-braskem-brkm5-em-carteira\/\" \/>\n<meta property=\"og:site_name\" content=\"Suno Not\u00edcias\" \/>\n<meta property=\"article:publisher\" content=\"https:\/\/facebook.com\/sunoresearch\" \/>\n<meta property=\"og:image\" content=\"https:\/\/files.sunoresearch.com.br\/n\/uploads\/2019\/07\/b9a19225-a\u00e7\u00f5es.jpg\" \/>\n\t<meta property=\"og:image:width\" content=\"1024\" \/>\n\t<meta property=\"og:image:height\" content=\"575\" \/>\n\t<meta property=\"og:image:type\" content=\"image\/jpeg\" \/>\n<meta name=\"author\" content=\"Vinicius Pereira\" \/>\n<meta name=\"twitter:card\" content=\"summary_large_image\" \/>\n<meta name=\"twitter:creator\" content=\"@https:\/\/twitter.com\/viniciuspjornal\" \/>\n<meta name=\"twitter:site\" content=\"@sunoresearch\" \/>\n<meta name=\"twitter:label1\" content=\"Escrito por\" \/>\n\t<meta name=\"twitter:data1\" content=\"Vinicius Pereira\" \/>\n\t<meta name=\"twitter:label2\" content=\"Est. tempo de leitura\" \/>\n\t<meta name=\"twitter:data2\" content=\"2 minutos\" \/>\n<script type=\"application\/ld+json\" class=\"yoast-schema-graph\">{\"@context\":\"https:\/\/schema.org\",\"@graph\":[{\"@type\":\"NewsArticle\",\"@id\":\"https:\/\/www.suno.com.br\/noticias\/mirae-troca-industrias-romi-romi3-por-braskem-brkm5-em-carteira\/#article\",\"isPartOf\":{\"@id\":\"https:\/\/www.suno.com.br\/noticias\/mirae-troca-industrias-romi-romi3-por-braskem-brkm5-em-carteira\/\"},\"author\":{\"name\":\"Vinicius Pereira\",\"@id\":\"https:\/\/www.suno.com.br\/noticias\/#\/schema\/person\/a20761b96e4df7eb57f1f9e41be1dbf3\"},\"headline\":\"Mirae troca Ind\u00fastrias Romi (ROMI3) por Braskem (BRKM5) em carteira\",\"datePublished\":\"2020-06-29T17:14:42+00:00\",\"dateModified\":\"2021-06-24T19:45:51+00:00\",\"mainEntityOfPage\":{\"@id\":\"https:\/\/www.suno.com.br\/noticias\/mirae-troca-industrias-romi-romi3-por-braskem-brkm5-em-carteira\/\"},\"wordCount\":353,\"publisher\":{\"@id\":\"https:\/\/www.suno.com.br\/noticias\/#organization\"},\"image\":{\"@id\":\"https:\/\/www.suno.com.br\/noticias\/mirae-troca-industrias-romi-romi3-por-braskem-brkm5-em-carteira\/#primaryimage\"},\"thumbnailUrl\":\"https:\/\/files.sunoresearch.com.br\/n\/uploads\/2019\/07\/b9a19225-a\u00e7\u00f5es-jpg.webp\",\"keywords\":[\"Braskem (BRKM3\/BRKM5\/BRKM6)\",\"Carteiras recomendadas\",\"Ind\u00fastrias Romi (ROMI3)\",\"Mirae\"],\"articleSection\":[\"Mercado\"],\"inLanguage\":\"pt-BR\"},{\"@type\":\"WebPage\",\"@id\":\"https:\/\/www.suno.com.br\/noticias\/mirae-troca-industrias-romi-romi3-por-braskem-brkm5-em-carteira\/\",\"url\":\"https:\/\/www.suno.com.br\/noticias\/mirae-troca-industrias-romi-romi3-por-braskem-brkm5-em-carteira\/\",\"name\":\"Mirae troca Ind\u00fastrias Romi (ROMI3) por Braskem (BRKM5) em carteira\",\"isPartOf\":{\"@id\":\"https:\/\/www.suno.com.br\/noticias\/#website\"},\"primaryImageOfPage\":{\"@id\":\"https:\/\/www.suno.com.br\/noticias\/mirae-troca-industrias-romi-romi3-por-braskem-brkm5-em-carteira\/#primaryimage\"},\"image\":{\"@id\":\"https:\/\/www.suno.com.br\/noticias\/mirae-troca-industrias-romi-romi3-por-braskem-brkm5-em-carteira\/#primaryimage\"},\"thumbnailUrl\":\"https:\/\/files.sunoresearch.com.br\/n\/uploads\/2019\/07\/b9a19225-a\u00e7\u00f5es-jpg.webp\",\"datePublished\":\"2020-06-29T17:14:42+00:00\",\"dateModified\":\"2021-06-24T19:45:51+00:00\",\"description\":\"A gestora Mirae informou que realizou apenas uma altera\u00e7\u00e3o na carteira semanal recomendada em meio a crise. Clique para ler mais.\",\"breadcrumb\":{\"@id\":\"https:\/\/www.suno.com.br\/noticias\/mirae-troca-industrias-romi-romi3-por-braskem-brkm5-em-carteira\/#breadcrumb\"},\"inLanguage\":\"pt-BR\",\"potentialAction\":[{\"@type\":\"ReadAction\",\"target\":[\"https:\/\/www.suno.com.br\/noticias\/mirae-troca-industrias-romi-romi3-por-braskem-brkm5-em-carteira\/\"]}]},{\"@type\":\"ImageObject\",\"inLanguage\":\"pt-BR\",\"@id\":\"https:\/\/www.suno.com.br\/noticias\/mirae-troca-industrias-romi-romi3-por-braskem-brkm5-em-carteira\/#primaryimage\",\"url\":\"https:\/\/files.sunoresearch.com.br\/n\/uploads\/2019\/07\/b9a19225-a\u00e7\u00f5es-jpg.webp\",\"contentUrl\":\"https:\/\/files.sunoresearch.com.br\/n\/uploads\/2019\/07\/b9a19225-a\u00e7\u00f5es-jpg.webp\",\"width\":1024,\"height\":575,\"caption\":\"Mirae trocou tr\u00eas a\u00e7\u00f5es de sua carteira recomendada de dezembro\"},{\"@type\":\"BreadcrumbList\",\"@id\":\"https:\/\/www.suno.com.br\/noticias\/mirae-troca-industrias-romi-romi3-por-braskem-brkm5-em-carteira\/#breadcrumb\",\"itemListElement\":[{\"@type\":\"ListItem\",\"position\":1,\"name\":\"Not\u00edcias\",\"item\":\"https:\/\/www.suno.com.br\/noticias\/\"},{\"@type\":\"ListItem\",\"position\":2,\"name\":\"Mercado\",\"item\":\"https:\/\/www.suno.com.br\/noticias\/mercado\/\"},{\"@type\":\"ListItem\",\"position\":3,\"name\":\"Mirae troca Ind\u00fastrias Romi (ROMI3) por Braskem (BRKM5) em carteira\"}]},{\"@type\":\"WebSite\",\"@id\":\"https:\/\/www.suno.com.br\/noticias\/#website\",\"url\":\"https:\/\/www.suno.com.br\/noticias\/\",\"name\":\"Suno Not\u00edcias\",\"description\":\"Seu portal de informa\u00e7\u00e3o sobre o mundo dos investimentos\",\"publisher\":{\"@id\":\"https:\/\/www.suno.com.br\/noticias\/#organization\"},\"potentialAction\":[{\"@type\":\"SearchAction\",\"target\":{\"@type\":\"EntryPoint\",\"urlTemplate\":\"https:\/\/www.suno.com.br\/noticias\/?s={search_term_string}\"},\"query-input\":{\"@type\":\"PropertyValueSpecification\",\"valueRequired\":true,\"valueName\":\"search_term_string\"}}],\"inLanguage\":\"pt-BR\"},{\"@type\":\"Organization\",\"@id\":\"https:\/\/www.suno.com.br\/noticias\/#organization\",\"name\":\"Suno Not\u00edcias\",\"url\":\"https:\/\/www.suno.com.br\/noticias\/\",\"logo\":{\"@type\":\"ImageObject\",\"inLanguage\":\"pt-BR\",\"@id\":\"https:\/\/www.suno.com.br\/noticias\/#\/schema\/logo\/image\/\",\"url\":\"https:\/\/files.sunoresearch.com.br\/n\/uploads\/2021\/09\/suno-logo.png\",\"contentUrl\":\"https:\/\/files.sunoresearch.com.br\/n\/uploads\/2021\/09\/suno-logo.png\",\"width\":180,\"height\":180,\"caption\":\"Suno Not\u00edcias\"},\"image\":{\"@id\":\"https:\/\/www.suno.com.br\/noticias\/#\/schema\/logo\/image\/\"},\"sameAs\":[\"https:\/\/facebook.com\/sunoresearch\",\"https:\/\/x.com\/sunoresearch\",\"https:\/\/www.instagram.com\/suno\",\"https:\/\/www.linkedin.com\/company\/suno-research\/\",\"https:\/\/www.youtube.com\/c\/sunoresearch\"]},{\"@type\":\"Person\",\"@id\":\"https:\/\/www.suno.com.br\/noticias\/#\/schema\/person\/a20761b96e4df7eb57f1f9e41be1dbf3\",\"name\":\"Vinicius Pereira\",\"image\":{\"@type\":\"ImageObject\",\"inLanguage\":\"pt-BR\",\"@id\":\"https:\/\/www.suno.com.br\/noticias\/#\/schema\/person\/image\/\",\"url\":\"https:\/\/secure.gravatar.com\/avatar\/783866b933198f5cc4c5d03fcc8b1301?s=96&r=g\",\"contentUrl\":\"https:\/\/secure.gravatar.com\/avatar\/783866b933198f5cc4c5d03fcc8b1301?s=96&r=g\",\"caption\":\"Vinicius Pereira\"},\"description\":\"Vinicius Pereira foi rep\u00f3rter de economia da Folha de S.Paulo, stringer do jornal no Canad\u00e1 e colaborador de VEJA. J\u00e1 escreveu tamb\u00e9m para BBC Brasil, The Intercept Brasil e UOL. Tem MBA em Informa\u00e7\u00f5es Econ\u00f4mico-Financeiras e Mercado de Capitais pela FIA\/B3.\",\"sameAs\":[\"https:\/\/x.com\/https:\/\/twitter.com\/viniciuspjornal\"],\"url\":\"https:\/\/www.suno.com.br\/noticias\/author\/vinicius-pereira\/\"}]}<\/script>\n<!-- \/ Yoast SEO plugin. -->","yoast_head_json":{"title":"Mirae troca Ind\u00fastrias Romi (ROMI3) por Braskem (BRKM5) em carteira","description":"A gestora Mirae informou que realizou apenas uma altera\u00e7\u00e3o na carteira semanal recomendada em meio a crise. Clique para ler mais.","robots":{"index":"index","follow":"follow","max-snippet":"max-snippet:-1","max-image-preview":"max-image-preview:large","max-video-preview":"max-video-preview:-1"},"canonical":"https:\/\/www.suno.com.br\/noticias\/mirae-troca-industrias-romi-romi3-por-braskem-brkm5-em-carteira\/","og_locale":"pt_BR","og_type":"article","og_title":"Mirae troca Ind\u00fastrias Romi (ROMI3) por Braskem (BRKM5) em carteira","og_description":"A gestora Mirae informou que realizou apenas uma altera\u00e7\u00e3o na carteira semanal recomendada em meio a crise. Clique para ler mais.","og_url":"https:\/\/www.suno.com.br\/noticias\/mirae-troca-industrias-romi-romi3-por-braskem-brkm5-em-carteira\/","og_site_name":"Suno Not\u00edcias","article_publisher":"https:\/\/facebook.com\/sunoresearch","og_image":[{"width":1024,"height":575,"url":"https:\/\/files.sunoresearch.com.br\/n\/uploads\/2019\/07\/b9a19225-a\u00e7\u00f5es.jpg","type":"image\/jpeg"}],"author":"Vinicius Pereira","twitter_card":"summary_large_image","twitter_creator":"@https:\/\/twitter.com\/viniciuspjornal","twitter_site":"@sunoresearch","twitter_misc":{"Escrito por":"Vinicius Pereira","Est. tempo de leitura":"2 minutos"},"schema":{"@context":"https:\/\/schema.org","@graph":[{"@type":"NewsArticle","@id":"https:\/\/www.suno.com.br\/noticias\/mirae-troca-industrias-romi-romi3-por-braskem-brkm5-em-carteira\/#article","isPartOf":{"@id":"https:\/\/www.suno.com.br\/noticias\/mirae-troca-industrias-romi-romi3-por-braskem-brkm5-em-carteira\/"},"author":{"name":"Vinicius Pereira","@id":"https:\/\/www.suno.com.br\/noticias\/#\/schema\/person\/a20761b96e4df7eb57f1f9e41be1dbf3"},"headline":"Mirae troca Ind\u00fastrias Romi (ROMI3) por Braskem (BRKM5) em carteira","datePublished":"2020-06-29T17:14:42+00:00","dateModified":"2021-06-24T19:45:51+00:00","mainEntityOfPage":{"@id":"https:\/\/www.suno.com.br\/noticias\/mirae-troca-industrias-romi-romi3-por-braskem-brkm5-em-carteira\/"},"wordCount":353,"publisher":{"@id":"https:\/\/www.suno.com.br\/noticias\/#organization"},"image":{"@id":"https:\/\/www.suno.com.br\/noticias\/mirae-troca-industrias-romi-romi3-por-braskem-brkm5-em-carteira\/#primaryimage"},"thumbnailUrl":"https:\/\/files.sunoresearch.com.br\/n\/uploads\/2019\/07\/b9a19225-a\u00e7\u00f5es-jpg.webp","keywords":["Braskem (BRKM3\/BRKM5\/BRKM6)","Carteiras recomendadas","Ind\u00fastrias Romi (ROMI3)","Mirae"],"articleSection":["Mercado"],"inLanguage":"pt-BR"},{"@type":"WebPage","@id":"https:\/\/www.suno.com.br\/noticias\/mirae-troca-industrias-romi-romi3-por-braskem-brkm5-em-carteira\/","url":"https:\/\/www.suno.com.br\/noticias\/mirae-troca-industrias-romi-romi3-por-braskem-brkm5-em-carteira\/","name":"Mirae troca Ind\u00fastrias Romi (ROMI3) por Braskem (BRKM5) em carteira","isPartOf":{"@id":"https:\/\/www.suno.com.br\/noticias\/#website"},"primaryImageOfPage":{"@id":"https:\/\/www.suno.com.br\/noticias\/mirae-troca-industrias-romi-romi3-por-braskem-brkm5-em-carteira\/#primaryimage"},"image":{"@id":"https:\/\/www.suno.com.br\/noticias\/mirae-troca-industrias-romi-romi3-por-braskem-brkm5-em-carteira\/#primaryimage"},"thumbnailUrl":"https:\/\/files.sunoresearch.com.br\/n\/uploads\/2019\/07\/b9a19225-a\u00e7\u00f5es-jpg.webp","datePublished":"2020-06-29T17:14:42+00:00","dateModified":"2021-06-24T19:45:51+00:00","description":"A gestora Mirae informou que realizou apenas uma altera\u00e7\u00e3o na carteira semanal recomendada em meio a crise. Clique para ler mais.","breadcrumb":{"@id":"https:\/\/www.suno.com.br\/noticias\/mirae-troca-industrias-romi-romi3-por-braskem-brkm5-em-carteira\/#breadcrumb"},"inLanguage":"pt-BR","potentialAction":[{"@type":"ReadAction","target":["https:\/\/www.suno.com.br\/noticias\/mirae-troca-industrias-romi-romi3-por-braskem-brkm5-em-carteira\/"]}]},{"@type":"ImageObject","inLanguage":"pt-BR","@id":"https:\/\/www.suno.com.br\/noticias\/mirae-troca-industrias-romi-romi3-por-braskem-brkm5-em-carteira\/#primaryimage","url":"https:\/\/files.sunoresearch.com.br\/n\/uploads\/2019\/07\/b9a19225-a\u00e7\u00f5es-jpg.webp","contentUrl":"https:\/\/files.sunoresearch.com.br\/n\/uploads\/2019\/07\/b9a19225-a\u00e7\u00f5es-jpg.webp","width":1024,"height":575,"caption":"Mirae trocou tr\u00eas a\u00e7\u00f5es de sua carteira recomendada de dezembro"},{"@type":"BreadcrumbList","@id":"https:\/\/www.suno.com.br\/noticias\/mirae-troca-industrias-romi-romi3-por-braskem-brkm5-em-carteira\/#breadcrumb","itemListElement":[{"@type":"ListItem","position":1,"name":"Not\u00edcias","item":"https:\/\/www.suno.com.br\/noticias\/"},{"@type":"ListItem","position":2,"name":"Mercado","item":"https:\/\/www.suno.com.br\/noticias\/mercado\/"},{"@type":"ListItem","position":3,"name":"Mirae troca Ind\u00fastrias Romi (ROMI3) por Braskem (BRKM5) em carteira"}]},{"@type":"WebSite","@id":"https:\/\/www.suno.com.br\/noticias\/#website","url":"https:\/\/www.suno.com.br\/noticias\/","name":"Suno Not\u00edcias","description":"Seu portal de informa\u00e7\u00e3o sobre o mundo dos investimentos","publisher":{"@id":"https:\/\/www.suno.com.br\/noticias\/#organization"},"potentialAction":[{"@type":"SearchAction","target":{"@type":"EntryPoint","urlTemplate":"https:\/\/www.suno.com.br\/noticias\/?s={search_term_string}"},"query-input":{"@type":"PropertyValueSpecification","valueRequired":true,"valueName":"search_term_string"}}],"inLanguage":"pt-BR"},{"@type":"Organization","@id":"https:\/\/www.suno.com.br\/noticias\/#organization","name":"Suno Not\u00edcias","url":"https:\/\/www.suno.com.br\/noticias\/","logo":{"@type":"ImageObject","inLanguage":"pt-BR","@id":"https:\/\/www.suno.com.br\/noticias\/#\/schema\/logo\/image\/","url":"https:\/\/files.sunoresearch.com.br\/n\/uploads\/2021\/09\/suno-logo.png","contentUrl":"https:\/\/files.sunoresearch.com.br\/n\/uploads\/2021\/09\/suno-logo.png","width":180,"height":180,"caption":"Suno Not\u00edcias"},"image":{"@id":"https:\/\/www.suno.com.br\/noticias\/#\/schema\/logo\/image\/"},"sameAs":["https:\/\/facebook.com\/sunoresearch","https:\/\/x.com\/sunoresearch","https:\/\/www.instagram.com\/suno","https:\/\/www.linkedin.com\/company\/suno-research\/","https:\/\/www.youtube.com\/c\/sunoresearch"]},{"@type":"Person","@id":"https:\/\/www.suno.com.br\/noticias\/#\/schema\/person\/a20761b96e4df7eb57f1f9e41be1dbf3","name":"Vinicius Pereira","image":{"@type":"ImageObject","inLanguage":"pt-BR","@id":"https:\/\/www.suno.com.br\/noticias\/#\/schema\/person\/image\/","url":"https:\/\/secure.gravatar.com\/avatar\/783866b933198f5cc4c5d03fcc8b1301?s=96&r=g","contentUrl":"https:\/\/secure.gravatar.com\/avatar\/783866b933198f5cc4c5d03fcc8b1301?s=96&r=g","caption":"Vinicius Pereira"},"description":"Vinicius Pereira foi rep\u00f3rter de economia da Folha de S.Paulo, stringer do jornal no Canad\u00e1 e colaborador de VEJA. J\u00e1 escreveu tamb\u00e9m para BBC Brasil, The Intercept Brasil e UOL. Tem MBA em Informa\u00e7\u00f5es Econ\u00f4mico-Financeiras e Mercado de Capitais pela FIA\/B3.","sameAs":["https:\/\/x.com\/https:\/\/twitter.com\/viniciuspjornal"],"url":"https:\/\/www.suno.com.br\/noticias\/author\/vinicius-pereira\/"}]}},"default_loop_html":"<div class=\"cardsPage__listCard__boxs\"><div class=\"cardsPage__listCard__boxs__img\"><a href=\"https:\/\/www.suno.com.br\/noticias\/mirae-troca-industrias-romi-romi3-por-braskem-brkm5-em-carteira\/\"><img class=\"mask\" src=\"https:\/\/www.suno.com.br\/noticias\/wp-content\/themes\/suno\/resources\/images\/spotlight\/spotlight1img\/bg-mask.png\" alt=\"Image Mask\"\/><img src=\"https:\/\/files.sunoresearch.com.br\/n\/uploads\/2019\/07\/b9a19225-a\u00e7\u00f5es-400x200.webp\" alt=\"Mirae troca Ind\u00fastrias Romi (ROMI3) por Braskem (BRKM5) em carteira\"\/><\/a><span class=\"spotlightCategory\"><a href=\"https:\/\/www.suno.com.br\/noticias\/mercado\/\">Mercado<\/a><\/span><\/div><div class=\"cardsPage__listCard__boxs__content\"><a href=\"https:\/\/www.suno.com.br\/noticias\/mirae-troca-industrias-romi-romi3-por-braskem-brkm5-em-carteira\/\"><h2 class=\"content__title\">Mirae troca Ind\u00fastrias Romi (ROMI3) por Braskem (BRKM5) em carteira<\/h2><\/a><div class=\"newsContent__article__meta\"><div class=\"newsContent__article__meta__authorBox\"><a href=\"https:\/\/www.suno.com.br\/noticias\/author\/vinicius-pereira\/\" class=\"authorBox__avatar noMobi\"><img src=\"https:\/\/files.sunoresearch.com.br\/n\/uploads\/2020\/08\/77510613-whatsapp-image-2020-08-03-at-13.40.40-150x150.webp\" alt=\"Vinicius Pereira\"><\/a><div class=\"authorBox__name\"><span>por\n\t\t\t<a href=\"https:\/\/www.suno.com.br\/noticias\/author\/vinicius-pereira\/\"><span itemprop=\"author\">Vinicius Pereira<\/span><\/a><\/span><time datetime=\"2020-06-29T14:14:42-03:00\" itemprop=\"datePublished\">29\/06\/2020 14:14<\/time><\/div><\/div><\/div><\/div><\/div>","single_layout":"posts","amp_enabled":true,"_links":{"self":[{"href":"https:\/\/www.suno.com.br\/noticias\/wp-json\/wp\/v2\/posts\/70886"}],"collection":[{"href":"https:\/\/www.suno.com.br\/noticias\/wp-json\/wp\/v2\/posts"}],"about":[{"href":"https:\/\/www.suno.com.br\/noticias\/wp-json\/wp\/v2\/types\/post"}],"author":[{"embeddable":true,"href":"https:\/\/www.suno.com.br\/noticias\/wp-json\/wp\/v2\/users\/27"}],"replies":[{"embeddable":true,"href":"https:\/\/www.suno.com.br\/noticias\/wp-json\/wp\/v2\/comments?post=70886"}],"version-history":[{"count":1,"href":"https:\/\/www.suno.com.br\/noticias\/wp-json\/wp\/v2\/posts\/70886\/revisions"}],"predecessor-version":[{"id":161086,"href":"https:\/\/www.suno.com.br\/noticias\/wp-json\/wp\/v2\/posts\/70886\/revisions\/161086"}],"wp:featuredmedia":[{"embeddable":true,"href":"https:\/\/www.suno.com.br\/noticias\/wp-json\/wp\/v2\/media\/30219"}],"wp:attachment":[{"href":"https:\/\/www.suno.com.br\/noticias\/wp-json\/wp\/v2\/media?parent=70886"}],"wp:term":[{"taxonomy":"category","embeddable":true,"href":"https:\/\/www.suno.com.br\/noticias\/wp-json\/wp\/v2\/categories?post=70886"},{"taxonomy":"post_tag","embeddable":true,"href":"https:\/\/www.suno.com.br\/noticias\/wp-json\/wp\/v2\/tags?post=70886"},{"taxonomy":"suno_strategy","embeddable":true,"href":"https:\/\/www.suno.com.br\/noticias\/wp-json\/wp\/v2\/suno_strategy?post=70886"}],"curies":[{"name":"wp","href":"https:\/\/api.w.org\/{rel}","templated":true}]}}