{"id":70817,"date":"2020-06-29T10:26:29","date_gmt":"2020-06-29T13:26:29","guid":{"rendered":"https:\/\/www.suno.com.br\/noticias\/?p=70817"},"modified":"2020-06-29T11:49:01","modified_gmt":"2020-06-29T14:49:01","slug":"jhsf-jhsf3-comunica-reabertura-hotel-fasano","status":"publish","type":"post","link":"https:\/\/www.suno.com.br\/noticias\/jhsf-jhsf3-comunica-reabertura-hotel-fasano\/","title":{"rendered":"JHSF (JHSF3) comunica reabertura do Hotel Fasano Rio de Janeiro"},"content":{"rendered":"<p>A <a href=\"https:\/\/www.suno.com.br\/acoes\/jhsf3\/\"><strong>JHSF<\/strong> (JHSF3)<\/a> informou, na manh\u00e3 desta segunda-feira (29), que retomar\u00e1 as atividades do Hotel Fasano Rio de Janeiro. A informa\u00e7\u00e3o foi relevada por meio de um <a href=\"https:\/\/www.suno.com.br\/artigos\/fato-relevante\/\">fato relevante<\/a>.<\/p>\t<div class=\"wrapper-featured-image\">\n\t\t<figure class=\"spotlightImg\">\n\n\t\t\t<picture>\n\t\t\t\t<source media=\"(max-width: 768px)\" srcset=\"https:\/\/files.sunoresearch.com.br\/n\/uploads\/2020\/06\/6f756d77-fasano-rio-de-janeiro-400x200.webp\">\n\t\t\t\t<img loading=\"lazy\" decoding=\"async\" class=\"newsContent__article__imgCapa lazyloadDisabled newsContent__article__imgCapa--noCaption\" src=\"https:\/\/files.sunoresearch.com.br\/n\/uploads\/2020\/06\/6f756d77-fasano-rio-de-janeiro-800x450.webp\" width=\"800\" height=\"450\" alt=\"JHSF (JHSF3) comunica reabertura do Hotel Fasano Rio de Janeiro\" fetchpriority=high \/>\n\t\t\t<\/picture>\n\n\t\t\t<figcaption class=\"wp-caption-text wp-caption-text--hide\">A XP informou, na noite da \u00faltima ter\u00e7a, que iniciou a cobertura das a\u00e7\u00f5es da JHSF (JHSF3), com recomenda\u00e7\u00e3o de compra. <\/figcaption>\n\t\t<\/figure>\n\t<\/div>\n\n\n\n<p>Segundo a JFSH, a sua unidade hoteleira do Rio de Janeiro ser\u00e1 reaberta em 17 de julho. A retomada ter\u00e1 o selo <strong>SafeGuard<\/strong>, fornecido pelo Grupo Bureau Veritas, refer\u00eancia mundial em servi\u00e7os, avalia\u00e7\u00e3o de conformidade e certifica\u00e7\u00e3o em sa\u00fade e seguran\u00e7a.<\/p>\n<p>O fato relevante informou que a hotel far\u00e1 a reabertura dos apartamentos de forma gradual, com constantes avalia\u00e7\u00f5es da manuten\u00e7\u00e3o da seguran\u00e7a dos clientes e colaboradores, &#8220;com todas as pr\u00e1ticas e protocolos de preven\u00e7\u00e3o&#8221;.<\/p>\n<p><a href=\"https:\/\/lp.suno.com.br\/suno-one\/\">No Suno One voc\u00ea aprende a fazer seu dinheiro trabalhar para voc\u00ea. Cadastre-se gratuitamente agora!<\/a><\/p>\n<p>&#8220;Desde o in\u00edcio desta pandemia, o Grupo Fasano tem seguido as determina\u00e7\u00f5es do Governo Estadual, orienta\u00e7\u00f5es e protocolos da Vigil\u00e2ncia Sanit\u00e1ria, do Minist\u00e9rio da Sa\u00fade e da <strong>Organiza\u00e7\u00e3o Mundial da Sa\u00fade (OMS)<\/strong>&#8220;, diz o comunicado.<\/p>\n<p>A JHSF, ademais, informou que seguir\u00e1 atentas \u00e0s orienta\u00e7\u00f5es das autoridades de Sa\u00fade P\u00fablica, e que est\u00e1 &#8220;comprometida em dar sua contribui\u00e7\u00e3o para o restabelecimento do ambiente saud\u00e1vel e seguro para todos&#8221;.<\/p>\n<h2>JHSF informa reabertura de shopping centers<\/h2>\n<p>A <strong>JHSF<\/strong> anunciou, no in\u00edcio deste m\u00eas, que ir\u00e1 reabrtiu o Shopping Ponta Negra, localizado em Manaus-AM, e o Catarina Fashion Outlet, localizado no interior paulista. Al\u00e9m disso, o fato relevante tamb\u00e9m informou que o Hotel Fasano Fazenda Boa Vista, em Porto Feliz-SP, tamb\u00e9m foi reaberto.<\/p>\n<p><a href=\"https:\/\/www.suno.com.br\/noticias\/jhsf-jhsf3-crescimento-vendas-de-incorporacao\/\">Saiba mais: JHSF tem crescimento de 130,5% nas vendas de incorpora\u00e7\u00e3o no 1T20<\/a><\/p>\n<p>Os shopping centers est\u00e3o funcionando com o hor\u00e1rio de funcionamento reduzido, segundo a empresa. A companhia informou que desenvolveu um &#8220;rigoroso protocolo de higiene, baseado nas melhores pr\u00e1ticas de combate \u00e0 preven\u00e7\u00e3o do <a href=\"https:\/\/www.suno.com.br\/noticias\/?s=coronavirus\"><strong>coronav\u00edrus<\/strong> (Covid-19)<\/a>&#8220;.<\/p>\n<p>Os demais ativos da <strong>JHSF<\/strong> permanecem com as opera\u00e7\u00f5es paralisadas por determina\u00e7\u00e3o de \u00f3rg\u00e3o p\u00fablicos. Os servi\u00e7os de atividades essenciais e delivery, no entanto, funcionam sem restri\u00e7\u00f5es, assim como a opera\u00e7\u00e3o do e-commerce CJ Fashion.<\/p>\n\n","protected":false},"excerpt":{"rendered":"<p>A JHSF (JHSF3) informou, na manh\u00e3 desta segunda-feira (29), que retomar\u00e1 as atividades do Hotel Fasano Rio de Janeiro. A informa\u00e7\u00e3o foi relevada por meio de um fato relevante. A XP informou, na noite da \u00faltima ter\u00e7a, que iniciou a cobertura das a\u00e7\u00f5es da JHSF (JHSF3), com recomenda\u00e7\u00e3o de compra. Segundo a JFSH, a sua [&hellip;]<\/p>\n","protected":false},"author":24,"featured_media":70828,"comment_status":"closed","ping_status":"closed","sticky":false,"template":"","format":"standard","meta":[],"categories":[64],"tags":[60982,523],"suno_strategy":[],"class_list":["post-70817","post","type-post","status-publish","format-standard","has-post-thumbnail","hentry","category-negocios","tag-fasano","tag-jhsf-jhsf3"],"yoast_head":"<!-- This site is optimized with the Yoast SEO plugin v24.4 - https:\/\/yoast.com\/wordpress\/plugins\/seo\/ -->\n<title>JHSF (JHSF3) comunica reabertura do Hotel Fasano Rio de Janeiro<\/title>\n<meta name=\"description\" content=\"A JHSF (JHSF3) informou, na manh\u00e3 desta segunda-feira (29), que retomar\u00e1 as atividades do Hotel Fasano Rio de Janeiro. Clique e saiba mais.\" \/>\n<meta name=\"robots\" content=\"index, follow, max-snippet:-1, max-image-preview:large, max-video-preview:-1\" \/>\n<link rel=\"canonical\" href=\"https:\/\/www.suno.com.br\/noticias\/jhsf-jhsf3-comunica-reabertura-hotel-fasano\/\" \/>\n<meta property=\"og:locale\" content=\"pt_BR\" \/>\n<meta property=\"og:type\" content=\"article\" \/>\n<meta property=\"og:title\" content=\"JHSF (JHSF3) comunica reabertura do Hotel Fasano Rio de Janeiro\" \/>\n<meta property=\"og:description\" content=\"A JHSF (JHSF3) informou, na manh\u00e3 desta segunda-feira (29), que retomar\u00e1 as atividades do Hotel Fasano Rio de Janeiro. Clique e saiba mais.\" \/>\n<meta property=\"og:url\" content=\"https:\/\/www.suno.com.br\/noticias\/jhsf-jhsf3-comunica-reabertura-hotel-fasano\/\" \/>\n<meta property=\"og:site_name\" content=\"Suno Not\u00edcias\" \/>\n<meta property=\"article:publisher\" content=\"https:\/\/facebook.com\/sunoresearch\" \/>\n<meta property=\"og:image\" content=\"https:\/\/files.sunoresearch.com.br\/n\/uploads\/2020\/06\/6f756d77-fasano-rio-de-janeiro.jpg\" \/>\n\t<meta property=\"og:image:width\" content=\"1280\" \/>\n\t<meta property=\"og:image:height\" content=\"818\" \/>\n\t<meta property=\"og:image:type\" content=\"image\/jpeg\" \/>\n<meta name=\"author\" content=\"Jader Lazarini\" \/>\n<meta name=\"twitter:card\" content=\"summary_large_image\" \/>\n<meta name=\"twitter:creator\" content=\"@sunoresearch\" \/>\n<meta name=\"twitter:site\" content=\"@sunoresearch\" \/>\n<meta name=\"twitter:label1\" content=\"Escrito por\" \/>\n\t<meta name=\"twitter:data1\" content=\"Jader Lazarini\" \/>\n\t<meta name=\"twitter:label2\" content=\"Est. tempo de leitura\" \/>\n\t<meta name=\"twitter:data2\" content=\"2 minutos\" \/>\n<script type=\"application\/ld+json\" class=\"yoast-schema-graph\">{\"@context\":\"https:\/\/schema.org\",\"@graph\":[{\"@type\":\"NewsArticle\",\"@id\":\"https:\/\/www.suno.com.br\/noticias\/jhsf-jhsf3-comunica-reabertura-hotel-fasano\/#article\",\"isPartOf\":{\"@id\":\"https:\/\/www.suno.com.br\/noticias\/jhsf-jhsf3-comunica-reabertura-hotel-fasano\/\"},\"author\":{\"name\":\"Jader Lazarini\",\"@id\":\"https:\/\/www.suno.com.br\/noticias\/#\/schema\/person\/918d79de1f0281f01599b93f9ea6e23f\"},\"headline\":\"JHSF (JHSF3) comunica reabertura do Hotel Fasano Rio de Janeiro\",\"datePublished\":\"2020-06-29T13:26:29+00:00\",\"dateModified\":\"2020-06-29T14:49:01+00:00\",\"mainEntityOfPage\":{\"@id\":\"https:\/\/www.suno.com.br\/noticias\/jhsf-jhsf3-comunica-reabertura-hotel-fasano\/\"},\"wordCount\":379,\"publisher\":{\"@id\":\"https:\/\/www.suno.com.br\/noticias\/#organization\"},\"image\":{\"@id\":\"https:\/\/www.suno.com.br\/noticias\/jhsf-jhsf3-comunica-reabertura-hotel-fasano\/#primaryimage\"},\"thumbnailUrl\":\"https:\/\/files.sunoresearch.com.br\/n\/uploads\/2020\/06\/6f756d77-fasano-rio-de-janeiro-jpg.webp\",\"keywords\":[\"Fasano\",\"JHSF (JHSF3)\"],\"articleSection\":[\"Neg\u00f3cios\"],\"inLanguage\":\"pt-BR\"},{\"@type\":\"WebPage\",\"@id\":\"https:\/\/www.suno.com.br\/noticias\/jhsf-jhsf3-comunica-reabertura-hotel-fasano\/\",\"url\":\"https:\/\/www.suno.com.br\/noticias\/jhsf-jhsf3-comunica-reabertura-hotel-fasano\/\",\"name\":\"JHSF (JHSF3) comunica reabertura do Hotel Fasano Rio de Janeiro\",\"isPartOf\":{\"@id\":\"https:\/\/www.suno.com.br\/noticias\/#website\"},\"primaryImageOfPage\":{\"@id\":\"https:\/\/www.suno.com.br\/noticias\/jhsf-jhsf3-comunica-reabertura-hotel-fasano\/#primaryimage\"},\"image\":{\"@id\":\"https:\/\/www.suno.com.br\/noticias\/jhsf-jhsf3-comunica-reabertura-hotel-fasano\/#primaryimage\"},\"thumbnailUrl\":\"https:\/\/files.sunoresearch.com.br\/n\/uploads\/2020\/06\/6f756d77-fasano-rio-de-janeiro-jpg.webp\",\"datePublished\":\"2020-06-29T13:26:29+00:00\",\"dateModified\":\"2020-06-29T14:49:01+00:00\",\"description\":\"A JHSF (JHSF3) informou, na manh\u00e3 desta segunda-feira (29), que retomar\u00e1 as atividades do Hotel Fasano Rio de Janeiro. Clique e saiba mais.\",\"breadcrumb\":{\"@id\":\"https:\/\/www.suno.com.br\/noticias\/jhsf-jhsf3-comunica-reabertura-hotel-fasano\/#breadcrumb\"},\"inLanguage\":\"pt-BR\",\"potentialAction\":[{\"@type\":\"ReadAction\",\"target\":[\"https:\/\/www.suno.com.br\/noticias\/jhsf-jhsf3-comunica-reabertura-hotel-fasano\/\"]}]},{\"@type\":\"ImageObject\",\"inLanguage\":\"pt-BR\",\"@id\":\"https:\/\/www.suno.com.br\/noticias\/jhsf-jhsf3-comunica-reabertura-hotel-fasano\/#primaryimage\",\"url\":\"https:\/\/files.sunoresearch.com.br\/n\/uploads\/2020\/06\/6f756d77-fasano-rio-de-janeiro-jpg.webp\",\"contentUrl\":\"https:\/\/files.sunoresearch.com.br\/n\/uploads\/2020\/06\/6f756d77-fasano-rio-de-janeiro-jpg.webp\",\"width\":1280,\"height\":818,\"caption\":\"A XP informou, na noite da \u00faltima ter\u00e7a, que iniciou a cobertura das a\u00e7\u00f5es da JHSF (JHSF3), com recomenda\u00e7\u00e3o de compra.\"},{\"@type\":\"BreadcrumbList\",\"@id\":\"https:\/\/www.suno.com.br\/noticias\/jhsf-jhsf3-comunica-reabertura-hotel-fasano\/#breadcrumb\",\"itemListElement\":[{\"@type\":\"ListItem\",\"position\":1,\"name\":\"Not\u00edcias\",\"item\":\"https:\/\/www.suno.com.br\/noticias\/\"},{\"@type\":\"ListItem\",\"position\":2,\"name\":\"Neg\u00f3cios\",\"item\":\"https:\/\/www.suno.com.br\/noticias\/negocios\/\"},{\"@type\":\"ListItem\",\"position\":3,\"name\":\"JHSF (JHSF3) comunica reabertura do Hotel Fasano Rio de Janeiro\"}]},{\"@type\":\"WebSite\",\"@id\":\"https:\/\/www.suno.com.br\/noticias\/#website\",\"url\":\"https:\/\/www.suno.com.br\/noticias\/\",\"name\":\"Suno Not\u00edcias\",\"description\":\"Seu portal de informa\u00e7\u00e3o sobre o mundo dos investimentos\",\"publisher\":{\"@id\":\"https:\/\/www.suno.com.br\/noticias\/#organization\"},\"potentialAction\":[{\"@type\":\"SearchAction\",\"target\":{\"@type\":\"EntryPoint\",\"urlTemplate\":\"https:\/\/www.suno.com.br\/noticias\/?s={search_term_string}\"},\"query-input\":{\"@type\":\"PropertyValueSpecification\",\"valueRequired\":true,\"valueName\":\"search_term_string\"}}],\"inLanguage\":\"pt-BR\"},{\"@type\":\"Organization\",\"@id\":\"https:\/\/www.suno.com.br\/noticias\/#organization\",\"name\":\"Suno Not\u00edcias\",\"url\":\"https:\/\/www.suno.com.br\/noticias\/\",\"logo\":{\"@type\":\"ImageObject\",\"inLanguage\":\"pt-BR\",\"@id\":\"https:\/\/www.suno.com.br\/noticias\/#\/schema\/logo\/image\/\",\"url\":\"https:\/\/files.sunoresearch.com.br\/n\/uploads\/2021\/09\/suno-logo.png\",\"contentUrl\":\"https:\/\/files.sunoresearch.com.br\/n\/uploads\/2021\/09\/suno-logo.png\",\"width\":180,\"height\":180,\"caption\":\"Suno Not\u00edcias\"},\"image\":{\"@id\":\"https:\/\/www.suno.com.br\/noticias\/#\/schema\/logo\/image\/\"},\"sameAs\":[\"https:\/\/facebook.com\/sunoresearch\",\"https:\/\/x.com\/sunoresearch\",\"https:\/\/www.instagram.com\/suno\",\"https:\/\/www.linkedin.com\/company\/suno-research\/\",\"https:\/\/www.youtube.com\/c\/sunoresearch\"]},{\"@type\":\"Person\",\"@id\":\"https:\/\/www.suno.com.br\/noticias\/#\/schema\/person\/918d79de1f0281f01599b93f9ea6e23f\",\"name\":\"Jader Lazarini\",\"image\":{\"@type\":\"ImageObject\",\"inLanguage\":\"pt-BR\",\"@id\":\"https:\/\/www.suno.com.br\/noticias\/#\/schema\/person\/image\/\",\"url\":\"https:\/\/secure.gravatar.com\/avatar\/3c1ad8caa51589841baeb923fcddea97?s=96&r=g\",\"contentUrl\":\"https:\/\/secure.gravatar.com\/avatar\/3c1ad8caa51589841baeb923fcddea97?s=96&r=g\",\"caption\":\"Jader Lazarini\"},\"description\":\"Jader Lazarini escreve sobre investimentos, finan\u00e7as, economia e neg\u00f3cios. \u00c9 bacharel em Rela\u00e7\u00f5es Internacionais e analista CNPI (2619).\",\"url\":\"https:\/\/www.suno.com.br\/noticias\/author\/jader-lazarini\/\"}]}<\/script>\n<!-- \/ Yoast SEO plugin. -->","yoast_head_json":{"title":"JHSF (JHSF3) comunica reabertura do Hotel Fasano Rio de Janeiro","description":"A JHSF (JHSF3) informou, na manh\u00e3 desta segunda-feira (29), que retomar\u00e1 as atividades do Hotel Fasano Rio de Janeiro. Clique e saiba mais.","robots":{"index":"index","follow":"follow","max-snippet":"max-snippet:-1","max-image-preview":"max-image-preview:large","max-video-preview":"max-video-preview:-1"},"canonical":"https:\/\/www.suno.com.br\/noticias\/jhsf-jhsf3-comunica-reabertura-hotel-fasano\/","og_locale":"pt_BR","og_type":"article","og_title":"JHSF (JHSF3) comunica reabertura do Hotel Fasano Rio de Janeiro","og_description":"A JHSF (JHSF3) informou, na manh\u00e3 desta segunda-feira (29), que retomar\u00e1 as atividades do Hotel Fasano Rio de Janeiro. Clique e saiba mais.","og_url":"https:\/\/www.suno.com.br\/noticias\/jhsf-jhsf3-comunica-reabertura-hotel-fasano\/","og_site_name":"Suno Not\u00edcias","article_publisher":"https:\/\/facebook.com\/sunoresearch","og_image":[{"width":1280,"height":818,"url":"https:\/\/files.sunoresearch.com.br\/n\/uploads\/2020\/06\/6f756d77-fasano-rio-de-janeiro.jpg","type":"image\/jpeg"}],"author":"Jader Lazarini","twitter_card":"summary_large_image","twitter_creator":"@sunoresearch","twitter_site":"@sunoresearch","twitter_misc":{"Escrito por":"Jader Lazarini","Est. tempo de leitura":"2 minutos"},"schema":{"@context":"https:\/\/schema.org","@graph":[{"@type":"NewsArticle","@id":"https:\/\/www.suno.com.br\/noticias\/jhsf-jhsf3-comunica-reabertura-hotel-fasano\/#article","isPartOf":{"@id":"https:\/\/www.suno.com.br\/noticias\/jhsf-jhsf3-comunica-reabertura-hotel-fasano\/"},"author":{"name":"Jader Lazarini","@id":"https:\/\/www.suno.com.br\/noticias\/#\/schema\/person\/918d79de1f0281f01599b93f9ea6e23f"},"headline":"JHSF (JHSF3) comunica reabertura do Hotel Fasano Rio de Janeiro","datePublished":"2020-06-29T13:26:29+00:00","dateModified":"2020-06-29T14:49:01+00:00","mainEntityOfPage":{"@id":"https:\/\/www.suno.com.br\/noticias\/jhsf-jhsf3-comunica-reabertura-hotel-fasano\/"},"wordCount":379,"publisher":{"@id":"https:\/\/www.suno.com.br\/noticias\/#organization"},"image":{"@id":"https:\/\/www.suno.com.br\/noticias\/jhsf-jhsf3-comunica-reabertura-hotel-fasano\/#primaryimage"},"thumbnailUrl":"https:\/\/files.sunoresearch.com.br\/n\/uploads\/2020\/06\/6f756d77-fasano-rio-de-janeiro-jpg.webp","keywords":["Fasano","JHSF (JHSF3)"],"articleSection":["Neg\u00f3cios"],"inLanguage":"pt-BR"},{"@type":"WebPage","@id":"https:\/\/www.suno.com.br\/noticias\/jhsf-jhsf3-comunica-reabertura-hotel-fasano\/","url":"https:\/\/www.suno.com.br\/noticias\/jhsf-jhsf3-comunica-reabertura-hotel-fasano\/","name":"JHSF (JHSF3) comunica reabertura do Hotel Fasano Rio de Janeiro","isPartOf":{"@id":"https:\/\/www.suno.com.br\/noticias\/#website"},"primaryImageOfPage":{"@id":"https:\/\/www.suno.com.br\/noticias\/jhsf-jhsf3-comunica-reabertura-hotel-fasano\/#primaryimage"},"image":{"@id":"https:\/\/www.suno.com.br\/noticias\/jhsf-jhsf3-comunica-reabertura-hotel-fasano\/#primaryimage"},"thumbnailUrl":"https:\/\/files.sunoresearch.com.br\/n\/uploads\/2020\/06\/6f756d77-fasano-rio-de-janeiro-jpg.webp","datePublished":"2020-06-29T13:26:29+00:00","dateModified":"2020-06-29T14:49:01+00:00","description":"A JHSF (JHSF3) informou, na manh\u00e3 desta segunda-feira (29), que retomar\u00e1 as atividades do Hotel Fasano Rio de Janeiro. Clique e saiba mais.","breadcrumb":{"@id":"https:\/\/www.suno.com.br\/noticias\/jhsf-jhsf3-comunica-reabertura-hotel-fasano\/#breadcrumb"},"inLanguage":"pt-BR","potentialAction":[{"@type":"ReadAction","target":["https:\/\/www.suno.com.br\/noticias\/jhsf-jhsf3-comunica-reabertura-hotel-fasano\/"]}]},{"@type":"ImageObject","inLanguage":"pt-BR","@id":"https:\/\/www.suno.com.br\/noticias\/jhsf-jhsf3-comunica-reabertura-hotel-fasano\/#primaryimage","url":"https:\/\/files.sunoresearch.com.br\/n\/uploads\/2020\/06\/6f756d77-fasano-rio-de-janeiro-jpg.webp","contentUrl":"https:\/\/files.sunoresearch.com.br\/n\/uploads\/2020\/06\/6f756d77-fasano-rio-de-janeiro-jpg.webp","width":1280,"height":818,"caption":"A XP informou, na noite da \u00faltima ter\u00e7a, que iniciou a cobertura das a\u00e7\u00f5es da JHSF (JHSF3), com recomenda\u00e7\u00e3o de compra."},{"@type":"BreadcrumbList","@id":"https:\/\/www.suno.com.br\/noticias\/jhsf-jhsf3-comunica-reabertura-hotel-fasano\/#breadcrumb","itemListElement":[{"@type":"ListItem","position":1,"name":"Not\u00edcias","item":"https:\/\/www.suno.com.br\/noticias\/"},{"@type":"ListItem","position":2,"name":"Neg\u00f3cios","item":"https:\/\/www.suno.com.br\/noticias\/negocios\/"},{"@type":"ListItem","position":3,"name":"JHSF (JHSF3) comunica reabertura do Hotel Fasano Rio de Janeiro"}]},{"@type":"WebSite","@id":"https:\/\/www.suno.com.br\/noticias\/#website","url":"https:\/\/www.suno.com.br\/noticias\/","name":"Suno Not\u00edcias","description":"Seu portal de informa\u00e7\u00e3o sobre o mundo dos investimentos","publisher":{"@id":"https:\/\/www.suno.com.br\/noticias\/#organization"},"potentialAction":[{"@type":"SearchAction","target":{"@type":"EntryPoint","urlTemplate":"https:\/\/www.suno.com.br\/noticias\/?s={search_term_string}"},"query-input":{"@type":"PropertyValueSpecification","valueRequired":true,"valueName":"search_term_string"}}],"inLanguage":"pt-BR"},{"@type":"Organization","@id":"https:\/\/www.suno.com.br\/noticias\/#organization","name":"Suno Not\u00edcias","url":"https:\/\/www.suno.com.br\/noticias\/","logo":{"@type":"ImageObject","inLanguage":"pt-BR","@id":"https:\/\/www.suno.com.br\/noticias\/#\/schema\/logo\/image\/","url":"https:\/\/files.sunoresearch.com.br\/n\/uploads\/2021\/09\/suno-logo.png","contentUrl":"https:\/\/files.sunoresearch.com.br\/n\/uploads\/2021\/09\/suno-logo.png","width":180,"height":180,"caption":"Suno Not\u00edcias"},"image":{"@id":"https:\/\/www.suno.com.br\/noticias\/#\/schema\/logo\/image\/"},"sameAs":["https:\/\/facebook.com\/sunoresearch","https:\/\/x.com\/sunoresearch","https:\/\/www.instagram.com\/suno","https:\/\/www.linkedin.com\/company\/suno-research\/","https:\/\/www.youtube.com\/c\/sunoresearch"]},{"@type":"Person","@id":"https:\/\/www.suno.com.br\/noticias\/#\/schema\/person\/918d79de1f0281f01599b93f9ea6e23f","name":"Jader Lazarini","image":{"@type":"ImageObject","inLanguage":"pt-BR","@id":"https:\/\/www.suno.com.br\/noticias\/#\/schema\/person\/image\/","url":"https:\/\/secure.gravatar.com\/avatar\/3c1ad8caa51589841baeb923fcddea97?s=96&r=g","contentUrl":"https:\/\/secure.gravatar.com\/avatar\/3c1ad8caa51589841baeb923fcddea97?s=96&r=g","caption":"Jader Lazarini"},"description":"Jader Lazarini escreve sobre investimentos, finan\u00e7as, economia e neg\u00f3cios. \u00c9 bacharel em Rela\u00e7\u00f5es Internacionais e analista CNPI (2619).","url":"https:\/\/www.suno.com.br\/noticias\/author\/jader-lazarini\/"}]}},"default_loop_html":"<div class=\"cardsPage__listCard__boxs\"><div class=\"cardsPage__listCard__boxs__img\"><a href=\"https:\/\/www.suno.com.br\/noticias\/jhsf-jhsf3-comunica-reabertura-hotel-fasano\/\"><img class=\"mask\" src=\"https:\/\/www.suno.com.br\/noticias\/wp-content\/themes\/suno\/resources\/images\/spotlight\/spotlight1img\/bg-mask.png\" alt=\"Image Mask\"\/><img src=\"https:\/\/files.sunoresearch.com.br\/n\/uploads\/2020\/06\/6f756d77-fasano-rio-de-janeiro-400x200.webp\" alt=\"JHSF (JHSF3) comunica reabertura do Hotel Fasano Rio de Janeiro\"\/><\/a><span class=\"spotlightCategory\"><a href=\"https:\/\/www.suno.com.br\/noticias\/negocios\/\">Neg\u00f3cios<\/a><\/span><\/div><div class=\"cardsPage__listCard__boxs__content\"><a href=\"https:\/\/www.suno.com.br\/noticias\/jhsf-jhsf3-comunica-reabertura-hotel-fasano\/\"><h2 class=\"content__title\">JHSF (JHSF3) comunica reabertura do Hotel Fasano Rio de Janeiro<\/h2><\/a><div class=\"newsContent__article__meta\"><div class=\"newsContent__article__meta__authorBox\"><a href=\"https:\/\/www.suno.com.br\/noticias\/author\/jader-lazarini\/\" class=\"authorBox__avatar noMobi\"><img src=\"https:\/\/files.sunoresearch.com.br\/n\/uploads\/2021\/01\/178e6598-foto-perfil-2-150x150.jpg\" alt=\"Jader Lazarini\"><\/a><div class=\"authorBox__name\"><span>por\n\t\t\t<a href=\"https:\/\/www.suno.com.br\/noticias\/author\/jader-lazarini\/\"><span itemprop=\"author\">Jader Lazarini<\/span><\/a><\/span><time datetime=\"2020-06-29T10:26:29-03:00\" itemprop=\"datePublished\">29\/06\/2020 10:26<\/time><\/div><\/div><\/div><\/div><\/div>","single_layout":"posts","amp_enabled":true,"_links":{"self":[{"href":"https:\/\/www.suno.com.br\/noticias\/wp-json\/wp\/v2\/posts\/70817"}],"collection":[{"href":"https:\/\/www.suno.com.br\/noticias\/wp-json\/wp\/v2\/posts"}],"about":[{"href":"https:\/\/www.suno.com.br\/noticias\/wp-json\/wp\/v2\/types\/post"}],"author":[{"embeddable":true,"href":"https:\/\/www.suno.com.br\/noticias\/wp-json\/wp\/v2\/users\/24"}],"replies":[{"embeddable":true,"href":"https:\/\/www.suno.com.br\/noticias\/wp-json\/wp\/v2\/comments?post=70817"}],"version-history":[{"count":0,"href":"https:\/\/www.suno.com.br\/noticias\/wp-json\/wp\/v2\/posts\/70817\/revisions"}],"wp:featuredmedia":[{"embeddable":true,"href":"https:\/\/www.suno.com.br\/noticias\/wp-json\/wp\/v2\/media\/70828"}],"wp:attachment":[{"href":"https:\/\/www.suno.com.br\/noticias\/wp-json\/wp\/v2\/media?parent=70817"}],"wp:term":[{"taxonomy":"category","embeddable":true,"href":"https:\/\/www.suno.com.br\/noticias\/wp-json\/wp\/v2\/categories?post=70817"},{"taxonomy":"post_tag","embeddable":true,"href":"https:\/\/www.suno.com.br\/noticias\/wp-json\/wp\/v2\/tags?post=70817"},{"taxonomy":"suno_strategy","embeddable":true,"href":"https:\/\/www.suno.com.br\/noticias\/wp-json\/wp\/v2\/suno_strategy?post=70817"}],"curies":[{"name":"wp","href":"https:\/\/api.w.org\/{rel}","templated":true}]}}