{"id":70658,"date":"2020-06-26T17:29:52","date_gmt":"2020-06-26T20:29:52","guid":{"rendered":"https:\/\/www.suno.com.br\/noticias\/?p=70658"},"modified":"2021-02-17T22:50:47","modified_gmt":"2021-02-18T01:50:47","slug":"dolar-encerra-em-alta-de-2579-cotado-em-r-54652-26062020","status":"publish","type":"post","link":"https:\/\/www.suno.com.br\/noticias\/dolar-encerra-em-alta-de-2579-cotado-em-r-54652-26062020\/","title":{"rendered":"D\u00f3lar encerra em alta de 2,579%, cotado em R$ 5,4652"},"content":{"rendered":"<p>O <a href=\"https:\/\/www.suno.com.br\/artigos\/dolar\/\"><strong>d\u00f3lar<\/strong> <\/a>encerrou nesta sexta-feira (26) em alta de 2,579%, negociado a R$ 5,4652 na venda.<\/p>\t<div class=\"wrapper-featured-image\">\n\t\t<figure class=\"spotlightImg\">\n\n\t\t\t<picture>\n\t\t\t\t<source media=\"(max-width: 768px)\" srcset=\"https:\/\/files.sunoresearch.com.br\/n\/uploads\/2019\/01\/7e88c6e8-d\u00f3lar-400x200.webp\">\n\t\t\t\t<img loading=\"lazy\" decoding=\"async\" class=\"newsContent__article__imgCapa lazyloadDisabled newsContent__article__imgCapa--noCaption\" src=\"https:\/\/files.sunoresearch.com.br\/n\/uploads\/2019\/01\/7e88c6e8-d\u00f3lar-800x450.webp\" width=\"800\" height=\"450\" alt=\"D\u00f3lar encerra em alta de 2,579%, cotado em R$ 5,4652\" fetchpriority=high \/>\n\t\t\t<\/picture>\n\n\t\t\t<figcaption class=\"wp-caption-text wp-caption-text--hide\">O d\u00f3lar hoje ampliou os ganhos ap\u00f3s avan\u00e7ar 0,43% no dia anterior<\/figcaption>\n\t\t<\/figure>\n\t<\/div>\n\n\n\n<p>No acumulado da semana o d\u00f3lar apresentou uma alta de 2,88%, enquanto nessa sexta-feira, os investidores ficaram de olho na declara\u00e7\u00e3o da American Airlines, indicando poder\u00e1 vender toda a capacidade de seus voos a partir do dia 1\u00ba de julho.<\/p>\n<p>Al\u00e9m disso, seguiu no radar dos investidores a not\u00edcia de que o\u00a0ministro da Economia, <a href=\"https:\/\/www.suno.com.br\/tudo-sobre\/paulo-guedes\/\">Paulo Guedes<\/a>, deu o seu aval para que o Governo Federal pague mais tr\u00eas parcelas de aux\u00edlio emergencial, apelidado de coronavoucher.<\/p>\n<p><a href=\"https:\/\/lp.suno.com.br\/suno-one\/\">Conhe\u00e7a o Suno One, a central gratuita de informa\u00e7\u00f5es da Suno para quem quer aprender a investir. Acesse clicando aqui.<\/a><\/p>\n<p>Confira as principais not\u00edcias que movimentaram o mercado nessa sexta-feira:<\/p>\n<ul>\n<li><strong>Campos Neto<\/strong>: sa\u00edda de capital diminuir\u00e1 e contas externas melhorar\u00e3o;<\/li>\n<li><strong>Coronavoucher<\/strong>: Guedes autoriza mais tr\u00eas parcelas do aux\u00edlio;<\/li>\n<li><strong>American Airlines<\/strong> retomar\u00e1 capacidade total em meio \u00e0 pandemia;<\/li>\n<li>\u00daltima cota\u00e7\u00e3o do d\u00f3lar.<\/li>\n<\/ul>\n<h2>Campos Neto<\/h2>\n<p>O presidente do <a href=\"https:\/\/www.suno.com.br\/artigos\/bacen\/\">Banco Central (BC)<\/a>, <a href=\"https:\/\/www.suno.com.br\/tudo-sobre\/roberto-campos-neto\/\">Roberto <strong>Campos Neto<\/strong><\/a>, declarou nesta sexta-feira, em rela\u00e7\u00e3o ao setor externo, que &#8220;a sa\u00edda de capital vai diminuir e as contas externas v\u00e3o melhorar&#8221; no Brasil.<\/p>\n<p>Campos Neto afirmou, durante <em>live\u00a0<\/em>promovida pela Brazilian-American Chamber of Commerce of Florida (BACCF), que a ind\u00fastria de manufaturados vem apresentando &#8220;caminhos desiguais de queda e recupera\u00e7\u00e3o&#8221;.<\/p>\n<p><a href=\"https:\/\/www.suno.com.br\/noticias\/campos-neto-saida-capital-diminiuir-contas-melhorar\/\">Saiba mais: Campos Neto: sa\u00edda de capital diminuir\u00e1 e contas externas melhorar\u00e3o<\/a><\/p>\n<p>O presidente do <strong>BC<\/strong> tamb\u00e9m utilizou o consumo de eletricidade no mercado livre para mostrar a diferen\u00e7a entre os segmentos da ind\u00fastria, na apresenta\u00e7\u00e3o. O setor com o melhor desempenho foi o de cimento, que registrou alta de 13,1%.<\/p>\n<h2>Coronavoucher<\/h2>\n<p>O ministro da Economia, <a href=\"https:\/\/www.suno.com.br\/tudo-sobre\/paulo-guedes\/\">Paulo Guedes<\/a>, deu o seu aval para que o Governo Federal pague mais tr\u00eas parcelas de aux\u00edlio emergencial (<strong>coronavoucher<\/strong>) aos trabalhadores informais e a popula\u00e7\u00e3o que est\u00e1 passando dificuldades devido a pandemia de coronav\u00edrus. As parcelas ser\u00e3o nos valores de: R$ 500, R$ 400 e R$ 300.<\/p>\n<p>Na \u00faltima quinta-feira (25), o presidente Jair Bolsonaro, em sua live semanal, j\u00e1 havia dito que o coronavoucher teria um adicional de R$ 1,2 mil, dividido em tr\u00eas parcelas. &#8220;Vamos partir para uma adequa\u00e7\u00e3o. Deve ser, estamos estudando, R$ 500, R$ 400 e R$ 300&#8221;, afirmou o mandat\u00e1rio. A confirma\u00e7\u00e3o, por parte de Guedes, entretanto, s\u00f3 ocorreu nesta sexta.<\/p>\n<p><a href=\"https:\/\/www.suno.com.br\/noticias\/coronavoucher-guedes-autoriza-mais-tres-parcelas-do-auxilio\/\">Saiba mais: Coronavoucher: Guedes autoriza mais tr\u00eas parcelas do aux\u00edlio<\/a><\/p>\n<p>Tamb\u00e9m est\u00e1 sendo discutido na equipe econ\u00f4mica algumas medidas que configuram a cria\u00e7\u00e3o do programa &#8220;Renda Brasil&#8221;. Este programa consiste em unificar os programas sociais como: Bolsa Fam\u00edlia, Seguro Defeso e Abono Salarial. Com a jun\u00e7\u00e3o deles, todos deixariam de existir.<\/p>\n<h2>American Airlines<\/h2>\n<p>A <strong>American Airlines <\/strong>(<a href=\"https:\/\/www.suno.com.br\/artigos\/nasdaq\/\">NASDAQ<\/a>: AAL) informou nesta sexta-feira que poder\u00e1 vender toda a capacidade de seus voos a partir do dia 1\u00ba de julho, deixando de lado os limites para promover o distanciamento social em meio \u00e0 pandemia do novo coronav\u00edrus.<\/p>\n<p>A American Airlines destacou por meio de comunicado que os clientes ainda ser\u00e3o notificados quando fizerem a reserva em voos lotados. Al\u00e9m disso, para aqueles que sentirem necessidade, ser\u00e1 poss\u00edvel mudar as reservas sem nenhum custo adicional.<\/p>\n<p><a href=\"https:\/\/www.suno.com.br\/noticias\/american-airlines-capacidade-total-julho\/\">Saiba mais: American Airlines retomar\u00e1 capacidade total em meio \u00e0 pandemia<\/a><\/p>\n<p>No mesmo sentido, a companhia a\u00e9rea norte-americana exigir\u00e1, a partir de 30 de junho, que o clientes certifiquem-se de que est\u00e3o livres de sintomas relacionados \u00e0 Covid-19 nos 14 dias anteriores \u00e0 viagem.<\/p>\n<h2>\u00daltima cota\u00e7\u00e3o do d\u00f3lar<\/h2>\n<p>Na \u00faltima sess\u00e3o, quinta-feira, o <strong>d\u00f3lar<\/strong> encerrou est\u00e1vel com leve alta de 0,06%, negociado a R$ 5,3278.<\/p>\n\n","protected":false},"excerpt":{"rendered":"<p>O d\u00f3lar encerrou nesta sexta-feira (26) em alta de 2,579%, negociado a R$ 5,4652 na venda. O d\u00f3lar hoje ampliou os ganhos ap\u00f3s avan\u00e7ar 0,43% no dia anterior No acumulado da semana o d\u00f3lar apresentou uma alta de 2,88%, enquanto nessa sexta-feira, os investidores ficaram de olho na declara\u00e7\u00e3o da American Airlines, indicando poder\u00e1 vender [&hellip;]<\/p>\n","protected":false},"author":39,"featured_media":12223,"comment_status":"closed","ping_status":"closed","sticky":false,"template":"","format":"standard","meta":[],"categories":[60],"tags":[2065,17139,1842,2487,12737,5255,326,2748,1113],"suno_strategy":[],"class_list":["post-70658","post","type-post","status-publish","format-standard","has-post-thumbnail","hentry","category-mercado","tag-american-airlines-aall34","tag-auxilio-emergencial","tag-banco-central-bc","tag-coronavirus","tag-coronavoucher","tag-covid-19","tag-dolar","tag-pandemia","tag-roberto-campos-neto"],"yoast_head":"<!-- This site is optimized with the Yoast SEO plugin v24.4 - https:\/\/yoast.com\/wordpress\/plugins\/seo\/ -->\n<title>D\u00f3lar encerra em alta de 2,579%, cotado em R$ 5,4652<\/title>\n<meta name=\"description\" content=\"O d\u00f3lar encerrou nesta sexta-feira (26) em alta de 2,579%, negociado a R$ 5,4652 na venda. Clique aqui para saber mais.\" \/>\n<meta name=\"robots\" content=\"index, follow, max-snippet:-1, max-image-preview:large, max-video-preview:-1\" \/>\n<link rel=\"canonical\" href=\"https:\/\/www.suno.com.br\/noticias\/dolar-encerra-em-alta-de-2579-cotado-em-r-54652-26062020\/\" \/>\n<meta property=\"og:locale\" content=\"pt_BR\" \/>\n<meta property=\"og:type\" content=\"article\" \/>\n<meta property=\"og:title\" content=\"D\u00f3lar encerra em alta de 2,579%, cotado em R$ 5,4652\" \/>\n<meta property=\"og:description\" content=\"O d\u00f3lar encerrou nesta sexta-feira (26) em alta de 2,579%, negociado a R$ 5,4652 na venda. Clique aqui para saber mais.\" \/>\n<meta property=\"og:url\" content=\"https:\/\/www.suno.com.br\/noticias\/dolar-encerra-em-alta-de-2579-cotado-em-r-54652-26062020\/\" \/>\n<meta property=\"og:site_name\" content=\"Suno Not\u00edcias\" \/>\n<meta property=\"article:publisher\" content=\"https:\/\/facebook.com\/sunoresearch\" \/>\n<meta property=\"og:image\" content=\"https:\/\/files.sunoresearch.com.br\/n\/uploads\/2019\/01\/7e88c6e8-d\u00f3lar.jpg\" \/>\n\t<meta property=\"og:image:width\" content=\"1024\" \/>\n\t<meta property=\"og:image:height\" content=\"658\" \/>\n\t<meta property=\"og:image:type\" content=\"image\/jpeg\" \/>\n<meta name=\"author\" content=\"Laura Moutinho\" \/>\n<meta name=\"twitter:card\" content=\"summary_large_image\" \/>\n<meta name=\"twitter:creator\" content=\"@sunoresearch\" \/>\n<meta name=\"twitter:site\" content=\"@sunoresearch\" \/>\n<meta name=\"twitter:label1\" content=\"Escrito por\" \/>\n\t<meta name=\"twitter:data1\" content=\"Laura Moutinho\" \/>\n\t<meta name=\"twitter:label2\" content=\"Est. tempo de leitura\" \/>\n\t<meta name=\"twitter:data2\" content=\"3 minutos\" \/>\n<script type=\"application\/ld+json\" class=\"yoast-schema-graph\">{\"@context\":\"https:\/\/schema.org\",\"@graph\":[{\"@type\":\"NewsArticle\",\"@id\":\"https:\/\/www.suno.com.br\/noticias\/dolar-encerra-em-alta-de-2579-cotado-em-r-54652-26062020\/#article\",\"isPartOf\":{\"@id\":\"https:\/\/www.suno.com.br\/noticias\/dolar-encerra-em-alta-de-2579-cotado-em-r-54652-26062020\/\"},\"author\":{\"name\":\"Laura Moutinho\",\"@id\":\"https:\/\/www.suno.com.br\/noticias\/#\/schema\/person\/3df0d2808748b74496efe5dbeaef2c72\"},\"headline\":\"D\u00f3lar encerra em alta de 2,579%, cotado em R$ 5,4652\",\"datePublished\":\"2020-06-26T20:29:52+00:00\",\"dateModified\":\"2021-02-18T01:50:47+00:00\",\"mainEntityOfPage\":{\"@id\":\"https:\/\/www.suno.com.br\/noticias\/dolar-encerra-em-alta-de-2579-cotado-em-r-54652-26062020\/\"},\"wordCount\":619,\"publisher\":{\"@id\":\"https:\/\/www.suno.com.br\/noticias\/#organization\"},\"image\":{\"@id\":\"https:\/\/www.suno.com.br\/noticias\/dolar-encerra-em-alta-de-2579-cotado-em-r-54652-26062020\/#primaryimage\"},\"thumbnailUrl\":\"https:\/\/files.sunoresearch.com.br\/n\/uploads\/2019\/01\/7e88c6e8-d\u00f3lar-jpg.webp\",\"keywords\":[\"American Airlines (AALL34)\",\"aux\u00edlio emergencial\",\"Banco Central (BC)\",\"coronav\u00edrus\",\"coronavoucher\",\"covid-19\",\"d\u00f3lar\",\"pandemia\",\"Roberto Campos Neto\"],\"articleSection\":[\"Mercado\"],\"inLanguage\":\"pt-BR\"},{\"@type\":\"WebPage\",\"@id\":\"https:\/\/www.suno.com.br\/noticias\/dolar-encerra-em-alta-de-2579-cotado-em-r-54652-26062020\/\",\"url\":\"https:\/\/www.suno.com.br\/noticias\/dolar-encerra-em-alta-de-2579-cotado-em-r-54652-26062020\/\",\"name\":\"D\u00f3lar encerra em alta de 2,579%, cotado em R$ 5,4652\",\"isPartOf\":{\"@id\":\"https:\/\/www.suno.com.br\/noticias\/#website\"},\"primaryImageOfPage\":{\"@id\":\"https:\/\/www.suno.com.br\/noticias\/dolar-encerra-em-alta-de-2579-cotado-em-r-54652-26062020\/#primaryimage\"},\"image\":{\"@id\":\"https:\/\/www.suno.com.br\/noticias\/dolar-encerra-em-alta-de-2579-cotado-em-r-54652-26062020\/#primaryimage\"},\"thumbnailUrl\":\"https:\/\/files.sunoresearch.com.br\/n\/uploads\/2019\/01\/7e88c6e8-d\u00f3lar-jpg.webp\",\"datePublished\":\"2020-06-26T20:29:52+00:00\",\"dateModified\":\"2021-02-18T01:50:47+00:00\",\"description\":\"O d\u00f3lar encerrou nesta sexta-feira (26) em alta de 2,579%, negociado a R$ 5,4652 na venda. Clique aqui para saber mais.\",\"breadcrumb\":{\"@id\":\"https:\/\/www.suno.com.br\/noticias\/dolar-encerra-em-alta-de-2579-cotado-em-r-54652-26062020\/#breadcrumb\"},\"inLanguage\":\"pt-BR\",\"potentialAction\":[{\"@type\":\"ReadAction\",\"target\":[\"https:\/\/www.suno.com.br\/noticias\/dolar-encerra-em-alta-de-2579-cotado-em-r-54652-26062020\/\"]}]},{\"@type\":\"ImageObject\",\"inLanguage\":\"pt-BR\",\"@id\":\"https:\/\/www.suno.com.br\/noticias\/dolar-encerra-em-alta-de-2579-cotado-em-r-54652-26062020\/#primaryimage\",\"url\":\"https:\/\/files.sunoresearch.com.br\/n\/uploads\/2019\/01\/7e88c6e8-d\u00f3lar-jpg.webp\",\"contentUrl\":\"https:\/\/files.sunoresearch.com.br\/n\/uploads\/2019\/01\/7e88c6e8-d\u00f3lar-jpg.webp\",\"width\":1024,\"height\":658,\"caption\":\"O d\u00f3lar hoje ampliou os ganhos ap\u00f3s avan\u00e7ar 0,43% no dia anterior\"},{\"@type\":\"BreadcrumbList\",\"@id\":\"https:\/\/www.suno.com.br\/noticias\/dolar-encerra-em-alta-de-2579-cotado-em-r-54652-26062020\/#breadcrumb\",\"itemListElement\":[{\"@type\":\"ListItem\",\"position\":1,\"name\":\"Not\u00edcias\",\"item\":\"https:\/\/www.suno.com.br\/noticias\/\"},{\"@type\":\"ListItem\",\"position\":2,\"name\":\"Mercado\",\"item\":\"https:\/\/www.suno.com.br\/noticias\/mercado\/\"},{\"@type\":\"ListItem\",\"position\":3,\"name\":\"D\u00f3lar encerra em alta de 2,579%, cotado em R$ 5,4652\"}]},{\"@type\":\"WebSite\",\"@id\":\"https:\/\/www.suno.com.br\/noticias\/#website\",\"url\":\"https:\/\/www.suno.com.br\/noticias\/\",\"name\":\"Suno Not\u00edcias\",\"description\":\"Seu portal de informa\u00e7\u00e3o sobre o mundo dos investimentos\",\"publisher\":{\"@id\":\"https:\/\/www.suno.com.br\/noticias\/#organization\"},\"potentialAction\":[{\"@type\":\"SearchAction\",\"target\":{\"@type\":\"EntryPoint\",\"urlTemplate\":\"https:\/\/www.suno.com.br\/noticias\/?s={search_term_string}\"},\"query-input\":{\"@type\":\"PropertyValueSpecification\",\"valueRequired\":true,\"valueName\":\"search_term_string\"}}],\"inLanguage\":\"pt-BR\"},{\"@type\":\"Organization\",\"@id\":\"https:\/\/www.suno.com.br\/noticias\/#organization\",\"name\":\"Suno Not\u00edcias\",\"url\":\"https:\/\/www.suno.com.br\/noticias\/\",\"logo\":{\"@type\":\"ImageObject\",\"inLanguage\":\"pt-BR\",\"@id\":\"https:\/\/www.suno.com.br\/noticias\/#\/schema\/logo\/image\/\",\"url\":\"https:\/\/files.sunoresearch.com.br\/n\/uploads\/2021\/09\/suno-logo.png\",\"contentUrl\":\"https:\/\/files.sunoresearch.com.br\/n\/uploads\/2021\/09\/suno-logo.png\",\"width\":180,\"height\":180,\"caption\":\"Suno Not\u00edcias\"},\"image\":{\"@id\":\"https:\/\/www.suno.com.br\/noticias\/#\/schema\/logo\/image\/\"},\"sameAs\":[\"https:\/\/facebook.com\/sunoresearch\",\"https:\/\/x.com\/sunoresearch\",\"https:\/\/www.instagram.com\/suno\",\"https:\/\/www.linkedin.com\/company\/suno-research\/\",\"https:\/\/www.youtube.com\/c\/sunoresearch\"]},{\"@type\":\"Person\",\"@id\":\"https:\/\/www.suno.com.br\/noticias\/#\/schema\/person\/3df0d2808748b74496efe5dbeaef2c72\",\"name\":\"Laura Moutinho\",\"image\":{\"@type\":\"ImageObject\",\"inLanguage\":\"pt-BR\",\"@id\":\"https:\/\/www.suno.com.br\/noticias\/#\/schema\/person\/image\/\",\"url\":\"https:\/\/secure.gravatar.com\/avatar\/7571c7c8ca3a6fca5e41384ece5557ff?s=96&r=g\",\"contentUrl\":\"https:\/\/secure.gravatar.com\/avatar\/7571c7c8ca3a6fca5e41384ece5557ff?s=96&r=g\",\"caption\":\"Laura Moutinho\"},\"description\":\"Estagi\u00e1ria na Suno Not\u00edcias, escreve not\u00edcias que afetam o mercado financeiro. Estuda administra\u00e7\u00e3o na Universidade Presbiteriana Mackenzie.\",\"url\":\"https:\/\/www.suno.com.br\/noticias\/author\/laura-moutinho\/\"}]}<\/script>\n<!-- \/ Yoast SEO plugin. -->","yoast_head_json":{"title":"D\u00f3lar encerra em alta de 2,579%, cotado em R$ 5,4652","description":"O d\u00f3lar encerrou nesta sexta-feira (26) em alta de 2,579%, negociado a R$ 5,4652 na venda. Clique aqui para saber mais.","robots":{"index":"index","follow":"follow","max-snippet":"max-snippet:-1","max-image-preview":"max-image-preview:large","max-video-preview":"max-video-preview:-1"},"canonical":"https:\/\/www.suno.com.br\/noticias\/dolar-encerra-em-alta-de-2579-cotado-em-r-54652-26062020\/","og_locale":"pt_BR","og_type":"article","og_title":"D\u00f3lar encerra em alta de 2,579%, cotado em R$ 5,4652","og_description":"O d\u00f3lar encerrou nesta sexta-feira (26) em alta de 2,579%, negociado a R$ 5,4652 na venda. Clique aqui para saber mais.","og_url":"https:\/\/www.suno.com.br\/noticias\/dolar-encerra-em-alta-de-2579-cotado-em-r-54652-26062020\/","og_site_name":"Suno Not\u00edcias","article_publisher":"https:\/\/facebook.com\/sunoresearch","og_image":[{"width":1024,"height":658,"url":"https:\/\/files.sunoresearch.com.br\/n\/uploads\/2019\/01\/7e88c6e8-d\u00f3lar.jpg","type":"image\/jpeg"}],"author":"Laura Moutinho","twitter_card":"summary_large_image","twitter_creator":"@sunoresearch","twitter_site":"@sunoresearch","twitter_misc":{"Escrito por":"Laura Moutinho","Est. tempo de leitura":"3 minutos"},"schema":{"@context":"https:\/\/schema.org","@graph":[{"@type":"NewsArticle","@id":"https:\/\/www.suno.com.br\/noticias\/dolar-encerra-em-alta-de-2579-cotado-em-r-54652-26062020\/#article","isPartOf":{"@id":"https:\/\/www.suno.com.br\/noticias\/dolar-encerra-em-alta-de-2579-cotado-em-r-54652-26062020\/"},"author":{"name":"Laura Moutinho","@id":"https:\/\/www.suno.com.br\/noticias\/#\/schema\/person\/3df0d2808748b74496efe5dbeaef2c72"},"headline":"D\u00f3lar encerra em alta de 2,579%, cotado em R$ 5,4652","datePublished":"2020-06-26T20:29:52+00:00","dateModified":"2021-02-18T01:50:47+00:00","mainEntityOfPage":{"@id":"https:\/\/www.suno.com.br\/noticias\/dolar-encerra-em-alta-de-2579-cotado-em-r-54652-26062020\/"},"wordCount":619,"publisher":{"@id":"https:\/\/www.suno.com.br\/noticias\/#organization"},"image":{"@id":"https:\/\/www.suno.com.br\/noticias\/dolar-encerra-em-alta-de-2579-cotado-em-r-54652-26062020\/#primaryimage"},"thumbnailUrl":"https:\/\/files.sunoresearch.com.br\/n\/uploads\/2019\/01\/7e88c6e8-d\u00f3lar-jpg.webp","keywords":["American Airlines (AALL34)","aux\u00edlio emergencial","Banco Central (BC)","coronav\u00edrus","coronavoucher","covid-19","d\u00f3lar","pandemia","Roberto Campos Neto"],"articleSection":["Mercado"],"inLanguage":"pt-BR"},{"@type":"WebPage","@id":"https:\/\/www.suno.com.br\/noticias\/dolar-encerra-em-alta-de-2579-cotado-em-r-54652-26062020\/","url":"https:\/\/www.suno.com.br\/noticias\/dolar-encerra-em-alta-de-2579-cotado-em-r-54652-26062020\/","name":"D\u00f3lar encerra em alta de 2,579%, cotado em R$ 5,4652","isPartOf":{"@id":"https:\/\/www.suno.com.br\/noticias\/#website"},"primaryImageOfPage":{"@id":"https:\/\/www.suno.com.br\/noticias\/dolar-encerra-em-alta-de-2579-cotado-em-r-54652-26062020\/#primaryimage"},"image":{"@id":"https:\/\/www.suno.com.br\/noticias\/dolar-encerra-em-alta-de-2579-cotado-em-r-54652-26062020\/#primaryimage"},"thumbnailUrl":"https:\/\/files.sunoresearch.com.br\/n\/uploads\/2019\/01\/7e88c6e8-d\u00f3lar-jpg.webp","datePublished":"2020-06-26T20:29:52+00:00","dateModified":"2021-02-18T01:50:47+00:00","description":"O d\u00f3lar encerrou nesta sexta-feira (26) em alta de 2,579%, negociado a R$ 5,4652 na venda. Clique aqui para saber mais.","breadcrumb":{"@id":"https:\/\/www.suno.com.br\/noticias\/dolar-encerra-em-alta-de-2579-cotado-em-r-54652-26062020\/#breadcrumb"},"inLanguage":"pt-BR","potentialAction":[{"@type":"ReadAction","target":["https:\/\/www.suno.com.br\/noticias\/dolar-encerra-em-alta-de-2579-cotado-em-r-54652-26062020\/"]}]},{"@type":"ImageObject","inLanguage":"pt-BR","@id":"https:\/\/www.suno.com.br\/noticias\/dolar-encerra-em-alta-de-2579-cotado-em-r-54652-26062020\/#primaryimage","url":"https:\/\/files.sunoresearch.com.br\/n\/uploads\/2019\/01\/7e88c6e8-d\u00f3lar-jpg.webp","contentUrl":"https:\/\/files.sunoresearch.com.br\/n\/uploads\/2019\/01\/7e88c6e8-d\u00f3lar-jpg.webp","width":1024,"height":658,"caption":"O d\u00f3lar hoje ampliou os ganhos ap\u00f3s avan\u00e7ar 0,43% no dia anterior"},{"@type":"BreadcrumbList","@id":"https:\/\/www.suno.com.br\/noticias\/dolar-encerra-em-alta-de-2579-cotado-em-r-54652-26062020\/#breadcrumb","itemListElement":[{"@type":"ListItem","position":1,"name":"Not\u00edcias","item":"https:\/\/www.suno.com.br\/noticias\/"},{"@type":"ListItem","position":2,"name":"Mercado","item":"https:\/\/www.suno.com.br\/noticias\/mercado\/"},{"@type":"ListItem","position":3,"name":"D\u00f3lar encerra em alta de 2,579%, cotado em R$ 5,4652"}]},{"@type":"WebSite","@id":"https:\/\/www.suno.com.br\/noticias\/#website","url":"https:\/\/www.suno.com.br\/noticias\/","name":"Suno Not\u00edcias","description":"Seu portal de informa\u00e7\u00e3o sobre o mundo dos investimentos","publisher":{"@id":"https:\/\/www.suno.com.br\/noticias\/#organization"},"potentialAction":[{"@type":"SearchAction","target":{"@type":"EntryPoint","urlTemplate":"https:\/\/www.suno.com.br\/noticias\/?s={search_term_string}"},"query-input":{"@type":"PropertyValueSpecification","valueRequired":true,"valueName":"search_term_string"}}],"inLanguage":"pt-BR"},{"@type":"Organization","@id":"https:\/\/www.suno.com.br\/noticias\/#organization","name":"Suno Not\u00edcias","url":"https:\/\/www.suno.com.br\/noticias\/","logo":{"@type":"ImageObject","inLanguage":"pt-BR","@id":"https:\/\/www.suno.com.br\/noticias\/#\/schema\/logo\/image\/","url":"https:\/\/files.sunoresearch.com.br\/n\/uploads\/2021\/09\/suno-logo.png","contentUrl":"https:\/\/files.sunoresearch.com.br\/n\/uploads\/2021\/09\/suno-logo.png","width":180,"height":180,"caption":"Suno Not\u00edcias"},"image":{"@id":"https:\/\/www.suno.com.br\/noticias\/#\/schema\/logo\/image\/"},"sameAs":["https:\/\/facebook.com\/sunoresearch","https:\/\/x.com\/sunoresearch","https:\/\/www.instagram.com\/suno","https:\/\/www.linkedin.com\/company\/suno-research\/","https:\/\/www.youtube.com\/c\/sunoresearch"]},{"@type":"Person","@id":"https:\/\/www.suno.com.br\/noticias\/#\/schema\/person\/3df0d2808748b74496efe5dbeaef2c72","name":"Laura Moutinho","image":{"@type":"ImageObject","inLanguage":"pt-BR","@id":"https:\/\/www.suno.com.br\/noticias\/#\/schema\/person\/image\/","url":"https:\/\/secure.gravatar.com\/avatar\/7571c7c8ca3a6fca5e41384ece5557ff?s=96&r=g","contentUrl":"https:\/\/secure.gravatar.com\/avatar\/7571c7c8ca3a6fca5e41384ece5557ff?s=96&r=g","caption":"Laura Moutinho"},"description":"Estagi\u00e1ria na Suno Not\u00edcias, escreve not\u00edcias que afetam o mercado financeiro. Estuda administra\u00e7\u00e3o na Universidade Presbiteriana Mackenzie.","url":"https:\/\/www.suno.com.br\/noticias\/author\/laura-moutinho\/"}]}},"default_loop_html":"<div class=\"cardsPage__listCard__boxs\"><div class=\"cardsPage__listCard__boxs__img\"><a href=\"https:\/\/www.suno.com.br\/noticias\/dolar-encerra-em-alta-de-2579-cotado-em-r-54652-26062020\/\"><img class=\"mask\" src=\"https:\/\/www.suno.com.br\/noticias\/wp-content\/themes\/suno\/resources\/images\/spotlight\/spotlight1img\/bg-mask.png\" alt=\"Image Mask\"\/><img src=\"https:\/\/files.sunoresearch.com.br\/n\/uploads\/2019\/01\/7e88c6e8-d\u00f3lar-400x200.webp\" alt=\"D\u00f3lar encerra em alta de 2,579%, cotado em R$ 5,4652\"\/><\/a><span class=\"spotlightCategory\"><a href=\"https:\/\/www.suno.com.br\/noticias\/mercado\/\">Mercado<\/a><\/span><\/div><div class=\"cardsPage__listCard__boxs__content\"><a href=\"https:\/\/www.suno.com.br\/noticias\/dolar-encerra-em-alta-de-2579-cotado-em-r-54652-26062020\/\"><h2 class=\"content__title\">D\u00f3lar encerra em alta de 2,579%, cotado em R$ 5,4652<\/h2><\/a><div class=\"newsContent__article__meta\"><div class=\"newsContent__article__meta__authorBox\"><a href=\"https:\/\/www.suno.com.br\/noticias\/author\/laura-moutinho\/\" class=\"authorBox__avatar noMobi\"><img src=\"https:\/\/files.sunoresearch.com.br\/n\/uploads\/2020\/08\/531ff69d-whatsapp-image-2020-08-03-at-14.54.38-150x150.webp\" alt=\"Laura Moutinho\"><\/a><div class=\"authorBox__name\"><span>por\n\t\t\t<a href=\"https:\/\/www.suno.com.br\/noticias\/author\/laura-moutinho\/\"><span itemprop=\"author\">Laura Moutinho<\/span><\/a><\/span><time datetime=\"2020-06-26T17:29:52-03:00\" itemprop=\"datePublished\">26\/06\/2020 17:29<\/time><\/div><\/div><\/div><\/div><\/div>","single_layout":"posts","amp_enabled":true,"_links":{"self":[{"href":"https:\/\/www.suno.com.br\/noticias\/wp-json\/wp\/v2\/posts\/70658"}],"collection":[{"href":"https:\/\/www.suno.com.br\/noticias\/wp-json\/wp\/v2\/posts"}],"about":[{"href":"https:\/\/www.suno.com.br\/noticias\/wp-json\/wp\/v2\/types\/post"}],"author":[{"embeddable":true,"href":"https:\/\/www.suno.com.br\/noticias\/wp-json\/wp\/v2\/users\/39"}],"replies":[{"embeddable":true,"href":"https:\/\/www.suno.com.br\/noticias\/wp-json\/wp\/v2\/comments?post=70658"}],"version-history":[{"count":0,"href":"https:\/\/www.suno.com.br\/noticias\/wp-json\/wp\/v2\/posts\/70658\/revisions"}],"wp:featuredmedia":[{"embeddable":true,"href":"https:\/\/www.suno.com.br\/noticias\/wp-json\/wp\/v2\/media\/12223"}],"wp:attachment":[{"href":"https:\/\/www.suno.com.br\/noticias\/wp-json\/wp\/v2\/media?parent=70658"}],"wp:term":[{"taxonomy":"category","embeddable":true,"href":"https:\/\/www.suno.com.br\/noticias\/wp-json\/wp\/v2\/categories?post=70658"},{"taxonomy":"post_tag","embeddable":true,"href":"https:\/\/www.suno.com.br\/noticias\/wp-json\/wp\/v2\/tags?post=70658"},{"taxonomy":"suno_strategy","embeddable":true,"href":"https:\/\/www.suno.com.br\/noticias\/wp-json\/wp\/v2\/suno_strategy?post=70658"}],"curies":[{"name":"wp","href":"https:\/\/api.w.org\/{rel}","templated":true}]}}