{"id":70651,"date":"2020-06-26T16:54:03","date_gmt":"2020-06-26T19:54:03","guid":{"rendered":"https:\/\/www.suno.com.br\/noticias\/?p=70651"},"modified":"2021-02-17T22:18:07","modified_gmt":"2021-02-18T01:18:07","slug":"campos-neto-saida-capital-diminiuir-contas-melhorar","status":"publish","type":"post","link":"https:\/\/www.suno.com.br\/noticias\/campos-neto-saida-capital-diminiuir-contas-melhorar\/","title":{"rendered":"Campos Neto: sa\u00edda de capital diminuir\u00e1 e contas externas melhorar\u00e3o"},"content":{"rendered":"<p>O presidente do <a href=\"https:\/\/www.suno.com.br\/artigos\/bacen\/\">Banco Central (BC)<\/a>, <a href=\"https:\/\/www.suno.com.br\/tudo-sobre\/roberto-campos-neto\/\">Roberto <strong>Campos Neto<\/strong><\/a>, declarou nesta sexta-feira (26), em rela\u00e7\u00e3o ao setor externo, que &#8220;a sa\u00edda de capital vai diminuir e as contas externas v\u00e3o melhorar&#8221; no Brasil.<\/p>\t<div class=\"wrapper-featured-image\">\n\t\t<figure class=\"spotlightImg\">\n\n\t\t\t<picture>\n\t\t\t\t<source media=\"(max-width: 768px)\" srcset=\"https:\/\/files.sunoresearch.com.br\/n\/uploads\/2019\/11\/06b4b660-campos-400x200.webp\">\n\t\t\t\t<img loading=\"lazy\" decoding=\"async\" class=\"newsContent__article__imgCapa lazyloadDisabled newsContent__article__imgCapa--noCaption\" src=\"https:\/\/files.sunoresearch.com.br\/n\/uploads\/2019\/11\/06b4b660-campos-800x450.webp\" width=\"800\" height=\"450\" alt=\"Campos Neto: sa\u00edda de capital diminuir\u00e1 e contas externas melhorar\u00e3o\" fetchpriority=high \/>\n\t\t\t<\/picture>\n\n\t\t\t<figcaption class=\"wp-caption-text wp-caption-text--hide\">Campos Neto: sa\u00edda de capital diminuir\u00e1 e contas externas melhorar\u00e3o<\/figcaption>\n\t\t<\/figure>\n\t<\/div>\n\n\n\n<p>Campos Neto afirmou, durante <em>live\u00a0<\/em>promovida pela Brazilian-American Chamber of Commerce of Florida (BACCF), que a ind\u00fastria de manufaturados vem apresentando &#8220;caminhos desiguais de queda e recupera\u00e7\u00e3o&#8221;.<\/p>\n<p>O presidente do <strong>BC<\/strong> tamb\u00e9m utilizou o consumo de eletricidade no mercado livre para mostrar a diferen\u00e7a entre os segmentos da ind\u00fastria, na apresenta\u00e7\u00e3o. O setor com o melhor desempenho foi o de cimento, que registrou alta de 13,1%, enquanto todos os restantes ainda permanecem em patamares negativos:<\/p>\n<ul>\n<li>t\u00eaxtil (43,4%);<\/li>\n<li>ve\u00edculos (41,4%);<\/li>\n<li>qu\u00edmica (15,5%);<\/li>\n<li>alimenta\u00e7\u00e3o (8,8%);<\/li>\n<li>bebidas (6,9%);<\/li>\n<li>papel e celulose (6,3%);<\/li>\n<li>metalurgia (6,2%).<\/li>\n<\/ul>\n<p><a href=\"https:\/\/lp.suno.com.br\/suno-one\/\">Conhe\u00e7a o Suno One, a central gratuita de informa\u00e7\u00f5es da Suno para quem quer aprender a investir. Acesse clicando aqui.<\/a><\/p>\n<p>A compara\u00e7\u00e3o foi realizada com base nos n\u00edveis de 10 de junho e nos patamares dia 13 de mar\u00e7o.<\/p>\n<p>Por outro lado, os gr\u00e1ficos apresentados por Campos Neto revelam que em todos os casos os n\u00fameros j\u00e1 anotaram patamares inferiores aos atuais em algum ponto da crise. Os resultados s\u00e3o calculados com m\u00e9dias m\u00f3veis de cinco dias.<\/p>\n<p>O presidente da autarquia tamb\u00e9m salientou, baseando-se em dados da <a href=\"https:\/\/www.suno.com.br\/acoes\/ciel3\/\">Cielo (CIEL3)<\/a>, que os n\u00fameros\u00a0&#8220;preliminares indicam alguma recupera\u00e7\u00e3o do varejo, com a exce\u00e7\u00e3o dos servi\u00e7os&#8221;.<\/p>\n<h2>Campos Neto considera pol\u00edtica monet\u00e1ria compat\u00edvel com impactos<\/h2>\n<p>Al\u00e9m disso, o economista refor\u00e7ou a mensagem divulgada desde a reuni\u00e3o do\u00a0<a href=\"https:\/\/www.suno.com.br\/artigos\/copom\/\">Comit\u00ea de Pol\u00edtica Monet\u00e1ria (Copom)<\/a> feita semana passada. Na ocasi\u00e3o, o colegiado cortou a <a href=\"https:\/\/www.suno.com.br\/artigos\/taxa-de-juros-em-2020\/\">taxa b\u00e1sica de juros (Selic)<\/a> de 3% ao ano para\u00a02,25% ao ano.<\/p>\n<p>&#8220;Neste momento, o Comit\u00ea considera que a magnitude do est\u00edmulo monet\u00e1rio j\u00e1 implementado parece compat\u00edvel com os impactos econ\u00f4micos da pandemia da covid-19&#8221;, afirmou Campos Neto.<\/p>\n<p>&#8220;Para as pr\u00f3ximas reuni\u00f5es, o Comit\u00ea v\u00ea como apropriado avaliar os impactos da pandemia e do conjunto de medidas de incentivo ao cr\u00e9dito e recomposi\u00e7\u00e3o de renda e antev\u00ea que um eventual ajuste futuro no grau de est\u00edmulo monet\u00e1rio ser\u00e1 residual&#8221;, complementou o presidente do BC.<\/p>\n<p><a href=\"https:\/\/www.suno.com.br\/noticias\/campos-neto-inflacao-nao-abandonada-bc\/\">Saiba mais: Campos Neto: meta de infla\u00e7\u00e3o n\u00e3o foi abandonada pelo BC<\/a><\/p>\n<p>No cen\u00e1rio exterior, por sua vez, o economista ressaltou que o balan\u00e7o dos bancos centrais de pa\u00edses desenvolvidos passam por forte expans\u00e3o devido \u00e0s respostas para a crise. Entre essas economias,\u00a0<strong>Campos Neto\u00a0<\/strong>citou\u00a0Estados Unidos, <a href=\"https:\/\/www.suno.com.br\/artigos\/uniao-europeia\/\">Uni\u00e3o Europeia (UE)<\/a> e Jap\u00e3o.<\/p>\n\n","protected":false},"excerpt":{"rendered":"<p>O presidente do Banco Central (BC), Roberto Campos Neto, declarou nesta sexta-feira (26), em rela\u00e7\u00e3o ao setor externo, que &#8220;a sa\u00edda de capital vai diminuir e as contas externas v\u00e3o melhorar&#8221; no Brasil. Campos Neto: sa\u00edda de capital diminuir\u00e1 e contas externas melhorar\u00e3o Campos Neto afirmou, durante live\u00a0promovida pela Brazilian-American Chamber of Commerce of Florida [&hellip;]<\/p>\n","protected":false},"author":35,"featured_media":46051,"comment_status":"closed","ping_status":"closed","sticky":false,"template":"","format":"standard","meta":[],"categories":[62],"tags":[1842,1113],"suno_strategy":[],"class_list":["post-70651","post","type-post","status-publish","format-standard","has-post-thumbnail","hentry","category-economia","tag-banco-central-bc","tag-roberto-campos-neto"],"yoast_head":"<!-- This site is optimized with the Yoast SEO plugin v24.4 - https:\/\/yoast.com\/wordpress\/plugins\/seo\/ -->\n<title>Campos Neto: sa\u00edda de capital diminuir\u00e1 e contas externas melhorar\u00e3o<\/title>\n<meta name=\"description\" content=\"Campos Neto afirmou em rela\u00e7\u00e3o ao setor externo que &quot;a sa\u00edda de capital vai diminuir e as contas externas v\u00e3o melhorar&quot;. Clique para ver mais\" \/>\n<meta name=\"robots\" content=\"index, follow, max-snippet:-1, max-image-preview:large, max-video-preview:-1\" \/>\n<link rel=\"canonical\" href=\"https:\/\/www.suno.com.br\/noticias\/campos-neto-saida-capital-diminiuir-contas-melhorar\/\" \/>\n<meta property=\"og:locale\" content=\"pt_BR\" \/>\n<meta property=\"og:type\" content=\"article\" \/>\n<meta property=\"og:title\" content=\"Campos Neto: sa\u00edda de capital diminuir\u00e1 e contas externas melhorar\u00e3o\" \/>\n<meta property=\"og:description\" content=\"Campos Neto afirmou em rela\u00e7\u00e3o ao setor externo que &quot;a sa\u00edda de capital vai diminuir e as contas externas v\u00e3o melhorar&quot;. Clique para ver mais\" \/>\n<meta property=\"og:url\" content=\"https:\/\/www.suno.com.br\/noticias\/campos-neto-saida-capital-diminiuir-contas-melhorar\/\" \/>\n<meta property=\"og:site_name\" content=\"Suno Not\u00edcias\" \/>\n<meta property=\"article:publisher\" content=\"https:\/\/facebook.com\/sunoresearch\" \/>\n<meta property=\"og:image\" content=\"https:\/\/files.sunoresearch.com.br\/n\/uploads\/2019\/11\/06b4b660-campos.jpg\" \/>\n\t<meta property=\"og:image:width\" content=\"1140\" \/>\n\t<meta property=\"og:image:height\" content=\"760\" \/>\n\t<meta property=\"og:image:type\" content=\"image\/jpeg\" \/>\n<meta name=\"author\" content=\"Arthur Guimar\u00e3es\" \/>\n<meta name=\"twitter:card\" content=\"summary_large_image\" \/>\n<meta name=\"twitter:creator\" content=\"@sunoresearch\" \/>\n<meta name=\"twitter:site\" content=\"@sunoresearch\" \/>\n<meta name=\"twitter:label1\" content=\"Escrito por\" \/>\n\t<meta name=\"twitter:data1\" content=\"Arthur Guimar\u00e3es\" \/>\n\t<meta name=\"twitter:label2\" content=\"Est. tempo de leitura\" \/>\n\t<meta name=\"twitter:data2\" content=\"2 minutos\" \/>\n<script type=\"application\/ld+json\" class=\"yoast-schema-graph\">{\"@context\":\"https:\/\/schema.org\",\"@graph\":[{\"@type\":\"NewsArticle\",\"@id\":\"https:\/\/www.suno.com.br\/noticias\/campos-neto-saida-capital-diminiuir-contas-melhorar\/#article\",\"isPartOf\":{\"@id\":\"https:\/\/www.suno.com.br\/noticias\/campos-neto-saida-capital-diminiuir-contas-melhorar\/\"},\"author\":{\"name\":\"Arthur Guimar\u00e3es\",\"@id\":\"https:\/\/www.suno.com.br\/noticias\/#\/schema\/person\/053a750a709a263919a20f976caae91c\"},\"headline\":\"Campos Neto: sa\u00edda de capital diminuir\u00e1 e contas externas melhorar\u00e3o\",\"datePublished\":\"2020-06-26T19:54:03+00:00\",\"dateModified\":\"2021-02-18T01:18:07+00:00\",\"mainEntityOfPage\":{\"@id\":\"https:\/\/www.suno.com.br\/noticias\/campos-neto-saida-capital-diminiuir-contas-melhorar\/\"},\"wordCount\":462,\"publisher\":{\"@id\":\"https:\/\/www.suno.com.br\/noticias\/#organization\"},\"image\":{\"@id\":\"https:\/\/www.suno.com.br\/noticias\/campos-neto-saida-capital-diminiuir-contas-melhorar\/#primaryimage\"},\"thumbnailUrl\":\"https:\/\/files.sunoresearch.com.br\/n\/uploads\/2019\/11\/06b4b660-campos-jpg.webp\",\"keywords\":[\"Banco Central (BC)\",\"Roberto Campos Neto\"],\"articleSection\":[\"Economia\"],\"inLanguage\":\"pt-BR\"},{\"@type\":\"WebPage\",\"@id\":\"https:\/\/www.suno.com.br\/noticias\/campos-neto-saida-capital-diminiuir-contas-melhorar\/\",\"url\":\"https:\/\/www.suno.com.br\/noticias\/campos-neto-saida-capital-diminiuir-contas-melhorar\/\",\"name\":\"Campos Neto: sa\u00edda de capital diminuir\u00e1 e contas externas melhorar\u00e3o\",\"isPartOf\":{\"@id\":\"https:\/\/www.suno.com.br\/noticias\/#website\"},\"primaryImageOfPage\":{\"@id\":\"https:\/\/www.suno.com.br\/noticias\/campos-neto-saida-capital-diminiuir-contas-melhorar\/#primaryimage\"},\"image\":{\"@id\":\"https:\/\/www.suno.com.br\/noticias\/campos-neto-saida-capital-diminiuir-contas-melhorar\/#primaryimage\"},\"thumbnailUrl\":\"https:\/\/files.sunoresearch.com.br\/n\/uploads\/2019\/11\/06b4b660-campos-jpg.webp\",\"datePublished\":\"2020-06-26T19:54:03+00:00\",\"dateModified\":\"2021-02-18T01:18:07+00:00\",\"description\":\"Campos Neto afirmou em rela\u00e7\u00e3o ao setor externo que \\\"a sa\u00edda de capital vai diminuir e as contas externas v\u00e3o melhorar\\\". Clique para ver mais\",\"breadcrumb\":{\"@id\":\"https:\/\/www.suno.com.br\/noticias\/campos-neto-saida-capital-diminiuir-contas-melhorar\/#breadcrumb\"},\"inLanguage\":\"pt-BR\",\"potentialAction\":[{\"@type\":\"ReadAction\",\"target\":[\"https:\/\/www.suno.com.br\/noticias\/campos-neto-saida-capital-diminiuir-contas-melhorar\/\"]}]},{\"@type\":\"ImageObject\",\"inLanguage\":\"pt-BR\",\"@id\":\"https:\/\/www.suno.com.br\/noticias\/campos-neto-saida-capital-diminiuir-contas-melhorar\/#primaryimage\",\"url\":\"https:\/\/files.sunoresearch.com.br\/n\/uploads\/2019\/11\/06b4b660-campos-jpg.webp\",\"contentUrl\":\"https:\/\/files.sunoresearch.com.br\/n\/uploads\/2019\/11\/06b4b660-campos-jpg.webp\",\"width\":1140,\"height\":760,\"caption\":\"Campos Neto: sa\u00edda de capital diminuir\u00e1 e contas externas melhorar\u00e3o\"},{\"@type\":\"BreadcrumbList\",\"@id\":\"https:\/\/www.suno.com.br\/noticias\/campos-neto-saida-capital-diminiuir-contas-melhorar\/#breadcrumb\",\"itemListElement\":[{\"@type\":\"ListItem\",\"position\":1,\"name\":\"Not\u00edcias\",\"item\":\"https:\/\/www.suno.com.br\/noticias\/\"},{\"@type\":\"ListItem\",\"position\":2,\"name\":\"Economia\",\"item\":\"https:\/\/www.suno.com.br\/noticias\/economia\/\"},{\"@type\":\"ListItem\",\"position\":3,\"name\":\"Campos Neto: sa\u00edda de capital diminuir\u00e1 e contas externas melhorar\u00e3o\"}]},{\"@type\":\"WebSite\",\"@id\":\"https:\/\/www.suno.com.br\/noticias\/#website\",\"url\":\"https:\/\/www.suno.com.br\/noticias\/\",\"name\":\"Suno Not\u00edcias\",\"description\":\"Seu portal de informa\u00e7\u00e3o sobre o mundo dos investimentos\",\"publisher\":{\"@id\":\"https:\/\/www.suno.com.br\/noticias\/#organization\"},\"potentialAction\":[{\"@type\":\"SearchAction\",\"target\":{\"@type\":\"EntryPoint\",\"urlTemplate\":\"https:\/\/www.suno.com.br\/noticias\/?s={search_term_string}\"},\"query-input\":{\"@type\":\"PropertyValueSpecification\",\"valueRequired\":true,\"valueName\":\"search_term_string\"}}],\"inLanguage\":\"pt-BR\"},{\"@type\":\"Organization\",\"@id\":\"https:\/\/www.suno.com.br\/noticias\/#organization\",\"name\":\"Suno Not\u00edcias\",\"url\":\"https:\/\/www.suno.com.br\/noticias\/\",\"logo\":{\"@type\":\"ImageObject\",\"inLanguage\":\"pt-BR\",\"@id\":\"https:\/\/www.suno.com.br\/noticias\/#\/schema\/logo\/image\/\",\"url\":\"https:\/\/files.sunoresearch.com.br\/n\/uploads\/2021\/09\/suno-logo.png\",\"contentUrl\":\"https:\/\/files.sunoresearch.com.br\/n\/uploads\/2021\/09\/suno-logo.png\",\"width\":180,\"height\":180,\"caption\":\"Suno Not\u00edcias\"},\"image\":{\"@id\":\"https:\/\/www.suno.com.br\/noticias\/#\/schema\/logo\/image\/\"},\"sameAs\":[\"https:\/\/facebook.com\/sunoresearch\",\"https:\/\/x.com\/sunoresearch\",\"https:\/\/www.instagram.com\/suno\",\"https:\/\/www.linkedin.com\/company\/suno-research\/\",\"https:\/\/www.youtube.com\/c\/sunoresearch\"]},{\"@type\":\"Person\",\"@id\":\"https:\/\/www.suno.com.br\/noticias\/#\/schema\/person\/053a750a709a263919a20f976caae91c\",\"name\":\"Arthur Guimar\u00e3es\",\"image\":{\"@type\":\"ImageObject\",\"inLanguage\":\"pt-BR\",\"@id\":\"https:\/\/www.suno.com.br\/noticias\/#\/schema\/person\/image\/\",\"url\":\"https:\/\/secure.gravatar.com\/avatar\/1affd86a11209ae09eb6dd3bcad3e96c?s=96&r=g\",\"contentUrl\":\"https:\/\/secure.gravatar.com\/avatar\/1affd86a11209ae09eb6dd3bcad3e96c?s=96&r=g\",\"caption\":\"Arthur Guimar\u00e3es\"},\"description\":\"Arthur Guimar\u00e3es escreve sobre pol\u00edtica, economia e neg\u00f3cios para o portal de not\u00edcias da Suno Research. Atualmente, \u00e9 estudante de jornalismo pela Faculdade C\u00e1sper L\u00edbero.\",\"url\":\"https:\/\/www.suno.com.br\/noticias\/author\/arthur-guimaraes\/\"}]}<\/script>\n<!-- \/ Yoast SEO plugin. -->","yoast_head_json":{"title":"Campos Neto: sa\u00edda de capital diminuir\u00e1 e contas externas melhorar\u00e3o","description":"Campos Neto afirmou em rela\u00e7\u00e3o ao setor externo que \"a sa\u00edda de capital vai diminuir e as contas externas v\u00e3o melhorar\". Clique para ver mais","robots":{"index":"index","follow":"follow","max-snippet":"max-snippet:-1","max-image-preview":"max-image-preview:large","max-video-preview":"max-video-preview:-1"},"canonical":"https:\/\/www.suno.com.br\/noticias\/campos-neto-saida-capital-diminiuir-contas-melhorar\/","og_locale":"pt_BR","og_type":"article","og_title":"Campos Neto: sa\u00edda de capital diminuir\u00e1 e contas externas melhorar\u00e3o","og_description":"Campos Neto afirmou em rela\u00e7\u00e3o ao setor externo que \"a sa\u00edda de capital vai diminuir e as contas externas v\u00e3o melhorar\". Clique para ver mais","og_url":"https:\/\/www.suno.com.br\/noticias\/campos-neto-saida-capital-diminiuir-contas-melhorar\/","og_site_name":"Suno Not\u00edcias","article_publisher":"https:\/\/facebook.com\/sunoresearch","og_image":[{"width":1140,"height":760,"url":"https:\/\/files.sunoresearch.com.br\/n\/uploads\/2019\/11\/06b4b660-campos.jpg","type":"image\/jpeg"}],"author":"Arthur Guimar\u00e3es","twitter_card":"summary_large_image","twitter_creator":"@sunoresearch","twitter_site":"@sunoresearch","twitter_misc":{"Escrito por":"Arthur Guimar\u00e3es","Est. tempo de leitura":"2 minutos"},"schema":{"@context":"https:\/\/schema.org","@graph":[{"@type":"NewsArticle","@id":"https:\/\/www.suno.com.br\/noticias\/campos-neto-saida-capital-diminiuir-contas-melhorar\/#article","isPartOf":{"@id":"https:\/\/www.suno.com.br\/noticias\/campos-neto-saida-capital-diminiuir-contas-melhorar\/"},"author":{"name":"Arthur Guimar\u00e3es","@id":"https:\/\/www.suno.com.br\/noticias\/#\/schema\/person\/053a750a709a263919a20f976caae91c"},"headline":"Campos Neto: sa\u00edda de capital diminuir\u00e1 e contas externas melhorar\u00e3o","datePublished":"2020-06-26T19:54:03+00:00","dateModified":"2021-02-18T01:18:07+00:00","mainEntityOfPage":{"@id":"https:\/\/www.suno.com.br\/noticias\/campos-neto-saida-capital-diminiuir-contas-melhorar\/"},"wordCount":462,"publisher":{"@id":"https:\/\/www.suno.com.br\/noticias\/#organization"},"image":{"@id":"https:\/\/www.suno.com.br\/noticias\/campos-neto-saida-capital-diminiuir-contas-melhorar\/#primaryimage"},"thumbnailUrl":"https:\/\/files.sunoresearch.com.br\/n\/uploads\/2019\/11\/06b4b660-campos-jpg.webp","keywords":["Banco Central (BC)","Roberto Campos Neto"],"articleSection":["Economia"],"inLanguage":"pt-BR"},{"@type":"WebPage","@id":"https:\/\/www.suno.com.br\/noticias\/campos-neto-saida-capital-diminiuir-contas-melhorar\/","url":"https:\/\/www.suno.com.br\/noticias\/campos-neto-saida-capital-diminiuir-contas-melhorar\/","name":"Campos Neto: sa\u00edda de capital diminuir\u00e1 e contas externas melhorar\u00e3o","isPartOf":{"@id":"https:\/\/www.suno.com.br\/noticias\/#website"},"primaryImageOfPage":{"@id":"https:\/\/www.suno.com.br\/noticias\/campos-neto-saida-capital-diminiuir-contas-melhorar\/#primaryimage"},"image":{"@id":"https:\/\/www.suno.com.br\/noticias\/campos-neto-saida-capital-diminiuir-contas-melhorar\/#primaryimage"},"thumbnailUrl":"https:\/\/files.sunoresearch.com.br\/n\/uploads\/2019\/11\/06b4b660-campos-jpg.webp","datePublished":"2020-06-26T19:54:03+00:00","dateModified":"2021-02-18T01:18:07+00:00","description":"Campos Neto afirmou em rela\u00e7\u00e3o ao setor externo que \"a sa\u00edda de capital vai diminuir e as contas externas v\u00e3o melhorar\". Clique para ver mais","breadcrumb":{"@id":"https:\/\/www.suno.com.br\/noticias\/campos-neto-saida-capital-diminiuir-contas-melhorar\/#breadcrumb"},"inLanguage":"pt-BR","potentialAction":[{"@type":"ReadAction","target":["https:\/\/www.suno.com.br\/noticias\/campos-neto-saida-capital-diminiuir-contas-melhorar\/"]}]},{"@type":"ImageObject","inLanguage":"pt-BR","@id":"https:\/\/www.suno.com.br\/noticias\/campos-neto-saida-capital-diminiuir-contas-melhorar\/#primaryimage","url":"https:\/\/files.sunoresearch.com.br\/n\/uploads\/2019\/11\/06b4b660-campos-jpg.webp","contentUrl":"https:\/\/files.sunoresearch.com.br\/n\/uploads\/2019\/11\/06b4b660-campos-jpg.webp","width":1140,"height":760,"caption":"Campos Neto: sa\u00edda de capital diminuir\u00e1 e contas externas melhorar\u00e3o"},{"@type":"BreadcrumbList","@id":"https:\/\/www.suno.com.br\/noticias\/campos-neto-saida-capital-diminiuir-contas-melhorar\/#breadcrumb","itemListElement":[{"@type":"ListItem","position":1,"name":"Not\u00edcias","item":"https:\/\/www.suno.com.br\/noticias\/"},{"@type":"ListItem","position":2,"name":"Economia","item":"https:\/\/www.suno.com.br\/noticias\/economia\/"},{"@type":"ListItem","position":3,"name":"Campos Neto: sa\u00edda de capital diminuir\u00e1 e contas externas melhorar\u00e3o"}]},{"@type":"WebSite","@id":"https:\/\/www.suno.com.br\/noticias\/#website","url":"https:\/\/www.suno.com.br\/noticias\/","name":"Suno Not\u00edcias","description":"Seu portal de informa\u00e7\u00e3o sobre o mundo dos investimentos","publisher":{"@id":"https:\/\/www.suno.com.br\/noticias\/#organization"},"potentialAction":[{"@type":"SearchAction","target":{"@type":"EntryPoint","urlTemplate":"https:\/\/www.suno.com.br\/noticias\/?s={search_term_string}"},"query-input":{"@type":"PropertyValueSpecification","valueRequired":true,"valueName":"search_term_string"}}],"inLanguage":"pt-BR"},{"@type":"Organization","@id":"https:\/\/www.suno.com.br\/noticias\/#organization","name":"Suno Not\u00edcias","url":"https:\/\/www.suno.com.br\/noticias\/","logo":{"@type":"ImageObject","inLanguage":"pt-BR","@id":"https:\/\/www.suno.com.br\/noticias\/#\/schema\/logo\/image\/","url":"https:\/\/files.sunoresearch.com.br\/n\/uploads\/2021\/09\/suno-logo.png","contentUrl":"https:\/\/files.sunoresearch.com.br\/n\/uploads\/2021\/09\/suno-logo.png","width":180,"height":180,"caption":"Suno Not\u00edcias"},"image":{"@id":"https:\/\/www.suno.com.br\/noticias\/#\/schema\/logo\/image\/"},"sameAs":["https:\/\/facebook.com\/sunoresearch","https:\/\/x.com\/sunoresearch","https:\/\/www.instagram.com\/suno","https:\/\/www.linkedin.com\/company\/suno-research\/","https:\/\/www.youtube.com\/c\/sunoresearch"]},{"@type":"Person","@id":"https:\/\/www.suno.com.br\/noticias\/#\/schema\/person\/053a750a709a263919a20f976caae91c","name":"Arthur Guimar\u00e3es","image":{"@type":"ImageObject","inLanguage":"pt-BR","@id":"https:\/\/www.suno.com.br\/noticias\/#\/schema\/person\/image\/","url":"https:\/\/secure.gravatar.com\/avatar\/1affd86a11209ae09eb6dd3bcad3e96c?s=96&r=g","contentUrl":"https:\/\/secure.gravatar.com\/avatar\/1affd86a11209ae09eb6dd3bcad3e96c?s=96&r=g","caption":"Arthur Guimar\u00e3es"},"description":"Arthur Guimar\u00e3es escreve sobre pol\u00edtica, economia e neg\u00f3cios para o portal de not\u00edcias da Suno Research. Atualmente, \u00e9 estudante de jornalismo pela Faculdade C\u00e1sper L\u00edbero.","url":"https:\/\/www.suno.com.br\/noticias\/author\/arthur-guimaraes\/"}]}},"default_loop_html":"<div class=\"cardsPage__listCard__boxs\"><div class=\"cardsPage__listCard__boxs__img\"><a href=\"https:\/\/www.suno.com.br\/noticias\/campos-neto-saida-capital-diminiuir-contas-melhorar\/\"><img class=\"mask\" src=\"https:\/\/www.suno.com.br\/noticias\/wp-content\/themes\/suno\/resources\/images\/spotlight\/spotlight1img\/bg-mask.png\" alt=\"Image Mask\"\/><img src=\"https:\/\/files.sunoresearch.com.br\/n\/uploads\/2019\/11\/06b4b660-campos-400x200.webp\" alt=\"Campos Neto: sa\u00edda de capital diminuir\u00e1 e contas externas melhorar\u00e3o\"\/><\/a><span class=\"spotlightCategory\"><a href=\"https:\/\/www.suno.com.br\/noticias\/economia\/\">Economia<\/a><\/span><\/div><div class=\"cardsPage__listCard__boxs__content\"><a href=\"https:\/\/www.suno.com.br\/noticias\/campos-neto-saida-capital-diminiuir-contas-melhorar\/\"><h2 class=\"content__title\">Campos Neto: sa\u00edda de capital diminuir\u00e1 e contas externas melhorar\u00e3o<\/h2><\/a><div class=\"newsContent__article__meta\"><div class=\"newsContent__article__meta__authorBox\"><a href=\"https:\/\/www.suno.com.br\/noticias\/author\/arthur-guimaraes\/\" class=\"authorBox__avatar noMobi\"><img src=\"https:\/\/files.sunoresearch.com.br\/n\/uploads\/2020\/02\/dfb40897-eu-150x150.webp\" alt=\"Arthur Guimar\u00e3es\"><\/a><div class=\"authorBox__name\"><span>por\n\t\t\t<a href=\"https:\/\/www.suno.com.br\/noticias\/author\/arthur-guimaraes\/\"><span itemprop=\"author\">Arthur Guimar\u00e3es<\/span><\/a><\/span><time datetime=\"2020-06-26T16:54:03-03:00\" itemprop=\"datePublished\">26\/06\/2020 16:54<\/time><\/div><\/div><\/div><\/div><\/div>","single_layout":"posts","amp_enabled":true,"_links":{"self":[{"href":"https:\/\/www.suno.com.br\/noticias\/wp-json\/wp\/v2\/posts\/70651"}],"collection":[{"href":"https:\/\/www.suno.com.br\/noticias\/wp-json\/wp\/v2\/posts"}],"about":[{"href":"https:\/\/www.suno.com.br\/noticias\/wp-json\/wp\/v2\/types\/post"}],"author":[{"embeddable":true,"href":"https:\/\/www.suno.com.br\/noticias\/wp-json\/wp\/v2\/users\/35"}],"replies":[{"embeddable":true,"href":"https:\/\/www.suno.com.br\/noticias\/wp-json\/wp\/v2\/comments?post=70651"}],"version-history":[{"count":0,"href":"https:\/\/www.suno.com.br\/noticias\/wp-json\/wp\/v2\/posts\/70651\/revisions"}],"wp:featuredmedia":[{"embeddable":true,"href":"https:\/\/www.suno.com.br\/noticias\/wp-json\/wp\/v2\/media\/46051"}],"wp:attachment":[{"href":"https:\/\/www.suno.com.br\/noticias\/wp-json\/wp\/v2\/media?parent=70651"}],"wp:term":[{"taxonomy":"category","embeddable":true,"href":"https:\/\/www.suno.com.br\/noticias\/wp-json\/wp\/v2\/categories?post=70651"},{"taxonomy":"post_tag","embeddable":true,"href":"https:\/\/www.suno.com.br\/noticias\/wp-json\/wp\/v2\/tags?post=70651"},{"taxonomy":"suno_strategy","embeddable":true,"href":"https:\/\/www.suno.com.br\/noticias\/wp-json\/wp\/v2\/suno_strategy?post=70651"}],"curies":[{"name":"wp","href":"https:\/\/api.w.org\/{rel}","templated":true}]}}