{"id":70638,"date":"2020-06-26T16:03:45","date_gmt":"2020-06-26T19:03:45","guid":{"rendered":"https:\/\/www.suno.com.br\/noticias\/?p=70638"},"modified":"2020-06-26T16:03:45","modified_gmt":"2020-06-26T19:03:45","slug":"american-airlines-capacidade-total-julho","status":"publish","type":"post","link":"https:\/\/www.suno.com.br\/noticias\/american-airlines-capacidade-total-julho\/","title":{"rendered":"American Airlines retomar\u00e1 capacidade total em meio \u00e0 pandemia"},"content":{"rendered":"<p>A <strong>American Airlines <\/strong>(<a href=\"https:\/\/www.suno.com.br\/artigos\/nasdaq\/\">NASDAQ<\/a>: AAL) informou nesta sexta-feira (26) que poder\u00e1 vender toda a capacidade de seus voos a partir do dia 1\u00ba de julho, deixando de lado os limites para promover o distanciamento social em meio \u00e0 pandemia do novo coronav\u00edrus.<\/p>\t<div class=\"wrapper-featured-image\">\n\t\t<figure class=\"spotlightImg\">\n\n\t\t\t<picture>\n\t\t\t\t<source media=\"(max-width: 768px)\" srcset=\"https:\/\/files.sunoresearch.com.br\/n\/uploads\/2019\/04\/5a4e5eac-american-airlines-400x200.webp\">\n\t\t\t\t<img loading=\"lazy\" decoding=\"async\" class=\"newsContent__article__imgCapa lazyloadDisabled newsContent__article__imgCapa--noCaption\" src=\"https:\/\/files.sunoresearch.com.br\/n\/uploads\/2019\/04\/5a4e5eac-american-airlines-800x450.webp\" width=\"800\" height=\"450\" alt=\"American Airlines retomar\u00e1 capacidade total em meio \u00e0 pandemia\" fetchpriority=high \/>\n\t\t\t<\/picture>\n\n\t\t\t<figcaption class=\"wp-caption-text wp-caption-text--hide\">American Airlines (foto: divulga\u00e7\u00e3o)<\/figcaption>\n\t\t<\/figure>\n\t<\/div>\n\n\n\n<p>A American Airlines destacou por meio de comunicado que os clientes ainda ser\u00e3o notificados quando fizerem a reserva em voos lotados. Al\u00e9m disso, para aqueles que sentirem necessidade, ser\u00e1 poss\u00edvel mudar as reservas sem nenhum custo adicional.<\/p>\n<p>No mesmo sentido, a companhia a\u00e9rea norte-americana exigir\u00e1, a partir de 30 de junho, que o clientes certifiquem-se de que est\u00e3o livres de sintomas relacionados \u00e0 covid-19 nos 14 dias anteriores \u00e0 viagem.<\/p>\n<p><a href=\"https:\/\/lp.suno.com.br\/suno-one\/\">No Suno One voc\u00ea aprende a fazer seu dinheiro trabalhar para voc\u00ea. Cadastre-se gratuitamente agora!<\/a><\/p>\n<p>A empresa do setor a\u00e9reo est\u00e1 abandonando as restri\u00e7\u00f5es para preencher as cabines das aeronaves enquanto a epidemia se acentua em determinadas regi\u00f5es dos <strong>Estados Unidos<\/strong>. Essas regi\u00f5es incluem estados onde a American Airlines tem importantes opera\u00e7\u00f5es, como:<\/p>\n<ul>\n<li>Texas;<\/li>\n<li>Arizona;<\/li>\n<li>Carolina do Norte.<\/li>\n<\/ul>\n<p>A companhia a\u00e9rea iniciou no m\u00eas de abril a manter metade dos assentos do meio desocupados na classe econ\u00f4mica, quando poss\u00edvel.<\/p>\n<p>\u201cIsso foi antes de termos iniciativas extensivas de limpeza, requisitos de m\u00e1scara facial e uma extens\u00e3o de isen\u00e7\u00f5es aos clientes \u201d, afirmou o porta-voz da empresa, Ross Feinstein. \u201cEsse \u00e9 o racioc\u00ednio que seguimos para finalmente nos sentir seguros e prudentes para suspender essas restri\u00e7\u00f5es a partir de 1\u00ba de julho.\u201d<\/p>\n<h2>Medida da American Airlines n\u00e3o \u00e9 consenso no setor<\/h2>\n<p>A companhia a\u00e9rea modificou suas pol\u00edticas de reserva em um setor qual n\u00e3o apresenta consenso sobre o limite de lota\u00e7\u00e3o dentro dos voos, em meio \u00e0 retomada de algumas atividades ap\u00f3s a flexibiliza\u00e7\u00e3o das medidas de isolamento social.<\/p>\n<p>A United Airlines n\u00e3o garantiu o bloqueio dos assentos, ao mesmo tempo que a Delta Air Lines comunicou que ir\u00e1 manter os assentos do meio vagos at\u00e9 o dia 30 de setembro. A Southwest Airlines, por sua vez, informou que iria bloquear os assentos do meio, a n\u00e3o ser que os clientes estejam viajando juntos.<\/p>\n<p><a href=\"https:\/\/www.suno.com.br\/noticias\/american-airlines-obter-us-3-5-bi-novos-financiamentos\/\">Saiba mais: American Airlines planeja obter mais US$ 3,5 bi em novos financiamentos<\/a><\/p>\n<p>Com o objetivo de conter a dissemina\u00e7\u00e3o do novo coronav\u00edrus, as companhias a\u00e9reas implementaram normas de limpeza nas \u00e1reas de emiss\u00e3o dos\u00a0<em>tickets, <\/em>assim como nos port\u00f5es do aeroportos e nas aeronaves. Al\u00e9m disso, as maiores empresas do setor estadunidense tamb\u00e9m est\u00e3o exigindo a utiliza\u00e7\u00e3o de m\u00e1scaras e proibir a entrada daqueles que se recusam a cumprir as determina\u00e7\u00f5es.<\/p>\n<p>A <strong>American Airlines<\/strong> tamb\u00e9m criou um painel consultivo, que inclui especialistas da Universidade Vanderbilt para auxiliar \u00e0 companhias e inform\u00e1-la sobre as s mais recentes pesquisas cient\u00edficas e procedimentos de preven\u00e7\u00e3o \u00e0 covid-19.<\/p>\n\n","protected":false},"excerpt":{"rendered":"<p>A American Airlines (NASDAQ: AAL) informou nesta sexta-feira (26) que poder\u00e1 vender toda a capacidade de seus voos a partir do dia 1\u00ba de julho, deixando de lado os limites para promover o distanciamento social em meio \u00e0 pandemia do novo coronav\u00edrus. American Airlines (foto: divulga\u00e7\u00e3o) A American Airlines destacou por meio de comunicado que [&hellip;]<\/p>\n","protected":false},"author":35,"featured_media":21065,"comment_status":"closed","ping_status":"closed","sticky":false,"template":"","format":"standard","meta":[],"categories":[63],"tags":[2065,1594,2487],"suno_strategy":[],"class_list":["post-70638","post","type-post","status-publish","format-standard","has-post-thumbnail","hentry","category-internacional","tag-american-airlines-aall34","tag-companhias-aereas","tag-coronavirus"],"yoast_head":"<!-- This site is optimized with the Yoast SEO plugin v24.4 - https:\/\/yoast.com\/wordpress\/plugins\/seo\/ -->\n<title>American Airlines retomar\u00e1 capacidade total em meio \u00e0 pandemia<\/title>\n<meta name=\"description\" content=\"American Airlines poder\u00e1 vender toda a capacidade de voos a partir de 1\u00ba de julho, abandonando limites de isolamento. Clique para saber mais\" \/>\n<meta name=\"robots\" content=\"index, follow, max-snippet:-1, max-image-preview:large, max-video-preview:-1\" \/>\n<link rel=\"canonical\" href=\"https:\/\/www.suno.com.br\/noticias\/american-airlines-capacidade-total-julho\/\" \/>\n<meta property=\"og:locale\" content=\"pt_BR\" \/>\n<meta property=\"og:type\" content=\"article\" \/>\n<meta property=\"og:title\" content=\"American Airlines retomar\u00e1 capacidade total em meio \u00e0 pandemia\" \/>\n<meta property=\"og:description\" content=\"American Airlines poder\u00e1 vender toda a capacidade de voos a partir de 1\u00ba de julho, abandonando limites de isolamento. Clique para saber mais\" \/>\n<meta property=\"og:url\" content=\"https:\/\/www.suno.com.br\/noticias\/american-airlines-capacidade-total-julho\/\" \/>\n<meta property=\"og:site_name\" content=\"Suno Not\u00edcias\" \/>\n<meta property=\"article:publisher\" content=\"https:\/\/facebook.com\/sunoresearch\" \/>\n<meta property=\"og:image\" content=\"https:\/\/files.sunoresearch.com.br\/n\/uploads\/2019\/04\/5a4e5eac-american-airlines.jpg\" \/>\n\t<meta property=\"og:image:width\" content=\"1200\" \/>\n\t<meta property=\"og:image:height\" content=\"800\" \/>\n\t<meta property=\"og:image:type\" content=\"image\/jpeg\" \/>\n<meta name=\"author\" content=\"Arthur Guimar\u00e3es\" \/>\n<meta name=\"twitter:card\" content=\"summary_large_image\" \/>\n<meta name=\"twitter:creator\" content=\"@sunoresearch\" \/>\n<meta name=\"twitter:site\" content=\"@sunoresearch\" \/>\n<meta name=\"twitter:label1\" content=\"Escrito por\" \/>\n\t<meta name=\"twitter:data1\" content=\"Arthur Guimar\u00e3es\" \/>\n\t<meta name=\"twitter:label2\" content=\"Est. tempo de leitura\" \/>\n\t<meta name=\"twitter:data2\" content=\"2 minutos\" \/>\n<script type=\"application\/ld+json\" class=\"yoast-schema-graph\">{\"@context\":\"https:\/\/schema.org\",\"@graph\":[{\"@type\":\"NewsArticle\",\"@id\":\"https:\/\/www.suno.com.br\/noticias\/american-airlines-capacidade-total-julho\/#article\",\"isPartOf\":{\"@id\":\"https:\/\/www.suno.com.br\/noticias\/american-airlines-capacidade-total-julho\/\"},\"author\":{\"name\":\"Arthur Guimar\u00e3es\",\"@id\":\"https:\/\/www.suno.com.br\/noticias\/#\/schema\/person\/053a750a709a263919a20f976caae91c\"},\"headline\":\"American Airlines retomar\u00e1 capacidade total em meio \u00e0 pandemia\",\"datePublished\":\"2020-06-26T19:03:45+00:00\",\"mainEntityOfPage\":{\"@id\":\"https:\/\/www.suno.com.br\/noticias\/american-airlines-capacidade-total-julho\/\"},\"wordCount\":493,\"publisher\":{\"@id\":\"https:\/\/www.suno.com.br\/noticias\/#organization\"},\"image\":{\"@id\":\"https:\/\/www.suno.com.br\/noticias\/american-airlines-capacidade-total-julho\/#primaryimage\"},\"thumbnailUrl\":\"https:\/\/files.sunoresearch.com.br\/n\/uploads\/2019\/04\/5a4e5eac-american-airlines-jpg.webp\",\"keywords\":[\"American Airlines (AALL34)\",\"companhias a\u00e9reas\",\"coronav\u00edrus\"],\"articleSection\":[\"Internacional\"],\"inLanguage\":\"pt-BR\"},{\"@type\":\"WebPage\",\"@id\":\"https:\/\/www.suno.com.br\/noticias\/american-airlines-capacidade-total-julho\/\",\"url\":\"https:\/\/www.suno.com.br\/noticias\/american-airlines-capacidade-total-julho\/\",\"name\":\"American Airlines retomar\u00e1 capacidade total em meio \u00e0 pandemia\",\"isPartOf\":{\"@id\":\"https:\/\/www.suno.com.br\/noticias\/#website\"},\"primaryImageOfPage\":{\"@id\":\"https:\/\/www.suno.com.br\/noticias\/american-airlines-capacidade-total-julho\/#primaryimage\"},\"image\":{\"@id\":\"https:\/\/www.suno.com.br\/noticias\/american-airlines-capacidade-total-julho\/#primaryimage\"},\"thumbnailUrl\":\"https:\/\/files.sunoresearch.com.br\/n\/uploads\/2019\/04\/5a4e5eac-american-airlines-jpg.webp\",\"datePublished\":\"2020-06-26T19:03:45+00:00\",\"description\":\"American Airlines poder\u00e1 vender toda a capacidade de voos a partir de 1\u00ba de julho, abandonando limites de isolamento. Clique para saber mais\",\"breadcrumb\":{\"@id\":\"https:\/\/www.suno.com.br\/noticias\/american-airlines-capacidade-total-julho\/#breadcrumb\"},\"inLanguage\":\"pt-BR\",\"potentialAction\":[{\"@type\":\"ReadAction\",\"target\":[\"https:\/\/www.suno.com.br\/noticias\/american-airlines-capacidade-total-julho\/\"]}]},{\"@type\":\"ImageObject\",\"inLanguage\":\"pt-BR\",\"@id\":\"https:\/\/www.suno.com.br\/noticias\/american-airlines-capacidade-total-julho\/#primaryimage\",\"url\":\"https:\/\/files.sunoresearch.com.br\/n\/uploads\/2019\/04\/5a4e5eac-american-airlines-jpg.webp\",\"contentUrl\":\"https:\/\/files.sunoresearch.com.br\/n\/uploads\/2019\/04\/5a4e5eac-american-airlines-jpg.webp\",\"width\":1200,\"height\":800,\"caption\":\"American Airlines (foto: divulga\u00e7\u00e3o)\"},{\"@type\":\"BreadcrumbList\",\"@id\":\"https:\/\/www.suno.com.br\/noticias\/american-airlines-capacidade-total-julho\/#breadcrumb\",\"itemListElement\":[{\"@type\":\"ListItem\",\"position\":1,\"name\":\"Not\u00edcias\",\"item\":\"https:\/\/www.suno.com.br\/noticias\/\"},{\"@type\":\"ListItem\",\"position\":2,\"name\":\"Internacional\",\"item\":\"https:\/\/www.suno.com.br\/noticias\/internacional\/\"},{\"@type\":\"ListItem\",\"position\":3,\"name\":\"American Airlines retomar\u00e1 capacidade total em meio \u00e0 pandemia\"}]},{\"@type\":\"WebSite\",\"@id\":\"https:\/\/www.suno.com.br\/noticias\/#website\",\"url\":\"https:\/\/www.suno.com.br\/noticias\/\",\"name\":\"Suno Not\u00edcias\",\"description\":\"Seu portal de informa\u00e7\u00e3o sobre o mundo dos investimentos\",\"publisher\":{\"@id\":\"https:\/\/www.suno.com.br\/noticias\/#organization\"},\"potentialAction\":[{\"@type\":\"SearchAction\",\"target\":{\"@type\":\"EntryPoint\",\"urlTemplate\":\"https:\/\/www.suno.com.br\/noticias\/?s={search_term_string}\"},\"query-input\":{\"@type\":\"PropertyValueSpecification\",\"valueRequired\":true,\"valueName\":\"search_term_string\"}}],\"inLanguage\":\"pt-BR\"},{\"@type\":\"Organization\",\"@id\":\"https:\/\/www.suno.com.br\/noticias\/#organization\",\"name\":\"Suno Not\u00edcias\",\"url\":\"https:\/\/www.suno.com.br\/noticias\/\",\"logo\":{\"@type\":\"ImageObject\",\"inLanguage\":\"pt-BR\",\"@id\":\"https:\/\/www.suno.com.br\/noticias\/#\/schema\/logo\/image\/\",\"url\":\"https:\/\/files.sunoresearch.com.br\/n\/uploads\/2021\/09\/suno-logo.png\",\"contentUrl\":\"https:\/\/files.sunoresearch.com.br\/n\/uploads\/2021\/09\/suno-logo.png\",\"width\":180,\"height\":180,\"caption\":\"Suno Not\u00edcias\"},\"image\":{\"@id\":\"https:\/\/www.suno.com.br\/noticias\/#\/schema\/logo\/image\/\"},\"sameAs\":[\"https:\/\/facebook.com\/sunoresearch\",\"https:\/\/x.com\/sunoresearch\",\"https:\/\/www.instagram.com\/suno\",\"https:\/\/www.linkedin.com\/company\/suno-research\/\",\"https:\/\/www.youtube.com\/c\/sunoresearch\"]},{\"@type\":\"Person\",\"@id\":\"https:\/\/www.suno.com.br\/noticias\/#\/schema\/person\/053a750a709a263919a20f976caae91c\",\"name\":\"Arthur Guimar\u00e3es\",\"image\":{\"@type\":\"ImageObject\",\"inLanguage\":\"pt-BR\",\"@id\":\"https:\/\/www.suno.com.br\/noticias\/#\/schema\/person\/image\/\",\"url\":\"https:\/\/secure.gravatar.com\/avatar\/1affd86a11209ae09eb6dd3bcad3e96c?s=96&r=g\",\"contentUrl\":\"https:\/\/secure.gravatar.com\/avatar\/1affd86a11209ae09eb6dd3bcad3e96c?s=96&r=g\",\"caption\":\"Arthur Guimar\u00e3es\"},\"description\":\"Arthur Guimar\u00e3es escreve sobre pol\u00edtica, economia e neg\u00f3cios para o portal de not\u00edcias da Suno Research. Atualmente, \u00e9 estudante de jornalismo pela Faculdade C\u00e1sper L\u00edbero.\",\"url\":\"https:\/\/www.suno.com.br\/noticias\/author\/arthur-guimaraes\/\"}]}<\/script>\n<!-- \/ Yoast SEO plugin. -->","yoast_head_json":{"title":"American Airlines retomar\u00e1 capacidade total em meio \u00e0 pandemia","description":"American Airlines poder\u00e1 vender toda a capacidade de voos a partir de 1\u00ba de julho, abandonando limites de isolamento. Clique para saber mais","robots":{"index":"index","follow":"follow","max-snippet":"max-snippet:-1","max-image-preview":"max-image-preview:large","max-video-preview":"max-video-preview:-1"},"canonical":"https:\/\/www.suno.com.br\/noticias\/american-airlines-capacidade-total-julho\/","og_locale":"pt_BR","og_type":"article","og_title":"American Airlines retomar\u00e1 capacidade total em meio \u00e0 pandemia","og_description":"American Airlines poder\u00e1 vender toda a capacidade de voos a partir de 1\u00ba de julho, abandonando limites de isolamento. Clique para saber mais","og_url":"https:\/\/www.suno.com.br\/noticias\/american-airlines-capacidade-total-julho\/","og_site_name":"Suno Not\u00edcias","article_publisher":"https:\/\/facebook.com\/sunoresearch","og_image":[{"width":1200,"height":800,"url":"https:\/\/files.sunoresearch.com.br\/n\/uploads\/2019\/04\/5a4e5eac-american-airlines.jpg","type":"image\/jpeg"}],"author":"Arthur Guimar\u00e3es","twitter_card":"summary_large_image","twitter_creator":"@sunoresearch","twitter_site":"@sunoresearch","twitter_misc":{"Escrito por":"Arthur Guimar\u00e3es","Est. tempo de leitura":"2 minutos"},"schema":{"@context":"https:\/\/schema.org","@graph":[{"@type":"NewsArticle","@id":"https:\/\/www.suno.com.br\/noticias\/american-airlines-capacidade-total-julho\/#article","isPartOf":{"@id":"https:\/\/www.suno.com.br\/noticias\/american-airlines-capacidade-total-julho\/"},"author":{"name":"Arthur Guimar\u00e3es","@id":"https:\/\/www.suno.com.br\/noticias\/#\/schema\/person\/053a750a709a263919a20f976caae91c"},"headline":"American Airlines retomar\u00e1 capacidade total em meio \u00e0 pandemia","datePublished":"2020-06-26T19:03:45+00:00","mainEntityOfPage":{"@id":"https:\/\/www.suno.com.br\/noticias\/american-airlines-capacidade-total-julho\/"},"wordCount":493,"publisher":{"@id":"https:\/\/www.suno.com.br\/noticias\/#organization"},"image":{"@id":"https:\/\/www.suno.com.br\/noticias\/american-airlines-capacidade-total-julho\/#primaryimage"},"thumbnailUrl":"https:\/\/files.sunoresearch.com.br\/n\/uploads\/2019\/04\/5a4e5eac-american-airlines-jpg.webp","keywords":["American Airlines (AALL34)","companhias a\u00e9reas","coronav\u00edrus"],"articleSection":["Internacional"],"inLanguage":"pt-BR"},{"@type":"WebPage","@id":"https:\/\/www.suno.com.br\/noticias\/american-airlines-capacidade-total-julho\/","url":"https:\/\/www.suno.com.br\/noticias\/american-airlines-capacidade-total-julho\/","name":"American Airlines retomar\u00e1 capacidade total em meio \u00e0 pandemia","isPartOf":{"@id":"https:\/\/www.suno.com.br\/noticias\/#website"},"primaryImageOfPage":{"@id":"https:\/\/www.suno.com.br\/noticias\/american-airlines-capacidade-total-julho\/#primaryimage"},"image":{"@id":"https:\/\/www.suno.com.br\/noticias\/american-airlines-capacidade-total-julho\/#primaryimage"},"thumbnailUrl":"https:\/\/files.sunoresearch.com.br\/n\/uploads\/2019\/04\/5a4e5eac-american-airlines-jpg.webp","datePublished":"2020-06-26T19:03:45+00:00","description":"American Airlines poder\u00e1 vender toda a capacidade de voos a partir de 1\u00ba de julho, abandonando limites de isolamento. Clique para saber mais","breadcrumb":{"@id":"https:\/\/www.suno.com.br\/noticias\/american-airlines-capacidade-total-julho\/#breadcrumb"},"inLanguage":"pt-BR","potentialAction":[{"@type":"ReadAction","target":["https:\/\/www.suno.com.br\/noticias\/american-airlines-capacidade-total-julho\/"]}]},{"@type":"ImageObject","inLanguage":"pt-BR","@id":"https:\/\/www.suno.com.br\/noticias\/american-airlines-capacidade-total-julho\/#primaryimage","url":"https:\/\/files.sunoresearch.com.br\/n\/uploads\/2019\/04\/5a4e5eac-american-airlines-jpg.webp","contentUrl":"https:\/\/files.sunoresearch.com.br\/n\/uploads\/2019\/04\/5a4e5eac-american-airlines-jpg.webp","width":1200,"height":800,"caption":"American Airlines (foto: divulga\u00e7\u00e3o)"},{"@type":"BreadcrumbList","@id":"https:\/\/www.suno.com.br\/noticias\/american-airlines-capacidade-total-julho\/#breadcrumb","itemListElement":[{"@type":"ListItem","position":1,"name":"Not\u00edcias","item":"https:\/\/www.suno.com.br\/noticias\/"},{"@type":"ListItem","position":2,"name":"Internacional","item":"https:\/\/www.suno.com.br\/noticias\/internacional\/"},{"@type":"ListItem","position":3,"name":"American Airlines retomar\u00e1 capacidade total em meio \u00e0 pandemia"}]},{"@type":"WebSite","@id":"https:\/\/www.suno.com.br\/noticias\/#website","url":"https:\/\/www.suno.com.br\/noticias\/","name":"Suno Not\u00edcias","description":"Seu portal de informa\u00e7\u00e3o sobre o mundo dos investimentos","publisher":{"@id":"https:\/\/www.suno.com.br\/noticias\/#organization"},"potentialAction":[{"@type":"SearchAction","target":{"@type":"EntryPoint","urlTemplate":"https:\/\/www.suno.com.br\/noticias\/?s={search_term_string}"},"query-input":{"@type":"PropertyValueSpecification","valueRequired":true,"valueName":"search_term_string"}}],"inLanguage":"pt-BR"},{"@type":"Organization","@id":"https:\/\/www.suno.com.br\/noticias\/#organization","name":"Suno Not\u00edcias","url":"https:\/\/www.suno.com.br\/noticias\/","logo":{"@type":"ImageObject","inLanguage":"pt-BR","@id":"https:\/\/www.suno.com.br\/noticias\/#\/schema\/logo\/image\/","url":"https:\/\/files.sunoresearch.com.br\/n\/uploads\/2021\/09\/suno-logo.png","contentUrl":"https:\/\/files.sunoresearch.com.br\/n\/uploads\/2021\/09\/suno-logo.png","width":180,"height":180,"caption":"Suno Not\u00edcias"},"image":{"@id":"https:\/\/www.suno.com.br\/noticias\/#\/schema\/logo\/image\/"},"sameAs":["https:\/\/facebook.com\/sunoresearch","https:\/\/x.com\/sunoresearch","https:\/\/www.instagram.com\/suno","https:\/\/www.linkedin.com\/company\/suno-research\/","https:\/\/www.youtube.com\/c\/sunoresearch"]},{"@type":"Person","@id":"https:\/\/www.suno.com.br\/noticias\/#\/schema\/person\/053a750a709a263919a20f976caae91c","name":"Arthur Guimar\u00e3es","image":{"@type":"ImageObject","inLanguage":"pt-BR","@id":"https:\/\/www.suno.com.br\/noticias\/#\/schema\/person\/image\/","url":"https:\/\/secure.gravatar.com\/avatar\/1affd86a11209ae09eb6dd3bcad3e96c?s=96&r=g","contentUrl":"https:\/\/secure.gravatar.com\/avatar\/1affd86a11209ae09eb6dd3bcad3e96c?s=96&r=g","caption":"Arthur Guimar\u00e3es"},"description":"Arthur Guimar\u00e3es escreve sobre pol\u00edtica, economia e neg\u00f3cios para o portal de not\u00edcias da Suno Research. Atualmente, \u00e9 estudante de jornalismo pela Faculdade C\u00e1sper L\u00edbero.","url":"https:\/\/www.suno.com.br\/noticias\/author\/arthur-guimaraes\/"}]}},"default_loop_html":"<div class=\"cardsPage__listCard__boxs\"><div class=\"cardsPage__listCard__boxs__img\"><a href=\"https:\/\/www.suno.com.br\/noticias\/american-airlines-capacidade-total-julho\/\"><img class=\"mask\" src=\"https:\/\/www.suno.com.br\/noticias\/wp-content\/themes\/suno\/resources\/images\/spotlight\/spotlight1img\/bg-mask.png\" alt=\"Image Mask\"\/><img src=\"https:\/\/files.sunoresearch.com.br\/n\/uploads\/2019\/04\/5a4e5eac-american-airlines-400x200.webp\" alt=\"American Airlines retomar\u00e1 capacidade total em meio \u00e0 pandemia\"\/><\/a><span class=\"spotlightCategory\"><a href=\"https:\/\/www.suno.com.br\/noticias\/internacional\/\">Internacional<\/a><\/span><\/div><div class=\"cardsPage__listCard__boxs__content\"><a href=\"https:\/\/www.suno.com.br\/noticias\/american-airlines-capacidade-total-julho\/\"><h2 class=\"content__title\">American Airlines retomar\u00e1 capacidade total em meio \u00e0 pandemia<\/h2><\/a><div class=\"newsContent__article__meta\"><div class=\"newsContent__article__meta__authorBox\"><a href=\"https:\/\/www.suno.com.br\/noticias\/author\/arthur-guimaraes\/\" class=\"authorBox__avatar noMobi\"><img src=\"https:\/\/files.sunoresearch.com.br\/n\/uploads\/2020\/02\/dfb40897-eu-150x150.webp\" alt=\"Arthur Guimar\u00e3es\"><\/a><div class=\"authorBox__name\"><span>por\n\t\t\t<a href=\"https:\/\/www.suno.com.br\/noticias\/author\/arthur-guimaraes\/\"><span itemprop=\"author\">Arthur Guimar\u00e3es<\/span><\/a><\/span><time datetime=\"2020-06-26T16:03:45-03:00\" itemprop=\"datePublished\">26\/06\/2020 16:03<\/time><\/div><\/div><\/div><\/div><\/div>","single_layout":"posts","amp_enabled":true,"_links":{"self":[{"href":"https:\/\/www.suno.com.br\/noticias\/wp-json\/wp\/v2\/posts\/70638"}],"collection":[{"href":"https:\/\/www.suno.com.br\/noticias\/wp-json\/wp\/v2\/posts"}],"about":[{"href":"https:\/\/www.suno.com.br\/noticias\/wp-json\/wp\/v2\/types\/post"}],"author":[{"embeddable":true,"href":"https:\/\/www.suno.com.br\/noticias\/wp-json\/wp\/v2\/users\/35"}],"replies":[{"embeddable":true,"href":"https:\/\/www.suno.com.br\/noticias\/wp-json\/wp\/v2\/comments?post=70638"}],"version-history":[{"count":0,"href":"https:\/\/www.suno.com.br\/noticias\/wp-json\/wp\/v2\/posts\/70638\/revisions"}],"wp:featuredmedia":[{"embeddable":true,"href":"https:\/\/www.suno.com.br\/noticias\/wp-json\/wp\/v2\/media\/21065"}],"wp:attachment":[{"href":"https:\/\/www.suno.com.br\/noticias\/wp-json\/wp\/v2\/media?parent=70638"}],"wp:term":[{"taxonomy":"category","embeddable":true,"href":"https:\/\/www.suno.com.br\/noticias\/wp-json\/wp\/v2\/categories?post=70638"},{"taxonomy":"post_tag","embeddable":true,"href":"https:\/\/www.suno.com.br\/noticias\/wp-json\/wp\/v2\/tags?post=70638"},{"taxonomy":"suno_strategy","embeddable":true,"href":"https:\/\/www.suno.com.br\/noticias\/wp-json\/wp\/v2\/suno_strategy?post=70638"}],"curies":[{"name":"wp","href":"https:\/\/api.w.org\/{rel}","templated":true}]}}