{"id":70556,"date":"2020-06-26T10:05:31","date_gmt":"2020-06-26T13:05:31","guid":{"rendered":"https:\/\/www.suno.com.br\/noticias\/?p=70556"},"modified":"2020-06-26T10:05:31","modified_gmt":"2020-06-26T13:05:31","slug":"coronavoucher-guedes-autoriza-mais-tres-parcelas-do-auxilio","status":"publish","type":"post","link":"https:\/\/www.suno.com.br\/noticias\/coronavoucher-guedes-autoriza-mais-tres-parcelas-do-auxilio\/","title":{"rendered":"Coronavoucher: Guedes autoriza mais tr\u00eas parcelas do aux\u00edlio"},"content":{"rendered":"<p>O ministro da Economia, <a href=\"https:\/\/www.suno.com.br\/tudo-sobre\/paulo-guedes\/\">Paulo Guedes<\/a>, deu o seu aval para que o Governo Federal pague mais tr\u00eas parcelas de aux\u00edlio emergencial (<strong>coronavoucher<\/strong>) aos trabalhadores informais e a popula\u00e7\u00e3o que est\u00e1 passando dificuldades devido a pandemia de coronav\u00edrus. As parcelas ser\u00e3o nos valores de: R$ 500, R$ 400 e R$ 300.<\/p>\t<div class=\"wrapper-featured-image\">\n\t\t<figure class=\"spotlightImg\">\n\n\t\t\t<picture>\n\t\t\t\t<source media=\"(max-width: 768px)\" srcset=\"https:\/\/files.sunoresearch.com.br\/n\/uploads\/2020\/06\/6a798fcb-economia_1202200244-400x200.webp\">\n\t\t\t\t<img loading=\"lazy\" decoding=\"async\" class=\"newsContent__article__imgCapa lazyloadDisabled newsContent__article__imgCapa--noCaption\" src=\"https:\/\/files.sunoresearch.com.br\/n\/uploads\/2020\/06\/6a798fcb-economia_1202200244-800x450.webp\" width=\"800\" height=\"450\" alt=\"Coronavoucher: Guedes autoriza mais tr\u00eas parcelas do aux\u00edlio\" fetchpriority=high \/>\n\t\t\t<\/picture>\n\n\t\t\t<figcaption class=\"wp-caption-text wp-caption-text--hide\">Paulo Guedes (Wilson Dias\/Ag\u00eancia Brasil)<\/figcaption>\n\t\t<\/figure>\n\t<\/div>\n\n\n\n<p>Na \u00faltima quinta-feira (25), o presidente Jair Bolsonaro, em sua live semanal, j\u00e1 havia dito que o coronavoucher teria um adicional de R$ 1,2 mil, dividido em tr\u00eas parcelas. &#8220;Vamos partir para uma adequa\u00e7\u00e3o. Deve ser, estamos estudando, R$ 500, R$ 400 e R$ 300&#8221;, afirmou o mandat\u00e1rio. A confirma\u00e7\u00e3o, por parte de Guedes, entretanto, s\u00f3 ocorreu nesta sexta.<\/p>\n<p>Tamb\u00e9m est\u00e1 sendo discutido na equipe econ\u00f4mica algumas medidas que configuram a cria\u00e7\u00e3o do programa &#8220;Renda Brasil&#8221;. Este programa consiste em unificar os programas sociais como: Bolsa Fam\u00edlia, Seguro Defeso e Abono Salarial. Com a jun\u00e7\u00e3o deles, todos deixariam de existir.<\/p>\n<p><a href=\"https:\/\/lp.suno.com.br\/suno-one\/\">Suno One: acesse gratuitamente eBooks, Minicursos, Artigos e Video Aulas sobre investimentos com um \u00fanico cadastro. Clique para saber mais!<\/a><\/p>\n<p>A pasta tamb\u00e9m discute outra medida, relacionadas ao Imposto de Renda, que pode acabar com dedu\u00e7\u00f5es com Sa\u00fade no IR e diminuir a al\u00edquota do Imposto de Renda da Pessoa F\u00edsica para que n\u00e3o haja aumento da tributa\u00e7\u00e3o. Entre as ideias em quest\u00e3o, est\u00e1 a de baixar de 27,5%, maior al\u00edquota, para 25%. Os valores, contudo, ainda est\u00e3o sendo analisados.<\/p>\n<p>O presidente da C\u00e2mara dos Deputados, Rodrigo Maia (DEM-RJ), tem defendido veemente o fim das dedu\u00e7\u00f5es em Sa\u00fade do IRPF, o que mostra que est\u00e1 havendo um dial\u00f3go e entre o poder Executivo e a C\u00e2mara sobre o assunto. Maia afirmou que essas dedu\u00e7\u00f5es beneficiam principalmente quem possui renda m\u00e9dia acima de R$ 33 mil por m\u00eas.<\/p>\n<h2>Apresenta\u00e7\u00e3o do calend\u00e1rio da 3\u00aa parcela do coronavoucher<\/h2>\n<p>O presidente da Caixa Econ\u00f4mica Federal, Pedro Guimar\u00e3es, apresenta o calend\u00e1rio da terceira parcela do aux\u00edlio emergencial (<strong>coronavoucher<\/strong>) de R$ 600, na manh\u00e3 desta sexta-feira (26). Esta parcela come\u00e7a a ser paga neste s\u00e1bado (27).<\/p>\n\n","protected":false},"excerpt":{"rendered":"<p>O ministro da Economia, Paulo Guedes, deu o seu aval para que o Governo Federal pague mais tr\u00eas parcelas de aux\u00edlio emergencial (coronavoucher) aos trabalhadores informais e a popula\u00e7\u00e3o que est\u00e1 passando dificuldades devido a pandemia de coronav\u00edrus. As parcelas ser\u00e3o nos valores de: R$ 500, R$ 400 e R$ 300. Paulo Guedes (Wilson Dias\/Ag\u00eancia [&hellip;]<\/p>\n","protected":false},"author":19,"featured_media":70558,"comment_status":"closed","ping_status":"closed","sticky":false,"template":"","format":"standard","meta":[],"categories":[62],"tags":[17139,2487,12737,796],"suno_strategy":[],"class_list":["post-70556","post","type-post","status-publish","format-standard","has-post-thumbnail","hentry","category-economia","tag-auxilio-emergencial","tag-coronavirus","tag-coronavoucher","tag-paulo-guedes"],"yoast_head":"<!-- This site is optimized with the Yoast SEO plugin v24.4 - https:\/\/yoast.com\/wordpress\/plugins\/seo\/ -->\n<title>Coronavoucher: Guedes autoriza mais tr\u00eas parcelas do aux\u00edlio<\/title>\n<meta name=\"description\" content=\"O ministro da Economia, Paulo Guedes, deu aval para que o Governo Federal pague mais 3 parcelas do aux\u00edlio emergencial (coronavoucher).\" \/>\n<meta name=\"robots\" content=\"index, follow, max-snippet:-1, max-image-preview:large, max-video-preview:-1\" \/>\n<link rel=\"canonical\" href=\"https:\/\/www.suno.com.br\/noticias\/coronavoucher-guedes-autoriza-mais-tres-parcelas-do-auxilio\/\" \/>\n<meta property=\"og:locale\" content=\"pt_BR\" \/>\n<meta property=\"og:type\" content=\"article\" \/>\n<meta property=\"og:title\" content=\"Coronavoucher: Guedes autoriza mais tr\u00eas parcelas do aux\u00edlio\" \/>\n<meta property=\"og:description\" content=\"O ministro da Economia, Paulo Guedes, deu aval para que o Governo Federal pague mais 3 parcelas do aux\u00edlio emergencial (coronavoucher).\" \/>\n<meta property=\"og:url\" content=\"https:\/\/www.suno.com.br\/noticias\/coronavoucher-guedes-autoriza-mais-tres-parcelas-do-auxilio\/\" \/>\n<meta property=\"og:site_name\" content=\"Suno Not\u00edcias\" \/>\n<meta property=\"article:publisher\" content=\"https:\/\/facebook.com\/sunoresearch\" \/>\n<meta property=\"og:image\" content=\"https:\/\/files.sunoresearch.com.br\/n\/uploads\/2020\/06\/6a798fcb-economia_1202200244.jpg\" \/>\n\t<meta property=\"og:image:width\" content=\"1024\" \/>\n\t<meta property=\"og:image:height\" content=\"768\" \/>\n\t<meta property=\"og:image:type\" content=\"image\/jpeg\" \/>\n<meta name=\"author\" content=\"Juliano Passaro\" \/>\n<meta name=\"twitter:card\" content=\"summary_large_image\" \/>\n<meta name=\"twitter:creator\" content=\"@sunoresearch\" \/>\n<meta name=\"twitter:site\" content=\"@sunoresearch\" \/>\n<meta name=\"twitter:label1\" content=\"Escrito por\" \/>\n\t<meta name=\"twitter:data1\" content=\"Juliano Passaro\" \/>\n\t<meta name=\"twitter:label2\" content=\"Est. tempo de leitura\" \/>\n\t<meta name=\"twitter:data2\" content=\"2 minutos\" \/>\n<script type=\"application\/ld+json\" class=\"yoast-schema-graph\">{\"@context\":\"https:\/\/schema.org\",\"@graph\":[{\"@type\":\"NewsArticle\",\"@id\":\"https:\/\/www.suno.com.br\/noticias\/coronavoucher-guedes-autoriza-mais-tres-parcelas-do-auxilio\/#article\",\"isPartOf\":{\"@id\":\"https:\/\/www.suno.com.br\/noticias\/coronavoucher-guedes-autoriza-mais-tres-parcelas-do-auxilio\/\"},\"author\":{\"name\":\"Juliano Passaro\",\"@id\":\"https:\/\/www.suno.com.br\/noticias\/#\/schema\/person\/1db762f78ffd8919a648a63e425953e3\"},\"headline\":\"Coronavoucher: Guedes autoriza mais tr\u00eas parcelas do aux\u00edlio\",\"datePublished\":\"2020-06-26T13:05:31+00:00\",\"mainEntityOfPage\":{\"@id\":\"https:\/\/www.suno.com.br\/noticias\/coronavoucher-guedes-autoriza-mais-tres-parcelas-do-auxilio\/\"},\"wordCount\":374,\"publisher\":{\"@id\":\"https:\/\/www.suno.com.br\/noticias\/#organization\"},\"image\":{\"@id\":\"https:\/\/www.suno.com.br\/noticias\/coronavoucher-guedes-autoriza-mais-tres-parcelas-do-auxilio\/#primaryimage\"},\"thumbnailUrl\":\"https:\/\/files.sunoresearch.com.br\/n\/uploads\/2020\/06\/6a798fcb-economia_1202200244-jpg.webp\",\"keywords\":[\"aux\u00edlio emergencial\",\"coronav\u00edrus\",\"coronavoucher\",\"Paulo Guedes\"],\"articleSection\":[\"Economia\"],\"inLanguage\":\"pt-BR\"},{\"@type\":\"WebPage\",\"@id\":\"https:\/\/www.suno.com.br\/noticias\/coronavoucher-guedes-autoriza-mais-tres-parcelas-do-auxilio\/\",\"url\":\"https:\/\/www.suno.com.br\/noticias\/coronavoucher-guedes-autoriza-mais-tres-parcelas-do-auxilio\/\",\"name\":\"Coronavoucher: Guedes autoriza mais tr\u00eas parcelas do aux\u00edlio\",\"isPartOf\":{\"@id\":\"https:\/\/www.suno.com.br\/noticias\/#website\"},\"primaryImageOfPage\":{\"@id\":\"https:\/\/www.suno.com.br\/noticias\/coronavoucher-guedes-autoriza-mais-tres-parcelas-do-auxilio\/#primaryimage\"},\"image\":{\"@id\":\"https:\/\/www.suno.com.br\/noticias\/coronavoucher-guedes-autoriza-mais-tres-parcelas-do-auxilio\/#primaryimage\"},\"thumbnailUrl\":\"https:\/\/files.sunoresearch.com.br\/n\/uploads\/2020\/06\/6a798fcb-economia_1202200244-jpg.webp\",\"datePublished\":\"2020-06-26T13:05:31+00:00\",\"description\":\"O ministro da Economia, Paulo Guedes, deu aval para que o Governo Federal pague mais 3 parcelas do aux\u00edlio emergencial (coronavoucher).\",\"breadcrumb\":{\"@id\":\"https:\/\/www.suno.com.br\/noticias\/coronavoucher-guedes-autoriza-mais-tres-parcelas-do-auxilio\/#breadcrumb\"},\"inLanguage\":\"pt-BR\",\"potentialAction\":[{\"@type\":\"ReadAction\",\"target\":[\"https:\/\/www.suno.com.br\/noticias\/coronavoucher-guedes-autoriza-mais-tres-parcelas-do-auxilio\/\"]}]},{\"@type\":\"ImageObject\",\"inLanguage\":\"pt-BR\",\"@id\":\"https:\/\/www.suno.com.br\/noticias\/coronavoucher-guedes-autoriza-mais-tres-parcelas-do-auxilio\/#primaryimage\",\"url\":\"https:\/\/files.sunoresearch.com.br\/n\/uploads\/2020\/06\/6a798fcb-economia_1202200244-jpg.webp\",\"contentUrl\":\"https:\/\/files.sunoresearch.com.br\/n\/uploads\/2020\/06\/6a798fcb-economia_1202200244-jpg.webp\",\"width\":1024,\"height\":768,\"caption\":\"Paulo Guedes (Wilson Dias\/Ag\u00eancia Brasil)\"},{\"@type\":\"BreadcrumbList\",\"@id\":\"https:\/\/www.suno.com.br\/noticias\/coronavoucher-guedes-autoriza-mais-tres-parcelas-do-auxilio\/#breadcrumb\",\"itemListElement\":[{\"@type\":\"ListItem\",\"position\":1,\"name\":\"Not\u00edcias\",\"item\":\"https:\/\/www.suno.com.br\/noticias\/\"},{\"@type\":\"ListItem\",\"position\":2,\"name\":\"Economia\",\"item\":\"https:\/\/www.suno.com.br\/noticias\/economia\/\"},{\"@type\":\"ListItem\",\"position\":3,\"name\":\"Coronavoucher: Guedes autoriza mais tr\u00eas parcelas do aux\u00edlio\"}]},{\"@type\":\"WebSite\",\"@id\":\"https:\/\/www.suno.com.br\/noticias\/#website\",\"url\":\"https:\/\/www.suno.com.br\/noticias\/\",\"name\":\"Suno Not\u00edcias\",\"description\":\"Seu portal de informa\u00e7\u00e3o sobre o mundo dos investimentos\",\"publisher\":{\"@id\":\"https:\/\/www.suno.com.br\/noticias\/#organization\"},\"potentialAction\":[{\"@type\":\"SearchAction\",\"target\":{\"@type\":\"EntryPoint\",\"urlTemplate\":\"https:\/\/www.suno.com.br\/noticias\/?s={search_term_string}\"},\"query-input\":{\"@type\":\"PropertyValueSpecification\",\"valueRequired\":true,\"valueName\":\"search_term_string\"}}],\"inLanguage\":\"pt-BR\"},{\"@type\":\"Organization\",\"@id\":\"https:\/\/www.suno.com.br\/noticias\/#organization\",\"name\":\"Suno Not\u00edcias\",\"url\":\"https:\/\/www.suno.com.br\/noticias\/\",\"logo\":{\"@type\":\"ImageObject\",\"inLanguage\":\"pt-BR\",\"@id\":\"https:\/\/www.suno.com.br\/noticias\/#\/schema\/logo\/image\/\",\"url\":\"https:\/\/files.sunoresearch.com.br\/n\/uploads\/2021\/09\/suno-logo.png\",\"contentUrl\":\"https:\/\/files.sunoresearch.com.br\/n\/uploads\/2021\/09\/suno-logo.png\",\"width\":180,\"height\":180,\"caption\":\"Suno Not\u00edcias\"},\"image\":{\"@id\":\"https:\/\/www.suno.com.br\/noticias\/#\/schema\/logo\/image\/\"},\"sameAs\":[\"https:\/\/facebook.com\/sunoresearch\",\"https:\/\/x.com\/sunoresearch\",\"https:\/\/www.instagram.com\/suno\",\"https:\/\/www.linkedin.com\/company\/suno-research\/\",\"https:\/\/www.youtube.com\/c\/sunoresearch\"]},{\"@type\":\"Person\",\"@id\":\"https:\/\/www.suno.com.br\/noticias\/#\/schema\/person\/1db762f78ffd8919a648a63e425953e3\",\"name\":\"Juliano Passaro\",\"image\":{\"@type\":\"ImageObject\",\"inLanguage\":\"pt-BR\",\"@id\":\"https:\/\/www.suno.com.br\/noticias\/#\/schema\/person\/image\/\",\"url\":\"https:\/\/secure.gravatar.com\/avatar\/743d4df28eebf6dcc46b4ad03c319e92?s=96&r=g\",\"contentUrl\":\"https:\/\/secure.gravatar.com\/avatar\/743d4df28eebf6dcc46b4ad03c319e92?s=96&r=g\",\"caption\":\"Juliano Passaro\"},\"description\":\"Juliano Passaro escreve sobre pol\u00edtica, economia e neg\u00f3cios para o portal da Suno Research. Antes da Suno, trabalhou no Portal da Band. \u00c9 formado em jornalismo pela Universidade Presbiteriana Mackenzie.\",\"url\":\"https:\/\/www.suno.com.br\/noticias\/author\/juliano\/\"}]}<\/script>\n<!-- \/ Yoast SEO plugin. -->","yoast_head_json":{"title":"Coronavoucher: Guedes autoriza mais tr\u00eas parcelas do aux\u00edlio","description":"O ministro da Economia, Paulo Guedes, deu aval para que o Governo Federal pague mais 3 parcelas do aux\u00edlio emergencial (coronavoucher).","robots":{"index":"index","follow":"follow","max-snippet":"max-snippet:-1","max-image-preview":"max-image-preview:large","max-video-preview":"max-video-preview:-1"},"canonical":"https:\/\/www.suno.com.br\/noticias\/coronavoucher-guedes-autoriza-mais-tres-parcelas-do-auxilio\/","og_locale":"pt_BR","og_type":"article","og_title":"Coronavoucher: Guedes autoriza mais tr\u00eas parcelas do aux\u00edlio","og_description":"O ministro da Economia, Paulo Guedes, deu aval para que o Governo Federal pague mais 3 parcelas do aux\u00edlio emergencial (coronavoucher).","og_url":"https:\/\/www.suno.com.br\/noticias\/coronavoucher-guedes-autoriza-mais-tres-parcelas-do-auxilio\/","og_site_name":"Suno Not\u00edcias","article_publisher":"https:\/\/facebook.com\/sunoresearch","og_image":[{"width":1024,"height":768,"url":"https:\/\/files.sunoresearch.com.br\/n\/uploads\/2020\/06\/6a798fcb-economia_1202200244.jpg","type":"image\/jpeg"}],"author":"Juliano Passaro","twitter_card":"summary_large_image","twitter_creator":"@sunoresearch","twitter_site":"@sunoresearch","twitter_misc":{"Escrito por":"Juliano Passaro","Est. tempo de leitura":"2 minutos"},"schema":{"@context":"https:\/\/schema.org","@graph":[{"@type":"NewsArticle","@id":"https:\/\/www.suno.com.br\/noticias\/coronavoucher-guedes-autoriza-mais-tres-parcelas-do-auxilio\/#article","isPartOf":{"@id":"https:\/\/www.suno.com.br\/noticias\/coronavoucher-guedes-autoriza-mais-tres-parcelas-do-auxilio\/"},"author":{"name":"Juliano Passaro","@id":"https:\/\/www.suno.com.br\/noticias\/#\/schema\/person\/1db762f78ffd8919a648a63e425953e3"},"headline":"Coronavoucher: Guedes autoriza mais tr\u00eas parcelas do aux\u00edlio","datePublished":"2020-06-26T13:05:31+00:00","mainEntityOfPage":{"@id":"https:\/\/www.suno.com.br\/noticias\/coronavoucher-guedes-autoriza-mais-tres-parcelas-do-auxilio\/"},"wordCount":374,"publisher":{"@id":"https:\/\/www.suno.com.br\/noticias\/#organization"},"image":{"@id":"https:\/\/www.suno.com.br\/noticias\/coronavoucher-guedes-autoriza-mais-tres-parcelas-do-auxilio\/#primaryimage"},"thumbnailUrl":"https:\/\/files.sunoresearch.com.br\/n\/uploads\/2020\/06\/6a798fcb-economia_1202200244-jpg.webp","keywords":["aux\u00edlio emergencial","coronav\u00edrus","coronavoucher","Paulo Guedes"],"articleSection":["Economia"],"inLanguage":"pt-BR"},{"@type":"WebPage","@id":"https:\/\/www.suno.com.br\/noticias\/coronavoucher-guedes-autoriza-mais-tres-parcelas-do-auxilio\/","url":"https:\/\/www.suno.com.br\/noticias\/coronavoucher-guedes-autoriza-mais-tres-parcelas-do-auxilio\/","name":"Coronavoucher: Guedes autoriza mais tr\u00eas parcelas do aux\u00edlio","isPartOf":{"@id":"https:\/\/www.suno.com.br\/noticias\/#website"},"primaryImageOfPage":{"@id":"https:\/\/www.suno.com.br\/noticias\/coronavoucher-guedes-autoriza-mais-tres-parcelas-do-auxilio\/#primaryimage"},"image":{"@id":"https:\/\/www.suno.com.br\/noticias\/coronavoucher-guedes-autoriza-mais-tres-parcelas-do-auxilio\/#primaryimage"},"thumbnailUrl":"https:\/\/files.sunoresearch.com.br\/n\/uploads\/2020\/06\/6a798fcb-economia_1202200244-jpg.webp","datePublished":"2020-06-26T13:05:31+00:00","description":"O ministro da Economia, Paulo Guedes, deu aval para que o Governo Federal pague mais 3 parcelas do aux\u00edlio emergencial (coronavoucher).","breadcrumb":{"@id":"https:\/\/www.suno.com.br\/noticias\/coronavoucher-guedes-autoriza-mais-tres-parcelas-do-auxilio\/#breadcrumb"},"inLanguage":"pt-BR","potentialAction":[{"@type":"ReadAction","target":["https:\/\/www.suno.com.br\/noticias\/coronavoucher-guedes-autoriza-mais-tres-parcelas-do-auxilio\/"]}]},{"@type":"ImageObject","inLanguage":"pt-BR","@id":"https:\/\/www.suno.com.br\/noticias\/coronavoucher-guedes-autoriza-mais-tres-parcelas-do-auxilio\/#primaryimage","url":"https:\/\/files.sunoresearch.com.br\/n\/uploads\/2020\/06\/6a798fcb-economia_1202200244-jpg.webp","contentUrl":"https:\/\/files.sunoresearch.com.br\/n\/uploads\/2020\/06\/6a798fcb-economia_1202200244-jpg.webp","width":1024,"height":768,"caption":"Paulo Guedes (Wilson Dias\/Ag\u00eancia Brasil)"},{"@type":"BreadcrumbList","@id":"https:\/\/www.suno.com.br\/noticias\/coronavoucher-guedes-autoriza-mais-tres-parcelas-do-auxilio\/#breadcrumb","itemListElement":[{"@type":"ListItem","position":1,"name":"Not\u00edcias","item":"https:\/\/www.suno.com.br\/noticias\/"},{"@type":"ListItem","position":2,"name":"Economia","item":"https:\/\/www.suno.com.br\/noticias\/economia\/"},{"@type":"ListItem","position":3,"name":"Coronavoucher: Guedes autoriza mais tr\u00eas parcelas do aux\u00edlio"}]},{"@type":"WebSite","@id":"https:\/\/www.suno.com.br\/noticias\/#website","url":"https:\/\/www.suno.com.br\/noticias\/","name":"Suno Not\u00edcias","description":"Seu portal de informa\u00e7\u00e3o sobre o mundo dos investimentos","publisher":{"@id":"https:\/\/www.suno.com.br\/noticias\/#organization"},"potentialAction":[{"@type":"SearchAction","target":{"@type":"EntryPoint","urlTemplate":"https:\/\/www.suno.com.br\/noticias\/?s={search_term_string}"},"query-input":{"@type":"PropertyValueSpecification","valueRequired":true,"valueName":"search_term_string"}}],"inLanguage":"pt-BR"},{"@type":"Organization","@id":"https:\/\/www.suno.com.br\/noticias\/#organization","name":"Suno Not\u00edcias","url":"https:\/\/www.suno.com.br\/noticias\/","logo":{"@type":"ImageObject","inLanguage":"pt-BR","@id":"https:\/\/www.suno.com.br\/noticias\/#\/schema\/logo\/image\/","url":"https:\/\/files.sunoresearch.com.br\/n\/uploads\/2021\/09\/suno-logo.png","contentUrl":"https:\/\/files.sunoresearch.com.br\/n\/uploads\/2021\/09\/suno-logo.png","width":180,"height":180,"caption":"Suno Not\u00edcias"},"image":{"@id":"https:\/\/www.suno.com.br\/noticias\/#\/schema\/logo\/image\/"},"sameAs":["https:\/\/facebook.com\/sunoresearch","https:\/\/x.com\/sunoresearch","https:\/\/www.instagram.com\/suno","https:\/\/www.linkedin.com\/company\/suno-research\/","https:\/\/www.youtube.com\/c\/sunoresearch"]},{"@type":"Person","@id":"https:\/\/www.suno.com.br\/noticias\/#\/schema\/person\/1db762f78ffd8919a648a63e425953e3","name":"Juliano Passaro","image":{"@type":"ImageObject","inLanguage":"pt-BR","@id":"https:\/\/www.suno.com.br\/noticias\/#\/schema\/person\/image\/","url":"https:\/\/secure.gravatar.com\/avatar\/743d4df28eebf6dcc46b4ad03c319e92?s=96&r=g","contentUrl":"https:\/\/secure.gravatar.com\/avatar\/743d4df28eebf6dcc46b4ad03c319e92?s=96&r=g","caption":"Juliano Passaro"},"description":"Juliano Passaro escreve sobre pol\u00edtica, economia e neg\u00f3cios para o portal da Suno Research. Antes da Suno, trabalhou no Portal da Band. \u00c9 formado em jornalismo pela Universidade Presbiteriana Mackenzie.","url":"https:\/\/www.suno.com.br\/noticias\/author\/juliano\/"}]}},"default_loop_html":"<div class=\"cardsPage__listCard__boxs\"><div class=\"cardsPage__listCard__boxs__img\"><a href=\"https:\/\/www.suno.com.br\/noticias\/coronavoucher-guedes-autoriza-mais-tres-parcelas-do-auxilio\/\"><img class=\"mask\" src=\"https:\/\/www.suno.com.br\/noticias\/wp-content\/themes\/suno\/resources\/images\/spotlight\/spotlight1img\/bg-mask.png\" alt=\"Image Mask\"\/><img src=\"https:\/\/files.sunoresearch.com.br\/n\/uploads\/2020\/06\/6a798fcb-economia_1202200244-400x200.webp\" alt=\"Coronavoucher: Guedes autoriza mais tr\u00eas parcelas do aux\u00edlio\"\/><\/a><span class=\"spotlightCategory\"><a href=\"https:\/\/www.suno.com.br\/noticias\/economia\/\">Economia<\/a><\/span><\/div><div class=\"cardsPage__listCard__boxs__content\"><a href=\"https:\/\/www.suno.com.br\/noticias\/coronavoucher-guedes-autoriza-mais-tres-parcelas-do-auxilio\/\"><h2 class=\"content__title\">Coronavoucher: Guedes autoriza mais tr\u00eas parcelas do aux\u00edlio<\/h2><\/a><div class=\"newsContent__article__meta\"><div class=\"newsContent__article__meta__authorBox\"><a href=\"https:\/\/www.suno.com.br\/noticias\/author\/juliano\/\" class=\"authorBox__avatar noMobi\"><img src=\"https:\/\/files.sunoresearch.com.br\/n\/uploads\/2019\/06\/7cc3efea-whatsapp-image-2019-07-18-at-21.59.33-e1563499821209-150x150.webp\" alt=\"Juliano Passaro\"><\/a><div class=\"authorBox__name\"><span>por\n\t\t\t<a href=\"https:\/\/www.suno.com.br\/noticias\/author\/juliano\/\"><span itemprop=\"author\">Juliano Passaro<\/span><\/a><\/span><time datetime=\"2020-06-26T10:05:31-03:00\" itemprop=\"datePublished\">26\/06\/2020 10:05<\/time><\/div><\/div><\/div><\/div><\/div>","single_layout":"posts","amp_enabled":true,"_links":{"self":[{"href":"https:\/\/www.suno.com.br\/noticias\/wp-json\/wp\/v2\/posts\/70556"}],"collection":[{"href":"https:\/\/www.suno.com.br\/noticias\/wp-json\/wp\/v2\/posts"}],"about":[{"href":"https:\/\/www.suno.com.br\/noticias\/wp-json\/wp\/v2\/types\/post"}],"author":[{"embeddable":true,"href":"https:\/\/www.suno.com.br\/noticias\/wp-json\/wp\/v2\/users\/19"}],"replies":[{"embeddable":true,"href":"https:\/\/www.suno.com.br\/noticias\/wp-json\/wp\/v2\/comments?post=70556"}],"version-history":[{"count":0,"href":"https:\/\/www.suno.com.br\/noticias\/wp-json\/wp\/v2\/posts\/70556\/revisions"}],"wp:featuredmedia":[{"embeddable":true,"href":"https:\/\/www.suno.com.br\/noticias\/wp-json\/wp\/v2\/media\/70558"}],"wp:attachment":[{"href":"https:\/\/www.suno.com.br\/noticias\/wp-json\/wp\/v2\/media?parent=70556"}],"wp:term":[{"taxonomy":"category","embeddable":true,"href":"https:\/\/www.suno.com.br\/noticias\/wp-json\/wp\/v2\/categories?post=70556"},{"taxonomy":"post_tag","embeddable":true,"href":"https:\/\/www.suno.com.br\/noticias\/wp-json\/wp\/v2\/tags?post=70556"},{"taxonomy":"suno_strategy","embeddable":true,"href":"https:\/\/www.suno.com.br\/noticias\/wp-json\/wp\/v2\/suno_strategy?post=70556"}],"curies":[{"name":"wp","href":"https:\/\/api.w.org\/{rel}","templated":true}]}}