{"id":70545,"date":"2020-06-26T09:24:53","date_gmt":"2020-06-26T12:24:53","guid":{"rendered":"https:\/\/www.suno.com.br\/noticias\/?p=70545"},"modified":"2020-06-26T18:07:08","modified_gmt":"2020-06-26T21:07:08","slug":"farmaceutica-pague-menos-protocola-pedido-ipo","status":"publish","type":"post","link":"https:\/\/www.suno.com.br\/noticias\/farmaceutica-pague-menos-protocola-pedido-ipo\/","title":{"rendered":"Pague Menos: rede de farm\u00e1cias protocola pedido de IPO"},"content":{"rendered":"<p>A rede de farm\u00e1cias <strong>Pague Menos<\/strong> apresentou seu pedido de <a href=\"https:\/\/www.suno.com.br\/artigos\/ipo\/\">oferta p\u00fablica inicial de a\u00e7\u00f5es (IPO)<\/a>, \u00e0 <a href=\"https:\/\/www.suno.com.br\/artigos\/cvm\/\">Comiss\u00e3o de Valores Mobili\u00e1rios (CVM)<\/a>, na noite da \u00faltima quinta-feira (25). De acordo com o comunicado da empresa, a decis\u00e3o foi tomada ap\u00f3s a aprova\u00e7\u00e3o da assembleia de acionistas.<\/p>\t<div class=\"wrapper-featured-image\">\n\t\t<figure class=\"spotlightImg\">\n\n\t\t\t<picture>\n\t\t\t\t<source media=\"(max-width: 768px)\" srcset=\"https:\/\/files.sunoresearch.com.br\/n\/uploads\/2020\/06\/2be7c9bc-pague-menos-400x200.webp\">\n\t\t\t\t<img loading=\"lazy\" decoding=\"async\" class=\"newsContent__article__imgCapa lazyloadDisabled newsContent__article__imgCapa--noCaption\" src=\"https:\/\/files.sunoresearch.com.br\/n\/uploads\/2020\/06\/2be7c9bc-pague-menos-800x450.webp\" width=\"800\" height=\"450\" alt=\"Pague Menos: rede de farm\u00e1cias protocola pedido de IPO\" fetchpriority=high \/>\n\t\t\t<\/picture>\n\n\t\t\t<figcaption class=\"wp-caption-text wp-caption-text--hide\">Pague Menos (PGMN3) Foto: Divulga\u00e7\u00e3o<\/figcaption>\n\t\t<\/figure>\n\t<\/div>\n\n\n\n<p>Segundo o jornal &#8220;Valor Econ\u00f4mico&#8221;, a Pague Menos procura levantar at\u00e9 R$ 1,5 bilh\u00e3o na abertura de capital, com uma distribui\u00e7\u00e3o prim\u00e1ria e secund\u00e1ria de a\u00e7\u00f5es. A empresa pretende completar todos os tr\u00e2mites legais para o <strong>IPO<\/strong> e listar suas a\u00e7\u00f5es at\u00e9 o fim de agosto.<\/p>\n<p>De acordo com o fato relevante, a quantidade de a\u00e7\u00f5es a serem emitidas e o pre\u00e7o de venda dos pap\u00e9is ainda ser\u00e3o definidos ap\u00f3s a coleta de inte\u00e7\u00f5es de investimento junto a investidores institucionais. O <em>road show<\/em> ser\u00e1 realizado no Brasil e no exterior. Al\u00e9m disso, a empresa informou que a listagem ser\u00e1 realizada no <a href=\"https:\/\/www.suno.com.br\/artigos\/novo-mercado\/\">Novo Mercado<\/a>.<\/p>\n<p><a href=\"https:\/\/lp.suno.com.br\/suno-one\/\">No Suno One voc\u00ea aprende a fazer seu dinheiro trabalhar para voc\u00ea. Cadastre-se gratuitamente agora!<\/a><\/p>\n<p>De acordo com o jornal, a gestora <strong>General Atlantic<\/strong> visa alienar ao menos uma parte ou a totalidade de sua participa\u00e7\u00e3o na empresa em uma tranche secund\u00e1ria. Todavia, a Pague Menos tamb\u00e9m pretende levar caixa para sua opera\u00e7\u00f5es.<\/p>\n<p>A companhia procurar abrir seu capital na bolsa de valores brasileira desde 2014. No entanto, mudan\u00e7as nas condi\u00e7\u00f5es de mercado e nos rumos estrat\u00e9gicos da empresa postergaram o processo.<\/p>\n<h2>Hist\u00f3rico da Pague Menos<\/h2>\n<p>Fundada em 1981, no Cear\u00e1, a companhia foi precursora em uma s\u00e9rie de inova\u00e7\u00f5es no segmento. Em 1985, realizou um programa de doa\u00e7\u00e3o de cadeira de rodas e de ambul\u00e2ncias que ficou famoso.<\/p>\n<p>Em 1989, passou a receber o pagamento de contas &#8212; como \u00e1gua, energia e condom\u00ednio &#8211;, algo que n\u00e3o acontecia em outras redes de farm\u00e1cias. Em 1998, criou seu pr\u00f3prio cart\u00e3o de cr\u00e9dito, aceito em todo o Pa\u00eds. Anos depois, em 2006, por meio de uma parceria com o governo federal, criou a Farm\u00e1cia Popular, com foco no p\u00fablico mais vulner\u00e1vel.<\/p>\n<p><a href=\"https:\/\/www.suno.com.br\/noticias\/nyse-listagem-direta-em-ipo-sec\/\">Saiba mais: Nyse apresenta proposta de listagem direta em IPOs, para SEC<\/a><\/p>\n<p>Atualmente, a <strong>Pague Menos<\/strong> possui mais de mil lojas em todo o Brasil. Segundo informa\u00e7\u00f5es da empresa, a <a href=\"https:\/\/www.suno.com.br\/artigos\/o-que-receita-bruta\/\">receita bruta<\/a> de 2019 foi de R$ 6,79 bilh\u00f5es. No entanto, registrou um preju\u00edzo de R$ 6,82 milh\u00f5es.<\/p>\n\n","protected":false},"excerpt":{"rendered":"<p>A rede de farm\u00e1cias Pague Menos apresentou seu pedido de oferta p\u00fablica inicial de a\u00e7\u00f5es (IPO), \u00e0 Comiss\u00e3o de Valores Mobili\u00e1rios (CVM), na noite da \u00faltima quinta-feira (25). De acordo com o comunicado da empresa, a decis\u00e3o foi tomada ap\u00f3s a aprova\u00e7\u00e3o da assembleia de acionistas. Pague Menos (PGMN3) Foto: Divulga\u00e7\u00e3o Segundo o jornal &#8220;Valor [&hellip;]<\/p>\n","protected":false},"author":24,"featured_media":70546,"comment_status":"closed","ping_status":"closed","sticky":false,"template":"","format":"standard","meta":[],"categories":[64],"tags":[1937,319,60051],"suno_strategy":[],"class_list":["post-70545","post","type-post","status-publish","format-standard","has-post-thumbnail","hentry","category-negocios","tag-bolsa-de-valores-de-sao-paulo-b3","tag-ipo-oferta-inicial-de-acoes","tag-pague-menos-pgmn3"],"yoast_head":"<!-- This site is optimized with the Yoast SEO plugin v24.4 - https:\/\/yoast.com\/wordpress\/plugins\/seo\/ -->\n<title>Pague Menos: rede de farm\u00e1cias protocola pedido de IPO<\/title>\n<meta name=\"description\" content=\"A farmac\u00eautica Pague Menos apresentou seu pedido de oferta p\u00fablica inicial de a\u00e7\u00f5es (IPO) \u00e0 CVM na \u00faltima quinta. Saiba mais.\" \/>\n<meta name=\"robots\" content=\"index, follow, max-snippet:-1, max-image-preview:large, max-video-preview:-1\" \/>\n<link rel=\"canonical\" href=\"https:\/\/www.suno.com.br\/noticias\/farmaceutica-pague-menos-protocola-pedido-ipo\/\" \/>\n<meta property=\"og:locale\" content=\"pt_BR\" \/>\n<meta property=\"og:type\" content=\"article\" \/>\n<meta property=\"og:title\" content=\"Pague Menos: rede de farm\u00e1cias protocola pedido de IPO\" \/>\n<meta property=\"og:description\" content=\"A farmac\u00eautica Pague Menos apresentou seu pedido de oferta p\u00fablica inicial de a\u00e7\u00f5es (IPO) \u00e0 CVM na \u00faltima quinta. Saiba mais.\" \/>\n<meta property=\"og:url\" content=\"https:\/\/www.suno.com.br\/noticias\/farmaceutica-pague-menos-protocola-pedido-ipo\/\" \/>\n<meta property=\"og:site_name\" content=\"Suno Not\u00edcias\" \/>\n<meta property=\"article:publisher\" content=\"https:\/\/facebook.com\/sunoresearch\" \/>\n<meta property=\"og:image\" content=\"https:\/\/files.sunoresearch.com.br\/n\/uploads\/2020\/06\/2be7c9bc-pague-menos.jpg\" \/>\n\t<meta property=\"og:image:width\" content=\"1200\" \/>\n\t<meta property=\"og:image:height\" content=\"800\" \/>\n\t<meta property=\"og:image:type\" content=\"image\/jpeg\" \/>\n<meta name=\"author\" content=\"Jader Lazarini\" \/>\n<meta name=\"twitter:card\" content=\"summary_large_image\" \/>\n<meta name=\"twitter:creator\" content=\"@sunoresearch\" \/>\n<meta name=\"twitter:site\" content=\"@sunoresearch\" \/>\n<meta name=\"twitter:label1\" content=\"Escrito por\" \/>\n\t<meta name=\"twitter:data1\" content=\"Jader Lazarini\" \/>\n\t<meta name=\"twitter:label2\" content=\"Est. tempo de leitura\" \/>\n\t<meta name=\"twitter:data2\" content=\"2 minutos\" \/>\n<script type=\"application\/ld+json\" class=\"yoast-schema-graph\">{\"@context\":\"https:\/\/schema.org\",\"@graph\":[{\"@type\":\"NewsArticle\",\"@id\":\"https:\/\/www.suno.com.br\/noticias\/farmaceutica-pague-menos-protocola-pedido-ipo\/#article\",\"isPartOf\":{\"@id\":\"https:\/\/www.suno.com.br\/noticias\/farmaceutica-pague-menos-protocola-pedido-ipo\/\"},\"author\":{\"name\":\"Jader Lazarini\",\"@id\":\"https:\/\/www.suno.com.br\/noticias\/#\/schema\/person\/918d79de1f0281f01599b93f9ea6e23f\"},\"headline\":\"Pague Menos: rede de farm\u00e1cias protocola pedido de IPO\",\"datePublished\":\"2020-06-26T12:24:53+00:00\",\"dateModified\":\"2020-06-26T21:07:08+00:00\",\"mainEntityOfPage\":{\"@id\":\"https:\/\/www.suno.com.br\/noticias\/farmaceutica-pague-menos-protocola-pedido-ipo\/\"},\"wordCount\":432,\"publisher\":{\"@id\":\"https:\/\/www.suno.com.br\/noticias\/#organization\"},\"image\":{\"@id\":\"https:\/\/www.suno.com.br\/noticias\/farmaceutica-pague-menos-protocola-pedido-ipo\/#primaryimage\"},\"thumbnailUrl\":\"https:\/\/files.sunoresearch.com.br\/n\/uploads\/2020\/06\/2be7c9bc-pague-menos-jpg.webp\",\"keywords\":[\"Bolsa de Valores de S\u00e3o Paulo (B3)\",\"IPO (Oferta Inicial de A\u00e7\u00f5es)\",\"Pague Menos (PGMN3)\"],\"articleSection\":[\"Neg\u00f3cios\"],\"inLanguage\":\"pt-BR\"},{\"@type\":\"WebPage\",\"@id\":\"https:\/\/www.suno.com.br\/noticias\/farmaceutica-pague-menos-protocola-pedido-ipo\/\",\"url\":\"https:\/\/www.suno.com.br\/noticias\/farmaceutica-pague-menos-protocola-pedido-ipo\/\",\"name\":\"Pague Menos: rede de farm\u00e1cias protocola pedido de IPO\",\"isPartOf\":{\"@id\":\"https:\/\/www.suno.com.br\/noticias\/#website\"},\"primaryImageOfPage\":{\"@id\":\"https:\/\/www.suno.com.br\/noticias\/farmaceutica-pague-menos-protocola-pedido-ipo\/#primaryimage\"},\"image\":{\"@id\":\"https:\/\/www.suno.com.br\/noticias\/farmaceutica-pague-menos-protocola-pedido-ipo\/#primaryimage\"},\"thumbnailUrl\":\"https:\/\/files.sunoresearch.com.br\/n\/uploads\/2020\/06\/2be7c9bc-pague-menos-jpg.webp\",\"datePublished\":\"2020-06-26T12:24:53+00:00\",\"dateModified\":\"2020-06-26T21:07:08+00:00\",\"description\":\"A farmac\u00eautica Pague Menos apresentou seu pedido de oferta p\u00fablica inicial de a\u00e7\u00f5es (IPO) \u00e0 CVM na \u00faltima quinta. Saiba mais.\",\"breadcrumb\":{\"@id\":\"https:\/\/www.suno.com.br\/noticias\/farmaceutica-pague-menos-protocola-pedido-ipo\/#breadcrumb\"},\"inLanguage\":\"pt-BR\",\"potentialAction\":[{\"@type\":\"ReadAction\",\"target\":[\"https:\/\/www.suno.com.br\/noticias\/farmaceutica-pague-menos-protocola-pedido-ipo\/\"]}]},{\"@type\":\"ImageObject\",\"inLanguage\":\"pt-BR\",\"@id\":\"https:\/\/www.suno.com.br\/noticias\/farmaceutica-pague-menos-protocola-pedido-ipo\/#primaryimage\",\"url\":\"https:\/\/files.sunoresearch.com.br\/n\/uploads\/2020\/06\/2be7c9bc-pague-menos-jpg.webp\",\"contentUrl\":\"https:\/\/files.sunoresearch.com.br\/n\/uploads\/2020\/06\/2be7c9bc-pague-menos-jpg.webp\",\"width\":1200,\"height\":800,\"caption\":\"Pague Menos (PGMN3) Foto: Divulga\u00e7\u00e3o\"},{\"@type\":\"BreadcrumbList\",\"@id\":\"https:\/\/www.suno.com.br\/noticias\/farmaceutica-pague-menos-protocola-pedido-ipo\/#breadcrumb\",\"itemListElement\":[{\"@type\":\"ListItem\",\"position\":1,\"name\":\"Not\u00edcias\",\"item\":\"https:\/\/www.suno.com.br\/noticias\/\"},{\"@type\":\"ListItem\",\"position\":2,\"name\":\"Neg\u00f3cios\",\"item\":\"https:\/\/www.suno.com.br\/noticias\/negocios\/\"},{\"@type\":\"ListItem\",\"position\":3,\"name\":\"Pague Menos: rede de farm\u00e1cias protocola pedido de IPO\"}]},{\"@type\":\"WebSite\",\"@id\":\"https:\/\/www.suno.com.br\/noticias\/#website\",\"url\":\"https:\/\/www.suno.com.br\/noticias\/\",\"name\":\"Suno Not\u00edcias\",\"description\":\"Seu portal de informa\u00e7\u00e3o sobre o mundo dos investimentos\",\"publisher\":{\"@id\":\"https:\/\/www.suno.com.br\/noticias\/#organization\"},\"potentialAction\":[{\"@type\":\"SearchAction\",\"target\":{\"@type\":\"EntryPoint\",\"urlTemplate\":\"https:\/\/www.suno.com.br\/noticias\/?s={search_term_string}\"},\"query-input\":{\"@type\":\"PropertyValueSpecification\",\"valueRequired\":true,\"valueName\":\"search_term_string\"}}],\"inLanguage\":\"pt-BR\"},{\"@type\":\"Organization\",\"@id\":\"https:\/\/www.suno.com.br\/noticias\/#organization\",\"name\":\"Suno Not\u00edcias\",\"url\":\"https:\/\/www.suno.com.br\/noticias\/\",\"logo\":{\"@type\":\"ImageObject\",\"inLanguage\":\"pt-BR\",\"@id\":\"https:\/\/www.suno.com.br\/noticias\/#\/schema\/logo\/image\/\",\"url\":\"https:\/\/files.sunoresearch.com.br\/n\/uploads\/2021\/09\/suno-logo.png\",\"contentUrl\":\"https:\/\/files.sunoresearch.com.br\/n\/uploads\/2021\/09\/suno-logo.png\",\"width\":180,\"height\":180,\"caption\":\"Suno Not\u00edcias\"},\"image\":{\"@id\":\"https:\/\/www.suno.com.br\/noticias\/#\/schema\/logo\/image\/\"},\"sameAs\":[\"https:\/\/facebook.com\/sunoresearch\",\"https:\/\/x.com\/sunoresearch\",\"https:\/\/www.instagram.com\/suno\",\"https:\/\/www.linkedin.com\/company\/suno-research\/\",\"https:\/\/www.youtube.com\/c\/sunoresearch\"]},{\"@type\":\"Person\",\"@id\":\"https:\/\/www.suno.com.br\/noticias\/#\/schema\/person\/918d79de1f0281f01599b93f9ea6e23f\",\"name\":\"Jader Lazarini\",\"image\":{\"@type\":\"ImageObject\",\"inLanguage\":\"pt-BR\",\"@id\":\"https:\/\/www.suno.com.br\/noticias\/#\/schema\/person\/image\/\",\"url\":\"https:\/\/secure.gravatar.com\/avatar\/3c1ad8caa51589841baeb923fcddea97?s=96&r=g\",\"contentUrl\":\"https:\/\/secure.gravatar.com\/avatar\/3c1ad8caa51589841baeb923fcddea97?s=96&r=g\",\"caption\":\"Jader Lazarini\"},\"description\":\"Jader Lazarini escreve sobre investimentos, finan\u00e7as, economia e neg\u00f3cios. \u00c9 bacharel em Rela\u00e7\u00f5es Internacionais e analista CNPI (2619).\",\"url\":\"https:\/\/www.suno.com.br\/noticias\/author\/jader-lazarini\/\"}]}<\/script>\n<!-- \/ Yoast SEO plugin. -->","yoast_head_json":{"title":"Pague Menos: rede de farm\u00e1cias protocola pedido de IPO","description":"A farmac\u00eautica Pague Menos apresentou seu pedido de oferta p\u00fablica inicial de a\u00e7\u00f5es (IPO) \u00e0 CVM na \u00faltima quinta. Saiba mais.","robots":{"index":"index","follow":"follow","max-snippet":"max-snippet:-1","max-image-preview":"max-image-preview:large","max-video-preview":"max-video-preview:-1"},"canonical":"https:\/\/www.suno.com.br\/noticias\/farmaceutica-pague-menos-protocola-pedido-ipo\/","og_locale":"pt_BR","og_type":"article","og_title":"Pague Menos: rede de farm\u00e1cias protocola pedido de IPO","og_description":"A farmac\u00eautica Pague Menos apresentou seu pedido de oferta p\u00fablica inicial de a\u00e7\u00f5es (IPO) \u00e0 CVM na \u00faltima quinta. Saiba mais.","og_url":"https:\/\/www.suno.com.br\/noticias\/farmaceutica-pague-menos-protocola-pedido-ipo\/","og_site_name":"Suno Not\u00edcias","article_publisher":"https:\/\/facebook.com\/sunoresearch","og_image":[{"width":1200,"height":800,"url":"https:\/\/files.sunoresearch.com.br\/n\/uploads\/2020\/06\/2be7c9bc-pague-menos.jpg","type":"image\/jpeg"}],"author":"Jader Lazarini","twitter_card":"summary_large_image","twitter_creator":"@sunoresearch","twitter_site":"@sunoresearch","twitter_misc":{"Escrito por":"Jader Lazarini","Est. tempo de leitura":"2 minutos"},"schema":{"@context":"https:\/\/schema.org","@graph":[{"@type":"NewsArticle","@id":"https:\/\/www.suno.com.br\/noticias\/farmaceutica-pague-menos-protocola-pedido-ipo\/#article","isPartOf":{"@id":"https:\/\/www.suno.com.br\/noticias\/farmaceutica-pague-menos-protocola-pedido-ipo\/"},"author":{"name":"Jader Lazarini","@id":"https:\/\/www.suno.com.br\/noticias\/#\/schema\/person\/918d79de1f0281f01599b93f9ea6e23f"},"headline":"Pague Menos: rede de farm\u00e1cias protocola pedido de IPO","datePublished":"2020-06-26T12:24:53+00:00","dateModified":"2020-06-26T21:07:08+00:00","mainEntityOfPage":{"@id":"https:\/\/www.suno.com.br\/noticias\/farmaceutica-pague-menos-protocola-pedido-ipo\/"},"wordCount":432,"publisher":{"@id":"https:\/\/www.suno.com.br\/noticias\/#organization"},"image":{"@id":"https:\/\/www.suno.com.br\/noticias\/farmaceutica-pague-menos-protocola-pedido-ipo\/#primaryimage"},"thumbnailUrl":"https:\/\/files.sunoresearch.com.br\/n\/uploads\/2020\/06\/2be7c9bc-pague-menos-jpg.webp","keywords":["Bolsa de Valores de S\u00e3o Paulo (B3)","IPO (Oferta Inicial de A\u00e7\u00f5es)","Pague Menos (PGMN3)"],"articleSection":["Neg\u00f3cios"],"inLanguage":"pt-BR"},{"@type":"WebPage","@id":"https:\/\/www.suno.com.br\/noticias\/farmaceutica-pague-menos-protocola-pedido-ipo\/","url":"https:\/\/www.suno.com.br\/noticias\/farmaceutica-pague-menos-protocola-pedido-ipo\/","name":"Pague Menos: rede de farm\u00e1cias protocola pedido de IPO","isPartOf":{"@id":"https:\/\/www.suno.com.br\/noticias\/#website"},"primaryImageOfPage":{"@id":"https:\/\/www.suno.com.br\/noticias\/farmaceutica-pague-menos-protocola-pedido-ipo\/#primaryimage"},"image":{"@id":"https:\/\/www.suno.com.br\/noticias\/farmaceutica-pague-menos-protocola-pedido-ipo\/#primaryimage"},"thumbnailUrl":"https:\/\/files.sunoresearch.com.br\/n\/uploads\/2020\/06\/2be7c9bc-pague-menos-jpg.webp","datePublished":"2020-06-26T12:24:53+00:00","dateModified":"2020-06-26T21:07:08+00:00","description":"A farmac\u00eautica Pague Menos apresentou seu pedido de oferta p\u00fablica inicial de a\u00e7\u00f5es (IPO) \u00e0 CVM na \u00faltima quinta. Saiba mais.","breadcrumb":{"@id":"https:\/\/www.suno.com.br\/noticias\/farmaceutica-pague-menos-protocola-pedido-ipo\/#breadcrumb"},"inLanguage":"pt-BR","potentialAction":[{"@type":"ReadAction","target":["https:\/\/www.suno.com.br\/noticias\/farmaceutica-pague-menos-protocola-pedido-ipo\/"]}]},{"@type":"ImageObject","inLanguage":"pt-BR","@id":"https:\/\/www.suno.com.br\/noticias\/farmaceutica-pague-menos-protocola-pedido-ipo\/#primaryimage","url":"https:\/\/files.sunoresearch.com.br\/n\/uploads\/2020\/06\/2be7c9bc-pague-menos-jpg.webp","contentUrl":"https:\/\/files.sunoresearch.com.br\/n\/uploads\/2020\/06\/2be7c9bc-pague-menos-jpg.webp","width":1200,"height":800,"caption":"Pague Menos (PGMN3) Foto: Divulga\u00e7\u00e3o"},{"@type":"BreadcrumbList","@id":"https:\/\/www.suno.com.br\/noticias\/farmaceutica-pague-menos-protocola-pedido-ipo\/#breadcrumb","itemListElement":[{"@type":"ListItem","position":1,"name":"Not\u00edcias","item":"https:\/\/www.suno.com.br\/noticias\/"},{"@type":"ListItem","position":2,"name":"Neg\u00f3cios","item":"https:\/\/www.suno.com.br\/noticias\/negocios\/"},{"@type":"ListItem","position":3,"name":"Pague Menos: rede de farm\u00e1cias protocola pedido de IPO"}]},{"@type":"WebSite","@id":"https:\/\/www.suno.com.br\/noticias\/#website","url":"https:\/\/www.suno.com.br\/noticias\/","name":"Suno Not\u00edcias","description":"Seu portal de informa\u00e7\u00e3o sobre o mundo dos investimentos","publisher":{"@id":"https:\/\/www.suno.com.br\/noticias\/#organization"},"potentialAction":[{"@type":"SearchAction","target":{"@type":"EntryPoint","urlTemplate":"https:\/\/www.suno.com.br\/noticias\/?s={search_term_string}"},"query-input":{"@type":"PropertyValueSpecification","valueRequired":true,"valueName":"search_term_string"}}],"inLanguage":"pt-BR"},{"@type":"Organization","@id":"https:\/\/www.suno.com.br\/noticias\/#organization","name":"Suno Not\u00edcias","url":"https:\/\/www.suno.com.br\/noticias\/","logo":{"@type":"ImageObject","inLanguage":"pt-BR","@id":"https:\/\/www.suno.com.br\/noticias\/#\/schema\/logo\/image\/","url":"https:\/\/files.sunoresearch.com.br\/n\/uploads\/2021\/09\/suno-logo.png","contentUrl":"https:\/\/files.sunoresearch.com.br\/n\/uploads\/2021\/09\/suno-logo.png","width":180,"height":180,"caption":"Suno Not\u00edcias"},"image":{"@id":"https:\/\/www.suno.com.br\/noticias\/#\/schema\/logo\/image\/"},"sameAs":["https:\/\/facebook.com\/sunoresearch","https:\/\/x.com\/sunoresearch","https:\/\/www.instagram.com\/suno","https:\/\/www.linkedin.com\/company\/suno-research\/","https:\/\/www.youtube.com\/c\/sunoresearch"]},{"@type":"Person","@id":"https:\/\/www.suno.com.br\/noticias\/#\/schema\/person\/918d79de1f0281f01599b93f9ea6e23f","name":"Jader Lazarini","image":{"@type":"ImageObject","inLanguage":"pt-BR","@id":"https:\/\/www.suno.com.br\/noticias\/#\/schema\/person\/image\/","url":"https:\/\/secure.gravatar.com\/avatar\/3c1ad8caa51589841baeb923fcddea97?s=96&r=g","contentUrl":"https:\/\/secure.gravatar.com\/avatar\/3c1ad8caa51589841baeb923fcddea97?s=96&r=g","caption":"Jader Lazarini"},"description":"Jader Lazarini escreve sobre investimentos, finan\u00e7as, economia e neg\u00f3cios. \u00c9 bacharel em Rela\u00e7\u00f5es Internacionais e analista CNPI (2619).","url":"https:\/\/www.suno.com.br\/noticias\/author\/jader-lazarini\/"}]}},"default_loop_html":"<div class=\"cardsPage__listCard__boxs\"><div class=\"cardsPage__listCard__boxs__img\"><a href=\"https:\/\/www.suno.com.br\/noticias\/farmaceutica-pague-menos-protocola-pedido-ipo\/\"><img class=\"mask\" src=\"https:\/\/www.suno.com.br\/noticias\/wp-content\/themes\/suno\/resources\/images\/spotlight\/spotlight1img\/bg-mask.png\" alt=\"Image Mask\"\/><img src=\"https:\/\/files.sunoresearch.com.br\/n\/uploads\/2020\/06\/2be7c9bc-pague-menos-400x200.webp\" alt=\"Pague Menos: rede de farm\u00e1cias protocola pedido de IPO\"\/><\/a><span class=\"spotlightCategory\"><a href=\"https:\/\/www.suno.com.br\/noticias\/negocios\/\">Neg\u00f3cios<\/a><\/span><\/div><div class=\"cardsPage__listCard__boxs__content\"><a href=\"https:\/\/www.suno.com.br\/noticias\/farmaceutica-pague-menos-protocola-pedido-ipo\/\"><h2 class=\"content__title\">Pague Menos: rede de farm\u00e1cias protocola pedido de IPO<\/h2><\/a><div class=\"newsContent__article__meta\"><div class=\"newsContent__article__meta__authorBox\"><a href=\"https:\/\/www.suno.com.br\/noticias\/author\/jader-lazarini\/\" class=\"authorBox__avatar noMobi\"><img src=\"https:\/\/files.sunoresearch.com.br\/n\/uploads\/2021\/01\/178e6598-foto-perfil-2-150x150.jpg\" alt=\"Jader Lazarini\"><\/a><div class=\"authorBox__name\"><span>por\n\t\t\t<a href=\"https:\/\/www.suno.com.br\/noticias\/author\/jader-lazarini\/\"><span itemprop=\"author\">Jader Lazarini<\/span><\/a><\/span><time datetime=\"2020-06-26T09:24:53-03:00\" itemprop=\"datePublished\">26\/06\/2020 09:24<\/time><\/div><\/div><\/div><\/div><\/div>","single_layout":"posts","amp_enabled":true,"_links":{"self":[{"href":"https:\/\/www.suno.com.br\/noticias\/wp-json\/wp\/v2\/posts\/70545"}],"collection":[{"href":"https:\/\/www.suno.com.br\/noticias\/wp-json\/wp\/v2\/posts"}],"about":[{"href":"https:\/\/www.suno.com.br\/noticias\/wp-json\/wp\/v2\/types\/post"}],"author":[{"embeddable":true,"href":"https:\/\/www.suno.com.br\/noticias\/wp-json\/wp\/v2\/users\/24"}],"replies":[{"embeddable":true,"href":"https:\/\/www.suno.com.br\/noticias\/wp-json\/wp\/v2\/comments?post=70545"}],"version-history":[{"count":0,"href":"https:\/\/www.suno.com.br\/noticias\/wp-json\/wp\/v2\/posts\/70545\/revisions"}],"wp:featuredmedia":[{"embeddable":true,"href":"https:\/\/www.suno.com.br\/noticias\/wp-json\/wp\/v2\/media\/70546"}],"wp:attachment":[{"href":"https:\/\/www.suno.com.br\/noticias\/wp-json\/wp\/v2\/media?parent=70545"}],"wp:term":[{"taxonomy":"category","embeddable":true,"href":"https:\/\/www.suno.com.br\/noticias\/wp-json\/wp\/v2\/categories?post=70545"},{"taxonomy":"post_tag","embeddable":true,"href":"https:\/\/www.suno.com.br\/noticias\/wp-json\/wp\/v2\/tags?post=70545"},{"taxonomy":"suno_strategy","embeddable":true,"href":"https:\/\/www.suno.com.br\/noticias\/wp-json\/wp\/v2\/suno_strategy?post=70545"}],"curies":[{"name":"wp","href":"https:\/\/api.w.org\/{rel}","templated":true}]}}