{"id":70476,"date":"2020-06-25T19:46:01","date_gmt":"2020-06-25T22:46:01","guid":{"rendered":"https:\/\/www.suno.com.br\/noticias\/?p=70476"},"modified":"2020-06-25T19:46:01","modified_gmt":"2020-06-25T22:46:01","slug":"volvo-waymo-parceria-carros-autonomos","status":"publish","type":"post","link":"https:\/\/www.suno.com.br\/noticias\/volvo-waymo-parceria-carros-autonomos\/","title":{"rendered":"Volvo e Waymo fecham parceria para produzir ve\u00edculos aut\u00f4nomos"},"content":{"rendered":"<p>A <strong>Volvo<\/strong> Cars anunciou nesta quinta-feira (25) que firmou uma parceria global exclusiva com empresas de tecnologia Waymo para desenvolver ve\u00edculos el\u00e9tricos e aut\u00f4nomos.<\/p>\t<div class=\"wrapper-featured-image\">\n\t\t<figure class=\"spotlightImg\">\n\n\t\t\t<picture>\n\t\t\t\t<source media=\"(max-width: 768px)\" srcset=\"https:\/\/files.sunoresearch.com.br\/n\/uploads\/2017\/09\/9ee398dd-2018-volvo-xc40-front-three-quarter-in-motion-400x200.webp\">\n\t\t\t\t<img loading=\"lazy\" decoding=\"async\" class=\"newsContent__article__imgCapa lazyloadDisabled newsContent__article__imgCapa--noCaption\" src=\"https:\/\/files.sunoresearch.com.br\/n\/uploads\/2017\/09\/9ee398dd-2018-volvo-xc40-front-three-quarter-in-motion-800x450.webp\" width=\"800\" height=\"450\" alt=\"Volvo e Waymo fecham parceria para produzir ve\u00edculos aut\u00f4nomos\" fetchpriority=high \/>\n\t\t\t<\/picture>\n\n\t\t\t<figcaption class=\"wp-caption-text wp-caption-text--hide\">Volvo e Waymo fecham parceria para produzir ve\u00edculos aut\u00f4nomos<\/figcaption>\n\t\t<\/figure>\n\t<\/div>\n\n\n\n<p>O acordo prev\u00ea a constru\u00e7\u00e3o de autom\u00f3veis aut\u00f4nomos capazes de operar com seguran\u00e7a e sem a interven\u00e7\u00e3o rotineira de um motorista. Nesse sentido, a Waymo, unidade da empresas da Alphabet, empresa m\u00e3e do Google; ir\u00e1 se concentrar no desenvolvimento da intelig\u00eancia artificial do sistema, enquanto a Volvo dever\u00e1 projetar e fabricar os ve\u00edculos.<\/p>\n<p>A montadora, controlada pela chinesa Zhejiang Geely Holding, possui um contrato separado para a produ\u00e7\u00e3o de autom\u00f3veis com o Uber Technologies, que ser\u00e3o equipados para servir como ve\u00edculos aut\u00f4nomos. A Volvo ir\u00e1 informou que ir\u00e1 continuar a parceria com a\u00a0companhia de transporte compartilhado<\/p>\n<p><a href=\"https:\/\/lp.suno.com.br\/suno-one\/\">Suno One: acesse gratuitamente eBooks, Minicursos, Artigos e Video Aulas sobre investimentos com um \u00fanico cadastro. Clique para saber mais!<\/a><\/p>\n<p>Da mesma forma, a Waymo comunicou que tamb\u00e9m ir\u00e1 continuar trabalhando em conjunto com as marcas Fiat Chrysler (FCA), Jaguar Land Rover e com a alian\u00e7a Renault-Nissan-Mitsubishi.<\/p>\n<p>A parceria entre a Volvo e a Waymo marca um retorno da empresa de tecnologia ao seu objetivo inicial de repensar a apar\u00eancia de ve\u00edculos aut\u00f4nomos. Desde que aposentou seu carro aut\u00f4nomo Firefly, no ano de 2017, a companhia adaptou seus softwares e sensores para autom\u00f3veis convencionais, como as minivans.<\/p>\n<p>As duas empresas n\u00e3o informaram quando ou onde esperam realizar o lan\u00e7amento do novo ve\u00edculo de passeio fruto da parceria.<\/p>\n<h2>Volvo pretende cortar 4.100 empregos por coronav\u00edrus<\/h2>\n<p>A Volvo comunicou no \u00faltimo dia 16 que pretende cortar cerca de 4.100 empregos no setor administrativo ao redor do mundo por causa dos efeitos negativos que a pandemia de coronav\u00edrus.<\/p>\n<p><a href=\"https:\/\/www.suno.com.br\/noticias\/volvo-cortar-4-100-trabalhos-coronavirus\/\">Saiba mais: Volvo pretende cortar 4.100 empregos devido aos efeitos do coronav\u00edrus<\/a><\/p>\n<p>A companhia do setor automotivo n\u00e3o informou especificamente onde ser\u00e3o feitos os cortes, no entanto a Volvo destacou que do total, 1.250 desligamentos ocorrer\u00e3o na Su\u00e9cia, enquanto 15% da redu\u00e7\u00e3o afetar\u00e1 consultores. \u00a0As demiss\u00f5es devem ocorrer no segundo semestre desse ano.<\/p>\n<p>Para o diretor-geral da <strong>Volvo,<\/strong> Martin Lundstedt, a crise, assim como as a\u00e7\u00f5es adotadas em n\u00edvel mundial para cont\u00ea-la geraram uma &#8220;situa\u00e7\u00e3o no mercado com s\u00e9rias repercuss\u00f5es&#8221; no setor em que a companhia atua.<\/p>\n\n","protected":false},"excerpt":{"rendered":"<p>A Volvo Cars anunciou nesta quinta-feira (25) que firmou uma parceria global exclusiva com empresas de tecnologia Waymo para desenvolver ve\u00edculos el\u00e9tricos e aut\u00f4nomos. Volvo e Waymo fecham parceria para produzir ve\u00edculos aut\u00f4nomos O acordo prev\u00ea a constru\u00e7\u00e3o de autom\u00f3veis aut\u00f4nomos capazes de operar com seguran\u00e7a e sem a interven\u00e7\u00e3o rotineira de um motorista. Nesse [&hellip;]<\/p>\n","protected":false},"author":35,"featured_media":1010,"comment_status":"closed","ping_status":"closed","sticky":false,"template":"","format":"standard","meta":[],"categories":[64],"tags":[58204,1147],"suno_strategy":[],"class_list":["post-70476","post","type-post","status-publish","format-standard","has-post-thumbnail","hentry","category-negocios","tag-carros-autonomos","tag-volvo"],"yoast_head":"<!-- This site is optimized with the Yoast SEO plugin v24.4 - https:\/\/yoast.com\/wordpress\/plugins\/seo\/ -->\n<title>Volvo e Waymo fecham parceria para produzir ve\u00edculos aut\u00f4nomos<\/title>\n<meta name=\"description\" content=\"A Volvo firmou uma parceria global exclusiva com a Waymo para desenvolver ve\u00edculos el\u00e9tricos e aut\u00f4nomos. Clique para sabe rmais\" \/>\n<meta name=\"robots\" content=\"index, follow, max-snippet:-1, max-image-preview:large, max-video-preview:-1\" \/>\n<link rel=\"canonical\" href=\"https:\/\/www.suno.com.br\/noticias\/volvo-waymo-parceria-carros-autonomos\/\" \/>\n<meta property=\"og:locale\" content=\"pt_BR\" \/>\n<meta property=\"og:type\" content=\"article\" \/>\n<meta property=\"og:title\" content=\"Volvo e Waymo fecham parceria para produzir ve\u00edculos aut\u00f4nomos\" \/>\n<meta property=\"og:description\" content=\"A Volvo firmou uma parceria global exclusiva com a Waymo para desenvolver ve\u00edculos el\u00e9tricos e aut\u00f4nomos. Clique para sabe rmais\" \/>\n<meta property=\"og:url\" content=\"https:\/\/www.suno.com.br\/noticias\/volvo-waymo-parceria-carros-autonomos\/\" \/>\n<meta property=\"og:site_name\" content=\"Suno Not\u00edcias\" \/>\n<meta property=\"article:publisher\" content=\"https:\/\/facebook.com\/sunoresearch\" \/>\n<meta property=\"og:image\" content=\"https:\/\/files.sunoresearch.com.br\/n\/uploads\/2017\/09\/9ee398dd-2018-volvo-xc40-front-three-quarter-in-motion.jpg\" \/>\n\t<meta property=\"og:image:width\" content=\"2048\" \/>\n\t<meta property=\"og:image:height\" content=\"1360\" \/>\n\t<meta property=\"og:image:type\" content=\"image\/jpeg\" \/>\n<meta name=\"author\" content=\"Arthur Guimar\u00e3es\" \/>\n<meta name=\"twitter:card\" content=\"summary_large_image\" \/>\n<meta name=\"twitter:creator\" content=\"@sunoresearch\" \/>\n<meta name=\"twitter:site\" content=\"@sunoresearch\" \/>\n<meta name=\"twitter:label1\" content=\"Escrito por\" \/>\n\t<meta name=\"twitter:data1\" content=\"Arthur Guimar\u00e3es\" \/>\n\t<meta name=\"twitter:label2\" content=\"Est. tempo de leitura\" \/>\n\t<meta name=\"twitter:data2\" content=\"2 minutos\" \/>\n<script type=\"application\/ld+json\" class=\"yoast-schema-graph\">{\"@context\":\"https:\/\/schema.org\",\"@graph\":[{\"@type\":\"NewsArticle\",\"@id\":\"https:\/\/www.suno.com.br\/noticias\/volvo-waymo-parceria-carros-autonomos\/#article\",\"isPartOf\":{\"@id\":\"https:\/\/www.suno.com.br\/noticias\/volvo-waymo-parceria-carros-autonomos\/\"},\"author\":{\"name\":\"Arthur Guimar\u00e3es\",\"@id\":\"https:\/\/www.suno.com.br\/noticias\/#\/schema\/person\/053a750a709a263919a20f976caae91c\"},\"headline\":\"Volvo e Waymo fecham parceria para produzir ve\u00edculos aut\u00f4nomos\",\"datePublished\":\"2020-06-25T22:46:01+00:00\",\"mainEntityOfPage\":{\"@id\":\"https:\/\/www.suno.com.br\/noticias\/volvo-waymo-parceria-carros-autonomos\/\"},\"wordCount\":415,\"publisher\":{\"@id\":\"https:\/\/www.suno.com.br\/noticias\/#organization\"},\"image\":{\"@id\":\"https:\/\/www.suno.com.br\/noticias\/volvo-waymo-parceria-carros-autonomos\/#primaryimage\"},\"thumbnailUrl\":\"https:\/\/files.sunoresearch.com.br\/n\/uploads\/2017\/09\/9ee398dd-2018-volvo-xc40-front-three-quarter-in-motion-jpg.webp\",\"keywords\":[\"carros aut\u00f4nomos\",\"Volvo\"],\"articleSection\":[\"Neg\u00f3cios\"],\"inLanguage\":\"pt-BR\"},{\"@type\":\"WebPage\",\"@id\":\"https:\/\/www.suno.com.br\/noticias\/volvo-waymo-parceria-carros-autonomos\/\",\"url\":\"https:\/\/www.suno.com.br\/noticias\/volvo-waymo-parceria-carros-autonomos\/\",\"name\":\"Volvo e Waymo fecham parceria para produzir ve\u00edculos aut\u00f4nomos\",\"isPartOf\":{\"@id\":\"https:\/\/www.suno.com.br\/noticias\/#website\"},\"primaryImageOfPage\":{\"@id\":\"https:\/\/www.suno.com.br\/noticias\/volvo-waymo-parceria-carros-autonomos\/#primaryimage\"},\"image\":{\"@id\":\"https:\/\/www.suno.com.br\/noticias\/volvo-waymo-parceria-carros-autonomos\/#primaryimage\"},\"thumbnailUrl\":\"https:\/\/files.sunoresearch.com.br\/n\/uploads\/2017\/09\/9ee398dd-2018-volvo-xc40-front-three-quarter-in-motion-jpg.webp\",\"datePublished\":\"2020-06-25T22:46:01+00:00\",\"description\":\"A Volvo firmou uma parceria global exclusiva com a Waymo para desenvolver ve\u00edculos el\u00e9tricos e aut\u00f4nomos. Clique para sabe rmais\",\"breadcrumb\":{\"@id\":\"https:\/\/www.suno.com.br\/noticias\/volvo-waymo-parceria-carros-autonomos\/#breadcrumb\"},\"inLanguage\":\"pt-BR\",\"potentialAction\":[{\"@type\":\"ReadAction\",\"target\":[\"https:\/\/www.suno.com.br\/noticias\/volvo-waymo-parceria-carros-autonomos\/\"]}]},{\"@type\":\"ImageObject\",\"inLanguage\":\"pt-BR\",\"@id\":\"https:\/\/www.suno.com.br\/noticias\/volvo-waymo-parceria-carros-autonomos\/#primaryimage\",\"url\":\"https:\/\/files.sunoresearch.com.br\/n\/uploads\/2017\/09\/9ee398dd-2018-volvo-xc40-front-three-quarter-in-motion-jpg.webp\",\"contentUrl\":\"https:\/\/files.sunoresearch.com.br\/n\/uploads\/2017\/09\/9ee398dd-2018-volvo-xc40-front-three-quarter-in-motion-jpg.webp\",\"width\":2048,\"height\":1360,\"caption\":\"Volvo e Waymo fecham parceria para produzir ve\u00edculos aut\u00f4nomos\"},{\"@type\":\"BreadcrumbList\",\"@id\":\"https:\/\/www.suno.com.br\/noticias\/volvo-waymo-parceria-carros-autonomos\/#breadcrumb\",\"itemListElement\":[{\"@type\":\"ListItem\",\"position\":1,\"name\":\"Not\u00edcias\",\"item\":\"https:\/\/www.suno.com.br\/noticias\/\"},{\"@type\":\"ListItem\",\"position\":2,\"name\":\"Neg\u00f3cios\",\"item\":\"https:\/\/www.suno.com.br\/noticias\/negocios\/\"},{\"@type\":\"ListItem\",\"position\":3,\"name\":\"Volvo e Waymo fecham parceria para produzir ve\u00edculos aut\u00f4nomos\"}]},{\"@type\":\"WebSite\",\"@id\":\"https:\/\/www.suno.com.br\/noticias\/#website\",\"url\":\"https:\/\/www.suno.com.br\/noticias\/\",\"name\":\"Suno Not\u00edcias\",\"description\":\"Seu portal de informa\u00e7\u00e3o sobre o mundo dos investimentos\",\"publisher\":{\"@id\":\"https:\/\/www.suno.com.br\/noticias\/#organization\"},\"potentialAction\":[{\"@type\":\"SearchAction\",\"target\":{\"@type\":\"EntryPoint\",\"urlTemplate\":\"https:\/\/www.suno.com.br\/noticias\/?s={search_term_string}\"},\"query-input\":{\"@type\":\"PropertyValueSpecification\",\"valueRequired\":true,\"valueName\":\"search_term_string\"}}],\"inLanguage\":\"pt-BR\"},{\"@type\":\"Organization\",\"@id\":\"https:\/\/www.suno.com.br\/noticias\/#organization\",\"name\":\"Suno Not\u00edcias\",\"url\":\"https:\/\/www.suno.com.br\/noticias\/\",\"logo\":{\"@type\":\"ImageObject\",\"inLanguage\":\"pt-BR\",\"@id\":\"https:\/\/www.suno.com.br\/noticias\/#\/schema\/logo\/image\/\",\"url\":\"https:\/\/files.sunoresearch.com.br\/n\/uploads\/2021\/09\/suno-logo.png\",\"contentUrl\":\"https:\/\/files.sunoresearch.com.br\/n\/uploads\/2021\/09\/suno-logo.png\",\"width\":180,\"height\":180,\"caption\":\"Suno Not\u00edcias\"},\"image\":{\"@id\":\"https:\/\/www.suno.com.br\/noticias\/#\/schema\/logo\/image\/\"},\"sameAs\":[\"https:\/\/facebook.com\/sunoresearch\",\"https:\/\/x.com\/sunoresearch\",\"https:\/\/www.instagram.com\/suno\",\"https:\/\/www.linkedin.com\/company\/suno-research\/\",\"https:\/\/www.youtube.com\/c\/sunoresearch\"]},{\"@type\":\"Person\",\"@id\":\"https:\/\/www.suno.com.br\/noticias\/#\/schema\/person\/053a750a709a263919a20f976caae91c\",\"name\":\"Arthur Guimar\u00e3es\",\"image\":{\"@type\":\"ImageObject\",\"inLanguage\":\"pt-BR\",\"@id\":\"https:\/\/www.suno.com.br\/noticias\/#\/schema\/person\/image\/\",\"url\":\"https:\/\/secure.gravatar.com\/avatar\/1affd86a11209ae09eb6dd3bcad3e96c?s=96&r=g\",\"contentUrl\":\"https:\/\/secure.gravatar.com\/avatar\/1affd86a11209ae09eb6dd3bcad3e96c?s=96&r=g\",\"caption\":\"Arthur Guimar\u00e3es\"},\"description\":\"Arthur Guimar\u00e3es escreve sobre pol\u00edtica, economia e neg\u00f3cios para o portal de not\u00edcias da Suno Research. Atualmente, \u00e9 estudante de jornalismo pela Faculdade C\u00e1sper L\u00edbero.\",\"url\":\"https:\/\/www.suno.com.br\/noticias\/author\/arthur-guimaraes\/\"}]}<\/script>\n<!-- \/ Yoast SEO plugin. -->","yoast_head_json":{"title":"Volvo e Waymo fecham parceria para produzir ve\u00edculos aut\u00f4nomos","description":"A Volvo firmou uma parceria global exclusiva com a Waymo para desenvolver ve\u00edculos el\u00e9tricos e aut\u00f4nomos. Clique para sabe rmais","robots":{"index":"index","follow":"follow","max-snippet":"max-snippet:-1","max-image-preview":"max-image-preview:large","max-video-preview":"max-video-preview:-1"},"canonical":"https:\/\/www.suno.com.br\/noticias\/volvo-waymo-parceria-carros-autonomos\/","og_locale":"pt_BR","og_type":"article","og_title":"Volvo e Waymo fecham parceria para produzir ve\u00edculos aut\u00f4nomos","og_description":"A Volvo firmou uma parceria global exclusiva com a Waymo para desenvolver ve\u00edculos el\u00e9tricos e aut\u00f4nomos. Clique para sabe rmais","og_url":"https:\/\/www.suno.com.br\/noticias\/volvo-waymo-parceria-carros-autonomos\/","og_site_name":"Suno Not\u00edcias","article_publisher":"https:\/\/facebook.com\/sunoresearch","og_image":[{"width":2048,"height":1360,"url":"https:\/\/files.sunoresearch.com.br\/n\/uploads\/2017\/09\/9ee398dd-2018-volvo-xc40-front-three-quarter-in-motion.jpg","type":"image\/jpeg"}],"author":"Arthur Guimar\u00e3es","twitter_card":"summary_large_image","twitter_creator":"@sunoresearch","twitter_site":"@sunoresearch","twitter_misc":{"Escrito por":"Arthur Guimar\u00e3es","Est. tempo de leitura":"2 minutos"},"schema":{"@context":"https:\/\/schema.org","@graph":[{"@type":"NewsArticle","@id":"https:\/\/www.suno.com.br\/noticias\/volvo-waymo-parceria-carros-autonomos\/#article","isPartOf":{"@id":"https:\/\/www.suno.com.br\/noticias\/volvo-waymo-parceria-carros-autonomos\/"},"author":{"name":"Arthur Guimar\u00e3es","@id":"https:\/\/www.suno.com.br\/noticias\/#\/schema\/person\/053a750a709a263919a20f976caae91c"},"headline":"Volvo e Waymo fecham parceria para produzir ve\u00edculos aut\u00f4nomos","datePublished":"2020-06-25T22:46:01+00:00","mainEntityOfPage":{"@id":"https:\/\/www.suno.com.br\/noticias\/volvo-waymo-parceria-carros-autonomos\/"},"wordCount":415,"publisher":{"@id":"https:\/\/www.suno.com.br\/noticias\/#organization"},"image":{"@id":"https:\/\/www.suno.com.br\/noticias\/volvo-waymo-parceria-carros-autonomos\/#primaryimage"},"thumbnailUrl":"https:\/\/files.sunoresearch.com.br\/n\/uploads\/2017\/09\/9ee398dd-2018-volvo-xc40-front-three-quarter-in-motion-jpg.webp","keywords":["carros aut\u00f4nomos","Volvo"],"articleSection":["Neg\u00f3cios"],"inLanguage":"pt-BR"},{"@type":"WebPage","@id":"https:\/\/www.suno.com.br\/noticias\/volvo-waymo-parceria-carros-autonomos\/","url":"https:\/\/www.suno.com.br\/noticias\/volvo-waymo-parceria-carros-autonomos\/","name":"Volvo e Waymo fecham parceria para produzir ve\u00edculos aut\u00f4nomos","isPartOf":{"@id":"https:\/\/www.suno.com.br\/noticias\/#website"},"primaryImageOfPage":{"@id":"https:\/\/www.suno.com.br\/noticias\/volvo-waymo-parceria-carros-autonomos\/#primaryimage"},"image":{"@id":"https:\/\/www.suno.com.br\/noticias\/volvo-waymo-parceria-carros-autonomos\/#primaryimage"},"thumbnailUrl":"https:\/\/files.sunoresearch.com.br\/n\/uploads\/2017\/09\/9ee398dd-2018-volvo-xc40-front-three-quarter-in-motion-jpg.webp","datePublished":"2020-06-25T22:46:01+00:00","description":"A Volvo firmou uma parceria global exclusiva com a Waymo para desenvolver ve\u00edculos el\u00e9tricos e aut\u00f4nomos. Clique para sabe rmais","breadcrumb":{"@id":"https:\/\/www.suno.com.br\/noticias\/volvo-waymo-parceria-carros-autonomos\/#breadcrumb"},"inLanguage":"pt-BR","potentialAction":[{"@type":"ReadAction","target":["https:\/\/www.suno.com.br\/noticias\/volvo-waymo-parceria-carros-autonomos\/"]}]},{"@type":"ImageObject","inLanguage":"pt-BR","@id":"https:\/\/www.suno.com.br\/noticias\/volvo-waymo-parceria-carros-autonomos\/#primaryimage","url":"https:\/\/files.sunoresearch.com.br\/n\/uploads\/2017\/09\/9ee398dd-2018-volvo-xc40-front-three-quarter-in-motion-jpg.webp","contentUrl":"https:\/\/files.sunoresearch.com.br\/n\/uploads\/2017\/09\/9ee398dd-2018-volvo-xc40-front-three-quarter-in-motion-jpg.webp","width":2048,"height":1360,"caption":"Volvo e Waymo fecham parceria para produzir ve\u00edculos aut\u00f4nomos"},{"@type":"BreadcrumbList","@id":"https:\/\/www.suno.com.br\/noticias\/volvo-waymo-parceria-carros-autonomos\/#breadcrumb","itemListElement":[{"@type":"ListItem","position":1,"name":"Not\u00edcias","item":"https:\/\/www.suno.com.br\/noticias\/"},{"@type":"ListItem","position":2,"name":"Neg\u00f3cios","item":"https:\/\/www.suno.com.br\/noticias\/negocios\/"},{"@type":"ListItem","position":3,"name":"Volvo e Waymo fecham parceria para produzir ve\u00edculos aut\u00f4nomos"}]},{"@type":"WebSite","@id":"https:\/\/www.suno.com.br\/noticias\/#website","url":"https:\/\/www.suno.com.br\/noticias\/","name":"Suno Not\u00edcias","description":"Seu portal de informa\u00e7\u00e3o sobre o mundo dos investimentos","publisher":{"@id":"https:\/\/www.suno.com.br\/noticias\/#organization"},"potentialAction":[{"@type":"SearchAction","target":{"@type":"EntryPoint","urlTemplate":"https:\/\/www.suno.com.br\/noticias\/?s={search_term_string}"},"query-input":{"@type":"PropertyValueSpecification","valueRequired":true,"valueName":"search_term_string"}}],"inLanguage":"pt-BR"},{"@type":"Organization","@id":"https:\/\/www.suno.com.br\/noticias\/#organization","name":"Suno Not\u00edcias","url":"https:\/\/www.suno.com.br\/noticias\/","logo":{"@type":"ImageObject","inLanguage":"pt-BR","@id":"https:\/\/www.suno.com.br\/noticias\/#\/schema\/logo\/image\/","url":"https:\/\/files.sunoresearch.com.br\/n\/uploads\/2021\/09\/suno-logo.png","contentUrl":"https:\/\/files.sunoresearch.com.br\/n\/uploads\/2021\/09\/suno-logo.png","width":180,"height":180,"caption":"Suno Not\u00edcias"},"image":{"@id":"https:\/\/www.suno.com.br\/noticias\/#\/schema\/logo\/image\/"},"sameAs":["https:\/\/facebook.com\/sunoresearch","https:\/\/x.com\/sunoresearch","https:\/\/www.instagram.com\/suno","https:\/\/www.linkedin.com\/company\/suno-research\/","https:\/\/www.youtube.com\/c\/sunoresearch"]},{"@type":"Person","@id":"https:\/\/www.suno.com.br\/noticias\/#\/schema\/person\/053a750a709a263919a20f976caae91c","name":"Arthur Guimar\u00e3es","image":{"@type":"ImageObject","inLanguage":"pt-BR","@id":"https:\/\/www.suno.com.br\/noticias\/#\/schema\/person\/image\/","url":"https:\/\/secure.gravatar.com\/avatar\/1affd86a11209ae09eb6dd3bcad3e96c?s=96&r=g","contentUrl":"https:\/\/secure.gravatar.com\/avatar\/1affd86a11209ae09eb6dd3bcad3e96c?s=96&r=g","caption":"Arthur Guimar\u00e3es"},"description":"Arthur Guimar\u00e3es escreve sobre pol\u00edtica, economia e neg\u00f3cios para o portal de not\u00edcias da Suno Research. Atualmente, \u00e9 estudante de jornalismo pela Faculdade C\u00e1sper L\u00edbero.","url":"https:\/\/www.suno.com.br\/noticias\/author\/arthur-guimaraes\/"}]}},"default_loop_html":"<div class=\"cardsPage__listCard__boxs\"><div class=\"cardsPage__listCard__boxs__img\"><a href=\"https:\/\/www.suno.com.br\/noticias\/volvo-waymo-parceria-carros-autonomos\/\"><img class=\"mask\" src=\"https:\/\/www.suno.com.br\/noticias\/wp-content\/themes\/suno\/resources\/images\/spotlight\/spotlight1img\/bg-mask.png\" alt=\"Image Mask\"\/><img src=\"https:\/\/files.sunoresearch.com.br\/n\/uploads\/2017\/09\/9ee398dd-2018-volvo-xc40-front-three-quarter-in-motion-400x200.webp\" alt=\"Volvo e Waymo fecham parceria para produzir ve\u00edculos aut\u00f4nomos\"\/><\/a><span class=\"spotlightCategory\"><a href=\"https:\/\/www.suno.com.br\/noticias\/negocios\/\">Neg\u00f3cios<\/a><\/span><\/div><div class=\"cardsPage__listCard__boxs__content\"><a href=\"https:\/\/www.suno.com.br\/noticias\/volvo-waymo-parceria-carros-autonomos\/\"><h2 class=\"content__title\">Volvo e Waymo fecham parceria para produzir ve\u00edculos aut\u00f4nomos<\/h2><\/a><div class=\"newsContent__article__meta\"><div class=\"newsContent__article__meta__authorBox\"><a href=\"https:\/\/www.suno.com.br\/noticias\/author\/arthur-guimaraes\/\" class=\"authorBox__avatar noMobi\"><img src=\"https:\/\/files.sunoresearch.com.br\/n\/uploads\/2020\/02\/dfb40897-eu-150x150.webp\" alt=\"Arthur Guimar\u00e3es\"><\/a><div class=\"authorBox__name\"><span>por\n\t\t\t<a href=\"https:\/\/www.suno.com.br\/noticias\/author\/arthur-guimaraes\/\"><span itemprop=\"author\">Arthur Guimar\u00e3es<\/span><\/a><\/span><time datetime=\"2020-06-25T19:46:01-03:00\" itemprop=\"datePublished\">25\/06\/2020 19:46<\/time><\/div><\/div><\/div><\/div><\/div>","single_layout":"posts","amp_enabled":true,"_links":{"self":[{"href":"https:\/\/www.suno.com.br\/noticias\/wp-json\/wp\/v2\/posts\/70476"}],"collection":[{"href":"https:\/\/www.suno.com.br\/noticias\/wp-json\/wp\/v2\/posts"}],"about":[{"href":"https:\/\/www.suno.com.br\/noticias\/wp-json\/wp\/v2\/types\/post"}],"author":[{"embeddable":true,"href":"https:\/\/www.suno.com.br\/noticias\/wp-json\/wp\/v2\/users\/35"}],"replies":[{"embeddable":true,"href":"https:\/\/www.suno.com.br\/noticias\/wp-json\/wp\/v2\/comments?post=70476"}],"version-history":[{"count":0,"href":"https:\/\/www.suno.com.br\/noticias\/wp-json\/wp\/v2\/posts\/70476\/revisions"}],"wp:featuredmedia":[{"embeddable":true,"href":"https:\/\/www.suno.com.br\/noticias\/wp-json\/wp\/v2\/media\/1010"}],"wp:attachment":[{"href":"https:\/\/www.suno.com.br\/noticias\/wp-json\/wp\/v2\/media?parent=70476"}],"wp:term":[{"taxonomy":"category","embeddable":true,"href":"https:\/\/www.suno.com.br\/noticias\/wp-json\/wp\/v2\/categories?post=70476"},{"taxonomy":"post_tag","embeddable":true,"href":"https:\/\/www.suno.com.br\/noticias\/wp-json\/wp\/v2\/tags?post=70476"},{"taxonomy":"suno_strategy","embeddable":true,"href":"https:\/\/www.suno.com.br\/noticias\/wp-json\/wp\/v2\/suno_strategy?post=70476"}],"curies":[{"name":"wp","href":"https:\/\/api.w.org\/{rel}","templated":true}]}}