{"id":70426,"date":"2020-06-25T16:48:45","date_gmt":"2020-06-25T19:48:45","guid":{"rendered":"https:\/\/www.suno.com.br\/noticias\/?p=70426"},"modified":"2021-06-21T05:49:44","modified_gmt":"2021-06-21T08:49:44","slug":"argentina-alcanca-entendimento-grupos-credores","status":"publish","type":"post","link":"https:\/\/www.suno.com.br\/noticias\/argentina-alcanca-entendimento-grupos-credores\/","title":{"rendered":"Argentina alcan\u00e7a &#8220;um entendimento&#8221; com um dos grupos de credores"},"content":{"rendered":"<p>O ministro da Economia da <strong>Argentina<\/strong>, Martin Guzman, informou nesta quinta-feira (25) que o pa\u00eds se entendeu com um dos seus credores <span style=\"font-size: 19.4286px;\">para reestruturar os US$ 65 bilh\u00f5es (cerca de R$ 345 bilh\u00f5es) em d\u00edvidas no exterior<\/span><span style=\"font-size: 1.21429rem;\">. Segundo a autoridade, isso n\u00e3o significa que chegaram a um acordo formal, j\u00e1 que grandes conflitos permanecem com outro grupo de credores.<\/span><\/p>\t<div class=\"wrapper-featured-image\">\n\t\t<figure class=\"spotlightImg\">\n\n\t\t\t<picture>\n\t\t\t\t<source media=\"(max-width: 768px)\" srcset=\"https:\/\/files.sunoresearch.com.br\/n\/uploads\/2020\/06\/664eff58-argentina-alcanc\u0327a-22um-entendimento22-com-um-dos-grupos-de-credores-400x200.webp\">\n\t\t\t\t<img loading=\"lazy\" decoding=\"async\" class=\"newsContent__article__imgCapa lazyloadDisabled newsContent__article__imgCapa--noCaption\" src=\"https:\/\/files.sunoresearch.com.br\/n\/uploads\/2020\/06\/664eff58-argentina-alcanc\u0327a-22um-entendimento22-com-um-dos-grupos-de-credores-800x450.webp\" width=\"800\" height=\"450\" alt=\"Argentina alcan\u00e7a &#8220;um entendimento&#8221; com um dos grupos de credores\" fetchpriority=high \/>\n\t\t\t<\/picture>\n\n\t\t\t<figcaption class=\"wp-caption-text wp-caption-text--hide\">Argentina descarta chance de mudan\u00e7as na \u00faltima oferta de d\u00edvida<\/figcaption>\n\t\t<\/figure>\n\t<\/div>\n\n\n\n<p>&#8220;Estamos conversando com dois grandes grupos. Com um deles, conseguimos chegar a um entendimento sobre uma s\u00e9rie de quest\u00f5es importantes \u201d, explicou o ministro da Argentina.\u201c Com o outro grupo, ele se chama <strong>Ad Hoc<\/strong>, h\u00e1 grandes diferen\u00e7as.\u201d<\/p>\n<p>O contraste nas posi\u00e7\u00f5es dos detentores de t\u00edtulos mostra a complexidade das negocia\u00e7\u00f5es de d\u00edvida da Argentina, que estagnaram na semana passada ap\u00f3s n\u00e3o conseguirem chegar a um acordo, levando a sucessivas prorroga\u00e7\u00f5es do prazo limite. O governo estendeu as negocia\u00e7\u00f5es at\u00e9 24 de julho.<\/p>\n<p><a href=\"https:\/\/lp.suno.com.br\/suno-one\/\">Suno One: acesse gratuitamente eBooks, Minicursos, Artigos e Video Aulas sobre investimentos com um \u00fanico cadastro. Clique para saber mais!<\/a><\/p>\n<p>Os credores dizem que a Argentina rejeitou o que consideram ofertas sustent\u00e1veis. Por sua vez, Guzman disse que os <a href=\"https:\/\/www.suno.com.br\/artigos\/bondholder\/\"><strong>bondholders<\/strong><\/a> da \u201c<strong>Ad Hoc<\/strong>\u201d buscaram mudan\u00e7as injustas nas cl\u00e1usulas de a\u00e7\u00e3o coletiva, conhecidas como <strong>CAC<\/strong>, nos contratos de novos t\u00edtulos que o pa\u00eds venderia.<\/p>\n<p>As cl\u00e1usulas de a\u00e7\u00e3o coletiva (CAC) estabelecem um limite para os credores aceitarem um contrato de um devedor. Dessa forma, se uma certa porcentagem de bondholders concordarem com a oferta, todos dever\u00e3o aceit\u00e1-la.<\/p>\n<h2>A Argentina entrou em um impasse na renegocia\u00e7\u00e3o das d\u00edvidas<\/h2>\n<p>As negocia\u00e7\u00f5es da reformula\u00e7\u00e3o da d\u00edvida Argentina entraram em um impasse na \u00faltima quinta-feira (18) devido a crescente tens\u00e3o entre funcion\u00e1rios do governo e credores internacionais.<\/p>\n<p>Os credores e a Argentina declararam na \u00faltima que recusam os termos que estavam sendo negociados para a restrutura\u00e7\u00e3o da <a href=\"https:\/\/www.suno.com.br\/artigos\/divida-publica\/\"><strong>d\u00edvida p\u00fablica<\/strong><\/a>.<\/p>\n<p><a href=\"https:\/\/www.suno.com.br\/noticias\/fmi-mantem-esperanca-de-que-argentina-e-credores-chegarao-a-acordo\/\">Saiba mais: FMI mant\u00e9m esperan\u00e7a de que Argentina e credores chegar\u00e3o a acordo<\/a><\/p>\n<p><span style=\"font-size: 19.4286px;\">O governo argentino informou que n\u00e3o poderia \u201cse comprometer de forma respons\u00e1vel\u201d com os termos oferecidos pelos credores. Tamb\u00e9m acrescentou que alguns eram \u201camplamente inconsistentes com a estrutura de sustentabilidade da d\u00edvida para a <strong>Argentina<\/strong> restaurar a estabilidade macroecon\u00f4mica e avan\u00e7ar em dire\u00e7\u00e3o a um programa com o\u00a0<\/span><strong style=\"font-size: 19.4286px;\"><a href=\"https:\/\/www.suno.com.br\/artigos\/fmi\/\">FMI<\/a><\/strong><span style=\"font-size: 19.4286px;\">\u201c.<\/span><\/p>\n\n","protected":false},"excerpt":{"rendered":"<p>O ministro da Economia da Argentina, Martin Guzman, informou nesta quinta-feira (25) que o pa\u00eds se entendeu com um dos seus credores para reestruturar os US$ 65 bilh\u00f5es (cerca de R$ 345 bilh\u00f5es) em d\u00edvidas no exterior. Segundo a autoridade, isso n\u00e3o significa que chegaram a um acordo formal, j\u00e1 que grandes conflitos permanecem com [&hellip;]<\/p>\n","protected":false},"author":44,"featured_media":70438,"comment_status":"closed","ping_status":"closed","sticky":false,"template":"","format":"standard","meta":[],"categories":[62,63],"tags":[699,1265,2135],"suno_strategy":[],"class_list":["post-70426","post","type-post","status-publish","format-standard","has-post-thumbnail","hentry","category-economia","category-internacional","tag-argentina","tag-divida-publica-federal","tag-titulos-de-divida"],"yoast_head":"<!-- This site is optimized with the Yoast SEO plugin v24.4 - https:\/\/yoast.com\/wordpress\/plugins\/seo\/ -->\n<title>Argentina alcan\u00e7a &quot;um entendimento&quot; com um dos grupos de credores<\/title>\n<meta name=\"description\" content=\"O ministro da Economia da Argentina informou nesta quinta-feira (25) que o pa\u00eds se entendeu com um dos seus credores. Clique para ver mais.\" \/>\n<meta name=\"robots\" content=\"index, follow, max-snippet:-1, max-image-preview:large, max-video-preview:-1\" \/>\n<link rel=\"canonical\" href=\"https:\/\/www.suno.com.br\/noticias\/argentina-alcanca-entendimento-grupos-credores\/\" \/>\n<meta property=\"og:locale\" content=\"pt_BR\" \/>\n<meta property=\"og:type\" content=\"article\" \/>\n<meta property=\"og:title\" content=\"Argentina alcan\u00e7a &quot;um entendimento&quot; com um dos grupos de credores\" \/>\n<meta property=\"og:description\" content=\"O ministro da Economia da Argentina informou nesta quinta-feira (25) que o pa\u00eds se entendeu com um dos seus credores. Clique para ver mais.\" \/>\n<meta property=\"og:url\" content=\"https:\/\/www.suno.com.br\/noticias\/argentina-alcanca-entendimento-grupos-credores\/\" \/>\n<meta property=\"og:site_name\" content=\"Suno Not\u00edcias\" \/>\n<meta property=\"article:publisher\" content=\"https:\/\/facebook.com\/sunoresearch\" \/>\n<meta property=\"og:image\" content=\"https:\/\/files.sunoresearch.com.br\/n\/uploads\/2020\/06\/664eff58-argentina-alcanc\u0327a-22um-entendimento22-com-um-dos-grupos-de-credores.jpg\" \/>\n\t<meta property=\"og:image:width\" content=\"1618\" \/>\n\t<meta property=\"og:image:height\" content=\"809\" \/>\n\t<meta property=\"og:image:type\" content=\"image\/jpeg\" \/>\n<meta name=\"author\" content=\"Daniel Guimar\u00e3es\" \/>\n<meta name=\"twitter:card\" content=\"summary_large_image\" \/>\n<meta name=\"twitter:creator\" content=\"@sunoresearch\" \/>\n<meta name=\"twitter:site\" content=\"@sunoresearch\" \/>\n<meta name=\"twitter:label1\" content=\"Escrito por\" \/>\n\t<meta name=\"twitter:data1\" content=\"Daniel Guimar\u00e3es\" \/>\n\t<meta name=\"twitter:label2\" content=\"Est. tempo de leitura\" \/>\n\t<meta name=\"twitter:data2\" content=\"2 minutos\" \/>\n<script type=\"application\/ld+json\" class=\"yoast-schema-graph\">{\"@context\":\"https:\/\/schema.org\",\"@graph\":[{\"@type\":\"NewsArticle\",\"@id\":\"https:\/\/www.suno.com.br\/noticias\/argentina-alcanca-entendimento-grupos-credores\/#article\",\"isPartOf\":{\"@id\":\"https:\/\/www.suno.com.br\/noticias\/argentina-alcanca-entendimento-grupos-credores\/\"},\"author\":{\"name\":\"Daniel Guimar\u00e3es\",\"@id\":\"https:\/\/www.suno.com.br\/noticias\/#\/schema\/person\/a7796c19fcf6bafd03b9a2fa1fd9ae20\"},\"headline\":\"Argentina alcan\u00e7a &#8220;um entendimento&#8221; com um dos grupos de credores\",\"datePublished\":\"2020-06-25T19:48:45+00:00\",\"dateModified\":\"2021-06-21T08:49:44+00:00\",\"mainEntityOfPage\":{\"@id\":\"https:\/\/www.suno.com.br\/noticias\/argentina-alcanca-entendimento-grupos-credores\/\"},\"wordCount\":417,\"publisher\":{\"@id\":\"https:\/\/www.suno.com.br\/noticias\/#organization\"},\"image\":{\"@id\":\"https:\/\/www.suno.com.br\/noticias\/argentina-alcanca-entendimento-grupos-credores\/#primaryimage\"},\"thumbnailUrl\":\"https:\/\/files.sunoresearch.com.br\/n\/uploads\/2020\/06\/664eff58-argentina-alcanc\u0327a-22um-entendimento22-com-um-dos-grupos-de-credores-jpg.webp\",\"keywords\":[\"Argentina\",\"D\u00edvida P\u00fablica Federal\",\"t\u00edtulos de d\u00edvida\"],\"articleSection\":[\"Economia\",\"Internacional\"],\"inLanguage\":\"pt-BR\"},{\"@type\":\"WebPage\",\"@id\":\"https:\/\/www.suno.com.br\/noticias\/argentina-alcanca-entendimento-grupos-credores\/\",\"url\":\"https:\/\/www.suno.com.br\/noticias\/argentina-alcanca-entendimento-grupos-credores\/\",\"name\":\"Argentina alcan\u00e7a \\\"um entendimento\\\" com um dos grupos de credores\",\"isPartOf\":{\"@id\":\"https:\/\/www.suno.com.br\/noticias\/#website\"},\"primaryImageOfPage\":{\"@id\":\"https:\/\/www.suno.com.br\/noticias\/argentina-alcanca-entendimento-grupos-credores\/#primaryimage\"},\"image\":{\"@id\":\"https:\/\/www.suno.com.br\/noticias\/argentina-alcanca-entendimento-grupos-credores\/#primaryimage\"},\"thumbnailUrl\":\"https:\/\/files.sunoresearch.com.br\/n\/uploads\/2020\/06\/664eff58-argentina-alcanc\u0327a-22um-entendimento22-com-um-dos-grupos-de-credores-jpg.webp\",\"datePublished\":\"2020-06-25T19:48:45+00:00\",\"dateModified\":\"2021-06-21T08:49:44+00:00\",\"description\":\"O ministro da Economia da Argentina informou nesta quinta-feira (25) que o pa\u00eds se entendeu com um dos seus credores. Clique para ver mais.\",\"breadcrumb\":{\"@id\":\"https:\/\/www.suno.com.br\/noticias\/argentina-alcanca-entendimento-grupos-credores\/#breadcrumb\"},\"inLanguage\":\"pt-BR\",\"potentialAction\":[{\"@type\":\"ReadAction\",\"target\":[\"https:\/\/www.suno.com.br\/noticias\/argentina-alcanca-entendimento-grupos-credores\/\"]}]},{\"@type\":\"ImageObject\",\"inLanguage\":\"pt-BR\",\"@id\":\"https:\/\/www.suno.com.br\/noticias\/argentina-alcanca-entendimento-grupos-credores\/#primaryimage\",\"url\":\"https:\/\/files.sunoresearch.com.br\/n\/uploads\/2020\/06\/664eff58-argentina-alcanc\u0327a-22um-entendimento22-com-um-dos-grupos-de-credores-jpg.webp\",\"contentUrl\":\"https:\/\/files.sunoresearch.com.br\/n\/uploads\/2020\/06\/664eff58-argentina-alcanc\u0327a-22um-entendimento22-com-um-dos-grupos-de-credores-jpg.webp\",\"width\":1618,\"height\":809,\"caption\":\"Argentina descarta chance de mudan\u00e7as na \u00faltima oferta de d\u00edvida\"},{\"@type\":\"BreadcrumbList\",\"@id\":\"https:\/\/www.suno.com.br\/noticias\/argentina-alcanca-entendimento-grupos-credores\/#breadcrumb\",\"itemListElement\":[{\"@type\":\"ListItem\",\"position\":1,\"name\":\"Not\u00edcias\",\"item\":\"https:\/\/www.suno.com.br\/noticias\/\"},{\"@type\":\"ListItem\",\"position\":2,\"name\":\"Economia\",\"item\":\"https:\/\/www.suno.com.br\/noticias\/economia\/\"},{\"@type\":\"ListItem\",\"position\":3,\"name\":\"Argentina alcan\u00e7a &#8220;um entendimento&#8221; com um dos grupos de credores\"}]},{\"@type\":\"WebSite\",\"@id\":\"https:\/\/www.suno.com.br\/noticias\/#website\",\"url\":\"https:\/\/www.suno.com.br\/noticias\/\",\"name\":\"Suno Not\u00edcias\",\"description\":\"Seu portal de informa\u00e7\u00e3o sobre o mundo dos investimentos\",\"publisher\":{\"@id\":\"https:\/\/www.suno.com.br\/noticias\/#organization\"},\"potentialAction\":[{\"@type\":\"SearchAction\",\"target\":{\"@type\":\"EntryPoint\",\"urlTemplate\":\"https:\/\/www.suno.com.br\/noticias\/?s={search_term_string}\"},\"query-input\":{\"@type\":\"PropertyValueSpecification\",\"valueRequired\":true,\"valueName\":\"search_term_string\"}}],\"inLanguage\":\"pt-BR\"},{\"@type\":\"Organization\",\"@id\":\"https:\/\/www.suno.com.br\/noticias\/#organization\",\"name\":\"Suno Not\u00edcias\",\"url\":\"https:\/\/www.suno.com.br\/noticias\/\",\"logo\":{\"@type\":\"ImageObject\",\"inLanguage\":\"pt-BR\",\"@id\":\"https:\/\/www.suno.com.br\/noticias\/#\/schema\/logo\/image\/\",\"url\":\"https:\/\/files.sunoresearch.com.br\/n\/uploads\/2021\/09\/suno-logo.png\",\"contentUrl\":\"https:\/\/files.sunoresearch.com.br\/n\/uploads\/2021\/09\/suno-logo.png\",\"width\":180,\"height\":180,\"caption\":\"Suno Not\u00edcias\"},\"image\":{\"@id\":\"https:\/\/www.suno.com.br\/noticias\/#\/schema\/logo\/image\/\"},\"sameAs\":[\"https:\/\/facebook.com\/sunoresearch\",\"https:\/\/x.com\/sunoresearch\",\"https:\/\/www.instagram.com\/suno\",\"https:\/\/www.linkedin.com\/company\/suno-research\/\",\"https:\/\/www.youtube.com\/c\/sunoresearch\"]},{\"@type\":\"Person\",\"@id\":\"https:\/\/www.suno.com.br\/noticias\/#\/schema\/person\/a7796c19fcf6bafd03b9a2fa1fd9ae20\",\"name\":\"Daniel Guimar\u00e3es\",\"image\":{\"@type\":\"ImageObject\",\"inLanguage\":\"pt-BR\",\"@id\":\"https:\/\/www.suno.com.br\/noticias\/#\/schema\/person\/image\/\",\"url\":\"https:\/\/secure.gravatar.com\/avatar\/fb8260757609f58f0c0ac079d1b32eff?s=96&r=g\",\"contentUrl\":\"https:\/\/secure.gravatar.com\/avatar\/fb8260757609f58f0c0ac079d1b32eff?s=96&r=g\",\"caption\":\"Daniel Guimar\u00e3es\"},\"description\":\"Estagi\u00e1rio na Suno Not\u00edcias, Daniel escreve not\u00edcias que afetam o mercado financeiro brasileiro e internacional. Estuda economia na Rutgers University, em New Jersey.\",\"sameAs\":[\"suno.research\"],\"url\":\"https:\/\/www.suno.com.br\/noticias\/author\/daniel\/\"}]}<\/script>\n<!-- \/ Yoast SEO plugin. -->","yoast_head_json":{"title":"Argentina alcan\u00e7a \"um entendimento\" com um dos grupos de credores","description":"O ministro da Economia da Argentina informou nesta quinta-feira (25) que o pa\u00eds se entendeu com um dos seus credores. Clique para ver mais.","robots":{"index":"index","follow":"follow","max-snippet":"max-snippet:-1","max-image-preview":"max-image-preview:large","max-video-preview":"max-video-preview:-1"},"canonical":"https:\/\/www.suno.com.br\/noticias\/argentina-alcanca-entendimento-grupos-credores\/","og_locale":"pt_BR","og_type":"article","og_title":"Argentina alcan\u00e7a \"um entendimento\" com um dos grupos de credores","og_description":"O ministro da Economia da Argentina informou nesta quinta-feira (25) que o pa\u00eds se entendeu com um dos seus credores. Clique para ver mais.","og_url":"https:\/\/www.suno.com.br\/noticias\/argentina-alcanca-entendimento-grupos-credores\/","og_site_name":"Suno Not\u00edcias","article_publisher":"https:\/\/facebook.com\/sunoresearch","og_image":[{"width":1618,"height":809,"url":"https:\/\/files.sunoresearch.com.br\/n\/uploads\/2020\/06\/664eff58-argentina-alcanc\u0327a-22um-entendimento22-com-um-dos-grupos-de-credores.jpg","type":"image\/jpeg"}],"author":"Daniel Guimar\u00e3es","twitter_card":"summary_large_image","twitter_creator":"@sunoresearch","twitter_site":"@sunoresearch","twitter_misc":{"Escrito por":"Daniel Guimar\u00e3es","Est. tempo de leitura":"2 minutos"},"schema":{"@context":"https:\/\/schema.org","@graph":[{"@type":"NewsArticle","@id":"https:\/\/www.suno.com.br\/noticias\/argentina-alcanca-entendimento-grupos-credores\/#article","isPartOf":{"@id":"https:\/\/www.suno.com.br\/noticias\/argentina-alcanca-entendimento-grupos-credores\/"},"author":{"name":"Daniel Guimar\u00e3es","@id":"https:\/\/www.suno.com.br\/noticias\/#\/schema\/person\/a7796c19fcf6bafd03b9a2fa1fd9ae20"},"headline":"Argentina alcan\u00e7a &#8220;um entendimento&#8221; com um dos grupos de credores","datePublished":"2020-06-25T19:48:45+00:00","dateModified":"2021-06-21T08:49:44+00:00","mainEntityOfPage":{"@id":"https:\/\/www.suno.com.br\/noticias\/argentina-alcanca-entendimento-grupos-credores\/"},"wordCount":417,"publisher":{"@id":"https:\/\/www.suno.com.br\/noticias\/#organization"},"image":{"@id":"https:\/\/www.suno.com.br\/noticias\/argentina-alcanca-entendimento-grupos-credores\/#primaryimage"},"thumbnailUrl":"https:\/\/files.sunoresearch.com.br\/n\/uploads\/2020\/06\/664eff58-argentina-alcanc\u0327a-22um-entendimento22-com-um-dos-grupos-de-credores-jpg.webp","keywords":["Argentina","D\u00edvida P\u00fablica Federal","t\u00edtulos de d\u00edvida"],"articleSection":["Economia","Internacional"],"inLanguage":"pt-BR"},{"@type":"WebPage","@id":"https:\/\/www.suno.com.br\/noticias\/argentina-alcanca-entendimento-grupos-credores\/","url":"https:\/\/www.suno.com.br\/noticias\/argentina-alcanca-entendimento-grupos-credores\/","name":"Argentina alcan\u00e7a \"um entendimento\" com um dos grupos de credores","isPartOf":{"@id":"https:\/\/www.suno.com.br\/noticias\/#website"},"primaryImageOfPage":{"@id":"https:\/\/www.suno.com.br\/noticias\/argentina-alcanca-entendimento-grupos-credores\/#primaryimage"},"image":{"@id":"https:\/\/www.suno.com.br\/noticias\/argentina-alcanca-entendimento-grupos-credores\/#primaryimage"},"thumbnailUrl":"https:\/\/files.sunoresearch.com.br\/n\/uploads\/2020\/06\/664eff58-argentina-alcanc\u0327a-22um-entendimento22-com-um-dos-grupos-de-credores-jpg.webp","datePublished":"2020-06-25T19:48:45+00:00","dateModified":"2021-06-21T08:49:44+00:00","description":"O ministro da Economia da Argentina informou nesta quinta-feira (25) que o pa\u00eds se entendeu com um dos seus credores. Clique para ver mais.","breadcrumb":{"@id":"https:\/\/www.suno.com.br\/noticias\/argentina-alcanca-entendimento-grupos-credores\/#breadcrumb"},"inLanguage":"pt-BR","potentialAction":[{"@type":"ReadAction","target":["https:\/\/www.suno.com.br\/noticias\/argentina-alcanca-entendimento-grupos-credores\/"]}]},{"@type":"ImageObject","inLanguage":"pt-BR","@id":"https:\/\/www.suno.com.br\/noticias\/argentina-alcanca-entendimento-grupos-credores\/#primaryimage","url":"https:\/\/files.sunoresearch.com.br\/n\/uploads\/2020\/06\/664eff58-argentina-alcanc\u0327a-22um-entendimento22-com-um-dos-grupos-de-credores-jpg.webp","contentUrl":"https:\/\/files.sunoresearch.com.br\/n\/uploads\/2020\/06\/664eff58-argentina-alcanc\u0327a-22um-entendimento22-com-um-dos-grupos-de-credores-jpg.webp","width":1618,"height":809,"caption":"Argentina descarta chance de mudan\u00e7as na \u00faltima oferta de d\u00edvida"},{"@type":"BreadcrumbList","@id":"https:\/\/www.suno.com.br\/noticias\/argentina-alcanca-entendimento-grupos-credores\/#breadcrumb","itemListElement":[{"@type":"ListItem","position":1,"name":"Not\u00edcias","item":"https:\/\/www.suno.com.br\/noticias\/"},{"@type":"ListItem","position":2,"name":"Economia","item":"https:\/\/www.suno.com.br\/noticias\/economia\/"},{"@type":"ListItem","position":3,"name":"Argentina alcan\u00e7a &#8220;um entendimento&#8221; com um dos grupos de credores"}]},{"@type":"WebSite","@id":"https:\/\/www.suno.com.br\/noticias\/#website","url":"https:\/\/www.suno.com.br\/noticias\/","name":"Suno Not\u00edcias","description":"Seu portal de informa\u00e7\u00e3o sobre o mundo dos investimentos","publisher":{"@id":"https:\/\/www.suno.com.br\/noticias\/#organization"},"potentialAction":[{"@type":"SearchAction","target":{"@type":"EntryPoint","urlTemplate":"https:\/\/www.suno.com.br\/noticias\/?s={search_term_string}"},"query-input":{"@type":"PropertyValueSpecification","valueRequired":true,"valueName":"search_term_string"}}],"inLanguage":"pt-BR"},{"@type":"Organization","@id":"https:\/\/www.suno.com.br\/noticias\/#organization","name":"Suno Not\u00edcias","url":"https:\/\/www.suno.com.br\/noticias\/","logo":{"@type":"ImageObject","inLanguage":"pt-BR","@id":"https:\/\/www.suno.com.br\/noticias\/#\/schema\/logo\/image\/","url":"https:\/\/files.sunoresearch.com.br\/n\/uploads\/2021\/09\/suno-logo.png","contentUrl":"https:\/\/files.sunoresearch.com.br\/n\/uploads\/2021\/09\/suno-logo.png","width":180,"height":180,"caption":"Suno Not\u00edcias"},"image":{"@id":"https:\/\/www.suno.com.br\/noticias\/#\/schema\/logo\/image\/"},"sameAs":["https:\/\/facebook.com\/sunoresearch","https:\/\/x.com\/sunoresearch","https:\/\/www.instagram.com\/suno","https:\/\/www.linkedin.com\/company\/suno-research\/","https:\/\/www.youtube.com\/c\/sunoresearch"]},{"@type":"Person","@id":"https:\/\/www.suno.com.br\/noticias\/#\/schema\/person\/a7796c19fcf6bafd03b9a2fa1fd9ae20","name":"Daniel Guimar\u00e3es","image":{"@type":"ImageObject","inLanguage":"pt-BR","@id":"https:\/\/www.suno.com.br\/noticias\/#\/schema\/person\/image\/","url":"https:\/\/secure.gravatar.com\/avatar\/fb8260757609f58f0c0ac079d1b32eff?s=96&r=g","contentUrl":"https:\/\/secure.gravatar.com\/avatar\/fb8260757609f58f0c0ac079d1b32eff?s=96&r=g","caption":"Daniel Guimar\u00e3es"},"description":"Estagi\u00e1rio na Suno Not\u00edcias, Daniel escreve not\u00edcias que afetam o mercado financeiro brasileiro e internacional. Estuda economia na Rutgers University, em New Jersey.","sameAs":["suno.research"],"url":"https:\/\/www.suno.com.br\/noticias\/author\/daniel\/"}]}},"default_loop_html":"<div class=\"cardsPage__listCard__boxs\"><div class=\"cardsPage__listCard__boxs__img\"><a href=\"https:\/\/www.suno.com.br\/noticias\/argentina-alcanca-entendimento-grupos-credores\/\"><img class=\"mask\" src=\"https:\/\/www.suno.com.br\/noticias\/wp-content\/themes\/suno\/resources\/images\/spotlight\/spotlight1img\/bg-mask.png\" alt=\"Image Mask\"\/><img src=\"https:\/\/files.sunoresearch.com.br\/n\/uploads\/2020\/06\/664eff58-argentina-alcanc\u0327a-22um-entendimento22-com-um-dos-grupos-de-credores-400x200.webp\" alt=\"Argentina alcan\u00e7a &#8220;um entendimento&#8221; com um dos grupos de credores\"\/><\/a><span class=\"spotlightCategory\"><a href=\"https:\/\/www.suno.com.br\/noticias\/economia\/\">Economia<\/a><\/span><\/div><div class=\"cardsPage__listCard__boxs__content\"><a href=\"https:\/\/www.suno.com.br\/noticias\/argentina-alcanca-entendimento-grupos-credores\/\"><h2 class=\"content__title\">Argentina alcan\u00e7a &#8220;um entendimento&#8221; com um dos grupos de credores<\/h2><\/a><div class=\"newsContent__article__meta\"><div class=\"newsContent__article__meta__authorBox\"><a href=\"https:\/\/www.suno.com.br\/noticias\/author\/daniel\/\" class=\"authorBox__avatar noMobi\"><img src=\"https:\/\/files.sunoresearch.com.br\/n\/uploads\/2020\/08\/e51aadd2-whatsapp-image-2020-08-03-at-14.03.48-150x150.webp\" alt=\"Daniel Guimar\u00e3es\"><\/a><div class=\"authorBox__name\"><span>por\n\t\t\t<a href=\"https:\/\/www.suno.com.br\/noticias\/author\/daniel\/\"><span itemprop=\"author\">Daniel Guimar\u00e3es<\/span><\/a><\/span><time datetime=\"2020-06-25T16:48:45-03:00\" itemprop=\"datePublished\">25\/06\/2020 16:48<\/time><\/div><\/div><\/div><\/div><\/div>","single_layout":"posts","amp_enabled":true,"_links":{"self":[{"href":"https:\/\/www.suno.com.br\/noticias\/wp-json\/wp\/v2\/posts\/70426"}],"collection":[{"href":"https:\/\/www.suno.com.br\/noticias\/wp-json\/wp\/v2\/posts"}],"about":[{"href":"https:\/\/www.suno.com.br\/noticias\/wp-json\/wp\/v2\/types\/post"}],"author":[{"embeddable":true,"href":"https:\/\/www.suno.com.br\/noticias\/wp-json\/wp\/v2\/users\/44"}],"replies":[{"embeddable":true,"href":"https:\/\/www.suno.com.br\/noticias\/wp-json\/wp\/v2\/comments?post=70426"}],"version-history":[{"count":1,"href":"https:\/\/www.suno.com.br\/noticias\/wp-json\/wp\/v2\/posts\/70426\/revisions"}],"predecessor-version":[{"id":159640,"href":"https:\/\/www.suno.com.br\/noticias\/wp-json\/wp\/v2\/posts\/70426\/revisions\/159640"}],"wp:featuredmedia":[{"embeddable":true,"href":"https:\/\/www.suno.com.br\/noticias\/wp-json\/wp\/v2\/media\/70438"}],"wp:attachment":[{"href":"https:\/\/www.suno.com.br\/noticias\/wp-json\/wp\/v2\/media?parent=70426"}],"wp:term":[{"taxonomy":"category","embeddable":true,"href":"https:\/\/www.suno.com.br\/noticias\/wp-json\/wp\/v2\/categories?post=70426"},{"taxonomy":"post_tag","embeddable":true,"href":"https:\/\/www.suno.com.br\/noticias\/wp-json\/wp\/v2\/tags?post=70426"},{"taxonomy":"suno_strategy","embeddable":true,"href":"https:\/\/www.suno.com.br\/noticias\/wp-json\/wp\/v2\/suno_strategy?post=70426"}],"curies":[{"name":"wp","href":"https:\/\/api.w.org\/{rel}","templated":true}]}}